{"id":48166,"date":"2026-04-29T10:34:35","date_gmt":"2026-04-29T08:34:35","guid":{"rendered":"https:\/\/www.organisator.ch\/?p=48166"},"modified":"2026-04-29T10:34:35","modified_gmt":"2026-04-29T08:34:35","slug":"warum-moderne-fuehrung-unter-druck-zunehmend-scheitert","status":"publish","type":"post","link":"https:\/\/www.organisator.ch\/de\/management\/2026-04-29\/warum-moderne-fuehrung-unter-druck-zunehmend-scheitert\/","title":{"rendered":"Warum moderne F\u00fchrung unter Druck zunehmend scheitert"},"content":{"rendered":"<figure id=\"attachment_48172\" aria-describedby=\"caption-attachment-48172\" style=\"width: 680px\" class=\"wp-caption alignnone\"><img loading=\"lazy\" decoding=\"async\" class=\"size-full wp-image-48172\" src=\"https:\/\/www.organisator.ch\/wp-content\/uploads\/2026\/04\/Warum-moderne-Fuehrung-unter-Druck-zunehmend-scheitert_Organisator.jpg\" alt=\"\" width=\"680\" height=\"453\" srcset=\"https:\/\/www.organisator.ch\/wp-content\/uploads\/2026\/04\/Warum-moderne-Fuehrung-unter-Druck-zunehmend-scheitert_Organisator.jpg 680w, https:\/\/www.organisator.ch\/wp-content\/uploads\/2026\/04\/Warum-moderne-Fuehrung-unter-Druck-zunehmend-scheitert_Organisator-18x12.jpg 18w, https:\/\/www.organisator.ch\/wp-content\/uploads\/2026\/04\/Warum-moderne-Fuehrung-unter-Druck-zunehmend-scheitert_Organisator-375x250.jpg 375w, https:\/\/www.organisator.ch\/wp-content\/uploads\/2026\/04\/Warum-moderne-Fuehrung-unter-Druck-zunehmend-scheitert_Organisator-525x350.jpg 525w\" sizes=\"auto, (max-width: 680px) 100vw, 680px\" \/><figcaption id=\"caption-attachment-48172\" class=\"wp-caption-text\">Andreas Gruber gewinnt den Excellence Award beim Internationalen Speaker Slam. (Bild: zVg)<\/figcaption><\/figure>\n<p>Beim Internationalen Speaker Slam in Mastershausen (DE) wurde dieses Thema nun auf die B\u00fchne gebracht \u2013 und ausgezeichnet. Der in der Schweiz lebende Speaker Andreas Gruber erhielt f\u00fcr seinen Beitrag den Excellence Award. Der Wettbewerb versammelte rund 120 Teilnehmende aus 18 L\u00e4ndern und wurde in \u00fcber 150 L\u00e4nder live \u00fcbertragen. Die Herausforderung: In wenigen Minuten eine Botschaft so auf den Punkt zu bringen, dass sie Wirkung entfaltet \u2013 ohne Pr\u00e4sentation, ohne Hilfsmittel.<\/p>\n<h3>Perspektivenwechsel notwendig<\/h3>\n<p>Gruber sprach \u00fcber eine Entwicklung, die in vielen Unternehmen l\u00e4ngst sp\u00fcrbar ist: F\u00fchrung wird zunehmend zur Reaktion auf Komplexit\u00e4t, Druck und permanente Ver\u00e4nderung. \u00abWas n\u00fctzt die beste Strategie, wenn F\u00fchrung nur noch Reaktion ist?\u00bb, so Gruber auf der B\u00fchne. Seine zentrale These: Moderne F\u00fchrung scheitert nicht an Wissen oder Methoden \u2013 sondern daran, dass Menschen unter Druck den Zugang zu Klarheit, Orientierung und eigener Entscheidungsf\u00e4higkeit verlieren. Viele F\u00fchrungskr\u00e4fte funktionieren nach aussen weiter, w\u00e4hrend sie innerlich l\u00e4ngst im Reaktionsmodus sind. Entscheidungen werden kurzfristiger, Unsicherheit steigt, und die eigene Wirksamkeit nimmt ab.<\/p>\n<p>Gruber pl\u00e4diert deshalb f\u00fcr einen Perspektivwechsel: F\u00fchrung beginne nicht bei Zielvereinbarungen oder Kommunikation, sondern dort, wo ein Mensch unter Druck in der Lage bleibt, sich selbst zu f\u00fchren. \u00abUnternehmen investieren viel in Strategien, Tools und Prozesse. Was oft fehlt, ist die F\u00e4higkeit, auch unter Belastung klar zu bleiben und bewusst zu entscheiden.\u00bb<\/p>\n<h3>Eigenes Coaching-Modell entwickelt<\/h3>\n<p>F\u00fcr seine Arbeit nutzt Gruber das von ihm entwickelte Ergoarchipel\u00ae-Modell. Es verbindet systemisches Coaching mit einer klaren Struktur f\u00fcr Selbstf\u00fchrung in komplexen Situationen. Ziel ist es, Orientierung zu schaffen \u2013 nicht nur im Aussen, sondern vor allem im Inneren. Die Auszeichnung beim Speaker Slam ist f\u00fcr Gruber deshalb mehr als ein pers\u00f6nlicher Erfolg: Sie zeigt, dass ein Thema an Bedeutung gewinnt, das viele Unternehmen bisher untersch\u00e4tzen.<\/p>\n<p>Neben der Auszeichnung beim Speaker Slam wurde Gruber bereits beim Founder Summit 2026 in Wiesbaden (DE) geehrt. Der n\u00e4chste internationale Auftritt steht ebenfalls fest: Am 22. August 2026 spricht er beim Internationalen Expertenkongress in New York (US). Von ihm stammt auch der in Ausgabe 3-4\/2026 des ORGANISATOR ver\u00f6ffentlichte Beitrag <a href=\"https:\/\/www.organisator.ch\/de\/human-resources\/hrm\/2026-04-22\/daueranpassung-statt-dauerstress\/\">\u00abDaueranpassung statt Dauerstress\u00bb<\/a>.<\/p>\n<p><em>Quelle: <a href=\"http:\/\/www.ergoarchipel.ch\/\">www.ergoarchipel.ch<\/a><\/em><\/p>\n","protected":false},"excerpt":{"rendered":"<p>F\u00fchrung funktioniert heute oft nur noch nach aussen. Strategien stehen, Prozesse laufen, Kommunikation wirkt professionell. Und trotzdem verlieren viele F\u00fchrungspers\u00f6nlichkeiten genau das, was unter Druck entscheidend w\u00e4re: innere Klarheit.<\/p>\n","protected":false},"author":4,"featured_media":48172,"comment_status":"closed","ping_status":"closed","sticky":false,"template":"","format":"standard","meta":{"_acf_changed":false,"_yoast_wpseo_focuskw":"Andreas Gruber","_yoast_wpseo_metadesc":"Andreas Gruber erh\u00e4lt den Excellence Award beim internationalen Speaker Slam f\u00fcr einen Beitrag \u00fcber Herausforderungen moderner F\u00fchrung.","articlekey":"","footnotes":""},"categories":[28],"tags":[66,320,335,429],"class_list":["post-48166","post","type-post","status-publish","format-standard","has-post-thumbnail","hentry","category-management","tag-awards","tag-leadership","tag-management-und-unternehmensfuehrung","tag-selbstmanagement"],"acf":[],"yoast_head":"<!-- This site is optimized with the Yoast SEO plugin v27.5 - https:\/\/yoast.com\/product\/yoast-seo-wordpress\/ -->\n<title>Warum moderne F\u00fchrung unter Druck zunehmend scheitert - Organisator<\/title>\n<meta name=\"description\" content=\"Andreas Gruber erh\u00e4lt den Excellence Award beim internationalen Speaker Slam f\u00fcr einen Beitrag \u00fcber Herausforderungen moderner F\u00fchrung.\" \/>\n<meta name=\"robots\" content=\"index, follow, max-snippet:-1, max-image-preview:large, max-video-preview:-1\" \/>\n<link rel=\"canonical\" href=\"https:\/\/www.organisator.ch\/de\/management\/2026-04-29\/warum-moderne-fuehrung-unter-druck-zunehmend-scheitert\/\" \/>\n<meta property=\"og:locale\" content=\"de_DE\" \/>\n<meta property=\"og:type\" content=\"article\" \/>\n<meta property=\"og:title\" content=\"Warum moderne F\u00fchrung unter Druck zunehmend scheitert\" \/>\n<meta property=\"og:description\" content=\"Andreas Gruber erh\u00e4lt den Excellence Award beim internationalen Speaker Slam f\u00fcr einen Beitrag \u00fcber Herausforderungen moderner F\u00fchrung.\" \/>\n<meta property=\"og:url\" content=\"https:\/\/www.organisator.ch\/de\/management\/2026-04-29\/warum-moderne-fuehrung-unter-druck-zunehmend-scheitert\/\" \/>\n<meta property=\"og:site_name\" content=\"Organisator\" \/>\n<meta property=\"article:publisher\" content=\"https:\/\/www.facebook.com\/OrganisatorFachmagazin\" \/>\n<meta property=\"article:published_time\" content=\"2026-04-29T08:34:35+00:00\" \/>\n<meta property=\"og:image\" content=\"https:\/\/www.organisator.ch\/wp-content\/uploads\/2026\/04\/Warum-moderne-Fuehrung-unter-Druck-zunehmend-scheitert_Organisator.jpg\" \/>\n\t<meta property=\"og:image:width\" content=\"680\" \/>\n\t<meta property=\"og:image:height\" content=\"453\" \/>\n\t<meta property=\"og:image:type\" content=\"image\/jpeg\" \/>\n<meta name=\"author\" content=\"thomas.berner\" \/>\n<meta name=\"twitter:card\" content=\"summary_large_image\" \/>\n<meta name=\"twitter:title\" content=\"Warum moderne F\u00fchrung unter Druck zunehmend scheitert\" \/>\n<meta name=\"twitter:description\" content=\"Andreas Gruber erh\u00e4lt den Excellence Award beim internationalen Speaker Slam f\u00fcr einen Beitrag \u00fcber Herausforderungen moderner F\u00fchrung.\" \/>\n<meta name=\"twitter:image\" content=\"https:\/\/www.organisator.ch\/wp-content\/uploads\/2026\/04\/Warum-moderne-Fuehrung-unter-Druck-zunehmend-scheitert_Organisator.jpg\" \/>\n<script type=\"application\/ld+json\" class=\"yoast-schema-graph\">{\"@context\":\"https:\\\/\\\/schema.org\",\"@graph\":[{\"@type\":\"Article\",\"@id\":\"https:\\\/\\\/www.organisator.ch\\\/management\\\/2026-04-29\\\/warum-moderne-fuehrung-unter-druck-zunehmend-scheitert\\\/#article\",\"isPartOf\":{\"@id\":\"https:\\\/\\\/www.organisator.ch\\\/management\\\/2026-04-29\\\/warum-moderne-fuehrung-unter-druck-zunehmend-scheitert\\\/\"},\"author\":{\"name\":\"thomas.berner\",\"@id\":\"https:\\\/\\\/www.organisator.ch\\\/#\\\/schema\\\/person\\\/6f650f90b2842cd4c0cc334b4e36f67e\"},\"headline\":\"Warum moderne F\u00fchrung unter Druck zunehmend scheitert\",\"datePublished\":\"2026-04-29T08:34:35+00:00\",\"mainEntityOfPage\":{\"@id\":\"https:\\\/\\\/www.organisator.ch\\\/management\\\/2026-04-29\\\/warum-moderne-fuehrung-unter-druck-zunehmend-scheitert\\\/\"},\"wordCount\":391,\"publisher\":{\"@id\":\"https:\\\/\\\/www.organisator.ch\\\/#organization\"},\"image\":{\"@id\":\"https:\\\/\\\/www.organisator.ch\\\/management\\\/2026-04-29\\\/warum-moderne-fuehrung-unter-druck-zunehmend-scheitert\\\/#primaryimage\"},\"thumbnailUrl\":\"https:\\\/\\\/www.organisator.ch\\\/wp-content\\\/uploads\\\/2026\\\/04\\\/Warum-moderne-Fuehrung-unter-Druck-zunehmend-scheitert_Organisator.jpg\",\"keywords\":[\"Awards\",\"Leadership\",\"Management und Unternehmensf\u00fchrung\",\"Selbstmanagement\"],\"articleSection\":[\"MANAGEMENT\"],\"inLanguage\":\"de\"},{\"@type\":\"WebPage\",\"@id\":\"https:\\\/\\\/www.organisator.ch\\\/management\\\/2026-04-29\\\/warum-moderne-fuehrung-unter-druck-zunehmend-scheitert\\\/\",\"url\":\"https:\\\/\\\/www.organisator.ch\\\/management\\\/2026-04-29\\\/warum-moderne-fuehrung-unter-druck-zunehmend-scheitert\\\/\",\"name\":\"Warum moderne F\u00fchrung unter Druck zunehmend scheitert - Organisator\",\"isPartOf\":{\"@id\":\"https:\\\/\\\/www.organisator.ch\\\/#website\"},\"primaryImageOfPage\":{\"@id\":\"https:\\\/\\\/www.organisator.ch\\\/management\\\/2026-04-29\\\/warum-moderne-fuehrung-unter-druck-zunehmend-scheitert\\\/#primaryimage\"},\"image\":{\"@id\":\"https:\\\/\\\/www.organisator.ch\\\/management\\\/2026-04-29\\\/warum-moderne-fuehrung-unter-druck-zunehmend-scheitert\\\/#primaryimage\"},\"thumbnailUrl\":\"https:\\\/\\\/www.organisator.ch\\\/wp-content\\\/uploads\\\/2026\\\/04\\\/Warum-moderne-Fuehrung-unter-Druck-zunehmend-scheitert_Organisator.jpg\",\"datePublished\":\"2026-04-29T08:34:35+00:00\",\"description\":\"Andreas Gruber erh\u00e4lt den Excellence Award beim internationalen Speaker Slam f\u00fcr einen Beitrag \u00fcber Herausforderungen moderner F\u00fchrung.\",\"breadcrumb\":{\"@id\":\"https:\\\/\\\/www.organisator.ch\\\/management\\\/2026-04-29\\\/warum-moderne-fuehrung-unter-druck-zunehmend-scheitert\\\/#breadcrumb\"},\"inLanguage\":\"de\",\"potentialAction\":[{\"@type\":\"ReadAction\",\"target\":[\"https:\\\/\\\/www.organisator.ch\\\/management\\\/2026-04-29\\\/warum-moderne-fuehrung-unter-druck-zunehmend-scheitert\\\/\"]}]},{\"@type\":\"ImageObject\",\"inLanguage\":\"de\",\"@id\":\"https:\\\/\\\/www.organisator.ch\\\/management\\\/2026-04-29\\\/warum-moderne-fuehrung-unter-druck-zunehmend-scheitert\\\/#primaryimage\",\"url\":\"https:\\\/\\\/www.organisator.ch\\\/wp-content\\\/uploads\\\/2026\\\/04\\\/Warum-moderne-Fuehrung-unter-Druck-zunehmend-scheitert_Organisator.jpg\",\"contentUrl\":\"https:\\\/\\\/www.organisator.ch\\\/wp-content\\\/uploads\\\/2026\\\/04\\\/Warum-moderne-Fuehrung-unter-Druck-zunehmend-scheitert_Organisator.jpg\",\"width\":680,\"height\":453,\"caption\":\"Andreas Gruber gewinnt den Excellence Award beim Internationalen Speaker Slam. (Bild: zVg)\"},{\"@type\":\"BreadcrumbList\",\"@id\":\"https:\\\/\\\/www.organisator.ch\\\/management\\\/2026-04-29\\\/warum-moderne-fuehrung-unter-druck-zunehmend-scheitert\\\/#breadcrumb\",\"itemListElement\":[{\"@type\":\"ListItem\",\"position\":1,\"name\":\"Home\",\"item\":\"https:\\\/\\\/www.organisator.ch\\\/\"},{\"@type\":\"ListItem\",\"position\":2,\"name\":\"Warum moderne F\u00fchrung unter Druck zunehmend scheitert\"}]},{\"@type\":\"WebSite\",\"@id\":\"https:\\\/\\\/www.organisator.ch\\\/#website\",\"url\":\"https:\\\/\\\/www.organisator.ch\\\/\",\"name\":\"Organisator\",\"description\":\"Kompetent. Praxisnah. Der ORGANISATOR bereitet in 10 Ausgaben pro Jahr die wesentlichen Themen f\u00fcr F\u00fchrungskr\u00e4fte von KMU auf.\",\"publisher\":{\"@id\":\"https:\\\/\\\/www.organisator.ch\\\/#organization\"},\"potentialAction\":[{\"@type\":\"SearchAction\",\"target\":{\"@type\":\"EntryPoint\",\"urlTemplate\":\"https:\\\/\\\/www.organisator.ch\\\/?s={search_term_string}\"},\"query-input\":{\"@type\":\"PropertyValueSpecification\",\"valueRequired\":true,\"valueName\":\"search_term_string\"}}],\"inLanguage\":\"de\"},{\"@type\":\"Organization\",\"@id\":\"https:\\\/\\\/www.organisator.ch\\\/#organization\",\"name\":\"Organisator\",\"url\":\"https:\\\/\\\/www.organisator.ch\\\/\",\"logo\":{\"@type\":\"ImageObject\",\"inLanguage\":\"de\",\"@id\":\"https:\\\/\\\/www.organisator.ch\\\/#\\\/schema\\\/logo\\\/image\\\/\",\"url\":\"https:\\\/\\\/www.organisator.ch\\\/wp-content\\\/uploads\\\/2022\\\/01\\\/Logo_Organisator_Website.png\",\"contentUrl\":\"https:\\\/\\\/www.organisator.ch\\\/wp-content\\\/uploads\\\/2022\\\/01\\\/Logo_Organisator_Website.png\",\"width\":800,\"height\":77,\"caption\":\"Organisator\"},\"image\":{\"@id\":\"https:\\\/\\\/www.organisator.ch\\\/#\\\/schema\\\/logo\\\/image\\\/\"},\"sameAs\":[\"https:\\\/\\\/www.facebook.com\\\/OrganisatorFachmagazin\",\"https:\\\/\\\/www.linkedin.com\\\/showcase\\\/organisator-das-magazin-fr-kmu\",\"https:\\\/\\\/www.xing.com\\\/news\\\/pages\\\/organisator-ch-695\",\"https:\\\/\\\/www.youtube.com\\\/channel\\\/UCGP2Sq0iWaZwT3BdIAQFYpw\"]},{\"@type\":\"Person\",\"@id\":\"https:\\\/\\\/www.organisator.ch\\\/#\\\/schema\\\/person\\\/6f650f90b2842cd4c0cc334b4e36f67e\",\"name\":\"thomas.berner\",\"image\":{\"@type\":\"ImageObject\",\"inLanguage\":\"de\",\"@id\":\"https:\\\/\\\/secure.gravatar.com\\\/avatar\\\/ac5001d2a36cb6c6cd3e50789007ffca834b477b74a2144564522e944eabff61?s=96&d=mm&r=g\",\"url\":\"https:\\\/\\\/secure.gravatar.com\\\/avatar\\\/ac5001d2a36cb6c6cd3e50789007ffca834b477b74a2144564522e944eabff61?s=96&d=mm&r=g\",\"contentUrl\":\"https:\\\/\\\/secure.gravatar.com\\\/avatar\\\/ac5001d2a36cb6c6cd3e50789007ffca834b477b74a2144564522e944eabff61?s=96&d=mm&r=g\",\"caption\":\"thomas.berner\"},\"url\":\"https:\\\/\\\/www.organisator.ch\\\/de\\\/author\\\/thomas-berner\\\/\"}]}<\/script>\n<!-- \/ Yoast SEO plugin. -->","yoast_head_json":{"title":"Warum moderne F\u00fchrung unter Druck zunehmend scheitert - Organisator","description":"Andreas Gruber erh\u00e4lt den Excellence Award beim internationalen Speaker Slam f\u00fcr einen Beitrag \u00fcber Herausforderungen moderner F\u00fchrung.","robots":{"index":"index","follow":"follow","max-snippet":"max-snippet:-1","max-image-preview":"max-image-preview:large","max-video-preview":"max-video-preview:-1"},"canonical":"https:\/\/www.organisator.ch\/de\/management\/2026-04-29\/warum-moderne-fuehrung-unter-druck-zunehmend-scheitert\/","og_locale":"de_DE","og_type":"article","og_title":"Warum moderne F\u00fchrung unter Druck zunehmend scheitert","og_description":"Andreas Gruber erh\u00e4lt den Excellence Award beim internationalen Speaker Slam f\u00fcr einen Beitrag \u00fcber Herausforderungen moderner F\u00fchrung.","og_url":"https:\/\/www.organisator.ch\/de\/management\/2026-04-29\/warum-moderne-fuehrung-unter-druck-zunehmend-scheitert\/","og_site_name":"Organisator","article_publisher":"https:\/\/www.facebook.com\/OrganisatorFachmagazin","article_published_time":"2026-04-29T08:34:35+00:00","og_image":[{"width":680,"height":453,"url":"https:\/\/www.organisator.ch\/wp-content\/uploads\/2026\/04\/Warum-moderne-Fuehrung-unter-Druck-zunehmend-scheitert_Organisator.jpg","type":"image\/jpeg"}],"author":"thomas.berner","twitter_card":"summary_large_image","twitter_title":"Warum moderne F\u00fchrung unter Druck zunehmend scheitert","twitter_description":"Andreas Gruber erh\u00e4lt den Excellence Award beim internationalen Speaker Slam f\u00fcr einen Beitrag \u00fcber Herausforderungen moderner F\u00fchrung.","twitter_image":"https:\/\/www.organisator.ch\/wp-content\/uploads\/2026\/04\/Warum-moderne-Fuehrung-unter-Druck-zunehmend-scheitert_Organisator.jpg","schema":{"@context":"https:\/\/schema.org","@graph":[{"@type":"Article","@id":"https:\/\/www.organisator.ch\/management\/2026-04-29\/warum-moderne-fuehrung-unter-druck-zunehmend-scheitert\/#article","isPartOf":{"@id":"https:\/\/www.organisator.ch\/management\/2026-04-29\/warum-moderne-fuehrung-unter-druck-zunehmend-scheitert\/"},"author":{"name":"thomas.berner","@id":"https:\/\/www.organisator.ch\/#\/schema\/person\/6f650f90b2842cd4c0cc334b4e36f67e"},"headline":"Warum moderne F\u00fchrung unter Druck zunehmend scheitert","datePublished":"2026-04-29T08:34:35+00:00","mainEntityOfPage":{"@id":"https:\/\/www.organisator.ch\/management\/2026-04-29\/warum-moderne-fuehrung-unter-druck-zunehmend-scheitert\/"},"wordCount":391,"publisher":{"@id":"https:\/\/www.organisator.ch\/#organization"},"image":{"@id":"https:\/\/www.organisator.ch\/management\/2026-04-29\/warum-moderne-fuehrung-unter-druck-zunehmend-scheitert\/#primaryimage"},"thumbnailUrl":"https:\/\/www.organisator.ch\/wp-content\/uploads\/2026\/04\/Warum-moderne-Fuehrung-unter-Druck-zunehmend-scheitert_Organisator.jpg","keywords":["Awards","Leadership","Management und Unternehmensf\u00fchrung","Selbstmanagement"],"articleSection":["MANAGEMENT"],"inLanguage":"de"},{"@type":"WebPage","@id":"https:\/\/www.organisator.ch\/management\/2026-04-29\/warum-moderne-fuehrung-unter-druck-zunehmend-scheitert\/","url":"https:\/\/www.organisator.ch\/management\/2026-04-29\/warum-moderne-fuehrung-unter-druck-zunehmend-scheitert\/","name":"Warum moderne F\u00fchrung unter Druck zunehmend scheitert - Organisator","isPartOf":{"@id":"https:\/\/www.organisator.ch\/#website"},"primaryImageOfPage":{"@id":"https:\/\/www.organisator.ch\/management\/2026-04-29\/warum-moderne-fuehrung-unter-druck-zunehmend-scheitert\/#primaryimage"},"image":{"@id":"https:\/\/www.organisator.ch\/management\/2026-04-29\/warum-moderne-fuehrung-unter-druck-zunehmend-scheitert\/#primaryimage"},"thumbnailUrl":"https:\/\/www.organisator.ch\/wp-content\/uploads\/2026\/04\/Warum-moderne-Fuehrung-unter-Druck-zunehmend-scheitert_Organisator.jpg","datePublished":"2026-04-29T08:34:35+00:00","description":"Andreas Gruber erh\u00e4lt den Excellence Award beim internationalen Speaker Slam f\u00fcr einen Beitrag \u00fcber Herausforderungen moderner F\u00fchrung.","breadcrumb":{"@id":"https:\/\/www.organisator.ch\/management\/2026-04-29\/warum-moderne-fuehrung-unter-druck-zunehmend-scheitert\/#breadcrumb"},"inLanguage":"de","potentialAction":[{"@type":"ReadAction","target":["https:\/\/www.organisator.ch\/management\/2026-04-29\/warum-moderne-fuehrung-unter-druck-zunehmend-scheitert\/"]}]},{"@type":"ImageObject","inLanguage":"de","@id":"https:\/\/www.organisator.ch\/management\/2026-04-29\/warum-moderne-fuehrung-unter-druck-zunehmend-scheitert\/#primaryimage","url":"https:\/\/www.organisator.ch\/wp-content\/uploads\/2026\/04\/Warum-moderne-Fuehrung-unter-Druck-zunehmend-scheitert_Organisator.jpg","contentUrl":"https:\/\/www.organisator.ch\/wp-content\/uploads\/2026\/04\/Warum-moderne-Fuehrung-unter-Druck-zunehmend-scheitert_Organisator.jpg","width":680,"height":453,"caption":"Andreas Gruber gewinnt den Excellence Award beim Internationalen Speaker Slam. (Bild: zVg)"},{"@type":"BreadcrumbList","@id":"https:\/\/www.organisator.ch\/management\/2026-04-29\/warum-moderne-fuehrung-unter-druck-zunehmend-scheitert\/#breadcrumb","itemListElement":[{"@type":"ListItem","position":1,"name":"Home","item":"https:\/\/www.organisator.ch\/"},{"@type":"ListItem","position":2,"name":"Warum moderne F\u00fchrung unter Druck zunehmend scheitert"}]},{"@type":"WebSite","@id":"https:\/\/www.organisator.ch\/#website","url":"https:\/\/www.organisator.ch\/","name":"Organisator","description":"Kompetent. Praxisnah. Der ORGANISATOR bereitet in 10 Ausgaben pro Jahr die wesentlichen Themen f\u00fcr F\u00fchrungskr\u00e4fte von KMU auf.","publisher":{"@id":"https:\/\/www.organisator.ch\/#organization"},"potentialAction":[{"@type":"SearchAction","target":{"@type":"EntryPoint","urlTemplate":"https:\/\/www.organisator.ch\/?s={search_term_string}"},"query-input":{"@type":"PropertyValueSpecification","valueRequired":true,"valueName":"search_term_string"}}],"inLanguage":"de"},{"@type":"Organization","@id":"https:\/\/www.organisator.ch\/#organization","name":"Organisator","url":"https:\/\/www.organisator.ch\/","logo":{"@type":"ImageObject","inLanguage":"de","@id":"https:\/\/www.organisator.ch\/#\/schema\/logo\/image\/","url":"https:\/\/www.organisator.ch\/wp-content\/uploads\/2022\/01\/Logo_Organisator_Website.png","contentUrl":"https:\/\/www.organisator.ch\/wp-content\/uploads\/2022\/01\/Logo_Organisator_Website.png","width":800,"height":77,"caption":"Organisator"},"image":{"@id":"https:\/\/www.organisator.ch\/#\/schema\/logo\/image\/"},"sameAs":["https:\/\/www.facebook.com\/OrganisatorFachmagazin","https:\/\/www.linkedin.com\/showcase\/organisator-das-magazin-fr-kmu","https:\/\/www.xing.com\/news\/pages\/organisator-ch-695","https:\/\/www.youtube.com\/channel\/UCGP2Sq0iWaZwT3BdIAQFYpw"]},{"@type":"Person","@id":"https:\/\/www.organisator.ch\/#\/schema\/person\/6f650f90b2842cd4c0cc334b4e36f67e","name":"thomas.berner","image":{"@type":"ImageObject","inLanguage":"de","@id":"https:\/\/secure.gravatar.com\/avatar\/ac5001d2a36cb6c6cd3e50789007ffca834b477b74a2144564522e944eabff61?s=96&d=mm&r=g","url":"https:\/\/secure.gravatar.com\/avatar\/ac5001d2a36cb6c6cd3e50789007ffca834b477b74a2144564522e944eabff61?s=96&d=mm&r=g","contentUrl":"https:\/\/secure.gravatar.com\/avatar\/ac5001d2a36cb6c6cd3e50789007ffca834b477b74a2144564522e944eabff61?s=96&d=mm&r=g","caption":"thomas.berner"},"url":"https:\/\/www.organisator.ch\/de\/author\/thomas-berner\/"}]}},"_links":{"self":[{"href":"https:\/\/www.organisator.ch\/de\/wp-json\/wp\/v2\/posts\/48166","targetHints":{"allow":["GET"]}}],"collection":[{"href":"https:\/\/www.organisator.ch\/de\/wp-json\/wp\/v2\/posts"}],"about":[{"href":"https:\/\/www.organisator.ch\/de\/wp-json\/wp\/v2\/types\/post"}],"author":[{"embeddable":true,"href":"https:\/\/www.organisator.ch\/de\/wp-json\/wp\/v2\/users\/4"}],"replies":[{"embeddable":true,"href":"https:\/\/www.organisator.ch\/de\/wp-json\/wp\/v2\/comments?post=48166"}],"version-history":[{"count":2,"href":"https:\/\/www.organisator.ch\/de\/wp-json\/wp\/v2\/posts\/48166\/revisions"}],"predecessor-version":[{"id":48199,"href":"https:\/\/www.organisator.ch\/de\/wp-json\/wp\/v2\/posts\/48166\/revisions\/48199"}],"wp:featuredmedia":[{"embeddable":true,"href":"https:\/\/www.organisator.ch\/de\/wp-json\/wp\/v2\/media\/48172"}],"wp:attachment":[{"href":"https:\/\/www.organisator.ch\/de\/wp-json\/wp\/v2\/media?parent=48166"}],"wp:term":[{"taxonomy":"category","embeddable":true,"href":"https:\/\/www.organisator.ch\/de\/wp-json\/wp\/v2\/categories?post=48166"},{"taxonomy":"post_tag","embeddable":true,"href":"https:\/\/www.organisator.ch\/de\/wp-json\/wp\/v2\/tags?post=48166"}],"curies":[{"name":"wp","href":"https:\/\/api.w.org\/{rel}","templated":true}]}}