{"id":48170,"date":"2026-04-29T10:44:18","date_gmt":"2026-04-29T08:44:18","guid":{"rendered":"https:\/\/www.organisator.ch\/de\/?p=48170"},"modified":"2026-04-29T10:44:18","modified_gmt":"2026-04-29T08:44:18","slug":"bettina-bornmann-neu-im-verwaltungsrat-der-axa-schweiz","status":"publish","type":"post","link":"https:\/\/www.organisator.ch\/de\/management\/2026-04-29\/bettina-bornmann-neu-im-verwaltungsrat-der-axa-schweiz\/","title":{"rendered":"Bettina Bornmann neu im Verwaltungsrat der Axa Schweiz"},"content":{"rendered":"<figure id=\"attachment_48169\" aria-describedby=\"caption-attachment-48169\" style=\"width: 1400px\" class=\"wp-caption alignnone\"><img loading=\"lazy\" decoding=\"async\" class=\"size-full wp-image-48169\" src=\"https:\/\/www.organisator.ch\/wp-content\/uploads\/2026\/04\/bettina-bornmann-vr-axa-ch-scaled.jpg\" alt=\"\" width=\"1400\" height=\"933\" srcset=\"https:\/\/www.organisator.ch\/wp-content\/uploads\/2026\/04\/bettina-bornmann-vr-axa-ch-scaled.jpg 1400w, https:\/\/www.organisator.ch\/wp-content\/uploads\/2026\/04\/bettina-bornmann-vr-axa-ch-680x453.jpg 680w, https:\/\/www.organisator.ch\/wp-content\/uploads\/2026\/04\/bettina-bornmann-vr-axa-ch-1024x683.jpg 1024w, https:\/\/www.organisator.ch\/wp-content\/uploads\/2026\/04\/bettina-bornmann-vr-axa-ch-768x512.jpg 768w, https:\/\/www.organisator.ch\/wp-content\/uploads\/2026\/04\/bettina-bornmann-vr-axa-ch-1536x1024.jpg 1536w, https:\/\/www.organisator.ch\/wp-content\/uploads\/2026\/04\/bettina-bornmann-vr-axa-ch-2048x1366.jpg 2048w, https:\/\/www.organisator.ch\/wp-content\/uploads\/2026\/04\/bettina-bornmann-vr-axa-ch-18x12.jpg 18w, https:\/\/www.organisator.ch\/wp-content\/uploads\/2026\/04\/bettina-bornmann-vr-axa-ch-375x250.jpg 375w, https:\/\/www.organisator.ch\/wp-content\/uploads\/2026\/04\/bettina-bornmann-vr-axa-ch-525x350.jpg 525w, https:\/\/www.organisator.ch\/wp-content\/uploads\/2026\/04\/bettina-bornmann-vr-axa-ch-1000x667.jpg 1000w\" sizes=\"auto, (max-width: 1400px) 100vw, 1400px\" \/><figcaption id=\"caption-attachment-48169\" class=\"wp-caption-text\">Bettina Bornmann verst\u00e4rkt neu den Verwaltungsrat der AXA Schweiz. Quelle: zvg<\/figcaption><\/figure>\n<p>Bettina Bornmann ist per 22. April 2026 in den Verwaltungsrat der Axa Schweiz gew\u00e4hlt worden. Die 57-j\u00e4hrige \u00d6konomin bringt einen breiten Leistungsausweis aus der Versicherungs- und Finanzbranche mit.<\/p>\n<h3>Langj\u00e4hrige Erfahrung in Finance und Risk<\/h3>\n<p>Bis 2024 war Bettina Bornmann als Group Head Planning and Performance Management der Zurich Insurance Group t\u00e4tig. Von 2015 bis 2020 geh\u00f6rte sie als CFO der Gesch\u00e4ftsleitung der Zurich Schweiz an. Zwischen 2021 und 2024 \u00fcbernahm sie zudem das Stiftungsratspr\u00e4sidium der Pensionskasse der Z\u00fcrich Versicherungs-Gruppe sowie verschiedene internationale Verwaltungsratsmandate.<\/p>\n<p>Von 2009 bis 2015 war Bornmann bei der Swiss Life aktiv \u2013 zuerst als CFO Swiss Life International, sp\u00e4ter als Head Group Controlling. Zuvor \u00fcbernahm sie 2008 die Leitung der M&amp;A-Abteilung der deutschen Spitalgruppe Ameos. Ihre Karriere begann sie 1994 als Associate Mergers and Acquisitions bei der Ubs, bevor sie von 1998 bis 2008 bei der KPMG t\u00e4tig war, ab 2006 als Head Corporate Finance und Partner.<\/p>\n<p>Verwaltungsratspr\u00e4sident Antimo Perretta zeigt sich erfreut \u00fcber den Neuzugang: \u00abEs freut mich ausserordentlich, dass mit Bettina eine ausgewiesene Versicherungsexpertin mit langj\u00e4hrigem Leistungsausweis in Finance und Risk unseren Verwaltungsrat verst\u00e4rkt. Ich bin \u00fcberzeugt, dass sie mit ihrer grossen Erfahrung im internationalen Corporate-Umfeld, ihrer fundierten Expertise und ihrer ausgesprochen \u00f6konomischen Perspektive viele wertvolle Impulse einbringen wird, gerade auch in Hinblick auf fortschrittliche und kundenfreundliche neue Angebote.\u00bb<\/p>\n<h3>Ruth Metzler-Arnold nach vierzehn Jahren verabschiedet<\/h3>\n<p>Bettina Bornmann folgt auf Ruth Metzler-Arnold, die zur\u00fcckgetreten ist, um sich auf das Pr\u00e4sidium von Swiss Olympic zu fokussieren. Ruth Metzler-Arnold geh\u00f6rte dem Verwaltungsrat vierzehn Jahre an, davon sechs als Vizepr\u00e4sidentin. Zuletzt war sie Mitglied des Nominations- und Entsch\u00e4digungsausschusses sowie des Pr\u00fcfungsausschusses.<\/p>\n<p>Antimo Perretta w\u00fcrdigte ihr Engagement: \u00abIch danke Ruth herzlich f\u00fcr ihr \u00fcberaus grosses und \u00e4usserst wertvolles Engagement. Mit ihrem beruflichen Hintergrund als Wirtschaftspr\u00fcferin, ihrer immensen politischen Erfahrung sowie ihrer ausgesprochen konstruktiven und sozialkompetenten Art war sie in unserem Verwaltungsrat eine ebenso gewichtige wie gesch\u00e4tzte Stimme.\u00bb<\/p>\n<p>Die Wahl von Bettina Bornmann untersteht den anwendbaren aufsichtsrechtlichen Vorschriften.<\/p>\n<p><em><a href=\"https:\/\/www.axa.ch\" target=\"_blank\" rel=\"noopener\">www.axa.ch<\/a><\/em><\/p>\n","protected":false},"excerpt":{"rendered":"<p>Bettina Bornmann verst\u00e4rkt per 22. April 2026 den Verwaltungsrat der Axa Schweiz. Die erfahrene \u00d6konomin folgt auf Ruth Metzler-Arnold, die nach vierzehn Jahren aus dem Gremium ausscheidet.<\/p>\n","protected":false},"author":107,"featured_media":48169,"comment_status":"closed","ping_status":"closed","sticky":false,"template":"","format":"standard","meta":{"_acf_changed":false,"_yoast_wpseo_focuskw":"Bettina Bornmann","_yoast_wpseo_metadesc":"Bettina Bornmann wird per April 2026 neu in den Verwaltungsrat der Axa Schweiz gew\u00e4hlt. Sie folgt auf Ruth Metzler-Arnold.","articlekey":"","footnotes":""},"categories":[28],"tags":[381,492,5650,2471],"class_list":["post-48170","post","type-post","status-publish","format-standard","has-post-thumbnail","hentry","category-management","tag-personalia","tag-unternehmen","tag-versicherungswirtschaft","tag-verwaltungsrat"],"acf":[],"yoast_head":"<!-- This site is optimized with the Yoast SEO plugin v27.5 - https:\/\/yoast.com\/product\/yoast-seo-wordpress\/ -->\n<title>Bettina Bornmann neu im Verwaltungsrat der Axa Schweiz - Organisator<\/title>\n<meta name=\"description\" content=\"Bettina Bornmann wird per April 2026 neu in den Verwaltungsrat der Axa Schweiz gew\u00e4hlt. Sie folgt auf Ruth Metzler-Arnold.\" \/>\n<meta name=\"robots\" content=\"index, follow, max-snippet:-1, max-image-preview:large, max-video-preview:-1\" \/>\n<link rel=\"canonical\" href=\"https:\/\/www.organisator.ch\/de\/management\/2026-04-29\/bettina-bornmann-neu-im-verwaltungsrat-der-axa-schweiz\/\" \/>\n<meta property=\"og:locale\" content=\"de_DE\" \/>\n<meta property=\"og:type\" content=\"article\" \/>\n<meta property=\"og:title\" content=\"Bettina Bornmann neu im Verwaltungsrat der Axa Schweiz\" \/>\n<meta property=\"og:description\" content=\"Bettina Bornmann wird per April 2026 neu in den Verwaltungsrat der Axa Schweiz gew\u00e4hlt. Sie folgt auf Ruth Metzler-Arnold.\" \/>\n<meta property=\"og:url\" content=\"https:\/\/www.organisator.ch\/de\/management\/2026-04-29\/bettina-bornmann-neu-im-verwaltungsrat-der-axa-schweiz\/\" \/>\n<meta property=\"og:site_name\" content=\"Organisator\" \/>\n<meta property=\"article:publisher\" content=\"https:\/\/www.facebook.com\/OrganisatorFachmagazin\" \/>\n<meta property=\"article:published_time\" content=\"2026-04-29T08:44:18+00:00\" \/>\n<meta property=\"og:image\" content=\"https:\/\/www.organisator.ch\/wp-content\/uploads\/2026\/04\/bettina-bornmann-vr-axa-ch-scaled.jpg\" \/>\n\t<meta property=\"og:image:width\" content=\"1400\" \/>\n\t<meta property=\"og:image:height\" content=\"933\" \/>\n\t<meta property=\"og:image:type\" content=\"image\/jpeg\" \/>\n<meta name=\"author\" content=\"n8n\" \/>\n<meta name=\"twitter:card\" content=\"summary_large_image\" \/>\n<meta name=\"twitter:title\" content=\"Bettina Bornmann neu im #Verwaltungsrat der #Axa Schweiz\" \/>\n<meta name=\"twitter:description\" content=\"Bettina Bornmann wird per April 2026 neu in den Verwaltungsrat der #Axa Schweiz gew\u00e4hlt. Sie folgt auf Ruth #Metzler-Arnold.\" \/>\n<meta name=\"twitter:image\" content=\"https:\/\/www.organisator.ch\/wp-content\/uploads\/2026\/04\/bettina-bornmann-vr-axa-ch-scaled.jpg\" \/>\n<script type=\"application\/ld+json\" class=\"yoast-schema-graph\">{\"@context\":\"https:\\\/\\\/schema.org\",\"@graph\":[{\"@type\":\"Article\",\"@id\":\"https:\\\/\\\/www.organisator.ch\\\/management\\\/2026-04-29\\\/bettina-bornmann-neu-im-verwaltungsrat-der-axa-schweiz\\\/#article\",\"isPartOf\":{\"@id\":\"https:\\\/\\\/www.organisator.ch\\\/management\\\/2026-04-29\\\/bettina-bornmann-neu-im-verwaltungsrat-der-axa-schweiz\\\/\"},\"author\":{\"name\":\"n8n\",\"@id\":\"https:\\\/\\\/www.organisator.ch\\\/#\\\/schema\\\/person\\\/a9d0e0eff238db87a8f840f3b50359f0\"},\"headline\":\"Bettina Bornmann neu im Verwaltungsrat der Axa Schweiz\",\"datePublished\":\"2026-04-29T08:44:18+00:00\",\"mainEntityOfPage\":{\"@id\":\"https:\\\/\\\/www.organisator.ch\\\/management\\\/2026-04-29\\\/bettina-bornmann-neu-im-verwaltungsrat-der-axa-schweiz\\\/\"},\"wordCount\":357,\"publisher\":{\"@id\":\"https:\\\/\\\/www.organisator.ch\\\/#organization\"},\"image\":{\"@id\":\"https:\\\/\\\/www.organisator.ch\\\/management\\\/2026-04-29\\\/bettina-bornmann-neu-im-verwaltungsrat-der-axa-schweiz\\\/#primaryimage\"},\"thumbnailUrl\":\"https:\\\/\\\/www.organisator.ch\\\/wp-content\\\/uploads\\\/2026\\\/04\\\/bettina-bornmann-vr-axa-ch-scaled.jpg\",\"keywords\":[\"Personalia\",\"Unternehmen\",\"Versicherungswirtschaft\",\"Verwaltungsrat\"],\"articleSection\":[\"MANAGEMENT\"],\"inLanguage\":\"de\"},{\"@type\":\"WebPage\",\"@id\":\"https:\\\/\\\/www.organisator.ch\\\/management\\\/2026-04-29\\\/bettina-bornmann-neu-im-verwaltungsrat-der-axa-schweiz\\\/\",\"url\":\"https:\\\/\\\/www.organisator.ch\\\/management\\\/2026-04-29\\\/bettina-bornmann-neu-im-verwaltungsrat-der-axa-schweiz\\\/\",\"name\":\"Bettina Bornmann neu im Verwaltungsrat der Axa Schweiz - Organisator\",\"isPartOf\":{\"@id\":\"https:\\\/\\\/www.organisator.ch\\\/#website\"},\"primaryImageOfPage\":{\"@id\":\"https:\\\/\\\/www.organisator.ch\\\/management\\\/2026-04-29\\\/bettina-bornmann-neu-im-verwaltungsrat-der-axa-schweiz\\\/#primaryimage\"},\"image\":{\"@id\":\"https:\\\/\\\/www.organisator.ch\\\/management\\\/2026-04-29\\\/bettina-bornmann-neu-im-verwaltungsrat-der-axa-schweiz\\\/#primaryimage\"},\"thumbnailUrl\":\"https:\\\/\\\/www.organisator.ch\\\/wp-content\\\/uploads\\\/2026\\\/04\\\/bettina-bornmann-vr-axa-ch-scaled.jpg\",\"datePublished\":\"2026-04-29T08:44:18+00:00\",\"description\":\"Bettina Bornmann wird per April 2026 neu in den Verwaltungsrat der Axa Schweiz gew\u00e4hlt. Sie folgt auf Ruth Metzler-Arnold.\",\"breadcrumb\":{\"@id\":\"https:\\\/\\\/www.organisator.ch\\\/management\\\/2026-04-29\\\/bettina-bornmann-neu-im-verwaltungsrat-der-axa-schweiz\\\/#breadcrumb\"},\"inLanguage\":\"de\",\"potentialAction\":[{\"@type\":\"ReadAction\",\"target\":[\"https:\\\/\\\/www.organisator.ch\\\/management\\\/2026-04-29\\\/bettina-bornmann-neu-im-verwaltungsrat-der-axa-schweiz\\\/\"]}]},{\"@type\":\"ImageObject\",\"inLanguage\":\"de\",\"@id\":\"https:\\\/\\\/www.organisator.ch\\\/management\\\/2026-04-29\\\/bettina-bornmann-neu-im-verwaltungsrat-der-axa-schweiz\\\/#primaryimage\",\"url\":\"https:\\\/\\\/www.organisator.ch\\\/wp-content\\\/uploads\\\/2026\\\/04\\\/bettina-bornmann-vr-axa-ch-scaled.jpg\",\"contentUrl\":\"https:\\\/\\\/www.organisator.ch\\\/wp-content\\\/uploads\\\/2026\\\/04\\\/bettina-bornmann-vr-axa-ch-scaled.jpg\",\"width\":1400,\"height\":933,\"caption\":\"Bettina Bornmann verst\u00e4rkt neu den Verwaltungsrat der AXA Schweiz. Quelle: zvg\"},{\"@type\":\"BreadcrumbList\",\"@id\":\"https:\\\/\\\/www.organisator.ch\\\/management\\\/2026-04-29\\\/bettina-bornmann-neu-im-verwaltungsrat-der-axa-schweiz\\\/#breadcrumb\",\"itemListElement\":[{\"@type\":\"ListItem\",\"position\":1,\"name\":\"Home\",\"item\":\"https:\\\/\\\/www.organisator.ch\\\/\"},{\"@type\":\"ListItem\",\"position\":2,\"name\":\"Bettina Bornmann neu im Verwaltungsrat der Axa Schweiz\"}]},{\"@type\":\"WebSite\",\"@id\":\"https:\\\/\\\/www.organisator.ch\\\/#website\",\"url\":\"https:\\\/\\\/www.organisator.ch\\\/\",\"name\":\"Organisator\",\"description\":\"Kompetent. Praxisnah. Der ORGANISATOR bereitet in 10 Ausgaben pro Jahr die wesentlichen Themen f\u00fcr F\u00fchrungskr\u00e4fte von KMU auf.\",\"publisher\":{\"@id\":\"https:\\\/\\\/www.organisator.ch\\\/#organization\"},\"potentialAction\":[{\"@type\":\"SearchAction\",\"target\":{\"@type\":\"EntryPoint\",\"urlTemplate\":\"https:\\\/\\\/www.organisator.ch\\\/?s={search_term_string}\"},\"query-input\":{\"@type\":\"PropertyValueSpecification\",\"valueRequired\":true,\"valueName\":\"search_term_string\"}}],\"inLanguage\":\"de\"},{\"@type\":\"Organization\",\"@id\":\"https:\\\/\\\/www.organisator.ch\\\/#organization\",\"name\":\"Organisator\",\"url\":\"https:\\\/\\\/www.organisator.ch\\\/\",\"logo\":{\"@type\":\"ImageObject\",\"inLanguage\":\"de\",\"@id\":\"https:\\\/\\\/www.organisator.ch\\\/#\\\/schema\\\/logo\\\/image\\\/\",\"url\":\"https:\\\/\\\/www.organisator.ch\\\/wp-content\\\/uploads\\\/2022\\\/01\\\/Logo_Organisator_Website.png\",\"contentUrl\":\"https:\\\/\\\/www.organisator.ch\\\/wp-content\\\/uploads\\\/2022\\\/01\\\/Logo_Organisator_Website.png\",\"width\":800,\"height\":77,\"caption\":\"Organisator\"},\"image\":{\"@id\":\"https:\\\/\\\/www.organisator.ch\\\/#\\\/schema\\\/logo\\\/image\\\/\"},\"sameAs\":[\"https:\\\/\\\/www.facebook.com\\\/OrganisatorFachmagazin\",\"https:\\\/\\\/www.linkedin.com\\\/showcase\\\/organisator-das-magazin-fr-kmu\",\"https:\\\/\\\/www.xing.com\\\/news\\\/pages\\\/organisator-ch-695\",\"https:\\\/\\\/www.youtube.com\\\/channel\\\/UCGP2Sq0iWaZwT3BdIAQFYpw\"]},{\"@type\":\"Person\",\"@id\":\"https:\\\/\\\/www.organisator.ch\\\/#\\\/schema\\\/person\\\/a9d0e0eff238db87a8f840f3b50359f0\",\"name\":\"n8n\",\"image\":{\"@type\":\"ImageObject\",\"inLanguage\":\"de\",\"@id\":\"https:\\\/\\\/secure.gravatar.com\\\/avatar\\\/5368fb9d03fd415a6f335cece4c15af2502d6ca8651efbd6e8f98427a9795400?s=96&d=mm&r=g\",\"url\":\"https:\\\/\\\/secure.gravatar.com\\\/avatar\\\/5368fb9d03fd415a6f335cece4c15af2502d6ca8651efbd6e8f98427a9795400?s=96&d=mm&r=g\",\"contentUrl\":\"https:\\\/\\\/secure.gravatar.com\\\/avatar\\\/5368fb9d03fd415a6f335cece4c15af2502d6ca8651efbd6e8f98427a9795400?s=96&d=mm&r=g\",\"caption\":\"n8n\"},\"url\":\"https:\\\/\\\/www.organisator.ch\\\/de\\\/author\\\/n8n\\\/\"}]}<\/script>\n<!-- \/ Yoast SEO plugin. -->","yoast_head_json":{"title":"Bettina Bornmann neu im Verwaltungsrat der Axa Schweiz - Organisator","description":"Bettina Bornmann wird per April 2026 neu in den Verwaltungsrat der Axa Schweiz gew\u00e4hlt. Sie folgt auf Ruth Metzler-Arnold.","robots":{"index":"index","follow":"follow","max-snippet":"max-snippet:-1","max-image-preview":"max-image-preview:large","max-video-preview":"max-video-preview:-1"},"canonical":"https:\/\/www.organisator.ch\/de\/management\/2026-04-29\/bettina-bornmann-neu-im-verwaltungsrat-der-axa-schweiz\/","og_locale":"de_DE","og_type":"article","og_title":"Bettina Bornmann neu im Verwaltungsrat der Axa Schweiz","og_description":"Bettina Bornmann wird per April 2026 neu in den Verwaltungsrat der Axa Schweiz gew\u00e4hlt. Sie folgt auf Ruth Metzler-Arnold.","og_url":"https:\/\/www.organisator.ch\/de\/management\/2026-04-29\/bettina-bornmann-neu-im-verwaltungsrat-der-axa-schweiz\/","og_site_name":"Organisator","article_publisher":"https:\/\/www.facebook.com\/OrganisatorFachmagazin","article_published_time":"2026-04-29T08:44:18+00:00","og_image":[{"width":1400,"height":933,"url":"https:\/\/www.organisator.ch\/wp-content\/uploads\/2026\/04\/bettina-bornmann-vr-axa-ch-scaled.jpg","type":"image\/jpeg"}],"author":"n8n","twitter_card":"summary_large_image","twitter_title":"Bettina Bornmann neu im #Verwaltungsrat der #Axa Schweiz","twitter_description":"Bettina Bornmann wird per April 2026 neu in den Verwaltungsrat der #Axa Schweiz gew\u00e4hlt. Sie folgt auf Ruth #Metzler-Arnold.","twitter_image":"https:\/\/www.organisator.ch\/wp-content\/uploads\/2026\/04\/bettina-bornmann-vr-axa-ch-scaled.jpg","schema":{"@context":"https:\/\/schema.org","@graph":[{"@type":"Article","@id":"https:\/\/www.organisator.ch\/management\/2026-04-29\/bettina-bornmann-neu-im-verwaltungsrat-der-axa-schweiz\/#article","isPartOf":{"@id":"https:\/\/www.organisator.ch\/management\/2026-04-29\/bettina-bornmann-neu-im-verwaltungsrat-der-axa-schweiz\/"},"author":{"name":"n8n","@id":"https:\/\/www.organisator.ch\/#\/schema\/person\/a9d0e0eff238db87a8f840f3b50359f0"},"headline":"Bettina Bornmann neu im Verwaltungsrat der Axa Schweiz","datePublished":"2026-04-29T08:44:18+00:00","mainEntityOfPage":{"@id":"https:\/\/www.organisator.ch\/management\/2026-04-29\/bettina-bornmann-neu-im-verwaltungsrat-der-axa-schweiz\/"},"wordCount":357,"publisher":{"@id":"https:\/\/www.organisator.ch\/#organization"},"image":{"@id":"https:\/\/www.organisator.ch\/management\/2026-04-29\/bettina-bornmann-neu-im-verwaltungsrat-der-axa-schweiz\/#primaryimage"},"thumbnailUrl":"https:\/\/www.organisator.ch\/wp-content\/uploads\/2026\/04\/bettina-bornmann-vr-axa-ch-scaled.jpg","keywords":["Personalia","Unternehmen","Versicherungswirtschaft","Verwaltungsrat"],"articleSection":["MANAGEMENT"],"inLanguage":"de"},{"@type":"WebPage","@id":"https:\/\/www.organisator.ch\/management\/2026-04-29\/bettina-bornmann-neu-im-verwaltungsrat-der-axa-schweiz\/","url":"https:\/\/www.organisator.ch\/management\/2026-04-29\/bettina-bornmann-neu-im-verwaltungsrat-der-axa-schweiz\/","name":"Bettina Bornmann neu im Verwaltungsrat der Axa Schweiz - Organisator","isPartOf":{"@id":"https:\/\/www.organisator.ch\/#website"},"primaryImageOfPage":{"@id":"https:\/\/www.organisator.ch\/management\/2026-04-29\/bettina-bornmann-neu-im-verwaltungsrat-der-axa-schweiz\/#primaryimage"},"image":{"@id":"https:\/\/www.organisator.ch\/management\/2026-04-29\/bettina-bornmann-neu-im-verwaltungsrat-der-axa-schweiz\/#primaryimage"},"thumbnailUrl":"https:\/\/www.organisator.ch\/wp-content\/uploads\/2026\/04\/bettina-bornmann-vr-axa-ch-scaled.jpg","datePublished":"2026-04-29T08:44:18+00:00","description":"Bettina Bornmann wird per April 2026 neu in den Verwaltungsrat der Axa Schweiz gew\u00e4hlt. Sie folgt auf Ruth Metzler-Arnold.","breadcrumb":{"@id":"https:\/\/www.organisator.ch\/management\/2026-04-29\/bettina-bornmann-neu-im-verwaltungsrat-der-axa-schweiz\/#breadcrumb"},"inLanguage":"de","potentialAction":[{"@type":"ReadAction","target":["https:\/\/www.organisator.ch\/management\/2026-04-29\/bettina-bornmann-neu-im-verwaltungsrat-der-axa-schweiz\/"]}]},{"@type":"ImageObject","inLanguage":"de","@id":"https:\/\/www.organisator.ch\/management\/2026-04-29\/bettina-bornmann-neu-im-verwaltungsrat-der-axa-schweiz\/#primaryimage","url":"https:\/\/www.organisator.ch\/wp-content\/uploads\/2026\/04\/bettina-bornmann-vr-axa-ch-scaled.jpg","contentUrl":"https:\/\/www.organisator.ch\/wp-content\/uploads\/2026\/04\/bettina-bornmann-vr-axa-ch-scaled.jpg","width":1400,"height":933,"caption":"Bettina Bornmann verst\u00e4rkt neu den Verwaltungsrat der AXA Schweiz. Quelle: zvg"},{"@type":"BreadcrumbList","@id":"https:\/\/www.organisator.ch\/management\/2026-04-29\/bettina-bornmann-neu-im-verwaltungsrat-der-axa-schweiz\/#breadcrumb","itemListElement":[{"@type":"ListItem","position":1,"name":"Home","item":"https:\/\/www.organisator.ch\/"},{"@type":"ListItem","position":2,"name":"Bettina Bornmann neu im Verwaltungsrat der Axa Schweiz"}]},{"@type":"WebSite","@id":"https:\/\/www.organisator.ch\/#website","url":"https:\/\/www.organisator.ch\/","name":"Organisator","description":"Kompetent. Praxisnah. Der ORGANISATOR bereitet in 10 Ausgaben pro Jahr die wesentlichen Themen f\u00fcr F\u00fchrungskr\u00e4fte von KMU auf.","publisher":{"@id":"https:\/\/www.organisator.ch\/#organization"},"potentialAction":[{"@type":"SearchAction","target":{"@type":"EntryPoint","urlTemplate":"https:\/\/www.organisator.ch\/?s={search_term_string}"},"query-input":{"@type":"PropertyValueSpecification","valueRequired":true,"valueName":"search_term_string"}}],"inLanguage":"de"},{"@type":"Organization","@id":"https:\/\/www.organisator.ch\/#organization","name":"Organisator","url":"https:\/\/www.organisator.ch\/","logo":{"@type":"ImageObject","inLanguage":"de","@id":"https:\/\/www.organisator.ch\/#\/schema\/logo\/image\/","url":"https:\/\/www.organisator.ch\/wp-content\/uploads\/2022\/01\/Logo_Organisator_Website.png","contentUrl":"https:\/\/www.organisator.ch\/wp-content\/uploads\/2022\/01\/Logo_Organisator_Website.png","width":800,"height":77,"caption":"Organisator"},"image":{"@id":"https:\/\/www.organisator.ch\/#\/schema\/logo\/image\/"},"sameAs":["https:\/\/www.facebook.com\/OrganisatorFachmagazin","https:\/\/www.linkedin.com\/showcase\/organisator-das-magazin-fr-kmu","https:\/\/www.xing.com\/news\/pages\/organisator-ch-695","https:\/\/www.youtube.com\/channel\/UCGP2Sq0iWaZwT3BdIAQFYpw"]},{"@type":"Person","@id":"https:\/\/www.organisator.ch\/#\/schema\/person\/a9d0e0eff238db87a8f840f3b50359f0","name":"n8n","image":{"@type":"ImageObject","inLanguage":"de","@id":"https:\/\/secure.gravatar.com\/avatar\/5368fb9d03fd415a6f335cece4c15af2502d6ca8651efbd6e8f98427a9795400?s=96&d=mm&r=g","url":"https:\/\/secure.gravatar.com\/avatar\/5368fb9d03fd415a6f335cece4c15af2502d6ca8651efbd6e8f98427a9795400?s=96&d=mm&r=g","contentUrl":"https:\/\/secure.gravatar.com\/avatar\/5368fb9d03fd415a6f335cece4c15af2502d6ca8651efbd6e8f98427a9795400?s=96&d=mm&r=g","caption":"n8n"},"url":"https:\/\/www.organisator.ch\/de\/author\/n8n\/"}]}},"_links":{"self":[{"href":"https:\/\/www.organisator.ch\/de\/wp-json\/wp\/v2\/posts\/48170","targetHints":{"allow":["GET"]}}],"collection":[{"href":"https:\/\/www.organisator.ch\/de\/wp-json\/wp\/v2\/posts"}],"about":[{"href":"https:\/\/www.organisator.ch\/de\/wp-json\/wp\/v2\/types\/post"}],"author":[{"embeddable":true,"href":"https:\/\/www.organisator.ch\/de\/wp-json\/wp\/v2\/users\/107"}],"replies":[{"embeddable":true,"href":"https:\/\/www.organisator.ch\/de\/wp-json\/wp\/v2\/comments?post=48170"}],"version-history":[{"count":4,"href":"https:\/\/www.organisator.ch\/de\/wp-json\/wp\/v2\/posts\/48170\/revisions"}],"predecessor-version":[{"id":48230,"href":"https:\/\/www.organisator.ch\/de\/wp-json\/wp\/v2\/posts\/48170\/revisions\/48230"}],"wp:featuredmedia":[{"embeddable":true,"href":"https:\/\/www.organisator.ch\/de\/wp-json\/wp\/v2\/media\/48169"}],"wp:attachment":[{"href":"https:\/\/www.organisator.ch\/de\/wp-json\/wp\/v2\/media?parent=48170"}],"wp:term":[{"taxonomy":"category","embeddable":true,"href":"https:\/\/www.organisator.ch\/de\/wp-json\/wp\/v2\/categories?post=48170"},{"taxonomy":"post_tag","embeddable":true,"href":"https:\/\/www.organisator.ch\/de\/wp-json\/wp\/v2\/tags?post=48170"}],"curies":[{"name":"wp","href":"https:\/\/api.w.org\/{rel}","templated":true}]}}