{"id":48185,"date":"2026-04-29T10:46:56","date_gmt":"2026-04-29T08:46:56","guid":{"rendered":"https:\/\/www.organisator.ch\/de\/?p=48185"},"modified":"2026-04-29T10:46:56","modified_gmt":"2026-04-29T08:46:56","slug":"swiss-staffingindex-temporaermarkt-dreht-nach-drei-jahren-ins-plus","status":"publish","type":"post","link":"https:\/\/www.organisator.ch\/de\/human-resources\/hrm\/2026-04-29\/swiss-staffingindex-temporaermarkt-dreht-nach-drei-jahren-ins-plus\/","title":{"rendered":"Swiss Staffingindex: Tempor\u00e4rmarkt dreht nach drei Jahren ins Plus"},"content":{"rendered":"<figure id=\"attachment_48183\" aria-describedby=\"caption-attachment-48183\" style=\"width: 1400px\" class=\"wp-caption alignnone\"><img loading=\"lazy\" decoding=\"async\" class=\"size-full wp-image-48183\" src=\"https:\/\/www.organisator.ch\/wp-content\/uploads\/2026\/04\/swiss-staffingindex-quartalsentwicklung-Q1-2026-de-scaled.jpg\" alt=\"\" width=\"1400\" height=\"900\" srcset=\"https:\/\/www.organisator.ch\/wp-content\/uploads\/2026\/04\/swiss-staffingindex-quartalsentwicklung-Q1-2026-de-scaled.jpg 1400w, https:\/\/www.organisator.ch\/wp-content\/uploads\/2026\/04\/swiss-staffingindex-quartalsentwicklung-Q1-2026-de-680x437.jpg 680w, https:\/\/www.organisator.ch\/wp-content\/uploads\/2026\/04\/swiss-staffingindex-quartalsentwicklung-Q1-2026-de-1024x658.jpg 1024w, https:\/\/www.organisator.ch\/wp-content\/uploads\/2026\/04\/swiss-staffingindex-quartalsentwicklung-Q1-2026-de-768x494.jpg 768w, https:\/\/www.organisator.ch\/wp-content\/uploads\/2026\/04\/swiss-staffingindex-quartalsentwicklung-Q1-2026-de-1536x987.jpg 1536w, https:\/\/www.organisator.ch\/wp-content\/uploads\/2026\/04\/swiss-staffingindex-quartalsentwicklung-Q1-2026-de-2048x1316.jpg 2048w, https:\/\/www.organisator.ch\/wp-content\/uploads\/2026\/04\/swiss-staffingindex-quartalsentwicklung-Q1-2026-de-18x12.jpg 18w, https:\/\/www.organisator.ch\/wp-content\/uploads\/2026\/04\/swiss-staffingindex-quartalsentwicklung-Q1-2026-de-375x241.jpg 375w, https:\/\/www.organisator.ch\/wp-content\/uploads\/2026\/04\/swiss-staffingindex-quartalsentwicklung-Q1-2026-de-545x350.jpg 545w, https:\/\/www.organisator.ch\/wp-content\/uploads\/2026\/04\/swiss-staffingindex-quartalsentwicklung-Q1-2026-de-1000x643.jpg 1000w\" sizes=\"auto, (max-width: 1400px) 100vw, 1400px\" \/><figcaption id=\"caption-attachment-48183\" class=\"wp-caption-text\">Feststellenmarkt bis Q1 2026 stark r\u00fcckl\u00e4ufig. Quelle: zvg<\/figcaption><\/figure>\n<p>Die Schweizer Personaldienstleister stoppen im ersten Quartal 2026 einen mehrj\u00e4hrigen Abw\u00e4rtstrend: Nach zw\u00f6lf Quartalen mit negativem Vorzeichen stiegen die geleisteten Einsatzstunden der Tempor\u00e4rarbeitenden um 1,3 Prozent gegen\u00fcber dem Vorjahr. Das Feststellengesch\u00e4ft hingegen leidet weiter unter Konjunkturabk\u00fchlung und wirtschaftlicher Unsicherheit \u2013 mit einem R\u00fcckgang von 16,9 Prozent f\u00e4llt das Marktsegment nun im elften Quartal in Folge. Der Swiss Staffingindex spiegelt damit als Fieberthermometer der Schweizer Wirtschaft die insgesamt positive, aber fragile Entwicklung von Arbeitsmarkt und Konjunktur wider.<\/p>\n<h3>Selektive Erholung mit grossen regionalen Unterschieden<\/h3>\n<p>Das erste Quartal war im Tempor\u00e4rmarkt von einer Stabilisierung auf tiefem Niveau gepr\u00e4gt. Dabei zeigten sich ausgepr\u00e4gte regionale Unterschiede: In der Ostschweiz mussten vermehrt Industriebetriebe f\u00fcr ihre Stammbelegschaft Kurzarbeit anmelden, was den Bedarf an Tempor\u00e4rpersonal in der Region um 2,2 Prozent gegen\u00fcber dem Vorjahresquartal sinken liess. Das Mittelland hingegen legte mit einem Plus von 5,5 Prozent zu \u2013 ein Wachstum, zu dem die Uhrenindustrie einen wichtigen Beitrag leistete.<\/p>\n<p>Marcel Keller, Country President Adecco Group Switzerland, kommentiert: \u00abDie leichte Erholung im ersten Quartal ist kein breit abgest\u00fctzter Aufschwung, sondern eine selektive Gegenbewegung in einzelnen Industrieclustern \u2013 insbesondere im Mittelland. Nach mehreren schwachen Quartalen reagieren Unternehmen dort vorsichtig wieder mit tempor\u00e4ren Einstellungen, bleiben aber insgesamt sehr zur\u00fcckhaltend.\u00bb<\/p>\n<h3>Iran-Konflikt: Im M\u00e4rz noch ohne Gesch\u00e4ftsauswirkungen<\/h3>\n<p>Die Auswirkungen des Iran-Konflikts waren im M\u00e4rz 2026 noch nicht sp\u00fcrbar. Die Einsatzstunden wuchsen um 1,1 Prozent im Vergleich zum Vorjahr \u2013 schw\u00e4cher als im Januar, aber st\u00e4rker als im Februar. Dr. Marius Osterfeld, \u00d6konom bei Swissstaffing, ordnet ein: \u00abIm historischen Vergleich waren die Energiepreisanstiege im M\u00e4rz trotz der sp\u00fcrbaren Folgen an den Zapfs\u00e4ulen moderat. Deshalb wirkte sich der Iran-Konflikt kaum auf das Gesch\u00e4ft der Personaldienstleister aus.\u00bb<\/p>\n<p>Dieser Umstand ist bedeutsam, da der M\u00e4rz saisonbedingt rund 20 Prozent mehr Einsatzstunden aufweist als der Januar. Negative Auswirkungen h\u00e4tten das Quartalsergebnis entsprechend st\u00e4rker belastet.<\/p>\n<p>F\u00fcr die kommenden Monate gibt Osterfeld jedoch keine Entwarnung: \u00abL\u00f6st sich der Konflikt an der Strasse von Hormus nicht auf, wird dies die Schweizer Industrie besonders hart treffen \u2013 und damit auch den Personalverleih.\u00bb Rund ein Viertel des Umsatzes der Personaldienstleister entf\u00e4llt auf den Industriesektor, womit die Tempor\u00e4rbranche stark auf dessen Gesch\u00e4ftsentwicklung reagiert.<\/p>\n<h3>Geopolitische Unsicherheit st\u00e4rkt einzelne Segmente<\/h3>\n<p>Der Iran-Konflikt k\u00f6nnte jedoch auch einzelne Marktsegmente st\u00e4rken: Die Unsicherheit rund um Kerosinpreise und Flugstreichungen d\u00fcrfte laut Osterfeld Unentschlossene vermehrt veranlassen, in der Schweiz Ferien zu machen oder statt in Ferienbuchungen in Konsumg\u00fcter zu investieren. Das st\u00e4rkt die Nachfrage in Gastronomie, Hotellerie, Logistik und Detailhandel. Der Gesamteffekt bliebe dennoch negativ, da ein Teil des eingesparten Geldes f\u00fcr gestiegene Preise aufgewendet werden m\u00fcsste.<\/p>\n<p>Trotz der angespannten geopolitischen Lage zeigen sich die CEOs der Mitgliedsfirmen von Swissstaffing optimistisch: Gem\u00e4ss einer Umfrage des Meinungs- und Sozialforschungsinstituts Gfs-Z\u00fcrich rechnen 38 Prozent der befragten CEOs in den kommenden sechs Monaten mit einem Anstieg des Gesch\u00e4fts \u2013 ein Wert vergleichbar mit der Befragung im Vorquartal.<\/p>\n<p><em>Quelle: <a href=\"https:\/\/www.swissstaffing.ch\" target=\"_blank\" rel=\"noopener\">Swissstaffing<\/a>.<\/em><\/p>\n","protected":false},"excerpt":{"rendered":"<p>Der Schweizer Tempor\u00e4rmarkt zeigt nach zw\u00f6lf Quartalen im Minus erstmals wieder ein Wachstum. Im ersten Quartal 2026 stiegen die Einsatzstunden um 1,3 Prozent \u2013 trotz geopolitischer Spannungen. Das Feststellengesch\u00e4ft bleibt hingegen stark unter Druck.<\/p>\n","protected":false},"author":107,"featured_media":48183,"comment_status":"closed","ping_status":"closed","sticky":false,"template":"","format":"standard","meta":{"_acf_changed":false,"_yoast_wpseo_focuskw":"Swiss Staffingindex Q1 2026","_yoast_wpseo_metadesc":"Nach 12 Quartalen w\u00e4chst der Schweizer Tempor\u00e4rmarkt wieder um 1,3%. Das Feststellengesch\u00e4ft bleibt unter Druck. Alle Zahlen zum Swiss Staffingindex Q1 2026.","articlekey":"","footnotes":""},"categories":[26],"tags":[47,3745],"class_list":["post-48185","post","type-post","status-publish","format-standard","has-post-thumbnail","hentry","category-hrm","tag-arbeitsmarkt","tag-temporaerarbeit"],"acf":[],"yoast_head":"<!-- This site is optimized with the Yoast SEO plugin v27.5 - https:\/\/yoast.com\/product\/yoast-seo-wordpress\/ -->\n<title>Swiss Staffingindex: Tempor\u00e4rmarkt dreht nach drei Jahren ins Plus - Organisator<\/title>\n<meta name=\"description\" content=\"Nach 12 Quartalen w\u00e4chst der Schweizer Tempor\u00e4rmarkt wieder um 1,3%. Das Feststellengesch\u00e4ft bleibt unter Druck. Alle Zahlen zum Swiss Staffingindex Q1 2026.\" \/>\n<meta name=\"robots\" content=\"index, follow, max-snippet:-1, max-image-preview:large, max-video-preview:-1\" \/>\n<link rel=\"canonical\" href=\"https:\/\/www.organisator.ch\/de\/human-resources\/hrm\/2026-04-29\/swiss-staffingindex-temporaermarkt-dreht-nach-drei-jahren-ins-plus\/\" \/>\n<meta property=\"og:locale\" content=\"de_DE\" \/>\n<meta property=\"og:type\" content=\"article\" \/>\n<meta property=\"og:title\" content=\"Swiss Staffingindex: Tempor\u00e4rmarkt dreht nach drei Jahren ins Plus\" \/>\n<meta property=\"og:description\" content=\"Nach 12 Quartalen w\u00e4chst der Schweizer Tempor\u00e4rmarkt wieder um 1,3%. Das Feststellengesch\u00e4ft bleibt unter Druck. Alle Zahlen zum Swiss Staffingindex Q1 2026.\" \/>\n<meta property=\"og:url\" content=\"https:\/\/www.organisator.ch\/de\/human-resources\/hrm\/2026-04-29\/swiss-staffingindex-temporaermarkt-dreht-nach-drei-jahren-ins-plus\/\" \/>\n<meta property=\"og:site_name\" content=\"Organisator\" \/>\n<meta property=\"article:publisher\" content=\"https:\/\/www.facebook.com\/OrganisatorFachmagazin\" \/>\n<meta property=\"article:published_time\" content=\"2026-04-29T08:46:56+00:00\" \/>\n<meta property=\"og:image\" content=\"https:\/\/www.organisator.ch\/wp-content\/uploads\/2026\/04\/swiss-staffingindex-quartalsentwicklung-Q1-2026-de-scaled.jpg\" \/>\n\t<meta property=\"og:image:width\" content=\"1400\" \/>\n\t<meta property=\"og:image:height\" content=\"900\" \/>\n\t<meta property=\"og:image:type\" content=\"image\/jpeg\" \/>\n<meta name=\"author\" content=\"n8n\" \/>\n<meta name=\"twitter:card\" content=\"summary_large_image\" \/>\n<meta name=\"twitter:title\" content=\"Swiss #Staffingindex: #Tempor\u00e4rmarkt dreht nach drei Jahren ins Plus\" \/>\n<meta name=\"twitter:description\" content=\"Nach 12 Quartalen w\u00e4chst der Schweizer #Tempor\u00e4rmarkt wieder um 1,3%. Das #Feststellengesch\u00e4ft bleibt unter Druck. Alle Zahlen zum Swiss #Staffingindex Q1 2026.\" \/>\n<meta name=\"twitter:image\" content=\"https:\/\/www.organisator.ch\/wp-content\/uploads\/2026\/04\/swiss-staffingindex-quartalsentwicklung-Q1-2026-de-scaled.jpg\" \/>\n<script type=\"application\/ld+json\" class=\"yoast-schema-graph\">{\"@context\":\"https:\\\/\\\/schema.org\",\"@graph\":[{\"@type\":\"Article\",\"@id\":\"https:\\\/\\\/www.organisator.ch\\\/human-resources\\\/hrm\\\/2026-04-29\\\/swiss-staffingindex-temporaermarkt-dreht-nach-drei-jahren-ins-plus\\\/#article\",\"isPartOf\":{\"@id\":\"https:\\\/\\\/www.organisator.ch\\\/human-resources\\\/hrm\\\/2026-04-29\\\/swiss-staffingindex-temporaermarkt-dreht-nach-drei-jahren-ins-plus\\\/\"},\"author\":{\"name\":\"n8n\",\"@id\":\"https:\\\/\\\/www.organisator.ch\\\/#\\\/schema\\\/person\\\/a9d0e0eff238db87a8f840f3b50359f0\"},\"headline\":\"Swiss Staffingindex: Tempor\u00e4rmarkt dreht nach drei Jahren ins Plus\",\"datePublished\":\"2026-04-29T08:46:56+00:00\",\"mainEntityOfPage\":{\"@id\":\"https:\\\/\\\/www.organisator.ch\\\/human-resources\\\/hrm\\\/2026-04-29\\\/swiss-staffingindex-temporaermarkt-dreht-nach-drei-jahren-ins-plus\\\/\"},\"wordCount\":522,\"publisher\":{\"@id\":\"https:\\\/\\\/www.organisator.ch\\\/#organization\"},\"image\":{\"@id\":\"https:\\\/\\\/www.organisator.ch\\\/human-resources\\\/hrm\\\/2026-04-29\\\/swiss-staffingindex-temporaermarkt-dreht-nach-drei-jahren-ins-plus\\\/#primaryimage\"},\"thumbnailUrl\":\"https:\\\/\\\/www.organisator.ch\\\/wp-content\\\/uploads\\\/2026\\\/04\\\/swiss-staffingindex-quartalsentwicklung-Q1-2026-de-scaled.jpg\",\"keywords\":[\"Arbeitsmarkt\",\"Tempor\u00e4rarbeit\"],\"articleSection\":[\"HRM\"],\"inLanguage\":\"de\"},{\"@type\":\"WebPage\",\"@id\":\"https:\\\/\\\/www.organisator.ch\\\/human-resources\\\/hrm\\\/2026-04-29\\\/swiss-staffingindex-temporaermarkt-dreht-nach-drei-jahren-ins-plus\\\/\",\"url\":\"https:\\\/\\\/www.organisator.ch\\\/human-resources\\\/hrm\\\/2026-04-29\\\/swiss-staffingindex-temporaermarkt-dreht-nach-drei-jahren-ins-plus\\\/\",\"name\":\"Swiss Staffingindex: Tempor\u00e4rmarkt dreht nach drei Jahren ins Plus - Organisator\",\"isPartOf\":{\"@id\":\"https:\\\/\\\/www.organisator.ch\\\/#website\"},\"primaryImageOfPage\":{\"@id\":\"https:\\\/\\\/www.organisator.ch\\\/human-resources\\\/hrm\\\/2026-04-29\\\/swiss-staffingindex-temporaermarkt-dreht-nach-drei-jahren-ins-plus\\\/#primaryimage\"},\"image\":{\"@id\":\"https:\\\/\\\/www.organisator.ch\\\/human-resources\\\/hrm\\\/2026-04-29\\\/swiss-staffingindex-temporaermarkt-dreht-nach-drei-jahren-ins-plus\\\/#primaryimage\"},\"thumbnailUrl\":\"https:\\\/\\\/www.organisator.ch\\\/wp-content\\\/uploads\\\/2026\\\/04\\\/swiss-staffingindex-quartalsentwicklung-Q1-2026-de-scaled.jpg\",\"datePublished\":\"2026-04-29T08:46:56+00:00\",\"description\":\"Nach 12 Quartalen w\u00e4chst der Schweizer Tempor\u00e4rmarkt wieder um 1,3%. Das Feststellengesch\u00e4ft bleibt unter Druck. Alle Zahlen zum Swiss Staffingindex Q1 2026.\",\"breadcrumb\":{\"@id\":\"https:\\\/\\\/www.organisator.ch\\\/human-resources\\\/hrm\\\/2026-04-29\\\/swiss-staffingindex-temporaermarkt-dreht-nach-drei-jahren-ins-plus\\\/#breadcrumb\"},\"inLanguage\":\"de\",\"potentialAction\":[{\"@type\":\"ReadAction\",\"target\":[\"https:\\\/\\\/www.organisator.ch\\\/human-resources\\\/hrm\\\/2026-04-29\\\/swiss-staffingindex-temporaermarkt-dreht-nach-drei-jahren-ins-plus\\\/\"]}]},{\"@type\":\"ImageObject\",\"inLanguage\":\"de\",\"@id\":\"https:\\\/\\\/www.organisator.ch\\\/human-resources\\\/hrm\\\/2026-04-29\\\/swiss-staffingindex-temporaermarkt-dreht-nach-drei-jahren-ins-plus\\\/#primaryimage\",\"url\":\"https:\\\/\\\/www.organisator.ch\\\/wp-content\\\/uploads\\\/2026\\\/04\\\/swiss-staffingindex-quartalsentwicklung-Q1-2026-de-scaled.jpg\",\"contentUrl\":\"https:\\\/\\\/www.organisator.ch\\\/wp-content\\\/uploads\\\/2026\\\/04\\\/swiss-staffingindex-quartalsentwicklung-Q1-2026-de-scaled.jpg\",\"width\":1400,\"height\":900,\"caption\":\"Feststellenmarkt bis Q1 2026 stark r\u00fcckl\u00e4ufig. Quelle: zvg\"},{\"@type\":\"BreadcrumbList\",\"@id\":\"https:\\\/\\\/www.organisator.ch\\\/human-resources\\\/hrm\\\/2026-04-29\\\/swiss-staffingindex-temporaermarkt-dreht-nach-drei-jahren-ins-plus\\\/#breadcrumb\",\"itemListElement\":[{\"@type\":\"ListItem\",\"position\":1,\"name\":\"Home\",\"item\":\"https:\\\/\\\/www.organisator.ch\\\/\"},{\"@type\":\"ListItem\",\"position\":2,\"name\":\"Swiss Staffingindex: Tempor\u00e4rmarkt dreht nach drei Jahren ins Plus\"}]},{\"@type\":\"WebSite\",\"@id\":\"https:\\\/\\\/www.organisator.ch\\\/#website\",\"url\":\"https:\\\/\\\/www.organisator.ch\\\/\",\"name\":\"Organisator\",\"description\":\"Kompetent. Praxisnah. Der ORGANISATOR bereitet in 10 Ausgaben pro Jahr die wesentlichen Themen f\u00fcr F\u00fchrungskr\u00e4fte von KMU auf.\",\"publisher\":{\"@id\":\"https:\\\/\\\/www.organisator.ch\\\/#organization\"},\"potentialAction\":[{\"@type\":\"SearchAction\",\"target\":{\"@type\":\"EntryPoint\",\"urlTemplate\":\"https:\\\/\\\/www.organisator.ch\\\/?s={search_term_string}\"},\"query-input\":{\"@type\":\"PropertyValueSpecification\",\"valueRequired\":true,\"valueName\":\"search_term_string\"}}],\"inLanguage\":\"de\"},{\"@type\":\"Organization\",\"@id\":\"https:\\\/\\\/www.organisator.ch\\\/#organization\",\"name\":\"Organisator\",\"url\":\"https:\\\/\\\/www.organisator.ch\\\/\",\"logo\":{\"@type\":\"ImageObject\",\"inLanguage\":\"de\",\"@id\":\"https:\\\/\\\/www.organisator.ch\\\/#\\\/schema\\\/logo\\\/image\\\/\",\"url\":\"https:\\\/\\\/www.organisator.ch\\\/wp-content\\\/uploads\\\/2022\\\/01\\\/Logo_Organisator_Website.png\",\"contentUrl\":\"https:\\\/\\\/www.organisator.ch\\\/wp-content\\\/uploads\\\/2022\\\/01\\\/Logo_Organisator_Website.png\",\"width\":800,\"height\":77,\"caption\":\"Organisator\"},\"image\":{\"@id\":\"https:\\\/\\\/www.organisator.ch\\\/#\\\/schema\\\/logo\\\/image\\\/\"},\"sameAs\":[\"https:\\\/\\\/www.facebook.com\\\/OrganisatorFachmagazin\",\"https:\\\/\\\/www.linkedin.com\\\/showcase\\\/organisator-das-magazin-fr-kmu\",\"https:\\\/\\\/www.xing.com\\\/news\\\/pages\\\/organisator-ch-695\",\"https:\\\/\\\/www.youtube.com\\\/channel\\\/UCGP2Sq0iWaZwT3BdIAQFYpw\"]},{\"@type\":\"Person\",\"@id\":\"https:\\\/\\\/www.organisator.ch\\\/#\\\/schema\\\/person\\\/a9d0e0eff238db87a8f840f3b50359f0\",\"name\":\"n8n\",\"image\":{\"@type\":\"ImageObject\",\"inLanguage\":\"de\",\"@id\":\"https:\\\/\\\/secure.gravatar.com\\\/avatar\\\/5368fb9d03fd415a6f335cece4c15af2502d6ca8651efbd6e8f98427a9795400?s=96&d=mm&r=g\",\"url\":\"https:\\\/\\\/secure.gravatar.com\\\/avatar\\\/5368fb9d03fd415a6f335cece4c15af2502d6ca8651efbd6e8f98427a9795400?s=96&d=mm&r=g\",\"contentUrl\":\"https:\\\/\\\/secure.gravatar.com\\\/avatar\\\/5368fb9d03fd415a6f335cece4c15af2502d6ca8651efbd6e8f98427a9795400?s=96&d=mm&r=g\",\"caption\":\"n8n\"},\"url\":\"https:\\\/\\\/www.organisator.ch\\\/de\\\/author\\\/n8n\\\/\"}]}<\/script>\n<!-- \/ Yoast SEO plugin. -->","yoast_head_json":{"title":"Swiss Staffingindex: Tempor\u00e4rmarkt dreht nach drei Jahren ins Plus - Organisator","description":"Nach 12 Quartalen w\u00e4chst der Schweizer Tempor\u00e4rmarkt wieder um 1,3%. Das Feststellengesch\u00e4ft bleibt unter Druck. Alle Zahlen zum Swiss Staffingindex Q1 2026.","robots":{"index":"index","follow":"follow","max-snippet":"max-snippet:-1","max-image-preview":"max-image-preview:large","max-video-preview":"max-video-preview:-1"},"canonical":"https:\/\/www.organisator.ch\/de\/human-resources\/hrm\/2026-04-29\/swiss-staffingindex-temporaermarkt-dreht-nach-drei-jahren-ins-plus\/","og_locale":"de_DE","og_type":"article","og_title":"Swiss Staffingindex: Tempor\u00e4rmarkt dreht nach drei Jahren ins Plus","og_description":"Nach 12 Quartalen w\u00e4chst der Schweizer Tempor\u00e4rmarkt wieder um 1,3%. Das Feststellengesch\u00e4ft bleibt unter Druck. Alle Zahlen zum Swiss Staffingindex Q1 2026.","og_url":"https:\/\/www.organisator.ch\/de\/human-resources\/hrm\/2026-04-29\/swiss-staffingindex-temporaermarkt-dreht-nach-drei-jahren-ins-plus\/","og_site_name":"Organisator","article_publisher":"https:\/\/www.facebook.com\/OrganisatorFachmagazin","article_published_time":"2026-04-29T08:46:56+00:00","og_image":[{"width":1400,"height":900,"url":"https:\/\/www.organisator.ch\/wp-content\/uploads\/2026\/04\/swiss-staffingindex-quartalsentwicklung-Q1-2026-de-scaled.jpg","type":"image\/jpeg"}],"author":"n8n","twitter_card":"summary_large_image","twitter_title":"Swiss #Staffingindex: #Tempor\u00e4rmarkt dreht nach drei Jahren ins Plus","twitter_description":"Nach 12 Quartalen w\u00e4chst der Schweizer #Tempor\u00e4rmarkt wieder um 1,3%. Das #Feststellengesch\u00e4ft bleibt unter Druck. Alle Zahlen zum Swiss #Staffingindex Q1 2026.","twitter_image":"https:\/\/www.organisator.ch\/wp-content\/uploads\/2026\/04\/swiss-staffingindex-quartalsentwicklung-Q1-2026-de-scaled.jpg","schema":{"@context":"https:\/\/schema.org","@graph":[{"@type":"Article","@id":"https:\/\/www.organisator.ch\/human-resources\/hrm\/2026-04-29\/swiss-staffingindex-temporaermarkt-dreht-nach-drei-jahren-ins-plus\/#article","isPartOf":{"@id":"https:\/\/www.organisator.ch\/human-resources\/hrm\/2026-04-29\/swiss-staffingindex-temporaermarkt-dreht-nach-drei-jahren-ins-plus\/"},"author":{"name":"n8n","@id":"https:\/\/www.organisator.ch\/#\/schema\/person\/a9d0e0eff238db87a8f840f3b50359f0"},"headline":"Swiss Staffingindex: Tempor\u00e4rmarkt dreht nach drei Jahren ins Plus","datePublished":"2026-04-29T08:46:56+00:00","mainEntityOfPage":{"@id":"https:\/\/www.organisator.ch\/human-resources\/hrm\/2026-04-29\/swiss-staffingindex-temporaermarkt-dreht-nach-drei-jahren-ins-plus\/"},"wordCount":522,"publisher":{"@id":"https:\/\/www.organisator.ch\/#organization"},"image":{"@id":"https:\/\/www.organisator.ch\/human-resources\/hrm\/2026-04-29\/swiss-staffingindex-temporaermarkt-dreht-nach-drei-jahren-ins-plus\/#primaryimage"},"thumbnailUrl":"https:\/\/www.organisator.ch\/wp-content\/uploads\/2026\/04\/swiss-staffingindex-quartalsentwicklung-Q1-2026-de-scaled.jpg","keywords":["Arbeitsmarkt","Tempor\u00e4rarbeit"],"articleSection":["HRM"],"inLanguage":"de"},{"@type":"WebPage","@id":"https:\/\/www.organisator.ch\/human-resources\/hrm\/2026-04-29\/swiss-staffingindex-temporaermarkt-dreht-nach-drei-jahren-ins-plus\/","url":"https:\/\/www.organisator.ch\/human-resources\/hrm\/2026-04-29\/swiss-staffingindex-temporaermarkt-dreht-nach-drei-jahren-ins-plus\/","name":"Swiss Staffingindex: Tempor\u00e4rmarkt dreht nach drei Jahren ins Plus - Organisator","isPartOf":{"@id":"https:\/\/www.organisator.ch\/#website"},"primaryImageOfPage":{"@id":"https:\/\/www.organisator.ch\/human-resources\/hrm\/2026-04-29\/swiss-staffingindex-temporaermarkt-dreht-nach-drei-jahren-ins-plus\/#primaryimage"},"image":{"@id":"https:\/\/www.organisator.ch\/human-resources\/hrm\/2026-04-29\/swiss-staffingindex-temporaermarkt-dreht-nach-drei-jahren-ins-plus\/#primaryimage"},"thumbnailUrl":"https:\/\/www.organisator.ch\/wp-content\/uploads\/2026\/04\/swiss-staffingindex-quartalsentwicklung-Q1-2026-de-scaled.jpg","datePublished":"2026-04-29T08:46:56+00:00","description":"Nach 12 Quartalen w\u00e4chst der Schweizer Tempor\u00e4rmarkt wieder um 1,3%. Das Feststellengesch\u00e4ft bleibt unter Druck. Alle Zahlen zum Swiss Staffingindex Q1 2026.","breadcrumb":{"@id":"https:\/\/www.organisator.ch\/human-resources\/hrm\/2026-04-29\/swiss-staffingindex-temporaermarkt-dreht-nach-drei-jahren-ins-plus\/#breadcrumb"},"inLanguage":"de","potentialAction":[{"@type":"ReadAction","target":["https:\/\/www.organisator.ch\/human-resources\/hrm\/2026-04-29\/swiss-staffingindex-temporaermarkt-dreht-nach-drei-jahren-ins-plus\/"]}]},{"@type":"ImageObject","inLanguage":"de","@id":"https:\/\/www.organisator.ch\/human-resources\/hrm\/2026-04-29\/swiss-staffingindex-temporaermarkt-dreht-nach-drei-jahren-ins-plus\/#primaryimage","url":"https:\/\/www.organisator.ch\/wp-content\/uploads\/2026\/04\/swiss-staffingindex-quartalsentwicklung-Q1-2026-de-scaled.jpg","contentUrl":"https:\/\/www.organisator.ch\/wp-content\/uploads\/2026\/04\/swiss-staffingindex-quartalsentwicklung-Q1-2026-de-scaled.jpg","width":1400,"height":900,"caption":"Feststellenmarkt bis Q1 2026 stark r\u00fcckl\u00e4ufig. Quelle: zvg"},{"@type":"BreadcrumbList","@id":"https:\/\/www.organisator.ch\/human-resources\/hrm\/2026-04-29\/swiss-staffingindex-temporaermarkt-dreht-nach-drei-jahren-ins-plus\/#breadcrumb","itemListElement":[{"@type":"ListItem","position":1,"name":"Home","item":"https:\/\/www.organisator.ch\/"},{"@type":"ListItem","position":2,"name":"Swiss Staffingindex: Tempor\u00e4rmarkt dreht nach drei Jahren ins Plus"}]},{"@type":"WebSite","@id":"https:\/\/www.organisator.ch\/#website","url":"https:\/\/www.organisator.ch\/","name":"Organisator","description":"Kompetent. Praxisnah. Der ORGANISATOR bereitet in 10 Ausgaben pro Jahr die wesentlichen Themen f\u00fcr F\u00fchrungskr\u00e4fte von KMU auf.","publisher":{"@id":"https:\/\/www.organisator.ch\/#organization"},"potentialAction":[{"@type":"SearchAction","target":{"@type":"EntryPoint","urlTemplate":"https:\/\/www.organisator.ch\/?s={search_term_string}"},"query-input":{"@type":"PropertyValueSpecification","valueRequired":true,"valueName":"search_term_string"}}],"inLanguage":"de"},{"@type":"Organization","@id":"https:\/\/www.organisator.ch\/#organization","name":"Organisator","url":"https:\/\/www.organisator.ch\/","logo":{"@type":"ImageObject","inLanguage":"de","@id":"https:\/\/www.organisator.ch\/#\/schema\/logo\/image\/","url":"https:\/\/www.organisator.ch\/wp-content\/uploads\/2022\/01\/Logo_Organisator_Website.png","contentUrl":"https:\/\/www.organisator.ch\/wp-content\/uploads\/2022\/01\/Logo_Organisator_Website.png","width":800,"height":77,"caption":"Organisator"},"image":{"@id":"https:\/\/www.organisator.ch\/#\/schema\/logo\/image\/"},"sameAs":["https:\/\/www.facebook.com\/OrganisatorFachmagazin","https:\/\/www.linkedin.com\/showcase\/organisator-das-magazin-fr-kmu","https:\/\/www.xing.com\/news\/pages\/organisator-ch-695","https:\/\/www.youtube.com\/channel\/UCGP2Sq0iWaZwT3BdIAQFYpw"]},{"@type":"Person","@id":"https:\/\/www.organisator.ch\/#\/schema\/person\/a9d0e0eff238db87a8f840f3b50359f0","name":"n8n","image":{"@type":"ImageObject","inLanguage":"de","@id":"https:\/\/secure.gravatar.com\/avatar\/5368fb9d03fd415a6f335cece4c15af2502d6ca8651efbd6e8f98427a9795400?s=96&d=mm&r=g","url":"https:\/\/secure.gravatar.com\/avatar\/5368fb9d03fd415a6f335cece4c15af2502d6ca8651efbd6e8f98427a9795400?s=96&d=mm&r=g","contentUrl":"https:\/\/secure.gravatar.com\/avatar\/5368fb9d03fd415a6f335cece4c15af2502d6ca8651efbd6e8f98427a9795400?s=96&d=mm&r=g","caption":"n8n"},"url":"https:\/\/www.organisator.ch\/de\/author\/n8n\/"}]}},"_links":{"self":[{"href":"https:\/\/www.organisator.ch\/de\/wp-json\/wp\/v2\/posts\/48185","targetHints":{"allow":["GET"]}}],"collection":[{"href":"https:\/\/www.organisator.ch\/de\/wp-json\/wp\/v2\/posts"}],"about":[{"href":"https:\/\/www.organisator.ch\/de\/wp-json\/wp\/v2\/types\/post"}],"author":[{"embeddable":true,"href":"https:\/\/www.organisator.ch\/de\/wp-json\/wp\/v2\/users\/107"}],"replies":[{"embeddable":true,"href":"https:\/\/www.organisator.ch\/de\/wp-json\/wp\/v2\/comments?post=48185"}],"version-history":[{"count":4,"href":"https:\/\/www.organisator.ch\/de\/wp-json\/wp\/v2\/posts\/48185\/revisions"}],"predecessor-version":[{"id":48229,"href":"https:\/\/www.organisator.ch\/de\/wp-json\/wp\/v2\/posts\/48185\/revisions\/48229"}],"wp:featuredmedia":[{"embeddable":true,"href":"https:\/\/www.organisator.ch\/de\/wp-json\/wp\/v2\/media\/48183"}],"wp:attachment":[{"href":"https:\/\/www.organisator.ch\/de\/wp-json\/wp\/v2\/media?parent=48185"}],"wp:term":[{"taxonomy":"category","embeddable":true,"href":"https:\/\/www.organisator.ch\/de\/wp-json\/wp\/v2\/categories?post=48185"},{"taxonomy":"post_tag","embeddable":true,"href":"https:\/\/www.organisator.ch\/de\/wp-json\/wp\/v2\/tags?post=48185"}],"curies":[{"name":"wp","href":"https:\/\/api.w.org\/{rel}","templated":true}]}}