{"id":4832,"date":"2019-01-31T13:31:15","date_gmt":"2019-01-31T12:31:15","guid":{"rendered":"https:\/\/www.organisator.ch\/?p=4832"},"modified":"2019-01-31T13:31:15","modified_gmt":"2019-01-31T12:31:15","slug":"fuenf-thesen-zur-zusammenarbeit-von-mensch-und-maschine","status":"publish","type":"post","link":"https:\/\/www.organisator.ch\/de\/human-resources\/hrm\/2019-01-31\/fuenf-thesen-zur-zusammenarbeit-von-mensch-und-maschine\/","title":{"rendered":"F\u00fcnf Thesen zur Zusammenarbeit von Mensch und Maschine"},"content":{"rendered":"<figure id=\"attachment_4834\" aria-describedby=\"caption-attachment-4834\" style=\"width: 680px\" class=\"wp-caption alignnone\"><img loading=\"lazy\" decoding=\"async\" class=\"size-medium wp-image-4834\" src=\"https:\/\/www.organisator.ch\/wp-content\/uploads\/2019\/01\/Fuenf-Thesen-zur-Zusammenarbeit-von-Mensch-und-Maschine_Organisator.jpg\" alt=\"\" width=\"680\" height=\"454\" srcset=\"https:\/\/www.organisator.ch\/wp-content\/uploads\/2019\/01\/Fuenf-Thesen-zur-Zusammenarbeit-von-Mensch-und-Maschine_Organisator.jpg 680w, https:\/\/www.organisator.ch\/wp-content\/uploads\/2019\/01\/Fuenf-Thesen-zur-Zusammenarbeit-von-Mensch-und-Maschine_Organisator-16x12.jpg 16w, https:\/\/www.organisator.ch\/wp-content\/uploads\/2019\/01\/Fuenf-Thesen-zur-Zusammenarbeit-von-Mensch-und-Maschine_Organisator-262x175.jpg 262w, https:\/\/www.organisator.ch\/wp-content\/uploads\/2019\/01\/Fuenf-Thesen-zur-Zusammenarbeit-von-Mensch-und-Maschine_Organisator-524x350.jpg 524w, https:\/\/www.organisator.ch\/wp-content\/uploads\/2019\/01\/Fuenf-Thesen-zur-Zusammenarbeit-von-Mensch-und-Maschine_Organisator-300x200.jpg 300w\" sizes=\"auto, (max-width: 680px) 100vw, 680px\" \/><figcaption id=\"caption-attachment-4834\" class=\"wp-caption-text\">Die technologische Entwicklung macht neue Gedanken \u00fcber das Zusammenwirken von Mensch und Maschine n\u00f6tig. (Bild: Atos)<\/figcaption><\/figure>\n<p>Digitalisierung, Automatisierung und k\u00fcnstliche Intelligenz ver\u00e4ndern die Arbeitswelt rasant. Ver\u00e4ndern wird sich auch das HR-Management &#8211; und sind neue Denk-Ans\u00e4tze \u00fcber das Zusammenwirken von Mensch und Maschine notwendig.\u00a0<span lang=\"DE\">Jan Krans, Director Enterprise Collaboration von Atos, hat k\u00fcrzlich auf dem World Web Forum 2019 in Z\u00fcrich seine Thesen f\u00fcr ein neues HR-Management dargelegt. Diese Thesen lassen sich wie folgt zusammenfassen:<\/span><\/p>\n<h2><b><strong>1. Erfolgsentscheidend: Die Beziehung von Mensch und Maschine <\/strong><\/b><\/h2>\n<p>Wie Mensch und Maschine zusammenarbeiten, wird mehr und mehr \u00fcber den Erfolg von Unternehmen entscheiden. Als Konsequenz muss sich das Personalmanagement neu erfinden: Im Fokus steht k\u00fcnftig nicht mehr ausschliesslich die pers\u00f6nliche Entwicklung der Mitarbeiter. Eine ebenso grosse Rolle spielen neue Technologien, die einen immensen Beitrag f\u00fcr die Entwicklung des Unternehmens bedeuten k\u00f6nnen.<\/p>\n<h2><b><strong>2. Klassisches Human Resource Management reicht nicht mehr<\/strong><\/b><\/h2>\n<p>Zum Human Resource Management \u2013 kurz HRM \u2013 muss ein weiteres \u201eM\u201c hinzukommen. Dieses steht f\u00fcr \u201eMaschine\u201c. Die neue Formel f\u00fcr die Personalabteilung lautet also: Human and Machine Resource Management, HMRM. Gefordert ist nicht nur der Fokus auf eine ausgeglichene Beziehung zwischen Angestellten und Arbeitgeber. Entscheidend ist, dass das HMRM der Gesch\u00e4ftsf\u00fchrung entscheidende Impulse verleiht, \u00fcber den Tellerrand zu blicken und sich vom ausschliesslichen Fokus auf Effizienz und Gewinnstreben zu verabschieden. Geschieht dies nicht, wird die Organisation \u00fcber kurz oder lang zu einem unattraktiven Arbeitgeber.<\/p>\n<h2><b><strong>3. Maschinen schaffen Freir\u00e4ume f\u00fcr pers\u00f6nliche Entwicklung<\/strong><\/b><\/h2>\n<p>Neue Technologien sind nicht die Feinde der Mitarbeiter. Automatisierung und kontinuierliche Optimierung von Gesch\u00e4ftsprozessen entlasten Mitarbeiter. Aufgrund dieser freigewordenen Kapazit\u00e4ten k\u00f6nnen sie sich auf neue Aufgaben und Fragestellungen konzentrieren, die nicht nur das Unternehmen voranbringen, sondern auch ihren eigenen Horizont erweitern und sie selbst beruflich voranbringen.<\/p>\n<h2><strong>4. Arbeiten in selbstst\u00e4ndigen Teams \/ Die neue Rolle des Vorgesetzen<\/strong><\/h2>\n<p>Das <strong>selbstst\u00e4ndige<\/strong> Arbeiten in Teams ist eine wichtige Komponente der Arbeitswelt der Zukunft. Im Vordergrund steht, die Verantwortlichkeiten m\u00f6glichst weit auf die einzelnen Teams und Mitarbeiter zu \u00fcbertragen. In einer solchen Umgebung, in der das Team gr\u00f6sstenteils unabh\u00e4ngig agiert, kommt auch dem Vorgesetzten eine neue Rolle zu. Er fungiert als beratender Begleiter des Teams, der Themen priorisiert, Probleme l\u00f6st und Entscheidungen von gr\u00f6sserer Tragweite trifft. \u00dcber das Team-Dashboard verfolgt er die Ergebnisse und die Aktivit\u00e4ten seines Teams. Die Notwendigkeit pers\u00f6nlicher Treffen reduziert sich enorm, zum Beispiel auf ein einziges Meeting im Quartal.<\/p>\n<h2><b><strong>5. Neues Arbeiten erfordert neue Tools<\/strong><\/b><\/h2>\n<p>Die Zukunft der Arbeit ist nicht nur von selbstst\u00e4ndigen Teams gepr\u00e4gt, sondern auch vom Agieren in Netzwerken \u2013 mit anderen Teams oder externen Partnern. Dies erfordert neue technische Plattformen: Gefragt sind Infrastrukturen f\u00fcr Social Collaboration. So lassen sich gemeinsam \u2013 unternehmens-, team- und l\u00e4nder\u00fcbergreifend \u2013 Probleme l\u00f6sen, Gesch\u00e4ftsprozesse optimieren, Best-Practices definieren und neue Gesch\u00e4ftsfelder erschliessen.<\/p>\n<p><em>Quelle: <a href=\"https:\/\/atos.net\/de-ch\/switzerland\">Atos<\/a><\/em><\/p>\n","protected":false},"excerpt":{"rendered":"<p>Digitalisierung, Automatisierung und k\u00fcnstliche Intelligenz ver\u00e4ndern die Arbeitswelt rasant. Ver\u00e4ndern wird sich auch das HR-Management &#8211; und sind neue Denk-Ans\u00e4tze \u00fcber das Zusammenwirken von Mensch und Maschine notwendig.\u00a0Jan Krans, Director Enterprise Collaboration von Atos, hat k\u00fcrzlich auf dem World Web Forum 2019 in Z\u00fcrich seine Thesen f\u00fcr ein neues HR-Management dargelegt. Diese Thesen lassen sich [&hellip;]<\/p>\n","protected":false},"author":4,"featured_media":4834,"comment_status":"open","ping_status":"open","sticky":false,"template":"","format":"standard","meta":{"_acf_changed":false,"_yoast_wpseo_focuskw":"Mensch und Maschine","_yoast_wpseo_metadesc":"Neue Technologien schaffen neue Jobs \u2013 vorausgesetzt Unternehmen machen sich grundlegende Gedanken \u00fcber das Zusammenwirken von Mensch und Maschine.","articlekey":"","footnotes":""},"categories":[26],"tags":[156,254,319,496],"class_list":["post-4832","post","type-post","status-publish","format-standard","has-post-thumbnail","hentry","category-hrm","tag-digitalisierung","tag-hrm","tag-kuenstliche-intelligenz","tag-unternehmensfuehrung"],"acf":[],"yoast_head":"<!-- This site is optimized with the Yoast SEO plugin v27.4 - https:\/\/yoast.com\/product\/yoast-seo-wordpress\/ -->\n<title>F\u00fcnf Thesen zur Zusammenarbeit von Mensch und Maschine - Organisator<\/title>\n<meta name=\"description\" content=\"Neue Technologien schaffen neue Jobs \u2013 vorausgesetzt Unternehmen machen sich grundlegende Gedanken \u00fcber das Zusammenwirken von Mensch und Maschine.\" \/>\n<meta name=\"robots\" content=\"index, follow, max-snippet:-1, max-image-preview:large, max-video-preview:-1\" \/>\n<link rel=\"canonical\" href=\"https:\/\/www.organisator.ch\/de\/human-resources\/hrm\/2019-01-31\/fuenf-thesen-zur-zusammenarbeit-von-mensch-und-maschine\/\" \/>\n<meta property=\"og:locale\" content=\"de_DE\" \/>\n<meta property=\"og:type\" content=\"article\" \/>\n<meta property=\"og:title\" content=\"F\u00fcnf Thesen zur Zusammenarbeit von Mensch und Maschine\" \/>\n<meta property=\"og:description\" content=\"Neue Technologien schaffen neue Jobs \u2013 vorausgesetzt Unternehmen machen sich grundlegende Gedanken \u00fcber das Zusammenwirken von Mensch und Maschine.\" \/>\n<meta property=\"og:url\" content=\"https:\/\/www.organisator.ch\/de\/human-resources\/hrm\/2019-01-31\/fuenf-thesen-zur-zusammenarbeit-von-mensch-und-maschine\/\" \/>\n<meta property=\"og:site_name\" content=\"Organisator\" \/>\n<meta property=\"article:publisher\" content=\"https:\/\/www.facebook.com\/OrganisatorFachmagazin\" \/>\n<meta property=\"article:published_time\" content=\"2019-01-31T12:31:15+00:00\" \/>\n<meta property=\"og:image\" content=\"https:\/\/www.organisator.ch\/wp-content\/uploads\/2019\/01\/Fuenf-Thesen-zur-Zusammenarbeit-von-Mensch-und-Maschine_Organisator.jpg\" \/>\n\t<meta property=\"og:image:width\" content=\"680\" \/>\n\t<meta property=\"og:image:height\" content=\"454\" \/>\n\t<meta property=\"og:image:type\" content=\"image\/jpeg\" \/>\n<meta name=\"author\" content=\"thomas.berner\" \/>\n<meta name=\"twitter:card\" content=\"summary_large_image\" \/>\n<meta name=\"twitter:title\" content=\"F\u00fcnf Thesen zur Zusammenarbeit von #Mensch und #Maschine\" \/>\n<meta name=\"twitter:description\" content=\"Neue Technologien schaffen neue Jobs \u2013 vorausgesetzt Unternehmen machen sich grundlegende Gedanken \u00fcber das Zusammenwirken von Mensch und Maschine.\" \/>\n<meta name=\"twitter:image\" content=\"https:\/\/www.organisator.ch\/wp-content\/uploads\/2019\/01\/F\u00fcnf-Thesen-zur-Zusammenarbeit-von-Mensch-und-Maschine_Organisator.jpg\" \/>\n<script type=\"application\/ld+json\" class=\"yoast-schema-graph\">{\"@context\":\"https:\\\/\\\/schema.org\",\"@graph\":[{\"@type\":\"Article\",\"@id\":\"https:\\\/\\\/www.organisator.ch\\\/human-resources\\\/hrm\\\/2019-01-31\\\/fuenf-thesen-zur-zusammenarbeit-von-mensch-und-maschine\\\/#article\",\"isPartOf\":{\"@id\":\"https:\\\/\\\/www.organisator.ch\\\/human-resources\\\/hrm\\\/2019-01-31\\\/fuenf-thesen-zur-zusammenarbeit-von-mensch-und-maschine\\\/\"},\"author\":{\"name\":\"thomas.berner\",\"@id\":\"https:\\\/\\\/www.organisator.ch\\\/#\\\/schema\\\/person\\\/6f650f90b2842cd4c0cc334b4e36f67e\"},\"headline\":\"F\u00fcnf Thesen zur Zusammenarbeit von Mensch und Maschine\",\"datePublished\":\"2019-01-31T12:31:15+00:00\",\"mainEntityOfPage\":{\"@id\":\"https:\\\/\\\/www.organisator.ch\\\/human-resources\\\/hrm\\\/2019-01-31\\\/fuenf-thesen-zur-zusammenarbeit-von-mensch-und-maschine\\\/\"},\"wordCount\":491,\"commentCount\":0,\"publisher\":{\"@id\":\"https:\\\/\\\/www.organisator.ch\\\/#organization\"},\"image\":{\"@id\":\"https:\\\/\\\/www.organisator.ch\\\/human-resources\\\/hrm\\\/2019-01-31\\\/fuenf-thesen-zur-zusammenarbeit-von-mensch-und-maschine\\\/#primaryimage\"},\"thumbnailUrl\":\"https:\\\/\\\/www.organisator.ch\\\/wp-content\\\/uploads\\\/2019\\\/01\\\/Fuenf-Thesen-zur-Zusammenarbeit-von-Mensch-und-Maschine_Organisator.jpg\",\"keywords\":[\"Digitalisierung\",\"HRM\",\"K\u00fcnstliche Intelligenz\",\"Unternehmensf\u00fchrung\"],\"articleSection\":[\"HRM\"],\"inLanguage\":\"de\"},{\"@type\":\"WebPage\",\"@id\":\"https:\\\/\\\/www.organisator.ch\\\/human-resources\\\/hrm\\\/2019-01-31\\\/fuenf-thesen-zur-zusammenarbeit-von-mensch-und-maschine\\\/\",\"url\":\"https:\\\/\\\/www.organisator.ch\\\/human-resources\\\/hrm\\\/2019-01-31\\\/fuenf-thesen-zur-zusammenarbeit-von-mensch-und-maschine\\\/\",\"name\":\"F\u00fcnf Thesen zur Zusammenarbeit von Mensch und Maschine - Organisator\",\"isPartOf\":{\"@id\":\"https:\\\/\\\/www.organisator.ch\\\/#website\"},\"primaryImageOfPage\":{\"@id\":\"https:\\\/\\\/www.organisator.ch\\\/human-resources\\\/hrm\\\/2019-01-31\\\/fuenf-thesen-zur-zusammenarbeit-von-mensch-und-maschine\\\/#primaryimage\"},\"image\":{\"@id\":\"https:\\\/\\\/www.organisator.ch\\\/human-resources\\\/hrm\\\/2019-01-31\\\/fuenf-thesen-zur-zusammenarbeit-von-mensch-und-maschine\\\/#primaryimage\"},\"thumbnailUrl\":\"https:\\\/\\\/www.organisator.ch\\\/wp-content\\\/uploads\\\/2019\\\/01\\\/Fuenf-Thesen-zur-Zusammenarbeit-von-Mensch-und-Maschine_Organisator.jpg\",\"datePublished\":\"2019-01-31T12:31:15+00:00\",\"description\":\"Neue Technologien schaffen neue Jobs \u2013 vorausgesetzt Unternehmen machen sich grundlegende Gedanken \u00fcber das Zusammenwirken von Mensch und Maschine.\",\"breadcrumb\":{\"@id\":\"https:\\\/\\\/www.organisator.ch\\\/human-resources\\\/hrm\\\/2019-01-31\\\/fuenf-thesen-zur-zusammenarbeit-von-mensch-und-maschine\\\/#breadcrumb\"},\"inLanguage\":\"de\",\"potentialAction\":[{\"@type\":\"ReadAction\",\"target\":[\"https:\\\/\\\/www.organisator.ch\\\/human-resources\\\/hrm\\\/2019-01-31\\\/fuenf-thesen-zur-zusammenarbeit-von-mensch-und-maschine\\\/\"]}]},{\"@type\":\"ImageObject\",\"inLanguage\":\"de\",\"@id\":\"https:\\\/\\\/www.organisator.ch\\\/human-resources\\\/hrm\\\/2019-01-31\\\/fuenf-thesen-zur-zusammenarbeit-von-mensch-und-maschine\\\/#primaryimage\",\"url\":\"https:\\\/\\\/www.organisator.ch\\\/wp-content\\\/uploads\\\/2019\\\/01\\\/Fuenf-Thesen-zur-Zusammenarbeit-von-Mensch-und-Maschine_Organisator.jpg\",\"contentUrl\":\"https:\\\/\\\/www.organisator.ch\\\/wp-content\\\/uploads\\\/2019\\\/01\\\/Fuenf-Thesen-zur-Zusammenarbeit-von-Mensch-und-Maschine_Organisator.jpg\",\"width\":680,\"height\":454,\"caption\":\"Die technologische Entwicklung macht neue Gedanken \u00fcber das Zusammenwirken von Mensch und Maschine n\u00f6tig. (Bild: Atos)\"},{\"@type\":\"BreadcrumbList\",\"@id\":\"https:\\\/\\\/www.organisator.ch\\\/human-resources\\\/hrm\\\/2019-01-31\\\/fuenf-thesen-zur-zusammenarbeit-von-mensch-und-maschine\\\/#breadcrumb\",\"itemListElement\":[{\"@type\":\"ListItem\",\"position\":1,\"name\":\"Home\",\"item\":\"https:\\\/\\\/www.organisator.ch\\\/\"},{\"@type\":\"ListItem\",\"position\":2,\"name\":\"F\u00fcnf Thesen zur Zusammenarbeit von Mensch und Maschine\"}]},{\"@type\":\"WebSite\",\"@id\":\"https:\\\/\\\/www.organisator.ch\\\/#website\",\"url\":\"https:\\\/\\\/www.organisator.ch\\\/\",\"name\":\"Organisator\",\"description\":\"Kompetent. Praxisnah. Der ORGANISATOR bereitet in 10 Ausgaben pro Jahr die wesentlichen Themen f\u00fcr F\u00fchrungskr\u00e4fte von KMU auf.\",\"publisher\":{\"@id\":\"https:\\\/\\\/www.organisator.ch\\\/#organization\"},\"potentialAction\":[{\"@type\":\"SearchAction\",\"target\":{\"@type\":\"EntryPoint\",\"urlTemplate\":\"https:\\\/\\\/www.organisator.ch\\\/?s={search_term_string}\"},\"query-input\":{\"@type\":\"PropertyValueSpecification\",\"valueRequired\":true,\"valueName\":\"search_term_string\"}}],\"inLanguage\":\"de\"},{\"@type\":\"Organization\",\"@id\":\"https:\\\/\\\/www.organisator.ch\\\/#organization\",\"name\":\"Organisator\",\"url\":\"https:\\\/\\\/www.organisator.ch\\\/\",\"logo\":{\"@type\":\"ImageObject\",\"inLanguage\":\"de\",\"@id\":\"https:\\\/\\\/www.organisator.ch\\\/#\\\/schema\\\/logo\\\/image\\\/\",\"url\":\"https:\\\/\\\/www.organisator.ch\\\/wp-content\\\/uploads\\\/2022\\\/01\\\/Logo_Organisator_Website.png\",\"contentUrl\":\"https:\\\/\\\/www.organisator.ch\\\/wp-content\\\/uploads\\\/2022\\\/01\\\/Logo_Organisator_Website.png\",\"width\":800,\"height\":77,\"caption\":\"Organisator\"},\"image\":{\"@id\":\"https:\\\/\\\/www.organisator.ch\\\/#\\\/schema\\\/logo\\\/image\\\/\"},\"sameAs\":[\"https:\\\/\\\/www.facebook.com\\\/OrganisatorFachmagazin\",\"https:\\\/\\\/www.linkedin.com\\\/showcase\\\/organisator-das-magazin-fr-kmu\",\"https:\\\/\\\/www.xing.com\\\/news\\\/pages\\\/organisator-ch-695\",\"https:\\\/\\\/www.youtube.com\\\/channel\\\/UCGP2Sq0iWaZwT3BdIAQFYpw\"]},{\"@type\":\"Person\",\"@id\":\"https:\\\/\\\/www.organisator.ch\\\/#\\\/schema\\\/person\\\/6f650f90b2842cd4c0cc334b4e36f67e\",\"name\":\"thomas.berner\",\"image\":{\"@type\":\"ImageObject\",\"inLanguage\":\"de\",\"@id\":\"https:\\\/\\\/secure.gravatar.com\\\/avatar\\\/ac5001d2a36cb6c6cd3e50789007ffca834b477b74a2144564522e944eabff61?s=96&d=mm&r=g\",\"url\":\"https:\\\/\\\/secure.gravatar.com\\\/avatar\\\/ac5001d2a36cb6c6cd3e50789007ffca834b477b74a2144564522e944eabff61?s=96&d=mm&r=g\",\"contentUrl\":\"https:\\\/\\\/secure.gravatar.com\\\/avatar\\\/ac5001d2a36cb6c6cd3e50789007ffca834b477b74a2144564522e944eabff61?s=96&d=mm&r=g\",\"caption\":\"thomas.berner\"},\"url\":\"https:\\\/\\\/www.organisator.ch\\\/de\\\/author\\\/thomas-berner\\\/\"}]}<\/script>\n<!-- \/ Yoast SEO plugin. -->","yoast_head_json":{"title":"F\u00fcnf Thesen zur Zusammenarbeit von Mensch und Maschine - Organisator","description":"Neue Technologien schaffen neue Jobs \u2013 vorausgesetzt Unternehmen machen sich grundlegende Gedanken \u00fcber das Zusammenwirken von Mensch und Maschine.","robots":{"index":"index","follow":"follow","max-snippet":"max-snippet:-1","max-image-preview":"max-image-preview:large","max-video-preview":"max-video-preview:-1"},"canonical":"https:\/\/www.organisator.ch\/de\/human-resources\/hrm\/2019-01-31\/fuenf-thesen-zur-zusammenarbeit-von-mensch-und-maschine\/","og_locale":"de_DE","og_type":"article","og_title":"F\u00fcnf Thesen zur Zusammenarbeit von Mensch und Maschine","og_description":"Neue Technologien schaffen neue Jobs \u2013 vorausgesetzt Unternehmen machen sich grundlegende Gedanken \u00fcber das Zusammenwirken von Mensch und Maschine.","og_url":"https:\/\/www.organisator.ch\/de\/human-resources\/hrm\/2019-01-31\/fuenf-thesen-zur-zusammenarbeit-von-mensch-und-maschine\/","og_site_name":"Organisator","article_publisher":"https:\/\/www.facebook.com\/OrganisatorFachmagazin","article_published_time":"2019-01-31T12:31:15+00:00","og_image":[{"width":680,"height":454,"url":"https:\/\/www.organisator.ch\/wp-content\/uploads\/2019\/01\/Fuenf-Thesen-zur-Zusammenarbeit-von-Mensch-und-Maschine_Organisator.jpg","type":"image\/jpeg"}],"author":"thomas.berner","twitter_card":"summary_large_image","twitter_title":"F\u00fcnf Thesen zur Zusammenarbeit von #Mensch und #Maschine","twitter_description":"Neue Technologien schaffen neue Jobs \u2013 vorausgesetzt Unternehmen machen sich grundlegende Gedanken \u00fcber das Zusammenwirken von Mensch und Maschine.","twitter_image":"https:\/\/www.organisator.ch\/wp-content\/uploads\/2019\/01\/F\u00fcnf-Thesen-zur-Zusammenarbeit-von-Mensch-und-Maschine_Organisator.jpg","schema":{"@context":"https:\/\/schema.org","@graph":[{"@type":"Article","@id":"https:\/\/www.organisator.ch\/human-resources\/hrm\/2019-01-31\/fuenf-thesen-zur-zusammenarbeit-von-mensch-und-maschine\/#article","isPartOf":{"@id":"https:\/\/www.organisator.ch\/human-resources\/hrm\/2019-01-31\/fuenf-thesen-zur-zusammenarbeit-von-mensch-und-maschine\/"},"author":{"name":"thomas.berner","@id":"https:\/\/www.organisator.ch\/#\/schema\/person\/6f650f90b2842cd4c0cc334b4e36f67e"},"headline":"F\u00fcnf Thesen zur Zusammenarbeit von Mensch und Maschine","datePublished":"2019-01-31T12:31:15+00:00","mainEntityOfPage":{"@id":"https:\/\/www.organisator.ch\/human-resources\/hrm\/2019-01-31\/fuenf-thesen-zur-zusammenarbeit-von-mensch-und-maschine\/"},"wordCount":491,"commentCount":0,"publisher":{"@id":"https:\/\/www.organisator.ch\/#organization"},"image":{"@id":"https:\/\/www.organisator.ch\/human-resources\/hrm\/2019-01-31\/fuenf-thesen-zur-zusammenarbeit-von-mensch-und-maschine\/#primaryimage"},"thumbnailUrl":"https:\/\/www.organisator.ch\/wp-content\/uploads\/2019\/01\/Fuenf-Thesen-zur-Zusammenarbeit-von-Mensch-und-Maschine_Organisator.jpg","keywords":["Digitalisierung","HRM","K\u00fcnstliche Intelligenz","Unternehmensf\u00fchrung"],"articleSection":["HRM"],"inLanguage":"de"},{"@type":"WebPage","@id":"https:\/\/www.organisator.ch\/human-resources\/hrm\/2019-01-31\/fuenf-thesen-zur-zusammenarbeit-von-mensch-und-maschine\/","url":"https:\/\/www.organisator.ch\/human-resources\/hrm\/2019-01-31\/fuenf-thesen-zur-zusammenarbeit-von-mensch-und-maschine\/","name":"F\u00fcnf Thesen zur Zusammenarbeit von Mensch und Maschine - Organisator","isPartOf":{"@id":"https:\/\/www.organisator.ch\/#website"},"primaryImageOfPage":{"@id":"https:\/\/www.organisator.ch\/human-resources\/hrm\/2019-01-31\/fuenf-thesen-zur-zusammenarbeit-von-mensch-und-maschine\/#primaryimage"},"image":{"@id":"https:\/\/www.organisator.ch\/human-resources\/hrm\/2019-01-31\/fuenf-thesen-zur-zusammenarbeit-von-mensch-und-maschine\/#primaryimage"},"thumbnailUrl":"https:\/\/www.organisator.ch\/wp-content\/uploads\/2019\/01\/Fuenf-Thesen-zur-Zusammenarbeit-von-Mensch-und-Maschine_Organisator.jpg","datePublished":"2019-01-31T12:31:15+00:00","description":"Neue Technologien schaffen neue Jobs \u2013 vorausgesetzt Unternehmen machen sich grundlegende Gedanken \u00fcber das Zusammenwirken von Mensch und Maschine.","breadcrumb":{"@id":"https:\/\/www.organisator.ch\/human-resources\/hrm\/2019-01-31\/fuenf-thesen-zur-zusammenarbeit-von-mensch-und-maschine\/#breadcrumb"},"inLanguage":"de","potentialAction":[{"@type":"ReadAction","target":["https:\/\/www.organisator.ch\/human-resources\/hrm\/2019-01-31\/fuenf-thesen-zur-zusammenarbeit-von-mensch-und-maschine\/"]}]},{"@type":"ImageObject","inLanguage":"de","@id":"https:\/\/www.organisator.ch\/human-resources\/hrm\/2019-01-31\/fuenf-thesen-zur-zusammenarbeit-von-mensch-und-maschine\/#primaryimage","url":"https:\/\/www.organisator.ch\/wp-content\/uploads\/2019\/01\/Fuenf-Thesen-zur-Zusammenarbeit-von-Mensch-und-Maschine_Organisator.jpg","contentUrl":"https:\/\/www.organisator.ch\/wp-content\/uploads\/2019\/01\/Fuenf-Thesen-zur-Zusammenarbeit-von-Mensch-und-Maschine_Organisator.jpg","width":680,"height":454,"caption":"Die technologische Entwicklung macht neue Gedanken \u00fcber das Zusammenwirken von Mensch und Maschine n\u00f6tig. (Bild: Atos)"},{"@type":"BreadcrumbList","@id":"https:\/\/www.organisator.ch\/human-resources\/hrm\/2019-01-31\/fuenf-thesen-zur-zusammenarbeit-von-mensch-und-maschine\/#breadcrumb","itemListElement":[{"@type":"ListItem","position":1,"name":"Home","item":"https:\/\/www.organisator.ch\/"},{"@type":"ListItem","position":2,"name":"F\u00fcnf Thesen zur Zusammenarbeit von Mensch und Maschine"}]},{"@type":"WebSite","@id":"https:\/\/www.organisator.ch\/#website","url":"https:\/\/www.organisator.ch\/","name":"Organisator","description":"Kompetent. Praxisnah. Der ORGANISATOR bereitet in 10 Ausgaben pro Jahr die wesentlichen Themen f\u00fcr F\u00fchrungskr\u00e4fte von KMU auf.","publisher":{"@id":"https:\/\/www.organisator.ch\/#organization"},"potentialAction":[{"@type":"SearchAction","target":{"@type":"EntryPoint","urlTemplate":"https:\/\/www.organisator.ch\/?s={search_term_string}"},"query-input":{"@type":"PropertyValueSpecification","valueRequired":true,"valueName":"search_term_string"}}],"inLanguage":"de"},{"@type":"Organization","@id":"https:\/\/www.organisator.ch\/#organization","name":"Organisator","url":"https:\/\/www.organisator.ch\/","logo":{"@type":"ImageObject","inLanguage":"de","@id":"https:\/\/www.organisator.ch\/#\/schema\/logo\/image\/","url":"https:\/\/www.organisator.ch\/wp-content\/uploads\/2022\/01\/Logo_Organisator_Website.png","contentUrl":"https:\/\/www.organisator.ch\/wp-content\/uploads\/2022\/01\/Logo_Organisator_Website.png","width":800,"height":77,"caption":"Organisator"},"image":{"@id":"https:\/\/www.organisator.ch\/#\/schema\/logo\/image\/"},"sameAs":["https:\/\/www.facebook.com\/OrganisatorFachmagazin","https:\/\/www.linkedin.com\/showcase\/organisator-das-magazin-fr-kmu","https:\/\/www.xing.com\/news\/pages\/organisator-ch-695","https:\/\/www.youtube.com\/channel\/UCGP2Sq0iWaZwT3BdIAQFYpw"]},{"@type":"Person","@id":"https:\/\/www.organisator.ch\/#\/schema\/person\/6f650f90b2842cd4c0cc334b4e36f67e","name":"thomas.berner","image":{"@type":"ImageObject","inLanguage":"de","@id":"https:\/\/secure.gravatar.com\/avatar\/ac5001d2a36cb6c6cd3e50789007ffca834b477b74a2144564522e944eabff61?s=96&d=mm&r=g","url":"https:\/\/secure.gravatar.com\/avatar\/ac5001d2a36cb6c6cd3e50789007ffca834b477b74a2144564522e944eabff61?s=96&d=mm&r=g","contentUrl":"https:\/\/secure.gravatar.com\/avatar\/ac5001d2a36cb6c6cd3e50789007ffca834b477b74a2144564522e944eabff61?s=96&d=mm&r=g","caption":"thomas.berner"},"url":"https:\/\/www.organisator.ch\/de\/author\/thomas-berner\/"}]}},"_links":{"self":[{"href":"https:\/\/www.organisator.ch\/de\/wp-json\/wp\/v2\/posts\/4832","targetHints":{"allow":["GET"]}}],"collection":[{"href":"https:\/\/www.organisator.ch\/de\/wp-json\/wp\/v2\/posts"}],"about":[{"href":"https:\/\/www.organisator.ch\/de\/wp-json\/wp\/v2\/types\/post"}],"author":[{"embeddable":true,"href":"https:\/\/www.organisator.ch\/de\/wp-json\/wp\/v2\/users\/4"}],"replies":[{"embeddable":true,"href":"https:\/\/www.organisator.ch\/de\/wp-json\/wp\/v2\/comments?post=4832"}],"version-history":[{"count":0,"href":"https:\/\/www.organisator.ch\/de\/wp-json\/wp\/v2\/posts\/4832\/revisions"}],"wp:featuredmedia":[{"embeddable":true,"href":"https:\/\/www.organisator.ch\/de\/wp-json\/wp\/v2\/media\/4834"}],"wp:attachment":[{"href":"https:\/\/www.organisator.ch\/de\/wp-json\/wp\/v2\/media?parent=4832"}],"wp:term":[{"taxonomy":"category","embeddable":true,"href":"https:\/\/www.organisator.ch\/de\/wp-json\/wp\/v2\/categories?post=4832"},{"taxonomy":"post_tag","embeddable":true,"href":"https:\/\/www.organisator.ch\/de\/wp-json\/wp\/v2\/tags?post=4832"}],"curies":[{"name":"wp","href":"https:\/\/api.w.org\/{rel}","templated":true}]}}