{"id":4846,"date":"2019-02-05T16:19:35","date_gmt":"2019-02-05T15:19:35","guid":{"rendered":"https:\/\/www.organisator.ch\/?p=4846"},"modified":"2019-02-05T16:19:35","modified_gmt":"2019-02-05T15:19:35","slug":"buchtipp-die-orbit-organisation","status":"publish","type":"post","link":"https:\/\/www.organisator.ch\/de\/management\/2019-02-05\/buchtipp-die-orbit-organisation\/","title":{"rendered":"Die Orbit-Organisation"},"content":{"rendered":"<p>Um bahnbrechend neue Gesch\u00e4ftsideen zu entwickeln, braucht es eine passende organisationale Struktur. Neben permanenter Wandlungsbereitschaft ist Tempo ein Muss, um f\u00fcr unsere Hochgeschwindigkeitszukunft ger\u00fcstet zu sein. Doch zahllose Unternehmen bleiben, visualisiert durch ein \u00fcbliches Organigramm, einem Organisationsmodell verhaftet, das statisch ist und aus dem tiefsten letzten Jahrhundert stammt. Hier setzt das Orbit-Modell an. Es propagiert den \u00dcbergang von einer aus der Zeit gefallenen pyramidalen zu einer zukunftsweisenden zirkul\u00e4ren Unternehmensorganisation. Von Anne M. Sch\u00fcller und Alex T. Steffen, beide Experten f\u00fcr Business und Transformation, entwickelt, zeigt es den Weg zu einer lebendigen Innovationskultur, die sich adaptiv, antizipativ und agil auf die Erfordernisse der neuen Zeit einstellen kann. Neun Aktionsfelder werden dabei bespielt. Praxisorientiert, mit frischen Ideen und anhand zahlreicher Beispiele beschreiben die beiden Autoren in &#8222;Die Orbit-Organisation&#8220; die positiven Effekte, die ihr Modell auf s\u00e4mtliche Unternehmensbereiche hat. Damit ist ihnen eine umfassende Gebrauchsanleitung gelungen, mit deren Hilfe die n\u00f6tigen Ver\u00e4nderungsprozesse z\u00fcgig zu schaffen sind. Das Ergebnis? Eine Organisation, die f\u00fcr die digitale Zukunft hervorragend aufgestellt ist: zugleich hochrentierlich und zutiefst human.<\/p>\n<p>Neben dem Corporate Purpose, dem Daseinssinn eines Unternehmens, spielt Kundenzentrierung in der Orbit-Organisation eine herausragende Rolle. Sie wird zur Nummer eins der k\u00fcnftigen Unternehmensaufgaben. Denn wer durchstarten will, braucht nicht nur neue F\u00fchrungskonzepte. Er muss sich auch radikal auf die Seite des Kunden schlagen. So stellen die Autoren das erste Organisationsmodell vor, das den Kunden tats\u00e4chlich und auch optisch sichtbar in den Mittelpunkt r\u00fcckt. Es ist zudem das erste Modell, das die zunehmend notwendigen Br\u00fcckenbauer-Funktionen gezielt integriert. Denn Transformation bedeutet immer auch Transition, also \u00dcbergang. Hierf\u00fcr werden Menschen gebraucht, die Wege ins Neuland ebnen und Verbindungen schaffen zwischen Drinnen und Drau\u00dfen sowie zwischen menschlicher und k\u00fcnstlicher Intelligenz. Zudem m\u00fcssen neuartige Partnerschaften zwischen Alt- und Jungunternehmen zusammengekoppelt werden. So erzeugen Orbit-Organisationen eine unwiderstehliche Anziehungskraft. \u201eSie sind ein Heimathafen f\u00fcr Mitarbeitertalente \u2013 und ein Sehnsuchtsort f\u00fcr die Kunden\u201c, sagen die beiden Autoren.<\/p>\n<h2>Die Autoren<\/h2>\n<ul>\n<li><em><strong>Anne M. Sch\u00fcller<\/strong> ist Managementdenker, Keynote-Speaker, mehrfach preisgekr\u00f6nte Bestsellerautorin und Businesscoach. Sie z\u00e4hlt zu den gefragtesten Rednern im deutschsprachigen Raum. Vom BusinessNetzwerk LinkedIn wurde sie zur Top-Voice 2017\/2018 und von XING zum XING-Spitzenwriter 2018 gek\u00fcrt. Weitere Infos: <a href=\"http:\/\/www.anneschueller.de\">www.anneschueller.de<\/a> <\/em><\/li>\n<li><em><strong>Alex T. Steffen<\/strong> ist Vortragsredner, Leadership-Trainer und Unternehmer. In seiner Zusammenarbeit mit internationalen Unternehmen und Ministerien hilft er, das Digitale und das Menschliche besser zu einen, um die digitale Kompetenz und die unternehmerische Denkweise zu f\u00f6rdern. Weitere Infos: <a href=\"http:\/\/www.alextsteffen.com\">www.alextsteffen.com <\/a><\/em><\/li>\n<\/ul>\n<h2>Das Buch<\/h2>\n<figure id=\"attachment_4848\" aria-describedby=\"caption-attachment-4848\" style=\"width: 340px\" class=\"wp-caption alignnone\"><img loading=\"lazy\" decoding=\"async\" class=\"size-full wp-image-4848\" src=\"https:\/\/www.organisator.ch\/wp-content\/uploads\/2019\/02\/Buchtipp-Die-Orbit-Organisation_Organisator.jpg\" alt=\"\" width=\"340\" height=\"511\" srcset=\"https:\/\/www.organisator.ch\/wp-content\/uploads\/2019\/02\/Buchtipp-Die-Orbit-Organisation_Organisator.jpg 340w, https:\/\/www.organisator.ch\/wp-content\/uploads\/2019\/02\/Buchtipp-Die-Orbit-Organisation_Organisator-8x12.jpg 8w, https:\/\/www.organisator.ch\/wp-content\/uploads\/2019\/02\/Buchtipp-Die-Orbit-Organisation_Organisator-116x175.jpg 116w, https:\/\/www.organisator.ch\/wp-content\/uploads\/2019\/02\/Buchtipp-Die-Orbit-Organisation_Organisator-233x350.jpg 233w, https:\/\/www.organisator.ch\/wp-content\/uploads\/2019\/02\/Buchtipp-Die-Orbit-Organisation_Organisator-300x451.jpg 300w\" sizes=\"auto, (max-width: 340px) 100vw, 340px\" \/><figcaption id=\"caption-attachment-4848\" class=\"wp-caption-text\">(Bild: Gabal Verlag)<\/figcaption><\/figure>\n<p><em>Anne M. Sch\u00fcller \/ Alex T. Steffen: Die Orbit-Organisation. In 9 Schritten zum Unternehmensmodell f\u00fcr die digitale Zukunft. 312 Seiten, gebunden, ISBN 978-3-86936-899-3, GABAL Verlag, Offenbach 2019.<\/em><\/p>\n","protected":false},"excerpt":{"rendered":"<p>Um bahnbrechend neue Gesch\u00e4ftsideen zu entwickeln, braucht es eine passende organisationale Struktur. Neben permanenter Wandlungsbereitschaft ist Tempo ein Muss, um f\u00fcr unsere Hochgeschwindigkeitszukunft ger\u00fcstet zu sein. Doch zahllose Unternehmen bleiben, visualisiert durch ein \u00fcbliches Organigramm, einem Organisationsmodell verhaftet, das statisch ist und aus dem tiefsten letzten Jahrhundert stammt. Hier setzt das Orbit-Modell an. Es propagiert [&hellip;]<\/p>\n","protected":false},"author":4,"featured_media":4848,"comment_status":"open","ping_status":"open","sticky":false,"template":"","format":"standard","meta":{"_acf_changed":false,"_yoast_wpseo_focuskw":"Orbit-Organisation","_yoast_wpseo_metadesc":"Von Anne M. Sch\u00fcller und Alex T. Steffen ist im Gabal-Verlag ein neues Buch erschienen mit dem Titel \"Die Orbit-Organisation\".","articlekey":"","footnotes":""},"categories":[28],"tags":[92,95,156,335],"class_list":["post-4846","post","type-post","status-publish","format-standard","has-post-thumbnail","hentry","category-management","tag-buch","tag-buchtipps","tag-digitalisierung","tag-management-und-unternehmensfuehrung"],"acf":[],"yoast_head":"<!-- This site is optimized with the Yoast SEO plugin v27.5 - https:\/\/yoast.com\/product\/yoast-seo-wordpress\/ -->\n<title>Die Orbit-Organisation - Organisator<\/title>\n<meta name=\"description\" content=\"Von Anne M. Sch\u00fcller und Alex T. Steffen ist im Gabal-Verlag ein neues Buch erschienen mit dem Titel &quot;Die Orbit-Organisation&quot;.\" \/>\n<meta name=\"robots\" content=\"index, follow, max-snippet:-1, max-image-preview:large, max-video-preview:-1\" \/>\n<link rel=\"canonical\" href=\"https:\/\/www.organisator.ch\/de\/management\/2019-02-05\/buchtipp-die-orbit-organisation\/\" \/>\n<meta property=\"og:locale\" content=\"de_DE\" \/>\n<meta property=\"og:type\" content=\"article\" \/>\n<meta property=\"og:title\" content=\"Buchtipp: Die Orbit-Organisation\" \/>\n<meta property=\"og:description\" content=\"Von Anne M. Sch\u00fcller und Alex T. Steffen ist im Gabal-Verlag ein neues Buch erschienen mit dem Titel &quot;Die Orbit-Organisation&quot;.\" \/>\n<meta property=\"og:url\" content=\"https:\/\/www.organisator.ch\/de\/management\/2019-02-05\/buchtipp-die-orbit-organisation\/\" \/>\n<meta property=\"og:site_name\" content=\"Organisator\" \/>\n<meta property=\"article:publisher\" content=\"https:\/\/www.facebook.com\/OrganisatorFachmagazin\" \/>\n<meta property=\"article:published_time\" content=\"2019-02-05T15:19:35+00:00\" \/>\n<meta property=\"og:image\" content=\"https:\/\/www.organisator.ch\/wp-content\/uploads\/2019\/02\/Buchtipp-Die-Orbit-Organisation_Organisator.jpg\" \/>\n\t<meta property=\"og:image:width\" content=\"340\" \/>\n\t<meta property=\"og:image:height\" content=\"511\" \/>\n\t<meta property=\"og:image:type\" content=\"image\/jpeg\" \/>\n<meta name=\"author\" content=\"thomas.berner\" \/>\n<meta name=\"twitter:card\" content=\"summary_large_image\" \/>\n<meta name=\"twitter:title\" content=\"#Buchtipp: Die #Orbit-Organisation\" \/>\n<meta name=\"twitter:description\" content=\"Von Anne M. Sch\u00fcller und Alex T. Steffen ist im Gabal-Verlag ein neues Buch erschienen mit dem Titel &quot;Die #Orbit-Organisation&quot;.\" \/>\n<meta name=\"twitter:image\" content=\"https:\/\/www.organisator.ch\/wp-content\/uploads\/2019\/02\/Buchtipp-Die-Orbit-Organisation_Organisator.jpg\" \/>\n<script type=\"application\/ld+json\" class=\"yoast-schema-graph\">{\"@context\":\"https:\\\/\\\/schema.org\",\"@graph\":[{\"@type\":\"Article\",\"@id\":\"https:\\\/\\\/www.organisator.ch\\\/management\\\/2019-02-05\\\/buchtipp-die-orbit-organisation\\\/#article\",\"isPartOf\":{\"@id\":\"https:\\\/\\\/www.organisator.ch\\\/management\\\/2019-02-05\\\/buchtipp-die-orbit-organisation\\\/\"},\"author\":{\"name\":\"thomas.berner\",\"@id\":\"https:\\\/\\\/www.organisator.ch\\\/#\\\/schema\\\/person\\\/6f650f90b2842cd4c0cc334b4e36f67e\"},\"headline\":\"Die Orbit-Organisation\",\"datePublished\":\"2019-02-05T15:19:35+00:00\",\"mainEntityOfPage\":{\"@id\":\"https:\\\/\\\/www.organisator.ch\\\/management\\\/2019-02-05\\\/buchtipp-die-orbit-organisation\\\/\"},\"wordCount\":459,\"commentCount\":0,\"publisher\":{\"@id\":\"https:\\\/\\\/www.organisator.ch\\\/#organization\"},\"image\":{\"@id\":\"https:\\\/\\\/www.organisator.ch\\\/management\\\/2019-02-05\\\/buchtipp-die-orbit-organisation\\\/#primaryimage\"},\"thumbnailUrl\":\"https:\\\/\\\/www.organisator.ch\\\/wp-content\\\/uploads\\\/2019\\\/02\\\/Buchtipp-Die-Orbit-Organisation_Organisator.jpg\",\"keywords\":[\"Buch\",\"Buchtipps\",\"Digitalisierung\",\"Management und Unternehmensf\u00fchrung\"],\"articleSection\":[\"MANAGEMENT\"],\"inLanguage\":\"de\"},{\"@type\":\"WebPage\",\"@id\":\"https:\\\/\\\/www.organisator.ch\\\/management\\\/2019-02-05\\\/buchtipp-die-orbit-organisation\\\/\",\"url\":\"https:\\\/\\\/www.organisator.ch\\\/management\\\/2019-02-05\\\/buchtipp-die-orbit-organisation\\\/\",\"name\":\"Die Orbit-Organisation - Organisator\",\"isPartOf\":{\"@id\":\"https:\\\/\\\/www.organisator.ch\\\/#website\"},\"primaryImageOfPage\":{\"@id\":\"https:\\\/\\\/www.organisator.ch\\\/management\\\/2019-02-05\\\/buchtipp-die-orbit-organisation\\\/#primaryimage\"},\"image\":{\"@id\":\"https:\\\/\\\/www.organisator.ch\\\/management\\\/2019-02-05\\\/buchtipp-die-orbit-organisation\\\/#primaryimage\"},\"thumbnailUrl\":\"https:\\\/\\\/www.organisator.ch\\\/wp-content\\\/uploads\\\/2019\\\/02\\\/Buchtipp-Die-Orbit-Organisation_Organisator.jpg\",\"datePublished\":\"2019-02-05T15:19:35+00:00\",\"description\":\"Von Anne M. Sch\u00fcller und Alex T. Steffen ist im Gabal-Verlag ein neues Buch erschienen mit dem Titel \\\"Die Orbit-Organisation\\\".\",\"breadcrumb\":{\"@id\":\"https:\\\/\\\/www.organisator.ch\\\/management\\\/2019-02-05\\\/buchtipp-die-orbit-organisation\\\/#breadcrumb\"},\"inLanguage\":\"de\",\"potentialAction\":[{\"@type\":\"ReadAction\",\"target\":[\"https:\\\/\\\/www.organisator.ch\\\/management\\\/2019-02-05\\\/buchtipp-die-orbit-organisation\\\/\"]}]},{\"@type\":\"ImageObject\",\"inLanguage\":\"de\",\"@id\":\"https:\\\/\\\/www.organisator.ch\\\/management\\\/2019-02-05\\\/buchtipp-die-orbit-organisation\\\/#primaryimage\",\"url\":\"https:\\\/\\\/www.organisator.ch\\\/wp-content\\\/uploads\\\/2019\\\/02\\\/Buchtipp-Die-Orbit-Organisation_Organisator.jpg\",\"contentUrl\":\"https:\\\/\\\/www.organisator.ch\\\/wp-content\\\/uploads\\\/2019\\\/02\\\/Buchtipp-Die-Orbit-Organisation_Organisator.jpg\",\"width\":340,\"height\":511,\"caption\":\"(Bild: Gabal Verlag)\"},{\"@type\":\"BreadcrumbList\",\"@id\":\"https:\\\/\\\/www.organisator.ch\\\/management\\\/2019-02-05\\\/buchtipp-die-orbit-organisation\\\/#breadcrumb\",\"itemListElement\":[{\"@type\":\"ListItem\",\"position\":1,\"name\":\"Home\",\"item\":\"https:\\\/\\\/www.organisator.ch\\\/\"},{\"@type\":\"ListItem\",\"position\":2,\"name\":\"Die Orbit-Organisation\"}]},{\"@type\":\"WebSite\",\"@id\":\"https:\\\/\\\/www.organisator.ch\\\/#website\",\"url\":\"https:\\\/\\\/www.organisator.ch\\\/\",\"name\":\"Organisator\",\"description\":\"Kompetent. Praxisnah. Der ORGANISATOR bereitet in 10 Ausgaben pro Jahr die wesentlichen Themen f\u00fcr F\u00fchrungskr\u00e4fte von KMU auf.\",\"publisher\":{\"@id\":\"https:\\\/\\\/www.organisator.ch\\\/#organization\"},\"potentialAction\":[{\"@type\":\"SearchAction\",\"target\":{\"@type\":\"EntryPoint\",\"urlTemplate\":\"https:\\\/\\\/www.organisator.ch\\\/?s={search_term_string}\"},\"query-input\":{\"@type\":\"PropertyValueSpecification\",\"valueRequired\":true,\"valueName\":\"search_term_string\"}}],\"inLanguage\":\"de\"},{\"@type\":\"Organization\",\"@id\":\"https:\\\/\\\/www.organisator.ch\\\/#organization\",\"name\":\"Organisator\",\"url\":\"https:\\\/\\\/www.organisator.ch\\\/\",\"logo\":{\"@type\":\"ImageObject\",\"inLanguage\":\"de\",\"@id\":\"https:\\\/\\\/www.organisator.ch\\\/#\\\/schema\\\/logo\\\/image\\\/\",\"url\":\"https:\\\/\\\/www.organisator.ch\\\/wp-content\\\/uploads\\\/2022\\\/01\\\/Logo_Organisator_Website.png\",\"contentUrl\":\"https:\\\/\\\/www.organisator.ch\\\/wp-content\\\/uploads\\\/2022\\\/01\\\/Logo_Organisator_Website.png\",\"width\":800,\"height\":77,\"caption\":\"Organisator\"},\"image\":{\"@id\":\"https:\\\/\\\/www.organisator.ch\\\/#\\\/schema\\\/logo\\\/image\\\/\"},\"sameAs\":[\"https:\\\/\\\/www.facebook.com\\\/OrganisatorFachmagazin\",\"https:\\\/\\\/www.linkedin.com\\\/showcase\\\/organisator-das-magazin-fr-kmu\",\"https:\\\/\\\/www.xing.com\\\/news\\\/pages\\\/organisator-ch-695\",\"https:\\\/\\\/www.youtube.com\\\/channel\\\/UCGP2Sq0iWaZwT3BdIAQFYpw\"]},{\"@type\":\"Person\",\"@id\":\"https:\\\/\\\/www.organisator.ch\\\/#\\\/schema\\\/person\\\/6f650f90b2842cd4c0cc334b4e36f67e\",\"name\":\"thomas.berner\",\"image\":{\"@type\":\"ImageObject\",\"inLanguage\":\"de\",\"@id\":\"https:\\\/\\\/secure.gravatar.com\\\/avatar\\\/ac5001d2a36cb6c6cd3e50789007ffca834b477b74a2144564522e944eabff61?s=96&d=mm&r=g\",\"url\":\"https:\\\/\\\/secure.gravatar.com\\\/avatar\\\/ac5001d2a36cb6c6cd3e50789007ffca834b477b74a2144564522e944eabff61?s=96&d=mm&r=g\",\"contentUrl\":\"https:\\\/\\\/secure.gravatar.com\\\/avatar\\\/ac5001d2a36cb6c6cd3e50789007ffca834b477b74a2144564522e944eabff61?s=96&d=mm&r=g\",\"caption\":\"thomas.berner\"},\"url\":\"https:\\\/\\\/www.organisator.ch\\\/de\\\/author\\\/thomas-berner\\\/\"}]}<\/script>\n<!-- \/ Yoast SEO plugin. -->","yoast_head_json":{"title":"Die Orbit-Organisation - Organisator","description":"Von Anne M. Sch\u00fcller und Alex T. Steffen ist im Gabal-Verlag ein neues Buch erschienen mit dem Titel \"Die Orbit-Organisation\".","robots":{"index":"index","follow":"follow","max-snippet":"max-snippet:-1","max-image-preview":"max-image-preview:large","max-video-preview":"max-video-preview:-1"},"canonical":"https:\/\/www.organisator.ch\/de\/management\/2019-02-05\/buchtipp-die-orbit-organisation\/","og_locale":"de_DE","og_type":"article","og_title":"Buchtipp: Die Orbit-Organisation","og_description":"Von Anne M. Sch\u00fcller und Alex T. Steffen ist im Gabal-Verlag ein neues Buch erschienen mit dem Titel \"Die Orbit-Organisation\".","og_url":"https:\/\/www.organisator.ch\/de\/management\/2019-02-05\/buchtipp-die-orbit-organisation\/","og_site_name":"Organisator","article_publisher":"https:\/\/www.facebook.com\/OrganisatorFachmagazin","article_published_time":"2019-02-05T15:19:35+00:00","og_image":[{"width":340,"height":511,"url":"https:\/\/www.organisator.ch\/wp-content\/uploads\/2019\/02\/Buchtipp-Die-Orbit-Organisation_Organisator.jpg","type":"image\/jpeg"}],"author":"thomas.berner","twitter_card":"summary_large_image","twitter_title":"#Buchtipp: Die #Orbit-Organisation","twitter_description":"Von Anne M. Sch\u00fcller und Alex T. Steffen ist im Gabal-Verlag ein neues Buch erschienen mit dem Titel \"Die #Orbit-Organisation\".","twitter_image":"https:\/\/www.organisator.ch\/wp-content\/uploads\/2019\/02\/Buchtipp-Die-Orbit-Organisation_Organisator.jpg","schema":{"@context":"https:\/\/schema.org","@graph":[{"@type":"Article","@id":"https:\/\/www.organisator.ch\/management\/2019-02-05\/buchtipp-die-orbit-organisation\/#article","isPartOf":{"@id":"https:\/\/www.organisator.ch\/management\/2019-02-05\/buchtipp-die-orbit-organisation\/"},"author":{"name":"thomas.berner","@id":"https:\/\/www.organisator.ch\/#\/schema\/person\/6f650f90b2842cd4c0cc334b4e36f67e"},"headline":"Die Orbit-Organisation","datePublished":"2019-02-05T15:19:35+00:00","mainEntityOfPage":{"@id":"https:\/\/www.organisator.ch\/management\/2019-02-05\/buchtipp-die-orbit-organisation\/"},"wordCount":459,"commentCount":0,"publisher":{"@id":"https:\/\/www.organisator.ch\/#organization"},"image":{"@id":"https:\/\/www.organisator.ch\/management\/2019-02-05\/buchtipp-die-orbit-organisation\/#primaryimage"},"thumbnailUrl":"https:\/\/www.organisator.ch\/wp-content\/uploads\/2019\/02\/Buchtipp-Die-Orbit-Organisation_Organisator.jpg","keywords":["Buch","Buchtipps","Digitalisierung","Management und Unternehmensf\u00fchrung"],"articleSection":["MANAGEMENT"],"inLanguage":"de"},{"@type":"WebPage","@id":"https:\/\/www.organisator.ch\/management\/2019-02-05\/buchtipp-die-orbit-organisation\/","url":"https:\/\/www.organisator.ch\/management\/2019-02-05\/buchtipp-die-orbit-organisation\/","name":"Die Orbit-Organisation - Organisator","isPartOf":{"@id":"https:\/\/www.organisator.ch\/#website"},"primaryImageOfPage":{"@id":"https:\/\/www.organisator.ch\/management\/2019-02-05\/buchtipp-die-orbit-organisation\/#primaryimage"},"image":{"@id":"https:\/\/www.organisator.ch\/management\/2019-02-05\/buchtipp-die-orbit-organisation\/#primaryimage"},"thumbnailUrl":"https:\/\/www.organisator.ch\/wp-content\/uploads\/2019\/02\/Buchtipp-Die-Orbit-Organisation_Organisator.jpg","datePublished":"2019-02-05T15:19:35+00:00","description":"Von Anne M. Sch\u00fcller und Alex T. Steffen ist im Gabal-Verlag ein neues Buch erschienen mit dem Titel \"Die Orbit-Organisation\".","breadcrumb":{"@id":"https:\/\/www.organisator.ch\/management\/2019-02-05\/buchtipp-die-orbit-organisation\/#breadcrumb"},"inLanguage":"de","potentialAction":[{"@type":"ReadAction","target":["https:\/\/www.organisator.ch\/management\/2019-02-05\/buchtipp-die-orbit-organisation\/"]}]},{"@type":"ImageObject","inLanguage":"de","@id":"https:\/\/www.organisator.ch\/management\/2019-02-05\/buchtipp-die-orbit-organisation\/#primaryimage","url":"https:\/\/www.organisator.ch\/wp-content\/uploads\/2019\/02\/Buchtipp-Die-Orbit-Organisation_Organisator.jpg","contentUrl":"https:\/\/www.organisator.ch\/wp-content\/uploads\/2019\/02\/Buchtipp-Die-Orbit-Organisation_Organisator.jpg","width":340,"height":511,"caption":"(Bild: Gabal Verlag)"},{"@type":"BreadcrumbList","@id":"https:\/\/www.organisator.ch\/management\/2019-02-05\/buchtipp-die-orbit-organisation\/#breadcrumb","itemListElement":[{"@type":"ListItem","position":1,"name":"Home","item":"https:\/\/www.organisator.ch\/"},{"@type":"ListItem","position":2,"name":"Die Orbit-Organisation"}]},{"@type":"WebSite","@id":"https:\/\/www.organisator.ch\/#website","url":"https:\/\/www.organisator.ch\/","name":"Organisator","description":"Kompetent. Praxisnah. Der ORGANISATOR bereitet in 10 Ausgaben pro Jahr die wesentlichen Themen f\u00fcr F\u00fchrungskr\u00e4fte von KMU auf.","publisher":{"@id":"https:\/\/www.organisator.ch\/#organization"},"potentialAction":[{"@type":"SearchAction","target":{"@type":"EntryPoint","urlTemplate":"https:\/\/www.organisator.ch\/?s={search_term_string}"},"query-input":{"@type":"PropertyValueSpecification","valueRequired":true,"valueName":"search_term_string"}}],"inLanguage":"de"},{"@type":"Organization","@id":"https:\/\/www.organisator.ch\/#organization","name":"Organisator","url":"https:\/\/www.organisator.ch\/","logo":{"@type":"ImageObject","inLanguage":"de","@id":"https:\/\/www.organisator.ch\/#\/schema\/logo\/image\/","url":"https:\/\/www.organisator.ch\/wp-content\/uploads\/2022\/01\/Logo_Organisator_Website.png","contentUrl":"https:\/\/www.organisator.ch\/wp-content\/uploads\/2022\/01\/Logo_Organisator_Website.png","width":800,"height":77,"caption":"Organisator"},"image":{"@id":"https:\/\/www.organisator.ch\/#\/schema\/logo\/image\/"},"sameAs":["https:\/\/www.facebook.com\/OrganisatorFachmagazin","https:\/\/www.linkedin.com\/showcase\/organisator-das-magazin-fr-kmu","https:\/\/www.xing.com\/news\/pages\/organisator-ch-695","https:\/\/www.youtube.com\/channel\/UCGP2Sq0iWaZwT3BdIAQFYpw"]},{"@type":"Person","@id":"https:\/\/www.organisator.ch\/#\/schema\/person\/6f650f90b2842cd4c0cc334b4e36f67e","name":"thomas.berner","image":{"@type":"ImageObject","inLanguage":"de","@id":"https:\/\/secure.gravatar.com\/avatar\/ac5001d2a36cb6c6cd3e50789007ffca834b477b74a2144564522e944eabff61?s=96&d=mm&r=g","url":"https:\/\/secure.gravatar.com\/avatar\/ac5001d2a36cb6c6cd3e50789007ffca834b477b74a2144564522e944eabff61?s=96&d=mm&r=g","contentUrl":"https:\/\/secure.gravatar.com\/avatar\/ac5001d2a36cb6c6cd3e50789007ffca834b477b74a2144564522e944eabff61?s=96&d=mm&r=g","caption":"thomas.berner"},"url":"https:\/\/www.organisator.ch\/de\/author\/thomas-berner\/"}]}},"_links":{"self":[{"href":"https:\/\/www.organisator.ch\/de\/wp-json\/wp\/v2\/posts\/4846","targetHints":{"allow":["GET"]}}],"collection":[{"href":"https:\/\/www.organisator.ch\/de\/wp-json\/wp\/v2\/posts"}],"about":[{"href":"https:\/\/www.organisator.ch\/de\/wp-json\/wp\/v2\/types\/post"}],"author":[{"embeddable":true,"href":"https:\/\/www.organisator.ch\/de\/wp-json\/wp\/v2\/users\/4"}],"replies":[{"embeddable":true,"href":"https:\/\/www.organisator.ch\/de\/wp-json\/wp\/v2\/comments?post=4846"}],"version-history":[{"count":0,"href":"https:\/\/www.organisator.ch\/de\/wp-json\/wp\/v2\/posts\/4846\/revisions"}],"wp:featuredmedia":[{"embeddable":true,"href":"https:\/\/www.organisator.ch\/de\/wp-json\/wp\/v2\/media\/4848"}],"wp:attachment":[{"href":"https:\/\/www.organisator.ch\/de\/wp-json\/wp\/v2\/media?parent=4846"}],"wp:term":[{"taxonomy":"category","embeddable":true,"href":"https:\/\/www.organisator.ch\/de\/wp-json\/wp\/v2\/categories?post=4846"},{"taxonomy":"post_tag","embeddable":true,"href":"https:\/\/www.organisator.ch\/de\/wp-json\/wp\/v2\/tags?post=4846"}],"curies":[{"name":"wp","href":"https:\/\/api.w.org\/{rel}","templated":true}]}}