{"id":4856,"date":"2019-02-07T17:00:24","date_gmt":"2019-02-07T16:00:24","guid":{"rendered":"https:\/\/www.organisator.ch\/?p=4856"},"modified":"2019-02-07T17:00:24","modified_gmt":"2019-02-07T16:00:24","slug":"der-organisator-das-etablierte-kmu-fachmagazin-wird-100-jaehrig","status":"publish","type":"post","link":"https:\/\/www.organisator.ch\/de\/allgemein\/2019-02-07\/der-organisator-das-etablierte-kmu-fachmagazin-wird-100-jaehrig\/","title":{"rendered":"Der ORGANISATOR: Das etablierte KMU-Fachmagazin wird 100-j\u00e4hrig"},"content":{"rendered":"<figure id=\"attachment_4857\" aria-describedby=\"caption-attachment-4857\" style=\"width: 680px\" class=\"wp-caption alignnone\"><img loading=\"lazy\" decoding=\"async\" class=\"size-medium wp-image-4857\" src=\"https:\/\/www.organisator.ch\/wp-content\/uploads\/2019\/02\/Der-ORGANISATOR-Das-etablierte-KMU-Fachmagazin-wird-100-jaehrig_Organisator.jpg\" alt=\"\" width=\"680\" height=\"412\" srcset=\"https:\/\/www.organisator.ch\/wp-content\/uploads\/2019\/02\/Der-ORGANISATOR-Das-etablierte-KMU-Fachmagazin-wird-100-jaehrig_Organisator.jpg 680w, https:\/\/www.organisator.ch\/wp-content\/uploads\/2019\/02\/Der-ORGANISATOR-Das-etablierte-KMU-Fachmagazin-wird-100-jaehrig_Organisator-16x10.jpg 16w, https:\/\/www.organisator.ch\/wp-content\/uploads\/2019\/02\/Der-ORGANISATOR-Das-etablierte-KMU-Fachmagazin-wird-100-jaehrig_Organisator-289x175.jpg 289w, https:\/\/www.organisator.ch\/wp-content\/uploads\/2019\/02\/Der-ORGANISATOR-Das-etablierte-KMU-Fachmagazin-wird-100-jaehrig_Organisator-578x350.jpg 578w, https:\/\/www.organisator.ch\/wp-content\/uploads\/2019\/02\/Der-ORGANISATOR-Das-etablierte-KMU-Fachmagazin-wird-100-jaehrig_Organisator-300x182.jpg 300w\" sizes=\"auto, (max-width: 680px) 100vw, 680px\" \/><figcaption id=\"caption-attachment-4857\" class=\"wp-caption-text\">Wie sich ein KMU-Fachmagazin in einem Jahrhundert ver\u00e4ndert hat: Der ORGANISATOR feiert 2019 sein 100-Jahr-Jubil\u00e4um. Unten links eine Ausgabe von 1919. (Bild: Thomas Berner)<\/figcaption><\/figure>\n<p>Der Verleger und B\u00fccherexperte Max Friedl\u00e4nder (21.11.1879 &#8211; 6.2.1976) liess am 1. April 1919 die erste Ausgabe des ORGANISATOR erscheinen. Damit leistete er gewissermassen Pionierarbeit: Nun gab es in der Schweiz eine Publikation, die regelm\u00e4ssig praxisbezogene Hilfe f\u00fcr Unternehmen bot. Viele F\u00fchrungskr\u00e4fte hat der ORGANISATOR \u00fcber die Jahre begleitet, und f\u00fcr nicht wenige ist die Zeitschrift gleichsam zu einer Institution geworden. Dieses Jahr darf das wohl etablierteste KMU-Fachmagazin der deutschsprachigen Schweiz sein 100-j\u00e4hriges Bestehen feiern.<\/p>\n<h2><strong>Trends gesetzt und antizipiert<\/strong><\/h2>\n<p>Kompetent, praxisorientiert und nahe an der Zielgruppe: Dieses Prinzip galt damals wie auch noch heute. In jeder Ausgabe bereitet der ORGANISATOR wesentliche Themen f\u00fcr Gesch\u00e4ftsf\u00fchrer und F\u00fchrungskr\u00e4fte von KMU auf. Die Themen haben sich \u2013 das mag erstaunen \u2013 in den 100 Jahren des Bestehens der Publikation kaum gross ver\u00e4ndert: Es geht um Organisation, um Leadership, Personalf\u00fchrung und -management, Marketing, Kundenbeziehungsmanagement, Arbeitsrecht und vieles mehr. Entwickelt haben sich die Technologien: W\u00e4hrend 1919 eine gut gef\u00fchrte Kartothek das Nervenzentrum eines Betriebs bildete, \u00fcbernehmen dies heute CRM- und ERP-Systeme. Dem ORGANISATOR ist es immer wieder gelungen, Entwicklungen und Trends zu antizipieren oder sogar selbst zu setzen: So f\u00f6rderte das KMU-Fachmagazin schon fr\u00fch etwa die Einf\u00fchrung von \u00abMit freundlichen Gr\u00fcssen\u00bb als Grussformel anstelle von \u00abHochachtungsvoll\u00bb. Oder mit der Zeitschrift \u00abOrgamatik\u00bb wurde 1983 eine zus\u00e4tzliche Publikation geschaffen, welche sich ausschliesslich der B\u00fcro-Informatik widmete. Und auch das Thema \u00abBetriebliches Gesundheitsmanagement\u00bb fand schon fr\u00fch Eingang in den redaktionellen Teil und bildet mit der Rubrik \u00abFit im Job\u00bb inzwischen einen festen Bestandteil.<\/p>\n<h2><strong>Unternehmensf\u00fchrung gestern \u2013 heute \u2013 morgen\u00a0 <\/strong><\/h2>\n<p>Das Jubil\u00e4umsjahr 2019 nimmt die Redaktion zum Anlass, in die Vergangenheit zu schauen. In jeder Ausgabe werden zu einzelnen Themen Beitr\u00e4ge aus dem Archiv publiziert. Diese d\u00fcrften der Leserschaft sicher das eine oder andere Schmunzeln \u00fcber die \u00abgute alte Zeit\u00bb entlocken. So wird etwa in der Ausgabe 1-2\/2019 ein <a href=\"https:\/\/www.organisator.ch\/wp-content\/uploads\/2019\/02\/2019_01-02_Dossier_Reisen-gestern-33.pdf\">Artikel aus den fr\u00fchen 1920er-Jahren<\/a> abgedruckt, der \u00fcber die Vorteile einer Gesch\u00e4ftsreise per Automobil berichtet. Selbstverst\u00e4ndlich wird aber neben dem \u00abGestern\u00bb auch weiterhin das \u00abHeute\u00bb und \u00abMorgen\u00bb der Unternehmensf\u00fchrung im Zentrum stehen. In drei Ausgaben werden einzelne Aspekte speziell vertieft. So wird es im April-Heft um das Thema \u00abUnternehmensf\u00fchrung im Wandel&#8220; gehen. Im Juni-Heft geht es um das Thema Kundenbeziehungsmanagement unter dem Motto \u00abVom Gesch\u00e4ftsbrief zu Social Media Marketing\u00bb. Und in der Oktober-Ausgabe widmet sich ein Sonderteil der Mitarbeiterf\u00fchrung gestern \u2013 heute \u2013 morgen.<\/p>\n<h2><strong>Auf KMU zugeschnittene Fachinformationen liefern<\/strong><\/h2>\n<p>Damals \u2013 1919 \u2013 wie heute stehen Unternehmen vor grossen Herausforderungen. Was unmittelbar nach dem Ersten Weltkrieg der endg\u00fcltige Durchbruch der industriellen Massenproduktion und der Beginn des Massenkonsums war, ist heute der digitale Wandel. Die stetige Anpassung an sich ver\u00e4ndernde Rahmenbedingungen begleitet Unternehmen jeden Tag. Das hat sich in den 100 Jahren des Bestehens des ORGANISATOR kaum ver\u00e4ndert. Verlagsmanager Rolf Gubelmann folgert daraus: \u00abDamals wie heute ben\u00f6tigen F\u00fchrungskr\u00e4fte in KMU auf sie zugeschnittene Fachinformationen. Das haben sich die Gr\u00fcnder des ORGANISATOR zur Aufgabe gemacht. Wir wollen diesen Anspruch mit unserem KMU-Fachmagazin weiter erf\u00fcllen \u2013 angepasst auf das heutige Leseverhalten.\u00bb<\/p>\n","protected":false},"excerpt":{"rendered":"<p>Der Verleger und B\u00fccherexperte Max Friedl\u00e4nder (21.11.1879 &#8211; 6.2.1976) liess am 1. April 1919 die erste Ausgabe des ORGANISATOR erscheinen. Damit leistete er gewissermassen Pionierarbeit: Nun gab es in der Schweiz eine Publikation, die regelm\u00e4ssig praxisbezogene Hilfe f\u00fcr Unternehmen bot. Viele F\u00fchrungskr\u00e4fte hat der ORGANISATOR \u00fcber die Jahre begleitet, und f\u00fcr nicht wenige ist die [&hellip;]<\/p>\n","protected":false},"author":4,"featured_media":4857,"comment_status":"open","ping_status":"open","sticky":false,"template":"","format":"standard","meta":{"_acf_changed":false,"_yoast_wpseo_focuskw":"KMU-Fachmagazin","_yoast_wpseo_metadesc":"Das etablierte KMU-Fachmagazin ORGANISATOR feiert dieses Jahr sein 100-j\u00e4hriges Bestehen und schaut dabei nicht nur zur\u00fcck, sondern auch in die Zukunft.","articlekey":"","footnotes":""},"categories":[1],"tags":[292,335,393,508],"class_list":["post-4856","post","type-post","status-publish","format-standard","has-post-thumbnail","hentry","category-allgemein","tag-jubilaeum","tag-management-und-unternehmensfuehrung","tag-produkte","tag-vermischtes"],"acf":[],"yoast_head":"<!-- This site is optimized with the Yoast SEO plugin v27.5 - https:\/\/yoast.com\/product\/yoast-seo-wordpress\/ -->\n<title>Der ORGANISATOR: Das etablierte KMU-Fachmagazin wird 100-j\u00e4hrig - Organisator<\/title>\n<meta name=\"description\" content=\"Das etablierte KMU-Fachmagazin ORGANISATOR feiert dieses Jahr sein 100-j\u00e4hriges Bestehen und schaut dabei nicht nur zur\u00fcck, sondern auch in die Zukunft.\" \/>\n<meta name=\"robots\" content=\"index, follow, max-snippet:-1, max-image-preview:large, max-video-preview:-1\" \/>\n<link rel=\"canonical\" href=\"https:\/\/www.organisator.ch\/de\/allgemein\/2019-02-07\/der-organisator-das-etablierte-kmu-fachmagazin-wird-100-jaehrig\/\" \/>\n<meta property=\"og:locale\" content=\"de_DE\" \/>\n<meta property=\"og:type\" content=\"article\" \/>\n<meta property=\"og:title\" content=\"Der ORGANISATOR: Das etablierte KMU-Fachmagazin wird 100-j\u00e4hrig - Organisator\" \/>\n<meta property=\"og:description\" content=\"Das etablierte KMU-Fachmagazin ORGANISATOR feiert dieses Jahr sein 100-j\u00e4hriges Bestehen und schaut dabei nicht nur zur\u00fcck, sondern auch in die Zukunft.\" \/>\n<meta property=\"og:url\" content=\"https:\/\/www.organisator.ch\/de\/allgemein\/2019-02-07\/der-organisator-das-etablierte-kmu-fachmagazin-wird-100-jaehrig\/\" \/>\n<meta property=\"og:site_name\" content=\"Organisator\" \/>\n<meta property=\"article:publisher\" content=\"https:\/\/www.facebook.com\/OrganisatorFachmagazin\" \/>\n<meta property=\"article:published_time\" content=\"2019-02-07T16:00:24+00:00\" \/>\n<meta property=\"og:image\" content=\"https:\/\/www.organisator.ch\/wp-content\/uploads\/2019\/02\/Der-ORGANISATOR-Das-etablierte-KMU-Fachmagazin-wird-100-jaehrig_Organisator.jpg\" \/>\n\t<meta property=\"og:image:width\" content=\"680\" \/>\n\t<meta property=\"og:image:height\" content=\"412\" \/>\n\t<meta property=\"og:image:type\" content=\"image\/jpeg\" \/>\n<meta name=\"author\" content=\"thomas.berner\" \/>\n<meta name=\"twitter:card\" content=\"summary_large_image\" \/>\n<meta name=\"twitter:title\" content=\"Der #ORGANISATOR: Das etablierte KMU-Fachmagazin wird 100-j\u00e4hrig\" \/>\n<meta name=\"twitter:description\" content=\"Das etablierte KMU-Fachmagazin #ORGANISATOR feiert dieses Jahr sein 100-j\u00e4hriges Bestehen und schaut dabei nicht nur zur\u00fcck, sondern auch in die Zukunft.\" \/>\n<meta name=\"twitter:image\" content=\"https:\/\/www.organisator.ch\/wp-content\/uploads\/2019\/02\/Der-ORGANISATOR-Das-etablierte-KMU-Fachmagazin-wird-100-j\u00e4hrig_Organisator.jpg\" \/>\n<script type=\"application\/ld+json\" class=\"yoast-schema-graph\">{\"@context\":\"https:\\\/\\\/schema.org\",\"@graph\":[{\"@type\":\"Article\",\"@id\":\"https:\\\/\\\/www.organisator.ch\\\/it\\\/generale\\\/2019-02-07\\\/der-organisator-das-etablierte-kmu-fachmagazin-wird-100-jaehrig\\\/#article\",\"isPartOf\":{\"@id\":\"https:\\\/\\\/www.organisator.ch\\\/it\\\/generale\\\/2019-02-07\\\/der-organisator-das-etablierte-kmu-fachmagazin-wird-100-jaehrig\\\/\"},\"author\":{\"name\":\"thomas.berner\",\"@id\":\"https:\\\/\\\/www.organisator.ch\\\/#\\\/schema\\\/person\\\/6f650f90b2842cd4c0cc334b4e36f67e\"},\"headline\":\"Der ORGANISATOR: Das etablierte KMU-Fachmagazin wird 100-j\u00e4hrig\",\"datePublished\":\"2019-02-07T16:00:24+00:00\",\"mainEntityOfPage\":{\"@id\":\"https:\\\/\\\/www.organisator.ch\\\/it\\\/generale\\\/2019-02-07\\\/der-organisator-das-etablierte-kmu-fachmagazin-wird-100-jaehrig\\\/\"},\"wordCount\":550,\"commentCount\":0,\"publisher\":{\"@id\":\"https:\\\/\\\/www.organisator.ch\\\/#organization\"},\"image\":{\"@id\":\"https:\\\/\\\/www.organisator.ch\\\/it\\\/generale\\\/2019-02-07\\\/der-organisator-das-etablierte-kmu-fachmagazin-wird-100-jaehrig\\\/#primaryimage\"},\"thumbnailUrl\":\"https:\\\/\\\/www.organisator.ch\\\/wp-content\\\/uploads\\\/2019\\\/02\\\/Der-ORGANISATOR-Das-etablierte-KMU-Fachmagazin-wird-100-jaehrig_Organisator.jpg\",\"keywords\":[\"Jubil\u00e4um\",\"Management und Unternehmensf\u00fchrung\",\"Produkte\",\"Vermischtes\"],\"inLanguage\":\"de\"},{\"@type\":\"WebPage\",\"@id\":\"https:\\\/\\\/www.organisator.ch\\\/it\\\/generale\\\/2019-02-07\\\/der-organisator-das-etablierte-kmu-fachmagazin-wird-100-jaehrig\\\/\",\"url\":\"https:\\\/\\\/www.organisator.ch\\\/it\\\/generale\\\/2019-02-07\\\/der-organisator-das-etablierte-kmu-fachmagazin-wird-100-jaehrig\\\/\",\"name\":\"Der ORGANISATOR: Das etablierte KMU-Fachmagazin wird 100-j\u00e4hrig - Organisator\",\"isPartOf\":{\"@id\":\"https:\\\/\\\/www.organisator.ch\\\/#website\"},\"primaryImageOfPage\":{\"@id\":\"https:\\\/\\\/www.organisator.ch\\\/it\\\/generale\\\/2019-02-07\\\/der-organisator-das-etablierte-kmu-fachmagazin-wird-100-jaehrig\\\/#primaryimage\"},\"image\":{\"@id\":\"https:\\\/\\\/www.organisator.ch\\\/it\\\/generale\\\/2019-02-07\\\/der-organisator-das-etablierte-kmu-fachmagazin-wird-100-jaehrig\\\/#primaryimage\"},\"thumbnailUrl\":\"https:\\\/\\\/www.organisator.ch\\\/wp-content\\\/uploads\\\/2019\\\/02\\\/Der-ORGANISATOR-Das-etablierte-KMU-Fachmagazin-wird-100-jaehrig_Organisator.jpg\",\"datePublished\":\"2019-02-07T16:00:24+00:00\",\"description\":\"Das etablierte KMU-Fachmagazin ORGANISATOR feiert dieses Jahr sein 100-j\u00e4hriges Bestehen und schaut dabei nicht nur zur\u00fcck, sondern auch in die Zukunft.\",\"breadcrumb\":{\"@id\":\"https:\\\/\\\/www.organisator.ch\\\/it\\\/generale\\\/2019-02-07\\\/der-organisator-das-etablierte-kmu-fachmagazin-wird-100-jaehrig\\\/#breadcrumb\"},\"inLanguage\":\"de\",\"potentialAction\":[{\"@type\":\"ReadAction\",\"target\":[\"https:\\\/\\\/www.organisator.ch\\\/it\\\/generale\\\/2019-02-07\\\/der-organisator-das-etablierte-kmu-fachmagazin-wird-100-jaehrig\\\/\"]}]},{\"@type\":\"ImageObject\",\"inLanguage\":\"de\",\"@id\":\"https:\\\/\\\/www.organisator.ch\\\/it\\\/generale\\\/2019-02-07\\\/der-organisator-das-etablierte-kmu-fachmagazin-wird-100-jaehrig\\\/#primaryimage\",\"url\":\"https:\\\/\\\/www.organisator.ch\\\/wp-content\\\/uploads\\\/2019\\\/02\\\/Der-ORGANISATOR-Das-etablierte-KMU-Fachmagazin-wird-100-jaehrig_Organisator.jpg\",\"contentUrl\":\"https:\\\/\\\/www.organisator.ch\\\/wp-content\\\/uploads\\\/2019\\\/02\\\/Der-ORGANISATOR-Das-etablierte-KMU-Fachmagazin-wird-100-jaehrig_Organisator.jpg\",\"width\":680,\"height\":412,\"caption\":\"Wie sich ein KMU-Fachmagazin in einem Jahrhundert ver\u00e4ndert hat: Der ORGANISATOR feiert 2019 sein 100-Jahr-Jubil\u00e4um. (Bild: Thomas Berner)\"},{\"@type\":\"BreadcrumbList\",\"@id\":\"https:\\\/\\\/www.organisator.ch\\\/it\\\/generale\\\/2019-02-07\\\/der-organisator-das-etablierte-kmu-fachmagazin-wird-100-jaehrig\\\/#breadcrumb\",\"itemListElement\":[{\"@type\":\"ListItem\",\"position\":1,\"name\":\"Home\",\"item\":\"https:\\\/\\\/www.organisator.ch\\\/\"},{\"@type\":\"ListItem\",\"position\":2,\"name\":\"Der ORGANISATOR: Das etablierte KMU-Fachmagazin wird 100-j\u00e4hrig\"}]},{\"@type\":\"WebSite\",\"@id\":\"https:\\\/\\\/www.organisator.ch\\\/#website\",\"url\":\"https:\\\/\\\/www.organisator.ch\\\/\",\"name\":\"Organisator\",\"description\":\"Kompetent. Praxisnah. Der ORGANISATOR bereitet in 10 Ausgaben pro Jahr die wesentlichen Themen f\u00fcr F\u00fchrungskr\u00e4fte von KMU auf.\",\"publisher\":{\"@id\":\"https:\\\/\\\/www.organisator.ch\\\/#organization\"},\"potentialAction\":[{\"@type\":\"SearchAction\",\"target\":{\"@type\":\"EntryPoint\",\"urlTemplate\":\"https:\\\/\\\/www.organisator.ch\\\/?s={search_term_string}\"},\"query-input\":{\"@type\":\"PropertyValueSpecification\",\"valueRequired\":true,\"valueName\":\"search_term_string\"}}],\"inLanguage\":\"de\"},{\"@type\":\"Organization\",\"@id\":\"https:\\\/\\\/www.organisator.ch\\\/#organization\",\"name\":\"Organisator\",\"url\":\"https:\\\/\\\/www.organisator.ch\\\/\",\"logo\":{\"@type\":\"ImageObject\",\"inLanguage\":\"de\",\"@id\":\"https:\\\/\\\/www.organisator.ch\\\/#\\\/schema\\\/logo\\\/image\\\/\",\"url\":\"https:\\\/\\\/www.organisator.ch\\\/wp-content\\\/uploads\\\/2022\\\/01\\\/Logo_Organisator_Website.png\",\"contentUrl\":\"https:\\\/\\\/www.organisator.ch\\\/wp-content\\\/uploads\\\/2022\\\/01\\\/Logo_Organisator_Website.png\",\"width\":800,\"height\":77,\"caption\":\"Organisator\"},\"image\":{\"@id\":\"https:\\\/\\\/www.organisator.ch\\\/#\\\/schema\\\/logo\\\/image\\\/\"},\"sameAs\":[\"https:\\\/\\\/www.facebook.com\\\/OrganisatorFachmagazin\",\"https:\\\/\\\/www.linkedin.com\\\/showcase\\\/organisator-das-magazin-fr-kmu\",\"https:\\\/\\\/www.xing.com\\\/news\\\/pages\\\/organisator-ch-695\",\"https:\\\/\\\/www.youtube.com\\\/channel\\\/UCGP2Sq0iWaZwT3BdIAQFYpw\"]},{\"@type\":\"Person\",\"@id\":\"https:\\\/\\\/www.organisator.ch\\\/#\\\/schema\\\/person\\\/6f650f90b2842cd4c0cc334b4e36f67e\",\"name\":\"thomas.berner\",\"image\":{\"@type\":\"ImageObject\",\"inLanguage\":\"de\",\"@id\":\"https:\\\/\\\/secure.gravatar.com\\\/avatar\\\/ac5001d2a36cb6c6cd3e50789007ffca834b477b74a2144564522e944eabff61?s=96&d=mm&r=g\",\"url\":\"https:\\\/\\\/secure.gravatar.com\\\/avatar\\\/ac5001d2a36cb6c6cd3e50789007ffca834b477b74a2144564522e944eabff61?s=96&d=mm&r=g\",\"contentUrl\":\"https:\\\/\\\/secure.gravatar.com\\\/avatar\\\/ac5001d2a36cb6c6cd3e50789007ffca834b477b74a2144564522e944eabff61?s=96&d=mm&r=g\",\"caption\":\"thomas.berner\"},\"url\":\"https:\\\/\\\/www.organisator.ch\\\/de\\\/author\\\/thomas-berner\\\/\"}]}<\/script>\n<!-- \/ Yoast SEO plugin. -->","yoast_head_json":{"title":"Der ORGANISATOR: Das etablierte KMU-Fachmagazin wird 100-j\u00e4hrig - Organisator","description":"Das etablierte KMU-Fachmagazin ORGANISATOR feiert dieses Jahr sein 100-j\u00e4hriges Bestehen und schaut dabei nicht nur zur\u00fcck, sondern auch in die Zukunft.","robots":{"index":"index","follow":"follow","max-snippet":"max-snippet:-1","max-image-preview":"max-image-preview:large","max-video-preview":"max-video-preview:-1"},"canonical":"https:\/\/www.organisator.ch\/de\/allgemein\/2019-02-07\/der-organisator-das-etablierte-kmu-fachmagazin-wird-100-jaehrig\/","og_locale":"de_DE","og_type":"article","og_title":"Der ORGANISATOR: Das etablierte KMU-Fachmagazin wird 100-j\u00e4hrig - Organisator","og_description":"Das etablierte KMU-Fachmagazin ORGANISATOR feiert dieses Jahr sein 100-j\u00e4hriges Bestehen und schaut dabei nicht nur zur\u00fcck, sondern auch in die Zukunft.","og_url":"https:\/\/www.organisator.ch\/de\/allgemein\/2019-02-07\/der-organisator-das-etablierte-kmu-fachmagazin-wird-100-jaehrig\/","og_site_name":"Organisator","article_publisher":"https:\/\/www.facebook.com\/OrganisatorFachmagazin","article_published_time":"2019-02-07T16:00:24+00:00","og_image":[{"width":680,"height":412,"url":"https:\/\/www.organisator.ch\/wp-content\/uploads\/2019\/02\/Der-ORGANISATOR-Das-etablierte-KMU-Fachmagazin-wird-100-jaehrig_Organisator.jpg","type":"image\/jpeg"}],"author":"thomas.berner","twitter_card":"summary_large_image","twitter_title":"Der #ORGANISATOR: Das etablierte KMU-Fachmagazin wird 100-j\u00e4hrig","twitter_description":"Das etablierte KMU-Fachmagazin #ORGANISATOR feiert dieses Jahr sein 100-j\u00e4hriges Bestehen und schaut dabei nicht nur zur\u00fcck, sondern auch in die Zukunft.","twitter_image":"https:\/\/www.organisator.ch\/wp-content\/uploads\/2019\/02\/Der-ORGANISATOR-Das-etablierte-KMU-Fachmagazin-wird-100-j\u00e4hrig_Organisator.jpg","schema":{"@context":"https:\/\/schema.org","@graph":[{"@type":"Article","@id":"https:\/\/www.organisator.ch\/it\/generale\/2019-02-07\/der-organisator-das-etablierte-kmu-fachmagazin-wird-100-jaehrig\/#article","isPartOf":{"@id":"https:\/\/www.organisator.ch\/it\/generale\/2019-02-07\/der-organisator-das-etablierte-kmu-fachmagazin-wird-100-jaehrig\/"},"author":{"name":"thomas.berner","@id":"https:\/\/www.organisator.ch\/#\/schema\/person\/6f650f90b2842cd4c0cc334b4e36f67e"},"headline":"Der ORGANISATOR: Das etablierte KMU-Fachmagazin wird 100-j\u00e4hrig","datePublished":"2019-02-07T16:00:24+00:00","mainEntityOfPage":{"@id":"https:\/\/www.organisator.ch\/it\/generale\/2019-02-07\/der-organisator-das-etablierte-kmu-fachmagazin-wird-100-jaehrig\/"},"wordCount":550,"commentCount":0,"publisher":{"@id":"https:\/\/www.organisator.ch\/#organization"},"image":{"@id":"https:\/\/www.organisator.ch\/it\/generale\/2019-02-07\/der-organisator-das-etablierte-kmu-fachmagazin-wird-100-jaehrig\/#primaryimage"},"thumbnailUrl":"https:\/\/www.organisator.ch\/wp-content\/uploads\/2019\/02\/Der-ORGANISATOR-Das-etablierte-KMU-Fachmagazin-wird-100-jaehrig_Organisator.jpg","keywords":["Jubil\u00e4um","Management und Unternehmensf\u00fchrung","Produkte","Vermischtes"],"inLanguage":"de"},{"@type":"WebPage","@id":"https:\/\/www.organisator.ch\/it\/generale\/2019-02-07\/der-organisator-das-etablierte-kmu-fachmagazin-wird-100-jaehrig\/","url":"https:\/\/www.organisator.ch\/it\/generale\/2019-02-07\/der-organisator-das-etablierte-kmu-fachmagazin-wird-100-jaehrig\/","name":"Der ORGANISATOR: Das etablierte KMU-Fachmagazin wird 100-j\u00e4hrig - Organisator","isPartOf":{"@id":"https:\/\/www.organisator.ch\/#website"},"primaryImageOfPage":{"@id":"https:\/\/www.organisator.ch\/it\/generale\/2019-02-07\/der-organisator-das-etablierte-kmu-fachmagazin-wird-100-jaehrig\/#primaryimage"},"image":{"@id":"https:\/\/www.organisator.ch\/it\/generale\/2019-02-07\/der-organisator-das-etablierte-kmu-fachmagazin-wird-100-jaehrig\/#primaryimage"},"thumbnailUrl":"https:\/\/www.organisator.ch\/wp-content\/uploads\/2019\/02\/Der-ORGANISATOR-Das-etablierte-KMU-Fachmagazin-wird-100-jaehrig_Organisator.jpg","datePublished":"2019-02-07T16:00:24+00:00","description":"Das etablierte KMU-Fachmagazin ORGANISATOR feiert dieses Jahr sein 100-j\u00e4hriges Bestehen und schaut dabei nicht nur zur\u00fcck, sondern auch in die Zukunft.","breadcrumb":{"@id":"https:\/\/www.organisator.ch\/it\/generale\/2019-02-07\/der-organisator-das-etablierte-kmu-fachmagazin-wird-100-jaehrig\/#breadcrumb"},"inLanguage":"de","potentialAction":[{"@type":"ReadAction","target":["https:\/\/www.organisator.ch\/it\/generale\/2019-02-07\/der-organisator-das-etablierte-kmu-fachmagazin-wird-100-jaehrig\/"]}]},{"@type":"ImageObject","inLanguage":"de","@id":"https:\/\/www.organisator.ch\/it\/generale\/2019-02-07\/der-organisator-das-etablierte-kmu-fachmagazin-wird-100-jaehrig\/#primaryimage","url":"https:\/\/www.organisator.ch\/wp-content\/uploads\/2019\/02\/Der-ORGANISATOR-Das-etablierte-KMU-Fachmagazin-wird-100-jaehrig_Organisator.jpg","contentUrl":"https:\/\/www.organisator.ch\/wp-content\/uploads\/2019\/02\/Der-ORGANISATOR-Das-etablierte-KMU-Fachmagazin-wird-100-jaehrig_Organisator.jpg","width":680,"height":412,"caption":"Wie sich ein KMU-Fachmagazin in einem Jahrhundert ver\u00e4ndert hat: Der ORGANISATOR feiert 2019 sein 100-Jahr-Jubil\u00e4um. (Bild: Thomas Berner)"},{"@type":"BreadcrumbList","@id":"https:\/\/www.organisator.ch\/it\/generale\/2019-02-07\/der-organisator-das-etablierte-kmu-fachmagazin-wird-100-jaehrig\/#breadcrumb","itemListElement":[{"@type":"ListItem","position":1,"name":"Home","item":"https:\/\/www.organisator.ch\/"},{"@type":"ListItem","position":2,"name":"Der ORGANISATOR: Das etablierte KMU-Fachmagazin wird 100-j\u00e4hrig"}]},{"@type":"WebSite","@id":"https:\/\/www.organisator.ch\/#website","url":"https:\/\/www.organisator.ch\/","name":"Organisator","description":"Kompetent. Praxisnah. Der ORGANISATOR bereitet in 10 Ausgaben pro Jahr die wesentlichen Themen f\u00fcr F\u00fchrungskr\u00e4fte von KMU auf.","publisher":{"@id":"https:\/\/www.organisator.ch\/#organization"},"potentialAction":[{"@type":"SearchAction","target":{"@type":"EntryPoint","urlTemplate":"https:\/\/www.organisator.ch\/?s={search_term_string}"},"query-input":{"@type":"PropertyValueSpecification","valueRequired":true,"valueName":"search_term_string"}}],"inLanguage":"de"},{"@type":"Organization","@id":"https:\/\/www.organisator.ch\/#organization","name":"Organisator","url":"https:\/\/www.organisator.ch\/","logo":{"@type":"ImageObject","inLanguage":"de","@id":"https:\/\/www.organisator.ch\/#\/schema\/logo\/image\/","url":"https:\/\/www.organisator.ch\/wp-content\/uploads\/2022\/01\/Logo_Organisator_Website.png","contentUrl":"https:\/\/www.organisator.ch\/wp-content\/uploads\/2022\/01\/Logo_Organisator_Website.png","width":800,"height":77,"caption":"Organisator"},"image":{"@id":"https:\/\/www.organisator.ch\/#\/schema\/logo\/image\/"},"sameAs":["https:\/\/www.facebook.com\/OrganisatorFachmagazin","https:\/\/www.linkedin.com\/showcase\/organisator-das-magazin-fr-kmu","https:\/\/www.xing.com\/news\/pages\/organisator-ch-695","https:\/\/www.youtube.com\/channel\/UCGP2Sq0iWaZwT3BdIAQFYpw"]},{"@type":"Person","@id":"https:\/\/www.organisator.ch\/#\/schema\/person\/6f650f90b2842cd4c0cc334b4e36f67e","name":"thomas.berner","image":{"@type":"ImageObject","inLanguage":"de","@id":"https:\/\/secure.gravatar.com\/avatar\/ac5001d2a36cb6c6cd3e50789007ffca834b477b74a2144564522e944eabff61?s=96&d=mm&r=g","url":"https:\/\/secure.gravatar.com\/avatar\/ac5001d2a36cb6c6cd3e50789007ffca834b477b74a2144564522e944eabff61?s=96&d=mm&r=g","contentUrl":"https:\/\/secure.gravatar.com\/avatar\/ac5001d2a36cb6c6cd3e50789007ffca834b477b74a2144564522e944eabff61?s=96&d=mm&r=g","caption":"thomas.berner"},"url":"https:\/\/www.organisator.ch\/de\/author\/thomas-berner\/"}]}},"_links":{"self":[{"href":"https:\/\/www.organisator.ch\/de\/wp-json\/wp\/v2\/posts\/4856","targetHints":{"allow":["GET"]}}],"collection":[{"href":"https:\/\/www.organisator.ch\/de\/wp-json\/wp\/v2\/posts"}],"about":[{"href":"https:\/\/www.organisator.ch\/de\/wp-json\/wp\/v2\/types\/post"}],"author":[{"embeddable":true,"href":"https:\/\/www.organisator.ch\/de\/wp-json\/wp\/v2\/users\/4"}],"replies":[{"embeddable":true,"href":"https:\/\/www.organisator.ch\/de\/wp-json\/wp\/v2\/comments?post=4856"}],"version-history":[{"count":0,"href":"https:\/\/www.organisator.ch\/de\/wp-json\/wp\/v2\/posts\/4856\/revisions"}],"wp:featuredmedia":[{"embeddable":true,"href":"https:\/\/www.organisator.ch\/de\/wp-json\/wp\/v2\/media\/4857"}],"wp:attachment":[{"href":"https:\/\/www.organisator.ch\/de\/wp-json\/wp\/v2\/media?parent=4856"}],"wp:term":[{"taxonomy":"category","embeddable":true,"href":"https:\/\/www.organisator.ch\/de\/wp-json\/wp\/v2\/categories?post=4856"},{"taxonomy":"post_tag","embeddable":true,"href":"https:\/\/www.organisator.ch\/de\/wp-json\/wp\/v2\/tags?post=4856"}],"curies":[{"name":"wp","href":"https:\/\/api.w.org\/{rel}","templated":true}]}}