{"id":4870,"date":"2019-02-13T11:01:40","date_gmt":"2019-02-13T10:01:40","guid":{"rendered":"https:\/\/www.organisator.ch\/?p=4870"},"modified":"2019-02-13T11:01:40","modified_gmt":"2019-02-13T10:01:40","slug":"die-zehn-groessten-fehler-beim-employer-branding","status":"publish","type":"post","link":"https:\/\/www.organisator.ch\/de\/management\/2019-02-13\/die-zehn-groessten-fehler-beim-employer-branding\/","title":{"rendered":"Die zehn gr\u00f6ssten Fehler beim Employer Branding"},"content":{"rendered":"<figure id=\"attachment_4871\" aria-describedby=\"caption-attachment-4871\" style=\"width: 680px\" class=\"wp-caption alignnone\"><img loading=\"lazy\" decoding=\"async\" class=\"size-medium wp-image-4871\" src=\"https:\/\/www.organisator.ch\/wp-content\/uploads\/2019\/02\/Die-zehn-groessten-Fehler-beim-Employer-Branding_Organisator.jpg\" alt=\"\" width=\"680\" height=\"427\" srcset=\"https:\/\/www.organisator.ch\/wp-content\/uploads\/2019\/02\/Die-zehn-groessten-Fehler-beim-Employer-Branding_Organisator.jpg 680w, https:\/\/www.organisator.ch\/wp-content\/uploads\/2019\/02\/Die-zehn-groessten-Fehler-beim-Employer-Branding_Organisator-16x10.jpg 16w, https:\/\/www.organisator.ch\/wp-content\/uploads\/2019\/02\/Die-zehn-groessten-Fehler-beim-Employer-Branding_Organisator-279x175.jpg 279w, https:\/\/www.organisator.ch\/wp-content\/uploads\/2019\/02\/Die-zehn-groessten-Fehler-beim-Employer-Branding_Organisator-557x350.jpg 557w, https:\/\/www.organisator.ch\/wp-content\/uploads\/2019\/02\/Die-zehn-groessten-Fehler-beim-Employer-Branding_Organisator-300x188.jpg 300w\" sizes=\"auto, (max-width: 680px) 100vw, 680px\" \/><figcaption id=\"caption-attachment-4871\" class=\"wp-caption-text\">So f\u00e4hrst du Employer Branding sicher gegen die Wand&#8220;: Die dpa-Tochter news aktuell und Faktenkontor zeigen in einer Infografik, welche Fehler Unternehmen bei der Entwicklung einer Arbeitgebermarke vermeiden sollten. (Bild: <a href=\"http:\/\/www.presseportal.ch\">obs\/news aktuel<\/a>l (Schweiz) AG\/Sebastian K\u00f6nnicke)<\/figcaption><\/figure>\n<p>Um Bewerber f\u00fcr sich zu gewinnen, reicht es nicht mehr aus, den wirtschaftlichen Erfolg eines Unternehmens zu pr\u00e4sentieren. Zuk\u00fcnftige Mitarbeiter interessieren sich daf\u00fcr, was ihnen abseits von Umsatzzahlen geboten wird. Dazu geh\u00f6rt auch eine positive Reputation als Arbeitgeber, da sich Arbeitnehmer auf verschiedenen Plattformen \u00fcber ein Unternehmen informieren.<\/p>\n<h2>Zufriedene Mitarbeitende als Ziel<\/h2>\n<p>Unternehmen sollten ausserdem Netzwerkpflege nicht vernachl\u00e4ssigen, denn fr\u00fchzeitiges Kontaktieren potenzieller Bewerber erleichtert zuk\u00fcnftiges Recruiting. Auch Arbeitgeber-Rankings auf Jobportalen zu beobachten ist ein Muss, denn so k\u00f6nnen Unternehmen erkennen, ob sich ihre Aussenwirkung ver\u00e4ndert.<\/p>\n<p>Nicht zuletzt ist die Zufriedenheit der Mitarbeiter eines der wesentlichen Ziele bei der Entwicklung einer starken Arbeitgebermarke. Denn gef\u00e4llt ihnen ihr Job, k\u00f6nnen sie als Botschafter des Unternehmens fungieren und die Sympathie f\u00fcr ihren Arbeitsplatz nach aussen tragen. Die Kan\u00e4le daf\u00fcr sind unterschiedlich: im Freundes- und Familienkreis, auf Social Media oder in Business-Netzwerken.<\/p>\n<h2>So f\u00e4hrt man Employer Branding sicher gegen die Wand<\/h2>\n<p>Die dpa-Tochter news aktuell und Faktenkontor zeigen, was Unternehmen bei der Entwicklung einer Arbeitgebermarke vermeiden sollten:<\/p>\n<ol>\n<li>Employer Branding macht die Praktikantin. Chefs haben Wichtigeres zu tun.<\/li>\n<li>Was wir potenziellen Mitarbeitern bieten? \u00c4h&#8230;Wissen wir selbst nicht. Hat sich noch nie jemand Gedanken dar\u00fcber gemacht.<\/li>\n<li>Wir sind als Arbeitgeber austauschbar. Na und?! Eine Arbeitgeber-Marke mit starkem Profil wird vollkommen \u00fcbersch\u00e4tzt.<\/li>\n<li>Viel versprechen, wenig halten. Wenn die neuen Mitarbeiter erst einmal da sind, m\u00fcssen wir unsere Versprechen auch nicht mehr halten.<\/li>\n<li>Schlechte Reputation ist uns egal. Wer wegen unseres schlechten Rufs nicht zu uns kommt, passt ohnehin nicht zu uns.<\/li>\n<li>Spitzenpl\u00e4tze in Arbeitgeber-Rankings sind nur was f\u00fcr Streber. Wir brauchen keine zus\u00e4tzlichen Argumente f\u00fcr Bewerber, dass wir toll sind.<\/li>\n<li>Mitarbeiterzufriedenheit ist ein netter Luxus. Wer sich um zufriedene Mitarbeiter k\u00fcmmert, lenkt nur von unserem Leistungsanspruch ab.<\/li>\n<li>Netzwerkpflege ist nur was f\u00fcr Personaler, die keinen Coiffeur zum Quatschen haben. Kontakte zu Bewerbern fr\u00fchzeitig kn\u00fcpfen? Viel zu aufw\u00e4ndig!<\/li>\n<li>Der beste Weg sind gedruckte Stellenanzeigen. Digitalkan\u00e4le sind neumodischer Quatsch!<\/li>\n<li>Ist das Employer-Branding-Budget ausgegeben, ist es weg. Die St\u00e4rke der Arbeitgeber-Marke messen wir erst gar nicht. Das f\u00fchrt nur zu unn\u00f6tig hohen Erwartungen der Chefs.<\/li>\n<\/ol>\n<p>&nbsp;<\/p>\n","protected":false},"excerpt":{"rendered":"<p>Um Bewerber f\u00fcr sich zu gewinnen, reicht es nicht mehr aus, den wirtschaftlichen Erfolg eines Unternehmens zu pr\u00e4sentieren. Zuk\u00fcnftige Mitarbeiter interessieren sich daf\u00fcr, was ihnen abseits von Umsatzzahlen geboten wird. Dazu geh\u00f6rt auch eine positive Reputation als Arbeitgeber, da sich Arbeitnehmer auf verschiedenen Plattformen \u00fcber ein Unternehmen informieren. Zufriedene Mitarbeitende als Ziel Unternehmen sollten ausserdem [&hellip;]<\/p>\n","protected":false},"author":4,"featured_media":4871,"comment_status":"open","ping_status":"open","sticky":false,"template":"","format":"standard","meta":{"_acf_changed":false,"_yoast_wpseo_focuskw":"Employer Branding","_yoast_wpseo_metadesc":"Das eigene Image nicht zur Chefsache machen - das ist nur einer von vielen Fehlern, die Unternehmen beim Employer Branding machen k\u00f6nnen.","articlekey":"","footnotes":""},"categories":[28],"tags":[254,335,339,407],"class_list":["post-4870","post","type-post","status-publish","format-standard","has-post-thumbnail","hentry","category-management","tag-hrm","tag-management-und-unternehmensfuehrung","tag-marketing","tag-recruiting"],"acf":[],"yoast_head":"<!-- This site is optimized with the Yoast SEO plugin v27.5 - https:\/\/yoast.com\/product\/yoast-seo-wordpress\/ -->\n<title>Die zehn gr\u00f6ssten Fehler beim Employer Branding - Organisator<\/title>\n<meta name=\"description\" content=\"Das eigene Image nicht zur Chefsache machen - das ist nur einer von vielen Fehlern, die Unternehmen beim Employer Branding machen k\u00f6nnen.\" \/>\n<meta name=\"robots\" content=\"index, follow, max-snippet:-1, max-image-preview:large, max-video-preview:-1\" \/>\n<link rel=\"canonical\" href=\"https:\/\/www.organisator.ch\/de\/management\/2019-02-13\/die-zehn-groessten-fehler-beim-employer-branding\/\" \/>\n<meta property=\"og:locale\" content=\"de_DE\" \/>\n<meta property=\"og:type\" content=\"article\" \/>\n<meta property=\"og:title\" content=\"Die zehn gr\u00f6ssten Fehler beim Employer Branding\" \/>\n<meta property=\"og:description\" content=\"Das eigene Image nicht zur Chefsache machen - das ist nur einer von vielen Fehlern, die Unternehmen beim Employer Branding machen k\u00f6nnen.\" \/>\n<meta property=\"og:url\" content=\"https:\/\/www.organisator.ch\/de\/management\/2019-02-13\/die-zehn-groessten-fehler-beim-employer-branding\/\" \/>\n<meta property=\"og:site_name\" content=\"Organisator\" \/>\n<meta property=\"article:publisher\" content=\"https:\/\/www.facebook.com\/OrganisatorFachmagazin\" \/>\n<meta property=\"article:published_time\" content=\"2019-02-13T10:01:40+00:00\" \/>\n<meta property=\"og:image\" content=\"https:\/\/www.organisator.ch\/wp-content\/uploads\/2019\/02\/Die-zehn-groessten-Fehler-beim-Employer-Branding_Organisator.jpg\" \/>\n\t<meta property=\"og:image:width\" content=\"680\" \/>\n\t<meta property=\"og:image:height\" content=\"427\" \/>\n\t<meta property=\"og:image:type\" content=\"image\/jpeg\" \/>\n<meta name=\"author\" content=\"thomas.berner\" \/>\n<meta name=\"twitter:card\" content=\"summary_large_image\" \/>\n<meta name=\"twitter:title\" content=\"Die zehn gr\u00f6ssten Fehler beim #EmployerBranding\" \/>\n<meta name=\"twitter:description\" content=\"Das eigene Image nicht zur Chefsache machen - das ist nur einer von vielen Fehlern, die Unternehmen beim #EmployerBranding machen k\u00f6nnen.\" \/>\n<meta name=\"twitter:image\" content=\"https:\/\/www.organisator.ch\/wp-content\/uploads\/2019\/02\/Die-zehn-gr\u00f6ssten-Fehler-beim-Employer-Branding_Organisator.jpg\" \/>\n<script type=\"application\/ld+json\" class=\"yoast-schema-graph\">{\"@context\":\"https:\\\/\\\/schema.org\",\"@graph\":[{\"@type\":\"Article\",\"@id\":\"https:\\\/\\\/www.organisator.ch\\\/management\\\/2019-02-13\\\/die-zehn-groessten-fehler-beim-employer-branding\\\/#article\",\"isPartOf\":{\"@id\":\"https:\\\/\\\/www.organisator.ch\\\/management\\\/2019-02-13\\\/die-zehn-groessten-fehler-beim-employer-branding\\\/\"},\"author\":{\"name\":\"thomas.berner\",\"@id\":\"https:\\\/\\\/www.organisator.ch\\\/#\\\/schema\\\/person\\\/6f650f90b2842cd4c0cc334b4e36f67e\"},\"headline\":\"Die zehn gr\u00f6ssten Fehler beim Employer Branding\",\"datePublished\":\"2019-02-13T10:01:40+00:00\",\"mainEntityOfPage\":{\"@id\":\"https:\\\/\\\/www.organisator.ch\\\/management\\\/2019-02-13\\\/die-zehn-groessten-fehler-beim-employer-branding\\\/\"},\"wordCount\":423,\"commentCount\":0,\"publisher\":{\"@id\":\"https:\\\/\\\/www.organisator.ch\\\/#organization\"},\"image\":{\"@id\":\"https:\\\/\\\/www.organisator.ch\\\/management\\\/2019-02-13\\\/die-zehn-groessten-fehler-beim-employer-branding\\\/#primaryimage\"},\"thumbnailUrl\":\"https:\\\/\\\/www.organisator.ch\\\/wp-content\\\/uploads\\\/2019\\\/02\\\/Die-zehn-groessten-Fehler-beim-Employer-Branding_Organisator.jpg\",\"keywords\":[\"HRM\",\"Management und Unternehmensf\u00fchrung\",\"Marketing\",\"Recruiting\"],\"articleSection\":[\"MANAGEMENT\"],\"inLanguage\":\"de\"},{\"@type\":\"WebPage\",\"@id\":\"https:\\\/\\\/www.organisator.ch\\\/management\\\/2019-02-13\\\/die-zehn-groessten-fehler-beim-employer-branding\\\/\",\"url\":\"https:\\\/\\\/www.organisator.ch\\\/management\\\/2019-02-13\\\/die-zehn-groessten-fehler-beim-employer-branding\\\/\",\"name\":\"Die zehn gr\u00f6ssten Fehler beim Employer Branding - Organisator\",\"isPartOf\":{\"@id\":\"https:\\\/\\\/www.organisator.ch\\\/#website\"},\"primaryImageOfPage\":{\"@id\":\"https:\\\/\\\/www.organisator.ch\\\/management\\\/2019-02-13\\\/die-zehn-groessten-fehler-beim-employer-branding\\\/#primaryimage\"},\"image\":{\"@id\":\"https:\\\/\\\/www.organisator.ch\\\/management\\\/2019-02-13\\\/die-zehn-groessten-fehler-beim-employer-branding\\\/#primaryimage\"},\"thumbnailUrl\":\"https:\\\/\\\/www.organisator.ch\\\/wp-content\\\/uploads\\\/2019\\\/02\\\/Die-zehn-groessten-Fehler-beim-Employer-Branding_Organisator.jpg\",\"datePublished\":\"2019-02-13T10:01:40+00:00\",\"description\":\"Das eigene Image nicht zur Chefsache machen - das ist nur einer von vielen Fehlern, die Unternehmen beim Employer Branding machen k\u00f6nnen.\",\"breadcrumb\":{\"@id\":\"https:\\\/\\\/www.organisator.ch\\\/management\\\/2019-02-13\\\/die-zehn-groessten-fehler-beim-employer-branding\\\/#breadcrumb\"},\"inLanguage\":\"de\",\"potentialAction\":[{\"@type\":\"ReadAction\",\"target\":[\"https:\\\/\\\/www.organisator.ch\\\/management\\\/2019-02-13\\\/die-zehn-groessten-fehler-beim-employer-branding\\\/\"]}]},{\"@type\":\"ImageObject\",\"inLanguage\":\"de\",\"@id\":\"https:\\\/\\\/www.organisator.ch\\\/management\\\/2019-02-13\\\/die-zehn-groessten-fehler-beim-employer-branding\\\/#primaryimage\",\"url\":\"https:\\\/\\\/www.organisator.ch\\\/wp-content\\\/uploads\\\/2019\\\/02\\\/Die-zehn-groessten-Fehler-beim-Employer-Branding_Organisator.jpg\",\"contentUrl\":\"https:\\\/\\\/www.organisator.ch\\\/wp-content\\\/uploads\\\/2019\\\/02\\\/Die-zehn-groessten-Fehler-beim-Employer-Branding_Organisator.jpg\",\"width\":680,\"height\":427,\"caption\":\"So f\u00e4hrst du Employer Branding sicher gegen die Wand\\\": Die dpa-Tochter news aktuell und Faktenkontor zeigen in einer Infografik, welche Fehler Unternehmen bei der Entwicklung einer Arbeitgebermarke vermeiden sollten. (Bild: obs\\\/news aktuell (Schweiz) AG\\\/Sebastian K\u00f6nnicke)\"},{\"@type\":\"BreadcrumbList\",\"@id\":\"https:\\\/\\\/www.organisator.ch\\\/management\\\/2019-02-13\\\/die-zehn-groessten-fehler-beim-employer-branding\\\/#breadcrumb\",\"itemListElement\":[{\"@type\":\"ListItem\",\"position\":1,\"name\":\"Home\",\"item\":\"https:\\\/\\\/www.organisator.ch\\\/\"},{\"@type\":\"ListItem\",\"position\":2,\"name\":\"Die zehn gr\u00f6ssten Fehler beim Employer Branding\"}]},{\"@type\":\"WebSite\",\"@id\":\"https:\\\/\\\/www.organisator.ch\\\/#website\",\"url\":\"https:\\\/\\\/www.organisator.ch\\\/\",\"name\":\"Organisator\",\"description\":\"Kompetent. Praxisnah. Der ORGANISATOR bereitet in 10 Ausgaben pro Jahr die wesentlichen Themen f\u00fcr F\u00fchrungskr\u00e4fte von KMU auf.\",\"publisher\":{\"@id\":\"https:\\\/\\\/www.organisator.ch\\\/#organization\"},\"potentialAction\":[{\"@type\":\"SearchAction\",\"target\":{\"@type\":\"EntryPoint\",\"urlTemplate\":\"https:\\\/\\\/www.organisator.ch\\\/?s={search_term_string}\"},\"query-input\":{\"@type\":\"PropertyValueSpecification\",\"valueRequired\":true,\"valueName\":\"search_term_string\"}}],\"inLanguage\":\"de\"},{\"@type\":\"Organization\",\"@id\":\"https:\\\/\\\/www.organisator.ch\\\/#organization\",\"name\":\"Organisator\",\"url\":\"https:\\\/\\\/www.organisator.ch\\\/\",\"logo\":{\"@type\":\"ImageObject\",\"inLanguage\":\"de\",\"@id\":\"https:\\\/\\\/www.organisator.ch\\\/#\\\/schema\\\/logo\\\/image\\\/\",\"url\":\"https:\\\/\\\/www.organisator.ch\\\/wp-content\\\/uploads\\\/2022\\\/01\\\/Logo_Organisator_Website.png\",\"contentUrl\":\"https:\\\/\\\/www.organisator.ch\\\/wp-content\\\/uploads\\\/2022\\\/01\\\/Logo_Organisator_Website.png\",\"width\":800,\"height\":77,\"caption\":\"Organisator\"},\"image\":{\"@id\":\"https:\\\/\\\/www.organisator.ch\\\/#\\\/schema\\\/logo\\\/image\\\/\"},\"sameAs\":[\"https:\\\/\\\/www.facebook.com\\\/OrganisatorFachmagazin\",\"https:\\\/\\\/www.linkedin.com\\\/showcase\\\/organisator-das-magazin-fr-kmu\",\"https:\\\/\\\/www.xing.com\\\/news\\\/pages\\\/organisator-ch-695\",\"https:\\\/\\\/www.youtube.com\\\/channel\\\/UCGP2Sq0iWaZwT3BdIAQFYpw\"]},{\"@type\":\"Person\",\"@id\":\"https:\\\/\\\/www.organisator.ch\\\/#\\\/schema\\\/person\\\/6f650f90b2842cd4c0cc334b4e36f67e\",\"name\":\"thomas.berner\",\"image\":{\"@type\":\"ImageObject\",\"inLanguage\":\"de\",\"@id\":\"https:\\\/\\\/secure.gravatar.com\\\/avatar\\\/ac5001d2a36cb6c6cd3e50789007ffca834b477b74a2144564522e944eabff61?s=96&d=mm&r=g\",\"url\":\"https:\\\/\\\/secure.gravatar.com\\\/avatar\\\/ac5001d2a36cb6c6cd3e50789007ffca834b477b74a2144564522e944eabff61?s=96&d=mm&r=g\",\"contentUrl\":\"https:\\\/\\\/secure.gravatar.com\\\/avatar\\\/ac5001d2a36cb6c6cd3e50789007ffca834b477b74a2144564522e944eabff61?s=96&d=mm&r=g\",\"caption\":\"thomas.berner\"},\"url\":\"https:\\\/\\\/www.organisator.ch\\\/de\\\/author\\\/thomas-berner\\\/\"}]}<\/script>\n<!-- \/ Yoast SEO plugin. -->","yoast_head_json":{"title":"Die zehn gr\u00f6ssten Fehler beim Employer Branding - Organisator","description":"Das eigene Image nicht zur Chefsache machen - das ist nur einer von vielen Fehlern, die Unternehmen beim Employer Branding machen k\u00f6nnen.","robots":{"index":"index","follow":"follow","max-snippet":"max-snippet:-1","max-image-preview":"max-image-preview:large","max-video-preview":"max-video-preview:-1"},"canonical":"https:\/\/www.organisator.ch\/de\/management\/2019-02-13\/die-zehn-groessten-fehler-beim-employer-branding\/","og_locale":"de_DE","og_type":"article","og_title":"Die zehn gr\u00f6ssten Fehler beim Employer Branding","og_description":"Das eigene Image nicht zur Chefsache machen - das ist nur einer von vielen Fehlern, die Unternehmen beim Employer Branding machen k\u00f6nnen.","og_url":"https:\/\/www.organisator.ch\/de\/management\/2019-02-13\/die-zehn-groessten-fehler-beim-employer-branding\/","og_site_name":"Organisator","article_publisher":"https:\/\/www.facebook.com\/OrganisatorFachmagazin","article_published_time":"2019-02-13T10:01:40+00:00","og_image":[{"width":680,"height":427,"url":"https:\/\/www.organisator.ch\/wp-content\/uploads\/2019\/02\/Die-zehn-groessten-Fehler-beim-Employer-Branding_Organisator.jpg","type":"image\/jpeg"}],"author":"thomas.berner","twitter_card":"summary_large_image","twitter_title":"Die zehn gr\u00f6ssten Fehler beim #EmployerBranding","twitter_description":"Das eigene Image nicht zur Chefsache machen - das ist nur einer von vielen Fehlern, die Unternehmen beim #EmployerBranding machen k\u00f6nnen.","twitter_image":"https:\/\/www.organisator.ch\/wp-content\/uploads\/2019\/02\/Die-zehn-gr\u00f6ssten-Fehler-beim-Employer-Branding_Organisator.jpg","schema":{"@context":"https:\/\/schema.org","@graph":[{"@type":"Article","@id":"https:\/\/www.organisator.ch\/management\/2019-02-13\/die-zehn-groessten-fehler-beim-employer-branding\/#article","isPartOf":{"@id":"https:\/\/www.organisator.ch\/management\/2019-02-13\/die-zehn-groessten-fehler-beim-employer-branding\/"},"author":{"name":"thomas.berner","@id":"https:\/\/www.organisator.ch\/#\/schema\/person\/6f650f90b2842cd4c0cc334b4e36f67e"},"headline":"Die zehn gr\u00f6ssten Fehler beim Employer Branding","datePublished":"2019-02-13T10:01:40+00:00","mainEntityOfPage":{"@id":"https:\/\/www.organisator.ch\/management\/2019-02-13\/die-zehn-groessten-fehler-beim-employer-branding\/"},"wordCount":423,"commentCount":0,"publisher":{"@id":"https:\/\/www.organisator.ch\/#organization"},"image":{"@id":"https:\/\/www.organisator.ch\/management\/2019-02-13\/die-zehn-groessten-fehler-beim-employer-branding\/#primaryimage"},"thumbnailUrl":"https:\/\/www.organisator.ch\/wp-content\/uploads\/2019\/02\/Die-zehn-groessten-Fehler-beim-Employer-Branding_Organisator.jpg","keywords":["HRM","Management und Unternehmensf\u00fchrung","Marketing","Recruiting"],"articleSection":["MANAGEMENT"],"inLanguage":"de"},{"@type":"WebPage","@id":"https:\/\/www.organisator.ch\/management\/2019-02-13\/die-zehn-groessten-fehler-beim-employer-branding\/","url":"https:\/\/www.organisator.ch\/management\/2019-02-13\/die-zehn-groessten-fehler-beim-employer-branding\/","name":"Die zehn gr\u00f6ssten Fehler beim Employer Branding - Organisator","isPartOf":{"@id":"https:\/\/www.organisator.ch\/#website"},"primaryImageOfPage":{"@id":"https:\/\/www.organisator.ch\/management\/2019-02-13\/die-zehn-groessten-fehler-beim-employer-branding\/#primaryimage"},"image":{"@id":"https:\/\/www.organisator.ch\/management\/2019-02-13\/die-zehn-groessten-fehler-beim-employer-branding\/#primaryimage"},"thumbnailUrl":"https:\/\/www.organisator.ch\/wp-content\/uploads\/2019\/02\/Die-zehn-groessten-Fehler-beim-Employer-Branding_Organisator.jpg","datePublished":"2019-02-13T10:01:40+00:00","description":"Das eigene Image nicht zur Chefsache machen - das ist nur einer von vielen Fehlern, die Unternehmen beim Employer Branding machen k\u00f6nnen.","breadcrumb":{"@id":"https:\/\/www.organisator.ch\/management\/2019-02-13\/die-zehn-groessten-fehler-beim-employer-branding\/#breadcrumb"},"inLanguage":"de","potentialAction":[{"@type":"ReadAction","target":["https:\/\/www.organisator.ch\/management\/2019-02-13\/die-zehn-groessten-fehler-beim-employer-branding\/"]}]},{"@type":"ImageObject","inLanguage":"de","@id":"https:\/\/www.organisator.ch\/management\/2019-02-13\/die-zehn-groessten-fehler-beim-employer-branding\/#primaryimage","url":"https:\/\/www.organisator.ch\/wp-content\/uploads\/2019\/02\/Die-zehn-groessten-Fehler-beim-Employer-Branding_Organisator.jpg","contentUrl":"https:\/\/www.organisator.ch\/wp-content\/uploads\/2019\/02\/Die-zehn-groessten-Fehler-beim-Employer-Branding_Organisator.jpg","width":680,"height":427,"caption":"So f\u00e4hrst du Employer Branding sicher gegen die Wand\": Die dpa-Tochter news aktuell und Faktenkontor zeigen in einer Infografik, welche Fehler Unternehmen bei der Entwicklung einer Arbeitgebermarke vermeiden sollten. (Bild: obs\/news aktuell (Schweiz) AG\/Sebastian K\u00f6nnicke)"},{"@type":"BreadcrumbList","@id":"https:\/\/www.organisator.ch\/management\/2019-02-13\/die-zehn-groessten-fehler-beim-employer-branding\/#breadcrumb","itemListElement":[{"@type":"ListItem","position":1,"name":"Home","item":"https:\/\/www.organisator.ch\/"},{"@type":"ListItem","position":2,"name":"Die zehn gr\u00f6ssten Fehler beim Employer Branding"}]},{"@type":"WebSite","@id":"https:\/\/www.organisator.ch\/#website","url":"https:\/\/www.organisator.ch\/","name":"Organisator","description":"Kompetent. Praxisnah. Der ORGANISATOR bereitet in 10 Ausgaben pro Jahr die wesentlichen Themen f\u00fcr F\u00fchrungskr\u00e4fte von KMU auf.","publisher":{"@id":"https:\/\/www.organisator.ch\/#organization"},"potentialAction":[{"@type":"SearchAction","target":{"@type":"EntryPoint","urlTemplate":"https:\/\/www.organisator.ch\/?s={search_term_string}"},"query-input":{"@type":"PropertyValueSpecification","valueRequired":true,"valueName":"search_term_string"}}],"inLanguage":"de"},{"@type":"Organization","@id":"https:\/\/www.organisator.ch\/#organization","name":"Organisator","url":"https:\/\/www.organisator.ch\/","logo":{"@type":"ImageObject","inLanguage":"de","@id":"https:\/\/www.organisator.ch\/#\/schema\/logo\/image\/","url":"https:\/\/www.organisator.ch\/wp-content\/uploads\/2022\/01\/Logo_Organisator_Website.png","contentUrl":"https:\/\/www.organisator.ch\/wp-content\/uploads\/2022\/01\/Logo_Organisator_Website.png","width":800,"height":77,"caption":"Organisator"},"image":{"@id":"https:\/\/www.organisator.ch\/#\/schema\/logo\/image\/"},"sameAs":["https:\/\/www.facebook.com\/OrganisatorFachmagazin","https:\/\/www.linkedin.com\/showcase\/organisator-das-magazin-fr-kmu","https:\/\/www.xing.com\/news\/pages\/organisator-ch-695","https:\/\/www.youtube.com\/channel\/UCGP2Sq0iWaZwT3BdIAQFYpw"]},{"@type":"Person","@id":"https:\/\/www.organisator.ch\/#\/schema\/person\/6f650f90b2842cd4c0cc334b4e36f67e","name":"thomas.berner","image":{"@type":"ImageObject","inLanguage":"de","@id":"https:\/\/secure.gravatar.com\/avatar\/ac5001d2a36cb6c6cd3e50789007ffca834b477b74a2144564522e944eabff61?s=96&d=mm&r=g","url":"https:\/\/secure.gravatar.com\/avatar\/ac5001d2a36cb6c6cd3e50789007ffca834b477b74a2144564522e944eabff61?s=96&d=mm&r=g","contentUrl":"https:\/\/secure.gravatar.com\/avatar\/ac5001d2a36cb6c6cd3e50789007ffca834b477b74a2144564522e944eabff61?s=96&d=mm&r=g","caption":"thomas.berner"},"url":"https:\/\/www.organisator.ch\/de\/author\/thomas-berner\/"}]}},"_links":{"self":[{"href":"https:\/\/www.organisator.ch\/de\/wp-json\/wp\/v2\/posts\/4870","targetHints":{"allow":["GET"]}}],"collection":[{"href":"https:\/\/www.organisator.ch\/de\/wp-json\/wp\/v2\/posts"}],"about":[{"href":"https:\/\/www.organisator.ch\/de\/wp-json\/wp\/v2\/types\/post"}],"author":[{"embeddable":true,"href":"https:\/\/www.organisator.ch\/de\/wp-json\/wp\/v2\/users\/4"}],"replies":[{"embeddable":true,"href":"https:\/\/www.organisator.ch\/de\/wp-json\/wp\/v2\/comments?post=4870"}],"version-history":[{"count":0,"href":"https:\/\/www.organisator.ch\/de\/wp-json\/wp\/v2\/posts\/4870\/revisions"}],"wp:featuredmedia":[{"embeddable":true,"href":"https:\/\/www.organisator.ch\/de\/wp-json\/wp\/v2\/media\/4871"}],"wp:attachment":[{"href":"https:\/\/www.organisator.ch\/de\/wp-json\/wp\/v2\/media?parent=4870"}],"wp:term":[{"taxonomy":"category","embeddable":true,"href":"https:\/\/www.organisator.ch\/de\/wp-json\/wp\/v2\/categories?post=4870"},{"taxonomy":"post_tag","embeddable":true,"href":"https:\/\/www.organisator.ch\/de\/wp-json\/wp\/v2\/tags?post=4870"}],"curies":[{"name":"wp","href":"https:\/\/api.w.org\/{rel}","templated":true}]}}