{"id":494,"date":"2016-05-17T11:09:57","date_gmt":"2016-05-17T09:09:57","guid":{"rendered":"http:\/\/dev.organisator.ch\/?p=494"},"modified":"2016-05-17T11:09:57","modified_gmt":"2016-05-17T09:09:57","slug":"work-life-balance-wichtiger-als-die-eigene-karriere","status":"publish","type":"post","link":"https:\/\/www.organisator.ch\/de\/allgemein\/2016-05-17\/work-life-balance-wichtiger-als-die-eigene-karriere\/","title":{"rendered":"Work-Life-Balance wichtiger als die eigene Karriere"},"content":{"rendered":"<figure id=\"attachment_495\" aria-describedby=\"caption-attachment-495\" style=\"width: 680px\" class=\"wp-caption alignnone\"><img loading=\"lazy\" decoding=\"async\" class=\"size-medium wp-image-495\" src=\"https:\/\/organisator.ch\/wp-content\/uploads\/2016\/12\/Work-Life-Balance-wichtiger-als-die-eigene-Karriere-organisator.jpg\" alt=\"\" width=\"680\" height=\"528\" srcset=\"https:\/\/www.organisator.ch\/wp-content\/uploads\/2016\/12\/Work-Life-Balance-wichtiger-als-die-eigene-Karriere-organisator.jpg 773w, https:\/\/www.organisator.ch\/wp-content\/uploads\/2016\/12\/Work-Life-Balance-wichtiger-als-die-eigene-Karriere-organisator-680x528.jpg 680w, https:\/\/www.organisator.ch\/wp-content\/uploads\/2016\/12\/Work-Life-Balance-wichtiger-als-die-eigene-Karriere-organisator-768x596.jpg 768w, https:\/\/www.organisator.ch\/wp-content\/uploads\/2016\/12\/Work-Life-Balance-wichtiger-als-die-eigene-Karriere-organisator-16x12.jpg 16w, https:\/\/www.organisator.ch\/wp-content\/uploads\/2016\/12\/Work-Life-Balance-wichtiger-als-die-eigene-Karriere-organisator-225x175.jpg 225w, https:\/\/www.organisator.ch\/wp-content\/uploads\/2016\/12\/Work-Life-Balance-wichtiger-als-die-eigene-Karriere-organisator-451x350.jpg 451w, https:\/\/www.organisator.ch\/wp-content\/uploads\/2016\/12\/Work-Life-Balance-wichtiger-als-die-eigene-Karriere-organisator-300x233.jpg 300w\" sizes=\"auto, (max-width: 680px) 100vw, 680px\" \/><figcaption id=\"caption-attachment-495\" class=\"wp-caption-text\">F\u00fcr \u00fcber drei Viertel der Arbeitnehmenden kommt die Work-Life-Balance noch vor dem Gehalt. (Bild: Fotolia.com)<\/figcaption><\/figure>\n<p>F\u00fcr die Studie wurden 1\u2018486 Personen im Alter zwischen 16 und 60 Jahren bei der aktiven und passiven Stellensuche befragt.\u00a0 Das wohl deutlichste Ergebnis der Studie ist, dass immerhin 78 Prozent der Befragten eine gute Work-Life-Balance einer hohen Position im Unternehmen vorziehen w\u00fcrden.<\/p>\n<p>Nur 43 Prozent sprachen sich daf\u00fcr aus, dass die Karriere f\u00fcr sie sehr wichtig ist. Dabei scheint das pers\u00f6nliche Fortkommen den West-Schweizern mehr am Herzen zu liegen als den Deutschschweizern (52 versus 40 Prozent). Stimme die \u201eChemie\u201c, k\u00f6nnen sich die Befragten gut vorstellen, mehr als f\u00fcnf Jahre beim gleichen Arbeitgeber zu bleiben (89 Prozent). Selbst die j\u00fcngere Generation zwischen 16 und 24 Jahren sieht kein Problem darin (81 Prozent).<\/p>\n<p><strong>Westschweizer aktiver<\/strong><\/p>\n<p>Im Hinblick auf die Verteilung der Jobsuchenden gibt es in der Deutschschweiz insgesamt mehr aktive und passive Stellensuchende: 41 Prozent gegen\u00fcber 36 Prozent in der Romandie. Die Westschweizer sind dabei aber aktiver: in den letzten 12 Monaten haben sich 45 Prozent von ihnen auf eine Stelle beworben.<\/p>\n<p>In der Deutschschweiz waren es nur 38 Prozent. Im gleichen Zeitraum haben die Romands durchschnittlich 28 Bewerbungen verschickt w\u00e4hrend die Deutschschweizer es lediglich auf 15 pro Kopf bringen. Insgesamt ist zu beobachten, dass sich \u00e4ltere Jobsuchende h\u00e4ufiger beworben haben als j\u00fcngere.<\/p>\n<p><strong>Beliebte Kan\u00e4le<\/strong><\/p>\n<p>Beliebtester Kanal f\u00fcr die Jobsuche sind Online-Jobportale mit 65 Prozent. Das ist ein Plus von zwei Prozent gegen\u00fcber dem Vorjahr. An zweiter Stelle stehen Firmenwebsites mit 53 Prozent, demselben Wert wie im Vorjahr. Inserate in Zeitungen und Zeitschriften werden jedes Jahr weniger f\u00fcr die Stellensuche genutzt (minus 6 Prozent zum Vorjahr).<\/p>\n<p>Soziale Netzwerke spielen mit 21 Prozent nach wie vor eine eher untergeordnete Rolle bei der Suche nach dem Traumjob.<\/p>\n<p><a href=\"http:\/\/www.jobcloud.ch\" target=\"_blank\" data-cke-saved-href=\"http:\/\/www.jobcloud.ch\" rel=\"noopener\">http:\/\/www.jobcloud.ch<\/a><\/p>\n<figure id=\"attachment_497\" aria-describedby=\"caption-attachment-497\" style=\"width: 680px\" class=\"wp-caption alignnone\"><img loading=\"lazy\" decoding=\"async\" class=\"size-medium wp-image-497\" src=\"https:\/\/organisator.ch\/wp-content\/uploads\/2016\/12\/Work-Life-Balance-wichtiger-als-die-eigene-Karriere2-organisator.png\" alt=\"\" width=\"680\" height=\"481\" srcset=\"https:\/\/www.organisator.ch\/wp-content\/uploads\/2016\/12\/Work-Life-Balance-wichtiger-als-die-eigene-Karriere2-organisator.png 3508w, https:\/\/www.organisator.ch\/wp-content\/uploads\/2016\/12\/Work-Life-Balance-wichtiger-als-die-eigene-Karriere2-organisator-680x481.png 680w, https:\/\/www.organisator.ch\/wp-content\/uploads\/2016\/12\/Work-Life-Balance-wichtiger-als-die-eigene-Karriere2-organisator-1024x724.png 1024w, https:\/\/www.organisator.ch\/wp-content\/uploads\/2016\/12\/Work-Life-Balance-wichtiger-als-die-eigene-Karriere2-organisator-768x543.png 768w, https:\/\/www.organisator.ch\/wp-content\/uploads\/2016\/12\/Work-Life-Balance-wichtiger-als-die-eigene-Karriere2-organisator-1536x1086.png 1536w, https:\/\/www.organisator.ch\/wp-content\/uploads\/2016\/12\/Work-Life-Balance-wichtiger-als-die-eigene-Karriere2-organisator-2048x1448.png 2048w, https:\/\/www.organisator.ch\/wp-content\/uploads\/2016\/12\/Work-Life-Balance-wichtiger-als-die-eigene-Karriere2-organisator-16x12.png 16w, https:\/\/www.organisator.ch\/wp-content\/uploads\/2016\/12\/Work-Life-Balance-wichtiger-als-die-eigene-Karriere2-organisator-248x175.png 248w, https:\/\/www.organisator.ch\/wp-content\/uploads\/2016\/12\/Work-Life-Balance-wichtiger-als-die-eigene-Karriere2-organisator-495x350.png 495w, https:\/\/www.organisator.ch\/wp-content\/uploads\/2016\/12\/Work-Life-Balance-wichtiger-als-die-eigene-Karriere2-organisator-1132x800.png 1132w, https:\/\/www.organisator.ch\/wp-content\/uploads\/2016\/12\/Work-Life-Balance-wichtiger-als-die-eigene-Karriere2-organisator-920x650.png 920w, https:\/\/www.organisator.ch\/wp-content\/uploads\/2016\/12\/Work-Life-Balance-wichtiger-als-die-eigene-Karriere2-organisator-1400x990.png 1400w, https:\/\/www.organisator.ch\/wp-content\/uploads\/2016\/12\/Work-Life-Balance-wichtiger-als-die-eigene-Karriere2-organisator-1980x1400.png 1980w, https:\/\/www.organisator.ch\/wp-content\/uploads\/2016\/12\/Work-Life-Balance-wichtiger-als-die-eigene-Karriere2-organisator-300x212.png 300w\" sizes=\"auto, (max-width: 680px) 100vw, 680px\" \/><figcaption id=\"caption-attachment-497\" class=\"wp-caption-text\">(ZvG: JobCloudAG)<\/figcaption><\/figure>\n<p>&nbsp;<\/p>\n","protected":false},"excerpt":{"rendered":"<p>F\u00fcr die Studie wurden 1\u2018486 Personen im Alter zwischen 16 und 60 Jahren bei der aktiven und passiven Stellensuche befragt.\u00a0 Das wohl deutlichste Ergebnis der Studie ist, dass immerhin 78 Prozent der Befragten eine gute Work-Life-Balance einer hohen Position im Unternehmen vorziehen w\u00fcrden. Nur 43 Prozent sprachen sich daf\u00fcr aus, dass die Karriere f\u00fcr sie [&hellip;]<\/p>\n","protected":false},"author":1,"featured_media":496,"comment_status":"open","ping_status":"open","sticky":false,"template":"","format":"standard","meta":{"_acf_changed":false,"_yoast_wpseo_focuskw":"Work Life Balance","_yoast_wpseo_metadesc":"Arbeitgeber m\u00fcssen ihren Mitarbeitenden in Zukunft mehr bieten als ein dickes Gehalt und steile Karriereaussichten \u2013 Work Life Balance.","articlekey":"","footnotes":""},"categories":[1],"tags":[459],"class_list":["post-494","post","type-post","status-publish","format-standard","has-post-thumbnail","hentry","category-allgemein","tag-studie"],"acf":[],"yoast_head":"<!-- This site is optimized with the Yoast SEO plugin v27.4 - https:\/\/yoast.com\/product\/yoast-seo-wordpress\/ -->\n<title>Work-Life-Balance wichtiger als die eigene Karriere - Organisator<\/title>\n<meta name=\"description\" content=\"Arbeitgeber m\u00fcssen ihren Mitarbeitenden in Zukunft mehr bieten als ein dickes Gehalt und steile Karriereaussichten \u2013 Work Life Balance.\" \/>\n<meta name=\"robots\" content=\"index, follow, max-snippet:-1, max-image-preview:large, max-video-preview:-1\" \/>\n<link rel=\"canonical\" href=\"https:\/\/www.organisator.ch\/de\/allgemein\/2016-05-17\/work-life-balance-wichtiger-als-die-eigene-karriere\/\" \/>\n<meta property=\"og:locale\" content=\"de_DE\" \/>\n<meta property=\"og:type\" content=\"article\" \/>\n<meta property=\"og:title\" content=\"Work-Life-Balance wichtiger als die eigene Karriere\" \/>\n<meta property=\"og:description\" content=\"Arbeitgeber m\u00fcssen ihren Mitarbeitenden in Zukunft mehr bieten als ein dickes Gehalt und steile Karriereaussichten. Sind Mitarbeitende einmal auf Jobsuche, sind die Romands aktiver als die Deutschschweizer. Das sind Ergebnisse einer Studie der JobCloud AG, die in Zusammenarbeit mit dem Link Institut durchgef\u00fchrt wurde.\" \/>\n<meta property=\"og:url\" content=\"https:\/\/www.organisator.ch\/de\/allgemein\/2016-05-17\/work-life-balance-wichtiger-als-die-eigene-karriere\/\" \/>\n<meta property=\"og:site_name\" content=\"Organisator\" \/>\n<meta property=\"article:publisher\" content=\"https:\/\/www.facebook.com\/OrganisatorFachmagazin\" \/>\n<meta property=\"article:published_time\" content=\"2016-05-17T09:09:57+00:00\" \/>\n<meta name=\"author\" content=\"admin\" \/>\n<meta name=\"twitter:card\" content=\"summary_large_image\" \/>\n<meta name=\"twitter:image\" content=\"https:\/\/www.organisator.ch\/wp-content\/uploads\/2016\/12\/Work-Life-Balance-wichtiger-als-die-eigene-Karriere-organisator-1.jpg\" \/>\n<script type=\"application\/ld+json\" class=\"yoast-schema-graph\">{\"@context\":\"https:\\\/\\\/schema.org\",\"@graph\":[{\"@type\":\"Article\",\"@id\":\"https:\\\/\\\/www.organisator.ch\\\/it\\\/generale\\\/2016-05-17\\\/work-life-balance-wichtiger-als-die-eigene-karriere\\\/#article\",\"isPartOf\":{\"@id\":\"https:\\\/\\\/www.organisator.ch\\\/it\\\/generale\\\/2016-05-17\\\/work-life-balance-wichtiger-als-die-eigene-karriere\\\/\"},\"author\":{\"name\":\"admin\",\"@id\":\"https:\\\/\\\/www.organisator.ch\\\/#\\\/schema\\\/person\\\/aa2bace6c5c5aad60102004a50c4eb1c\"},\"headline\":\"Work-Life-Balance wichtiger als die eigene Karriere\",\"datePublished\":\"2016-05-17T09:09:57+00:00\",\"mainEntityOfPage\":{\"@id\":\"https:\\\/\\\/www.organisator.ch\\\/it\\\/generale\\\/2016-05-17\\\/work-life-balance-wichtiger-als-die-eigene-karriere\\\/\"},\"wordCount\":312,\"commentCount\":0,\"publisher\":{\"@id\":\"https:\\\/\\\/www.organisator.ch\\\/#organization\"},\"image\":{\"@id\":\"https:\\\/\\\/www.organisator.ch\\\/it\\\/generale\\\/2016-05-17\\\/work-life-balance-wichtiger-als-die-eigene-karriere\\\/#primaryimage\"},\"thumbnailUrl\":\"https:\\\/\\\/www.organisator.ch\\\/wp-content\\\/uploads\\\/2016\\\/12\\\/Work-Life-Balance-wichtiger-als-die-eigene-Karriere-organisator-1.jpg\",\"keywords\":[\"Studie\"],\"inLanguage\":\"de\"},{\"@type\":\"WebPage\",\"@id\":\"https:\\\/\\\/www.organisator.ch\\\/it\\\/generale\\\/2016-05-17\\\/work-life-balance-wichtiger-als-die-eigene-karriere\\\/\",\"url\":\"https:\\\/\\\/www.organisator.ch\\\/it\\\/generale\\\/2016-05-17\\\/work-life-balance-wichtiger-als-die-eigene-karriere\\\/\",\"name\":\"Work-Life-Balance wichtiger als die eigene Karriere - Organisator\",\"isPartOf\":{\"@id\":\"https:\\\/\\\/www.organisator.ch\\\/#website\"},\"primaryImageOfPage\":{\"@id\":\"https:\\\/\\\/www.organisator.ch\\\/it\\\/generale\\\/2016-05-17\\\/work-life-balance-wichtiger-als-die-eigene-karriere\\\/#primaryimage\"},\"image\":{\"@id\":\"https:\\\/\\\/www.organisator.ch\\\/it\\\/generale\\\/2016-05-17\\\/work-life-balance-wichtiger-als-die-eigene-karriere\\\/#primaryimage\"},\"thumbnailUrl\":\"https:\\\/\\\/www.organisator.ch\\\/wp-content\\\/uploads\\\/2016\\\/12\\\/Work-Life-Balance-wichtiger-als-die-eigene-Karriere-organisator-1.jpg\",\"datePublished\":\"2016-05-17T09:09:57+00:00\",\"description\":\"Arbeitgeber m\u00fcssen ihren Mitarbeitenden in Zukunft mehr bieten als ein dickes Gehalt und steile Karriereaussichten \u2013 Work Life Balance.\",\"breadcrumb\":{\"@id\":\"https:\\\/\\\/www.organisator.ch\\\/it\\\/generale\\\/2016-05-17\\\/work-life-balance-wichtiger-als-die-eigene-karriere\\\/#breadcrumb\"},\"inLanguage\":\"de\",\"potentialAction\":[{\"@type\":\"ReadAction\",\"target\":[\"https:\\\/\\\/www.organisator.ch\\\/it\\\/generale\\\/2016-05-17\\\/work-life-balance-wichtiger-als-die-eigene-karriere\\\/\"]}]},{\"@type\":\"ImageObject\",\"inLanguage\":\"de\",\"@id\":\"https:\\\/\\\/www.organisator.ch\\\/it\\\/generale\\\/2016-05-17\\\/work-life-balance-wichtiger-als-die-eigene-karriere\\\/#primaryimage\",\"url\":\"https:\\\/\\\/www.organisator.ch\\\/wp-content\\\/uploads\\\/2016\\\/12\\\/Work-Life-Balance-wichtiger-als-die-eigene-Karriere-organisator-1.jpg\",\"contentUrl\":\"https:\\\/\\\/www.organisator.ch\\\/wp-content\\\/uploads\\\/2016\\\/12\\\/Work-Life-Balance-wichtiger-als-die-eigene-Karriere-organisator-1.jpg\",\"width\":773,\"height\":600},{\"@type\":\"BreadcrumbList\",\"@id\":\"https:\\\/\\\/www.organisator.ch\\\/it\\\/generale\\\/2016-05-17\\\/work-life-balance-wichtiger-als-die-eigene-karriere\\\/#breadcrumb\",\"itemListElement\":[{\"@type\":\"ListItem\",\"position\":1,\"name\":\"Home\",\"item\":\"https:\\\/\\\/www.organisator.ch\\\/\"},{\"@type\":\"ListItem\",\"position\":2,\"name\":\"Work-Life-Balance wichtiger als die eigene Karriere\"}]},{\"@type\":\"WebSite\",\"@id\":\"https:\\\/\\\/www.organisator.ch\\\/#website\",\"url\":\"https:\\\/\\\/www.organisator.ch\\\/\",\"name\":\"Organisator\",\"description\":\"Kompetent. Praxisnah. Der ORGANISATOR bereitet in 10 Ausgaben pro Jahr die wesentlichen Themen f\u00fcr F\u00fchrungskr\u00e4fte von KMU auf.\",\"publisher\":{\"@id\":\"https:\\\/\\\/www.organisator.ch\\\/#organization\"},\"potentialAction\":[{\"@type\":\"SearchAction\",\"target\":{\"@type\":\"EntryPoint\",\"urlTemplate\":\"https:\\\/\\\/www.organisator.ch\\\/?s={search_term_string}\"},\"query-input\":{\"@type\":\"PropertyValueSpecification\",\"valueRequired\":true,\"valueName\":\"search_term_string\"}}],\"inLanguage\":\"de\"},{\"@type\":\"Organization\",\"@id\":\"https:\\\/\\\/www.organisator.ch\\\/#organization\",\"name\":\"Organisator\",\"url\":\"https:\\\/\\\/www.organisator.ch\\\/\",\"logo\":{\"@type\":\"ImageObject\",\"inLanguage\":\"de\",\"@id\":\"https:\\\/\\\/www.organisator.ch\\\/#\\\/schema\\\/logo\\\/image\\\/\",\"url\":\"https:\\\/\\\/www.organisator.ch\\\/wp-content\\\/uploads\\\/2022\\\/01\\\/Logo_Organisator_Website.png\",\"contentUrl\":\"https:\\\/\\\/www.organisator.ch\\\/wp-content\\\/uploads\\\/2022\\\/01\\\/Logo_Organisator_Website.png\",\"width\":800,\"height\":77,\"caption\":\"Organisator\"},\"image\":{\"@id\":\"https:\\\/\\\/www.organisator.ch\\\/#\\\/schema\\\/logo\\\/image\\\/\"},\"sameAs\":[\"https:\\\/\\\/www.facebook.com\\\/OrganisatorFachmagazin\",\"https:\\\/\\\/www.linkedin.com\\\/showcase\\\/organisator-das-magazin-fr-kmu\",\"https:\\\/\\\/www.xing.com\\\/news\\\/pages\\\/organisator-ch-695\",\"https:\\\/\\\/www.youtube.com\\\/channel\\\/UCGP2Sq0iWaZwT3BdIAQFYpw\"]},{\"@type\":\"Person\",\"@id\":\"https:\\\/\\\/www.organisator.ch\\\/#\\\/schema\\\/person\\\/aa2bace6c5c5aad60102004a50c4eb1c\",\"name\":\"admin\",\"image\":{\"@type\":\"ImageObject\",\"inLanguage\":\"de\",\"@id\":\"https:\\\/\\\/secure.gravatar.com\\\/avatar\\\/ae2f4d718e6c49043e314ce431e7e645d646302a24a5ef5a8bc8e3f5a032e319?s=96&d=mm&r=g\",\"url\":\"https:\\\/\\\/secure.gravatar.com\\\/avatar\\\/ae2f4d718e6c49043e314ce431e7e645d646302a24a5ef5a8bc8e3f5a032e319?s=96&d=mm&r=g\",\"contentUrl\":\"https:\\\/\\\/secure.gravatar.com\\\/avatar\\\/ae2f4d718e6c49043e314ce431e7e645d646302a24a5ef5a8bc8e3f5a032e319?s=96&d=mm&r=g\",\"caption\":\"admin\"},\"sameAs\":[\"https:\\\/\\\/www.organisator.ch\"],\"url\":\"https:\\\/\\\/www.organisator.ch\\\/de\\\/author\\\/admin\\\/\"}]}<\/script>\n<!-- \/ Yoast SEO plugin. -->","yoast_head_json":{"title":"Work-Life-Balance wichtiger als die eigene Karriere - Organisator","description":"Arbeitgeber m\u00fcssen ihren Mitarbeitenden in Zukunft mehr bieten als ein dickes Gehalt und steile Karriereaussichten \u2013 Work Life Balance.","robots":{"index":"index","follow":"follow","max-snippet":"max-snippet:-1","max-image-preview":"max-image-preview:large","max-video-preview":"max-video-preview:-1"},"canonical":"https:\/\/www.organisator.ch\/de\/allgemein\/2016-05-17\/work-life-balance-wichtiger-als-die-eigene-karriere\/","og_locale":"de_DE","og_type":"article","og_title":"Work-Life-Balance wichtiger als die eigene Karriere","og_description":"Arbeitgeber m\u00fcssen ihren Mitarbeitenden in Zukunft mehr bieten als ein dickes Gehalt und steile Karriereaussichten. Sind Mitarbeitende einmal auf Jobsuche, sind die Romands aktiver als die Deutschschweizer. Das sind Ergebnisse einer Studie der JobCloud AG, die in Zusammenarbeit mit dem Link Institut durchgef\u00fchrt wurde.","og_url":"https:\/\/www.organisator.ch\/de\/allgemein\/2016-05-17\/work-life-balance-wichtiger-als-die-eigene-karriere\/","og_site_name":"Organisator","article_publisher":"https:\/\/www.facebook.com\/OrganisatorFachmagazin","article_published_time":"2016-05-17T09:09:57+00:00","author":"admin","twitter_card":"summary_large_image","twitter_image":"https:\/\/www.organisator.ch\/wp-content\/uploads\/2016\/12\/Work-Life-Balance-wichtiger-als-die-eigene-Karriere-organisator-1.jpg","schema":{"@context":"https:\/\/schema.org","@graph":[{"@type":"Article","@id":"https:\/\/www.organisator.ch\/it\/generale\/2016-05-17\/work-life-balance-wichtiger-als-die-eigene-karriere\/#article","isPartOf":{"@id":"https:\/\/www.organisator.ch\/it\/generale\/2016-05-17\/work-life-balance-wichtiger-als-die-eigene-karriere\/"},"author":{"name":"admin","@id":"https:\/\/www.organisator.ch\/#\/schema\/person\/aa2bace6c5c5aad60102004a50c4eb1c"},"headline":"Work-Life-Balance wichtiger als die eigene Karriere","datePublished":"2016-05-17T09:09:57+00:00","mainEntityOfPage":{"@id":"https:\/\/www.organisator.ch\/it\/generale\/2016-05-17\/work-life-balance-wichtiger-als-die-eigene-karriere\/"},"wordCount":312,"commentCount":0,"publisher":{"@id":"https:\/\/www.organisator.ch\/#organization"},"image":{"@id":"https:\/\/www.organisator.ch\/it\/generale\/2016-05-17\/work-life-balance-wichtiger-als-die-eigene-karriere\/#primaryimage"},"thumbnailUrl":"https:\/\/www.organisator.ch\/wp-content\/uploads\/2016\/12\/Work-Life-Balance-wichtiger-als-die-eigene-Karriere-organisator-1.jpg","keywords":["Studie"],"inLanguage":"de"},{"@type":"WebPage","@id":"https:\/\/www.organisator.ch\/it\/generale\/2016-05-17\/work-life-balance-wichtiger-als-die-eigene-karriere\/","url":"https:\/\/www.organisator.ch\/it\/generale\/2016-05-17\/work-life-balance-wichtiger-als-die-eigene-karriere\/","name":"Work-Life-Balance wichtiger als die eigene Karriere - Organisator","isPartOf":{"@id":"https:\/\/www.organisator.ch\/#website"},"primaryImageOfPage":{"@id":"https:\/\/www.organisator.ch\/it\/generale\/2016-05-17\/work-life-balance-wichtiger-als-die-eigene-karriere\/#primaryimage"},"image":{"@id":"https:\/\/www.organisator.ch\/it\/generale\/2016-05-17\/work-life-balance-wichtiger-als-die-eigene-karriere\/#primaryimage"},"thumbnailUrl":"https:\/\/www.organisator.ch\/wp-content\/uploads\/2016\/12\/Work-Life-Balance-wichtiger-als-die-eigene-Karriere-organisator-1.jpg","datePublished":"2016-05-17T09:09:57+00:00","description":"Arbeitgeber m\u00fcssen ihren Mitarbeitenden in Zukunft mehr bieten als ein dickes Gehalt und steile Karriereaussichten \u2013 Work Life Balance.","breadcrumb":{"@id":"https:\/\/www.organisator.ch\/it\/generale\/2016-05-17\/work-life-balance-wichtiger-als-die-eigene-karriere\/#breadcrumb"},"inLanguage":"de","potentialAction":[{"@type":"ReadAction","target":["https:\/\/www.organisator.ch\/it\/generale\/2016-05-17\/work-life-balance-wichtiger-als-die-eigene-karriere\/"]}]},{"@type":"ImageObject","inLanguage":"de","@id":"https:\/\/www.organisator.ch\/it\/generale\/2016-05-17\/work-life-balance-wichtiger-als-die-eigene-karriere\/#primaryimage","url":"https:\/\/www.organisator.ch\/wp-content\/uploads\/2016\/12\/Work-Life-Balance-wichtiger-als-die-eigene-Karriere-organisator-1.jpg","contentUrl":"https:\/\/www.organisator.ch\/wp-content\/uploads\/2016\/12\/Work-Life-Balance-wichtiger-als-die-eigene-Karriere-organisator-1.jpg","width":773,"height":600},{"@type":"BreadcrumbList","@id":"https:\/\/www.organisator.ch\/it\/generale\/2016-05-17\/work-life-balance-wichtiger-als-die-eigene-karriere\/#breadcrumb","itemListElement":[{"@type":"ListItem","position":1,"name":"Home","item":"https:\/\/www.organisator.ch\/"},{"@type":"ListItem","position":2,"name":"Work-Life-Balance wichtiger als die eigene Karriere"}]},{"@type":"WebSite","@id":"https:\/\/www.organisator.ch\/#website","url":"https:\/\/www.organisator.ch\/","name":"Organisator","description":"Kompetent. Praxisnah. Der ORGANISATOR bereitet in 10 Ausgaben pro Jahr die wesentlichen Themen f\u00fcr F\u00fchrungskr\u00e4fte von KMU auf.","publisher":{"@id":"https:\/\/www.organisator.ch\/#organization"},"potentialAction":[{"@type":"SearchAction","target":{"@type":"EntryPoint","urlTemplate":"https:\/\/www.organisator.ch\/?s={search_term_string}"},"query-input":{"@type":"PropertyValueSpecification","valueRequired":true,"valueName":"search_term_string"}}],"inLanguage":"de"},{"@type":"Organization","@id":"https:\/\/www.organisator.ch\/#organization","name":"Organisator","url":"https:\/\/www.organisator.ch\/","logo":{"@type":"ImageObject","inLanguage":"de","@id":"https:\/\/www.organisator.ch\/#\/schema\/logo\/image\/","url":"https:\/\/www.organisator.ch\/wp-content\/uploads\/2022\/01\/Logo_Organisator_Website.png","contentUrl":"https:\/\/www.organisator.ch\/wp-content\/uploads\/2022\/01\/Logo_Organisator_Website.png","width":800,"height":77,"caption":"Organisator"},"image":{"@id":"https:\/\/www.organisator.ch\/#\/schema\/logo\/image\/"},"sameAs":["https:\/\/www.facebook.com\/OrganisatorFachmagazin","https:\/\/www.linkedin.com\/showcase\/organisator-das-magazin-fr-kmu","https:\/\/www.xing.com\/news\/pages\/organisator-ch-695","https:\/\/www.youtube.com\/channel\/UCGP2Sq0iWaZwT3BdIAQFYpw"]},{"@type":"Person","@id":"https:\/\/www.organisator.ch\/#\/schema\/person\/aa2bace6c5c5aad60102004a50c4eb1c","name":"admin","image":{"@type":"ImageObject","inLanguage":"de","@id":"https:\/\/secure.gravatar.com\/avatar\/ae2f4d718e6c49043e314ce431e7e645d646302a24a5ef5a8bc8e3f5a032e319?s=96&d=mm&r=g","url":"https:\/\/secure.gravatar.com\/avatar\/ae2f4d718e6c49043e314ce431e7e645d646302a24a5ef5a8bc8e3f5a032e319?s=96&d=mm&r=g","contentUrl":"https:\/\/secure.gravatar.com\/avatar\/ae2f4d718e6c49043e314ce431e7e645d646302a24a5ef5a8bc8e3f5a032e319?s=96&d=mm&r=g","caption":"admin"},"sameAs":["https:\/\/www.organisator.ch"],"url":"https:\/\/www.organisator.ch\/de\/author\/admin\/"}]}},"_links":{"self":[{"href":"https:\/\/www.organisator.ch\/de\/wp-json\/wp\/v2\/posts\/494","targetHints":{"allow":["GET"]}}],"collection":[{"href":"https:\/\/www.organisator.ch\/de\/wp-json\/wp\/v2\/posts"}],"about":[{"href":"https:\/\/www.organisator.ch\/de\/wp-json\/wp\/v2\/types\/post"}],"author":[{"embeddable":true,"href":"https:\/\/www.organisator.ch\/de\/wp-json\/wp\/v2\/users\/1"}],"replies":[{"embeddable":true,"href":"https:\/\/www.organisator.ch\/de\/wp-json\/wp\/v2\/comments?post=494"}],"version-history":[{"count":0,"href":"https:\/\/www.organisator.ch\/de\/wp-json\/wp\/v2\/posts\/494\/revisions"}],"wp:featuredmedia":[{"embeddable":true,"href":"https:\/\/www.organisator.ch\/de\/wp-json\/wp\/v2\/media\/496"}],"wp:attachment":[{"href":"https:\/\/www.organisator.ch\/de\/wp-json\/wp\/v2\/media?parent=494"}],"wp:term":[{"taxonomy":"category","embeddable":true,"href":"https:\/\/www.organisator.ch\/de\/wp-json\/wp\/v2\/categories?post=494"},{"taxonomy":"post_tag","embeddable":true,"href":"https:\/\/www.organisator.ch\/de\/wp-json\/wp\/v2\/tags?post=494"}],"curies":[{"name":"wp","href":"https:\/\/api.w.org\/{rel}","templated":true}]}}