{"id":499,"date":"2016-09-02T16:03:44","date_gmt":"2016-09-02T14:03:44","guid":{"rendered":"https:\/\/dev.umweltperspektiven.ch\/?p=499"},"modified":"2016-09-02T16:03:44","modified_gmt":"2016-09-02T14:03:44","slug":"zertifizierung-fuer-nachhaltiges-bauen-lanciert","status":"publish","type":"post","link":"https:\/\/www.organisator.ch\/de\/allgemein\/2016-09-02\/zertifizierung-fuer-nachhaltiges-bauen-lanciert\/","title":{"rendered":"Zertifizierung f\u00fcr Nachhaltiges Bauen lanciert"},"content":{"rendered":"<figure id=\"attachment_500\" aria-describedby=\"caption-attachment-500\" style=\"width: 680px\" class=\"wp-caption alignnone\"><a href=\"\/\/dev.umweltperspektiven.ch\/wp-content\/uploads\/2016\/12\/Zertifizierung-f\u00fcr-Nachhaltiges-Bauen-lanciert-umweltperspektiven.jpg\"><img loading=\"lazy\" decoding=\"async\" class=\"size-medium wp-image-500\" src=\"\/\/dev.umweltperspektiven.ch\/wp-content\/uploads\/2016\/12\/Zertifizierung-f\u00fcr-Nachhaltiges-Bauen-lanciert-umweltperspektiven.jpg\" alt=\"Das Dienstleistungsgeb\u00e4ude \u201eTwist Again&quot; erhielt als erstes das Zertifikat nach SNBS 2.0. (Bild: Losinger Marazzi)\" width=\"680\" height=\"454\" \/><\/a><figcaption id=\"caption-attachment-500\" class=\"wp-caption-text\">Das Dienstleistungsgeb\u00e4ude \u201eTwist Again&#8220; erhielt als erstes das Zertifikat nach SNBS 2.0. (Bild: Losinger Marazzi)<\/figcaption><\/figure>\n<p>Im Rahmen der\u00a0Informationsveranstaltung war zu erfahren, dass die neue Version 2.0 des Standards kompakter und transparenter geworden ist, ohne an Wirksamkeit eingeb\u00fcsst zu haben. Er ist nun f\u00fcr die Anwender offener und wirkungsorientierter ausgestaltet. Beurteilt wird die Nachhaltigkeit eines Geb\u00e4udes anhand von 45 Kriterien, die die Themen Wirtschaft, Gesellschaft und Umwelt abdecken. Bewertet werden die Kriterien nach dem Schweizer Schulnotensystem. \u00dcber allem stand das Ziel, ein handhab- und bezahlbares Instrument auf den Markt zu bringen, das hilft, die Siedlungsentwicklung k\u00fcnftig in die richtige Richtung zu lenken. Der SNBS samt mehreren Hilfstools steht allen kostenlos zur Verf\u00fcgung, die nachhaltig bauen wollen.<\/p>\n<p><strong>Zertifizierungsverfahren<\/strong><\/p>\n<p>Bauherren, die sich ihre Leistungen im nachhaltigen Bauen von unabh\u00e4ngiger Seite best\u00e4tigen lassen wollen, stellt SGS Soci\u00e9t\u00e9 G\u00e9n\u00e9rale de Surveillance SA ab dem 24. August ein kostenpflichtiges Zertifizierungsverfahren zur Verf\u00fcgung. Bereits operativ ist die Zertifizierungsstelle in der Niederlassung Z\u00fcrich, Genf folgt noch im 2016, Tessin im 2017. Voraussetzung f\u00fcr die Zertifizierung ist, dass in allen Kriterien mindestens die Note 4 erreicht wird. Ausnahmen sind nur bei Erneuerungen m\u00f6glich, weil dort wegen der Qualit\u00e4t der bestehenden Substanz nicht immer optimale L\u00f6sungen umgesetzt werden k\u00f6nnen. Der SNBS 2.0 kann in den Stufen Platin, Gold und Silber zertifiziert werden. Anwendbar ist er f\u00fcr Neubauten und Erneuerungen der Nutzungen Wohnen und B\u00fcro; Mischnutzungen mit beispielsweise Handel im Erdgeschoss sind ebenfalls m\u00f6glich.<\/p>\n<p><strong>Erstes Zertifikat verliehen<\/strong><\/p>\n<p>An der Veranstaltung in Bern wurde bereits das erste Zertifikat nach SNBS 2.0 verliehen. Es ging an das Dienstleistungsgeb\u00e4ude \u201eTwist Again\u201c, das die Losinger Marazzi AG als Immobilienentwicklerin und Totalunternehmung zwischen 2014 und Dezember 2015 im Berner Stadtteil WankdorfCity realisiert hat. Eigent\u00fcmer des Geb\u00e4udes ist der Credit Suisse Real Estate Fund Green Property, ein Immobilienfonds der Credit Suisse AG.<\/p>\n","protected":false},"excerpt":{"rendered":"<p>Im Rahmen der\u00a0Informationsveranstaltung war zu erfahren, dass die neue Version 2.0 des Standards kompakter und transparenter geworden ist, ohne an Wirksamkeit eingeb\u00fcsst zu haben. Er ist nun f\u00fcr die Anwender offener und wirkungsorientierter ausgestaltet. Beurteilt wird die Nachhaltigkeit eines Geb\u00e4udes anhand von 45 Kriterien, die die Themen Wirtschaft, Gesellschaft und Umwelt abdecken. Bewertet werden die [&hellip;]<\/p>\n","protected":false},"author":1,"featured_media":9414,"comment_status":"open","ping_status":"open","sticky":false,"template":"","format":"standard","meta":{"_acf_changed":false,"_yoast_wpseo_focuskw":"Zertifizierung","_yoast_wpseo_metadesc":"Am 23. August wurde in Bern die Zertifizierung nach dem Standard Nachhaltiges Bauen Schweiz SNBS lanciert.","articlekey":"","footnotes":""},"categories":[1],"tags":[1777,2134,2189],"class_list":["post-499","post","type-post","status-publish","format-standard","has-post-thumbnail","hentry","category-allgemein","tag-nachhaltiges-bauen","tag-snbs","tag-standard"],"acf":[],"yoast_head":"<!-- This site is optimized with the Yoast SEO plugin v27.4 - https:\/\/yoast.com\/product\/yoast-seo-wordpress\/ -->\n<title>Zertifizierung f\u00fcr Nachhaltiges Bauen lanciert - Organisator<\/title>\n<meta name=\"description\" content=\"Am 23. August wurde in Bern die Zertifizierung nach dem Standard Nachhaltiges Bauen Schweiz SNBS lanciert.\" \/>\n<meta name=\"robots\" content=\"index, follow, max-snippet:-1, max-image-preview:large, max-video-preview:-1\" \/>\n<link rel=\"canonical\" href=\"https:\/\/www.organisator.ch\/de\/allgemein\/2016-09-02\/zertifizierung-fuer-nachhaltiges-bauen-lanciert\/\" \/>\n<meta property=\"og:locale\" content=\"de_DE\" \/>\n<meta property=\"og:type\" content=\"article\" \/>\n<meta property=\"og:title\" content=\"Zertifizierung f\u00fcr Nachhaltiges Bauen lanciert - Organisator\" \/>\n<meta property=\"og:description\" content=\"Am 23. August wurde in Bern die Zertifizierung nach dem Standard Nachhaltiges Bauen Schweiz SNBS lanciert.\" \/>\n<meta property=\"og:url\" content=\"https:\/\/www.organisator.ch\/de\/allgemein\/2016-09-02\/zertifizierung-fuer-nachhaltiges-bauen-lanciert\/\" \/>\n<meta property=\"og:site_name\" content=\"Organisator\" \/>\n<meta property=\"article:publisher\" content=\"https:\/\/www.facebook.com\/OrganisatorFachmagazin\" \/>\n<meta property=\"article:published_time\" content=\"2016-09-02T14:03:44+00:00\" \/>\n<meta property=\"og:image\" content=\"https:\/\/www.organisator.ch\/wp-content\/uploads\/2016\/12\/Zertifizierung-fuer-Nachhaltiges-Bauen-lanciert-umweltperspektiven.jpg\" \/>\n\t<meta property=\"og:image:width\" content=\"1000\" \/>\n\t<meta property=\"og:image:height\" content=\"667\" \/>\n\t<meta property=\"og:image:type\" content=\"image\/jpeg\" \/>\n<meta name=\"author\" content=\"admin\" \/>\n<meta name=\"twitter:card\" content=\"summary_large_image\" \/>\n<script type=\"application\/ld+json\" class=\"yoast-schema-graph\">{\"@context\":\"https:\\\/\\\/schema.org\",\"@graph\":[{\"@type\":\"Article\",\"@id\":\"https:\\\/\\\/www.organisator.ch\\\/en\\\/general\\\/2016-09-02\\\/zertifizierung-fuer-nachhaltiges-bauen-lanciert\\\/#article\",\"isPartOf\":{\"@id\":\"https:\\\/\\\/www.organisator.ch\\\/en\\\/general\\\/2016-09-02\\\/zertifizierung-fuer-nachhaltiges-bauen-lanciert\\\/\"},\"author\":{\"name\":\"admin\",\"@id\":\"https:\\\/\\\/www.organisator.ch\\\/#\\\/schema\\\/person\\\/aa2bace6c5c5aad60102004a50c4eb1c\"},\"headline\":\"Zertifizierung f\u00fcr Nachhaltiges Bauen lanciert\",\"datePublished\":\"2016-09-02T14:03:44+00:00\",\"mainEntityOfPage\":{\"@id\":\"https:\\\/\\\/www.organisator.ch\\\/en\\\/general\\\/2016-09-02\\\/zertifizierung-fuer-nachhaltiges-bauen-lanciert\\\/\"},\"wordCount\":322,\"commentCount\":0,\"publisher\":{\"@id\":\"https:\\\/\\\/www.organisator.ch\\\/#organization\"},\"image\":{\"@id\":\"https:\\\/\\\/www.organisator.ch\\\/en\\\/general\\\/2016-09-02\\\/zertifizierung-fuer-nachhaltiges-bauen-lanciert\\\/#primaryimage\"},\"thumbnailUrl\":\"https:\\\/\\\/www.organisator.ch\\\/wp-content\\\/uploads\\\/2016\\\/12\\\/Zertifizierung-fuer-Nachhaltiges-Bauen-lanciert-umweltperspektiven.jpg\",\"keywords\":[\"nachhaltiges Bauen\",\"SNBS\",\"Standard\"],\"inLanguage\":\"de\"},{\"@type\":\"WebPage\",\"@id\":\"https:\\\/\\\/www.organisator.ch\\\/en\\\/general\\\/2016-09-02\\\/zertifizierung-fuer-nachhaltiges-bauen-lanciert\\\/\",\"url\":\"https:\\\/\\\/www.organisator.ch\\\/en\\\/general\\\/2016-09-02\\\/zertifizierung-fuer-nachhaltiges-bauen-lanciert\\\/\",\"name\":\"Zertifizierung f\u00fcr Nachhaltiges Bauen lanciert - Organisator\",\"isPartOf\":{\"@id\":\"https:\\\/\\\/www.organisator.ch\\\/#website\"},\"primaryImageOfPage\":{\"@id\":\"https:\\\/\\\/www.organisator.ch\\\/en\\\/general\\\/2016-09-02\\\/zertifizierung-fuer-nachhaltiges-bauen-lanciert\\\/#primaryimage\"},\"image\":{\"@id\":\"https:\\\/\\\/www.organisator.ch\\\/en\\\/general\\\/2016-09-02\\\/zertifizierung-fuer-nachhaltiges-bauen-lanciert\\\/#primaryimage\"},\"thumbnailUrl\":\"https:\\\/\\\/www.organisator.ch\\\/wp-content\\\/uploads\\\/2016\\\/12\\\/Zertifizierung-fuer-Nachhaltiges-Bauen-lanciert-umweltperspektiven.jpg\",\"datePublished\":\"2016-09-02T14:03:44+00:00\",\"description\":\"Am 23. August wurde in Bern die Zertifizierung nach dem Standard Nachhaltiges Bauen Schweiz SNBS lanciert.\",\"breadcrumb\":{\"@id\":\"https:\\\/\\\/www.organisator.ch\\\/en\\\/general\\\/2016-09-02\\\/zertifizierung-fuer-nachhaltiges-bauen-lanciert\\\/#breadcrumb\"},\"inLanguage\":\"de\",\"potentialAction\":[{\"@type\":\"ReadAction\",\"target\":[\"https:\\\/\\\/www.organisator.ch\\\/en\\\/general\\\/2016-09-02\\\/zertifizierung-fuer-nachhaltiges-bauen-lanciert\\\/\"]}]},{\"@type\":\"ImageObject\",\"inLanguage\":\"de\",\"@id\":\"https:\\\/\\\/www.organisator.ch\\\/en\\\/general\\\/2016-09-02\\\/zertifizierung-fuer-nachhaltiges-bauen-lanciert\\\/#primaryimage\",\"url\":\"https:\\\/\\\/www.organisator.ch\\\/wp-content\\\/uploads\\\/2016\\\/12\\\/Zertifizierung-fuer-Nachhaltiges-Bauen-lanciert-umweltperspektiven.jpg\",\"contentUrl\":\"https:\\\/\\\/www.organisator.ch\\\/wp-content\\\/uploads\\\/2016\\\/12\\\/Zertifizierung-fuer-Nachhaltiges-Bauen-lanciert-umweltperspektiven.jpg\",\"width\":1000,\"height\":667,\"caption\":\"Das Dienstleistungsgeb\u00e4ude \u201eTwist Again\\\" erhielt als erstes das Zertifikat nach SNBS 2.0. (Bild: Losinger Marazzi)\"},{\"@type\":\"BreadcrumbList\",\"@id\":\"https:\\\/\\\/www.organisator.ch\\\/en\\\/general\\\/2016-09-02\\\/zertifizierung-fuer-nachhaltiges-bauen-lanciert\\\/#breadcrumb\",\"itemListElement\":[{\"@type\":\"ListItem\",\"position\":1,\"name\":\"Home\",\"item\":\"https:\\\/\\\/www.organisator.ch\\\/\"},{\"@type\":\"ListItem\",\"position\":2,\"name\":\"Zertifizierung f\u00fcr Nachhaltiges Bauen lanciert\"}]},{\"@type\":\"WebSite\",\"@id\":\"https:\\\/\\\/www.organisator.ch\\\/#website\",\"url\":\"https:\\\/\\\/www.organisator.ch\\\/\",\"name\":\"Organisator\",\"description\":\"Kompetent. Praxisnah. Der ORGANISATOR bereitet in 10 Ausgaben pro Jahr die wesentlichen Themen f\u00fcr F\u00fchrungskr\u00e4fte von KMU auf.\",\"publisher\":{\"@id\":\"https:\\\/\\\/www.organisator.ch\\\/#organization\"},\"potentialAction\":[{\"@type\":\"SearchAction\",\"target\":{\"@type\":\"EntryPoint\",\"urlTemplate\":\"https:\\\/\\\/www.organisator.ch\\\/?s={search_term_string}\"},\"query-input\":{\"@type\":\"PropertyValueSpecification\",\"valueRequired\":true,\"valueName\":\"search_term_string\"}}],\"inLanguage\":\"de\"},{\"@type\":\"Organization\",\"@id\":\"https:\\\/\\\/www.organisator.ch\\\/#organization\",\"name\":\"Organisator\",\"url\":\"https:\\\/\\\/www.organisator.ch\\\/\",\"logo\":{\"@type\":\"ImageObject\",\"inLanguage\":\"de\",\"@id\":\"https:\\\/\\\/www.organisator.ch\\\/#\\\/schema\\\/logo\\\/image\\\/\",\"url\":\"https:\\\/\\\/www.organisator.ch\\\/wp-content\\\/uploads\\\/2022\\\/01\\\/Logo_Organisator_Website.png\",\"contentUrl\":\"https:\\\/\\\/www.organisator.ch\\\/wp-content\\\/uploads\\\/2022\\\/01\\\/Logo_Organisator_Website.png\",\"width\":800,\"height\":77,\"caption\":\"Organisator\"},\"image\":{\"@id\":\"https:\\\/\\\/www.organisator.ch\\\/#\\\/schema\\\/logo\\\/image\\\/\"},\"sameAs\":[\"https:\\\/\\\/www.facebook.com\\\/OrganisatorFachmagazin\",\"https:\\\/\\\/www.linkedin.com\\\/showcase\\\/organisator-das-magazin-fr-kmu\",\"https:\\\/\\\/www.xing.com\\\/news\\\/pages\\\/organisator-ch-695\",\"https:\\\/\\\/www.youtube.com\\\/channel\\\/UCGP2Sq0iWaZwT3BdIAQFYpw\"]},{\"@type\":\"Person\",\"@id\":\"https:\\\/\\\/www.organisator.ch\\\/#\\\/schema\\\/person\\\/aa2bace6c5c5aad60102004a50c4eb1c\",\"name\":\"admin\",\"image\":{\"@type\":\"ImageObject\",\"inLanguage\":\"de\",\"@id\":\"https:\\\/\\\/secure.gravatar.com\\\/avatar\\\/ae2f4d718e6c49043e314ce431e7e645d646302a24a5ef5a8bc8e3f5a032e319?s=96&d=mm&r=g\",\"url\":\"https:\\\/\\\/secure.gravatar.com\\\/avatar\\\/ae2f4d718e6c49043e314ce431e7e645d646302a24a5ef5a8bc8e3f5a032e319?s=96&d=mm&r=g\",\"contentUrl\":\"https:\\\/\\\/secure.gravatar.com\\\/avatar\\\/ae2f4d718e6c49043e314ce431e7e645d646302a24a5ef5a8bc8e3f5a032e319?s=96&d=mm&r=g\",\"caption\":\"admin\"},\"sameAs\":[\"https:\\\/\\\/www.organisator.ch\"],\"url\":\"https:\\\/\\\/www.organisator.ch\\\/de\\\/author\\\/admin\\\/\"}]}<\/script>\n<!-- \/ Yoast SEO plugin. -->","yoast_head_json":{"title":"Zertifizierung f\u00fcr Nachhaltiges Bauen lanciert - Organisator","description":"Am 23. August wurde in Bern die Zertifizierung nach dem Standard Nachhaltiges Bauen Schweiz SNBS lanciert.","robots":{"index":"index","follow":"follow","max-snippet":"max-snippet:-1","max-image-preview":"max-image-preview:large","max-video-preview":"max-video-preview:-1"},"canonical":"https:\/\/www.organisator.ch\/de\/allgemein\/2016-09-02\/zertifizierung-fuer-nachhaltiges-bauen-lanciert\/","og_locale":"de_DE","og_type":"article","og_title":"Zertifizierung f\u00fcr Nachhaltiges Bauen lanciert - Organisator","og_description":"Am 23. August wurde in Bern die Zertifizierung nach dem Standard Nachhaltiges Bauen Schweiz SNBS lanciert.","og_url":"https:\/\/www.organisator.ch\/de\/allgemein\/2016-09-02\/zertifizierung-fuer-nachhaltiges-bauen-lanciert\/","og_site_name":"Organisator","article_publisher":"https:\/\/www.facebook.com\/OrganisatorFachmagazin","article_published_time":"2016-09-02T14:03:44+00:00","og_image":[{"width":1000,"height":667,"url":"https:\/\/www.organisator.ch\/wp-content\/uploads\/2016\/12\/Zertifizierung-fuer-Nachhaltiges-Bauen-lanciert-umweltperspektiven.jpg","type":"image\/jpeg"}],"author":"admin","twitter_card":"summary_large_image","schema":{"@context":"https:\/\/schema.org","@graph":[{"@type":"Article","@id":"https:\/\/www.organisator.ch\/en\/general\/2016-09-02\/zertifizierung-fuer-nachhaltiges-bauen-lanciert\/#article","isPartOf":{"@id":"https:\/\/www.organisator.ch\/en\/general\/2016-09-02\/zertifizierung-fuer-nachhaltiges-bauen-lanciert\/"},"author":{"name":"admin","@id":"https:\/\/www.organisator.ch\/#\/schema\/person\/aa2bace6c5c5aad60102004a50c4eb1c"},"headline":"Zertifizierung f\u00fcr Nachhaltiges Bauen lanciert","datePublished":"2016-09-02T14:03:44+00:00","mainEntityOfPage":{"@id":"https:\/\/www.organisator.ch\/en\/general\/2016-09-02\/zertifizierung-fuer-nachhaltiges-bauen-lanciert\/"},"wordCount":322,"commentCount":0,"publisher":{"@id":"https:\/\/www.organisator.ch\/#organization"},"image":{"@id":"https:\/\/www.organisator.ch\/en\/general\/2016-09-02\/zertifizierung-fuer-nachhaltiges-bauen-lanciert\/#primaryimage"},"thumbnailUrl":"https:\/\/www.organisator.ch\/wp-content\/uploads\/2016\/12\/Zertifizierung-fuer-Nachhaltiges-Bauen-lanciert-umweltperspektiven.jpg","keywords":["nachhaltiges Bauen","SNBS","Standard"],"inLanguage":"de"},{"@type":"WebPage","@id":"https:\/\/www.organisator.ch\/en\/general\/2016-09-02\/zertifizierung-fuer-nachhaltiges-bauen-lanciert\/","url":"https:\/\/www.organisator.ch\/en\/general\/2016-09-02\/zertifizierung-fuer-nachhaltiges-bauen-lanciert\/","name":"Zertifizierung f\u00fcr Nachhaltiges Bauen lanciert - Organisator","isPartOf":{"@id":"https:\/\/www.organisator.ch\/#website"},"primaryImageOfPage":{"@id":"https:\/\/www.organisator.ch\/en\/general\/2016-09-02\/zertifizierung-fuer-nachhaltiges-bauen-lanciert\/#primaryimage"},"image":{"@id":"https:\/\/www.organisator.ch\/en\/general\/2016-09-02\/zertifizierung-fuer-nachhaltiges-bauen-lanciert\/#primaryimage"},"thumbnailUrl":"https:\/\/www.organisator.ch\/wp-content\/uploads\/2016\/12\/Zertifizierung-fuer-Nachhaltiges-Bauen-lanciert-umweltperspektiven.jpg","datePublished":"2016-09-02T14:03:44+00:00","description":"Am 23. August wurde in Bern die Zertifizierung nach dem Standard Nachhaltiges Bauen Schweiz SNBS lanciert.","breadcrumb":{"@id":"https:\/\/www.organisator.ch\/en\/general\/2016-09-02\/zertifizierung-fuer-nachhaltiges-bauen-lanciert\/#breadcrumb"},"inLanguage":"de","potentialAction":[{"@type":"ReadAction","target":["https:\/\/www.organisator.ch\/en\/general\/2016-09-02\/zertifizierung-fuer-nachhaltiges-bauen-lanciert\/"]}]},{"@type":"ImageObject","inLanguage":"de","@id":"https:\/\/www.organisator.ch\/en\/general\/2016-09-02\/zertifizierung-fuer-nachhaltiges-bauen-lanciert\/#primaryimage","url":"https:\/\/www.organisator.ch\/wp-content\/uploads\/2016\/12\/Zertifizierung-fuer-Nachhaltiges-Bauen-lanciert-umweltperspektiven.jpg","contentUrl":"https:\/\/www.organisator.ch\/wp-content\/uploads\/2016\/12\/Zertifizierung-fuer-Nachhaltiges-Bauen-lanciert-umweltperspektiven.jpg","width":1000,"height":667,"caption":"Das Dienstleistungsgeb\u00e4ude \u201eTwist Again\" erhielt als erstes das Zertifikat nach SNBS 2.0. (Bild: Losinger Marazzi)"},{"@type":"BreadcrumbList","@id":"https:\/\/www.organisator.ch\/en\/general\/2016-09-02\/zertifizierung-fuer-nachhaltiges-bauen-lanciert\/#breadcrumb","itemListElement":[{"@type":"ListItem","position":1,"name":"Home","item":"https:\/\/www.organisator.ch\/"},{"@type":"ListItem","position":2,"name":"Zertifizierung f\u00fcr Nachhaltiges Bauen lanciert"}]},{"@type":"WebSite","@id":"https:\/\/www.organisator.ch\/#website","url":"https:\/\/www.organisator.ch\/","name":"Organisator","description":"Kompetent. Praxisnah. Der ORGANISATOR bereitet in 10 Ausgaben pro Jahr die wesentlichen Themen f\u00fcr F\u00fchrungskr\u00e4fte von KMU auf.","publisher":{"@id":"https:\/\/www.organisator.ch\/#organization"},"potentialAction":[{"@type":"SearchAction","target":{"@type":"EntryPoint","urlTemplate":"https:\/\/www.organisator.ch\/?s={search_term_string}"},"query-input":{"@type":"PropertyValueSpecification","valueRequired":true,"valueName":"search_term_string"}}],"inLanguage":"de"},{"@type":"Organization","@id":"https:\/\/www.organisator.ch\/#organization","name":"Organisator","url":"https:\/\/www.organisator.ch\/","logo":{"@type":"ImageObject","inLanguage":"de","@id":"https:\/\/www.organisator.ch\/#\/schema\/logo\/image\/","url":"https:\/\/www.organisator.ch\/wp-content\/uploads\/2022\/01\/Logo_Organisator_Website.png","contentUrl":"https:\/\/www.organisator.ch\/wp-content\/uploads\/2022\/01\/Logo_Organisator_Website.png","width":800,"height":77,"caption":"Organisator"},"image":{"@id":"https:\/\/www.organisator.ch\/#\/schema\/logo\/image\/"},"sameAs":["https:\/\/www.facebook.com\/OrganisatorFachmagazin","https:\/\/www.linkedin.com\/showcase\/organisator-das-magazin-fr-kmu","https:\/\/www.xing.com\/news\/pages\/organisator-ch-695","https:\/\/www.youtube.com\/channel\/UCGP2Sq0iWaZwT3BdIAQFYpw"]},{"@type":"Person","@id":"https:\/\/www.organisator.ch\/#\/schema\/person\/aa2bace6c5c5aad60102004a50c4eb1c","name":"admin","image":{"@type":"ImageObject","inLanguage":"de","@id":"https:\/\/secure.gravatar.com\/avatar\/ae2f4d718e6c49043e314ce431e7e645d646302a24a5ef5a8bc8e3f5a032e319?s=96&d=mm&r=g","url":"https:\/\/secure.gravatar.com\/avatar\/ae2f4d718e6c49043e314ce431e7e645d646302a24a5ef5a8bc8e3f5a032e319?s=96&d=mm&r=g","contentUrl":"https:\/\/secure.gravatar.com\/avatar\/ae2f4d718e6c49043e314ce431e7e645d646302a24a5ef5a8bc8e3f5a032e319?s=96&d=mm&r=g","caption":"admin"},"sameAs":["https:\/\/www.organisator.ch"],"url":"https:\/\/www.organisator.ch\/de\/author\/admin\/"}]}},"_links":{"self":[{"href":"https:\/\/www.organisator.ch\/de\/wp-json\/wp\/v2\/posts\/499","targetHints":{"allow":["GET"]}}],"collection":[{"href":"https:\/\/www.organisator.ch\/de\/wp-json\/wp\/v2\/posts"}],"about":[{"href":"https:\/\/www.organisator.ch\/de\/wp-json\/wp\/v2\/types\/post"}],"author":[{"embeddable":true,"href":"https:\/\/www.organisator.ch\/de\/wp-json\/wp\/v2\/users\/1"}],"replies":[{"embeddable":true,"href":"https:\/\/www.organisator.ch\/de\/wp-json\/wp\/v2\/comments?post=499"}],"version-history":[{"count":0,"href":"https:\/\/www.organisator.ch\/de\/wp-json\/wp\/v2\/posts\/499\/revisions"}],"wp:featuredmedia":[{"embeddable":true,"href":"https:\/\/www.organisator.ch\/de\/wp-json\/wp\/v2\/media\/9414"}],"wp:attachment":[{"href":"https:\/\/www.organisator.ch\/de\/wp-json\/wp\/v2\/media?parent=499"}],"wp:term":[{"taxonomy":"category","embeddable":true,"href":"https:\/\/www.organisator.ch\/de\/wp-json\/wp\/v2\/categories?post=499"},{"taxonomy":"post_tag","embeddable":true,"href":"https:\/\/www.organisator.ch\/de\/wp-json\/wp\/v2\/tags?post=499"}],"curies":[{"name":"wp","href":"https:\/\/api.w.org\/{rel}","templated":true}]}}