{"id":502,"date":"2016-09-05T16:05:17","date_gmt":"2016-09-05T14:05:17","guid":{"rendered":"https:\/\/dev.umweltperspektiven.ch\/?p=502"},"modified":"2016-09-05T16:05:17","modified_gmt":"2016-09-05T14:05:17","slug":"wanderausstellung-zum-thema-suffizienz","status":"publish","type":"post","link":"https:\/\/www.organisator.ch\/de\/allgemein\/2016-09-05\/wanderausstellung-zum-thema-suffizienz\/","title":{"rendered":"Wanderausstellung zum Thema Suffizienz"},"content":{"rendered":"<figure id=\"attachment_503\" aria-describedby=\"caption-attachment-503\" style=\"width: 680px\" class=\"wp-caption alignnone\"><a href=\"\/\/dev.umweltperspektiven.ch\/wp-content\/uploads\/2016\/12\/Wanderausstellung-zum-Thema-Suffizienz-umweltperspektiven.jpg\"><img loading=\"lazy\" decoding=\"async\" class=\"size-medium wp-image-503\" src=\"\/\/dev.umweltperspektiven.ch\/wp-content\/uploads\/2016\/12\/Wanderausstellung-zum-Thema-Suffizienz-umweltperspektiven.jpg\" alt=\"Wanderausstellung zum Thema Suffizienz-umweltperspektiven\" width=\"680\" height=\"399\" srcset=\"https:\/\/www.organisator.ch\/wp-content\/uploads\/2016\/12\/Wanderausstellung-zum-Thema-Suffizienz-umweltperspektiven.jpg 790w, https:\/\/www.organisator.ch\/wp-content\/uploads\/2016\/12\/Wanderausstellung-zum-Thema-Suffizienz-umweltperspektiven-680x399.jpg 680w, https:\/\/www.organisator.ch\/wp-content\/uploads\/2016\/12\/Wanderausstellung-zum-Thema-Suffizienz-umweltperspektiven-768x451.jpg 768w, https:\/\/www.organisator.ch\/wp-content\/uploads\/2016\/12\/Wanderausstellung-zum-Thema-Suffizienz-umweltperspektiven-18x12.jpg 18w, https:\/\/www.organisator.ch\/wp-content\/uploads\/2016\/12\/Wanderausstellung-zum-Thema-Suffizienz-umweltperspektiven-298x175.jpg 298w, https:\/\/www.organisator.ch\/wp-content\/uploads\/2016\/12\/Wanderausstellung-zum-Thema-Suffizienz-umweltperspektiven-596x350.jpg 596w, https:\/\/www.organisator.ch\/wp-content\/uploads\/2016\/12\/Wanderausstellung-zum-Thema-Suffizienz-umweltperspektiven-300x176.jpg 300w\" sizes=\"auto, (max-width: 680px) 100vw, 680px\" \/><\/a><figcaption id=\"caption-attachment-503\" class=\"wp-caption-text\">Wanderausstellung zum Thema Suffizienz-umweltperspektiven<\/figcaption><\/figure>\n<p>In der Ausstellung \u201eLet\u2019s go DanaLand\u201c der Universit\u00e4t Bern zum Thema Suffizienz wird Wissen \u00fcber einen suffizienten Lebensstil und m\u00f6gliche Handlungsoptionen vermittelt. \u201eLet\u2019s go DanaLand\u201c ist ein Erlebnisspiel f\u00fcr Jugendliche und junge Erwachsene und eingebettet in eine interaktive Ausstellung.<\/p>\n<p>Die Besucher werden mit einer App durch die Ausstellung gef\u00fchrt. Zu Beginn nehmen sie eine Selbsteinsch\u00e4tzung zu Werten und Einstellungen vor, die einen suffizienten, gen\u00fcgsamen Lebensstil kennzeichnen. Danach f\u00fchrt die App anhand von Fragen durch die vier Bereiche Ern\u00e4hrung, Mobilit\u00e4t, technische Ger\u00e4te und Alltagskonsum. Begleitet werden die Besuchenden von Assistentinnen, die den Auftrag haben, KandidatInnen f\u00fcr <a href=\"http:\/\/www.danaland.unibe.ch\" target=\"_blank\" rel=\"noreferrer noopener\" data-cke-saved-href=\"\/\/www.danaland.unibe.ch\">DanaLand <\/a>zu finden, und in Videos aus ihrem Leben berichten. Dabei gibt es immer wieder Zusatzinformationen.<\/p>\n<p>Zum Schluss werden die Antworten ausgewertet und mit der Selbsteinsch\u00e4tzung abgeglichen. Dann wissen die Spielenden, wo sie stehen und ob sie auch KandidatInnen sind, um mit wenigen Ressourcen ein gutes Leben auf DanaLand gestalten zu k\u00f6nnen.<\/p>\n<p>Wechselausstellungen wie \u201eLet\u2019s go DanaLand\u201c erg\u00e4nzen die permanenten Ausstellungen der <a href=\"http:\/\/www.umweltarena.ch\" target=\"_blank\" rel=\"noreferrer noopener\" data-cke-saved-href=\"\/\/www.umweltarena.ch\">Umwelt Arena<\/a> und bilden zus\u00e4tzliche Highlights und Schwerpunkte. Die aktuelle Wanderausstellung der Uni Bern spricht vor allem Jugendliche und junge Erwachsene im Alter von 16 bis 25 Jahren, Sch\u00fcler und Studenten an. Die Ausstellung bricht komplexes Wissen auf ein gut verst\u00e4ndliches Niveau herunter. Dabei m\u00fcssen die Sch\u00fclerinnen und Sch\u00fcler selbst aktiv werden. Dazu ben\u00f6tigen sie ihr Handy, auf das sie die App laden k\u00f6nnen. Die Ausstellung ist selbsterkl\u00e4rend und kann ohne F\u00fchrung besucht werden. Die Umwelt Arena stellt bei Bedarf Fairphones zur Verf\u00fcgung.<\/p>\n<p>Die Wanderausstellung \u201eLet\u2019s go DanaLand\u201c ist bis 30. November 2016 in der Umwelt Arena Spreitenbach zu Gast. Ab Januar 2017 geht das Erlebnisspiel auf Wanderschaft zu verschiedenen Schulen und Gemeinden.<\/p>\n","protected":false},"excerpt":{"rendered":"<p>In der Ausstellung \u201eLet\u2019s go DanaLand\u201c der Universit\u00e4t Bern zum Thema Suffizienz wird Wissen \u00fcber einen suffizienten Lebensstil und m\u00f6gliche Handlungsoptionen vermittelt. \u201eLet\u2019s go DanaLand\u201c ist ein Erlebnisspiel f\u00fcr Jugendliche und junge Erwachsene und eingebettet in eine interaktive Ausstellung. Die Besucher werden mit einer App durch die Ausstellung gef\u00fchrt. Zu Beginn nehmen sie eine Selbsteinsch\u00e4tzung [&hellip;]<\/p>\n","protected":false},"author":1,"featured_media":503,"comment_status":"open","ping_status":"open","sticky":false,"template":"","format":"standard","meta":{"_acf_changed":false,"_yoast_wpseo_focuskw":"Wanderausstellung","_yoast_wpseo_metadesc":"Die neue Wanderausstellung \"Let's go DanaLand\" der Universit\u00e4t Bern bringt Jugendlichen und jungen Erwachsenen das Thema Suffizienz auf spielerische Weise n\u00e4her.","articlekey":"","footnotes":""},"categories":[1],"tags":[742,2235,2357,2506],"class_list":["post-502","post","type-post","status-publish","format-standard","has-post-thumbnail","hentry","category-allgemein","tag-ausstellung","tag-suffizienz","tag-umweltarena","tag-wanderausstellung"],"acf":[],"yoast_head":"<!-- This site is optimized with the Yoast SEO plugin v27.4 - https:\/\/yoast.com\/product\/yoast-seo-wordpress\/ -->\n<title>Wanderausstellung zum Thema Suffizienz - Organisator<\/title>\n<meta name=\"description\" content=\"Die neue Wanderausstellung &quot;Let&#039;s go DanaLand&quot; der Universit\u00e4t Bern bringt Jugendlichen und jungen Erwachsenen das Thema Suffizienz auf spielerische Weise n\u00e4her.\" \/>\n<meta name=\"robots\" content=\"index, follow, max-snippet:-1, max-image-preview:large, max-video-preview:-1\" \/>\n<link rel=\"canonical\" href=\"https:\/\/www.organisator.ch\/de\/allgemein\/2016-09-05\/wanderausstellung-zum-thema-suffizienz\/\" \/>\n<meta property=\"og:locale\" content=\"de_DE\" \/>\n<meta property=\"og:type\" content=\"article\" \/>\n<meta property=\"og:title\" content=\"Wanderausstellung zum Thema Suffizienz - Organisator\" \/>\n<meta property=\"og:description\" content=\"Die neue Wanderausstellung &quot;Let&#039;s go DanaLand&quot; der Universit\u00e4t Bern bringt Jugendlichen und jungen Erwachsenen das Thema Suffizienz auf spielerische Weise n\u00e4her.\" \/>\n<meta property=\"og:url\" content=\"https:\/\/www.organisator.ch\/de\/allgemein\/2016-09-05\/wanderausstellung-zum-thema-suffizienz\/\" \/>\n<meta property=\"og:site_name\" content=\"Organisator\" \/>\n<meta property=\"article:publisher\" content=\"https:\/\/www.facebook.com\/OrganisatorFachmagazin\" \/>\n<meta property=\"article:published_time\" content=\"2016-09-05T14:05:17+00:00\" \/>\n<meta property=\"og:image\" content=\"https:\/\/www.organisator.ch\/wp-content\/uploads\/2016\/12\/Wanderausstellung-zum-Thema-Suffizienz-umweltperspektiven.jpg\" \/>\n\t<meta property=\"og:image:width\" content=\"790\" \/>\n\t<meta property=\"og:image:height\" content=\"464\" \/>\n\t<meta property=\"og:image:type\" content=\"image\/jpeg\" \/>\n<meta name=\"author\" content=\"admin\" \/>\n<meta name=\"twitter:card\" content=\"summary_large_image\" \/>\n<script type=\"application\/ld+json\" class=\"yoast-schema-graph\">{\"@context\":\"https:\\\/\\\/schema.org\",\"@graph\":[{\"@type\":\"Article\",\"@id\":\"https:\\\/\\\/www.organisator.ch\\\/en\\\/general\\\/2016-09-05\\\/wanderausstellung-zum-thema-suffizienz\\\/#article\",\"isPartOf\":{\"@id\":\"https:\\\/\\\/www.organisator.ch\\\/en\\\/general\\\/2016-09-05\\\/wanderausstellung-zum-thema-suffizienz\\\/\"},\"author\":{\"name\":\"admin\",\"@id\":\"https:\\\/\\\/www.organisator.ch\\\/#\\\/schema\\\/person\\\/aa2bace6c5c5aad60102004a50c4eb1c\"},\"headline\":\"Wanderausstellung zum Thema Suffizienz\",\"datePublished\":\"2016-09-05T14:05:17+00:00\",\"mainEntityOfPage\":{\"@id\":\"https:\\\/\\\/www.organisator.ch\\\/en\\\/general\\\/2016-09-05\\\/wanderausstellung-zum-thema-suffizienz\\\/\"},\"wordCount\":309,\"commentCount\":0,\"publisher\":{\"@id\":\"https:\\\/\\\/www.organisator.ch\\\/#organization\"},\"image\":{\"@id\":\"https:\\\/\\\/www.organisator.ch\\\/en\\\/general\\\/2016-09-05\\\/wanderausstellung-zum-thema-suffizienz\\\/#primaryimage\"},\"thumbnailUrl\":\"https:\\\/\\\/www.organisator.ch\\\/wp-content\\\/uploads\\\/2016\\\/12\\\/Wanderausstellung-zum-Thema-Suffizienz-umweltperspektiven.jpg\",\"keywords\":[\"Ausstellung\",\"Suffizienz\",\"Umweltarena\",\"Wanderausstellung\"],\"inLanguage\":\"de\"},{\"@type\":\"WebPage\",\"@id\":\"https:\\\/\\\/www.organisator.ch\\\/en\\\/general\\\/2016-09-05\\\/wanderausstellung-zum-thema-suffizienz\\\/\",\"url\":\"https:\\\/\\\/www.organisator.ch\\\/en\\\/general\\\/2016-09-05\\\/wanderausstellung-zum-thema-suffizienz\\\/\",\"name\":\"Wanderausstellung zum Thema Suffizienz - Organisator\",\"isPartOf\":{\"@id\":\"https:\\\/\\\/www.organisator.ch\\\/#website\"},\"primaryImageOfPage\":{\"@id\":\"https:\\\/\\\/www.organisator.ch\\\/en\\\/general\\\/2016-09-05\\\/wanderausstellung-zum-thema-suffizienz\\\/#primaryimage\"},\"image\":{\"@id\":\"https:\\\/\\\/www.organisator.ch\\\/en\\\/general\\\/2016-09-05\\\/wanderausstellung-zum-thema-suffizienz\\\/#primaryimage\"},\"thumbnailUrl\":\"https:\\\/\\\/www.organisator.ch\\\/wp-content\\\/uploads\\\/2016\\\/12\\\/Wanderausstellung-zum-Thema-Suffizienz-umweltperspektiven.jpg\",\"datePublished\":\"2016-09-05T14:05:17+00:00\",\"description\":\"Die neue Wanderausstellung \\\"Let's go DanaLand\\\" der Universit\u00e4t Bern bringt Jugendlichen und jungen Erwachsenen das Thema Suffizienz auf spielerische Weise n\u00e4her.\",\"breadcrumb\":{\"@id\":\"https:\\\/\\\/www.organisator.ch\\\/en\\\/general\\\/2016-09-05\\\/wanderausstellung-zum-thema-suffizienz\\\/#breadcrumb\"},\"inLanguage\":\"de\",\"potentialAction\":[{\"@type\":\"ReadAction\",\"target\":[\"https:\\\/\\\/www.organisator.ch\\\/en\\\/general\\\/2016-09-05\\\/wanderausstellung-zum-thema-suffizienz\\\/\"]}]},{\"@type\":\"ImageObject\",\"inLanguage\":\"de\",\"@id\":\"https:\\\/\\\/www.organisator.ch\\\/en\\\/general\\\/2016-09-05\\\/wanderausstellung-zum-thema-suffizienz\\\/#primaryimage\",\"url\":\"https:\\\/\\\/www.organisator.ch\\\/wp-content\\\/uploads\\\/2016\\\/12\\\/Wanderausstellung-zum-Thema-Suffizienz-umweltperspektiven.jpg\",\"contentUrl\":\"https:\\\/\\\/www.organisator.ch\\\/wp-content\\\/uploads\\\/2016\\\/12\\\/Wanderausstellung-zum-Thema-Suffizienz-umweltperspektiven.jpg\",\"width\":790,\"height\":464,\"caption\":\"Wanderausstellung zum Thema Suffizienz-umweltperspektiven\"},{\"@type\":\"BreadcrumbList\",\"@id\":\"https:\\\/\\\/www.organisator.ch\\\/en\\\/general\\\/2016-09-05\\\/wanderausstellung-zum-thema-suffizienz\\\/#breadcrumb\",\"itemListElement\":[{\"@type\":\"ListItem\",\"position\":1,\"name\":\"Home\",\"item\":\"https:\\\/\\\/www.organisator.ch\\\/\"},{\"@type\":\"ListItem\",\"position\":2,\"name\":\"Wanderausstellung zum Thema Suffizienz\"}]},{\"@type\":\"WebSite\",\"@id\":\"https:\\\/\\\/www.organisator.ch\\\/#website\",\"url\":\"https:\\\/\\\/www.organisator.ch\\\/\",\"name\":\"Organisator\",\"description\":\"Kompetent. Praxisnah. Der ORGANISATOR bereitet in 10 Ausgaben pro Jahr die wesentlichen Themen f\u00fcr F\u00fchrungskr\u00e4fte von KMU auf.\",\"publisher\":{\"@id\":\"https:\\\/\\\/www.organisator.ch\\\/#organization\"},\"potentialAction\":[{\"@type\":\"SearchAction\",\"target\":{\"@type\":\"EntryPoint\",\"urlTemplate\":\"https:\\\/\\\/www.organisator.ch\\\/?s={search_term_string}\"},\"query-input\":{\"@type\":\"PropertyValueSpecification\",\"valueRequired\":true,\"valueName\":\"search_term_string\"}}],\"inLanguage\":\"de\"},{\"@type\":\"Organization\",\"@id\":\"https:\\\/\\\/www.organisator.ch\\\/#organization\",\"name\":\"Organisator\",\"url\":\"https:\\\/\\\/www.organisator.ch\\\/\",\"logo\":{\"@type\":\"ImageObject\",\"inLanguage\":\"de\",\"@id\":\"https:\\\/\\\/www.organisator.ch\\\/#\\\/schema\\\/logo\\\/image\\\/\",\"url\":\"https:\\\/\\\/www.organisator.ch\\\/wp-content\\\/uploads\\\/2022\\\/01\\\/Logo_Organisator_Website.png\",\"contentUrl\":\"https:\\\/\\\/www.organisator.ch\\\/wp-content\\\/uploads\\\/2022\\\/01\\\/Logo_Organisator_Website.png\",\"width\":800,\"height\":77,\"caption\":\"Organisator\"},\"image\":{\"@id\":\"https:\\\/\\\/www.organisator.ch\\\/#\\\/schema\\\/logo\\\/image\\\/\"},\"sameAs\":[\"https:\\\/\\\/www.facebook.com\\\/OrganisatorFachmagazin\",\"https:\\\/\\\/www.linkedin.com\\\/showcase\\\/organisator-das-magazin-fr-kmu\",\"https:\\\/\\\/www.xing.com\\\/news\\\/pages\\\/organisator-ch-695\",\"https:\\\/\\\/www.youtube.com\\\/channel\\\/UCGP2Sq0iWaZwT3BdIAQFYpw\"]},{\"@type\":\"Person\",\"@id\":\"https:\\\/\\\/www.organisator.ch\\\/#\\\/schema\\\/person\\\/aa2bace6c5c5aad60102004a50c4eb1c\",\"name\":\"admin\",\"image\":{\"@type\":\"ImageObject\",\"inLanguage\":\"de\",\"@id\":\"https:\\\/\\\/secure.gravatar.com\\\/avatar\\\/ae2f4d718e6c49043e314ce431e7e645d646302a24a5ef5a8bc8e3f5a032e319?s=96&d=mm&r=g\",\"url\":\"https:\\\/\\\/secure.gravatar.com\\\/avatar\\\/ae2f4d718e6c49043e314ce431e7e645d646302a24a5ef5a8bc8e3f5a032e319?s=96&d=mm&r=g\",\"contentUrl\":\"https:\\\/\\\/secure.gravatar.com\\\/avatar\\\/ae2f4d718e6c49043e314ce431e7e645d646302a24a5ef5a8bc8e3f5a032e319?s=96&d=mm&r=g\",\"caption\":\"admin\"},\"sameAs\":[\"https:\\\/\\\/www.organisator.ch\"],\"url\":\"https:\\\/\\\/www.organisator.ch\\\/de\\\/author\\\/admin\\\/\"}]}<\/script>\n<!-- \/ Yoast SEO plugin. -->","yoast_head_json":{"title":"Wanderausstellung zum Thema Suffizienz - Organisator","description":"Die neue Wanderausstellung \"Let's go DanaLand\" der Universit\u00e4t Bern bringt Jugendlichen und jungen Erwachsenen das Thema Suffizienz auf spielerische Weise n\u00e4her.","robots":{"index":"index","follow":"follow","max-snippet":"max-snippet:-1","max-image-preview":"max-image-preview:large","max-video-preview":"max-video-preview:-1"},"canonical":"https:\/\/www.organisator.ch\/de\/allgemein\/2016-09-05\/wanderausstellung-zum-thema-suffizienz\/","og_locale":"de_DE","og_type":"article","og_title":"Wanderausstellung zum Thema Suffizienz - Organisator","og_description":"Die neue Wanderausstellung \"Let's go DanaLand\" der Universit\u00e4t Bern bringt Jugendlichen und jungen Erwachsenen das Thema Suffizienz auf spielerische Weise n\u00e4her.","og_url":"https:\/\/www.organisator.ch\/de\/allgemein\/2016-09-05\/wanderausstellung-zum-thema-suffizienz\/","og_site_name":"Organisator","article_publisher":"https:\/\/www.facebook.com\/OrganisatorFachmagazin","article_published_time":"2016-09-05T14:05:17+00:00","og_image":[{"width":790,"height":464,"url":"https:\/\/www.organisator.ch\/wp-content\/uploads\/2016\/12\/Wanderausstellung-zum-Thema-Suffizienz-umweltperspektiven.jpg","type":"image\/jpeg"}],"author":"admin","twitter_card":"summary_large_image","schema":{"@context":"https:\/\/schema.org","@graph":[{"@type":"Article","@id":"https:\/\/www.organisator.ch\/en\/general\/2016-09-05\/wanderausstellung-zum-thema-suffizienz\/#article","isPartOf":{"@id":"https:\/\/www.organisator.ch\/en\/general\/2016-09-05\/wanderausstellung-zum-thema-suffizienz\/"},"author":{"name":"admin","@id":"https:\/\/www.organisator.ch\/#\/schema\/person\/aa2bace6c5c5aad60102004a50c4eb1c"},"headline":"Wanderausstellung zum Thema Suffizienz","datePublished":"2016-09-05T14:05:17+00:00","mainEntityOfPage":{"@id":"https:\/\/www.organisator.ch\/en\/general\/2016-09-05\/wanderausstellung-zum-thema-suffizienz\/"},"wordCount":309,"commentCount":0,"publisher":{"@id":"https:\/\/www.organisator.ch\/#organization"},"image":{"@id":"https:\/\/www.organisator.ch\/en\/general\/2016-09-05\/wanderausstellung-zum-thema-suffizienz\/#primaryimage"},"thumbnailUrl":"https:\/\/www.organisator.ch\/wp-content\/uploads\/2016\/12\/Wanderausstellung-zum-Thema-Suffizienz-umweltperspektiven.jpg","keywords":["Ausstellung","Suffizienz","Umweltarena","Wanderausstellung"],"inLanguage":"de"},{"@type":"WebPage","@id":"https:\/\/www.organisator.ch\/en\/general\/2016-09-05\/wanderausstellung-zum-thema-suffizienz\/","url":"https:\/\/www.organisator.ch\/en\/general\/2016-09-05\/wanderausstellung-zum-thema-suffizienz\/","name":"Wanderausstellung zum Thema Suffizienz - Organisator","isPartOf":{"@id":"https:\/\/www.organisator.ch\/#website"},"primaryImageOfPage":{"@id":"https:\/\/www.organisator.ch\/en\/general\/2016-09-05\/wanderausstellung-zum-thema-suffizienz\/#primaryimage"},"image":{"@id":"https:\/\/www.organisator.ch\/en\/general\/2016-09-05\/wanderausstellung-zum-thema-suffizienz\/#primaryimage"},"thumbnailUrl":"https:\/\/www.organisator.ch\/wp-content\/uploads\/2016\/12\/Wanderausstellung-zum-Thema-Suffizienz-umweltperspektiven.jpg","datePublished":"2016-09-05T14:05:17+00:00","description":"Die neue Wanderausstellung \"Let's go DanaLand\" der Universit\u00e4t Bern bringt Jugendlichen und jungen Erwachsenen das Thema Suffizienz auf spielerische Weise n\u00e4her.","breadcrumb":{"@id":"https:\/\/www.organisator.ch\/en\/general\/2016-09-05\/wanderausstellung-zum-thema-suffizienz\/#breadcrumb"},"inLanguage":"de","potentialAction":[{"@type":"ReadAction","target":["https:\/\/www.organisator.ch\/en\/general\/2016-09-05\/wanderausstellung-zum-thema-suffizienz\/"]}]},{"@type":"ImageObject","inLanguage":"de","@id":"https:\/\/www.organisator.ch\/en\/general\/2016-09-05\/wanderausstellung-zum-thema-suffizienz\/#primaryimage","url":"https:\/\/www.organisator.ch\/wp-content\/uploads\/2016\/12\/Wanderausstellung-zum-Thema-Suffizienz-umweltperspektiven.jpg","contentUrl":"https:\/\/www.organisator.ch\/wp-content\/uploads\/2016\/12\/Wanderausstellung-zum-Thema-Suffizienz-umweltperspektiven.jpg","width":790,"height":464,"caption":"Wanderausstellung zum Thema Suffizienz-umweltperspektiven"},{"@type":"BreadcrumbList","@id":"https:\/\/www.organisator.ch\/en\/general\/2016-09-05\/wanderausstellung-zum-thema-suffizienz\/#breadcrumb","itemListElement":[{"@type":"ListItem","position":1,"name":"Home","item":"https:\/\/www.organisator.ch\/"},{"@type":"ListItem","position":2,"name":"Wanderausstellung zum Thema Suffizienz"}]},{"@type":"WebSite","@id":"https:\/\/www.organisator.ch\/#website","url":"https:\/\/www.organisator.ch\/","name":"Organisator","description":"Kompetent. Praxisnah. Der ORGANISATOR bereitet in 10 Ausgaben pro Jahr die wesentlichen Themen f\u00fcr F\u00fchrungskr\u00e4fte von KMU auf.","publisher":{"@id":"https:\/\/www.organisator.ch\/#organization"},"potentialAction":[{"@type":"SearchAction","target":{"@type":"EntryPoint","urlTemplate":"https:\/\/www.organisator.ch\/?s={search_term_string}"},"query-input":{"@type":"PropertyValueSpecification","valueRequired":true,"valueName":"search_term_string"}}],"inLanguage":"de"},{"@type":"Organization","@id":"https:\/\/www.organisator.ch\/#organization","name":"Organisator","url":"https:\/\/www.organisator.ch\/","logo":{"@type":"ImageObject","inLanguage":"de","@id":"https:\/\/www.organisator.ch\/#\/schema\/logo\/image\/","url":"https:\/\/www.organisator.ch\/wp-content\/uploads\/2022\/01\/Logo_Organisator_Website.png","contentUrl":"https:\/\/www.organisator.ch\/wp-content\/uploads\/2022\/01\/Logo_Organisator_Website.png","width":800,"height":77,"caption":"Organisator"},"image":{"@id":"https:\/\/www.organisator.ch\/#\/schema\/logo\/image\/"},"sameAs":["https:\/\/www.facebook.com\/OrganisatorFachmagazin","https:\/\/www.linkedin.com\/showcase\/organisator-das-magazin-fr-kmu","https:\/\/www.xing.com\/news\/pages\/organisator-ch-695","https:\/\/www.youtube.com\/channel\/UCGP2Sq0iWaZwT3BdIAQFYpw"]},{"@type":"Person","@id":"https:\/\/www.organisator.ch\/#\/schema\/person\/aa2bace6c5c5aad60102004a50c4eb1c","name":"admin","image":{"@type":"ImageObject","inLanguage":"de","@id":"https:\/\/secure.gravatar.com\/avatar\/ae2f4d718e6c49043e314ce431e7e645d646302a24a5ef5a8bc8e3f5a032e319?s=96&d=mm&r=g","url":"https:\/\/secure.gravatar.com\/avatar\/ae2f4d718e6c49043e314ce431e7e645d646302a24a5ef5a8bc8e3f5a032e319?s=96&d=mm&r=g","contentUrl":"https:\/\/secure.gravatar.com\/avatar\/ae2f4d718e6c49043e314ce431e7e645d646302a24a5ef5a8bc8e3f5a032e319?s=96&d=mm&r=g","caption":"admin"},"sameAs":["https:\/\/www.organisator.ch"],"url":"https:\/\/www.organisator.ch\/de\/author\/admin\/"}]}},"_links":{"self":[{"href":"https:\/\/www.organisator.ch\/de\/wp-json\/wp\/v2\/posts\/502","targetHints":{"allow":["GET"]}}],"collection":[{"href":"https:\/\/www.organisator.ch\/de\/wp-json\/wp\/v2\/posts"}],"about":[{"href":"https:\/\/www.organisator.ch\/de\/wp-json\/wp\/v2\/types\/post"}],"author":[{"embeddable":true,"href":"https:\/\/www.organisator.ch\/de\/wp-json\/wp\/v2\/users\/1"}],"replies":[{"embeddable":true,"href":"https:\/\/www.organisator.ch\/de\/wp-json\/wp\/v2\/comments?post=502"}],"version-history":[{"count":0,"href":"https:\/\/www.organisator.ch\/de\/wp-json\/wp\/v2\/posts\/502\/revisions"}],"wp:featuredmedia":[{"embeddable":true,"href":"https:\/\/www.organisator.ch\/de\/wp-json\/wp\/v2\/media\/503"}],"wp:attachment":[{"href":"https:\/\/www.organisator.ch\/de\/wp-json\/wp\/v2\/media?parent=502"}],"wp:term":[{"taxonomy":"category","embeddable":true,"href":"https:\/\/www.organisator.ch\/de\/wp-json\/wp\/v2\/categories?post=502"},{"taxonomy":"post_tag","embeddable":true,"href":"https:\/\/www.organisator.ch\/de\/wp-json\/wp\/v2\/tags?post=502"}],"curies":[{"name":"wp","href":"https:\/\/api.w.org\/{rel}","templated":true}]}}