{"id":5045,"date":"2019-03-20T13:21:03","date_gmt":"2019-03-20T12:21:03","guid":{"rendered":"https:\/\/www.organisator.ch\/?p=5045"},"modified":"2019-03-20T13:21:03","modified_gmt":"2019-03-20T12:21:03","slug":"neues-praesidium-bei-perikom","status":"publish","type":"post","link":"https:\/\/www.organisator.ch\/de\/human-resources\/hrm\/2019-03-20\/neues-praesidium-bei-perikom\/","title":{"rendered":"Neues Pr\u00e4sidium bei Perikom"},"content":{"rendered":"<figure id=\"attachment_5046\" aria-describedby=\"caption-attachment-5046\" style=\"width: 680px\" class=\"wp-caption alignnone\"><img loading=\"lazy\" decoding=\"async\" class=\"size-medium wp-image-5046\" src=\"https:\/\/www.organisator.ch\/wp-content\/uploads\/2019\/03\/Neues-Praesidium-bei-Perikom_Organisator.jpg\" alt=\"\" width=\"680\" height=\"395\" srcset=\"https:\/\/www.organisator.ch\/wp-content\/uploads\/2019\/03\/Neues-Praesidium-bei-Perikom_Organisator.jpg 680w, https:\/\/www.organisator.ch\/wp-content\/uploads\/2019\/03\/Neues-Praesidium-bei-Perikom_Organisator-16x9.jpg 16w, https:\/\/www.organisator.ch\/wp-content\/uploads\/2019\/03\/Neues-Praesidium-bei-Perikom_Organisator-301x175.jpg 301w, https:\/\/www.organisator.ch\/wp-content\/uploads\/2019\/03\/Neues-Praesidium-bei-Perikom_Organisator-603x350.jpg 603w, https:\/\/www.organisator.ch\/wp-content\/uploads\/2019\/03\/Neues-Praesidium-bei-Perikom_Organisator-300x174.jpg 300w\" sizes=\"auto, (max-width: 680px) 100vw, 680px\" \/><figcaption id=\"caption-attachment-5046\" class=\"wp-caption-text\">Cyril Meier ist neuer Pr\u00e4sident von Perikom. (Bild: zVg)<\/figcaption><\/figure>\n<p>Perikom, der Fachverein f\u00fcr Personalmanagement und Interne Kommunikation, w\u00e4hlte an seiner Generalversammlung vom 19. M\u00e4rz 2019 Cyril Meier einstimmig zum neuen Pr\u00e4sidenten. Er l\u00f6st Matthias M\u00f6lleney ab, Gesch\u00e4ftsf\u00fchrer PeopleXpert, Pr\u00e4sident ZGP und Leiter des Centers for Human Resources Management &amp; Leadership an der HWZ Hochschule f\u00fcr Wirtschaft Z\u00fcrich. Der Vorstand dankte Matthias M\u00f6lleney, der im Gremium verbleibt, f\u00fcr seine grossen Verdienste als Gr\u00fcndungspr\u00e4sident von Perikom. Als neues Mitglied in den Vorstand wurde zudem Dr. Barbara Aeschlimann, Gesch\u00e4ftsf\u00fchrerin der ZGP Z\u00fcrcher Gesellschaft f\u00fcr Personal-Management, gew\u00e4hlt.<\/p>\n<p>Cyril Meier, der neue Perikom-Pr\u00e4sident, wirkt seit 2003 an der HWZ Hochschule f\u00fcr Wirtschaft Z\u00fcrich, heute als Leiter Spezialprojekte, davor bis 2017 als Mitglied der Schulleitung. In dieser Zeit baute er das Center for Communications mit seinen \u00fcber 700 Studierenden auf, unter anderen mit dem Bachelor-Studiengang Kommunikation sowie dem Master of Advanced Studies in Business Communications, und initiierte u.a. auch die ersten Digital-Weiterbildungsg\u00e4nge der Hochschule. Vor seinem Wechsel ins Bildungswesen war Meier unter anderem Chief Communications Officer (CCO) des Sulzer-Konzerns sowie Berater und Teamleiter bei Farner Consulting. So kennt er aus der Praxis und der Lehre die Herausforderungen einer zielf\u00fchrenden Zusammenarbeit \u00fcber Funktionsgrenzen hinweg.<\/p>\n<p>\u00abDen digitalen Wandel zu bestehen,&#8220; so Meier, &#8222;geht f\u00fcr jegliche Organisationen nicht ohne Strategien und Technologien. Sicher aber geht es nicht ohne eine stimmige Kultur, sicher nicht ohne die Mitarbeitenden. Dazu will Perikom weiterhin wertvolle interdisziplin\u00e4re und praxisorientierte Beitr\u00e4ge leisten.\u00bb Der Verein Perikom f\u00fchrt regelm\u00e4ssig Veranstaltungen durch\u00a0f\u00fcr Kommunikations- und Personalexperten. Weitere T\u00e4tigkeitsfelder sind die Entwicklung von Weiterbildungsangeboten, die Initiierung und Begleitung von Forschungsarbeiten und Studien zum Thema interne Kommunikation sowie eine j\u00e4hrlich stattfindende Schweizerische Tagung HR\/Interne Kommunikation. Das n\u00e4chste Mal am 23. Mai 2019 zum Thema \u201eF\u00fchrung und Kommunikation: schwierige neue Welt\u201c.<\/p>\n<p><a href=\"http:\/\/www.perikom.ch\"><em>Weitere Informationen<\/em><\/a><\/p>\n","protected":false},"excerpt":{"rendered":"<p>Perikom, der Fachverein f\u00fcr Personalmanagement und Interne Kommunikation, w\u00e4hlte an seiner Generalversammlung vom 19. M\u00e4rz 2019 Cyril Meier einstimmig zum neuen Pr\u00e4sidenten. Er l\u00f6st Matthias M\u00f6lleney ab, Gesch\u00e4ftsf\u00fchrer PeopleXpert, Pr\u00e4sident ZGP und Leiter des Centers for Human Resources Management &amp; Leadership an der HWZ Hochschule f\u00fcr Wirtschaft Z\u00fcrich. Der Vorstand dankte Matthias M\u00f6lleney, der im [&hellip;]<\/p>\n","protected":false},"author":4,"featured_media":5046,"comment_status":"open","ping_status":"open","sticky":false,"template":"","format":"standard","meta":{"_acf_changed":false,"_yoast_wpseo_focuskw":"Perikom","_yoast_wpseo_metadesc":"Die Generalversammlung des Vereins Perikom w\u00e4hlte am 19. M\u00e4rz Cyril Meier zum neuen Pr\u00e4sidenten. Er folgt damit auf Matthias M\u00f6lleney.","articlekey":"","footnotes":""},"categories":[26],"tags":[254,381,503],"class_list":["post-5045","post","type-post","status-publish","format-standard","has-post-thumbnail","hentry","category-hrm","tag-hrm","tag-personalia","tag-verbaende"],"acf":[],"yoast_head":"<!-- This site is optimized with the Yoast SEO plugin v27.4 - https:\/\/yoast.com\/product\/yoast-seo-wordpress\/ -->\n<title>Neues Pr\u00e4sidium bei Perikom - Organisator<\/title>\n<meta name=\"description\" content=\"Die Generalversammlung des Vereins Perikom w\u00e4hlte am 19. M\u00e4rz Cyril Meier zum neuen Pr\u00e4sidenten. Er folgt damit auf Matthias M\u00f6lleney.\" \/>\n<meta name=\"robots\" content=\"index, follow, max-snippet:-1, max-image-preview:large, max-video-preview:-1\" \/>\n<link rel=\"canonical\" href=\"https:\/\/www.organisator.ch\/de\/human-resources\/hrm\/2019-03-20\/neues-praesidium-bei-perikom\/\" \/>\n<meta property=\"og:locale\" content=\"de_DE\" \/>\n<meta property=\"og:type\" content=\"article\" \/>\n<meta property=\"og:title\" content=\"Neues Pr\u00e4sidium bei Perikom\" \/>\n<meta property=\"og:description\" content=\"Die Generalversammlung des Vereins Perikom w\u00e4hlte am 19. M\u00e4rz Cyril Meier zum neuen Pr\u00e4sidenten. Er folgt damit auf Matthias M\u00f6lleney.\" \/>\n<meta property=\"og:url\" content=\"https:\/\/www.organisator.ch\/de\/human-resources\/hrm\/2019-03-20\/neues-praesidium-bei-perikom\/\" \/>\n<meta property=\"og:site_name\" content=\"Organisator\" \/>\n<meta property=\"article:publisher\" content=\"https:\/\/www.facebook.com\/OrganisatorFachmagazin\" \/>\n<meta property=\"article:published_time\" content=\"2019-03-20T12:21:03+00:00\" \/>\n<meta property=\"og:image\" content=\"https:\/\/www.organisator.ch\/wp-content\/uploads\/2019\/03\/Neues-Praesidium-bei-Perikom_Organisator.jpg\" \/>\n\t<meta property=\"og:image:width\" content=\"680\" \/>\n\t<meta property=\"og:image:height\" content=\"395\" \/>\n\t<meta property=\"og:image:type\" content=\"image\/jpeg\" \/>\n<meta name=\"author\" content=\"thomas.berner\" \/>\n<meta name=\"twitter:card\" content=\"summary_large_image\" \/>\n<meta name=\"twitter:title\" content=\"Neues Pr\u00e4sidium bei #Perikom\" \/>\n<meta name=\"twitter:description\" content=\"Die Generalversammlung des Vereins #Perikom w\u00e4hlte am 19. M\u00e4rz Cyril Meier zum neuen Pr\u00e4sidenten. Er folgt damit auf Matthias M\u00f6lleney.\" \/>\n<meta name=\"twitter:image\" content=\"https:\/\/www.organisator.ch\/wp-content\/uploads\/2019\/03\/Neues-Pr\u00e4sidium-bei-Perikom_Organisator.jpg\" \/>\n<script type=\"application\/ld+json\" class=\"yoast-schema-graph\">{\"@context\":\"https:\\\/\\\/schema.org\",\"@graph\":[{\"@type\":\"Article\",\"@id\":\"https:\\\/\\\/www.organisator.ch\\\/human-resources\\\/hrm\\\/2019-03-20\\\/neues-praesidium-bei-perikom\\\/#article\",\"isPartOf\":{\"@id\":\"https:\\\/\\\/www.organisator.ch\\\/human-resources\\\/hrm\\\/2019-03-20\\\/neues-praesidium-bei-perikom\\\/\"},\"author\":{\"name\":\"thomas.berner\",\"@id\":\"https:\\\/\\\/www.organisator.ch\\\/#\\\/schema\\\/person\\\/6f650f90b2842cd4c0cc334b4e36f67e\"},\"headline\":\"Neues Pr\u00e4sidium bei Perikom\",\"datePublished\":\"2019-03-20T12:21:03+00:00\",\"mainEntityOfPage\":{\"@id\":\"https:\\\/\\\/www.organisator.ch\\\/human-resources\\\/hrm\\\/2019-03-20\\\/neues-praesidium-bei-perikom\\\/\"},\"wordCount\":335,\"commentCount\":0,\"publisher\":{\"@id\":\"https:\\\/\\\/www.organisator.ch\\\/#organization\"},\"image\":{\"@id\":\"https:\\\/\\\/www.organisator.ch\\\/human-resources\\\/hrm\\\/2019-03-20\\\/neues-praesidium-bei-perikom\\\/#primaryimage\"},\"thumbnailUrl\":\"https:\\\/\\\/www.organisator.ch\\\/wp-content\\\/uploads\\\/2019\\\/03\\\/Neues-Praesidium-bei-Perikom_Organisator.jpg\",\"keywords\":[\"HRM\",\"Personalia\",\"Verb\u00e4nde\"],\"articleSection\":[\"HRM\"],\"inLanguage\":\"de\"},{\"@type\":\"WebPage\",\"@id\":\"https:\\\/\\\/www.organisator.ch\\\/human-resources\\\/hrm\\\/2019-03-20\\\/neues-praesidium-bei-perikom\\\/\",\"url\":\"https:\\\/\\\/www.organisator.ch\\\/human-resources\\\/hrm\\\/2019-03-20\\\/neues-praesidium-bei-perikom\\\/\",\"name\":\"Neues Pr\u00e4sidium bei Perikom - Organisator\",\"isPartOf\":{\"@id\":\"https:\\\/\\\/www.organisator.ch\\\/#website\"},\"primaryImageOfPage\":{\"@id\":\"https:\\\/\\\/www.organisator.ch\\\/human-resources\\\/hrm\\\/2019-03-20\\\/neues-praesidium-bei-perikom\\\/#primaryimage\"},\"image\":{\"@id\":\"https:\\\/\\\/www.organisator.ch\\\/human-resources\\\/hrm\\\/2019-03-20\\\/neues-praesidium-bei-perikom\\\/#primaryimage\"},\"thumbnailUrl\":\"https:\\\/\\\/www.organisator.ch\\\/wp-content\\\/uploads\\\/2019\\\/03\\\/Neues-Praesidium-bei-Perikom_Organisator.jpg\",\"datePublished\":\"2019-03-20T12:21:03+00:00\",\"description\":\"Die Generalversammlung des Vereins Perikom w\u00e4hlte am 19. M\u00e4rz Cyril Meier zum neuen Pr\u00e4sidenten. Er folgt damit auf Matthias M\u00f6lleney.\",\"breadcrumb\":{\"@id\":\"https:\\\/\\\/www.organisator.ch\\\/human-resources\\\/hrm\\\/2019-03-20\\\/neues-praesidium-bei-perikom\\\/#breadcrumb\"},\"inLanguage\":\"de\",\"potentialAction\":[{\"@type\":\"ReadAction\",\"target\":[\"https:\\\/\\\/www.organisator.ch\\\/human-resources\\\/hrm\\\/2019-03-20\\\/neues-praesidium-bei-perikom\\\/\"]}]},{\"@type\":\"ImageObject\",\"inLanguage\":\"de\",\"@id\":\"https:\\\/\\\/www.organisator.ch\\\/human-resources\\\/hrm\\\/2019-03-20\\\/neues-praesidium-bei-perikom\\\/#primaryimage\",\"url\":\"https:\\\/\\\/www.organisator.ch\\\/wp-content\\\/uploads\\\/2019\\\/03\\\/Neues-Praesidium-bei-Perikom_Organisator.jpg\",\"contentUrl\":\"https:\\\/\\\/www.organisator.ch\\\/wp-content\\\/uploads\\\/2019\\\/03\\\/Neues-Praesidium-bei-Perikom_Organisator.jpg\",\"width\":680,\"height\":395,\"caption\":\"Cyril Meier ist neuer Pr\u00e4sident von Perikom. (Bild: zVg)\"},{\"@type\":\"BreadcrumbList\",\"@id\":\"https:\\\/\\\/www.organisator.ch\\\/human-resources\\\/hrm\\\/2019-03-20\\\/neues-praesidium-bei-perikom\\\/#breadcrumb\",\"itemListElement\":[{\"@type\":\"ListItem\",\"position\":1,\"name\":\"Home\",\"item\":\"https:\\\/\\\/www.organisator.ch\\\/\"},{\"@type\":\"ListItem\",\"position\":2,\"name\":\"Neues Pr\u00e4sidium bei Perikom\"}]},{\"@type\":\"WebSite\",\"@id\":\"https:\\\/\\\/www.organisator.ch\\\/#website\",\"url\":\"https:\\\/\\\/www.organisator.ch\\\/\",\"name\":\"Organisator\",\"description\":\"Kompetent. Praxisnah. Der ORGANISATOR bereitet in 10 Ausgaben pro Jahr die wesentlichen Themen f\u00fcr F\u00fchrungskr\u00e4fte von KMU auf.\",\"publisher\":{\"@id\":\"https:\\\/\\\/www.organisator.ch\\\/#organization\"},\"potentialAction\":[{\"@type\":\"SearchAction\",\"target\":{\"@type\":\"EntryPoint\",\"urlTemplate\":\"https:\\\/\\\/www.organisator.ch\\\/?s={search_term_string}\"},\"query-input\":{\"@type\":\"PropertyValueSpecification\",\"valueRequired\":true,\"valueName\":\"search_term_string\"}}],\"inLanguage\":\"de\"},{\"@type\":\"Organization\",\"@id\":\"https:\\\/\\\/www.organisator.ch\\\/#organization\",\"name\":\"Organisator\",\"url\":\"https:\\\/\\\/www.organisator.ch\\\/\",\"logo\":{\"@type\":\"ImageObject\",\"inLanguage\":\"de\",\"@id\":\"https:\\\/\\\/www.organisator.ch\\\/#\\\/schema\\\/logo\\\/image\\\/\",\"url\":\"https:\\\/\\\/www.organisator.ch\\\/wp-content\\\/uploads\\\/2022\\\/01\\\/Logo_Organisator_Website.png\",\"contentUrl\":\"https:\\\/\\\/www.organisator.ch\\\/wp-content\\\/uploads\\\/2022\\\/01\\\/Logo_Organisator_Website.png\",\"width\":800,\"height\":77,\"caption\":\"Organisator\"},\"image\":{\"@id\":\"https:\\\/\\\/www.organisator.ch\\\/#\\\/schema\\\/logo\\\/image\\\/\"},\"sameAs\":[\"https:\\\/\\\/www.facebook.com\\\/OrganisatorFachmagazin\",\"https:\\\/\\\/www.linkedin.com\\\/showcase\\\/organisator-das-magazin-fr-kmu\",\"https:\\\/\\\/www.xing.com\\\/news\\\/pages\\\/organisator-ch-695\",\"https:\\\/\\\/www.youtube.com\\\/channel\\\/UCGP2Sq0iWaZwT3BdIAQFYpw\"]},{\"@type\":\"Person\",\"@id\":\"https:\\\/\\\/www.organisator.ch\\\/#\\\/schema\\\/person\\\/6f650f90b2842cd4c0cc334b4e36f67e\",\"name\":\"thomas.berner\",\"image\":{\"@type\":\"ImageObject\",\"inLanguage\":\"de\",\"@id\":\"https:\\\/\\\/secure.gravatar.com\\\/avatar\\\/ac5001d2a36cb6c6cd3e50789007ffca834b477b74a2144564522e944eabff61?s=96&d=mm&r=g\",\"url\":\"https:\\\/\\\/secure.gravatar.com\\\/avatar\\\/ac5001d2a36cb6c6cd3e50789007ffca834b477b74a2144564522e944eabff61?s=96&d=mm&r=g\",\"contentUrl\":\"https:\\\/\\\/secure.gravatar.com\\\/avatar\\\/ac5001d2a36cb6c6cd3e50789007ffca834b477b74a2144564522e944eabff61?s=96&d=mm&r=g\",\"caption\":\"thomas.berner\"},\"url\":\"https:\\\/\\\/www.organisator.ch\\\/de\\\/author\\\/thomas-berner\\\/\"}]}<\/script>\n<!-- \/ Yoast SEO plugin. -->","yoast_head_json":{"title":"Neues Pr\u00e4sidium bei Perikom - Organisator","description":"Die Generalversammlung des Vereins Perikom w\u00e4hlte am 19. M\u00e4rz Cyril Meier zum neuen Pr\u00e4sidenten. Er folgt damit auf Matthias M\u00f6lleney.","robots":{"index":"index","follow":"follow","max-snippet":"max-snippet:-1","max-image-preview":"max-image-preview:large","max-video-preview":"max-video-preview:-1"},"canonical":"https:\/\/www.organisator.ch\/de\/human-resources\/hrm\/2019-03-20\/neues-praesidium-bei-perikom\/","og_locale":"de_DE","og_type":"article","og_title":"Neues Pr\u00e4sidium bei Perikom","og_description":"Die Generalversammlung des Vereins Perikom w\u00e4hlte am 19. M\u00e4rz Cyril Meier zum neuen Pr\u00e4sidenten. Er folgt damit auf Matthias M\u00f6lleney.","og_url":"https:\/\/www.organisator.ch\/de\/human-resources\/hrm\/2019-03-20\/neues-praesidium-bei-perikom\/","og_site_name":"Organisator","article_publisher":"https:\/\/www.facebook.com\/OrganisatorFachmagazin","article_published_time":"2019-03-20T12:21:03+00:00","og_image":[{"width":680,"height":395,"url":"https:\/\/www.organisator.ch\/wp-content\/uploads\/2019\/03\/Neues-Praesidium-bei-Perikom_Organisator.jpg","type":"image\/jpeg"}],"author":"thomas.berner","twitter_card":"summary_large_image","twitter_title":"Neues Pr\u00e4sidium bei #Perikom","twitter_description":"Die Generalversammlung des Vereins #Perikom w\u00e4hlte am 19. M\u00e4rz Cyril Meier zum neuen Pr\u00e4sidenten. Er folgt damit auf Matthias M\u00f6lleney.","twitter_image":"https:\/\/www.organisator.ch\/wp-content\/uploads\/2019\/03\/Neues-Pr\u00e4sidium-bei-Perikom_Organisator.jpg","schema":{"@context":"https:\/\/schema.org","@graph":[{"@type":"Article","@id":"https:\/\/www.organisator.ch\/human-resources\/hrm\/2019-03-20\/neues-praesidium-bei-perikom\/#article","isPartOf":{"@id":"https:\/\/www.organisator.ch\/human-resources\/hrm\/2019-03-20\/neues-praesidium-bei-perikom\/"},"author":{"name":"thomas.berner","@id":"https:\/\/www.organisator.ch\/#\/schema\/person\/6f650f90b2842cd4c0cc334b4e36f67e"},"headline":"Neues Pr\u00e4sidium bei Perikom","datePublished":"2019-03-20T12:21:03+00:00","mainEntityOfPage":{"@id":"https:\/\/www.organisator.ch\/human-resources\/hrm\/2019-03-20\/neues-praesidium-bei-perikom\/"},"wordCount":335,"commentCount":0,"publisher":{"@id":"https:\/\/www.organisator.ch\/#organization"},"image":{"@id":"https:\/\/www.organisator.ch\/human-resources\/hrm\/2019-03-20\/neues-praesidium-bei-perikom\/#primaryimage"},"thumbnailUrl":"https:\/\/www.organisator.ch\/wp-content\/uploads\/2019\/03\/Neues-Praesidium-bei-Perikom_Organisator.jpg","keywords":["HRM","Personalia","Verb\u00e4nde"],"articleSection":["HRM"],"inLanguage":"de"},{"@type":"WebPage","@id":"https:\/\/www.organisator.ch\/human-resources\/hrm\/2019-03-20\/neues-praesidium-bei-perikom\/","url":"https:\/\/www.organisator.ch\/human-resources\/hrm\/2019-03-20\/neues-praesidium-bei-perikom\/","name":"Neues Pr\u00e4sidium bei Perikom - Organisator","isPartOf":{"@id":"https:\/\/www.organisator.ch\/#website"},"primaryImageOfPage":{"@id":"https:\/\/www.organisator.ch\/human-resources\/hrm\/2019-03-20\/neues-praesidium-bei-perikom\/#primaryimage"},"image":{"@id":"https:\/\/www.organisator.ch\/human-resources\/hrm\/2019-03-20\/neues-praesidium-bei-perikom\/#primaryimage"},"thumbnailUrl":"https:\/\/www.organisator.ch\/wp-content\/uploads\/2019\/03\/Neues-Praesidium-bei-Perikom_Organisator.jpg","datePublished":"2019-03-20T12:21:03+00:00","description":"Die Generalversammlung des Vereins Perikom w\u00e4hlte am 19. M\u00e4rz Cyril Meier zum neuen Pr\u00e4sidenten. Er folgt damit auf Matthias M\u00f6lleney.","breadcrumb":{"@id":"https:\/\/www.organisator.ch\/human-resources\/hrm\/2019-03-20\/neues-praesidium-bei-perikom\/#breadcrumb"},"inLanguage":"de","potentialAction":[{"@type":"ReadAction","target":["https:\/\/www.organisator.ch\/human-resources\/hrm\/2019-03-20\/neues-praesidium-bei-perikom\/"]}]},{"@type":"ImageObject","inLanguage":"de","@id":"https:\/\/www.organisator.ch\/human-resources\/hrm\/2019-03-20\/neues-praesidium-bei-perikom\/#primaryimage","url":"https:\/\/www.organisator.ch\/wp-content\/uploads\/2019\/03\/Neues-Praesidium-bei-Perikom_Organisator.jpg","contentUrl":"https:\/\/www.organisator.ch\/wp-content\/uploads\/2019\/03\/Neues-Praesidium-bei-Perikom_Organisator.jpg","width":680,"height":395,"caption":"Cyril Meier ist neuer Pr\u00e4sident von Perikom. (Bild: zVg)"},{"@type":"BreadcrumbList","@id":"https:\/\/www.organisator.ch\/human-resources\/hrm\/2019-03-20\/neues-praesidium-bei-perikom\/#breadcrumb","itemListElement":[{"@type":"ListItem","position":1,"name":"Home","item":"https:\/\/www.organisator.ch\/"},{"@type":"ListItem","position":2,"name":"Neues Pr\u00e4sidium bei Perikom"}]},{"@type":"WebSite","@id":"https:\/\/www.organisator.ch\/#website","url":"https:\/\/www.organisator.ch\/","name":"Organisator","description":"Kompetent. Praxisnah. Der ORGANISATOR bereitet in 10 Ausgaben pro Jahr die wesentlichen Themen f\u00fcr F\u00fchrungskr\u00e4fte von KMU auf.","publisher":{"@id":"https:\/\/www.organisator.ch\/#organization"},"potentialAction":[{"@type":"SearchAction","target":{"@type":"EntryPoint","urlTemplate":"https:\/\/www.organisator.ch\/?s={search_term_string}"},"query-input":{"@type":"PropertyValueSpecification","valueRequired":true,"valueName":"search_term_string"}}],"inLanguage":"de"},{"@type":"Organization","@id":"https:\/\/www.organisator.ch\/#organization","name":"Organisator","url":"https:\/\/www.organisator.ch\/","logo":{"@type":"ImageObject","inLanguage":"de","@id":"https:\/\/www.organisator.ch\/#\/schema\/logo\/image\/","url":"https:\/\/www.organisator.ch\/wp-content\/uploads\/2022\/01\/Logo_Organisator_Website.png","contentUrl":"https:\/\/www.organisator.ch\/wp-content\/uploads\/2022\/01\/Logo_Organisator_Website.png","width":800,"height":77,"caption":"Organisator"},"image":{"@id":"https:\/\/www.organisator.ch\/#\/schema\/logo\/image\/"},"sameAs":["https:\/\/www.facebook.com\/OrganisatorFachmagazin","https:\/\/www.linkedin.com\/showcase\/organisator-das-magazin-fr-kmu","https:\/\/www.xing.com\/news\/pages\/organisator-ch-695","https:\/\/www.youtube.com\/channel\/UCGP2Sq0iWaZwT3BdIAQFYpw"]},{"@type":"Person","@id":"https:\/\/www.organisator.ch\/#\/schema\/person\/6f650f90b2842cd4c0cc334b4e36f67e","name":"thomas.berner","image":{"@type":"ImageObject","inLanguage":"de","@id":"https:\/\/secure.gravatar.com\/avatar\/ac5001d2a36cb6c6cd3e50789007ffca834b477b74a2144564522e944eabff61?s=96&d=mm&r=g","url":"https:\/\/secure.gravatar.com\/avatar\/ac5001d2a36cb6c6cd3e50789007ffca834b477b74a2144564522e944eabff61?s=96&d=mm&r=g","contentUrl":"https:\/\/secure.gravatar.com\/avatar\/ac5001d2a36cb6c6cd3e50789007ffca834b477b74a2144564522e944eabff61?s=96&d=mm&r=g","caption":"thomas.berner"},"url":"https:\/\/www.organisator.ch\/de\/author\/thomas-berner\/"}]}},"_links":{"self":[{"href":"https:\/\/www.organisator.ch\/de\/wp-json\/wp\/v2\/posts\/5045","targetHints":{"allow":["GET"]}}],"collection":[{"href":"https:\/\/www.organisator.ch\/de\/wp-json\/wp\/v2\/posts"}],"about":[{"href":"https:\/\/www.organisator.ch\/de\/wp-json\/wp\/v2\/types\/post"}],"author":[{"embeddable":true,"href":"https:\/\/www.organisator.ch\/de\/wp-json\/wp\/v2\/users\/4"}],"replies":[{"embeddable":true,"href":"https:\/\/www.organisator.ch\/de\/wp-json\/wp\/v2\/comments?post=5045"}],"version-history":[{"count":0,"href":"https:\/\/www.organisator.ch\/de\/wp-json\/wp\/v2\/posts\/5045\/revisions"}],"wp:featuredmedia":[{"embeddable":true,"href":"https:\/\/www.organisator.ch\/de\/wp-json\/wp\/v2\/media\/5046"}],"wp:attachment":[{"href":"https:\/\/www.organisator.ch\/de\/wp-json\/wp\/v2\/media?parent=5045"}],"wp:term":[{"taxonomy":"category","embeddable":true,"href":"https:\/\/www.organisator.ch\/de\/wp-json\/wp\/v2\/categories?post=5045"},{"taxonomy":"post_tag","embeddable":true,"href":"https:\/\/www.organisator.ch\/de\/wp-json\/wp\/v2\/tags?post=5045"}],"curies":[{"name":"wp","href":"https:\/\/api.w.org\/{rel}","templated":true}]}}