{"id":511,"date":"2016-09-15T16:10:02","date_gmt":"2016-09-15T14:10:02","guid":{"rendered":"https:\/\/dev.umweltperspektiven.ch\/?p=511"},"modified":"2016-09-15T16:10:02","modified_gmt":"2016-09-15T14:10:02","slug":"grosse-biodiversitaetsverluste","status":"publish","type":"post","link":"https:\/\/www.organisator.ch\/de\/allgemein\/2016-09-15\/grosse-biodiversitaetsverluste\/","title":{"rendered":"Grosse Biodiversit\u00e4tsverluste"},"content":{"rendered":"<figure id=\"attachment_512\" aria-describedby=\"caption-attachment-512\" style=\"width: 680px\" class=\"wp-caption alignnone\"><a href=\"\/\/dev.umweltperspektiven.ch\/wp-content\/uploads\/2016\/12\/Grosse-Biodiversit\u00e4tsverluste-umweltperspektiven.jpg\"><img loading=\"lazy\" decoding=\"async\" class=\"size-medium wp-image-512\" src=\"\/\/dev.umweltperspektiven.ch\/wp-content\/uploads\/2016\/12\/Grosse-Biodiversit\u00e4tsverluste-umweltperspektiven.jpg\" alt=\"Zum Beispiel der Hirschk\u00e4fer: Er bevorzugt Lebensr\u00e4ume, die in der Schweiz selten geworden sind. (depositphotos)\" width=\"680\" height=\"454\" \/><\/a><figcaption id=\"caption-attachment-512\" class=\"wp-caption-text\">Zum Beispiel der Hirschk\u00e4fer: Er bevorzugt Lebensr\u00e4ume, die in der Schweiz selten geworden sind. (depositphotos)<\/figcaption><\/figure>\n<p>Wie sehr einheimische Arten durch die Ver\u00e4nderungen ihres Lebensraums unter Druck geraten, verdeutlicht die neu erschienene Rote Liste der holzbewohnenden K\u00e4ferarten der Schweiz des Bundesamts f\u00fcr Umwelt (<a href=\"http:\/\/www.bafu.admin.ch\/\" target=\"_blank\" rel=\"noreferrer noopener\" data-cke-saved-href=\"\/\/www.bafu.admin.ch\/\">Bafu<\/a>). Die Erkenntnisse sind alarmierend: Rund 46% der 256 untersuchten K\u00e4ferarten sind gef\u00e4hrdet \u2013 d.h. sie k\u00f6nnten aussterben \u2013 weitere 18% sind es potenziell. Im Vergleich zum Durchschnitt \u00a0der gef\u00e4hrdeten Arten aller bislang untersuchten Tiere und Pflanzen (36%) sind holzbewohnende K\u00e4fer deutlich st\u00e4rker bedroht.<\/p>\n<p>Die zeitgleich revidierte Rote Liste der Gef\u00e4sspflanzen l\u00e4sst ebenfalls aufhorchen: 28% der rund 2700 einheimischen Pflanzenarten, welche Bl\u00fctenpflanzen, Farne, B\u00e4rlappe und Schachtelhalme umfassen, sind gef\u00e4hrdet, 16% potenziell. Im Vergleich mit der letzten Auswertung von 2002 wurde die Verschlechterung nur bei einem Drittel der damals gef\u00e4hrdeten Arten etwas abgebremst, w\u00e4hrend \u00fcber 200 Arten heute in schlechterem Zustand sind. Diese ern\u00fcchternde Bilanz zeigt, dass die Erhaltung und F\u00f6rderung der einheimischen Arten weiterhin und verst\u00e4rkt Aufmerksamkeit verlangt.<\/p>\n<p><strong>Arten brauchen genug Lebensr\u00e4ume mit Qualit\u00e4t<\/strong><\/p>\n<p>Jede Art braucht geeignete Lebensr\u00e4ume, welche jedoch durch menschliche Aktivit\u00e4ten in ihrer Qualit\u00e4t beeintr\u00e4chtigt werden oder verloren gehen. Gerade die vier untersuchten Familien der Pracht-, Bock-, Rosen- und Hirschk\u00e4fer bevorzugen Lebensr\u00e4ume, die in der Schweiz selten geworden sind: Auenw\u00e4lder, Alt- und Totholzbest\u00e4nde, lichte W\u00e4lder, strauchreiche Waldr\u00e4nder und Hecken. Als Recycler und Zersetzer von Holz sind sie f\u00fcr das Gleichgewicht des \u00d6kosystems Wald unverzichtbar. Viele dieser gef\u00e4hrdeten K\u00e4ferarten sind auf sehr alte B\u00e4ume angewiesen, die immer seltener zu finden sind. Deshalb ist es wichtig, alte B\u00e4ume als Lebensraum f\u00fcr solche Tiere nach M\u00f6glichkeit bis zum Zerfall stehen zu lassen, wo n\u00f6tig zu pflegen statt zu f\u00e4llen und rechtzeitig f\u00fcr die Abl\u00f6sung zu sorgen.<\/p>\n<p>Der Artenr\u00fcckgang bei den Gef\u00e4sspflanzen betrifft vor allem die Pflanzenarten am und im Wasser, in Trockenwiesen, Geb\u00fcschen und Hecken sowie in \u00c4ckern und Weinbergen. Besonders betroffen sind dabei Siedlungsgebiete und Kulturland: Wo B\u00f6den mit Stickstoff \u00fcbers\u00e4ttigt sind, werden anspruchsvolle Arten verdr\u00e4ngt.<\/p>\n<p><strong>F\u00f6rderung der Artenvielfalt<\/strong><\/p>\n<p>Einige der untersuchten heimischen K\u00e4ferarten reagieren extrem empfindlich auf Umweltver\u00e4nderungen. Sie sind daher wie die Gef\u00e4sspflanzen gute Indikatoren f\u00fcr den Zustand der Biodiversit\u00e4t. Basierend auf Roten Listen und Inventaren anderer Arten setzen Bund und Kantone bereits biodiversit\u00e4tsf\u00f6rdernde Massnahmen im Wald und in der Landwirtschaft um, die jedoch weiter verst\u00e4rkt werden m\u00fcssen. Konkret heisst das, Lebensr\u00e4ume sollen aufgewertet, Altb\u00e4ume so lange wie m\u00f6glich erhalten sowie Waldreservate, Altholzinseln und gestufte Waldr\u00e4nder geschaffen werden und die Baumpflege schonend erfolgen. Stickstoffeintr\u00e4ge sollen vermindert werden.<\/p>\n<p>Der Bundesrat zielt seit 2012 mit seiner Strategie Biodiversit\u00e4t Schweiz und dem dazugeh\u00f6rigen, in Vorbereitung stehenden Aktionsplan darauf ab, den Biodiversit\u00e4tsverlusten entgegenzuwirken. Eine erfolgreiche Umsetzung der Strategie verlangt eine breit abgest\u00fctzte Zusammenarbeit aller beteiligten Akteure.<\/p>\n<p><em>Quelle: Bundesamt f\u00fcr Umwelt<\/em><\/p>\n","protected":false},"excerpt":{"rendered":"<p>Wie sehr einheimische Arten durch die Ver\u00e4nderungen ihres Lebensraums unter Druck geraten, verdeutlicht die neu erschienene Rote Liste der holzbewohnenden K\u00e4ferarten der Schweiz des Bundesamts f\u00fcr Umwelt (Bafu). Die Erkenntnisse sind alarmierend: Rund 46% der 256 untersuchten K\u00e4ferarten sind gef\u00e4hrdet \u2013 d.h. sie k\u00f6nnten aussterben \u2013 weitere 18% sind es potenziell. Im Vergleich zum Durchschnitt [&hellip;]<\/p>\n","protected":false},"author":1,"featured_media":512,"comment_status":"open","ping_status":"open","sticky":false,"template":"","format":"standard","meta":{"_acf_changed":false,"_yoast_wpseo_focuskw":"Biodiversit\u00e4tsverluste","_yoast_wpseo_metadesc":"Das Bundesamt f\u00fcr Umwelt hat erstmals eine Rote Liste zu vier Familien der einheimischen holzbewohnenden K\u00e4ferarten der Schweiz erstellt.","articlekey":"","footnotes":""},"categories":[1],"tags":[1468],"class_list":["post-511","post","type-post","status-publish","format-standard","has-post-thumbnail","hentry","category-allgemein","tag-kaefer-und-pflanzenarten"],"acf":[],"yoast_head":"<!-- This site is optimized with the Yoast SEO plugin v27.5 - https:\/\/yoast.com\/product\/yoast-seo-wordpress\/ -->\n<title>Grosse Biodiversit\u00e4tsverluste - Organisator<\/title>\n<meta name=\"description\" content=\"Das Bundesamt f\u00fcr Umwelt hat erstmals eine Rote Liste zu vier Familien der einheimischen holzbewohnenden K\u00e4ferarten der Schweiz erstellt.\" \/>\n<meta name=\"robots\" content=\"index, follow, max-snippet:-1, max-image-preview:large, max-video-preview:-1\" \/>\n<link rel=\"canonical\" href=\"https:\/\/www.organisator.ch\/de\/allgemein\/2016-09-15\/grosse-biodiversitaetsverluste\/\" \/>\n<meta property=\"og:locale\" content=\"de_DE\" \/>\n<meta property=\"og:type\" content=\"article\" \/>\n<meta property=\"og:title\" content=\"Grosse Biodiversit\u00e4tsverluste - Organisator\" \/>\n<meta property=\"og:description\" content=\"Das Bundesamt f\u00fcr Umwelt hat erstmals eine Rote Liste zu vier Familien der einheimischen holzbewohnenden K\u00e4ferarten der Schweiz erstellt.\" \/>\n<meta property=\"og:url\" content=\"https:\/\/www.organisator.ch\/de\/allgemein\/2016-09-15\/grosse-biodiversitaetsverluste\/\" \/>\n<meta property=\"og:site_name\" content=\"Organisator\" \/>\n<meta property=\"article:publisher\" content=\"https:\/\/www.facebook.com\/OrganisatorFachmagazin\" \/>\n<meta property=\"article:published_time\" content=\"2016-09-15T14:10:02+00:00\" \/>\n<meta property=\"og:image\" content=\"https:\/\/www.organisator.ch\/wp-content\/uploads\/2016\/12\/Grosse-Biodiversitaetsverluste-umweltperspektiven.jpg\" \/>\n\t<meta property=\"og:image:width\" content=\"1000\" \/>\n\t<meta property=\"og:image:height\" content=\"667\" \/>\n\t<meta property=\"og:image:type\" content=\"image\/jpeg\" \/>\n<meta name=\"author\" content=\"admin\" \/>\n<meta name=\"twitter:card\" content=\"summary_large_image\" \/>\n<script type=\"application\/ld+json\" class=\"yoast-schema-graph\">{\"@context\":\"https:\\\/\\\/schema.org\",\"@graph\":[{\"@type\":\"Article\",\"@id\":\"https:\\\/\\\/www.organisator.ch\\\/en\\\/general\\\/2016-09-15\\\/grosse-biodiversitaetsverluste\\\/#article\",\"isPartOf\":{\"@id\":\"https:\\\/\\\/www.organisator.ch\\\/en\\\/general\\\/2016-09-15\\\/grosse-biodiversitaetsverluste\\\/\"},\"author\":{\"name\":\"admin\",\"@id\":\"https:\\\/\\\/www.organisator.ch\\\/#\\\/schema\\\/person\\\/aa2bace6c5c5aad60102004a50c4eb1c\"},\"headline\":\"Grosse Biodiversit\u00e4tsverluste\",\"datePublished\":\"2016-09-15T14:10:02+00:00\",\"mainEntityOfPage\":{\"@id\":\"https:\\\/\\\/www.organisator.ch\\\/en\\\/general\\\/2016-09-15\\\/grosse-biodiversitaetsverluste\\\/\"},\"wordCount\":510,\"commentCount\":0,\"publisher\":{\"@id\":\"https:\\\/\\\/www.organisator.ch\\\/#organization\"},\"image\":{\"@id\":\"https:\\\/\\\/www.organisator.ch\\\/en\\\/general\\\/2016-09-15\\\/grosse-biodiversitaetsverluste\\\/#primaryimage\"},\"thumbnailUrl\":\"https:\\\/\\\/www.organisator.ch\\\/wp-content\\\/uploads\\\/2016\\\/12\\\/Grosse-Biodiversitaetsverluste-umweltperspektiven.jpg\",\"keywords\":[\"K\u00e4fer- und Pflanzenarten\"],\"inLanguage\":\"de\"},{\"@type\":\"WebPage\",\"@id\":\"https:\\\/\\\/www.organisator.ch\\\/en\\\/general\\\/2016-09-15\\\/grosse-biodiversitaetsverluste\\\/\",\"url\":\"https:\\\/\\\/www.organisator.ch\\\/en\\\/general\\\/2016-09-15\\\/grosse-biodiversitaetsverluste\\\/\",\"name\":\"Grosse Biodiversit\u00e4tsverluste - Organisator\",\"isPartOf\":{\"@id\":\"https:\\\/\\\/www.organisator.ch\\\/#website\"},\"primaryImageOfPage\":{\"@id\":\"https:\\\/\\\/www.organisator.ch\\\/en\\\/general\\\/2016-09-15\\\/grosse-biodiversitaetsverluste\\\/#primaryimage\"},\"image\":{\"@id\":\"https:\\\/\\\/www.organisator.ch\\\/en\\\/general\\\/2016-09-15\\\/grosse-biodiversitaetsverluste\\\/#primaryimage\"},\"thumbnailUrl\":\"https:\\\/\\\/www.organisator.ch\\\/wp-content\\\/uploads\\\/2016\\\/12\\\/Grosse-Biodiversitaetsverluste-umweltperspektiven.jpg\",\"datePublished\":\"2016-09-15T14:10:02+00:00\",\"description\":\"Das Bundesamt f\u00fcr Umwelt hat erstmals eine Rote Liste zu vier Familien der einheimischen holzbewohnenden K\u00e4ferarten der Schweiz erstellt.\",\"breadcrumb\":{\"@id\":\"https:\\\/\\\/www.organisator.ch\\\/en\\\/general\\\/2016-09-15\\\/grosse-biodiversitaetsverluste\\\/#breadcrumb\"},\"inLanguage\":\"de\",\"potentialAction\":[{\"@type\":\"ReadAction\",\"target\":[\"https:\\\/\\\/www.organisator.ch\\\/en\\\/general\\\/2016-09-15\\\/grosse-biodiversitaetsverluste\\\/\"]}]},{\"@type\":\"ImageObject\",\"inLanguage\":\"de\",\"@id\":\"https:\\\/\\\/www.organisator.ch\\\/en\\\/general\\\/2016-09-15\\\/grosse-biodiversitaetsverluste\\\/#primaryimage\",\"url\":\"https:\\\/\\\/www.organisator.ch\\\/wp-content\\\/uploads\\\/2016\\\/12\\\/Grosse-Biodiversitaetsverluste-umweltperspektiven.jpg\",\"contentUrl\":\"https:\\\/\\\/www.organisator.ch\\\/wp-content\\\/uploads\\\/2016\\\/12\\\/Grosse-Biodiversitaetsverluste-umweltperspektiven.jpg\",\"width\":1000,\"height\":667,\"caption\":\"Zum Beispiel der Hirschk\u00e4fer: Er bevorzugt Lebensr\u00e4ume, die in der Schweiz selten geworden sind. (depositphotos)\"},{\"@type\":\"BreadcrumbList\",\"@id\":\"https:\\\/\\\/www.organisator.ch\\\/en\\\/general\\\/2016-09-15\\\/grosse-biodiversitaetsverluste\\\/#breadcrumb\",\"itemListElement\":[{\"@type\":\"ListItem\",\"position\":1,\"name\":\"Home\",\"item\":\"https:\\\/\\\/www.organisator.ch\\\/\"},{\"@type\":\"ListItem\",\"position\":2,\"name\":\"Grosse Biodiversit\u00e4tsverluste\"}]},{\"@type\":\"WebSite\",\"@id\":\"https:\\\/\\\/www.organisator.ch\\\/#website\",\"url\":\"https:\\\/\\\/www.organisator.ch\\\/\",\"name\":\"Organisator\",\"description\":\"Kompetent. Praxisnah. Der ORGANISATOR bereitet in 10 Ausgaben pro Jahr die wesentlichen Themen f\u00fcr F\u00fchrungskr\u00e4fte von KMU auf.\",\"publisher\":{\"@id\":\"https:\\\/\\\/www.organisator.ch\\\/#organization\"},\"potentialAction\":[{\"@type\":\"SearchAction\",\"target\":{\"@type\":\"EntryPoint\",\"urlTemplate\":\"https:\\\/\\\/www.organisator.ch\\\/?s={search_term_string}\"},\"query-input\":{\"@type\":\"PropertyValueSpecification\",\"valueRequired\":true,\"valueName\":\"search_term_string\"}}],\"inLanguage\":\"de\"},{\"@type\":\"Organization\",\"@id\":\"https:\\\/\\\/www.organisator.ch\\\/#organization\",\"name\":\"Organisator\",\"url\":\"https:\\\/\\\/www.organisator.ch\\\/\",\"logo\":{\"@type\":\"ImageObject\",\"inLanguage\":\"de\",\"@id\":\"https:\\\/\\\/www.organisator.ch\\\/#\\\/schema\\\/logo\\\/image\\\/\",\"url\":\"https:\\\/\\\/www.organisator.ch\\\/wp-content\\\/uploads\\\/2022\\\/01\\\/Logo_Organisator_Website.png\",\"contentUrl\":\"https:\\\/\\\/www.organisator.ch\\\/wp-content\\\/uploads\\\/2022\\\/01\\\/Logo_Organisator_Website.png\",\"width\":800,\"height\":77,\"caption\":\"Organisator\"},\"image\":{\"@id\":\"https:\\\/\\\/www.organisator.ch\\\/#\\\/schema\\\/logo\\\/image\\\/\"},\"sameAs\":[\"https:\\\/\\\/www.facebook.com\\\/OrganisatorFachmagazin\",\"https:\\\/\\\/www.linkedin.com\\\/showcase\\\/organisator-das-magazin-fr-kmu\",\"https:\\\/\\\/www.xing.com\\\/news\\\/pages\\\/organisator-ch-695\",\"https:\\\/\\\/www.youtube.com\\\/channel\\\/UCGP2Sq0iWaZwT3BdIAQFYpw\"]},{\"@type\":\"Person\",\"@id\":\"https:\\\/\\\/www.organisator.ch\\\/#\\\/schema\\\/person\\\/aa2bace6c5c5aad60102004a50c4eb1c\",\"name\":\"admin\",\"image\":{\"@type\":\"ImageObject\",\"inLanguage\":\"de\",\"@id\":\"https:\\\/\\\/secure.gravatar.com\\\/avatar\\\/ae2f4d718e6c49043e314ce431e7e645d646302a24a5ef5a8bc8e3f5a032e319?s=96&d=mm&r=g\",\"url\":\"https:\\\/\\\/secure.gravatar.com\\\/avatar\\\/ae2f4d718e6c49043e314ce431e7e645d646302a24a5ef5a8bc8e3f5a032e319?s=96&d=mm&r=g\",\"contentUrl\":\"https:\\\/\\\/secure.gravatar.com\\\/avatar\\\/ae2f4d718e6c49043e314ce431e7e645d646302a24a5ef5a8bc8e3f5a032e319?s=96&d=mm&r=g\",\"caption\":\"admin\"},\"sameAs\":[\"https:\\\/\\\/www.organisator.ch\"],\"url\":\"https:\\\/\\\/www.organisator.ch\\\/de\\\/author\\\/admin\\\/\"}]}<\/script>\n<!-- \/ Yoast SEO plugin. -->","yoast_head_json":{"title":"Grosse Biodiversit\u00e4tsverluste - Organisator","description":"Das Bundesamt f\u00fcr Umwelt hat erstmals eine Rote Liste zu vier Familien der einheimischen holzbewohnenden K\u00e4ferarten der Schweiz erstellt.","robots":{"index":"index","follow":"follow","max-snippet":"max-snippet:-1","max-image-preview":"max-image-preview:large","max-video-preview":"max-video-preview:-1"},"canonical":"https:\/\/www.organisator.ch\/de\/allgemein\/2016-09-15\/grosse-biodiversitaetsverluste\/","og_locale":"de_DE","og_type":"article","og_title":"Grosse Biodiversit\u00e4tsverluste - Organisator","og_description":"Das Bundesamt f\u00fcr Umwelt hat erstmals eine Rote Liste zu vier Familien der einheimischen holzbewohnenden K\u00e4ferarten der Schweiz erstellt.","og_url":"https:\/\/www.organisator.ch\/de\/allgemein\/2016-09-15\/grosse-biodiversitaetsverluste\/","og_site_name":"Organisator","article_publisher":"https:\/\/www.facebook.com\/OrganisatorFachmagazin","article_published_time":"2016-09-15T14:10:02+00:00","og_image":[{"width":1000,"height":667,"url":"https:\/\/www.organisator.ch\/wp-content\/uploads\/2016\/12\/Grosse-Biodiversitaetsverluste-umweltperspektiven.jpg","type":"image\/jpeg"}],"author":"admin","twitter_card":"summary_large_image","schema":{"@context":"https:\/\/schema.org","@graph":[{"@type":"Article","@id":"https:\/\/www.organisator.ch\/en\/general\/2016-09-15\/grosse-biodiversitaetsverluste\/#article","isPartOf":{"@id":"https:\/\/www.organisator.ch\/en\/general\/2016-09-15\/grosse-biodiversitaetsverluste\/"},"author":{"name":"admin","@id":"https:\/\/www.organisator.ch\/#\/schema\/person\/aa2bace6c5c5aad60102004a50c4eb1c"},"headline":"Grosse Biodiversit\u00e4tsverluste","datePublished":"2016-09-15T14:10:02+00:00","mainEntityOfPage":{"@id":"https:\/\/www.organisator.ch\/en\/general\/2016-09-15\/grosse-biodiversitaetsverluste\/"},"wordCount":510,"commentCount":0,"publisher":{"@id":"https:\/\/www.organisator.ch\/#organization"},"image":{"@id":"https:\/\/www.organisator.ch\/en\/general\/2016-09-15\/grosse-biodiversitaetsverluste\/#primaryimage"},"thumbnailUrl":"https:\/\/www.organisator.ch\/wp-content\/uploads\/2016\/12\/Grosse-Biodiversitaetsverluste-umweltperspektiven.jpg","keywords":["K\u00e4fer- und Pflanzenarten"],"inLanguage":"de"},{"@type":"WebPage","@id":"https:\/\/www.organisator.ch\/en\/general\/2016-09-15\/grosse-biodiversitaetsverluste\/","url":"https:\/\/www.organisator.ch\/en\/general\/2016-09-15\/grosse-biodiversitaetsverluste\/","name":"Grosse Biodiversit\u00e4tsverluste - Organisator","isPartOf":{"@id":"https:\/\/www.organisator.ch\/#website"},"primaryImageOfPage":{"@id":"https:\/\/www.organisator.ch\/en\/general\/2016-09-15\/grosse-biodiversitaetsverluste\/#primaryimage"},"image":{"@id":"https:\/\/www.organisator.ch\/en\/general\/2016-09-15\/grosse-biodiversitaetsverluste\/#primaryimage"},"thumbnailUrl":"https:\/\/www.organisator.ch\/wp-content\/uploads\/2016\/12\/Grosse-Biodiversitaetsverluste-umweltperspektiven.jpg","datePublished":"2016-09-15T14:10:02+00:00","description":"Das Bundesamt f\u00fcr Umwelt hat erstmals eine Rote Liste zu vier Familien der einheimischen holzbewohnenden K\u00e4ferarten der Schweiz erstellt.","breadcrumb":{"@id":"https:\/\/www.organisator.ch\/en\/general\/2016-09-15\/grosse-biodiversitaetsverluste\/#breadcrumb"},"inLanguage":"de","potentialAction":[{"@type":"ReadAction","target":["https:\/\/www.organisator.ch\/en\/general\/2016-09-15\/grosse-biodiversitaetsverluste\/"]}]},{"@type":"ImageObject","inLanguage":"de","@id":"https:\/\/www.organisator.ch\/en\/general\/2016-09-15\/grosse-biodiversitaetsverluste\/#primaryimage","url":"https:\/\/www.organisator.ch\/wp-content\/uploads\/2016\/12\/Grosse-Biodiversitaetsverluste-umweltperspektiven.jpg","contentUrl":"https:\/\/www.organisator.ch\/wp-content\/uploads\/2016\/12\/Grosse-Biodiversitaetsverluste-umweltperspektiven.jpg","width":1000,"height":667,"caption":"Zum Beispiel der Hirschk\u00e4fer: Er bevorzugt Lebensr\u00e4ume, die in der Schweiz selten geworden sind. (depositphotos)"},{"@type":"BreadcrumbList","@id":"https:\/\/www.organisator.ch\/en\/general\/2016-09-15\/grosse-biodiversitaetsverluste\/#breadcrumb","itemListElement":[{"@type":"ListItem","position":1,"name":"Home","item":"https:\/\/www.organisator.ch\/"},{"@type":"ListItem","position":2,"name":"Grosse Biodiversit\u00e4tsverluste"}]},{"@type":"WebSite","@id":"https:\/\/www.organisator.ch\/#website","url":"https:\/\/www.organisator.ch\/","name":"Organisator","description":"Kompetent. Praxisnah. Der ORGANISATOR bereitet in 10 Ausgaben pro Jahr die wesentlichen Themen f\u00fcr F\u00fchrungskr\u00e4fte von KMU auf.","publisher":{"@id":"https:\/\/www.organisator.ch\/#organization"},"potentialAction":[{"@type":"SearchAction","target":{"@type":"EntryPoint","urlTemplate":"https:\/\/www.organisator.ch\/?s={search_term_string}"},"query-input":{"@type":"PropertyValueSpecification","valueRequired":true,"valueName":"search_term_string"}}],"inLanguage":"de"},{"@type":"Organization","@id":"https:\/\/www.organisator.ch\/#organization","name":"Organisator","url":"https:\/\/www.organisator.ch\/","logo":{"@type":"ImageObject","inLanguage":"de","@id":"https:\/\/www.organisator.ch\/#\/schema\/logo\/image\/","url":"https:\/\/www.organisator.ch\/wp-content\/uploads\/2022\/01\/Logo_Organisator_Website.png","contentUrl":"https:\/\/www.organisator.ch\/wp-content\/uploads\/2022\/01\/Logo_Organisator_Website.png","width":800,"height":77,"caption":"Organisator"},"image":{"@id":"https:\/\/www.organisator.ch\/#\/schema\/logo\/image\/"},"sameAs":["https:\/\/www.facebook.com\/OrganisatorFachmagazin","https:\/\/www.linkedin.com\/showcase\/organisator-das-magazin-fr-kmu","https:\/\/www.xing.com\/news\/pages\/organisator-ch-695","https:\/\/www.youtube.com\/channel\/UCGP2Sq0iWaZwT3BdIAQFYpw"]},{"@type":"Person","@id":"https:\/\/www.organisator.ch\/#\/schema\/person\/aa2bace6c5c5aad60102004a50c4eb1c","name":"admin","image":{"@type":"ImageObject","inLanguage":"de","@id":"https:\/\/secure.gravatar.com\/avatar\/ae2f4d718e6c49043e314ce431e7e645d646302a24a5ef5a8bc8e3f5a032e319?s=96&d=mm&r=g","url":"https:\/\/secure.gravatar.com\/avatar\/ae2f4d718e6c49043e314ce431e7e645d646302a24a5ef5a8bc8e3f5a032e319?s=96&d=mm&r=g","contentUrl":"https:\/\/secure.gravatar.com\/avatar\/ae2f4d718e6c49043e314ce431e7e645d646302a24a5ef5a8bc8e3f5a032e319?s=96&d=mm&r=g","caption":"admin"},"sameAs":["https:\/\/www.organisator.ch"],"url":"https:\/\/www.organisator.ch\/de\/author\/admin\/"}]}},"_links":{"self":[{"href":"https:\/\/www.organisator.ch\/de\/wp-json\/wp\/v2\/posts\/511","targetHints":{"allow":["GET"]}}],"collection":[{"href":"https:\/\/www.organisator.ch\/de\/wp-json\/wp\/v2\/posts"}],"about":[{"href":"https:\/\/www.organisator.ch\/de\/wp-json\/wp\/v2\/types\/post"}],"author":[{"embeddable":true,"href":"https:\/\/www.organisator.ch\/de\/wp-json\/wp\/v2\/users\/1"}],"replies":[{"embeddable":true,"href":"https:\/\/www.organisator.ch\/de\/wp-json\/wp\/v2\/comments?post=511"}],"version-history":[{"count":0,"href":"https:\/\/www.organisator.ch\/de\/wp-json\/wp\/v2\/posts\/511\/revisions"}],"wp:featuredmedia":[{"embeddable":true,"href":"https:\/\/www.organisator.ch\/de\/wp-json\/wp\/v2\/media\/512"}],"wp:attachment":[{"href":"https:\/\/www.organisator.ch\/de\/wp-json\/wp\/v2\/media?parent=511"}],"wp:term":[{"taxonomy":"category","embeddable":true,"href":"https:\/\/www.organisator.ch\/de\/wp-json\/wp\/v2\/categories?post=511"},{"taxonomy":"post_tag","embeddable":true,"href":"https:\/\/www.organisator.ch\/de\/wp-json\/wp\/v2\/tags?post=511"}],"curies":[{"name":"wp","href":"https:\/\/api.w.org\/{rel}","templated":true}]}}