{"id":5127,"date":"2019-04-11T11:38:44","date_gmt":"2019-04-11T09:38:44","guid":{"rendered":"https:\/\/www.organisator.ch\/?p=5127"},"modified":"2019-04-11T11:38:44","modified_gmt":"2019-04-11T09:38:44","slug":"exportstimmung-bei-schweizer-kmu-schwaecht-sich-leicht-ab","status":"publish","type":"post","link":"https:\/\/www.organisator.ch\/de\/allgemein\/2019-04-11\/exportstimmung-bei-schweizer-kmu-schwaecht-sich-leicht-ab\/","title":{"rendered":"Exportstimmung bei Schweizer KMU schw\u00e4cht sich leicht ab"},"content":{"rendered":"<figure id=\"attachment_5128\" aria-describedby=\"caption-attachment-5128\" style=\"width: 680px\" class=\"wp-caption alignnone\"><img loading=\"lazy\" decoding=\"async\" class=\"size-medium wp-image-5128\" src=\"https:\/\/www.organisator.ch\/wp-content\/uploads\/2019\/04\/Exportstimmung-bei-Schweizer-KMU-schwaecht-sich-leicht-ab_Organisator.jpg\" alt=\"\" width=\"680\" height=\"408\" srcset=\"https:\/\/www.organisator.ch\/wp-content\/uploads\/2019\/04\/Exportstimmung-bei-Schweizer-KMU-schwaecht-sich-leicht-ab_Organisator.jpg 680w, https:\/\/www.organisator.ch\/wp-content\/uploads\/2019\/04\/Exportstimmung-bei-Schweizer-KMU-schwaecht-sich-leicht-ab_Organisator-16x10.jpg 16w, https:\/\/www.organisator.ch\/wp-content\/uploads\/2019\/04\/Exportstimmung-bei-Schweizer-KMU-schwaecht-sich-leicht-ab_Organisator-292x175.jpg 292w, https:\/\/www.organisator.ch\/wp-content\/uploads\/2019\/04\/Exportstimmung-bei-Schweizer-KMU-schwaecht-sich-leicht-ab_Organisator-583x350.jpg 583w, https:\/\/www.organisator.ch\/wp-content\/uploads\/2019\/04\/Exportstimmung-bei-Schweizer-KMU-schwaecht-sich-leicht-ab_Organisator-300x180.jpg 300w\" sizes=\"auto, (max-width: 680px) 100vw, 680px\" \/><figcaption id=\"caption-attachment-5128\" class=\"wp-caption-text\">Die Exportstimmung schw\u00e4cht sich ab, findet aber damit zur\u00fcck zur Normalit\u00e4t. (Bild: Switzerland Global Enterprise)<\/figcaption><\/figure>\n<p>Die aktuelle Umfrage von Switzerland Global Enterprise (S-GE) zur Exportstimmung wie auch das Credit Suisse Exportbarometer best\u00e4tigen den Abw\u00e4rtstrend der Vormonate bei der Exportstimmung. Grund f\u00fcr die leicht abgeschw\u00e4chten Erwartungen der KMU d\u00fcrften in erster Linie die Anzeichen f\u00fcr einen anhaltenden R\u00fcckgang des Industriewachstums in Europa und insbesondere in Deutschland sein. Gleichwohl sehen S-GE und Credit Suisse die Umfrageergebnisse und als R\u00fcckkehr zur Normalit\u00e4t.<\/p>\n<h2>F\u00fcr Schweizer Qualit\u00e4t wird gerne bezahlt<\/h2>\n<p>Schweizer KMU nennen \u00abSwissness\u00bb einen zentralen Erfolgsfaktor bei der Internationalisierung. Ein Grossteil der befragten KMU gibt an, dass ausl\u00e4ndische Kunden ihre Qualit\u00e4t sch\u00e4tzt und viele bereit seien, daf\u00fcr mehr zu bezahlen. F\u00fcr den Unternehmensstandort Schweiz sprechen aus KMU-Sicht die wirtschaftliche und politische Stabilit\u00e4t. Sascha Jucker, \u00d6konom bei der Credit Suisse, sagt: \u00abAuch wenn sich die Exporterwartungen f\u00fcr die Schweiz leicht abschw\u00e4chen, bleibt die ausl\u00e4ndische Nachfrage nach Schweizer Produkten intakt. Der verschlechterten Industriestimmung in Europa steht zudem die etwas stabilere Stimmung in den USA gegen\u00fcber. Die Aussichten f\u00fcr die Schweizer Exportwirtschaft bleiben daher gut.\u00bb<\/p>\n<h2>&#8222;Kein Grund zur Sorge&#8220;<\/h2>\n<p>Alberto Silini, Leiter Beratung bei Switzerland Global Enterprise (S-GE), stellt fest: \u00abDie Abschw\u00e4chung der Exportstimmung ist kein Grund zur Sorge. Vielmehr geht es f\u00fcr die Ex-porteure nun darum, sich in den verschiedenen M\u00e4rkten langfristig zu positionieren. Schweizer Qualit\u00e4t ist ein Trumpf, den sie dabei ausspielen k\u00f6nnen.\u00bb<\/p>\n<p>Der mit Abstand wichtigste Exportmarkt ist und bleibt gem\u00e4ss des aktuellen Exportbarometers in jeder Hinsicht Deutschland. Dahin wollen 81% der befragten KMU in den n\u00e4chsten sechs Monaten Waren oder Dienstleistungen ausf\u00fchren. Mit 63% der Nennungen folgt Frankreich abermals auf Platz zwei, gefolgt von den USA mit 60% der Nennungen. Mit 55% kommt \u00d6sterreich auf Platz vier, gefolgt von Italien und China mit je 50%. Den siebten Rang belegt mit 47% Spanien, Polen folgt mit 44%. Was neue Exportm\u00e4rkte anbelangt, gaben 16% der befragten KMU an, im n\u00e4chsten Halbjahr neu in China aktiv werden zu wollen. Mit 14% folgt Indien, 11% visieren Japan und die Vereinigten Arabischen Emirate an, und 10% nannten Russland und Indonesien als neue Destination. 9% der KMU wollen neu nach S\u00fcdamerika beziehungsweise in die Golfstaaten exportieren.<\/p>\n<p><em>Quelle: <a href=\"http:\/\/www.s-ge.com\">Switzerland Global Enterprise<\/a><\/em><\/p>\n","protected":false},"excerpt":{"rendered":"<p>Die aktuelle Umfrage von Switzerland Global Enterprise (S-GE) zur Exportstimmung wie auch das Credit Suisse Exportbarometer best\u00e4tigen den Abw\u00e4rtstrend der Vormonate bei der Exportstimmung. Grund f\u00fcr die leicht abgeschw\u00e4chten Erwartungen der KMU d\u00fcrften in erster Linie die Anzeichen f\u00fcr einen anhaltenden R\u00fcckgang des Industriewachstums in Europa und insbesondere in Deutschland sein. Gleichwohl sehen S-GE und [&hellip;]<\/p>\n","protected":false},"author":4,"featured_media":5128,"comment_status":"open","ping_status":"open","sticky":false,"template":"","format":"standard","meta":{"_acf_changed":false,"_yoast_wpseo_focuskw":"Exportstimmung","_yoast_wpseo_metadesc":"Die Exportstimmung bei Schweizer KMU schw\u00e4cht sich weiter ab, bleibt insgesamt aber positiv. F\u00fcr das 2. Quartal erwarten 47% aller KMU steigende Exporte.","articlekey":"","footnotes":""},"categories":[1],"tags":[63,189,335,531],"class_list":["post-5127","post","type-post","status-publish","format-standard","has-post-thumbnail","hentry","category-allgemein","tag-aussenwirtschaft","tag-export","tag-management-und-unternehmensfuehrung","tag-wirtschaftspolitik"],"acf":[],"yoast_head":"<!-- This site is optimized with the Yoast SEO plugin v27.5 - https:\/\/yoast.com\/product\/yoast-seo-wordpress\/ -->\n<title>Exportstimmung bei Schweizer KMU schw\u00e4cht sich leicht ab - Organisator<\/title>\n<meta name=\"description\" content=\"Die Exportstimmung bei Schweizer KMU schw\u00e4cht sich weiter ab, bleibt insgesamt aber positiv. F\u00fcr das 2. Quartal erwarten 47% aller KMU steigende Exporte.\" \/>\n<meta name=\"robots\" content=\"index, follow, max-snippet:-1, max-image-preview:large, max-video-preview:-1\" \/>\n<link rel=\"canonical\" href=\"https:\/\/www.organisator.ch\/de\/allgemein\/2019-04-11\/exportstimmung-bei-schweizer-kmu-schwaecht-sich-leicht-ab\/\" \/>\n<meta property=\"og:locale\" content=\"de_DE\" \/>\n<meta property=\"og:type\" content=\"article\" \/>\n<meta property=\"og:title\" content=\"Exportstimmung bei Schweizer KMU schw\u00e4cht sich leicht ab\" \/>\n<meta property=\"og:description\" content=\"Die Exportstimmung bei Schweizer KMU schw\u00e4cht sich weiter ab, bleibt insgesamt aber positiv. F\u00fcr das 2. Quartal erwarten 47% aller KMU steigende Exporte.\" \/>\n<meta property=\"og:url\" content=\"https:\/\/www.organisator.ch\/de\/allgemein\/2019-04-11\/exportstimmung-bei-schweizer-kmu-schwaecht-sich-leicht-ab\/\" \/>\n<meta property=\"og:site_name\" content=\"Organisator\" \/>\n<meta property=\"article:publisher\" content=\"https:\/\/www.facebook.com\/OrganisatorFachmagazin\" \/>\n<meta property=\"article:published_time\" content=\"2019-04-11T09:38:44+00:00\" \/>\n<meta property=\"og:image\" content=\"https:\/\/www.organisator.ch\/wp-content\/uploads\/2019\/04\/Exportstimmung-bei-Schweizer-KMU-schwaecht-sich-leicht-ab_Organisator.jpg\" \/>\n\t<meta property=\"og:image:width\" content=\"680\" \/>\n\t<meta property=\"og:image:height\" content=\"408\" \/>\n\t<meta property=\"og:image:type\" content=\"image\/jpeg\" \/>\n<meta name=\"author\" content=\"thomas.berner\" \/>\n<meta name=\"twitter:card\" content=\"summary_large_image\" \/>\n<meta name=\"twitter:title\" content=\"#Exportstimmung bei Schweizer KMU schw\u00e4cht sich leicht ab\" \/>\n<meta name=\"twitter:description\" content=\"Die #Exportstimmung bei Schweizer KMU schw\u00e4cht sich weiter ab, bleibt insgesamt aber positiv. F\u00fcr das 2. Quartal erwarten 47% aller KMU steigende Exporte.\" \/>\n<meta name=\"twitter:image\" content=\"https:\/\/www.organisator.ch\/wp-content\/uploads\/2019\/04\/Exportstimmung-bei-Schweizer-KMU-schw\u00e4cht-sich-leicht-ab_Organisator.jpg\" \/>\n<script type=\"application\/ld+json\" class=\"yoast-schema-graph\">{\"@context\":\"https:\\\/\\\/schema.org\",\"@graph\":[{\"@type\":\"Article\",\"@id\":\"https:\\\/\\\/www.organisator.ch\\\/en\\\/general\\\/2019-04-11\\\/exportstimmung-bei-schweizer-kmu-schwaecht-sich-leicht-ab\\\/#article\",\"isPartOf\":{\"@id\":\"https:\\\/\\\/www.organisator.ch\\\/en\\\/general\\\/2019-04-11\\\/exportstimmung-bei-schweizer-kmu-schwaecht-sich-leicht-ab\\\/\"},\"author\":{\"name\":\"thomas.berner\",\"@id\":\"https:\\\/\\\/www.organisator.ch\\\/#\\\/schema\\\/person\\\/6f650f90b2842cd4c0cc334b4e36f67e\"},\"headline\":\"Exportstimmung bei Schweizer KMU schw\u00e4cht sich leicht ab\",\"datePublished\":\"2019-04-11T09:38:44+00:00\",\"mainEntityOfPage\":{\"@id\":\"https:\\\/\\\/www.organisator.ch\\\/en\\\/general\\\/2019-04-11\\\/exportstimmung-bei-schweizer-kmu-schwaecht-sich-leicht-ab\\\/\"},\"wordCount\":401,\"commentCount\":0,\"publisher\":{\"@id\":\"https:\\\/\\\/www.organisator.ch\\\/#organization\"},\"image\":{\"@id\":\"https:\\\/\\\/www.organisator.ch\\\/en\\\/general\\\/2019-04-11\\\/exportstimmung-bei-schweizer-kmu-schwaecht-sich-leicht-ab\\\/#primaryimage\"},\"thumbnailUrl\":\"https:\\\/\\\/www.organisator.ch\\\/wp-content\\\/uploads\\\/2019\\\/04\\\/Exportstimmung-bei-Schweizer-KMU-schwaecht-sich-leicht-ab_Organisator.jpg\",\"keywords\":[\"Aussenwirtschaft\",\"Export\",\"Management und Unternehmensf\u00fchrung\",\"Wirtschaftspolitik\"],\"inLanguage\":\"de\"},{\"@type\":\"WebPage\",\"@id\":\"https:\\\/\\\/www.organisator.ch\\\/en\\\/general\\\/2019-04-11\\\/exportstimmung-bei-schweizer-kmu-schwaecht-sich-leicht-ab\\\/\",\"url\":\"https:\\\/\\\/www.organisator.ch\\\/en\\\/general\\\/2019-04-11\\\/exportstimmung-bei-schweizer-kmu-schwaecht-sich-leicht-ab\\\/\",\"name\":\"Exportstimmung bei Schweizer KMU schw\u00e4cht sich leicht ab - Organisator\",\"isPartOf\":{\"@id\":\"https:\\\/\\\/www.organisator.ch\\\/#website\"},\"primaryImageOfPage\":{\"@id\":\"https:\\\/\\\/www.organisator.ch\\\/en\\\/general\\\/2019-04-11\\\/exportstimmung-bei-schweizer-kmu-schwaecht-sich-leicht-ab\\\/#primaryimage\"},\"image\":{\"@id\":\"https:\\\/\\\/www.organisator.ch\\\/en\\\/general\\\/2019-04-11\\\/exportstimmung-bei-schweizer-kmu-schwaecht-sich-leicht-ab\\\/#primaryimage\"},\"thumbnailUrl\":\"https:\\\/\\\/www.organisator.ch\\\/wp-content\\\/uploads\\\/2019\\\/04\\\/Exportstimmung-bei-Schweizer-KMU-schwaecht-sich-leicht-ab_Organisator.jpg\",\"datePublished\":\"2019-04-11T09:38:44+00:00\",\"description\":\"Die Exportstimmung bei Schweizer KMU schw\u00e4cht sich weiter ab, bleibt insgesamt aber positiv. F\u00fcr das 2. Quartal erwarten 47% aller KMU steigende Exporte.\",\"breadcrumb\":{\"@id\":\"https:\\\/\\\/www.organisator.ch\\\/en\\\/general\\\/2019-04-11\\\/exportstimmung-bei-schweizer-kmu-schwaecht-sich-leicht-ab\\\/#breadcrumb\"},\"inLanguage\":\"de\",\"potentialAction\":[{\"@type\":\"ReadAction\",\"target\":[\"https:\\\/\\\/www.organisator.ch\\\/en\\\/general\\\/2019-04-11\\\/exportstimmung-bei-schweizer-kmu-schwaecht-sich-leicht-ab\\\/\"]}]},{\"@type\":\"ImageObject\",\"inLanguage\":\"de\",\"@id\":\"https:\\\/\\\/www.organisator.ch\\\/en\\\/general\\\/2019-04-11\\\/exportstimmung-bei-schweizer-kmu-schwaecht-sich-leicht-ab\\\/#primaryimage\",\"url\":\"https:\\\/\\\/www.organisator.ch\\\/wp-content\\\/uploads\\\/2019\\\/04\\\/Exportstimmung-bei-Schweizer-KMU-schwaecht-sich-leicht-ab_Organisator.jpg\",\"contentUrl\":\"https:\\\/\\\/www.organisator.ch\\\/wp-content\\\/uploads\\\/2019\\\/04\\\/Exportstimmung-bei-Schweizer-KMU-schwaecht-sich-leicht-ab_Organisator.jpg\",\"width\":680,\"height\":408,\"caption\":\"Die Exportstimmung schw\u00e4cht sich ab, findet aber damit zur\u00fcck zur Normalit\u00e4t. (Bild: Switzerland Global Enterprise)\"},{\"@type\":\"BreadcrumbList\",\"@id\":\"https:\\\/\\\/www.organisator.ch\\\/en\\\/general\\\/2019-04-11\\\/exportstimmung-bei-schweizer-kmu-schwaecht-sich-leicht-ab\\\/#breadcrumb\",\"itemListElement\":[{\"@type\":\"ListItem\",\"position\":1,\"name\":\"Home\",\"item\":\"https:\\\/\\\/www.organisator.ch\\\/\"},{\"@type\":\"ListItem\",\"position\":2,\"name\":\"Exportstimmung bei Schweizer KMU schw\u00e4cht sich leicht ab\"}]},{\"@type\":\"WebSite\",\"@id\":\"https:\\\/\\\/www.organisator.ch\\\/#website\",\"url\":\"https:\\\/\\\/www.organisator.ch\\\/\",\"name\":\"Organisator\",\"description\":\"Kompetent. Praxisnah. Der ORGANISATOR bereitet in 10 Ausgaben pro Jahr die wesentlichen Themen f\u00fcr F\u00fchrungskr\u00e4fte von KMU auf.\",\"publisher\":{\"@id\":\"https:\\\/\\\/www.organisator.ch\\\/#organization\"},\"potentialAction\":[{\"@type\":\"SearchAction\",\"target\":{\"@type\":\"EntryPoint\",\"urlTemplate\":\"https:\\\/\\\/www.organisator.ch\\\/?s={search_term_string}\"},\"query-input\":{\"@type\":\"PropertyValueSpecification\",\"valueRequired\":true,\"valueName\":\"search_term_string\"}}],\"inLanguage\":\"de\"},{\"@type\":\"Organization\",\"@id\":\"https:\\\/\\\/www.organisator.ch\\\/#organization\",\"name\":\"Organisator\",\"url\":\"https:\\\/\\\/www.organisator.ch\\\/\",\"logo\":{\"@type\":\"ImageObject\",\"inLanguage\":\"de\",\"@id\":\"https:\\\/\\\/www.organisator.ch\\\/#\\\/schema\\\/logo\\\/image\\\/\",\"url\":\"https:\\\/\\\/www.organisator.ch\\\/wp-content\\\/uploads\\\/2022\\\/01\\\/Logo_Organisator_Website.png\",\"contentUrl\":\"https:\\\/\\\/www.organisator.ch\\\/wp-content\\\/uploads\\\/2022\\\/01\\\/Logo_Organisator_Website.png\",\"width\":800,\"height\":77,\"caption\":\"Organisator\"},\"image\":{\"@id\":\"https:\\\/\\\/www.organisator.ch\\\/#\\\/schema\\\/logo\\\/image\\\/\"},\"sameAs\":[\"https:\\\/\\\/www.facebook.com\\\/OrganisatorFachmagazin\",\"https:\\\/\\\/www.linkedin.com\\\/showcase\\\/organisator-das-magazin-fr-kmu\",\"https:\\\/\\\/www.xing.com\\\/news\\\/pages\\\/organisator-ch-695\",\"https:\\\/\\\/www.youtube.com\\\/channel\\\/UCGP2Sq0iWaZwT3BdIAQFYpw\"]},{\"@type\":\"Person\",\"@id\":\"https:\\\/\\\/www.organisator.ch\\\/#\\\/schema\\\/person\\\/6f650f90b2842cd4c0cc334b4e36f67e\",\"name\":\"thomas.berner\",\"image\":{\"@type\":\"ImageObject\",\"inLanguage\":\"de\",\"@id\":\"https:\\\/\\\/secure.gravatar.com\\\/avatar\\\/ac5001d2a36cb6c6cd3e50789007ffca834b477b74a2144564522e944eabff61?s=96&d=mm&r=g\",\"url\":\"https:\\\/\\\/secure.gravatar.com\\\/avatar\\\/ac5001d2a36cb6c6cd3e50789007ffca834b477b74a2144564522e944eabff61?s=96&d=mm&r=g\",\"contentUrl\":\"https:\\\/\\\/secure.gravatar.com\\\/avatar\\\/ac5001d2a36cb6c6cd3e50789007ffca834b477b74a2144564522e944eabff61?s=96&d=mm&r=g\",\"caption\":\"thomas.berner\"},\"url\":\"https:\\\/\\\/www.organisator.ch\\\/de\\\/author\\\/thomas-berner\\\/\"}]}<\/script>\n<!-- \/ Yoast SEO plugin. -->","yoast_head_json":{"title":"Exportstimmung bei Schweizer KMU schw\u00e4cht sich leicht ab - Organisator","description":"Die Exportstimmung bei Schweizer KMU schw\u00e4cht sich weiter ab, bleibt insgesamt aber positiv. F\u00fcr das 2. Quartal erwarten 47% aller KMU steigende Exporte.","robots":{"index":"index","follow":"follow","max-snippet":"max-snippet:-1","max-image-preview":"max-image-preview:large","max-video-preview":"max-video-preview:-1"},"canonical":"https:\/\/www.organisator.ch\/de\/allgemein\/2019-04-11\/exportstimmung-bei-schweizer-kmu-schwaecht-sich-leicht-ab\/","og_locale":"de_DE","og_type":"article","og_title":"Exportstimmung bei Schweizer KMU schw\u00e4cht sich leicht ab","og_description":"Die Exportstimmung bei Schweizer KMU schw\u00e4cht sich weiter ab, bleibt insgesamt aber positiv. F\u00fcr das 2. Quartal erwarten 47% aller KMU steigende Exporte.","og_url":"https:\/\/www.organisator.ch\/de\/allgemein\/2019-04-11\/exportstimmung-bei-schweizer-kmu-schwaecht-sich-leicht-ab\/","og_site_name":"Organisator","article_publisher":"https:\/\/www.facebook.com\/OrganisatorFachmagazin","article_published_time":"2019-04-11T09:38:44+00:00","og_image":[{"width":680,"height":408,"url":"https:\/\/www.organisator.ch\/wp-content\/uploads\/2019\/04\/Exportstimmung-bei-Schweizer-KMU-schwaecht-sich-leicht-ab_Organisator.jpg","type":"image\/jpeg"}],"author":"thomas.berner","twitter_card":"summary_large_image","twitter_title":"#Exportstimmung bei Schweizer KMU schw\u00e4cht sich leicht ab","twitter_description":"Die #Exportstimmung bei Schweizer KMU schw\u00e4cht sich weiter ab, bleibt insgesamt aber positiv. F\u00fcr das 2. Quartal erwarten 47% aller KMU steigende Exporte.","twitter_image":"https:\/\/www.organisator.ch\/wp-content\/uploads\/2019\/04\/Exportstimmung-bei-Schweizer-KMU-schw\u00e4cht-sich-leicht-ab_Organisator.jpg","schema":{"@context":"https:\/\/schema.org","@graph":[{"@type":"Article","@id":"https:\/\/www.organisator.ch\/en\/general\/2019-04-11\/exportstimmung-bei-schweizer-kmu-schwaecht-sich-leicht-ab\/#article","isPartOf":{"@id":"https:\/\/www.organisator.ch\/en\/general\/2019-04-11\/exportstimmung-bei-schweizer-kmu-schwaecht-sich-leicht-ab\/"},"author":{"name":"thomas.berner","@id":"https:\/\/www.organisator.ch\/#\/schema\/person\/6f650f90b2842cd4c0cc334b4e36f67e"},"headline":"Exportstimmung bei Schweizer KMU schw\u00e4cht sich leicht ab","datePublished":"2019-04-11T09:38:44+00:00","mainEntityOfPage":{"@id":"https:\/\/www.organisator.ch\/en\/general\/2019-04-11\/exportstimmung-bei-schweizer-kmu-schwaecht-sich-leicht-ab\/"},"wordCount":401,"commentCount":0,"publisher":{"@id":"https:\/\/www.organisator.ch\/#organization"},"image":{"@id":"https:\/\/www.organisator.ch\/en\/general\/2019-04-11\/exportstimmung-bei-schweizer-kmu-schwaecht-sich-leicht-ab\/#primaryimage"},"thumbnailUrl":"https:\/\/www.organisator.ch\/wp-content\/uploads\/2019\/04\/Exportstimmung-bei-Schweizer-KMU-schwaecht-sich-leicht-ab_Organisator.jpg","keywords":["Aussenwirtschaft","Export","Management und Unternehmensf\u00fchrung","Wirtschaftspolitik"],"inLanguage":"de"},{"@type":"WebPage","@id":"https:\/\/www.organisator.ch\/en\/general\/2019-04-11\/exportstimmung-bei-schweizer-kmu-schwaecht-sich-leicht-ab\/","url":"https:\/\/www.organisator.ch\/en\/general\/2019-04-11\/exportstimmung-bei-schweizer-kmu-schwaecht-sich-leicht-ab\/","name":"Exportstimmung bei Schweizer KMU schw\u00e4cht sich leicht ab - Organisator","isPartOf":{"@id":"https:\/\/www.organisator.ch\/#website"},"primaryImageOfPage":{"@id":"https:\/\/www.organisator.ch\/en\/general\/2019-04-11\/exportstimmung-bei-schweizer-kmu-schwaecht-sich-leicht-ab\/#primaryimage"},"image":{"@id":"https:\/\/www.organisator.ch\/en\/general\/2019-04-11\/exportstimmung-bei-schweizer-kmu-schwaecht-sich-leicht-ab\/#primaryimage"},"thumbnailUrl":"https:\/\/www.organisator.ch\/wp-content\/uploads\/2019\/04\/Exportstimmung-bei-Schweizer-KMU-schwaecht-sich-leicht-ab_Organisator.jpg","datePublished":"2019-04-11T09:38:44+00:00","description":"Die Exportstimmung bei Schweizer KMU schw\u00e4cht sich weiter ab, bleibt insgesamt aber positiv. F\u00fcr das 2. Quartal erwarten 47% aller KMU steigende Exporte.","breadcrumb":{"@id":"https:\/\/www.organisator.ch\/en\/general\/2019-04-11\/exportstimmung-bei-schweizer-kmu-schwaecht-sich-leicht-ab\/#breadcrumb"},"inLanguage":"de","potentialAction":[{"@type":"ReadAction","target":["https:\/\/www.organisator.ch\/en\/general\/2019-04-11\/exportstimmung-bei-schweizer-kmu-schwaecht-sich-leicht-ab\/"]}]},{"@type":"ImageObject","inLanguage":"de","@id":"https:\/\/www.organisator.ch\/en\/general\/2019-04-11\/exportstimmung-bei-schweizer-kmu-schwaecht-sich-leicht-ab\/#primaryimage","url":"https:\/\/www.organisator.ch\/wp-content\/uploads\/2019\/04\/Exportstimmung-bei-Schweizer-KMU-schwaecht-sich-leicht-ab_Organisator.jpg","contentUrl":"https:\/\/www.organisator.ch\/wp-content\/uploads\/2019\/04\/Exportstimmung-bei-Schweizer-KMU-schwaecht-sich-leicht-ab_Organisator.jpg","width":680,"height":408,"caption":"Die Exportstimmung schw\u00e4cht sich ab, findet aber damit zur\u00fcck zur Normalit\u00e4t. (Bild: Switzerland Global Enterprise)"},{"@type":"BreadcrumbList","@id":"https:\/\/www.organisator.ch\/en\/general\/2019-04-11\/exportstimmung-bei-schweizer-kmu-schwaecht-sich-leicht-ab\/#breadcrumb","itemListElement":[{"@type":"ListItem","position":1,"name":"Home","item":"https:\/\/www.organisator.ch\/"},{"@type":"ListItem","position":2,"name":"Exportstimmung bei Schweizer KMU schw\u00e4cht sich leicht ab"}]},{"@type":"WebSite","@id":"https:\/\/www.organisator.ch\/#website","url":"https:\/\/www.organisator.ch\/","name":"Organisator","description":"Kompetent. Praxisnah. Der ORGANISATOR bereitet in 10 Ausgaben pro Jahr die wesentlichen Themen f\u00fcr F\u00fchrungskr\u00e4fte von KMU auf.","publisher":{"@id":"https:\/\/www.organisator.ch\/#organization"},"potentialAction":[{"@type":"SearchAction","target":{"@type":"EntryPoint","urlTemplate":"https:\/\/www.organisator.ch\/?s={search_term_string}"},"query-input":{"@type":"PropertyValueSpecification","valueRequired":true,"valueName":"search_term_string"}}],"inLanguage":"de"},{"@type":"Organization","@id":"https:\/\/www.organisator.ch\/#organization","name":"Organisator","url":"https:\/\/www.organisator.ch\/","logo":{"@type":"ImageObject","inLanguage":"de","@id":"https:\/\/www.organisator.ch\/#\/schema\/logo\/image\/","url":"https:\/\/www.organisator.ch\/wp-content\/uploads\/2022\/01\/Logo_Organisator_Website.png","contentUrl":"https:\/\/www.organisator.ch\/wp-content\/uploads\/2022\/01\/Logo_Organisator_Website.png","width":800,"height":77,"caption":"Organisator"},"image":{"@id":"https:\/\/www.organisator.ch\/#\/schema\/logo\/image\/"},"sameAs":["https:\/\/www.facebook.com\/OrganisatorFachmagazin","https:\/\/www.linkedin.com\/showcase\/organisator-das-magazin-fr-kmu","https:\/\/www.xing.com\/news\/pages\/organisator-ch-695","https:\/\/www.youtube.com\/channel\/UCGP2Sq0iWaZwT3BdIAQFYpw"]},{"@type":"Person","@id":"https:\/\/www.organisator.ch\/#\/schema\/person\/6f650f90b2842cd4c0cc334b4e36f67e","name":"thomas.berner","image":{"@type":"ImageObject","inLanguage":"de","@id":"https:\/\/secure.gravatar.com\/avatar\/ac5001d2a36cb6c6cd3e50789007ffca834b477b74a2144564522e944eabff61?s=96&d=mm&r=g","url":"https:\/\/secure.gravatar.com\/avatar\/ac5001d2a36cb6c6cd3e50789007ffca834b477b74a2144564522e944eabff61?s=96&d=mm&r=g","contentUrl":"https:\/\/secure.gravatar.com\/avatar\/ac5001d2a36cb6c6cd3e50789007ffca834b477b74a2144564522e944eabff61?s=96&d=mm&r=g","caption":"thomas.berner"},"url":"https:\/\/www.organisator.ch\/de\/author\/thomas-berner\/"}]}},"_links":{"self":[{"href":"https:\/\/www.organisator.ch\/de\/wp-json\/wp\/v2\/posts\/5127","targetHints":{"allow":["GET"]}}],"collection":[{"href":"https:\/\/www.organisator.ch\/de\/wp-json\/wp\/v2\/posts"}],"about":[{"href":"https:\/\/www.organisator.ch\/de\/wp-json\/wp\/v2\/types\/post"}],"author":[{"embeddable":true,"href":"https:\/\/www.organisator.ch\/de\/wp-json\/wp\/v2\/users\/4"}],"replies":[{"embeddable":true,"href":"https:\/\/www.organisator.ch\/de\/wp-json\/wp\/v2\/comments?post=5127"}],"version-history":[{"count":0,"href":"https:\/\/www.organisator.ch\/de\/wp-json\/wp\/v2\/posts\/5127\/revisions"}],"wp:featuredmedia":[{"embeddable":true,"href":"https:\/\/www.organisator.ch\/de\/wp-json\/wp\/v2\/media\/5128"}],"wp:attachment":[{"href":"https:\/\/www.organisator.ch\/de\/wp-json\/wp\/v2\/media?parent=5127"}],"wp:term":[{"taxonomy":"category","embeddable":true,"href":"https:\/\/www.organisator.ch\/de\/wp-json\/wp\/v2\/categories?post=5127"},{"taxonomy":"post_tag","embeddable":true,"href":"https:\/\/www.organisator.ch\/de\/wp-json\/wp\/v2\/tags?post=5127"}],"curies":[{"name":"wp","href":"https:\/\/api.w.org\/{rel}","templated":true}]}}