{"id":5138,"date":"2021-11-26T12:50:23","date_gmt":"2021-11-26T11:50:23","guid":{"rendered":"https:\/\/www.umweltperspektiven.ch\/?p=5138"},"modified":"2021-11-26T12:50:23","modified_gmt":"2021-11-26T11:50:23","slug":"internationaler-branchentreffpunkt-mit-swiss-pavillon","status":"publish","type":"post","link":"https:\/\/www.organisator.ch\/de\/allgemein\/2021-11-26\/internationaler-branchentreffpunkt-mit-swiss-pavillon\/","title":{"rendered":"Internationaler Branchentreffpunkt mit Swiss Pavillon"},"content":{"rendered":"<figure id=\"attachment_5139\" aria-describedby=\"caption-attachment-5139\" style=\"width: 680px\" class=\"wp-caption aligncenter\"><img loading=\"lazy\" decoding=\"async\" class=\"size-medium wp-image-5139\" src=\"\/\/www.umweltperspektiven.ch\/wp-content\/uploads\/2021\/11\/04_ifat.jpg\" alt=\"Ifat\" width=\"680\" height=\"453\" \/><figcaption id=\"caption-attachment-5139\" class=\"wp-caption-text\">Die Ifat 2022 ist in Planung. \u00a9 Messe M\u00fcnchen<\/figcaption><\/figure>\n<p>Die <a href=\"\/\/www.ifat.de\">Ifat<\/a> in M\u00fcnchen ist mit \u00fcber 3&#8217;000 Ausstellern aus fast 60 L\u00e4ndern und Regionen und \u00fcber 140&#8217;000 Fachleuten die weltweit gr\u00f6sste Umweltfachmesse. Sie konnte letztmals 2018 realisiert werden. Die\u00a0Fachveranstaltung bietet mit\u00a0ihren 260&#8217;000 m2\u00a0Ausstellungsfl\u00e4che eine vollst\u00e4ndige\u00a0Angebotspalette an Umwelttechnik\u00a0und -l\u00f6sungen: von der\u00a0Trinkwasserversorgung bis hin\u00a0zur Abwasserentsorgung oder der\u00a0Abfall- und Rohstoffwirtschaft; 2022 wird besonders die Kreislaufwirtschaft\u00a0favorisiert. Es geht\u00a0konkret um den Schulterschluss\u00a0mit der Industrie, um Rohstoffkreisl\u00e4ufe\u00a0zu schliessen. Das beginnt\u00a0beim Produktdesign \u00fcber\u00a0das Recycling bis hin zum Einsatz\u00a0von Rezyklaten.\u00a0An der Ifat 2022\u00a0werden aber auch Innovationen\u00a0zum Schadstoffmanagement, dem\u00a0nachhaltigen Strassenbau und der\u00a0Mineralik pr\u00e4sentiert. Thema sind\u00a0aber auch alternative Antriebsformen\u00a0wie beispielsweise Wasserstoff-\u00a0und Elektromobilit\u00e4t f\u00fcr\u00a0Kommunalfahrzeuge.<\/p>\n<h2>Auch diesmal mit Swiss Pavillon<\/h2>\n<p>Auch an der kommenden Veranstaltung\u00a0werden wieder zahlreiche\u00a0internationale Gemeinschaftsst\u00e4nde\u00a0ihr Know-how pr\u00e4sentieren,\u00a0unter anderem auch die<br \/>\nSchweiz. Geplant ist, dass ein\u00a0Swiss Pavillon (vgl. unter <a href=\"\/\/www.swissenviro.ch\">Swissenviro<\/a>) im Hallenbereich\u00a0\u00abWasser und Abwasser\u00bb, aber\u00a0auch im Bereich \u00abAbfallbehandlung\u00a0und Recycling\u00bb pr\u00e4sent sein<br \/>\nwird.<\/p>\n<h2><strong>Hybride Veranstaltung<\/strong><\/h2>\n<p>Wie andere Veranstaltungen auch,\u00a0wird die Ifat 2022 ein Vor-Ort-Erlebnis\u00a0bieten, aber auch eine digitale\u00a0Teilnahme erm\u00f6glichen \u2013 der\u00a0Messeevent\u00a0wird hybrid. Digitale\u00a0Angebote sollen laut Organisatoren\u00a0das Geschehen in M\u00fcnchen\u00a0erg\u00e4nzen. Jeder Interessierte\u00a0k\u00f6nne vom Ifat-Netzwerk profitieren,\u00a0selbst wenn eine Anreise\u00a0nach M\u00fcnchen nicht m\u00f6glich sei.\u00a0Auch die Highlights des Konferenzprogramms\u00a0sollen online zug\u00e4nglich\u00a0sein.<\/p>\n<p>&nbsp;<\/p>\n","protected":false},"excerpt":{"rendered":"<p>Die Ifat in M\u00fcnchen ist mit \u00fcber 3&#8217;000 Ausstellern aus fast 60 L\u00e4ndern und Regionen und \u00fcber 140&#8217;000 Fachleuten die weltweit gr\u00f6sste Umweltfachmesse. Sie konnte letztmals 2018 realisiert werden. Die\u00a0Fachveranstaltung bietet mit\u00a0ihren 260&#8217;000 m2\u00a0Ausstellungsfl\u00e4che eine vollst\u00e4ndige\u00a0Angebotspalette an Umwelttechnik\u00a0und -l\u00f6sungen: von der\u00a0Trinkwasserversorgung bis hin\u00a0zur Abwasserentsorgung oder der\u00a0Abfall- und Rohstoffwirtschaft; 2022 wird besonders die Kreislaufwirtschaft\u00a0favorisiert. Es geht\u00a0konkret [&hellip;]<\/p>\n","protected":false},"author":6,"featured_media":5139,"comment_status":"closed","ping_status":"closed","sticky":false,"template":"","format":"standard","meta":{"_acf_changed":false,"_yoast_wpseo_focuskw":"Ifat","_yoast_wpseo_metadesc":"Im n\u00e4chsten Jahr soll die Ifat, die Fachmesse f\u00fcr Wasser-, Abwasser-, Abfall- und Rohstoffwirtschaft, in M\u00fcnchen stattfinden (30. Mai bis 3. Juni 2022).","articlekey":"","footnotes":""},"categories":[1],"tags":[1392,502],"class_list":["post-5138","post","type-post","status-publish","format-standard","has-post-thumbnail","hentry","category-allgemein","tag-ifat","tag-veranstaltungen"],"acf":[],"yoast_head":"<!-- This site is optimized with the Yoast SEO plugin v27.4 - https:\/\/yoast.com\/product\/yoast-seo-wordpress\/ -->\n<title>Internationaler Branchentreffpunkt mit Swiss Pavillon - Organisator<\/title>\n<meta name=\"description\" content=\"Im n\u00e4chsten Jahr soll die Ifat, die Fachmesse f\u00fcr Wasser-, Abwasser-, Abfall- und Rohstoffwirtschaft, in M\u00fcnchen stattfinden (30. Mai bis 3. Juni 2022).\" \/>\n<meta name=\"robots\" content=\"index, follow, max-snippet:-1, max-image-preview:large, max-video-preview:-1\" \/>\n<link rel=\"canonical\" href=\"https:\/\/www.organisator.ch\/de\/allgemein\/2021-11-26\/internationaler-branchentreffpunkt-mit-swiss-pavillon\/\" \/>\n<meta property=\"og:locale\" content=\"de_DE\" \/>\n<meta property=\"og:type\" content=\"article\" \/>\n<meta property=\"og:title\" content=\"Internationaler Branchentreffpunkt mit Swiss Pavillon - Organisator\" \/>\n<meta property=\"og:description\" content=\"Im n\u00e4chsten Jahr soll die Ifat, die Fachmesse f\u00fcr Wasser-, Abwasser-, Abfall- und Rohstoffwirtschaft, in M\u00fcnchen stattfinden (30. Mai bis 3. Juni 2022).\" \/>\n<meta property=\"og:url\" content=\"https:\/\/www.organisator.ch\/de\/allgemein\/2021-11-26\/internationaler-branchentreffpunkt-mit-swiss-pavillon\/\" \/>\n<meta property=\"og:site_name\" content=\"Organisator\" \/>\n<meta property=\"article:publisher\" content=\"https:\/\/www.facebook.com\/OrganisatorFachmagazin\" \/>\n<meta property=\"article:published_time\" content=\"2021-11-26T11:50:23+00:00\" \/>\n<meta property=\"og:image\" content=\"https:\/\/www.organisator.ch\/wp-content\/uploads\/2021\/11\/04_ifat-scaled.jpg\" \/>\n\t<meta property=\"og:image:width\" content=\"2560\" \/>\n\t<meta property=\"og:image:height\" content=\"1707\" \/>\n\t<meta property=\"og:image:type\" content=\"image\/jpeg\" \/>\n<meta name=\"author\" content=\"roger.straessle\" \/>\n<meta name=\"twitter:card\" content=\"summary_large_image\" \/>\n<script type=\"application\/ld+json\" class=\"yoast-schema-graph\">{\"@context\":\"https:\\\/\\\/schema.org\",\"@graph\":[{\"@type\":\"Article\",\"@id\":\"https:\\\/\\\/www.organisator.ch\\\/de\\\/allgemein\\\/2021-11-26\\\/internationaler-branchentreffpunkt-mit-swiss-pavillon\\\/#article\",\"isPartOf\":{\"@id\":\"https:\\\/\\\/www.organisator.ch\\\/de\\\/allgemein\\\/2021-11-26\\\/internationaler-branchentreffpunkt-mit-swiss-pavillon\\\/\"},\"author\":{\"name\":\"roger.straessle\",\"@id\":\"https:\\\/\\\/www.organisator.ch\\\/#\\\/schema\\\/person\\\/a800b8c54e208b160517a7dcc323161d\"},\"headline\":\"Internationaler Branchentreffpunkt mit Swiss Pavillon\",\"datePublished\":\"2021-11-26T11:50:23+00:00\",\"mainEntityOfPage\":{\"@id\":\"https:\\\/\\\/www.organisator.ch\\\/de\\\/allgemein\\\/2021-11-26\\\/internationaler-branchentreffpunkt-mit-swiss-pavillon\\\/\"},\"wordCount\":255,\"publisher\":{\"@id\":\"https:\\\/\\\/www.organisator.ch\\\/#organization\"},\"image\":{\"@id\":\"https:\\\/\\\/www.organisator.ch\\\/de\\\/allgemein\\\/2021-11-26\\\/internationaler-branchentreffpunkt-mit-swiss-pavillon\\\/#primaryimage\"},\"thumbnailUrl\":\"https:\\\/\\\/www.organisator.ch\\\/wp-content\\\/uploads\\\/2021\\\/11\\\/04_ifat-scaled.jpg\",\"keywords\":[\"IFAT\",\"Veranstaltungen\"],\"inLanguage\":\"de\"},{\"@type\":\"WebPage\",\"@id\":\"https:\\\/\\\/www.organisator.ch\\\/de\\\/allgemein\\\/2021-11-26\\\/internationaler-branchentreffpunkt-mit-swiss-pavillon\\\/\",\"url\":\"https:\\\/\\\/www.organisator.ch\\\/de\\\/allgemein\\\/2021-11-26\\\/internationaler-branchentreffpunkt-mit-swiss-pavillon\\\/\",\"name\":\"Internationaler Branchentreffpunkt mit Swiss Pavillon - Organisator\",\"isPartOf\":{\"@id\":\"https:\\\/\\\/www.organisator.ch\\\/#website\"},\"primaryImageOfPage\":{\"@id\":\"https:\\\/\\\/www.organisator.ch\\\/de\\\/allgemein\\\/2021-11-26\\\/internationaler-branchentreffpunkt-mit-swiss-pavillon\\\/#primaryimage\"},\"image\":{\"@id\":\"https:\\\/\\\/www.organisator.ch\\\/de\\\/allgemein\\\/2021-11-26\\\/internationaler-branchentreffpunkt-mit-swiss-pavillon\\\/#primaryimage\"},\"thumbnailUrl\":\"https:\\\/\\\/www.organisator.ch\\\/wp-content\\\/uploads\\\/2021\\\/11\\\/04_ifat-scaled.jpg\",\"datePublished\":\"2021-11-26T11:50:23+00:00\",\"description\":\"Im n\u00e4chsten Jahr soll die Ifat, die Fachmesse f\u00fcr Wasser-, Abwasser-, Abfall- und Rohstoffwirtschaft, in M\u00fcnchen stattfinden (30. Mai bis 3. Juni 2022).\",\"breadcrumb\":{\"@id\":\"https:\\\/\\\/www.organisator.ch\\\/de\\\/allgemein\\\/2021-11-26\\\/internationaler-branchentreffpunkt-mit-swiss-pavillon\\\/#breadcrumb\"},\"inLanguage\":\"de\",\"potentialAction\":[{\"@type\":\"ReadAction\",\"target\":[\"https:\\\/\\\/www.organisator.ch\\\/de\\\/allgemein\\\/2021-11-26\\\/internationaler-branchentreffpunkt-mit-swiss-pavillon\\\/\"]}]},{\"@type\":\"ImageObject\",\"inLanguage\":\"de\",\"@id\":\"https:\\\/\\\/www.organisator.ch\\\/de\\\/allgemein\\\/2021-11-26\\\/internationaler-branchentreffpunkt-mit-swiss-pavillon\\\/#primaryimage\",\"url\":\"https:\\\/\\\/www.organisator.ch\\\/wp-content\\\/uploads\\\/2021\\\/11\\\/04_ifat-scaled.jpg\",\"contentUrl\":\"https:\\\/\\\/www.organisator.ch\\\/wp-content\\\/uploads\\\/2021\\\/11\\\/04_ifat-scaled.jpg\",\"width\":2560,\"height\":1707,\"caption\":\"Die weltgr\u00f6sste Umweltfachveranstaltung Ifat steht 2022 an. \u00a9 Messe M\u00fcnchen\"},{\"@type\":\"BreadcrumbList\",\"@id\":\"https:\\\/\\\/www.organisator.ch\\\/de\\\/allgemein\\\/2021-11-26\\\/internationaler-branchentreffpunkt-mit-swiss-pavillon\\\/#breadcrumb\",\"itemListElement\":[{\"@type\":\"ListItem\",\"position\":1,\"name\":\"Home\",\"item\":\"https:\\\/\\\/www.organisator.ch\\\/\"},{\"@type\":\"ListItem\",\"position\":2,\"name\":\"Internationaler Branchentreffpunkt mit Swiss Pavillon\"}]},{\"@type\":\"WebSite\",\"@id\":\"https:\\\/\\\/www.organisator.ch\\\/#website\",\"url\":\"https:\\\/\\\/www.organisator.ch\\\/\",\"name\":\"Organisator\",\"description\":\"Kompetent. Praxisnah. Der ORGANISATOR bereitet in 10 Ausgaben pro Jahr die wesentlichen Themen f\u00fcr F\u00fchrungskr\u00e4fte von KMU auf.\",\"publisher\":{\"@id\":\"https:\\\/\\\/www.organisator.ch\\\/#organization\"},\"potentialAction\":[{\"@type\":\"SearchAction\",\"target\":{\"@type\":\"EntryPoint\",\"urlTemplate\":\"https:\\\/\\\/www.organisator.ch\\\/?s={search_term_string}\"},\"query-input\":{\"@type\":\"PropertyValueSpecification\",\"valueRequired\":true,\"valueName\":\"search_term_string\"}}],\"inLanguage\":\"de\"},{\"@type\":\"Organization\",\"@id\":\"https:\\\/\\\/www.organisator.ch\\\/#organization\",\"name\":\"Organisator\",\"url\":\"https:\\\/\\\/www.organisator.ch\\\/\",\"logo\":{\"@type\":\"ImageObject\",\"inLanguage\":\"de\",\"@id\":\"https:\\\/\\\/www.organisator.ch\\\/#\\\/schema\\\/logo\\\/image\\\/\",\"url\":\"https:\\\/\\\/www.organisator.ch\\\/wp-content\\\/uploads\\\/2022\\\/01\\\/Logo_Organisator_Website.png\",\"contentUrl\":\"https:\\\/\\\/www.organisator.ch\\\/wp-content\\\/uploads\\\/2022\\\/01\\\/Logo_Organisator_Website.png\",\"width\":800,\"height\":77,\"caption\":\"Organisator\"},\"image\":{\"@id\":\"https:\\\/\\\/www.organisator.ch\\\/#\\\/schema\\\/logo\\\/image\\\/\"},\"sameAs\":[\"https:\\\/\\\/www.facebook.com\\\/OrganisatorFachmagazin\",\"https:\\\/\\\/www.linkedin.com\\\/showcase\\\/organisator-das-magazin-fr-kmu\",\"https:\\\/\\\/www.xing.com\\\/news\\\/pages\\\/organisator-ch-695\",\"https:\\\/\\\/www.youtube.com\\\/channel\\\/UCGP2Sq0iWaZwT3BdIAQFYpw\"]},{\"@type\":\"Person\",\"@id\":\"https:\\\/\\\/www.organisator.ch\\\/#\\\/schema\\\/person\\\/a800b8c54e208b160517a7dcc323161d\",\"name\":\"roger.straessle\",\"image\":{\"@type\":\"ImageObject\",\"inLanguage\":\"de\",\"@id\":\"https:\\\/\\\/secure.gravatar.com\\\/avatar\\\/?s=96&d=mm&r=g\",\"url\":\"https:\\\/\\\/secure.gravatar.com\\\/avatar\\\/?s=96&d=mm&r=g\",\"contentUrl\":\"https:\\\/\\\/secure.gravatar.com\\\/avatar\\\/?s=96&d=mm&r=g\",\"caption\":\"roger.straessle\"},\"url\":\"https:\\\/\\\/www.organisator.ch\\\/de\\\/author\\\/roger-straessle\\\/\"}]}<\/script>\n<!-- \/ Yoast SEO plugin. -->","yoast_head_json":{"title":"Internationaler Branchentreffpunkt mit Swiss Pavillon - Organisator","description":"Im n\u00e4chsten Jahr soll die Ifat, die Fachmesse f\u00fcr Wasser-, Abwasser-, Abfall- und Rohstoffwirtschaft, in M\u00fcnchen stattfinden (30. Mai bis 3. Juni 2022).","robots":{"index":"index","follow":"follow","max-snippet":"max-snippet:-1","max-image-preview":"max-image-preview:large","max-video-preview":"max-video-preview:-1"},"canonical":"https:\/\/www.organisator.ch\/de\/allgemein\/2021-11-26\/internationaler-branchentreffpunkt-mit-swiss-pavillon\/","og_locale":"de_DE","og_type":"article","og_title":"Internationaler Branchentreffpunkt mit Swiss Pavillon - Organisator","og_description":"Im n\u00e4chsten Jahr soll die Ifat, die Fachmesse f\u00fcr Wasser-, Abwasser-, Abfall- und Rohstoffwirtschaft, in M\u00fcnchen stattfinden (30. Mai bis 3. Juni 2022).","og_url":"https:\/\/www.organisator.ch\/de\/allgemein\/2021-11-26\/internationaler-branchentreffpunkt-mit-swiss-pavillon\/","og_site_name":"Organisator","article_publisher":"https:\/\/www.facebook.com\/OrganisatorFachmagazin","article_published_time":"2021-11-26T11:50:23+00:00","og_image":[{"width":2560,"height":1707,"url":"https:\/\/www.organisator.ch\/wp-content\/uploads\/2021\/11\/04_ifat-scaled.jpg","type":"image\/jpeg"}],"author":"roger.straessle","twitter_card":"summary_large_image","schema":{"@context":"https:\/\/schema.org","@graph":[{"@type":"Article","@id":"https:\/\/www.organisator.ch\/de\/allgemein\/2021-11-26\/internationaler-branchentreffpunkt-mit-swiss-pavillon\/#article","isPartOf":{"@id":"https:\/\/www.organisator.ch\/de\/allgemein\/2021-11-26\/internationaler-branchentreffpunkt-mit-swiss-pavillon\/"},"author":{"name":"roger.straessle","@id":"https:\/\/www.organisator.ch\/#\/schema\/person\/a800b8c54e208b160517a7dcc323161d"},"headline":"Internationaler Branchentreffpunkt mit Swiss Pavillon","datePublished":"2021-11-26T11:50:23+00:00","mainEntityOfPage":{"@id":"https:\/\/www.organisator.ch\/de\/allgemein\/2021-11-26\/internationaler-branchentreffpunkt-mit-swiss-pavillon\/"},"wordCount":255,"publisher":{"@id":"https:\/\/www.organisator.ch\/#organization"},"image":{"@id":"https:\/\/www.organisator.ch\/de\/allgemein\/2021-11-26\/internationaler-branchentreffpunkt-mit-swiss-pavillon\/#primaryimage"},"thumbnailUrl":"https:\/\/www.organisator.ch\/wp-content\/uploads\/2021\/11\/04_ifat-scaled.jpg","keywords":["IFAT","Veranstaltungen"],"inLanguage":"de"},{"@type":"WebPage","@id":"https:\/\/www.organisator.ch\/de\/allgemein\/2021-11-26\/internationaler-branchentreffpunkt-mit-swiss-pavillon\/","url":"https:\/\/www.organisator.ch\/de\/allgemein\/2021-11-26\/internationaler-branchentreffpunkt-mit-swiss-pavillon\/","name":"Internationaler Branchentreffpunkt mit Swiss Pavillon - Organisator","isPartOf":{"@id":"https:\/\/www.organisator.ch\/#website"},"primaryImageOfPage":{"@id":"https:\/\/www.organisator.ch\/de\/allgemein\/2021-11-26\/internationaler-branchentreffpunkt-mit-swiss-pavillon\/#primaryimage"},"image":{"@id":"https:\/\/www.organisator.ch\/de\/allgemein\/2021-11-26\/internationaler-branchentreffpunkt-mit-swiss-pavillon\/#primaryimage"},"thumbnailUrl":"https:\/\/www.organisator.ch\/wp-content\/uploads\/2021\/11\/04_ifat-scaled.jpg","datePublished":"2021-11-26T11:50:23+00:00","description":"Im n\u00e4chsten Jahr soll die Ifat, die Fachmesse f\u00fcr Wasser-, Abwasser-, Abfall- und Rohstoffwirtschaft, in M\u00fcnchen stattfinden (30. Mai bis 3. Juni 2022).","breadcrumb":{"@id":"https:\/\/www.organisator.ch\/de\/allgemein\/2021-11-26\/internationaler-branchentreffpunkt-mit-swiss-pavillon\/#breadcrumb"},"inLanguage":"de","potentialAction":[{"@type":"ReadAction","target":["https:\/\/www.organisator.ch\/de\/allgemein\/2021-11-26\/internationaler-branchentreffpunkt-mit-swiss-pavillon\/"]}]},{"@type":"ImageObject","inLanguage":"de","@id":"https:\/\/www.organisator.ch\/de\/allgemein\/2021-11-26\/internationaler-branchentreffpunkt-mit-swiss-pavillon\/#primaryimage","url":"https:\/\/www.organisator.ch\/wp-content\/uploads\/2021\/11\/04_ifat-scaled.jpg","contentUrl":"https:\/\/www.organisator.ch\/wp-content\/uploads\/2021\/11\/04_ifat-scaled.jpg","width":2560,"height":1707,"caption":"Die weltgr\u00f6sste Umweltfachveranstaltung Ifat steht 2022 an. \u00a9 Messe M\u00fcnchen"},{"@type":"BreadcrumbList","@id":"https:\/\/www.organisator.ch\/de\/allgemein\/2021-11-26\/internationaler-branchentreffpunkt-mit-swiss-pavillon\/#breadcrumb","itemListElement":[{"@type":"ListItem","position":1,"name":"Home","item":"https:\/\/www.organisator.ch\/"},{"@type":"ListItem","position":2,"name":"Internationaler Branchentreffpunkt mit Swiss Pavillon"}]},{"@type":"WebSite","@id":"https:\/\/www.organisator.ch\/#website","url":"https:\/\/www.organisator.ch\/","name":"Organisator","description":"Kompetent. Praxisnah. Der ORGANISATOR bereitet in 10 Ausgaben pro Jahr die wesentlichen Themen f\u00fcr F\u00fchrungskr\u00e4fte von KMU auf.","publisher":{"@id":"https:\/\/www.organisator.ch\/#organization"},"potentialAction":[{"@type":"SearchAction","target":{"@type":"EntryPoint","urlTemplate":"https:\/\/www.organisator.ch\/?s={search_term_string}"},"query-input":{"@type":"PropertyValueSpecification","valueRequired":true,"valueName":"search_term_string"}}],"inLanguage":"de"},{"@type":"Organization","@id":"https:\/\/www.organisator.ch\/#organization","name":"Organisator","url":"https:\/\/www.organisator.ch\/","logo":{"@type":"ImageObject","inLanguage":"de","@id":"https:\/\/www.organisator.ch\/#\/schema\/logo\/image\/","url":"https:\/\/www.organisator.ch\/wp-content\/uploads\/2022\/01\/Logo_Organisator_Website.png","contentUrl":"https:\/\/www.organisator.ch\/wp-content\/uploads\/2022\/01\/Logo_Organisator_Website.png","width":800,"height":77,"caption":"Organisator"},"image":{"@id":"https:\/\/www.organisator.ch\/#\/schema\/logo\/image\/"},"sameAs":["https:\/\/www.facebook.com\/OrganisatorFachmagazin","https:\/\/www.linkedin.com\/showcase\/organisator-das-magazin-fr-kmu","https:\/\/www.xing.com\/news\/pages\/organisator-ch-695","https:\/\/www.youtube.com\/channel\/UCGP2Sq0iWaZwT3BdIAQFYpw"]},{"@type":"Person","@id":"https:\/\/www.organisator.ch\/#\/schema\/person\/a800b8c54e208b160517a7dcc323161d","name":"roger.straessle","image":{"@type":"ImageObject","inLanguage":"de","@id":"https:\/\/secure.gravatar.com\/avatar\/?s=96&d=mm&r=g","url":"https:\/\/secure.gravatar.com\/avatar\/?s=96&d=mm&r=g","contentUrl":"https:\/\/secure.gravatar.com\/avatar\/?s=96&d=mm&r=g","caption":"roger.straessle"},"url":"https:\/\/www.organisator.ch\/de\/author\/roger-straessle\/"}]}},"_links":{"self":[{"href":"https:\/\/www.organisator.ch\/de\/wp-json\/wp\/v2\/posts\/5138","targetHints":{"allow":["GET"]}}],"collection":[{"href":"https:\/\/www.organisator.ch\/de\/wp-json\/wp\/v2\/posts"}],"about":[{"href":"https:\/\/www.organisator.ch\/de\/wp-json\/wp\/v2\/types\/post"}],"author":[{"embeddable":true,"href":"https:\/\/www.organisator.ch\/de\/wp-json\/wp\/v2\/users\/6"}],"replies":[{"embeddable":true,"href":"https:\/\/www.organisator.ch\/de\/wp-json\/wp\/v2\/comments?post=5138"}],"version-history":[{"count":0,"href":"https:\/\/www.organisator.ch\/de\/wp-json\/wp\/v2\/posts\/5138\/revisions"}],"wp:featuredmedia":[{"embeddable":true,"href":"https:\/\/www.organisator.ch\/de\/wp-json\/wp\/v2\/media\/5139"}],"wp:attachment":[{"href":"https:\/\/www.organisator.ch\/de\/wp-json\/wp\/v2\/media?parent=5138"}],"wp:term":[{"taxonomy":"category","embeddable":true,"href":"https:\/\/www.organisator.ch\/de\/wp-json\/wp\/v2\/categories?post=5138"},{"taxonomy":"post_tag","embeddable":true,"href":"https:\/\/www.organisator.ch\/de\/wp-json\/wp\/v2\/tags?post=5138"}],"curies":[{"name":"wp","href":"https:\/\/api.w.org\/{rel}","templated":true}]}}