{"id":5152,"date":"2019-04-16T08:43:58","date_gmt":"2019-04-16T06:43:58","guid":{"rendered":"https:\/\/www.organisator.ch\/?p=5152"},"modified":"2019-04-16T08:43:58","modified_gmt":"2019-04-16T06:43:58","slug":"umsatzsteigerung-von-ueber-25-prozent-bei-intersys","status":"publish","type":"post","link":"https:\/\/www.organisator.ch\/de\/management\/it\/2019-04-16\/umsatzsteigerung-von-ueber-25-prozent-bei-intersys\/","title":{"rendered":"Umsatzsteigerung von \u00fcber 25 Prozent bei Intersys"},"content":{"rendered":"<figure id=\"attachment_5153\" aria-describedby=\"caption-attachment-5153\" style=\"width: 680px\" class=\"wp-caption alignnone\"><img loading=\"lazy\" decoding=\"async\" class=\"size-medium wp-image-5153\" src=\"https:\/\/www.organisator.ch\/wp-content\/uploads\/2019\/04\/Umsatzsteigerung-von-ueber-25-Prozent-bei-Intersys_Organisator.jpg\" alt=\"\" width=\"680\" height=\"453\" srcset=\"https:\/\/www.organisator.ch\/wp-content\/uploads\/2019\/04\/Umsatzsteigerung-von-ueber-25-Prozent-bei-Intersys_Organisator.jpg 680w, https:\/\/www.organisator.ch\/wp-content\/uploads\/2019\/04\/Umsatzsteigerung-von-ueber-25-Prozent-bei-Intersys_Organisator-16x12.jpg 16w, https:\/\/www.organisator.ch\/wp-content\/uploads\/2019\/04\/Umsatzsteigerung-von-ueber-25-Prozent-bei-Intersys_Organisator-263x175.jpg 263w, https:\/\/www.organisator.ch\/wp-content\/uploads\/2019\/04\/Umsatzsteigerung-von-ueber-25-Prozent-bei-Intersys_Organisator-525x350.jpg 525w, https:\/\/www.organisator.ch\/wp-content\/uploads\/2019\/04\/Umsatzsteigerung-von-ueber-25-Prozent-bei-Intersys_Organisator-300x200.jpg 300w\" sizes=\"auto, (max-width: 680px) 100vw, 680px\" \/><figcaption id=\"caption-attachment-5153\" class=\"wp-caption-text\">Adrian Hutzli von Intersys AG darf eine Umsatzsteigerung von \u00fcber 25 Prozent verk\u00fcnden. (Bild: zVg \/ Intersys AG)<\/figcaption><\/figure>\n<p>Das Entwicklungsunternehmen f\u00fcr Individual-Software Intersys konnte im vergangenen Gesch\u00e4ftsjahr seinen Umsatz von um 28 Prozent von 5,4 auf 6,9 Millionen Franken steigern. Im gleichen Zeitraum wuchs der Gewinn um mehr als 0,5 Millionen Franken.\u00a0\u201cDieser finanzielle Erfolg erlaubte es auch im zwanzigsten Jahr des Bestehens der Firma, Boni und Dividenden auszusch\u00fctten und die Belegschaft zu erweitern\u201c, sagt Adrian Hutzli, CEO von Intersys. Die Anzahl der Mitarbeitenden stieg im Jahr 2018 von 32 auf 37 Mitarbeitende an.<\/p>\n<h2>Komplexe Daten-Projekte bei Grossunternehmen<\/h2>\n<p>Das Jahr 2018 war gepr\u00e4gt durch einige Anpassungen innerhalb der Organisation und dem Ausbau von neuen Dienstleistungen, welche sich finanziell positiv ausgewirkt haben. So konnte etwa mit dem Verkauf von Cassandra-Services und -Lizenzen nicht nur neue Kunden gewonnen, sondern auch auf Ebit-Seite zus\u00e4tzliche Gewinne generiert werden. Dazu z\u00e4hlen beispielsweise neue komplexe Daten-Projekte bei Schweizer Grossunternehmen. Insgesamt konnte dank der Projekt-Akquisitionen bei drei\u00a0\u00a0grossen Kunden die Mitarbeiterzahl erh\u00f6ht und Investitionen in die neue Strategie get\u00e4tigt werden. Mit der Anpassung der strategischen Ausrichtung der Firma f\u00fcr die n\u00e4chsten drei bis f\u00fcnf Jahre hatte Hutzli im vierten Quartal 2018 begonnen. Die konkrete Umsetzung soll im zweiten Halbjahr 2019 gestartet werden. Hutzli: \u201cDabei ist es uns wichtig, Bew\u00e4hrtes zu behalten und Neues einzubauen. Ziel ist es etwa, aus bestehenden Dienstleistungen erfolgreiche Produkte zu entwickeln, mit denen das Unternehmen skalieren kann.\u201c Produkt-Ans\u00e4tze f\u00fcr die Verwaltung medizinischer Ger\u00e4te (MaMeDe, Management of Medical Devices) oder f\u00fcr die Lokalisierung von Notrufen (Location Server) sind im Aufbau begriffen und stossen bereits auf grosses Interesse am Markt.<\/p>\n<h2>Erste Nearshoring-Erfahrungen<\/h2>\n<p>Um fehlende Skills zu kompensieren und bei Ressourcen-Engp\u00e4ssen flexibel reagieren zu k\u00f6nnen, hat das Unternehmen erste Projekte im Nearshoring-Verfahren umgesetzt. Im laufenden Gesch\u00e4ftsjahr will Hutzli diese Zusammenarbeit ausweiten, wobei aber s\u00e4mtliche Kontakte gegen\u00fcber Kunden weiterhin von Intersys aus der Schweiz heraus gepflegt werden sollen.\u00a0\u201cDie\u00a0Nearshore-Entwicklung hat sich f\u00fcr uns als eine wirksame Alternative zur Bereitstellung von Entwicklerkapazit\u00e4ten erwiesen. Wir wollen aber die F\u00e4higkeiten im Bereich Product Management, Product Owner, Requirement Engineering, GUI-Spezifikationen f\u00fcr die direkte Zusammenarbeit mit unseren Kunden innerhalb der Intersys in der Schweiz weiter f\u00f6rdern\u00a0und ausbauen\u201c, betont Hutzli.<\/p>\n","protected":false},"excerpt":{"rendered":"<p>Das Entwicklungsunternehmen f\u00fcr Individual-Software Intersys konnte im vergangenen Gesch\u00e4ftsjahr seinen Umsatz von um 28 Prozent von 5,4 auf 6,9 Millionen Franken steigern. Im gleichen Zeitraum wuchs der Gewinn um mehr als 0,5 Millionen Franken.\u00a0\u201cDieser finanzielle Erfolg erlaubte es auch im zwanzigsten Jahr des Bestehens der Firma, Boni und Dividenden auszusch\u00fctten und die Belegschaft zu erweitern\u201c, [&hellip;]<\/p>\n","protected":false},"author":4,"featured_media":5153,"comment_status":"open","ping_status":"open","sticky":false,"template":"","format":"standard","meta":{"_acf_changed":false,"_yoast_wpseo_focuskw":"Umsatzsteigerung","_yoast_wpseo_metadesc":"Das Entwicklungsunternehmen f\u00fcr Individual-Software Intersys konnte 2018 seinen Umsatz von um 28 Prozent von 5,4 auf 6,9 Millionen Franken steigern.","articlekey":"","footnotes":""},"categories":[27],"tags":[286,288,492],"class_list":["post-5152","post","type-post","status-publish","format-standard","has-post-thumbnail","hentry","category-it","tag-it","tag-it-business-software","tag-unternehmen"],"acf":[],"yoast_head":"<!-- This site is optimized with the Yoast SEO plugin v27.4 - https:\/\/yoast.com\/product\/yoast-seo-wordpress\/ -->\n<title>Umsatzsteigerung von \u00fcber 25 Prozent bei Intersys - Organisator<\/title>\n<meta name=\"description\" content=\"Das Entwicklungsunternehmen f\u00fcr Individual-Software Intersys konnte 2018 seinen Umsatz von um 28 Prozent von 5,4 auf 6,9 Millionen Franken steigern.\" \/>\n<meta name=\"robots\" content=\"index, follow, max-snippet:-1, max-image-preview:large, max-video-preview:-1\" \/>\n<link rel=\"canonical\" href=\"https:\/\/www.organisator.ch\/de\/management\/it\/2019-04-16\/umsatzsteigerung-von-ueber-25-prozent-bei-intersys\/\" \/>\n<meta property=\"og:locale\" content=\"de_DE\" \/>\n<meta property=\"og:type\" content=\"article\" \/>\n<meta property=\"og:title\" content=\"Umsatzsteigerung von \u00fcber 25 Prozent bei Intersys\" \/>\n<meta property=\"og:description\" content=\"Das Entwicklungsunternehmen f\u00fcr Individual-Software Intersys konnte 2018 seinen Umsatz von um 28 Prozent von 5,4 auf 6,9 Millionen Franken steigern.\" \/>\n<meta property=\"og:url\" content=\"https:\/\/www.organisator.ch\/de\/management\/it\/2019-04-16\/umsatzsteigerung-von-ueber-25-prozent-bei-intersys\/\" \/>\n<meta property=\"og:site_name\" content=\"Organisator\" \/>\n<meta property=\"article:publisher\" content=\"https:\/\/www.facebook.com\/OrganisatorFachmagazin\" \/>\n<meta property=\"article:published_time\" content=\"2019-04-16T06:43:58+00:00\" \/>\n<meta property=\"og:image\" content=\"https:\/\/www.organisator.ch\/wp-content\/uploads\/2019\/04\/Umsatzsteigerung-von-ueber-25-Prozent-bei-Intersys_Organisator.jpg\" \/>\n\t<meta property=\"og:image:width\" content=\"680\" \/>\n\t<meta property=\"og:image:height\" content=\"453\" \/>\n\t<meta property=\"og:image:type\" content=\"image\/jpeg\" \/>\n<meta name=\"author\" content=\"thomas.berner\" \/>\n<meta name=\"twitter:card\" content=\"summary_large_image\" \/>\n<meta name=\"twitter:title\" content=\"#Umsatzsteigerung von \u00fcber 25 Prozent bei #Intersys\" \/>\n<meta name=\"twitter:description\" content=\"Das Entwicklungsunternehmen f\u00fcr #Individual-Software #Intersys konnte 2018 seinen Umsatz von um 28 Prozent von 5,4 auf 6,9 Millionen Franken steigern.\" \/>\n<meta name=\"twitter:image\" content=\"https:\/\/www.organisator.ch\/wp-content\/uploads\/2019\/04\/Umsatzsteigerung-von-\u00fcber-25-Prozent-bei-Intersys_Organisator.jpg\" \/>\n<script type=\"application\/ld+json\" class=\"yoast-schema-graph\">{\"@context\":\"https:\\\/\\\/schema.org\",\"@graph\":[{\"@type\":\"Article\",\"@id\":\"https:\\\/\\\/www.organisator.ch\\\/management\\\/it\\\/2019-04-16\\\/umsatzsteigerung-von-ueber-25-prozent-bei-intersys\\\/#article\",\"isPartOf\":{\"@id\":\"https:\\\/\\\/www.organisator.ch\\\/management\\\/it\\\/2019-04-16\\\/umsatzsteigerung-von-ueber-25-prozent-bei-intersys\\\/\"},\"author\":{\"name\":\"thomas.berner\",\"@id\":\"https:\\\/\\\/www.organisator.ch\\\/#\\\/schema\\\/person\\\/6f650f90b2842cd4c0cc334b4e36f67e\"},\"headline\":\"Umsatzsteigerung von \u00fcber 25 Prozent bei Intersys\",\"datePublished\":\"2019-04-16T06:43:58+00:00\",\"mainEntityOfPage\":{\"@id\":\"https:\\\/\\\/www.organisator.ch\\\/management\\\/it\\\/2019-04-16\\\/umsatzsteigerung-von-ueber-25-prozent-bei-intersys\\\/\"},\"wordCount\":387,\"commentCount\":0,\"publisher\":{\"@id\":\"https:\\\/\\\/www.organisator.ch\\\/#organization\"},\"image\":{\"@id\":\"https:\\\/\\\/www.organisator.ch\\\/management\\\/it\\\/2019-04-16\\\/umsatzsteigerung-von-ueber-25-prozent-bei-intersys\\\/#primaryimage\"},\"thumbnailUrl\":\"https:\\\/\\\/www.organisator.ch\\\/wp-content\\\/uploads\\\/2019\\\/04\\\/Umsatzsteigerung-von-ueber-25-Prozent-bei-Intersys_Organisator.jpg\",\"keywords\":[\"IT\",\"IT &amp; Business Software\",\"Unternehmen\"],\"articleSection\":[\"IT\"],\"inLanguage\":\"de\"},{\"@type\":\"WebPage\",\"@id\":\"https:\\\/\\\/www.organisator.ch\\\/management\\\/it\\\/2019-04-16\\\/umsatzsteigerung-von-ueber-25-prozent-bei-intersys\\\/\",\"url\":\"https:\\\/\\\/www.organisator.ch\\\/management\\\/it\\\/2019-04-16\\\/umsatzsteigerung-von-ueber-25-prozent-bei-intersys\\\/\",\"name\":\"Umsatzsteigerung von \u00fcber 25 Prozent bei Intersys - Organisator\",\"isPartOf\":{\"@id\":\"https:\\\/\\\/www.organisator.ch\\\/#website\"},\"primaryImageOfPage\":{\"@id\":\"https:\\\/\\\/www.organisator.ch\\\/management\\\/it\\\/2019-04-16\\\/umsatzsteigerung-von-ueber-25-prozent-bei-intersys\\\/#primaryimage\"},\"image\":{\"@id\":\"https:\\\/\\\/www.organisator.ch\\\/management\\\/it\\\/2019-04-16\\\/umsatzsteigerung-von-ueber-25-prozent-bei-intersys\\\/#primaryimage\"},\"thumbnailUrl\":\"https:\\\/\\\/www.organisator.ch\\\/wp-content\\\/uploads\\\/2019\\\/04\\\/Umsatzsteigerung-von-ueber-25-Prozent-bei-Intersys_Organisator.jpg\",\"datePublished\":\"2019-04-16T06:43:58+00:00\",\"description\":\"Das Entwicklungsunternehmen f\u00fcr Individual-Software Intersys konnte 2018 seinen Umsatz von um 28 Prozent von 5,4 auf 6,9 Millionen Franken steigern.\",\"breadcrumb\":{\"@id\":\"https:\\\/\\\/www.organisator.ch\\\/management\\\/it\\\/2019-04-16\\\/umsatzsteigerung-von-ueber-25-prozent-bei-intersys\\\/#breadcrumb\"},\"inLanguage\":\"de\",\"potentialAction\":[{\"@type\":\"ReadAction\",\"target\":[\"https:\\\/\\\/www.organisator.ch\\\/management\\\/it\\\/2019-04-16\\\/umsatzsteigerung-von-ueber-25-prozent-bei-intersys\\\/\"]}]},{\"@type\":\"ImageObject\",\"inLanguage\":\"de\",\"@id\":\"https:\\\/\\\/www.organisator.ch\\\/management\\\/it\\\/2019-04-16\\\/umsatzsteigerung-von-ueber-25-prozent-bei-intersys\\\/#primaryimage\",\"url\":\"https:\\\/\\\/www.organisator.ch\\\/wp-content\\\/uploads\\\/2019\\\/04\\\/Umsatzsteigerung-von-ueber-25-Prozent-bei-Intersys_Organisator.jpg\",\"contentUrl\":\"https:\\\/\\\/www.organisator.ch\\\/wp-content\\\/uploads\\\/2019\\\/04\\\/Umsatzsteigerung-von-ueber-25-Prozent-bei-Intersys_Organisator.jpg\",\"width\":680,\"height\":453,\"caption\":\"Adrian Hutzli von Intersys darf eine Umsatzsteigerung von \u00fcber 25 Prozent verk\u00fcnden. (Bild: zVg \\\/ Intersys AG)\"},{\"@type\":\"BreadcrumbList\",\"@id\":\"https:\\\/\\\/www.organisator.ch\\\/management\\\/it\\\/2019-04-16\\\/umsatzsteigerung-von-ueber-25-prozent-bei-intersys\\\/#breadcrumb\",\"itemListElement\":[{\"@type\":\"ListItem\",\"position\":1,\"name\":\"Home\",\"item\":\"https:\\\/\\\/www.organisator.ch\\\/\"},{\"@type\":\"ListItem\",\"position\":2,\"name\":\"Umsatzsteigerung von \u00fcber 25 Prozent bei Intersys\"}]},{\"@type\":\"WebSite\",\"@id\":\"https:\\\/\\\/www.organisator.ch\\\/#website\",\"url\":\"https:\\\/\\\/www.organisator.ch\\\/\",\"name\":\"Organisator\",\"description\":\"Kompetent. Praxisnah. Der ORGANISATOR bereitet in 10 Ausgaben pro Jahr die wesentlichen Themen f\u00fcr F\u00fchrungskr\u00e4fte von KMU auf.\",\"publisher\":{\"@id\":\"https:\\\/\\\/www.organisator.ch\\\/#organization\"},\"potentialAction\":[{\"@type\":\"SearchAction\",\"target\":{\"@type\":\"EntryPoint\",\"urlTemplate\":\"https:\\\/\\\/www.organisator.ch\\\/?s={search_term_string}\"},\"query-input\":{\"@type\":\"PropertyValueSpecification\",\"valueRequired\":true,\"valueName\":\"search_term_string\"}}],\"inLanguage\":\"de\"},{\"@type\":\"Organization\",\"@id\":\"https:\\\/\\\/www.organisator.ch\\\/#organization\",\"name\":\"Organisator\",\"url\":\"https:\\\/\\\/www.organisator.ch\\\/\",\"logo\":{\"@type\":\"ImageObject\",\"inLanguage\":\"de\",\"@id\":\"https:\\\/\\\/www.organisator.ch\\\/#\\\/schema\\\/logo\\\/image\\\/\",\"url\":\"https:\\\/\\\/www.organisator.ch\\\/wp-content\\\/uploads\\\/2022\\\/01\\\/Logo_Organisator_Website.png\",\"contentUrl\":\"https:\\\/\\\/www.organisator.ch\\\/wp-content\\\/uploads\\\/2022\\\/01\\\/Logo_Organisator_Website.png\",\"width\":800,\"height\":77,\"caption\":\"Organisator\"},\"image\":{\"@id\":\"https:\\\/\\\/www.organisator.ch\\\/#\\\/schema\\\/logo\\\/image\\\/\"},\"sameAs\":[\"https:\\\/\\\/www.facebook.com\\\/OrganisatorFachmagazin\",\"https:\\\/\\\/www.linkedin.com\\\/showcase\\\/organisator-das-magazin-fr-kmu\",\"https:\\\/\\\/www.xing.com\\\/news\\\/pages\\\/organisator-ch-695\",\"https:\\\/\\\/www.youtube.com\\\/channel\\\/UCGP2Sq0iWaZwT3BdIAQFYpw\"]},{\"@type\":\"Person\",\"@id\":\"https:\\\/\\\/www.organisator.ch\\\/#\\\/schema\\\/person\\\/6f650f90b2842cd4c0cc334b4e36f67e\",\"name\":\"thomas.berner\",\"image\":{\"@type\":\"ImageObject\",\"inLanguage\":\"de\",\"@id\":\"https:\\\/\\\/secure.gravatar.com\\\/avatar\\\/ac5001d2a36cb6c6cd3e50789007ffca834b477b74a2144564522e944eabff61?s=96&d=mm&r=g\",\"url\":\"https:\\\/\\\/secure.gravatar.com\\\/avatar\\\/ac5001d2a36cb6c6cd3e50789007ffca834b477b74a2144564522e944eabff61?s=96&d=mm&r=g\",\"contentUrl\":\"https:\\\/\\\/secure.gravatar.com\\\/avatar\\\/ac5001d2a36cb6c6cd3e50789007ffca834b477b74a2144564522e944eabff61?s=96&d=mm&r=g\",\"caption\":\"thomas.berner\"},\"url\":\"https:\\\/\\\/www.organisator.ch\\\/de\\\/author\\\/thomas-berner\\\/\"}]}<\/script>\n<!-- \/ Yoast SEO plugin. -->","yoast_head_json":{"title":"Umsatzsteigerung von \u00fcber 25 Prozent bei Intersys - Organisator","description":"Das Entwicklungsunternehmen f\u00fcr Individual-Software Intersys konnte 2018 seinen Umsatz von um 28 Prozent von 5,4 auf 6,9 Millionen Franken steigern.","robots":{"index":"index","follow":"follow","max-snippet":"max-snippet:-1","max-image-preview":"max-image-preview:large","max-video-preview":"max-video-preview:-1"},"canonical":"https:\/\/www.organisator.ch\/de\/management\/it\/2019-04-16\/umsatzsteigerung-von-ueber-25-prozent-bei-intersys\/","og_locale":"de_DE","og_type":"article","og_title":"Umsatzsteigerung von \u00fcber 25 Prozent bei Intersys","og_description":"Das Entwicklungsunternehmen f\u00fcr Individual-Software Intersys konnte 2018 seinen Umsatz von um 28 Prozent von 5,4 auf 6,9 Millionen Franken steigern.","og_url":"https:\/\/www.organisator.ch\/de\/management\/it\/2019-04-16\/umsatzsteigerung-von-ueber-25-prozent-bei-intersys\/","og_site_name":"Organisator","article_publisher":"https:\/\/www.facebook.com\/OrganisatorFachmagazin","article_published_time":"2019-04-16T06:43:58+00:00","og_image":[{"width":680,"height":453,"url":"https:\/\/www.organisator.ch\/wp-content\/uploads\/2019\/04\/Umsatzsteigerung-von-ueber-25-Prozent-bei-Intersys_Organisator.jpg","type":"image\/jpeg"}],"author":"thomas.berner","twitter_card":"summary_large_image","twitter_title":"#Umsatzsteigerung von \u00fcber 25 Prozent bei #Intersys","twitter_description":"Das Entwicklungsunternehmen f\u00fcr #Individual-Software #Intersys konnte 2018 seinen Umsatz von um 28 Prozent von 5,4 auf 6,9 Millionen Franken steigern.","twitter_image":"https:\/\/www.organisator.ch\/wp-content\/uploads\/2019\/04\/Umsatzsteigerung-von-\u00fcber-25-Prozent-bei-Intersys_Organisator.jpg","schema":{"@context":"https:\/\/schema.org","@graph":[{"@type":"Article","@id":"https:\/\/www.organisator.ch\/management\/it\/2019-04-16\/umsatzsteigerung-von-ueber-25-prozent-bei-intersys\/#article","isPartOf":{"@id":"https:\/\/www.organisator.ch\/management\/it\/2019-04-16\/umsatzsteigerung-von-ueber-25-prozent-bei-intersys\/"},"author":{"name":"thomas.berner","@id":"https:\/\/www.organisator.ch\/#\/schema\/person\/6f650f90b2842cd4c0cc334b4e36f67e"},"headline":"Umsatzsteigerung von \u00fcber 25 Prozent bei Intersys","datePublished":"2019-04-16T06:43:58+00:00","mainEntityOfPage":{"@id":"https:\/\/www.organisator.ch\/management\/it\/2019-04-16\/umsatzsteigerung-von-ueber-25-prozent-bei-intersys\/"},"wordCount":387,"commentCount":0,"publisher":{"@id":"https:\/\/www.organisator.ch\/#organization"},"image":{"@id":"https:\/\/www.organisator.ch\/management\/it\/2019-04-16\/umsatzsteigerung-von-ueber-25-prozent-bei-intersys\/#primaryimage"},"thumbnailUrl":"https:\/\/www.organisator.ch\/wp-content\/uploads\/2019\/04\/Umsatzsteigerung-von-ueber-25-Prozent-bei-Intersys_Organisator.jpg","keywords":["IT","IT &amp; Business Software","Unternehmen"],"articleSection":["IT"],"inLanguage":"de"},{"@type":"WebPage","@id":"https:\/\/www.organisator.ch\/management\/it\/2019-04-16\/umsatzsteigerung-von-ueber-25-prozent-bei-intersys\/","url":"https:\/\/www.organisator.ch\/management\/it\/2019-04-16\/umsatzsteigerung-von-ueber-25-prozent-bei-intersys\/","name":"Umsatzsteigerung von \u00fcber 25 Prozent bei Intersys - Organisator","isPartOf":{"@id":"https:\/\/www.organisator.ch\/#website"},"primaryImageOfPage":{"@id":"https:\/\/www.organisator.ch\/management\/it\/2019-04-16\/umsatzsteigerung-von-ueber-25-prozent-bei-intersys\/#primaryimage"},"image":{"@id":"https:\/\/www.organisator.ch\/management\/it\/2019-04-16\/umsatzsteigerung-von-ueber-25-prozent-bei-intersys\/#primaryimage"},"thumbnailUrl":"https:\/\/www.organisator.ch\/wp-content\/uploads\/2019\/04\/Umsatzsteigerung-von-ueber-25-Prozent-bei-Intersys_Organisator.jpg","datePublished":"2019-04-16T06:43:58+00:00","description":"Das Entwicklungsunternehmen f\u00fcr Individual-Software Intersys konnte 2018 seinen Umsatz von um 28 Prozent von 5,4 auf 6,9 Millionen Franken steigern.","breadcrumb":{"@id":"https:\/\/www.organisator.ch\/management\/it\/2019-04-16\/umsatzsteigerung-von-ueber-25-prozent-bei-intersys\/#breadcrumb"},"inLanguage":"de","potentialAction":[{"@type":"ReadAction","target":["https:\/\/www.organisator.ch\/management\/it\/2019-04-16\/umsatzsteigerung-von-ueber-25-prozent-bei-intersys\/"]}]},{"@type":"ImageObject","inLanguage":"de","@id":"https:\/\/www.organisator.ch\/management\/it\/2019-04-16\/umsatzsteigerung-von-ueber-25-prozent-bei-intersys\/#primaryimage","url":"https:\/\/www.organisator.ch\/wp-content\/uploads\/2019\/04\/Umsatzsteigerung-von-ueber-25-Prozent-bei-Intersys_Organisator.jpg","contentUrl":"https:\/\/www.organisator.ch\/wp-content\/uploads\/2019\/04\/Umsatzsteigerung-von-ueber-25-Prozent-bei-Intersys_Organisator.jpg","width":680,"height":453,"caption":"Adrian Hutzli von Intersys darf eine Umsatzsteigerung von \u00fcber 25 Prozent verk\u00fcnden. (Bild: zVg \/ Intersys AG)"},{"@type":"BreadcrumbList","@id":"https:\/\/www.organisator.ch\/management\/it\/2019-04-16\/umsatzsteigerung-von-ueber-25-prozent-bei-intersys\/#breadcrumb","itemListElement":[{"@type":"ListItem","position":1,"name":"Home","item":"https:\/\/www.organisator.ch\/"},{"@type":"ListItem","position":2,"name":"Umsatzsteigerung von \u00fcber 25 Prozent bei Intersys"}]},{"@type":"WebSite","@id":"https:\/\/www.organisator.ch\/#website","url":"https:\/\/www.organisator.ch\/","name":"Organisator","description":"Kompetent. Praxisnah. Der ORGANISATOR bereitet in 10 Ausgaben pro Jahr die wesentlichen Themen f\u00fcr F\u00fchrungskr\u00e4fte von KMU auf.","publisher":{"@id":"https:\/\/www.organisator.ch\/#organization"},"potentialAction":[{"@type":"SearchAction","target":{"@type":"EntryPoint","urlTemplate":"https:\/\/www.organisator.ch\/?s={search_term_string}"},"query-input":{"@type":"PropertyValueSpecification","valueRequired":true,"valueName":"search_term_string"}}],"inLanguage":"de"},{"@type":"Organization","@id":"https:\/\/www.organisator.ch\/#organization","name":"Organisator","url":"https:\/\/www.organisator.ch\/","logo":{"@type":"ImageObject","inLanguage":"de","@id":"https:\/\/www.organisator.ch\/#\/schema\/logo\/image\/","url":"https:\/\/www.organisator.ch\/wp-content\/uploads\/2022\/01\/Logo_Organisator_Website.png","contentUrl":"https:\/\/www.organisator.ch\/wp-content\/uploads\/2022\/01\/Logo_Organisator_Website.png","width":800,"height":77,"caption":"Organisator"},"image":{"@id":"https:\/\/www.organisator.ch\/#\/schema\/logo\/image\/"},"sameAs":["https:\/\/www.facebook.com\/OrganisatorFachmagazin","https:\/\/www.linkedin.com\/showcase\/organisator-das-magazin-fr-kmu","https:\/\/www.xing.com\/news\/pages\/organisator-ch-695","https:\/\/www.youtube.com\/channel\/UCGP2Sq0iWaZwT3BdIAQFYpw"]},{"@type":"Person","@id":"https:\/\/www.organisator.ch\/#\/schema\/person\/6f650f90b2842cd4c0cc334b4e36f67e","name":"thomas.berner","image":{"@type":"ImageObject","inLanguage":"de","@id":"https:\/\/secure.gravatar.com\/avatar\/ac5001d2a36cb6c6cd3e50789007ffca834b477b74a2144564522e944eabff61?s=96&d=mm&r=g","url":"https:\/\/secure.gravatar.com\/avatar\/ac5001d2a36cb6c6cd3e50789007ffca834b477b74a2144564522e944eabff61?s=96&d=mm&r=g","contentUrl":"https:\/\/secure.gravatar.com\/avatar\/ac5001d2a36cb6c6cd3e50789007ffca834b477b74a2144564522e944eabff61?s=96&d=mm&r=g","caption":"thomas.berner"},"url":"https:\/\/www.organisator.ch\/de\/author\/thomas-berner\/"}]}},"_links":{"self":[{"href":"https:\/\/www.organisator.ch\/de\/wp-json\/wp\/v2\/posts\/5152","targetHints":{"allow":["GET"]}}],"collection":[{"href":"https:\/\/www.organisator.ch\/de\/wp-json\/wp\/v2\/posts"}],"about":[{"href":"https:\/\/www.organisator.ch\/de\/wp-json\/wp\/v2\/types\/post"}],"author":[{"embeddable":true,"href":"https:\/\/www.organisator.ch\/de\/wp-json\/wp\/v2\/users\/4"}],"replies":[{"embeddable":true,"href":"https:\/\/www.organisator.ch\/de\/wp-json\/wp\/v2\/comments?post=5152"}],"version-history":[{"count":0,"href":"https:\/\/www.organisator.ch\/de\/wp-json\/wp\/v2\/posts\/5152\/revisions"}],"wp:featuredmedia":[{"embeddable":true,"href":"https:\/\/www.organisator.ch\/de\/wp-json\/wp\/v2\/media\/5153"}],"wp:attachment":[{"href":"https:\/\/www.organisator.ch\/de\/wp-json\/wp\/v2\/media?parent=5152"}],"wp:term":[{"taxonomy":"category","embeddable":true,"href":"https:\/\/www.organisator.ch\/de\/wp-json\/wp\/v2\/categories?post=5152"},{"taxonomy":"post_tag","embeddable":true,"href":"https:\/\/www.organisator.ch\/de\/wp-json\/wp\/v2\/tags?post=5152"}],"curies":[{"name":"wp","href":"https:\/\/api.w.org\/{rel}","templated":true}]}}