{"id":5181,"date":"2019-04-25T09:25:07","date_gmt":"2019-04-25T07:25:07","guid":{"rendered":"https:\/\/www.organisator.ch\/?p=5181"},"modified":"2019-04-25T09:25:07","modified_gmt":"2019-04-25T07:25:07","slug":"gia-informatik-ag-betreibt-ein-neues-datacenter-in-luzern","status":"publish","type":"post","link":"https:\/\/www.organisator.ch\/de\/management\/it\/2019-04-25\/gia-informatik-ag-betreibt-ein-neues-datacenter-in-luzern\/","title":{"rendered":"GIA Informatik AG betreibt ein neues Datacenter in Luzern"},"content":{"rendered":"<figure id=\"attachment_5182\" aria-describedby=\"caption-attachment-5182\" style=\"width: 680px\" class=\"wp-caption alignnone\"><img loading=\"lazy\" decoding=\"async\" class=\"size-medium wp-image-5182\" src=\"https:\/\/www.organisator.ch\/wp-content\/uploads\/2019\/04\/GIA-Informatik-AG-betreibt-ein-neues-Datacenter-in-Luzern_Organisator.jpg\" alt=\"\" width=\"680\" height=\"672\" srcset=\"https:\/\/www.organisator.ch\/wp-content\/uploads\/2019\/04\/GIA-Informatik-AG-betreibt-ein-neues-Datacenter-in-Luzern_Organisator.jpg 680w, https:\/\/www.organisator.ch\/wp-content\/uploads\/2019\/04\/GIA-Informatik-AG-betreibt-ein-neues-Datacenter-in-Luzern_Organisator-12x12.jpg 12w, https:\/\/www.organisator.ch\/wp-content\/uploads\/2019\/04\/GIA-Informatik-AG-betreibt-ein-neues-Datacenter-in-Luzern_Organisator-177x175.jpg 177w, https:\/\/www.organisator.ch\/wp-content\/uploads\/2019\/04\/GIA-Informatik-AG-betreibt-ein-neues-Datacenter-in-Luzern_Organisator-354x350.jpg 354w, https:\/\/www.organisator.ch\/wp-content\/uploads\/2019\/04\/GIA-Informatik-AG-betreibt-ein-neues-Datacenter-in-Luzern_Organisator-300x296.jpg 300w, https:\/\/www.organisator.ch\/wp-content\/uploads\/2019\/04\/GIA-Informatik-AG-betreibt-ein-neues-Datacenter-in-Luzern_Organisator-100x100.jpg 100w\" sizes=\"auto, (max-width: 680px) 100vw, 680px\" \/><figcaption id=\"caption-attachment-5182\" class=\"wp-caption-text\">GIA Informatik betreibt in Luzern ein neues Datacenter. \u00abMit dem neuen Datacenter Luzern erh\u00f6hen wir unseren Qualit\u00e4tsstandard erheblich\u00bb, sagt dazu Ren\u00e9 L\u00fcscher, Leiter IT-Solutions und Mitglied der Gesch\u00e4ftsleitung GIA Informatik AG. (Bild: zVg \/ GIA Informatik)<\/figcaption><\/figure>\n<p>Der zielgerichtete Ausbau ihrer Infrastruktur bildet ein Kernelement der strategischen Ausrichtung der GIA Informatik AG. Die Sicherheit f\u00fcr ihre Kunden ist das oberste Gebot der IT-Unternehmung. Sie entschied sich f\u00fcr Luzern als Standort f\u00fcr ein neues Datacenter (nunmehr das dritte), da dieser in keiner Gef\u00e4hrdungszone AKW, Erdbeben, Flughafen und Hochwasser liegt. Die CKW Fiber Services AG betreibt dieses Datacenter seit 2015 und beherbergt darin verschiedene Mieter. Anfang 2019 nahm der IT-Dienstleister aus Oftringen mit Schwerpunkten <a href=\"https:\/\/gia.ch\/services\/sap-beratung\/\">SAP<\/a>, <a href=\"https:\/\/gia.ch\/services\/digitale-transformation\/\">Cloud Computing<\/a> und <a href=\"https:\/\/gia.ch\/services\/it-services\/\">IT-Services<\/a> den Betrieb in Luzern auf. Ren\u00e9 L\u00fcscher, Leiter IT-Solutions und Mitglied der Gesch\u00e4ftsleitung GIA Informatik AG: \u00abWir sind \u00fcberzeugt, mit einem weiteren Datacenter die bestm\u00f6gliche L\u00f6sung f\u00fcr unsere Kunden anzubieten. Der neue Standort weist keine wesentlichen Risiken auf. Durch die geografische Trennung der Datacenter-Standorte stellen wir sicher, dass im Falle einer Krisensituation nicht alle Datacenter gleichzeitig betroffen sind. Mit dem neuen Datacenter Luzern erh\u00f6hen wir unseren Qualit\u00e4tsstandard erheblich.\u00bb<\/p>\n<h2><strong>Tiefe Latenzzeit bringt grosse Vorteile<\/strong><\/h2>\n<p>Das prim\u00e4re Datacenter steht weiterhin in Oftringen; hier befinden sich alle Systemklassen, die nach Verf\u00fcgbarkeit klassifiziert sind. In Luzern sind desastertolerante Systeme in Betrieb. Die Leitungen der bisherigen Datacenter der GIA Informatik AG nach Luzern werden redundant gef\u00fchrt. Das heisst, sie verlaufen auf separaten Wegen und kreuzen sich nie. Die schnellen Verbindungen stellt der IT-Dienstleister mit DWDM-Technologie und Bandbreiten von 100-Gigabit-Dark-Fiber-Standleitungen sicher. Das Datacenter in Luzern ist nach Tier Level 3 bis 4 und dem aktuellen Stand der Technik und Sicherheit gebaut. Zudem erf\u00fcllt es mit der Zertifizierung nach der Norm ISO\/IEC 27001:2013 die gleich hohen Anforderungen an das Informationssicherheitsmanagement, wie sie die GIA Informatik AG ebenfalls erf\u00fcllt. Damit werden die Vertraulichkeit, Integrit\u00e4t und Verf\u00fcgbarkeit der Informationen gew\u00e4hrleistet. Ferner ist das neue Datacenter datentechnisch gut erschlossen. Ren\u00e9 L\u00fcscher: \u00abAufgrund der relativ kurzen Distanz von unter 100 Kilometern zwischen dem Hauptsitz Oftringen und Luzern erreichen wir eine tiefe Latenzzeit, dank der die Systeme f\u00fcr die Kunden performant betrieben werden k\u00f6nnen.\u00bb<\/p>\n<h2><strong>Kundenw\u00fcnsche werden grossgeschrieben<\/strong><\/h2>\n<p>F\u00fcr die n\u00e4chsten zwei bis f\u00fcnf Jahre ist absehbar, dass die Kunden mit ihren Daten vermehrt in die Private Cloud wollen. Die GIA Informatik AG verf\u00fcgt \u00fcber gen\u00fcgend Kapazit\u00e4t f\u00fcr den Ausbau und die \u00dcbermittlung. \u00abEiner unserer essenziellen Vorteile ist die Datenhaltung Schweiz. Wir sind bekannt f\u00fcr unsere Qualit\u00e4t\u00bb, best\u00e4tigt Ren\u00e9 L\u00fcscher. \u00dcberdies ist eine georedundante Anbindung wichtig, zum Beispiel der Private Cloud an den Kundenstandort.<\/p>\n<p><em>Quelle und weitere Informationen: <a href=\"http:\/\/www.gia.ch\">www.gia.ch<\/a><\/em><\/p>\n","protected":false},"excerpt":{"rendered":"<p>Der zielgerichtete Ausbau ihrer Infrastruktur bildet ein Kernelement der strategischen Ausrichtung der GIA Informatik AG. Die Sicherheit f\u00fcr ihre Kunden ist das oberste Gebot der IT-Unternehmung. Sie entschied sich f\u00fcr Luzern als Standort f\u00fcr ein neues Datacenter (nunmehr das dritte), da dieser in keiner Gef\u00e4hrdungszone AKW, Erdbeben, Flughafen und Hochwasser liegt. Die CKW Fiber Services [&hellip;]<\/p>\n","protected":false},"author":4,"featured_media":5182,"comment_status":"open","ping_status":"open","sticky":false,"template":"","format":"standard","meta":{"_acf_changed":false,"_yoast_wpseo_focuskw":"neues Datacenter","_yoast_wpseo_metadesc":"Die GIA Informatik AG verfolgt eine Vorw\u00e4rtsstrategie und erweitert ihre Datacenterinfrastruktur mit einem dritten Standort.","articlekey":"","footnotes":""},"categories":[27],"tags":[143,286,492,508],"class_list":["post-5181","post","type-post","status-publish","format-standard","has-post-thumbnail","hentry","category-it","tag-data-center","tag-it","tag-unternehmen","tag-vermischtes"],"acf":[],"yoast_head":"<!-- This site is optimized with the Yoast SEO plugin v27.5 - https:\/\/yoast.com\/product\/yoast-seo-wordpress\/ -->\n<title>GIA Informatik AG betreibt ein neues Datacenter in Luzern - Organisator<\/title>\n<meta name=\"description\" content=\"Die GIA Informatik AG verfolgt eine Vorw\u00e4rtsstrategie und erweitert ihre Datacenterinfrastruktur mit einem dritten Standort.\" \/>\n<meta name=\"robots\" content=\"index, follow, max-snippet:-1, max-image-preview:large, max-video-preview:-1\" \/>\n<link rel=\"canonical\" href=\"https:\/\/www.organisator.ch\/de\/management\/it\/2019-04-25\/gia-informatik-ag-betreibt-ein-neues-datacenter-in-luzern\/\" \/>\n<meta property=\"og:locale\" content=\"de_DE\" \/>\n<meta property=\"og:type\" content=\"article\" \/>\n<meta property=\"og:title\" content=\"GIA Informatik AG betreibt ein neues Datacenter in Luzern\" \/>\n<meta property=\"og:description\" content=\"Die GIA Informatik AG verfolgt eine Vorw\u00e4rtsstrategie und erweitert ihre Datacenterinfrastruktur mit einem dritten Standort.\" \/>\n<meta property=\"og:url\" content=\"https:\/\/www.organisator.ch\/de\/management\/it\/2019-04-25\/gia-informatik-ag-betreibt-ein-neues-datacenter-in-luzern\/\" \/>\n<meta property=\"og:site_name\" content=\"Organisator\" \/>\n<meta property=\"article:publisher\" content=\"https:\/\/www.facebook.com\/OrganisatorFachmagazin\" \/>\n<meta property=\"article:published_time\" content=\"2019-04-25T07:25:07+00:00\" \/>\n<meta property=\"og:image\" content=\"https:\/\/www.organisator.ch\/wp-content\/uploads\/2019\/04\/GIA-Informatik-AG-betreibt-ein-neues-Datacenter-in-Luzern_Organisator.jpg\" \/>\n\t<meta property=\"og:image:width\" content=\"680\" \/>\n\t<meta property=\"og:image:height\" content=\"672\" \/>\n\t<meta property=\"og:image:type\" content=\"image\/jpeg\" \/>\n<meta name=\"author\" content=\"thomas.berner\" \/>\n<meta name=\"twitter:card\" content=\"summary_large_image\" \/>\n<meta name=\"twitter:title\" content=\"#GIA Informatik AG betreibt ein neues #Datacenter in Luzern\" \/>\n<meta name=\"twitter:description\" content=\"Die GIA Informatik AG verfolgt eine Vorw\u00e4rtsstrategie und erweitert ihre #Datacenterinfrastruktur mit einem dritten Standort.\" \/>\n<meta name=\"twitter:image\" content=\"https:\/\/www.organisator.ch\/wp-content\/uploads\/2019\/04\/GIA-Informatik-AG-betreibt-ein-neues-Datacenter-in-Luzern_Organisator.jpg\" \/>\n<script type=\"application\/ld+json\" class=\"yoast-schema-graph\">{\"@context\":\"https:\\\/\\\/schema.org\",\"@graph\":[{\"@type\":\"Article\",\"@id\":\"https:\\\/\\\/www.organisator.ch\\\/management\\\/it\\\/2019-04-25\\\/gia-informatik-ag-betreibt-ein-neues-datacenter-in-luzern\\\/#article\",\"isPartOf\":{\"@id\":\"https:\\\/\\\/www.organisator.ch\\\/management\\\/it\\\/2019-04-25\\\/gia-informatik-ag-betreibt-ein-neues-datacenter-in-luzern\\\/\"},\"author\":{\"name\":\"thomas.berner\",\"@id\":\"https:\\\/\\\/www.organisator.ch\\\/#\\\/schema\\\/person\\\/6f650f90b2842cd4c0cc334b4e36f67e\"},\"headline\":\"GIA Informatik AG betreibt ein neues Datacenter in Luzern\",\"datePublished\":\"2019-04-25T07:25:07+00:00\",\"mainEntityOfPage\":{\"@id\":\"https:\\\/\\\/www.organisator.ch\\\/management\\\/it\\\/2019-04-25\\\/gia-informatik-ag-betreibt-ein-neues-datacenter-in-luzern\\\/\"},\"wordCount\":472,\"commentCount\":1,\"publisher\":{\"@id\":\"https:\\\/\\\/www.organisator.ch\\\/#organization\"},\"image\":{\"@id\":\"https:\\\/\\\/www.organisator.ch\\\/management\\\/it\\\/2019-04-25\\\/gia-informatik-ag-betreibt-ein-neues-datacenter-in-luzern\\\/#primaryimage\"},\"thumbnailUrl\":\"https:\\\/\\\/www.organisator.ch\\\/wp-content\\\/uploads\\\/2019\\\/04\\\/GIA-Informatik-AG-betreibt-ein-neues-Datacenter-in-Luzern_Organisator.jpg\",\"keywords\":[\"Data Center\",\"IT\",\"Unternehmen\",\"Vermischtes\"],\"articleSection\":[\"IT\"],\"inLanguage\":\"de\"},{\"@type\":\"WebPage\",\"@id\":\"https:\\\/\\\/www.organisator.ch\\\/management\\\/it\\\/2019-04-25\\\/gia-informatik-ag-betreibt-ein-neues-datacenter-in-luzern\\\/\",\"url\":\"https:\\\/\\\/www.organisator.ch\\\/management\\\/it\\\/2019-04-25\\\/gia-informatik-ag-betreibt-ein-neues-datacenter-in-luzern\\\/\",\"name\":\"GIA Informatik AG betreibt ein neues Datacenter in Luzern - Organisator\",\"isPartOf\":{\"@id\":\"https:\\\/\\\/www.organisator.ch\\\/#website\"},\"primaryImageOfPage\":{\"@id\":\"https:\\\/\\\/www.organisator.ch\\\/management\\\/it\\\/2019-04-25\\\/gia-informatik-ag-betreibt-ein-neues-datacenter-in-luzern\\\/#primaryimage\"},\"image\":{\"@id\":\"https:\\\/\\\/www.organisator.ch\\\/management\\\/it\\\/2019-04-25\\\/gia-informatik-ag-betreibt-ein-neues-datacenter-in-luzern\\\/#primaryimage\"},\"thumbnailUrl\":\"https:\\\/\\\/www.organisator.ch\\\/wp-content\\\/uploads\\\/2019\\\/04\\\/GIA-Informatik-AG-betreibt-ein-neues-Datacenter-in-Luzern_Organisator.jpg\",\"datePublished\":\"2019-04-25T07:25:07+00:00\",\"description\":\"Die GIA Informatik AG verfolgt eine Vorw\u00e4rtsstrategie und erweitert ihre Datacenterinfrastruktur mit einem dritten Standort.\",\"breadcrumb\":{\"@id\":\"https:\\\/\\\/www.organisator.ch\\\/management\\\/it\\\/2019-04-25\\\/gia-informatik-ag-betreibt-ein-neues-datacenter-in-luzern\\\/#breadcrumb\"},\"inLanguage\":\"de\",\"potentialAction\":[{\"@type\":\"ReadAction\",\"target\":[\"https:\\\/\\\/www.organisator.ch\\\/management\\\/it\\\/2019-04-25\\\/gia-informatik-ag-betreibt-ein-neues-datacenter-in-luzern\\\/\"]}]},{\"@type\":\"ImageObject\",\"inLanguage\":\"de\",\"@id\":\"https:\\\/\\\/www.organisator.ch\\\/management\\\/it\\\/2019-04-25\\\/gia-informatik-ag-betreibt-ein-neues-datacenter-in-luzern\\\/#primaryimage\",\"url\":\"https:\\\/\\\/www.organisator.ch\\\/wp-content\\\/uploads\\\/2019\\\/04\\\/GIA-Informatik-AG-betreibt-ein-neues-Datacenter-in-Luzern_Organisator.jpg\",\"contentUrl\":\"https:\\\/\\\/www.organisator.ch\\\/wp-content\\\/uploads\\\/2019\\\/04\\\/GIA-Informatik-AG-betreibt-ein-neues-Datacenter-in-Luzern_Organisator.jpg\",\"width\":680,\"height\":672,\"caption\":\"GIA Informatik betreibt in Luzern ein neues Datacenter. \u00abMit dem neuen Datacenter Luzern erh\u00f6hen wir unseren Qualit\u00e4tsstandard erheblich\u00bb, sagt dazu Ren\u00e9 L\u00fcscher, Leiter IT-Solutions und Mitglied der Gesch\u00e4ftsleitung GIA Informatik AG. (Bild: zVg \\\/ GIA Informatik)\"},{\"@type\":\"BreadcrumbList\",\"@id\":\"https:\\\/\\\/www.organisator.ch\\\/management\\\/it\\\/2019-04-25\\\/gia-informatik-ag-betreibt-ein-neues-datacenter-in-luzern\\\/#breadcrumb\",\"itemListElement\":[{\"@type\":\"ListItem\",\"position\":1,\"name\":\"Home\",\"item\":\"https:\\\/\\\/www.organisator.ch\\\/\"},{\"@type\":\"ListItem\",\"position\":2,\"name\":\"GIA Informatik AG betreibt ein neues Datacenter in Luzern\"}]},{\"@type\":\"WebSite\",\"@id\":\"https:\\\/\\\/www.organisator.ch\\\/#website\",\"url\":\"https:\\\/\\\/www.organisator.ch\\\/\",\"name\":\"Organisator\",\"description\":\"Kompetent. Praxisnah. Der ORGANISATOR bereitet in 10 Ausgaben pro Jahr die wesentlichen Themen f\u00fcr F\u00fchrungskr\u00e4fte von KMU auf.\",\"publisher\":{\"@id\":\"https:\\\/\\\/www.organisator.ch\\\/#organization\"},\"potentialAction\":[{\"@type\":\"SearchAction\",\"target\":{\"@type\":\"EntryPoint\",\"urlTemplate\":\"https:\\\/\\\/www.organisator.ch\\\/?s={search_term_string}\"},\"query-input\":{\"@type\":\"PropertyValueSpecification\",\"valueRequired\":true,\"valueName\":\"search_term_string\"}}],\"inLanguage\":\"de\"},{\"@type\":\"Organization\",\"@id\":\"https:\\\/\\\/www.organisator.ch\\\/#organization\",\"name\":\"Organisator\",\"url\":\"https:\\\/\\\/www.organisator.ch\\\/\",\"logo\":{\"@type\":\"ImageObject\",\"inLanguage\":\"de\",\"@id\":\"https:\\\/\\\/www.organisator.ch\\\/#\\\/schema\\\/logo\\\/image\\\/\",\"url\":\"https:\\\/\\\/www.organisator.ch\\\/wp-content\\\/uploads\\\/2022\\\/01\\\/Logo_Organisator_Website.png\",\"contentUrl\":\"https:\\\/\\\/www.organisator.ch\\\/wp-content\\\/uploads\\\/2022\\\/01\\\/Logo_Organisator_Website.png\",\"width\":800,\"height\":77,\"caption\":\"Organisator\"},\"image\":{\"@id\":\"https:\\\/\\\/www.organisator.ch\\\/#\\\/schema\\\/logo\\\/image\\\/\"},\"sameAs\":[\"https:\\\/\\\/www.facebook.com\\\/OrganisatorFachmagazin\",\"https:\\\/\\\/www.linkedin.com\\\/showcase\\\/organisator-das-magazin-fr-kmu\",\"https:\\\/\\\/www.xing.com\\\/news\\\/pages\\\/organisator-ch-695\",\"https:\\\/\\\/www.youtube.com\\\/channel\\\/UCGP2Sq0iWaZwT3BdIAQFYpw\"]},{\"@type\":\"Person\",\"@id\":\"https:\\\/\\\/www.organisator.ch\\\/#\\\/schema\\\/person\\\/6f650f90b2842cd4c0cc334b4e36f67e\",\"name\":\"thomas.berner\",\"image\":{\"@type\":\"ImageObject\",\"inLanguage\":\"de\",\"@id\":\"https:\\\/\\\/secure.gravatar.com\\\/avatar\\\/ac5001d2a36cb6c6cd3e50789007ffca834b477b74a2144564522e944eabff61?s=96&d=mm&r=g\",\"url\":\"https:\\\/\\\/secure.gravatar.com\\\/avatar\\\/ac5001d2a36cb6c6cd3e50789007ffca834b477b74a2144564522e944eabff61?s=96&d=mm&r=g\",\"contentUrl\":\"https:\\\/\\\/secure.gravatar.com\\\/avatar\\\/ac5001d2a36cb6c6cd3e50789007ffca834b477b74a2144564522e944eabff61?s=96&d=mm&r=g\",\"caption\":\"thomas.berner\"},\"url\":\"https:\\\/\\\/www.organisator.ch\\\/de\\\/author\\\/thomas-berner\\\/\"}]}<\/script>\n<!-- \/ Yoast SEO plugin. -->","yoast_head_json":{"title":"GIA Informatik AG betreibt ein neues Datacenter in Luzern - Organisator","description":"Die GIA Informatik AG verfolgt eine Vorw\u00e4rtsstrategie und erweitert ihre Datacenterinfrastruktur mit einem dritten Standort.","robots":{"index":"index","follow":"follow","max-snippet":"max-snippet:-1","max-image-preview":"max-image-preview:large","max-video-preview":"max-video-preview:-1"},"canonical":"https:\/\/www.organisator.ch\/de\/management\/it\/2019-04-25\/gia-informatik-ag-betreibt-ein-neues-datacenter-in-luzern\/","og_locale":"de_DE","og_type":"article","og_title":"GIA Informatik AG betreibt ein neues Datacenter in Luzern","og_description":"Die GIA Informatik AG verfolgt eine Vorw\u00e4rtsstrategie und erweitert ihre Datacenterinfrastruktur mit einem dritten Standort.","og_url":"https:\/\/www.organisator.ch\/de\/management\/it\/2019-04-25\/gia-informatik-ag-betreibt-ein-neues-datacenter-in-luzern\/","og_site_name":"Organisator","article_publisher":"https:\/\/www.facebook.com\/OrganisatorFachmagazin","article_published_time":"2019-04-25T07:25:07+00:00","og_image":[{"width":680,"height":672,"url":"https:\/\/www.organisator.ch\/wp-content\/uploads\/2019\/04\/GIA-Informatik-AG-betreibt-ein-neues-Datacenter-in-Luzern_Organisator.jpg","type":"image\/jpeg"}],"author":"thomas.berner","twitter_card":"summary_large_image","twitter_title":"#GIA Informatik AG betreibt ein neues #Datacenter in Luzern","twitter_description":"Die GIA Informatik AG verfolgt eine Vorw\u00e4rtsstrategie und erweitert ihre #Datacenterinfrastruktur mit einem dritten Standort.","twitter_image":"https:\/\/www.organisator.ch\/wp-content\/uploads\/2019\/04\/GIA-Informatik-AG-betreibt-ein-neues-Datacenter-in-Luzern_Organisator.jpg","schema":{"@context":"https:\/\/schema.org","@graph":[{"@type":"Article","@id":"https:\/\/www.organisator.ch\/management\/it\/2019-04-25\/gia-informatik-ag-betreibt-ein-neues-datacenter-in-luzern\/#article","isPartOf":{"@id":"https:\/\/www.organisator.ch\/management\/it\/2019-04-25\/gia-informatik-ag-betreibt-ein-neues-datacenter-in-luzern\/"},"author":{"name":"thomas.berner","@id":"https:\/\/www.organisator.ch\/#\/schema\/person\/6f650f90b2842cd4c0cc334b4e36f67e"},"headline":"GIA Informatik AG betreibt ein neues Datacenter in Luzern","datePublished":"2019-04-25T07:25:07+00:00","mainEntityOfPage":{"@id":"https:\/\/www.organisator.ch\/management\/it\/2019-04-25\/gia-informatik-ag-betreibt-ein-neues-datacenter-in-luzern\/"},"wordCount":472,"commentCount":1,"publisher":{"@id":"https:\/\/www.organisator.ch\/#organization"},"image":{"@id":"https:\/\/www.organisator.ch\/management\/it\/2019-04-25\/gia-informatik-ag-betreibt-ein-neues-datacenter-in-luzern\/#primaryimage"},"thumbnailUrl":"https:\/\/www.organisator.ch\/wp-content\/uploads\/2019\/04\/GIA-Informatik-AG-betreibt-ein-neues-Datacenter-in-Luzern_Organisator.jpg","keywords":["Data Center","IT","Unternehmen","Vermischtes"],"articleSection":["IT"],"inLanguage":"de"},{"@type":"WebPage","@id":"https:\/\/www.organisator.ch\/management\/it\/2019-04-25\/gia-informatik-ag-betreibt-ein-neues-datacenter-in-luzern\/","url":"https:\/\/www.organisator.ch\/management\/it\/2019-04-25\/gia-informatik-ag-betreibt-ein-neues-datacenter-in-luzern\/","name":"GIA Informatik AG betreibt ein neues Datacenter in Luzern - Organisator","isPartOf":{"@id":"https:\/\/www.organisator.ch\/#website"},"primaryImageOfPage":{"@id":"https:\/\/www.organisator.ch\/management\/it\/2019-04-25\/gia-informatik-ag-betreibt-ein-neues-datacenter-in-luzern\/#primaryimage"},"image":{"@id":"https:\/\/www.organisator.ch\/management\/it\/2019-04-25\/gia-informatik-ag-betreibt-ein-neues-datacenter-in-luzern\/#primaryimage"},"thumbnailUrl":"https:\/\/www.organisator.ch\/wp-content\/uploads\/2019\/04\/GIA-Informatik-AG-betreibt-ein-neues-Datacenter-in-Luzern_Organisator.jpg","datePublished":"2019-04-25T07:25:07+00:00","description":"Die GIA Informatik AG verfolgt eine Vorw\u00e4rtsstrategie und erweitert ihre Datacenterinfrastruktur mit einem dritten Standort.","breadcrumb":{"@id":"https:\/\/www.organisator.ch\/management\/it\/2019-04-25\/gia-informatik-ag-betreibt-ein-neues-datacenter-in-luzern\/#breadcrumb"},"inLanguage":"de","potentialAction":[{"@type":"ReadAction","target":["https:\/\/www.organisator.ch\/management\/it\/2019-04-25\/gia-informatik-ag-betreibt-ein-neues-datacenter-in-luzern\/"]}]},{"@type":"ImageObject","inLanguage":"de","@id":"https:\/\/www.organisator.ch\/management\/it\/2019-04-25\/gia-informatik-ag-betreibt-ein-neues-datacenter-in-luzern\/#primaryimage","url":"https:\/\/www.organisator.ch\/wp-content\/uploads\/2019\/04\/GIA-Informatik-AG-betreibt-ein-neues-Datacenter-in-Luzern_Organisator.jpg","contentUrl":"https:\/\/www.organisator.ch\/wp-content\/uploads\/2019\/04\/GIA-Informatik-AG-betreibt-ein-neues-Datacenter-in-Luzern_Organisator.jpg","width":680,"height":672,"caption":"GIA Informatik betreibt in Luzern ein neues Datacenter. \u00abMit dem neuen Datacenter Luzern erh\u00f6hen wir unseren Qualit\u00e4tsstandard erheblich\u00bb, sagt dazu Ren\u00e9 L\u00fcscher, Leiter IT-Solutions und Mitglied der Gesch\u00e4ftsleitung GIA Informatik AG. (Bild: zVg \/ GIA Informatik)"},{"@type":"BreadcrumbList","@id":"https:\/\/www.organisator.ch\/management\/it\/2019-04-25\/gia-informatik-ag-betreibt-ein-neues-datacenter-in-luzern\/#breadcrumb","itemListElement":[{"@type":"ListItem","position":1,"name":"Home","item":"https:\/\/www.organisator.ch\/"},{"@type":"ListItem","position":2,"name":"GIA Informatik AG betreibt ein neues Datacenter in Luzern"}]},{"@type":"WebSite","@id":"https:\/\/www.organisator.ch\/#website","url":"https:\/\/www.organisator.ch\/","name":"Organisator","description":"Kompetent. Praxisnah. Der ORGANISATOR bereitet in 10 Ausgaben pro Jahr die wesentlichen Themen f\u00fcr F\u00fchrungskr\u00e4fte von KMU auf.","publisher":{"@id":"https:\/\/www.organisator.ch\/#organization"},"potentialAction":[{"@type":"SearchAction","target":{"@type":"EntryPoint","urlTemplate":"https:\/\/www.organisator.ch\/?s={search_term_string}"},"query-input":{"@type":"PropertyValueSpecification","valueRequired":true,"valueName":"search_term_string"}}],"inLanguage":"de"},{"@type":"Organization","@id":"https:\/\/www.organisator.ch\/#organization","name":"Organisator","url":"https:\/\/www.organisator.ch\/","logo":{"@type":"ImageObject","inLanguage":"de","@id":"https:\/\/www.organisator.ch\/#\/schema\/logo\/image\/","url":"https:\/\/www.organisator.ch\/wp-content\/uploads\/2022\/01\/Logo_Organisator_Website.png","contentUrl":"https:\/\/www.organisator.ch\/wp-content\/uploads\/2022\/01\/Logo_Organisator_Website.png","width":800,"height":77,"caption":"Organisator"},"image":{"@id":"https:\/\/www.organisator.ch\/#\/schema\/logo\/image\/"},"sameAs":["https:\/\/www.facebook.com\/OrganisatorFachmagazin","https:\/\/www.linkedin.com\/showcase\/organisator-das-magazin-fr-kmu","https:\/\/www.xing.com\/news\/pages\/organisator-ch-695","https:\/\/www.youtube.com\/channel\/UCGP2Sq0iWaZwT3BdIAQFYpw"]},{"@type":"Person","@id":"https:\/\/www.organisator.ch\/#\/schema\/person\/6f650f90b2842cd4c0cc334b4e36f67e","name":"thomas.berner","image":{"@type":"ImageObject","inLanguage":"de","@id":"https:\/\/secure.gravatar.com\/avatar\/ac5001d2a36cb6c6cd3e50789007ffca834b477b74a2144564522e944eabff61?s=96&d=mm&r=g","url":"https:\/\/secure.gravatar.com\/avatar\/ac5001d2a36cb6c6cd3e50789007ffca834b477b74a2144564522e944eabff61?s=96&d=mm&r=g","contentUrl":"https:\/\/secure.gravatar.com\/avatar\/ac5001d2a36cb6c6cd3e50789007ffca834b477b74a2144564522e944eabff61?s=96&d=mm&r=g","caption":"thomas.berner"},"url":"https:\/\/www.organisator.ch\/de\/author\/thomas-berner\/"}]}},"_links":{"self":[{"href":"https:\/\/www.organisator.ch\/de\/wp-json\/wp\/v2\/posts\/5181","targetHints":{"allow":["GET"]}}],"collection":[{"href":"https:\/\/www.organisator.ch\/de\/wp-json\/wp\/v2\/posts"}],"about":[{"href":"https:\/\/www.organisator.ch\/de\/wp-json\/wp\/v2\/types\/post"}],"author":[{"embeddable":true,"href":"https:\/\/www.organisator.ch\/de\/wp-json\/wp\/v2\/users\/4"}],"replies":[{"embeddable":true,"href":"https:\/\/www.organisator.ch\/de\/wp-json\/wp\/v2\/comments?post=5181"}],"version-history":[{"count":0,"href":"https:\/\/www.organisator.ch\/de\/wp-json\/wp\/v2\/posts\/5181\/revisions"}],"wp:featuredmedia":[{"embeddable":true,"href":"https:\/\/www.organisator.ch\/de\/wp-json\/wp\/v2\/media\/5182"}],"wp:attachment":[{"href":"https:\/\/www.organisator.ch\/de\/wp-json\/wp\/v2\/media?parent=5181"}],"wp:term":[{"taxonomy":"category","embeddable":true,"href":"https:\/\/www.organisator.ch\/de\/wp-json\/wp\/v2\/categories?post=5181"},{"taxonomy":"post_tag","embeddable":true,"href":"https:\/\/www.organisator.ch\/de\/wp-json\/wp\/v2\/tags?post=5181"}],"curies":[{"name":"wp","href":"https:\/\/api.w.org\/{rel}","templated":true}]}}