{"id":521,"date":"2016-05-26T11:27:40","date_gmt":"2016-05-26T09:27:40","guid":{"rendered":"http:\/\/dev.organisator.ch\/?p=521"},"modified":"2016-05-26T11:27:40","modified_gmt":"2016-05-26T09:27:40","slug":"neue-vorstandsmitglieder-beim-fachverband-procure-ch","status":"publish","type":"post","link":"https:\/\/www.organisator.ch\/de\/allgemein\/2016-05-26\/neue-vorstandsmitglieder-beim-fachverband-procure-ch\/","title":{"rendered":"Neue Vorstandsmitglieder beim Fachverband procure.ch"},"content":{"rendered":"<figure id=\"attachment_522\" aria-describedby=\"caption-attachment-522\" style=\"width: 668px\" class=\"wp-caption alignnone\"><img loading=\"lazy\" decoding=\"async\" class=\"size-medium wp-image-522\" src=\"https:\/\/organisator.ch\/wp-content\/uploads\/2016\/12\/Neue-Vorstandsmitglieder-beim-Fachverband-procure.ch-organisator-668x1000.jpg\" alt=\"\" width=\"668\" height=\"1000\" srcset=\"https:\/\/www.organisator.ch\/wp-content\/uploads\/2016\/12\/Neue-Vorstandsmitglieder-beim-Fachverband-procure.ch-organisator-668x1000.jpg 668w, https:\/\/www.organisator.ch\/wp-content\/uploads\/2016\/12\/Neue-Vorstandsmitglieder-beim-Fachverband-procure.ch-organisator-684x1024.jpg 684w, https:\/\/www.organisator.ch\/wp-content\/uploads\/2016\/12\/Neue-Vorstandsmitglieder-beim-Fachverband-procure.ch-organisator-768x1150.jpg 768w, https:\/\/www.organisator.ch\/wp-content\/uploads\/2016\/12\/Neue-Vorstandsmitglieder-beim-Fachverband-procure.ch-organisator-8x12.jpg 8w, https:\/\/www.organisator.ch\/wp-content\/uploads\/2016\/12\/Neue-Vorstandsmitglieder-beim-Fachverband-procure.ch-organisator-117x175.jpg 117w, https:\/\/www.organisator.ch\/wp-content\/uploads\/2016\/12\/Neue-Vorstandsmitglieder-beim-Fachverband-procure.ch-organisator-234x350.jpg 234w, https:\/\/www.organisator.ch\/wp-content\/uploads\/2016\/12\/Neue-Vorstandsmitglieder-beim-Fachverband-procure.ch-organisator-534x800.jpg 534w, https:\/\/www.organisator.ch\/wp-content\/uploads\/2016\/12\/Neue-Vorstandsmitglieder-beim-Fachverband-procure.ch-organisator-300x449.jpg 300w, https:\/\/www.organisator.ch\/wp-content\/uploads\/2016\/12\/Neue-Vorstandsmitglieder-beim-Fachverband-procure.ch-organisator.jpg 784w\" sizes=\"auto, (max-width: 668px) 100vw, 668px\" \/><figcaption id=\"caption-attachment-522\" class=\"wp-caption-text\">Adrian Jungo, Leiter Supply Chain Management und Immobilien, Swisscom AG und neu gew\u00e4hlter Pr\u00e4sident von procure.ch mit Andreas Kilchenmann, Gesch\u00e4ftsf\u00fchrer, WellPack AG (von links)<\/figcaption><\/figure>\n<div id='gallery-1' class='gallery galleryid-521 gallery-columns-3 gallery-size-thumbnail'><figure class='gallery-item'>\n\t\t\t<div class='gallery-icon portrait'>\n\t\t\t\t<a href='https:\/\/www.organisator.ch\/de\/allgemein\/2016-05-26\/neue-vorstandsmitglieder-beim-fachverband-procure-ch\/attachment\/neue-vorstandsmitglieder-beim-fachverband-procure-ch2-organisator\/'><img loading=\"lazy\" decoding=\"async\" width=\"150\" height=\"150\" src=\"https:\/\/www.organisator.ch\/wp-content\/uploads\/2016\/12\/Neue-Vorstandsmitglieder-beim-Fachverband-procure.ch2-organisator-150x150.jpg\" class=\"attachment-thumbnail size-thumbnail\" alt=\"\" srcset=\"https:\/\/www.organisator.ch\/wp-content\/uploads\/2016\/12\/Neue-Vorstandsmitglieder-beim-Fachverband-procure.ch2-organisator-150x150.jpg 150w, https:\/\/www.organisator.ch\/wp-content\/uploads\/2016\/12\/Neue-Vorstandsmitglieder-beim-Fachverband-procure.ch2-organisator-250x250.jpg 250w, https:\/\/www.organisator.ch\/wp-content\/uploads\/2016\/12\/Neue-Vorstandsmitglieder-beim-Fachverband-procure.ch2-organisator-100x100.jpg 100w\" sizes=\"auto, (max-width: 150px) 100vw, 150px\" \/><\/a>\n\t\t\t<\/div><\/figure><figure class='gallery-item'>\n\t\t\t<div class='gallery-icon portrait'>\n\t\t\t\t<a href='https:\/\/www.organisator.ch\/de\/allgemein\/2016-05-26\/neue-vorstandsmitglieder-beim-fachverband-procure-ch\/attachment\/neue-vorstandsmitglieder-beim-fachverband-procure-ch3-organisator\/'><img loading=\"lazy\" decoding=\"async\" width=\"150\" height=\"150\" src=\"https:\/\/www.organisator.ch\/wp-content\/uploads\/2016\/12\/Neue-Vorstandsmitglieder-beim-Fachverband-procure.ch3-organisator-150x150.jpg\" class=\"attachment-thumbnail size-thumbnail\" alt=\"\" srcset=\"https:\/\/www.organisator.ch\/wp-content\/uploads\/2016\/12\/Neue-Vorstandsmitglieder-beim-Fachverband-procure.ch3-organisator-150x150.jpg 150w, https:\/\/www.organisator.ch\/wp-content\/uploads\/2016\/12\/Neue-Vorstandsmitglieder-beim-Fachverband-procure.ch3-organisator-250x250.jpg 250w, https:\/\/www.organisator.ch\/wp-content\/uploads\/2016\/12\/Neue-Vorstandsmitglieder-beim-Fachverband-procure.ch3-organisator-100x100.jpg 100w\" sizes=\"auto, (max-width: 150px) 100vw, 150px\" \/><\/a>\n\t\t\t<\/div><\/figure>\n\t\t<\/div>\n\n<p><em>Die Referenten Hermann Scherer, Anitra Eggler und S\u00f8ren Vammen mit Moderatorin Mascha Santschi (2. v.r.) sowie Rudolf Strahm (ebenfalls mit Mascha Santschi).<\/em><\/p>\n<p>In seiner Grussbotschaft gratulierte alt Nationalrat Rudolf Strahm dem Fachverband procure.ch zu 55 Jahren erfolgreichem Man\u00f6vrieren in einer sich stetig \u00e4ndernden Bildungslandschaft. Der langj\u00e4hrige Preis\u00fcberwacher wies auf den Stellenwert der Beschaffung in der Verfahrenseffizienz von Unternehmen hin und bezeichnete die h\u00f6here Berufsbildung als Schl\u00fcsselstelle f\u00fcr die Diffusion neuer Technologien.<\/p>\n<p><strong>Anregende Referate<\/strong><\/p>\n<p>Hermann Scherer fesselte mit seinem Pl\u00e4doyer, alle sich bietenden Chancen zu nutzen. Die sogenannte Chancenintelligenz bildet f\u00fcr den deutschen Management Coach die Grundlage, um mit Mut, Motivation und Leidenschaft Mensch und Markt durch gezieltes Networking zu erobern. S\u00f8ren Vammen, CEO des d\u00e4nischen Einkaufsverbandes, misst dem Vertrauensverh\u00e4ltnis zwischen Auftraggeber und Lieferant einen hohen Stellenwert bei. Vorausgesetzt, man wolle eine langj\u00e4hrige, beiderseits befriedigende Gesch\u00e4ftsbeziehung eingehen. Value based procurement sei nur mit den richtigen, austarierten Partnern m\u00f6glich. \u00abGoldfische haben eine l\u00e4ngere Aufmerksamkeitsspanne als viele digital Werkt\u00e4tige\u00bb warf Anitra Eggler in den Raum. Die Sucht nach st\u00e4ndiger Dopaminaussch\u00fcttung degradiere den Menschen zum st\u00e4ndig erreichbaren Sklaven, der sich in den Abgr\u00fcnden des weltweiten Netzes verliere, statt sich selber zu verwirklichen. Die \u00abDigitaltherapeutin\u00bb hielt dem Publikum den Spiegel vor und bezifferte, wie viel Lebenszeit man dadurch vergeude.<\/p>\n<p><strong>Generalversammlung mit Neubesetzung des Vorstands<\/strong><\/p>\n<p>An der anschliessenden Generalversammlung stand die teilweise Neubesetzung des Vorstandes an. Adrian Jungo, oberster Beschaffungsmanager der Swisscom, wurde zum neuen Pr\u00e4sidenten gew\u00e4hlt. Nicht nur der bisherige Pr\u00e4sident, Andreas Kilchenmann, stellte aufgrund der Amtszeitbeschr\u00e4nkung sein Amt zur Verf\u00fcgung. Auch die Vorstandsmitglieder J\u00f6rg Bortoluzzi und Peter Emch taten es ihm gleich. Alle drei wurden geb\u00fchrend verabschiedet. F\u00fcr sie r\u00fcckten der CPO der HG Commerciale und neue Vorsitzende der Regionenleiter-Konferenz, Martin Aschwanden, sowie Gian-Marco Caggia, der bei den SBB den Bereich Procurement leitet, nach.<\/p>\n<p>Adrian Jungo ist seit 2012 als Leiter Supply Chain Management und Immobilien bei der Swisscom (Schweiz) AG f\u00fcr die personelle und fachliche F\u00fchrung der Divisionen Einkauf, Logistik und Immobilien der Swisscom AG verantwortlich. Davor war er in unterschiedlichen F\u00fchrungspositionen bei der Swisscom t\u00e4tig. Nach einer Ausbildung zum Betriebswirtschafter HF folgten Weiterbildungen an der Universit\u00e4t St. Gallen (Einkaufsleiter und Executive MBA). Den Fachverband procure.ch kennt er durch seine T\u00e4tigkeit im Fachbeirat und durch seine einj\u00e4hrige T\u00e4tigkeit als Vorstandsmitglied bereits sehr gut.<\/p>\n<p>Martin Aschwanden verantwortet seit 2011 bei HG Commerciale als Leiter Materialwirtschaft\/Logistik und stellvertretender Leiter Profitcenter die Bereiche Materialwirtschaft, Logistik, Immobilienunterhalt, Bauprojekte, Sicherheit und Produktion eigener Ausstellungen. Beschaffung und Logistik pr\u00e4gten als Kernaufgaben seine Laufbahn, in denen er in verschiedenen F\u00fchrungsfunktionen t\u00e4tig war. Er ist eidg. dipl. Eink\u00e4ufer und absolvierte an der FHNW den Master of Advanced Studies in Business- Prozess- und Internationales Supply Mangement. Martin Aschwanden ist als Leiter der Region Z\u00fcrich bereits langj\u00e4hrig mit dem Fachverband procure.ch verbunden.<\/p>\n<p>Gian-Marco Caggia ist seit April 2012 Leiter Einkauf Infrastruktur bei den Schweizerischen Bundesbahnen SBB. Er startete seine Karriere bei UPS United Parcel Service und war bei der Post, den SBB und der BLS in verschiedenen Funktionen f\u00fcr Einkauf und Logistik verantwortlich. An der Universit\u00e4t Bern hat Caggia zuletzt ein DAS in Wirtschaftsrecht erworben, er hat ausserdem den SKU-Lehrgang in Strategie &amp; General Management absolviert und besitzt ein eidg. Diplom als Logistikleiter.<\/p>\n<p><em><a href=\"http:\/\/www.procure.ch\" target=\"_blank\" data-cke-saved-href=\"http:\/\/www.procure.ch\" rel=\"noopener\">www.procure.ch<\/a><\/em><\/p>\n<p>&nbsp;<\/p>\n","protected":false},"excerpt":{"rendered":"<p>Die Referenten Hermann Scherer, Anitra Eggler und S\u00f8ren Vammen mit Moderatorin Mascha Santschi (2. v.r.) sowie Rudolf Strahm (ebenfalls mit Mascha Santschi). In seiner Grussbotschaft gratulierte alt Nationalrat Rudolf Strahm dem Fachverband procure.ch zu 55 Jahren erfolgreichem Man\u00f6vrieren in einer sich stetig \u00e4ndernden Bildungslandschaft. Der langj\u00e4hrige Preis\u00fcberwacher wies auf den Stellenwert der Beschaffung in der [&hellip;]<\/p>\n","protected":false},"author":1,"featured_media":522,"comment_status":"open","ping_status":"open","sticky":false,"template":"","format":"standard","meta":{"_acf_changed":false,"_yoast_wpseo_focuskw":"Fachverband","_yoast_wpseo_metadesc":"An der Generalversammlung des Fachverbands procure.ch bildete als wichtigstes Traktandum die Neubesetzung des Vorstandes auf der Agenda.","articlekey":"","footnotes":""},"categories":[1],"tags":[275,503,504],"class_list":["post-521","post","type-post","status-publish","format-standard","has-post-thumbnail","hentry","category-allgemein","tag-institutionen","tag-verbaende","tag-vereine"],"acf":[],"yoast_head":"<!-- This site is optimized with the Yoast SEO plugin v27.4 - https:\/\/yoast.com\/product\/yoast-seo-wordpress\/ -->\n<title>Neue Vorstandsmitglieder beim Fachverband procure.ch - Organisator<\/title>\n<meta name=\"description\" content=\"An der Generalversammlung des Fachverbands procure.ch bildete als wichtigstes Traktandum die Neubesetzung des Vorstandes auf der Agenda.\" \/>\n<meta name=\"robots\" content=\"index, follow, max-snippet:-1, max-image-preview:large, max-video-preview:-1\" \/>\n<link rel=\"canonical\" href=\"https:\/\/www.organisator.ch\/de\/allgemein\/2016-05-26\/neue-vorstandsmitglieder-beim-fachverband-procure-ch\/\" \/>\n<meta property=\"og:locale\" content=\"de_DE\" \/>\n<meta property=\"og:type\" content=\"article\" \/>\n<meta property=\"og:title\" content=\"Neue Vorstandsmitglieder beim Fachverband procure.ch\" \/>\n<meta property=\"og:description\" content=\"An der Fr\u00fchjahrstagung des Fachverbands procure.ch vom 19. Mai 2015 im Hotel Bellevue Palace in Bern nutzten rund 200 Teilnehmende \u2013 mehrheitlich Einkaufsprofis \u2013 die Gelegenheit zu Horizonterweiterung und fachlichem Austausch. Zum 55-Jahr-Jubil\u00e4um erwartete das Publikum Referate zu Lieferantenmanagement und zu evolution\u00e4ren Themen wie Chancen-Intelligenz und Digitalisierung. Das letzte Drittel der Veranstaltung bildete die Generalversammlung und als wichtigstes Traktandum stand die teilweise Neubesetzung des Vorstandes auf der Agenda.\" \/>\n<meta property=\"og:url\" content=\"https:\/\/www.organisator.ch\/de\/allgemein\/2016-05-26\/neue-vorstandsmitglieder-beim-fachverband-procure-ch\/\" \/>\n<meta property=\"og:site_name\" content=\"Organisator\" \/>\n<meta property=\"article:publisher\" content=\"https:\/\/www.facebook.com\/OrganisatorFachmagazin\" \/>\n<meta property=\"article:published_time\" content=\"2016-05-26T09:27:40+00:00\" \/>\n<meta name=\"author\" content=\"admin\" \/>\n<meta name=\"twitter:card\" content=\"summary_large_image\" \/>\n<meta name=\"twitter:image\" content=\"https:\/\/www.organisator.ch\/wp-content\/uploads\/2016\/12\/Neue-Vorstandsmitglieder-beim-Fachverband-procure.ch-organisator.jpg\" \/>\n<script type=\"application\/ld+json\" class=\"yoast-schema-graph\">{\"@context\":\"https:\\\/\\\/schema.org\",\"@graph\":[{\"@type\":\"Article\",\"@id\":\"https:\\\/\\\/www.organisator.ch\\\/en\\\/general\\\/2016-05-26\\\/neue-vorstandsmitglieder-beim-fachverband-procure-ch\\\/#article\",\"isPartOf\":{\"@id\":\"https:\\\/\\\/www.organisator.ch\\\/en\\\/general\\\/2016-05-26\\\/neue-vorstandsmitglieder-beim-fachverband-procure-ch\\\/\"},\"author\":{\"name\":\"admin\",\"@id\":\"https:\\\/\\\/www.organisator.ch\\\/#\\\/schema\\\/person\\\/aa2bace6c5c5aad60102004a50c4eb1c\"},\"headline\":\"Neue Vorstandsmitglieder beim Fachverband procure.ch\",\"datePublished\":\"2016-05-26T09:27:40+00:00\",\"mainEntityOfPage\":{\"@id\":\"https:\\\/\\\/www.organisator.ch\\\/en\\\/general\\\/2016-05-26\\\/neue-vorstandsmitglieder-beim-fachverband-procure-ch\\\/\"},\"wordCount\":614,\"commentCount\":0,\"publisher\":{\"@id\":\"https:\\\/\\\/www.organisator.ch\\\/#organization\"},\"image\":{\"@id\":\"https:\\\/\\\/www.organisator.ch\\\/en\\\/general\\\/2016-05-26\\\/neue-vorstandsmitglieder-beim-fachverband-procure-ch\\\/#primaryimage\"},\"thumbnailUrl\":\"https:\\\/\\\/www.organisator.ch\\\/wp-content\\\/uploads\\\/2016\\\/12\\\/Neue-Vorstandsmitglieder-beim-Fachverband-procure.ch-organisator.jpg\",\"keywords\":[\"Institutionen\",\"Verb\u00e4nde\",\"Vereine\"],\"inLanguage\":\"de\"},{\"@type\":\"WebPage\",\"@id\":\"https:\\\/\\\/www.organisator.ch\\\/en\\\/general\\\/2016-05-26\\\/neue-vorstandsmitglieder-beim-fachverband-procure-ch\\\/\",\"url\":\"https:\\\/\\\/www.organisator.ch\\\/en\\\/general\\\/2016-05-26\\\/neue-vorstandsmitglieder-beim-fachverband-procure-ch\\\/\",\"name\":\"Neue Vorstandsmitglieder beim Fachverband procure.ch - Organisator\",\"isPartOf\":{\"@id\":\"https:\\\/\\\/www.organisator.ch\\\/#website\"},\"primaryImageOfPage\":{\"@id\":\"https:\\\/\\\/www.organisator.ch\\\/en\\\/general\\\/2016-05-26\\\/neue-vorstandsmitglieder-beim-fachverband-procure-ch\\\/#primaryimage\"},\"image\":{\"@id\":\"https:\\\/\\\/www.organisator.ch\\\/en\\\/general\\\/2016-05-26\\\/neue-vorstandsmitglieder-beim-fachverband-procure-ch\\\/#primaryimage\"},\"thumbnailUrl\":\"https:\\\/\\\/www.organisator.ch\\\/wp-content\\\/uploads\\\/2016\\\/12\\\/Neue-Vorstandsmitglieder-beim-Fachverband-procure.ch-organisator.jpg\",\"datePublished\":\"2016-05-26T09:27:40+00:00\",\"description\":\"An der Generalversammlung des Fachverbands procure.ch bildete als wichtigstes Traktandum die Neubesetzung des Vorstandes auf der Agenda.\",\"breadcrumb\":{\"@id\":\"https:\\\/\\\/www.organisator.ch\\\/en\\\/general\\\/2016-05-26\\\/neue-vorstandsmitglieder-beim-fachverband-procure-ch\\\/#breadcrumb\"},\"inLanguage\":\"de\",\"potentialAction\":[{\"@type\":\"ReadAction\",\"target\":[\"https:\\\/\\\/www.organisator.ch\\\/en\\\/general\\\/2016-05-26\\\/neue-vorstandsmitglieder-beim-fachverband-procure-ch\\\/\"]}]},{\"@type\":\"ImageObject\",\"inLanguage\":\"de\",\"@id\":\"https:\\\/\\\/www.organisator.ch\\\/en\\\/general\\\/2016-05-26\\\/neue-vorstandsmitglieder-beim-fachverband-procure-ch\\\/#primaryimage\",\"url\":\"https:\\\/\\\/www.organisator.ch\\\/wp-content\\\/uploads\\\/2016\\\/12\\\/Neue-Vorstandsmitglieder-beim-Fachverband-procure.ch-organisator.jpg\",\"contentUrl\":\"https:\\\/\\\/www.organisator.ch\\\/wp-content\\\/uploads\\\/2016\\\/12\\\/Neue-Vorstandsmitglieder-beim-Fachverband-procure.ch-organisator.jpg\",\"width\":784,\"height\":1174,\"caption\":\"Adrian Jungo, Leiter Supply Chain Management und Immobilien, Swisscom AG und neu gew\u00e4hlter Pr\u00e4sident von procure.ch mit Andreas Kilchenmann, Gesch\u00e4ftsf\u00fchrer, WellPack AG (von links)\"},{\"@type\":\"BreadcrumbList\",\"@id\":\"https:\\\/\\\/www.organisator.ch\\\/en\\\/general\\\/2016-05-26\\\/neue-vorstandsmitglieder-beim-fachverband-procure-ch\\\/#breadcrumb\",\"itemListElement\":[{\"@type\":\"ListItem\",\"position\":1,\"name\":\"Home\",\"item\":\"https:\\\/\\\/www.organisator.ch\\\/\"},{\"@type\":\"ListItem\",\"position\":2,\"name\":\"Neue Vorstandsmitglieder beim Fachverband procure.ch\"}]},{\"@type\":\"WebSite\",\"@id\":\"https:\\\/\\\/www.organisator.ch\\\/#website\",\"url\":\"https:\\\/\\\/www.organisator.ch\\\/\",\"name\":\"Organisator\",\"description\":\"Kompetent. Praxisnah. Der ORGANISATOR bereitet in 10 Ausgaben pro Jahr die wesentlichen Themen f\u00fcr F\u00fchrungskr\u00e4fte von KMU auf.\",\"publisher\":{\"@id\":\"https:\\\/\\\/www.organisator.ch\\\/#organization\"},\"potentialAction\":[{\"@type\":\"SearchAction\",\"target\":{\"@type\":\"EntryPoint\",\"urlTemplate\":\"https:\\\/\\\/www.organisator.ch\\\/?s={search_term_string}\"},\"query-input\":{\"@type\":\"PropertyValueSpecification\",\"valueRequired\":true,\"valueName\":\"search_term_string\"}}],\"inLanguage\":\"de\"},{\"@type\":\"Organization\",\"@id\":\"https:\\\/\\\/www.organisator.ch\\\/#organization\",\"name\":\"Organisator\",\"url\":\"https:\\\/\\\/www.organisator.ch\\\/\",\"logo\":{\"@type\":\"ImageObject\",\"inLanguage\":\"de\",\"@id\":\"https:\\\/\\\/www.organisator.ch\\\/#\\\/schema\\\/logo\\\/image\\\/\",\"url\":\"https:\\\/\\\/www.organisator.ch\\\/wp-content\\\/uploads\\\/2022\\\/01\\\/Logo_Organisator_Website.png\",\"contentUrl\":\"https:\\\/\\\/www.organisator.ch\\\/wp-content\\\/uploads\\\/2022\\\/01\\\/Logo_Organisator_Website.png\",\"width\":800,\"height\":77,\"caption\":\"Organisator\"},\"image\":{\"@id\":\"https:\\\/\\\/www.organisator.ch\\\/#\\\/schema\\\/logo\\\/image\\\/\"},\"sameAs\":[\"https:\\\/\\\/www.facebook.com\\\/OrganisatorFachmagazin\",\"https:\\\/\\\/www.linkedin.com\\\/showcase\\\/organisator-das-magazin-fr-kmu\",\"https:\\\/\\\/www.xing.com\\\/news\\\/pages\\\/organisator-ch-695\",\"https:\\\/\\\/www.youtube.com\\\/channel\\\/UCGP2Sq0iWaZwT3BdIAQFYpw\"]},{\"@type\":\"Person\",\"@id\":\"https:\\\/\\\/www.organisator.ch\\\/#\\\/schema\\\/person\\\/aa2bace6c5c5aad60102004a50c4eb1c\",\"name\":\"admin\",\"image\":{\"@type\":\"ImageObject\",\"inLanguage\":\"de\",\"@id\":\"https:\\\/\\\/secure.gravatar.com\\\/avatar\\\/ae2f4d718e6c49043e314ce431e7e645d646302a24a5ef5a8bc8e3f5a032e319?s=96&d=mm&r=g\",\"url\":\"https:\\\/\\\/secure.gravatar.com\\\/avatar\\\/ae2f4d718e6c49043e314ce431e7e645d646302a24a5ef5a8bc8e3f5a032e319?s=96&d=mm&r=g\",\"contentUrl\":\"https:\\\/\\\/secure.gravatar.com\\\/avatar\\\/ae2f4d718e6c49043e314ce431e7e645d646302a24a5ef5a8bc8e3f5a032e319?s=96&d=mm&r=g\",\"caption\":\"admin\"},\"sameAs\":[\"https:\\\/\\\/www.organisator.ch\"],\"url\":\"https:\\\/\\\/www.organisator.ch\\\/de\\\/author\\\/admin\\\/\"}]}<\/script>\n<!-- \/ Yoast SEO plugin. -->","yoast_head_json":{"title":"Neue Vorstandsmitglieder beim Fachverband procure.ch - Organisator","description":"An der Generalversammlung des Fachverbands procure.ch bildete als wichtigstes Traktandum die Neubesetzung des Vorstandes auf der Agenda.","robots":{"index":"index","follow":"follow","max-snippet":"max-snippet:-1","max-image-preview":"max-image-preview:large","max-video-preview":"max-video-preview:-1"},"canonical":"https:\/\/www.organisator.ch\/de\/allgemein\/2016-05-26\/neue-vorstandsmitglieder-beim-fachverband-procure-ch\/","og_locale":"de_DE","og_type":"article","og_title":"Neue Vorstandsmitglieder beim Fachverband procure.ch","og_description":"An der Fr\u00fchjahrstagung des Fachverbands procure.ch vom 19. Mai 2015 im Hotel Bellevue Palace in Bern nutzten rund 200 Teilnehmende \u2013 mehrheitlich Einkaufsprofis \u2013 die Gelegenheit zu Horizonterweiterung und fachlichem Austausch. Zum 55-Jahr-Jubil\u00e4um erwartete das Publikum Referate zu Lieferantenmanagement und zu evolution\u00e4ren Themen wie Chancen-Intelligenz und Digitalisierung. Das letzte Drittel der Veranstaltung bildete die Generalversammlung und als wichtigstes Traktandum stand die teilweise Neubesetzung des Vorstandes auf der Agenda.","og_url":"https:\/\/www.organisator.ch\/de\/allgemein\/2016-05-26\/neue-vorstandsmitglieder-beim-fachverband-procure-ch\/","og_site_name":"Organisator","article_publisher":"https:\/\/www.facebook.com\/OrganisatorFachmagazin","article_published_time":"2016-05-26T09:27:40+00:00","author":"admin","twitter_card":"summary_large_image","twitter_image":"https:\/\/www.organisator.ch\/wp-content\/uploads\/2016\/12\/Neue-Vorstandsmitglieder-beim-Fachverband-procure.ch-organisator.jpg","schema":{"@context":"https:\/\/schema.org","@graph":[{"@type":"Article","@id":"https:\/\/www.organisator.ch\/en\/general\/2016-05-26\/neue-vorstandsmitglieder-beim-fachverband-procure-ch\/#article","isPartOf":{"@id":"https:\/\/www.organisator.ch\/en\/general\/2016-05-26\/neue-vorstandsmitglieder-beim-fachverband-procure-ch\/"},"author":{"name":"admin","@id":"https:\/\/www.organisator.ch\/#\/schema\/person\/aa2bace6c5c5aad60102004a50c4eb1c"},"headline":"Neue Vorstandsmitglieder beim Fachverband procure.ch","datePublished":"2016-05-26T09:27:40+00:00","mainEntityOfPage":{"@id":"https:\/\/www.organisator.ch\/en\/general\/2016-05-26\/neue-vorstandsmitglieder-beim-fachverband-procure-ch\/"},"wordCount":614,"commentCount":0,"publisher":{"@id":"https:\/\/www.organisator.ch\/#organization"},"image":{"@id":"https:\/\/www.organisator.ch\/en\/general\/2016-05-26\/neue-vorstandsmitglieder-beim-fachverband-procure-ch\/#primaryimage"},"thumbnailUrl":"https:\/\/www.organisator.ch\/wp-content\/uploads\/2016\/12\/Neue-Vorstandsmitglieder-beim-Fachverband-procure.ch-organisator.jpg","keywords":["Institutionen","Verb\u00e4nde","Vereine"],"inLanguage":"de"},{"@type":"WebPage","@id":"https:\/\/www.organisator.ch\/en\/general\/2016-05-26\/neue-vorstandsmitglieder-beim-fachverband-procure-ch\/","url":"https:\/\/www.organisator.ch\/en\/general\/2016-05-26\/neue-vorstandsmitglieder-beim-fachverband-procure-ch\/","name":"Neue Vorstandsmitglieder beim Fachverband procure.ch - Organisator","isPartOf":{"@id":"https:\/\/www.organisator.ch\/#website"},"primaryImageOfPage":{"@id":"https:\/\/www.organisator.ch\/en\/general\/2016-05-26\/neue-vorstandsmitglieder-beim-fachverband-procure-ch\/#primaryimage"},"image":{"@id":"https:\/\/www.organisator.ch\/en\/general\/2016-05-26\/neue-vorstandsmitglieder-beim-fachverband-procure-ch\/#primaryimage"},"thumbnailUrl":"https:\/\/www.organisator.ch\/wp-content\/uploads\/2016\/12\/Neue-Vorstandsmitglieder-beim-Fachverband-procure.ch-organisator.jpg","datePublished":"2016-05-26T09:27:40+00:00","description":"An der Generalversammlung des Fachverbands procure.ch bildete als wichtigstes Traktandum die Neubesetzung des Vorstandes auf der Agenda.","breadcrumb":{"@id":"https:\/\/www.organisator.ch\/en\/general\/2016-05-26\/neue-vorstandsmitglieder-beim-fachverband-procure-ch\/#breadcrumb"},"inLanguage":"de","potentialAction":[{"@type":"ReadAction","target":["https:\/\/www.organisator.ch\/en\/general\/2016-05-26\/neue-vorstandsmitglieder-beim-fachverband-procure-ch\/"]}]},{"@type":"ImageObject","inLanguage":"de","@id":"https:\/\/www.organisator.ch\/en\/general\/2016-05-26\/neue-vorstandsmitglieder-beim-fachverband-procure-ch\/#primaryimage","url":"https:\/\/www.organisator.ch\/wp-content\/uploads\/2016\/12\/Neue-Vorstandsmitglieder-beim-Fachverband-procure.ch-organisator.jpg","contentUrl":"https:\/\/www.organisator.ch\/wp-content\/uploads\/2016\/12\/Neue-Vorstandsmitglieder-beim-Fachverband-procure.ch-organisator.jpg","width":784,"height":1174,"caption":"Adrian Jungo, Leiter Supply Chain Management und Immobilien, Swisscom AG und neu gew\u00e4hlter Pr\u00e4sident von procure.ch mit Andreas Kilchenmann, Gesch\u00e4ftsf\u00fchrer, WellPack AG (von links)"},{"@type":"BreadcrumbList","@id":"https:\/\/www.organisator.ch\/en\/general\/2016-05-26\/neue-vorstandsmitglieder-beim-fachverband-procure-ch\/#breadcrumb","itemListElement":[{"@type":"ListItem","position":1,"name":"Home","item":"https:\/\/www.organisator.ch\/"},{"@type":"ListItem","position":2,"name":"Neue Vorstandsmitglieder beim Fachverband procure.ch"}]},{"@type":"WebSite","@id":"https:\/\/www.organisator.ch\/#website","url":"https:\/\/www.organisator.ch\/","name":"Organisator","description":"Kompetent. Praxisnah. Der ORGANISATOR bereitet in 10 Ausgaben pro Jahr die wesentlichen Themen f\u00fcr F\u00fchrungskr\u00e4fte von KMU auf.","publisher":{"@id":"https:\/\/www.organisator.ch\/#organization"},"potentialAction":[{"@type":"SearchAction","target":{"@type":"EntryPoint","urlTemplate":"https:\/\/www.organisator.ch\/?s={search_term_string}"},"query-input":{"@type":"PropertyValueSpecification","valueRequired":true,"valueName":"search_term_string"}}],"inLanguage":"de"},{"@type":"Organization","@id":"https:\/\/www.organisator.ch\/#organization","name":"Organisator","url":"https:\/\/www.organisator.ch\/","logo":{"@type":"ImageObject","inLanguage":"de","@id":"https:\/\/www.organisator.ch\/#\/schema\/logo\/image\/","url":"https:\/\/www.organisator.ch\/wp-content\/uploads\/2022\/01\/Logo_Organisator_Website.png","contentUrl":"https:\/\/www.organisator.ch\/wp-content\/uploads\/2022\/01\/Logo_Organisator_Website.png","width":800,"height":77,"caption":"Organisator"},"image":{"@id":"https:\/\/www.organisator.ch\/#\/schema\/logo\/image\/"},"sameAs":["https:\/\/www.facebook.com\/OrganisatorFachmagazin","https:\/\/www.linkedin.com\/showcase\/organisator-das-magazin-fr-kmu","https:\/\/www.xing.com\/news\/pages\/organisator-ch-695","https:\/\/www.youtube.com\/channel\/UCGP2Sq0iWaZwT3BdIAQFYpw"]},{"@type":"Person","@id":"https:\/\/www.organisator.ch\/#\/schema\/person\/aa2bace6c5c5aad60102004a50c4eb1c","name":"admin","image":{"@type":"ImageObject","inLanguage":"de","@id":"https:\/\/secure.gravatar.com\/avatar\/ae2f4d718e6c49043e314ce431e7e645d646302a24a5ef5a8bc8e3f5a032e319?s=96&d=mm&r=g","url":"https:\/\/secure.gravatar.com\/avatar\/ae2f4d718e6c49043e314ce431e7e645d646302a24a5ef5a8bc8e3f5a032e319?s=96&d=mm&r=g","contentUrl":"https:\/\/secure.gravatar.com\/avatar\/ae2f4d718e6c49043e314ce431e7e645d646302a24a5ef5a8bc8e3f5a032e319?s=96&d=mm&r=g","caption":"admin"},"sameAs":["https:\/\/www.organisator.ch"],"url":"https:\/\/www.organisator.ch\/de\/author\/admin\/"}]}},"_links":{"self":[{"href":"https:\/\/www.organisator.ch\/de\/wp-json\/wp\/v2\/posts\/521","targetHints":{"allow":["GET"]}}],"collection":[{"href":"https:\/\/www.organisator.ch\/de\/wp-json\/wp\/v2\/posts"}],"about":[{"href":"https:\/\/www.organisator.ch\/de\/wp-json\/wp\/v2\/types\/post"}],"author":[{"embeddable":true,"href":"https:\/\/www.organisator.ch\/de\/wp-json\/wp\/v2\/users\/1"}],"replies":[{"embeddable":true,"href":"https:\/\/www.organisator.ch\/de\/wp-json\/wp\/v2\/comments?post=521"}],"version-history":[{"count":0,"href":"https:\/\/www.organisator.ch\/de\/wp-json\/wp\/v2\/posts\/521\/revisions"}],"wp:featuredmedia":[{"embeddable":true,"href":"https:\/\/www.organisator.ch\/de\/wp-json\/wp\/v2\/media\/522"}],"wp:attachment":[{"href":"https:\/\/www.organisator.ch\/de\/wp-json\/wp\/v2\/media?parent=521"}],"wp:term":[{"taxonomy":"category","embeddable":true,"href":"https:\/\/www.organisator.ch\/de\/wp-json\/wp\/v2\/categories?post=521"},{"taxonomy":"post_tag","embeddable":true,"href":"https:\/\/www.organisator.ch\/de\/wp-json\/wp\/v2\/tags?post=521"}],"curies":[{"name":"wp","href":"https:\/\/api.w.org\/{rel}","templated":true}]}}