{"id":5213,"date":"2019-05-03T09:34:42","date_gmt":"2019-05-03T07:34:42","guid":{"rendered":"https:\/\/www.organisator.ch\/?p=5213"},"modified":"2019-05-03T09:34:42","modified_gmt":"2019-05-03T07:34:42","slug":"cloud-trends-wege-aus-dem-cloud-chaos","status":"publish","type":"post","link":"https:\/\/www.organisator.ch\/de\/management\/it\/2019-05-03\/cloud-trends-wege-aus-dem-cloud-chaos\/","title":{"rendered":"Cloud Trends \u2013 Wege aus dem Cloud-Chaos?"},"content":{"rendered":"<figure id=\"attachment_5214\" aria-describedby=\"caption-attachment-5214\" style=\"width: 680px\" class=\"wp-caption alignnone\"><img loading=\"lazy\" decoding=\"async\" class=\"size-medium wp-image-5214\" src=\"https:\/\/www.organisator.ch\/wp-content\/uploads\/2019\/05\/Cloud-Trends-Wege-aus-dem-Cloud-Chaos_Organisator.jpg\" alt=\"\" width=\"680\" height=\"499\" srcset=\"https:\/\/www.organisator.ch\/wp-content\/uploads\/2019\/05\/Cloud-Trends-Wege-aus-dem-Cloud-Chaos_Organisator.jpg 680w, https:\/\/www.organisator.ch\/wp-content\/uploads\/2019\/05\/Cloud-Trends-Wege-aus-dem-Cloud-Chaos_Organisator-16x12.jpg 16w, https:\/\/www.organisator.ch\/wp-content\/uploads\/2019\/05\/Cloud-Trends-Wege-aus-dem-Cloud-Chaos_Organisator-238x175.jpg 238w, https:\/\/www.organisator.ch\/wp-content\/uploads\/2019\/05\/Cloud-Trends-Wege-aus-dem-Cloud-Chaos_Organisator-477x350.jpg 477w, https:\/\/www.organisator.ch\/wp-content\/uploads\/2019\/05\/Cloud-Trends-Wege-aus-dem-Cloud-Chaos_Organisator-300x220.jpg 300w\" sizes=\"auto, (max-width: 680px) 100vw, 680px\" \/><figcaption id=\"caption-attachment-5214\" class=\"wp-caption-text\">Kein Cloud-Chaos: So sehen Unternehmen die Vorteile einer Multi Cloud-Strategie. (Grafik: Interxion)<\/figcaption><\/figure>\n<p>Der Weg in die Multi-Cloud f\u00fchrte oft \u00fcber die \u201eSchatten-IT\u201c, wie 28,7% der Befragten in einer neuen Studie best\u00e4tigen. Oder aber dieser Weg war unkoordiniert bedarfsgetrieben. In Unternehmen drohte das Cloud-Chaos. Wie wird das Thema von Schweizer Unternehmen angegangen und welche Herausforderungen stellen sich? Das haben die Marktforscher von Research in Action im Auftrag von Interxion untersucht. Research in Action hat daf\u00fcr 1400 Personen aus sieben europ\u00e4ischen L\u00e4ndern befragt, 150 davon aus der Schweiz.<\/p>\n<h2>Multi-Cloud ist f\u00fcr viele bereits Realit\u00e4t<\/h2>\n<p>Die Antworten ergeben, dass 89,3% der Schweizer Unternehmen sich derzeit mit einer integrierten Multi-Cloud-Strategie besch\u00e4ftigen. Nur 8% haben diese schon implementiert, aber jedes Dritte plant dies f\u00fcr die kommenden 18 Monate. Weitere 41.3% planen eine langfristige Umsetzung. Nur 7,4% ignorieren das Thema bisher, bzw. nutzen keine oder nur eine Cloud. Damit ist die Multi-Cloud f\u00fcr einen Grossteil der Schweizer Unternehmen Realit\u00e4t \u2013 doch wie sieht es im Detail aus?<\/p>\n<h2>Das Ranking nach Branchen<\/h2>\n<p>Der Bereich \u201eTechnologie und Beratung\u201c ist aktuell mit 26,4% am weitesten bei der Implementierung einer Multi-Cloud-Strategie. Auf den weiteren Pl\u00e4tzen liegen \u201eMedien und Telekommunikation\u201c mit 15,4% sowie dem Finanzsektor mit 13,2%. Schlusslicht sind der Einzelhandel sowie \u201eTransport und Logistik\u201c mit 3,5%.<\/p>\n<h2>Die Vorteile der Multi-Cloud<\/h2>\n<p>Die Kostensenkung durch Multi-Cloud ist f\u00fcr 30,7% der Schweizer Unternehmen der wichtigste Faktor. 26% der Befragten sch\u00e4tzen die fachlichen Vorteile und Schwerpunkte der Angebote in der Multi-Cloud und deren optimale flexible Nutzung. Hauptgr\u00fcnde Drei und Vier sind mit 15,3% die Maximierung der Ausfallsicherheit f\u00fcr Services und die Vermeidung eines Vendor Lock-ins mit einem Wert von 12,7%.<\/p>\n<h2>Die Herausforderungen mit der Multi-Cloud<\/h2>\n<p>Bei den Herausforderungen auf dem Weg in die Multi-Cloud nannten 30% der Befragten vor allem die Integration der Services als potenzielles technisches Hindernis. 22% sehen Sicherheitsrisiken durch die Verwendung verschiedener Cloud-Dienste als H\u00fcrde auf dem Weg in die Multi-Cloud. F\u00fcr 10% passt Multi-Cloud nicht in die Strategie des Unternehmens.<\/p>\n<h2>Der Ausblick auf die Multi-Cloud<\/h2>\n<p>Wenn es um die Nutzung von Hybrid-Cloud-Services geht, wird als vielversprechendster Bereich, mit 36%, Infrastructure as a Service (IaaS) genannt, 30% sehen in Plattform as a Service (PaaS) den gr\u00f6ssten Nutzen, 10% nennen Software as a Service (SaaS) und 20,7% ganz allgemein hybride Infrastrukturen.<\/p>\n<h2>Welches Cloud Angebot soll es sein?<\/h2>\n<p>Die 150 Befragten sehen die Zukunft der Multi-Cloud mit 28,7% rein bei den Hyperscalern, 23.3% der Studienteilnehmer nennen branchenspezifische Cloud-Angebote in Kombination mit Hyperscalern. Hier stellen Angebote, die eine einfache Nutzung der Hyperscaler und ihre Vernetzung mit der unternehmenseigenen Infrastruktur erm\u00f6glichen eine wertvolle Hilfe dar. Sie stellen sichere und hochperfomante private Cloud-Zug\u00e4nge von Hyperscalern wie Microsoft Azure, Google Cloud oder Amazon Web Services \u00fcber eine physikalische Verbindung bereit. Daneben bietet es sich an, sich in Colo-cation-Datacentern direkt mit den dortigen Cloud-PoPs zu verbinden.<\/p>\n<p>In der Schweiz bietet Interxion die direkte Verbindung via PoP zu Google Cloud, AWS und Microsoft Azure. Bei den beiden letztgenannten sind es die einzigen PoPs in der Schweiz. Mithilfe des Services Cloud Connect ist dar\u00fcber hinaus, auch zus\u00e4tzlich die Verbindung in die Clouds von IBM und Oracle m\u00f6glich.<\/p>\n<p><em><a href=\"https:\/\/interxion.build\/de\/studie-cloud-trends-2020-wege-aus-dem-cloud-chaos\/\">Quelle<\/a><\/em><\/p>\n","protected":false},"excerpt":{"rendered":"<p>Der Weg in die Multi-Cloud f\u00fchrte oft \u00fcber die \u201eSchatten-IT\u201c, wie 28,7% der Befragten in einer neuen Studie best\u00e4tigen. Oder aber dieser Weg war unkoordiniert bedarfsgetrieben. In Unternehmen drohte das Cloud-Chaos. Wie wird das Thema von Schweizer Unternehmen angegangen und welche Herausforderungen stellen sich? Das haben die Marktforscher von Research in Action im Auftrag von [&hellip;]<\/p>\n","protected":false},"author":4,"featured_media":5214,"comment_status":"open","ping_status":"open","sticky":false,"template":"","format":"standard","meta":{"_acf_changed":false,"_yoast_wpseo_focuskw":"Cloud-Chaos","_yoast_wpseo_metadesc":"Schweizer Unternehmen setzen vermehrt auf den Einsatz von Cloud Computing. Insbesondere die Multi Cloud-Strategie ist immer weiter verbreitet.","articlekey":"","footnotes":""},"categories":[27],"tags":[123,286,459],"class_list":["post-5213","post","type-post","status-publish","format-standard","has-post-thumbnail","hentry","category-it","tag-cloud-computing","tag-it","tag-studie"],"acf":[],"yoast_head":"<!-- This site is optimized with the Yoast SEO plugin v27.5 - https:\/\/yoast.com\/product\/yoast-seo-wordpress\/ -->\n<title>Cloud Trends \u2013 Wege aus dem Cloud-Chaos? - Organisator<\/title>\n<meta name=\"description\" content=\"Schweizer Unternehmen setzen vermehrt auf den Einsatz von Cloud Computing. Insbesondere die Multi Cloud-Strategie ist immer weiter verbreitet.\" \/>\n<meta name=\"robots\" content=\"index, follow, max-snippet:-1, max-image-preview:large, max-video-preview:-1\" \/>\n<link rel=\"canonical\" href=\"https:\/\/www.organisator.ch\/de\/management\/it\/2019-05-03\/cloud-trends-wege-aus-dem-cloud-chaos\/\" \/>\n<meta property=\"og:locale\" content=\"de_DE\" \/>\n<meta property=\"og:type\" content=\"article\" \/>\n<meta property=\"og:title\" content=\"Cloud Trends \u2013 Wege aus dem Cloud-Chaos?\" \/>\n<meta property=\"og:description\" content=\"Schweizer Unternehmen setzen vermehrt auf den Einsatz von Cloud Computing. Insbesondere die Multi Cloud-Strategie ist immer weiter verbreitet.\" \/>\n<meta property=\"og:url\" content=\"https:\/\/www.organisator.ch\/de\/management\/it\/2019-05-03\/cloud-trends-wege-aus-dem-cloud-chaos\/\" \/>\n<meta property=\"og:site_name\" content=\"Organisator\" \/>\n<meta property=\"article:publisher\" content=\"https:\/\/www.facebook.com\/OrganisatorFachmagazin\" \/>\n<meta property=\"article:published_time\" content=\"2019-05-03T07:34:42+00:00\" \/>\n<meta property=\"og:image\" content=\"https:\/\/www.organisator.ch\/wp-content\/uploads\/2019\/05\/Cloud-Trends-Wege-aus-dem-Cloud-Chaos_Organisator.jpg\" \/>\n\t<meta property=\"og:image:width\" content=\"680\" \/>\n\t<meta property=\"og:image:height\" content=\"499\" \/>\n\t<meta property=\"og:image:type\" content=\"image\/jpeg\" \/>\n<meta name=\"author\" content=\"thomas.berner\" \/>\n<meta name=\"twitter:card\" content=\"summary_large_image\" \/>\n<meta name=\"twitter:title\" content=\"Cloud Trends \u2013 Wege aus dem #Cloud-Chaos?\" \/>\n<meta name=\"twitter:description\" content=\"Schweizer Unternehmen setzen vermehrt auf den Einsatz von #Cloud Computing. Insbesondere die Multi Cloud-Strategie ist immer weiter verbreitet.\" \/>\n<meta name=\"twitter:image\" content=\"https:\/\/www.organisator.ch\/wp-content\/uploads\/2019\/05\/Cloud-Trends-Wege-aus-dem-Cloud-Chaos_Organisator.jpg\" \/>\n<script type=\"application\/ld+json\" class=\"yoast-schema-graph\">{\"@context\":\"https:\\\/\\\/schema.org\",\"@graph\":[{\"@type\":\"Article\",\"@id\":\"https:\\\/\\\/www.organisator.ch\\\/management\\\/it\\\/2019-05-03\\\/cloud-trends-wege-aus-dem-cloud-chaos\\\/#article\",\"isPartOf\":{\"@id\":\"https:\\\/\\\/www.organisator.ch\\\/management\\\/it\\\/2019-05-03\\\/cloud-trends-wege-aus-dem-cloud-chaos\\\/\"},\"author\":{\"name\":\"thomas.berner\",\"@id\":\"https:\\\/\\\/www.organisator.ch\\\/#\\\/schema\\\/person\\\/6f650f90b2842cd4c0cc334b4e36f67e\"},\"headline\":\"Cloud Trends \u2013 Wege aus dem Cloud-Chaos?\",\"datePublished\":\"2019-05-03T07:34:42+00:00\",\"mainEntityOfPage\":{\"@id\":\"https:\\\/\\\/www.organisator.ch\\\/management\\\/it\\\/2019-05-03\\\/cloud-trends-wege-aus-dem-cloud-chaos\\\/\"},\"wordCount\":518,\"commentCount\":0,\"publisher\":{\"@id\":\"https:\\\/\\\/www.organisator.ch\\\/#organization\"},\"image\":{\"@id\":\"https:\\\/\\\/www.organisator.ch\\\/management\\\/it\\\/2019-05-03\\\/cloud-trends-wege-aus-dem-cloud-chaos\\\/#primaryimage\"},\"thumbnailUrl\":\"https:\\\/\\\/www.organisator.ch\\\/wp-content\\\/uploads\\\/2019\\\/05\\\/Cloud-Trends-Wege-aus-dem-Cloud-Chaos_Organisator.jpg\",\"keywords\":[\"Cloud Computing\",\"IT\",\"Studie\"],\"articleSection\":[\"IT\"],\"inLanguage\":\"de\"},{\"@type\":\"WebPage\",\"@id\":\"https:\\\/\\\/www.organisator.ch\\\/management\\\/it\\\/2019-05-03\\\/cloud-trends-wege-aus-dem-cloud-chaos\\\/\",\"url\":\"https:\\\/\\\/www.organisator.ch\\\/management\\\/it\\\/2019-05-03\\\/cloud-trends-wege-aus-dem-cloud-chaos\\\/\",\"name\":\"Cloud Trends \u2013 Wege aus dem Cloud-Chaos? - Organisator\",\"isPartOf\":{\"@id\":\"https:\\\/\\\/www.organisator.ch\\\/#website\"},\"primaryImageOfPage\":{\"@id\":\"https:\\\/\\\/www.organisator.ch\\\/management\\\/it\\\/2019-05-03\\\/cloud-trends-wege-aus-dem-cloud-chaos\\\/#primaryimage\"},\"image\":{\"@id\":\"https:\\\/\\\/www.organisator.ch\\\/management\\\/it\\\/2019-05-03\\\/cloud-trends-wege-aus-dem-cloud-chaos\\\/#primaryimage\"},\"thumbnailUrl\":\"https:\\\/\\\/www.organisator.ch\\\/wp-content\\\/uploads\\\/2019\\\/05\\\/Cloud-Trends-Wege-aus-dem-Cloud-Chaos_Organisator.jpg\",\"datePublished\":\"2019-05-03T07:34:42+00:00\",\"description\":\"Schweizer Unternehmen setzen vermehrt auf den Einsatz von Cloud Computing. Insbesondere die Multi Cloud-Strategie ist immer weiter verbreitet.\",\"breadcrumb\":{\"@id\":\"https:\\\/\\\/www.organisator.ch\\\/management\\\/it\\\/2019-05-03\\\/cloud-trends-wege-aus-dem-cloud-chaos\\\/#breadcrumb\"},\"inLanguage\":\"de\",\"potentialAction\":[{\"@type\":\"ReadAction\",\"target\":[\"https:\\\/\\\/www.organisator.ch\\\/management\\\/it\\\/2019-05-03\\\/cloud-trends-wege-aus-dem-cloud-chaos\\\/\"]}]},{\"@type\":\"ImageObject\",\"inLanguage\":\"de\",\"@id\":\"https:\\\/\\\/www.organisator.ch\\\/management\\\/it\\\/2019-05-03\\\/cloud-trends-wege-aus-dem-cloud-chaos\\\/#primaryimage\",\"url\":\"https:\\\/\\\/www.organisator.ch\\\/wp-content\\\/uploads\\\/2019\\\/05\\\/Cloud-Trends-Wege-aus-dem-Cloud-Chaos_Organisator.jpg\",\"contentUrl\":\"https:\\\/\\\/www.organisator.ch\\\/wp-content\\\/uploads\\\/2019\\\/05\\\/Cloud-Trends-Wege-aus-dem-Cloud-Chaos_Organisator.jpg\",\"width\":680,\"height\":499,\"caption\":\"Kein Cloud-Chaos: So sehen Unternehmen die Vorteile einer Multi Cloud-Strategie. (Grafik: Interxion)\"},{\"@type\":\"BreadcrumbList\",\"@id\":\"https:\\\/\\\/www.organisator.ch\\\/management\\\/it\\\/2019-05-03\\\/cloud-trends-wege-aus-dem-cloud-chaos\\\/#breadcrumb\",\"itemListElement\":[{\"@type\":\"ListItem\",\"position\":1,\"name\":\"Home\",\"item\":\"https:\\\/\\\/www.organisator.ch\\\/\"},{\"@type\":\"ListItem\",\"position\":2,\"name\":\"Cloud Trends \u2013 Wege aus dem Cloud-Chaos?\"}]},{\"@type\":\"WebSite\",\"@id\":\"https:\\\/\\\/www.organisator.ch\\\/#website\",\"url\":\"https:\\\/\\\/www.organisator.ch\\\/\",\"name\":\"Organisator\",\"description\":\"Kompetent. Praxisnah. Der ORGANISATOR bereitet in 10 Ausgaben pro Jahr die wesentlichen Themen f\u00fcr F\u00fchrungskr\u00e4fte von KMU auf.\",\"publisher\":{\"@id\":\"https:\\\/\\\/www.organisator.ch\\\/#organization\"},\"potentialAction\":[{\"@type\":\"SearchAction\",\"target\":{\"@type\":\"EntryPoint\",\"urlTemplate\":\"https:\\\/\\\/www.organisator.ch\\\/?s={search_term_string}\"},\"query-input\":{\"@type\":\"PropertyValueSpecification\",\"valueRequired\":true,\"valueName\":\"search_term_string\"}}],\"inLanguage\":\"de\"},{\"@type\":\"Organization\",\"@id\":\"https:\\\/\\\/www.organisator.ch\\\/#organization\",\"name\":\"Organisator\",\"url\":\"https:\\\/\\\/www.organisator.ch\\\/\",\"logo\":{\"@type\":\"ImageObject\",\"inLanguage\":\"de\",\"@id\":\"https:\\\/\\\/www.organisator.ch\\\/#\\\/schema\\\/logo\\\/image\\\/\",\"url\":\"https:\\\/\\\/www.organisator.ch\\\/wp-content\\\/uploads\\\/2022\\\/01\\\/Logo_Organisator_Website.png\",\"contentUrl\":\"https:\\\/\\\/www.organisator.ch\\\/wp-content\\\/uploads\\\/2022\\\/01\\\/Logo_Organisator_Website.png\",\"width\":800,\"height\":77,\"caption\":\"Organisator\"},\"image\":{\"@id\":\"https:\\\/\\\/www.organisator.ch\\\/#\\\/schema\\\/logo\\\/image\\\/\"},\"sameAs\":[\"https:\\\/\\\/www.facebook.com\\\/OrganisatorFachmagazin\",\"https:\\\/\\\/www.linkedin.com\\\/showcase\\\/organisator-das-magazin-fr-kmu\",\"https:\\\/\\\/www.xing.com\\\/news\\\/pages\\\/organisator-ch-695\",\"https:\\\/\\\/www.youtube.com\\\/channel\\\/UCGP2Sq0iWaZwT3BdIAQFYpw\"]},{\"@type\":\"Person\",\"@id\":\"https:\\\/\\\/www.organisator.ch\\\/#\\\/schema\\\/person\\\/6f650f90b2842cd4c0cc334b4e36f67e\",\"name\":\"thomas.berner\",\"image\":{\"@type\":\"ImageObject\",\"inLanguage\":\"de\",\"@id\":\"https:\\\/\\\/secure.gravatar.com\\\/avatar\\\/ac5001d2a36cb6c6cd3e50789007ffca834b477b74a2144564522e944eabff61?s=96&d=mm&r=g\",\"url\":\"https:\\\/\\\/secure.gravatar.com\\\/avatar\\\/ac5001d2a36cb6c6cd3e50789007ffca834b477b74a2144564522e944eabff61?s=96&d=mm&r=g\",\"contentUrl\":\"https:\\\/\\\/secure.gravatar.com\\\/avatar\\\/ac5001d2a36cb6c6cd3e50789007ffca834b477b74a2144564522e944eabff61?s=96&d=mm&r=g\",\"caption\":\"thomas.berner\"},\"url\":\"https:\\\/\\\/www.organisator.ch\\\/de\\\/author\\\/thomas-berner\\\/\"}]}<\/script>\n<!-- \/ Yoast SEO plugin. -->","yoast_head_json":{"title":"Cloud Trends \u2013 Wege aus dem Cloud-Chaos? - Organisator","description":"Schweizer Unternehmen setzen vermehrt auf den Einsatz von Cloud Computing. Insbesondere die Multi Cloud-Strategie ist immer weiter verbreitet.","robots":{"index":"index","follow":"follow","max-snippet":"max-snippet:-1","max-image-preview":"max-image-preview:large","max-video-preview":"max-video-preview:-1"},"canonical":"https:\/\/www.organisator.ch\/de\/management\/it\/2019-05-03\/cloud-trends-wege-aus-dem-cloud-chaos\/","og_locale":"de_DE","og_type":"article","og_title":"Cloud Trends \u2013 Wege aus dem Cloud-Chaos?","og_description":"Schweizer Unternehmen setzen vermehrt auf den Einsatz von Cloud Computing. Insbesondere die Multi Cloud-Strategie ist immer weiter verbreitet.","og_url":"https:\/\/www.organisator.ch\/de\/management\/it\/2019-05-03\/cloud-trends-wege-aus-dem-cloud-chaos\/","og_site_name":"Organisator","article_publisher":"https:\/\/www.facebook.com\/OrganisatorFachmagazin","article_published_time":"2019-05-03T07:34:42+00:00","og_image":[{"width":680,"height":499,"url":"https:\/\/www.organisator.ch\/wp-content\/uploads\/2019\/05\/Cloud-Trends-Wege-aus-dem-Cloud-Chaos_Organisator.jpg","type":"image\/jpeg"}],"author":"thomas.berner","twitter_card":"summary_large_image","twitter_title":"Cloud Trends \u2013 Wege aus dem #Cloud-Chaos?","twitter_description":"Schweizer Unternehmen setzen vermehrt auf den Einsatz von #Cloud Computing. Insbesondere die Multi Cloud-Strategie ist immer weiter verbreitet.","twitter_image":"https:\/\/www.organisator.ch\/wp-content\/uploads\/2019\/05\/Cloud-Trends-Wege-aus-dem-Cloud-Chaos_Organisator.jpg","schema":{"@context":"https:\/\/schema.org","@graph":[{"@type":"Article","@id":"https:\/\/www.organisator.ch\/management\/it\/2019-05-03\/cloud-trends-wege-aus-dem-cloud-chaos\/#article","isPartOf":{"@id":"https:\/\/www.organisator.ch\/management\/it\/2019-05-03\/cloud-trends-wege-aus-dem-cloud-chaos\/"},"author":{"name":"thomas.berner","@id":"https:\/\/www.organisator.ch\/#\/schema\/person\/6f650f90b2842cd4c0cc334b4e36f67e"},"headline":"Cloud Trends \u2013 Wege aus dem Cloud-Chaos?","datePublished":"2019-05-03T07:34:42+00:00","mainEntityOfPage":{"@id":"https:\/\/www.organisator.ch\/management\/it\/2019-05-03\/cloud-trends-wege-aus-dem-cloud-chaos\/"},"wordCount":518,"commentCount":0,"publisher":{"@id":"https:\/\/www.organisator.ch\/#organization"},"image":{"@id":"https:\/\/www.organisator.ch\/management\/it\/2019-05-03\/cloud-trends-wege-aus-dem-cloud-chaos\/#primaryimage"},"thumbnailUrl":"https:\/\/www.organisator.ch\/wp-content\/uploads\/2019\/05\/Cloud-Trends-Wege-aus-dem-Cloud-Chaos_Organisator.jpg","keywords":["Cloud Computing","IT","Studie"],"articleSection":["IT"],"inLanguage":"de"},{"@type":"WebPage","@id":"https:\/\/www.organisator.ch\/management\/it\/2019-05-03\/cloud-trends-wege-aus-dem-cloud-chaos\/","url":"https:\/\/www.organisator.ch\/management\/it\/2019-05-03\/cloud-trends-wege-aus-dem-cloud-chaos\/","name":"Cloud Trends \u2013 Wege aus dem Cloud-Chaos? - Organisator","isPartOf":{"@id":"https:\/\/www.organisator.ch\/#website"},"primaryImageOfPage":{"@id":"https:\/\/www.organisator.ch\/management\/it\/2019-05-03\/cloud-trends-wege-aus-dem-cloud-chaos\/#primaryimage"},"image":{"@id":"https:\/\/www.organisator.ch\/management\/it\/2019-05-03\/cloud-trends-wege-aus-dem-cloud-chaos\/#primaryimage"},"thumbnailUrl":"https:\/\/www.organisator.ch\/wp-content\/uploads\/2019\/05\/Cloud-Trends-Wege-aus-dem-Cloud-Chaos_Organisator.jpg","datePublished":"2019-05-03T07:34:42+00:00","description":"Schweizer Unternehmen setzen vermehrt auf den Einsatz von Cloud Computing. Insbesondere die Multi Cloud-Strategie ist immer weiter verbreitet.","breadcrumb":{"@id":"https:\/\/www.organisator.ch\/management\/it\/2019-05-03\/cloud-trends-wege-aus-dem-cloud-chaos\/#breadcrumb"},"inLanguage":"de","potentialAction":[{"@type":"ReadAction","target":["https:\/\/www.organisator.ch\/management\/it\/2019-05-03\/cloud-trends-wege-aus-dem-cloud-chaos\/"]}]},{"@type":"ImageObject","inLanguage":"de","@id":"https:\/\/www.organisator.ch\/management\/it\/2019-05-03\/cloud-trends-wege-aus-dem-cloud-chaos\/#primaryimage","url":"https:\/\/www.organisator.ch\/wp-content\/uploads\/2019\/05\/Cloud-Trends-Wege-aus-dem-Cloud-Chaos_Organisator.jpg","contentUrl":"https:\/\/www.organisator.ch\/wp-content\/uploads\/2019\/05\/Cloud-Trends-Wege-aus-dem-Cloud-Chaos_Organisator.jpg","width":680,"height":499,"caption":"Kein Cloud-Chaos: So sehen Unternehmen die Vorteile einer Multi Cloud-Strategie. (Grafik: Interxion)"},{"@type":"BreadcrumbList","@id":"https:\/\/www.organisator.ch\/management\/it\/2019-05-03\/cloud-trends-wege-aus-dem-cloud-chaos\/#breadcrumb","itemListElement":[{"@type":"ListItem","position":1,"name":"Home","item":"https:\/\/www.organisator.ch\/"},{"@type":"ListItem","position":2,"name":"Cloud Trends \u2013 Wege aus dem Cloud-Chaos?"}]},{"@type":"WebSite","@id":"https:\/\/www.organisator.ch\/#website","url":"https:\/\/www.organisator.ch\/","name":"Organisator","description":"Kompetent. Praxisnah. Der ORGANISATOR bereitet in 10 Ausgaben pro Jahr die wesentlichen Themen f\u00fcr F\u00fchrungskr\u00e4fte von KMU auf.","publisher":{"@id":"https:\/\/www.organisator.ch\/#organization"},"potentialAction":[{"@type":"SearchAction","target":{"@type":"EntryPoint","urlTemplate":"https:\/\/www.organisator.ch\/?s={search_term_string}"},"query-input":{"@type":"PropertyValueSpecification","valueRequired":true,"valueName":"search_term_string"}}],"inLanguage":"de"},{"@type":"Organization","@id":"https:\/\/www.organisator.ch\/#organization","name":"Organisator","url":"https:\/\/www.organisator.ch\/","logo":{"@type":"ImageObject","inLanguage":"de","@id":"https:\/\/www.organisator.ch\/#\/schema\/logo\/image\/","url":"https:\/\/www.organisator.ch\/wp-content\/uploads\/2022\/01\/Logo_Organisator_Website.png","contentUrl":"https:\/\/www.organisator.ch\/wp-content\/uploads\/2022\/01\/Logo_Organisator_Website.png","width":800,"height":77,"caption":"Organisator"},"image":{"@id":"https:\/\/www.organisator.ch\/#\/schema\/logo\/image\/"},"sameAs":["https:\/\/www.facebook.com\/OrganisatorFachmagazin","https:\/\/www.linkedin.com\/showcase\/organisator-das-magazin-fr-kmu","https:\/\/www.xing.com\/news\/pages\/organisator-ch-695","https:\/\/www.youtube.com\/channel\/UCGP2Sq0iWaZwT3BdIAQFYpw"]},{"@type":"Person","@id":"https:\/\/www.organisator.ch\/#\/schema\/person\/6f650f90b2842cd4c0cc334b4e36f67e","name":"thomas.berner","image":{"@type":"ImageObject","inLanguage":"de","@id":"https:\/\/secure.gravatar.com\/avatar\/ac5001d2a36cb6c6cd3e50789007ffca834b477b74a2144564522e944eabff61?s=96&d=mm&r=g","url":"https:\/\/secure.gravatar.com\/avatar\/ac5001d2a36cb6c6cd3e50789007ffca834b477b74a2144564522e944eabff61?s=96&d=mm&r=g","contentUrl":"https:\/\/secure.gravatar.com\/avatar\/ac5001d2a36cb6c6cd3e50789007ffca834b477b74a2144564522e944eabff61?s=96&d=mm&r=g","caption":"thomas.berner"},"url":"https:\/\/www.organisator.ch\/de\/author\/thomas-berner\/"}]}},"_links":{"self":[{"href":"https:\/\/www.organisator.ch\/de\/wp-json\/wp\/v2\/posts\/5213","targetHints":{"allow":["GET"]}}],"collection":[{"href":"https:\/\/www.organisator.ch\/de\/wp-json\/wp\/v2\/posts"}],"about":[{"href":"https:\/\/www.organisator.ch\/de\/wp-json\/wp\/v2\/types\/post"}],"author":[{"embeddable":true,"href":"https:\/\/www.organisator.ch\/de\/wp-json\/wp\/v2\/users\/4"}],"replies":[{"embeddable":true,"href":"https:\/\/www.organisator.ch\/de\/wp-json\/wp\/v2\/comments?post=5213"}],"version-history":[{"count":0,"href":"https:\/\/www.organisator.ch\/de\/wp-json\/wp\/v2\/posts\/5213\/revisions"}],"wp:featuredmedia":[{"embeddable":true,"href":"https:\/\/www.organisator.ch\/de\/wp-json\/wp\/v2\/media\/5214"}],"wp:attachment":[{"href":"https:\/\/www.organisator.ch\/de\/wp-json\/wp\/v2\/media?parent=5213"}],"wp:term":[{"taxonomy":"category","embeddable":true,"href":"https:\/\/www.organisator.ch\/de\/wp-json\/wp\/v2\/categories?post=5213"},{"taxonomy":"post_tag","embeddable":true,"href":"https:\/\/www.organisator.ch\/de\/wp-json\/wp\/v2\/tags?post=5213"}],"curies":[{"name":"wp","href":"https:\/\/api.w.org\/{rel}","templated":true}]}}