{"id":5240,"date":"2019-05-14T08:07:21","date_gmt":"2019-05-14T06:07:21","guid":{"rendered":"https:\/\/www.organisator.ch\/?p=5240"},"modified":"2019-05-14T08:07:21","modified_gmt":"2019-05-14T06:07:21","slug":"rekordergebnis-im-jubilaeumsjahr","status":"publish","type":"post","link":"https:\/\/www.organisator.ch\/de\/management\/2019-05-14\/rekordergebnis-im-jubilaeumsjahr\/","title":{"rendered":"Rekordergebnis im Jubil\u00e4umsjahr"},"content":{"rendered":"<figure id=\"attachment_5241\" aria-describedby=\"caption-attachment-5241\" style=\"width: 680px\" class=\"wp-caption alignnone\"><img loading=\"lazy\" decoding=\"async\" class=\"size-medium wp-image-5241\" src=\"https:\/\/www.organisator.ch\/wp-content\/uploads\/2019\/05\/Rekordergebnis-im-Jubilaeumsjahr_Organisator.jpg\" alt=\"\" width=\"680\" height=\"523\" srcset=\"https:\/\/www.organisator.ch\/wp-content\/uploads\/2019\/05\/Rekordergebnis-im-Jubilaeumsjahr_Organisator.jpg 680w, https:\/\/www.organisator.ch\/wp-content\/uploads\/2019\/05\/Rekordergebnis-im-Jubilaeumsjahr_Organisator-16x12.jpg 16w, https:\/\/www.organisator.ch\/wp-content\/uploads\/2019\/05\/Rekordergebnis-im-Jubilaeumsjahr_Organisator-228x175.jpg 228w, https:\/\/www.organisator.ch\/wp-content\/uploads\/2019\/05\/Rekordergebnis-im-Jubilaeumsjahr_Organisator-455x350.jpg 455w, https:\/\/www.organisator.ch\/wp-content\/uploads\/2019\/05\/Rekordergebnis-im-Jubilaeumsjahr_Organisator-300x231.jpg 300w\" sizes=\"auto, (max-width: 680px) 100vw, 680px\" \/><figcaption id=\"caption-attachment-5241\" class=\"wp-caption-text\">Dr. Hans Michael Kellner, CEO von Messer Schweiz, sieht mit Genugtuung das Rekordergebnis des deutschen Mutterhauses. (Bild: zVg).<\/figcaption><\/figure>\n<p>Rekordergebnis im Jubil\u00e4umsjahr des Industriegase-Spezialisten: Der konsolidierte Umsatz von Messer stieg um rund zehn Prozent von 1,232 Milliarden Euro im Vorjahr auf 1,350 Milliarden Euro in 2018. Gleichzeitig erzielte Messer ein E-BITDA in H\u00f6he von 366 Millionen Euro. Dies entspricht einer Steigerung von rund 26 Prozent im Vergleich zum Vorjahr. Ma\u00dfgeblich trugen die Gesch\u00e4fte von Messer in China und Vietnam mit einer Umsatzsteigerung von rund 27 Prozent bzw. rund 18 Prozent zum Wachstum bei.<\/p>\n<h2>Neue globale M\u00e4rkte erschlossen<\/h2>\n<p>H\u00f6hepunkt des Jahres 2018 war die Vereinbarung mit Linde und Praxair zur \u00dcbernahme der aufgrund kartellrechtlicher Auflagen zu verkaufenden Gesch\u00e4fte in Amerika: So hat Messer im M\u00e4rz 2019 zusammen mit dem Finanzpartner CVC Capital Partners den \u00fcberwiegenden Teil der Linde-Aktivit\u00e4ten in den USA sowie die kompletten Linde-Gesellschaften in Brasilien, Kanada und Kolumbien und die chilenische Gesellschaft von Praxair \u00fcbernommen. Dadurch wird Messer seinen Gesch\u00e4ftsumfang verdoppeln. \u201eWir haben neue Gesch\u00e4ftsfelder und M\u00e4rkte erschlossen, in Wachstum und Versorgungssicherheit investiert und uns auf die Bed\u00fcrfnisse unserer Kunden fokussiert. Dieser Weg f\u00fchrte uns 2018 zum besten Gesch\u00e4ftsjahr unserer bisherigen Firmengeschichte\u201c, sagt CEO Stefan Messer.<\/p>\n<h2>Nachhaltig investiert und agiert<\/h2>\n<p>Die Investitionen der Messer Group GmbH beliefen sich im Gesch\u00e4ftsjahr 2018 auf rund 240 Millionen Euro und betrafen im Wesentlichen den Bau von Luftzerlegungsanlagen in Vietnam sowie Produktionsanlagen in Ungarn und China. \u201eDurch vorausschauende Investitionen garantieren wir unsere Eigenst\u00e4ndigkeit und Unabh\u00e4ngigkeit. Damit geben wir unseren Mitarbeitern, Gesch\u00e4ftspartnern und Finanzpartnern langfristig Sicherheit in der Zusammenarbeit\u201c, erkl\u00e4rt Dr. Uwe Bechtolf, Chief Financial Officer der Messer Group GmbH. In Deutschland errichtet Messer eine neue Produktionsanlage f\u00fcr Luftgase in Speyer sowie eine Anlage zur Herstellung von Wasserstoff in Castrop-Rauxel.<\/p>\n<p>Bereits seit 2014 ver\u00f6ffentlicht Messer j\u00e4hrlich einen Nachhaltigkeits-Bericht und legt freiwillig seine Kennzahlen in den Bereichen Umwelt- und Klimaschutz, Sicherheit, soziales Engagement, nachhaltiges Wachstum, Mitarbeiter- und Kundenorientierung offen. Der Bericht orientiert sich an den Standards der internationalen Global Reporting Initiative (GRI).<\/p>\n<p><em>Quelle und weitere Informationen: www.messer.ch<\/em><\/p>\n","protected":false},"excerpt":{"rendered":"<p>Rekordergebnis im Jubil\u00e4umsjahr des Industriegase-Spezialisten: Der konsolidierte Umsatz von Messer stieg um rund zehn Prozent von 1,232 Milliarden Euro im Vorjahr auf 1,350 Milliarden Euro in 2018. Gleichzeitig erzielte Messer ein E-BITDA in H\u00f6he von 366 Millionen Euro. Dies entspricht einer Steigerung von rund 26 Prozent im Vergleich zum Vorjahr. Ma\u00dfgeblich trugen die Gesch\u00e4fte von [&hellip;]<\/p>\n","protected":false},"author":4,"featured_media":5241,"comment_status":"open","ping_status":"open","sticky":false,"template":"","format":"standard","meta":{"_acf_changed":false,"_yoast_wpseo_focuskw":"Rekordergebnis","_yoast_wpseo_metadesc":"Geburtstag gefeiert, Rekordergebnis eingefahren: Der Industriegasespezialist Messer schloss das Gesch\u00e4ftsjahr 2018 mit einer positiven Bilanz ab.","articlekey":"","footnotes":""},"categories":[28],"tags":[236,492,508],"class_list":["post-5240","post","type-post","status-publish","format-standard","has-post-thumbnail","hentry","category-management","tag-geschaeftsbericht","tag-unternehmen","tag-vermischtes"],"acf":[],"yoast_head":"<!-- This site is optimized with the Yoast SEO plugin v27.4 - https:\/\/yoast.com\/product\/yoast-seo-wordpress\/ -->\n<title>Rekordergebnis im Jubil\u00e4umsjahr - Organisator<\/title>\n<meta name=\"description\" content=\"Geburtstag gefeiert, Rekordergebnis eingefahren: Der Industriegasespezialist Messer schloss das Gesch\u00e4ftsjahr 2018 mit einer positiven Bilanz ab.\" \/>\n<meta name=\"robots\" content=\"index, follow, max-snippet:-1, max-image-preview:large, max-video-preview:-1\" \/>\n<link rel=\"canonical\" href=\"https:\/\/www.organisator.ch\/de\/management\/2019-05-14\/rekordergebnis-im-jubilaeumsjahr\/\" \/>\n<meta property=\"og:locale\" content=\"de_DE\" \/>\n<meta property=\"og:type\" content=\"article\" \/>\n<meta property=\"og:title\" content=\"Rekordergebnis im Jubil\u00e4umsjahr\" \/>\n<meta property=\"og:description\" content=\"Geburtstag gefeiert, Rekordergebnis eingefahren: Der Industriegasespezialist Messer schloss das Gesch\u00e4ftsjahr 2018 mit einer positiven Bilanz ab.\" \/>\n<meta property=\"og:url\" content=\"https:\/\/www.organisator.ch\/de\/management\/2019-05-14\/rekordergebnis-im-jubilaeumsjahr\/\" \/>\n<meta property=\"og:site_name\" content=\"Organisator\" \/>\n<meta property=\"article:publisher\" content=\"https:\/\/www.facebook.com\/OrganisatorFachmagazin\" \/>\n<meta property=\"article:published_time\" content=\"2019-05-14T06:07:21+00:00\" \/>\n<meta property=\"og:image\" content=\"https:\/\/www.organisator.ch\/wp-content\/uploads\/2019\/05\/Rekordergebnis-im-Jubilaeumsjahr_Organisator.jpg\" \/>\n\t<meta property=\"og:image:width\" content=\"680\" \/>\n\t<meta property=\"og:image:height\" content=\"523\" \/>\n\t<meta property=\"og:image:type\" content=\"image\/jpeg\" \/>\n<meta name=\"author\" content=\"thomas.berner\" \/>\n<meta name=\"twitter:card\" content=\"summary_large_image\" \/>\n<meta name=\"twitter:title\" content=\"#Rekordergebnis im #Jubil\u00e4umsjahr\" \/>\n<meta name=\"twitter:description\" content=\"Geburtstag gefeiert, #Rekordergebnis eingefahren: Der #Industriegasespezialist Messer schloss das Gesch\u00e4ftsjahr 2018 mit einer positiven Bilanz ab.\" \/>\n<meta name=\"twitter:image\" content=\"https:\/\/www.organisator.ch\/wp-content\/uploads\/2019\/05\/Rekordergebnis-im-Jubil\u00e4umsjahr_Organisator.jpg\" \/>\n<script type=\"application\/ld+json\" class=\"yoast-schema-graph\">{\"@context\":\"https:\\\/\\\/schema.org\",\"@graph\":[{\"@type\":\"Article\",\"@id\":\"https:\\\/\\\/www.organisator.ch\\\/management\\\/2019-05-14\\\/rekordergebnis-im-jubilaeumsjahr\\\/#article\",\"isPartOf\":{\"@id\":\"https:\\\/\\\/www.organisator.ch\\\/management\\\/2019-05-14\\\/rekordergebnis-im-jubilaeumsjahr\\\/\"},\"author\":{\"name\":\"thomas.berner\",\"@id\":\"https:\\\/\\\/www.organisator.ch\\\/#\\\/schema\\\/person\\\/6f650f90b2842cd4c0cc334b4e36f67e\"},\"headline\":\"Rekordergebnis im Jubil\u00e4umsjahr\",\"datePublished\":\"2019-05-14T06:07:21+00:00\",\"mainEntityOfPage\":{\"@id\":\"https:\\\/\\\/www.organisator.ch\\\/management\\\/2019-05-14\\\/rekordergebnis-im-jubilaeumsjahr\\\/\"},\"wordCount\":354,\"commentCount\":0,\"publisher\":{\"@id\":\"https:\\\/\\\/www.organisator.ch\\\/#organization\"},\"image\":{\"@id\":\"https:\\\/\\\/www.organisator.ch\\\/management\\\/2019-05-14\\\/rekordergebnis-im-jubilaeumsjahr\\\/#primaryimage\"},\"thumbnailUrl\":\"https:\\\/\\\/www.organisator.ch\\\/wp-content\\\/uploads\\\/2019\\\/05\\\/Rekordergebnis-im-Jubilaeumsjahr_Organisator.jpg\",\"keywords\":[\"Gesch\u00e4ftsbericht\",\"Unternehmen\",\"Vermischtes\"],\"articleSection\":[\"MANAGEMENT\"],\"inLanguage\":\"de\"},{\"@type\":\"WebPage\",\"@id\":\"https:\\\/\\\/www.organisator.ch\\\/management\\\/2019-05-14\\\/rekordergebnis-im-jubilaeumsjahr\\\/\",\"url\":\"https:\\\/\\\/www.organisator.ch\\\/management\\\/2019-05-14\\\/rekordergebnis-im-jubilaeumsjahr\\\/\",\"name\":\"Rekordergebnis im Jubil\u00e4umsjahr - Organisator\",\"isPartOf\":{\"@id\":\"https:\\\/\\\/www.organisator.ch\\\/#website\"},\"primaryImageOfPage\":{\"@id\":\"https:\\\/\\\/www.organisator.ch\\\/management\\\/2019-05-14\\\/rekordergebnis-im-jubilaeumsjahr\\\/#primaryimage\"},\"image\":{\"@id\":\"https:\\\/\\\/www.organisator.ch\\\/management\\\/2019-05-14\\\/rekordergebnis-im-jubilaeumsjahr\\\/#primaryimage\"},\"thumbnailUrl\":\"https:\\\/\\\/www.organisator.ch\\\/wp-content\\\/uploads\\\/2019\\\/05\\\/Rekordergebnis-im-Jubilaeumsjahr_Organisator.jpg\",\"datePublished\":\"2019-05-14T06:07:21+00:00\",\"description\":\"Geburtstag gefeiert, Rekordergebnis eingefahren: Der Industriegasespezialist Messer schloss das Gesch\u00e4ftsjahr 2018 mit einer positiven Bilanz ab.\",\"breadcrumb\":{\"@id\":\"https:\\\/\\\/www.organisator.ch\\\/management\\\/2019-05-14\\\/rekordergebnis-im-jubilaeumsjahr\\\/#breadcrumb\"},\"inLanguage\":\"de\",\"potentialAction\":[{\"@type\":\"ReadAction\",\"target\":[\"https:\\\/\\\/www.organisator.ch\\\/management\\\/2019-05-14\\\/rekordergebnis-im-jubilaeumsjahr\\\/\"]}]},{\"@type\":\"ImageObject\",\"inLanguage\":\"de\",\"@id\":\"https:\\\/\\\/www.organisator.ch\\\/management\\\/2019-05-14\\\/rekordergebnis-im-jubilaeumsjahr\\\/#primaryimage\",\"url\":\"https:\\\/\\\/www.organisator.ch\\\/wp-content\\\/uploads\\\/2019\\\/05\\\/Rekordergebnis-im-Jubilaeumsjahr_Organisator.jpg\",\"contentUrl\":\"https:\\\/\\\/www.organisator.ch\\\/wp-content\\\/uploads\\\/2019\\\/05\\\/Rekordergebnis-im-Jubilaeumsjahr_Organisator.jpg\",\"width\":680,\"height\":523,\"caption\":\"Dr. Hans-Michael Kellner, CEO von Messer Schweiz, sieht mit Genugtuung das Rekordergebnis des deutschen Mutterhauses. (Bild: zVg).\"},{\"@type\":\"BreadcrumbList\",\"@id\":\"https:\\\/\\\/www.organisator.ch\\\/management\\\/2019-05-14\\\/rekordergebnis-im-jubilaeumsjahr\\\/#breadcrumb\",\"itemListElement\":[{\"@type\":\"ListItem\",\"position\":1,\"name\":\"Home\",\"item\":\"https:\\\/\\\/www.organisator.ch\\\/\"},{\"@type\":\"ListItem\",\"position\":2,\"name\":\"Rekordergebnis im Jubil\u00e4umsjahr\"}]},{\"@type\":\"WebSite\",\"@id\":\"https:\\\/\\\/www.organisator.ch\\\/#website\",\"url\":\"https:\\\/\\\/www.organisator.ch\\\/\",\"name\":\"Organisator\",\"description\":\"Kompetent. Praxisnah. Der ORGANISATOR bereitet in 10 Ausgaben pro Jahr die wesentlichen Themen f\u00fcr F\u00fchrungskr\u00e4fte von KMU auf.\",\"publisher\":{\"@id\":\"https:\\\/\\\/www.organisator.ch\\\/#organization\"},\"potentialAction\":[{\"@type\":\"SearchAction\",\"target\":{\"@type\":\"EntryPoint\",\"urlTemplate\":\"https:\\\/\\\/www.organisator.ch\\\/?s={search_term_string}\"},\"query-input\":{\"@type\":\"PropertyValueSpecification\",\"valueRequired\":true,\"valueName\":\"search_term_string\"}}],\"inLanguage\":\"de\"},{\"@type\":\"Organization\",\"@id\":\"https:\\\/\\\/www.organisator.ch\\\/#organization\",\"name\":\"Organisator\",\"url\":\"https:\\\/\\\/www.organisator.ch\\\/\",\"logo\":{\"@type\":\"ImageObject\",\"inLanguage\":\"de\",\"@id\":\"https:\\\/\\\/www.organisator.ch\\\/#\\\/schema\\\/logo\\\/image\\\/\",\"url\":\"https:\\\/\\\/www.organisator.ch\\\/wp-content\\\/uploads\\\/2022\\\/01\\\/Logo_Organisator_Website.png\",\"contentUrl\":\"https:\\\/\\\/www.organisator.ch\\\/wp-content\\\/uploads\\\/2022\\\/01\\\/Logo_Organisator_Website.png\",\"width\":800,\"height\":77,\"caption\":\"Organisator\"},\"image\":{\"@id\":\"https:\\\/\\\/www.organisator.ch\\\/#\\\/schema\\\/logo\\\/image\\\/\"},\"sameAs\":[\"https:\\\/\\\/www.facebook.com\\\/OrganisatorFachmagazin\",\"https:\\\/\\\/www.linkedin.com\\\/showcase\\\/organisator-das-magazin-fr-kmu\",\"https:\\\/\\\/www.xing.com\\\/news\\\/pages\\\/organisator-ch-695\",\"https:\\\/\\\/www.youtube.com\\\/channel\\\/UCGP2Sq0iWaZwT3BdIAQFYpw\"]},{\"@type\":\"Person\",\"@id\":\"https:\\\/\\\/www.organisator.ch\\\/#\\\/schema\\\/person\\\/6f650f90b2842cd4c0cc334b4e36f67e\",\"name\":\"thomas.berner\",\"image\":{\"@type\":\"ImageObject\",\"inLanguage\":\"de\",\"@id\":\"https:\\\/\\\/secure.gravatar.com\\\/avatar\\\/ac5001d2a36cb6c6cd3e50789007ffca834b477b74a2144564522e944eabff61?s=96&d=mm&r=g\",\"url\":\"https:\\\/\\\/secure.gravatar.com\\\/avatar\\\/ac5001d2a36cb6c6cd3e50789007ffca834b477b74a2144564522e944eabff61?s=96&d=mm&r=g\",\"contentUrl\":\"https:\\\/\\\/secure.gravatar.com\\\/avatar\\\/ac5001d2a36cb6c6cd3e50789007ffca834b477b74a2144564522e944eabff61?s=96&d=mm&r=g\",\"caption\":\"thomas.berner\"},\"url\":\"https:\\\/\\\/www.organisator.ch\\\/de\\\/author\\\/thomas-berner\\\/\"}]}<\/script>\n<!-- \/ Yoast SEO plugin. -->","yoast_head_json":{"title":"Rekordergebnis im Jubil\u00e4umsjahr - Organisator","description":"Geburtstag gefeiert, Rekordergebnis eingefahren: Der Industriegasespezialist Messer schloss das Gesch\u00e4ftsjahr 2018 mit einer positiven Bilanz ab.","robots":{"index":"index","follow":"follow","max-snippet":"max-snippet:-1","max-image-preview":"max-image-preview:large","max-video-preview":"max-video-preview:-1"},"canonical":"https:\/\/www.organisator.ch\/de\/management\/2019-05-14\/rekordergebnis-im-jubilaeumsjahr\/","og_locale":"de_DE","og_type":"article","og_title":"Rekordergebnis im Jubil\u00e4umsjahr","og_description":"Geburtstag gefeiert, Rekordergebnis eingefahren: Der Industriegasespezialist Messer schloss das Gesch\u00e4ftsjahr 2018 mit einer positiven Bilanz ab.","og_url":"https:\/\/www.organisator.ch\/de\/management\/2019-05-14\/rekordergebnis-im-jubilaeumsjahr\/","og_site_name":"Organisator","article_publisher":"https:\/\/www.facebook.com\/OrganisatorFachmagazin","article_published_time":"2019-05-14T06:07:21+00:00","og_image":[{"width":680,"height":523,"url":"https:\/\/www.organisator.ch\/wp-content\/uploads\/2019\/05\/Rekordergebnis-im-Jubilaeumsjahr_Organisator.jpg","type":"image\/jpeg"}],"author":"thomas.berner","twitter_card":"summary_large_image","twitter_title":"#Rekordergebnis im #Jubil\u00e4umsjahr","twitter_description":"Geburtstag gefeiert, #Rekordergebnis eingefahren: Der #Industriegasespezialist Messer schloss das Gesch\u00e4ftsjahr 2018 mit einer positiven Bilanz ab.","twitter_image":"https:\/\/www.organisator.ch\/wp-content\/uploads\/2019\/05\/Rekordergebnis-im-Jubil\u00e4umsjahr_Organisator.jpg","schema":{"@context":"https:\/\/schema.org","@graph":[{"@type":"Article","@id":"https:\/\/www.organisator.ch\/management\/2019-05-14\/rekordergebnis-im-jubilaeumsjahr\/#article","isPartOf":{"@id":"https:\/\/www.organisator.ch\/management\/2019-05-14\/rekordergebnis-im-jubilaeumsjahr\/"},"author":{"name":"thomas.berner","@id":"https:\/\/www.organisator.ch\/#\/schema\/person\/6f650f90b2842cd4c0cc334b4e36f67e"},"headline":"Rekordergebnis im Jubil\u00e4umsjahr","datePublished":"2019-05-14T06:07:21+00:00","mainEntityOfPage":{"@id":"https:\/\/www.organisator.ch\/management\/2019-05-14\/rekordergebnis-im-jubilaeumsjahr\/"},"wordCount":354,"commentCount":0,"publisher":{"@id":"https:\/\/www.organisator.ch\/#organization"},"image":{"@id":"https:\/\/www.organisator.ch\/management\/2019-05-14\/rekordergebnis-im-jubilaeumsjahr\/#primaryimage"},"thumbnailUrl":"https:\/\/www.organisator.ch\/wp-content\/uploads\/2019\/05\/Rekordergebnis-im-Jubilaeumsjahr_Organisator.jpg","keywords":["Gesch\u00e4ftsbericht","Unternehmen","Vermischtes"],"articleSection":["MANAGEMENT"],"inLanguage":"de"},{"@type":"WebPage","@id":"https:\/\/www.organisator.ch\/management\/2019-05-14\/rekordergebnis-im-jubilaeumsjahr\/","url":"https:\/\/www.organisator.ch\/management\/2019-05-14\/rekordergebnis-im-jubilaeumsjahr\/","name":"Rekordergebnis im Jubil\u00e4umsjahr - Organisator","isPartOf":{"@id":"https:\/\/www.organisator.ch\/#website"},"primaryImageOfPage":{"@id":"https:\/\/www.organisator.ch\/management\/2019-05-14\/rekordergebnis-im-jubilaeumsjahr\/#primaryimage"},"image":{"@id":"https:\/\/www.organisator.ch\/management\/2019-05-14\/rekordergebnis-im-jubilaeumsjahr\/#primaryimage"},"thumbnailUrl":"https:\/\/www.organisator.ch\/wp-content\/uploads\/2019\/05\/Rekordergebnis-im-Jubilaeumsjahr_Organisator.jpg","datePublished":"2019-05-14T06:07:21+00:00","description":"Geburtstag gefeiert, Rekordergebnis eingefahren: Der Industriegasespezialist Messer schloss das Gesch\u00e4ftsjahr 2018 mit einer positiven Bilanz ab.","breadcrumb":{"@id":"https:\/\/www.organisator.ch\/management\/2019-05-14\/rekordergebnis-im-jubilaeumsjahr\/#breadcrumb"},"inLanguage":"de","potentialAction":[{"@type":"ReadAction","target":["https:\/\/www.organisator.ch\/management\/2019-05-14\/rekordergebnis-im-jubilaeumsjahr\/"]}]},{"@type":"ImageObject","inLanguage":"de","@id":"https:\/\/www.organisator.ch\/management\/2019-05-14\/rekordergebnis-im-jubilaeumsjahr\/#primaryimage","url":"https:\/\/www.organisator.ch\/wp-content\/uploads\/2019\/05\/Rekordergebnis-im-Jubilaeumsjahr_Organisator.jpg","contentUrl":"https:\/\/www.organisator.ch\/wp-content\/uploads\/2019\/05\/Rekordergebnis-im-Jubilaeumsjahr_Organisator.jpg","width":680,"height":523,"caption":"Dr. Hans-Michael Kellner, CEO von Messer Schweiz, sieht mit Genugtuung das Rekordergebnis des deutschen Mutterhauses. (Bild: zVg)."},{"@type":"BreadcrumbList","@id":"https:\/\/www.organisator.ch\/management\/2019-05-14\/rekordergebnis-im-jubilaeumsjahr\/#breadcrumb","itemListElement":[{"@type":"ListItem","position":1,"name":"Home","item":"https:\/\/www.organisator.ch\/"},{"@type":"ListItem","position":2,"name":"Rekordergebnis im Jubil\u00e4umsjahr"}]},{"@type":"WebSite","@id":"https:\/\/www.organisator.ch\/#website","url":"https:\/\/www.organisator.ch\/","name":"Organisator","description":"Kompetent. Praxisnah. Der ORGANISATOR bereitet in 10 Ausgaben pro Jahr die wesentlichen Themen f\u00fcr F\u00fchrungskr\u00e4fte von KMU auf.","publisher":{"@id":"https:\/\/www.organisator.ch\/#organization"},"potentialAction":[{"@type":"SearchAction","target":{"@type":"EntryPoint","urlTemplate":"https:\/\/www.organisator.ch\/?s={search_term_string}"},"query-input":{"@type":"PropertyValueSpecification","valueRequired":true,"valueName":"search_term_string"}}],"inLanguage":"de"},{"@type":"Organization","@id":"https:\/\/www.organisator.ch\/#organization","name":"Organisator","url":"https:\/\/www.organisator.ch\/","logo":{"@type":"ImageObject","inLanguage":"de","@id":"https:\/\/www.organisator.ch\/#\/schema\/logo\/image\/","url":"https:\/\/www.organisator.ch\/wp-content\/uploads\/2022\/01\/Logo_Organisator_Website.png","contentUrl":"https:\/\/www.organisator.ch\/wp-content\/uploads\/2022\/01\/Logo_Organisator_Website.png","width":800,"height":77,"caption":"Organisator"},"image":{"@id":"https:\/\/www.organisator.ch\/#\/schema\/logo\/image\/"},"sameAs":["https:\/\/www.facebook.com\/OrganisatorFachmagazin","https:\/\/www.linkedin.com\/showcase\/organisator-das-magazin-fr-kmu","https:\/\/www.xing.com\/news\/pages\/organisator-ch-695","https:\/\/www.youtube.com\/channel\/UCGP2Sq0iWaZwT3BdIAQFYpw"]},{"@type":"Person","@id":"https:\/\/www.organisator.ch\/#\/schema\/person\/6f650f90b2842cd4c0cc334b4e36f67e","name":"thomas.berner","image":{"@type":"ImageObject","inLanguage":"de","@id":"https:\/\/secure.gravatar.com\/avatar\/ac5001d2a36cb6c6cd3e50789007ffca834b477b74a2144564522e944eabff61?s=96&d=mm&r=g","url":"https:\/\/secure.gravatar.com\/avatar\/ac5001d2a36cb6c6cd3e50789007ffca834b477b74a2144564522e944eabff61?s=96&d=mm&r=g","contentUrl":"https:\/\/secure.gravatar.com\/avatar\/ac5001d2a36cb6c6cd3e50789007ffca834b477b74a2144564522e944eabff61?s=96&d=mm&r=g","caption":"thomas.berner"},"url":"https:\/\/www.organisator.ch\/de\/author\/thomas-berner\/"}]}},"_links":{"self":[{"href":"https:\/\/www.organisator.ch\/de\/wp-json\/wp\/v2\/posts\/5240","targetHints":{"allow":["GET"]}}],"collection":[{"href":"https:\/\/www.organisator.ch\/de\/wp-json\/wp\/v2\/posts"}],"about":[{"href":"https:\/\/www.organisator.ch\/de\/wp-json\/wp\/v2\/types\/post"}],"author":[{"embeddable":true,"href":"https:\/\/www.organisator.ch\/de\/wp-json\/wp\/v2\/users\/4"}],"replies":[{"embeddable":true,"href":"https:\/\/www.organisator.ch\/de\/wp-json\/wp\/v2\/comments?post=5240"}],"version-history":[{"count":0,"href":"https:\/\/www.organisator.ch\/de\/wp-json\/wp\/v2\/posts\/5240\/revisions"}],"wp:featuredmedia":[{"embeddable":true,"href":"https:\/\/www.organisator.ch\/de\/wp-json\/wp\/v2\/media\/5241"}],"wp:attachment":[{"href":"https:\/\/www.organisator.ch\/de\/wp-json\/wp\/v2\/media?parent=5240"}],"wp:term":[{"taxonomy":"category","embeddable":true,"href":"https:\/\/www.organisator.ch\/de\/wp-json\/wp\/v2\/categories?post=5240"},{"taxonomy":"post_tag","embeddable":true,"href":"https:\/\/www.organisator.ch\/de\/wp-json\/wp\/v2\/tags?post=5240"}],"curies":[{"name":"wp","href":"https:\/\/api.w.org\/{rel}","templated":true}]}}