{"id":5257,"date":"2019-05-16T15:52:17","date_gmt":"2019-05-16T13:52:17","guid":{"rendered":"https:\/\/www.organisator.ch\/?p=5257"},"modified":"2019-05-16T15:52:17","modified_gmt":"2019-05-16T13:52:17","slug":"pr-branche-frauen-ist-karriere-wichtiger-als-maennern","status":"publish","type":"post","link":"https:\/\/www.organisator.ch\/de\/marketing\/2019-05-16\/pr-branche-frauen-ist-karriere-wichtiger-als-maennern\/","title":{"rendered":"PR-Branche: Frauen ist Karriere wichtiger als M\u00e4nnern"},"content":{"rendered":"<figure id=\"attachment_5258\" aria-describedby=\"caption-attachment-5258\" style=\"width: 680px\" class=\"wp-caption alignnone\"><img loading=\"lazy\" decoding=\"async\" class=\"size-medium wp-image-5258\" src=\"https:\/\/www.organisator.ch\/wp-content\/uploads\/2019\/05\/PR-Branche-Frauen-ist-Karriere-wichtiger-als-Maenner_Organisator.jpg\" alt=\"\" width=\"680\" height=\"427\" srcset=\"https:\/\/www.organisator.ch\/wp-content\/uploads\/2019\/05\/PR-Branche-Frauen-ist-Karriere-wichtiger-als-Maenner_Organisator.jpg 680w, https:\/\/www.organisator.ch\/wp-content\/uploads\/2019\/05\/PR-Branche-Frauen-ist-Karriere-wichtiger-als-Maenner_Organisator-16x10.jpg 16w, https:\/\/www.organisator.ch\/wp-content\/uploads\/2019\/05\/PR-Branche-Frauen-ist-Karriere-wichtiger-als-Maenner_Organisator-279x175.jpg 279w, https:\/\/www.organisator.ch\/wp-content\/uploads\/2019\/05\/PR-Branche-Frauen-ist-Karriere-wichtiger-als-Maenner_Organisator-557x350.jpg 557w, https:\/\/www.organisator.ch\/wp-content\/uploads\/2019\/05\/PR-Branche-Frauen-ist-Karriere-wichtiger-als-Maenner_Organisator-300x188.jpg 300w\" sizes=\"auto, (max-width: 680px) 100vw, 680px\" \/><figcaption id=\"caption-attachment-5258\" class=\"wp-caption-text\">In der Kommunikationsbranche ist Frauen die Karriere wichtiger als M\u00e4nnern. Zu diesem Ergebnis kommt der aktuelle PR-Trendmonitor von news aktuell und Faktenkontor. 130 Schweizer Fach- und F\u00fchrungskr\u00e4fte der PR haben an der Umfrage teilgenommen. (Bild: obs\/news aktuell (Schweiz) AG\/Sebastian K\u00f6nnicke)<\/figcaption><\/figure>\n<p>Karriere machen ist den weiblichen PR-Profis wichtiger als ihren m\u00e4nnlichen Kollegen. Das ergab der aktuelle PR-Trendmonitor von <a href=\"http:\/\/www.newsaktuell.ch\">news aktuell<\/a> und <a href=\"http:\/\/www.faktenkontor.de\">Faktenkontor<\/a>. An der Umfrage haben 130 Schweizer Fach- und F\u00fchrungskr\u00e4fte der PR teilgenommen. Um ihre Karriere voranzutreiben machen Frauen mehr \u00dcberstunden und Dienstreisen als M\u00e4nner. Andersherum sind M\u00e4nner eher bereit, st\u00e4ndig erreichbar zu sein und Arbeit mit in den Urlaub zu nehmen.<\/p>\n<p>Zwei Drittel der befragten Frauen sagen, dass ihnen Karriere wichtig beziehungsweise sehr wichtig ist (66 Prozent). Bei den M\u00e4nnern meint das nur gut jeder Zweite (58 Prozent). Was die Zugest\u00e4ndnisse f\u00fcr die Karriere betrifft, driften die Aussagen der weiblichen und m\u00e4nnlichen Umfrageteilnehmer zum Teil stark auseinander. Frauen sind eher bereit, f\u00fcr ihre Karriere mehr Stunden in der Woche zu arbeiten (50 Prozent), M\u00e4nner machen bei einer h\u00f6heren Wochenarbeitszeit weniger Kompromisse (39 Prozent). Auch w\u00fcrden Frauen f\u00fcr ihre Karriere mehr Dienstreisen in Kauf nehmen (40 Prozent) als ihre m\u00e4nnlichen Kollegen (33 Prozent).<\/p>\n<p>M\u00e4nner hingegen sind viel eher bereit, st\u00e4ndig f\u00fcr die Arbeit erreichbar zu sein (69 Prozent) als Frauen (39 Prozent). Auch was Arbeit im Urlaub betrifft gehen die Meinungen von Frauen und M\u00e4nnern auseinander. W\u00e4hrend 28 Prozent der M\u00e4nner f\u00fcr ihre Karriere Arbeit in den Urlaub mitnehmen w\u00fcrden, w\u00e4ren nur 19 Prozent der Frauen dazu bereit.<\/p>\n","protected":false},"excerpt":{"rendered":"<p>Karriere machen ist den weiblichen PR-Profis wichtiger als ihren m\u00e4nnlichen Kollegen. Das ergab der aktuelle PR-Trendmonitor von news aktuell und Faktenkontor. An der Umfrage haben 130 Schweizer Fach- und F\u00fchrungskr\u00e4fte der PR teilgenommen. Um ihre Karriere voranzutreiben machen Frauen mehr \u00dcberstunden und Dienstreisen als M\u00e4nner. Andersherum sind M\u00e4nner eher bereit, st\u00e4ndig erreichbar zu sein und [&hellip;]<\/p>\n","protected":false},"author":4,"featured_media":5258,"comment_status":"open","ping_status":"open","sticky":false,"template":"","format":"standard","meta":{"_acf_changed":false,"_yoast_wpseo_focuskw":"PR","_yoast_wpseo_metadesc":"Eine Befragung von 130 Fach- und F\u00fchrungskr\u00e4ften aus Medienstellen und PR-Agenturen zeigt: Frauen ist Karriere wichtiger als M\u00e4nnern.","articlekey":"","footnotes":""},"categories":[29],"tags":[90,308,459],"class_list":["post-5257","post","type-post","status-publish","format-standard","has-post-thumbnail","hentry","category-marketing","tag-branchen","tag-kommunikation","tag-studie"],"acf":[],"yoast_head":"<!-- This site is optimized with the Yoast SEO plugin v27.4 - https:\/\/yoast.com\/product\/yoast-seo-wordpress\/ -->\n<title>PR-Branche: Frauen ist Karriere wichtiger als M\u00e4nnern - Organisator<\/title>\n<meta name=\"description\" content=\"Eine Befragung von 130 Fach- und F\u00fchrungskr\u00e4ften aus Medienstellen und PR-Agenturen zeigt: Frauen ist Karriere wichtiger als M\u00e4nnern.\" \/>\n<meta name=\"robots\" content=\"index, follow, max-snippet:-1, max-image-preview:large, max-video-preview:-1\" \/>\n<link rel=\"canonical\" href=\"https:\/\/www.organisator.ch\/de\/marketing\/2019-05-16\/pr-branche-frauen-ist-karriere-wichtiger-als-maennern\/\" \/>\n<meta property=\"og:locale\" content=\"de_DE\" \/>\n<meta property=\"og:type\" content=\"article\" \/>\n<meta property=\"og:title\" content=\"PR-Branche: Frauen ist Karriere wichtiger als M\u00e4nnern\" \/>\n<meta property=\"og:description\" content=\"Eine Befragung von 130 Fach- und F\u00fchrungskr\u00e4ften aus Medienstellen und PR-Agenturen zeigt: Frauen ist Karriere wichtiger als M\u00e4nnern.\" \/>\n<meta property=\"og:url\" content=\"https:\/\/www.organisator.ch\/de\/marketing\/2019-05-16\/pr-branche-frauen-ist-karriere-wichtiger-als-maennern\/\" \/>\n<meta property=\"og:site_name\" content=\"Organisator\" \/>\n<meta property=\"article:publisher\" content=\"https:\/\/www.facebook.com\/OrganisatorFachmagazin\" \/>\n<meta property=\"article:published_time\" content=\"2019-05-16T13:52:17+00:00\" \/>\n<meta property=\"og:image\" content=\"https:\/\/www.organisator.ch\/wp-content\/uploads\/2019\/05\/PR-Branche-Frauen-ist-Karriere-wichtiger-als-Maenner_Organisator.jpg\" \/>\n\t<meta property=\"og:image:width\" content=\"680\" \/>\n\t<meta property=\"og:image:height\" content=\"427\" \/>\n\t<meta property=\"og:image:type\" content=\"image\/jpeg\" \/>\n<meta name=\"author\" content=\"thomas.berner\" \/>\n<meta name=\"twitter:card\" content=\"summary_large_image\" \/>\n<meta name=\"twitter:title\" content=\"#PR-Branche: Frauen ist Karriere wichtiger als M\u00e4nnern\" \/>\n<meta name=\"twitter:description\" content=\"Eine Befragung von 130 Fach- und F\u00fchrungskr\u00e4ften aus Medienstellen und PR-Agenturen zeigt: Frauen ist #Karriere wichtiger als M\u00e4nnern.\" \/>\n<meta name=\"twitter:image\" content=\"https:\/\/www.organisator.ch\/wp-content\/uploads\/2019\/05\/PR-Branche-Frauen-ist-Karriere-wichtiger-als-M\u00e4nner_Organisator.jpg\" \/>\n<script type=\"application\/ld+json\" class=\"yoast-schema-graph\">{\"@context\":\"https:\\\/\\\/schema.org\",\"@graph\":[{\"@type\":\"Article\",\"@id\":\"https:\\\/\\\/www.organisator.ch\\\/marketing\\\/2019-05-16\\\/pr-branche-frauen-ist-karriere-wichtiger-als-maennern\\\/#article\",\"isPartOf\":{\"@id\":\"https:\\\/\\\/www.organisator.ch\\\/marketing\\\/2019-05-16\\\/pr-branche-frauen-ist-karriere-wichtiger-als-maennern\\\/\"},\"author\":{\"name\":\"thomas.berner\",\"@id\":\"https:\\\/\\\/www.organisator.ch\\\/#\\\/schema\\\/person\\\/6f650f90b2842cd4c0cc334b4e36f67e\"},\"headline\":\"PR-Branche: Frauen ist Karriere wichtiger als M\u00e4nnern\",\"datePublished\":\"2019-05-16T13:52:17+00:00\",\"mainEntityOfPage\":{\"@id\":\"https:\\\/\\\/www.organisator.ch\\\/marketing\\\/2019-05-16\\\/pr-branche-frauen-ist-karriere-wichtiger-als-maennern\\\/\"},\"wordCount\":282,\"commentCount\":0,\"publisher\":{\"@id\":\"https:\\\/\\\/www.organisator.ch\\\/#organization\"},\"image\":{\"@id\":\"https:\\\/\\\/www.organisator.ch\\\/marketing\\\/2019-05-16\\\/pr-branche-frauen-ist-karriere-wichtiger-als-maennern\\\/#primaryimage\"},\"thumbnailUrl\":\"https:\\\/\\\/www.organisator.ch\\\/wp-content\\\/uploads\\\/2019\\\/05\\\/PR-Branche-Frauen-ist-Karriere-wichtiger-als-Maenner_Organisator.jpg\",\"keywords\":[\"Branchen\",\"Kommunikation\",\"Studie\"],\"articleSection\":[\"MARKETING\"],\"inLanguage\":\"de\"},{\"@type\":\"WebPage\",\"@id\":\"https:\\\/\\\/www.organisator.ch\\\/marketing\\\/2019-05-16\\\/pr-branche-frauen-ist-karriere-wichtiger-als-maennern\\\/\",\"url\":\"https:\\\/\\\/www.organisator.ch\\\/marketing\\\/2019-05-16\\\/pr-branche-frauen-ist-karriere-wichtiger-als-maennern\\\/\",\"name\":\"PR-Branche: Frauen ist Karriere wichtiger als M\u00e4nnern - Organisator\",\"isPartOf\":{\"@id\":\"https:\\\/\\\/www.organisator.ch\\\/#website\"},\"primaryImageOfPage\":{\"@id\":\"https:\\\/\\\/www.organisator.ch\\\/marketing\\\/2019-05-16\\\/pr-branche-frauen-ist-karriere-wichtiger-als-maennern\\\/#primaryimage\"},\"image\":{\"@id\":\"https:\\\/\\\/www.organisator.ch\\\/marketing\\\/2019-05-16\\\/pr-branche-frauen-ist-karriere-wichtiger-als-maennern\\\/#primaryimage\"},\"thumbnailUrl\":\"https:\\\/\\\/www.organisator.ch\\\/wp-content\\\/uploads\\\/2019\\\/05\\\/PR-Branche-Frauen-ist-Karriere-wichtiger-als-Maenner_Organisator.jpg\",\"datePublished\":\"2019-05-16T13:52:17+00:00\",\"description\":\"Eine Befragung von 130 Fach- und F\u00fchrungskr\u00e4ften aus Medienstellen und PR-Agenturen zeigt: Frauen ist Karriere wichtiger als M\u00e4nnern.\",\"breadcrumb\":{\"@id\":\"https:\\\/\\\/www.organisator.ch\\\/marketing\\\/2019-05-16\\\/pr-branche-frauen-ist-karriere-wichtiger-als-maennern\\\/#breadcrumb\"},\"inLanguage\":\"de\",\"potentialAction\":[{\"@type\":\"ReadAction\",\"target\":[\"https:\\\/\\\/www.organisator.ch\\\/marketing\\\/2019-05-16\\\/pr-branche-frauen-ist-karriere-wichtiger-als-maennern\\\/\"]}]},{\"@type\":\"ImageObject\",\"inLanguage\":\"de\",\"@id\":\"https:\\\/\\\/www.organisator.ch\\\/marketing\\\/2019-05-16\\\/pr-branche-frauen-ist-karriere-wichtiger-als-maennern\\\/#primaryimage\",\"url\":\"https:\\\/\\\/www.organisator.ch\\\/wp-content\\\/uploads\\\/2019\\\/05\\\/PR-Branche-Frauen-ist-Karriere-wichtiger-als-Maenner_Organisator.jpg\",\"contentUrl\":\"https:\\\/\\\/www.organisator.ch\\\/wp-content\\\/uploads\\\/2019\\\/05\\\/PR-Branche-Frauen-ist-Karriere-wichtiger-als-Maenner_Organisator.jpg\",\"width\":680,\"height\":427,\"caption\":\"In der Kommunikationsbranche ist Frauen die Karriere wichtiger als M\u00e4nnern. Zu diesem Ergebnis kommt der aktuelle PR-Trendmonitor von news aktuell und Faktenkontor. 130 Schweizer Fach- und F\u00fchrungskr\u00e4fte der PR haben an der Umfrage teilgenommen. Weiterer Text \u00fcber ots und www.presseportal.ch\\\/de\\\/nr\\\/100000003 \\\/ Die Verwendung dieses Bildes ist f\u00fcr redaktionelle Zwecke honorarfrei. Ver\u00f6ffentlichung bitte unter Quellenangabe: \\\"obs\\\/news aktuell (Schweiz) AG\\\/Sebastian K\u00f6nnicke\\\"\"},{\"@type\":\"BreadcrumbList\",\"@id\":\"https:\\\/\\\/www.organisator.ch\\\/marketing\\\/2019-05-16\\\/pr-branche-frauen-ist-karriere-wichtiger-als-maennern\\\/#breadcrumb\",\"itemListElement\":[{\"@type\":\"ListItem\",\"position\":1,\"name\":\"Home\",\"item\":\"https:\\\/\\\/www.organisator.ch\\\/\"},{\"@type\":\"ListItem\",\"position\":2,\"name\":\"PR-Branche: Frauen ist Karriere wichtiger als M\u00e4nnern\"}]},{\"@type\":\"WebSite\",\"@id\":\"https:\\\/\\\/www.organisator.ch\\\/#website\",\"url\":\"https:\\\/\\\/www.organisator.ch\\\/\",\"name\":\"Organisator\",\"description\":\"Kompetent. Praxisnah. Der ORGANISATOR bereitet in 10 Ausgaben pro Jahr die wesentlichen Themen f\u00fcr F\u00fchrungskr\u00e4fte von KMU auf.\",\"publisher\":{\"@id\":\"https:\\\/\\\/www.organisator.ch\\\/#organization\"},\"potentialAction\":[{\"@type\":\"SearchAction\",\"target\":{\"@type\":\"EntryPoint\",\"urlTemplate\":\"https:\\\/\\\/www.organisator.ch\\\/?s={search_term_string}\"},\"query-input\":{\"@type\":\"PropertyValueSpecification\",\"valueRequired\":true,\"valueName\":\"search_term_string\"}}],\"inLanguage\":\"de\"},{\"@type\":\"Organization\",\"@id\":\"https:\\\/\\\/www.organisator.ch\\\/#organization\",\"name\":\"Organisator\",\"url\":\"https:\\\/\\\/www.organisator.ch\\\/\",\"logo\":{\"@type\":\"ImageObject\",\"inLanguage\":\"de\",\"@id\":\"https:\\\/\\\/www.organisator.ch\\\/#\\\/schema\\\/logo\\\/image\\\/\",\"url\":\"https:\\\/\\\/www.organisator.ch\\\/wp-content\\\/uploads\\\/2022\\\/01\\\/Logo_Organisator_Website.png\",\"contentUrl\":\"https:\\\/\\\/www.organisator.ch\\\/wp-content\\\/uploads\\\/2022\\\/01\\\/Logo_Organisator_Website.png\",\"width\":800,\"height\":77,\"caption\":\"Organisator\"},\"image\":{\"@id\":\"https:\\\/\\\/www.organisator.ch\\\/#\\\/schema\\\/logo\\\/image\\\/\"},\"sameAs\":[\"https:\\\/\\\/www.facebook.com\\\/OrganisatorFachmagazin\",\"https:\\\/\\\/www.linkedin.com\\\/showcase\\\/organisator-das-magazin-fr-kmu\",\"https:\\\/\\\/www.xing.com\\\/news\\\/pages\\\/organisator-ch-695\",\"https:\\\/\\\/www.youtube.com\\\/channel\\\/UCGP2Sq0iWaZwT3BdIAQFYpw\"]},{\"@type\":\"Person\",\"@id\":\"https:\\\/\\\/www.organisator.ch\\\/#\\\/schema\\\/person\\\/6f650f90b2842cd4c0cc334b4e36f67e\",\"name\":\"thomas.berner\",\"image\":{\"@type\":\"ImageObject\",\"inLanguage\":\"de\",\"@id\":\"https:\\\/\\\/secure.gravatar.com\\\/avatar\\\/ac5001d2a36cb6c6cd3e50789007ffca834b477b74a2144564522e944eabff61?s=96&d=mm&r=g\",\"url\":\"https:\\\/\\\/secure.gravatar.com\\\/avatar\\\/ac5001d2a36cb6c6cd3e50789007ffca834b477b74a2144564522e944eabff61?s=96&d=mm&r=g\",\"contentUrl\":\"https:\\\/\\\/secure.gravatar.com\\\/avatar\\\/ac5001d2a36cb6c6cd3e50789007ffca834b477b74a2144564522e944eabff61?s=96&d=mm&r=g\",\"caption\":\"thomas.berner\"},\"url\":\"https:\\\/\\\/www.organisator.ch\\\/de\\\/author\\\/thomas-berner\\\/\"}]}<\/script>\n<!-- \/ Yoast SEO plugin. -->","yoast_head_json":{"title":"PR-Branche: Frauen ist Karriere wichtiger als M\u00e4nnern - Organisator","description":"Eine Befragung von 130 Fach- und F\u00fchrungskr\u00e4ften aus Medienstellen und PR-Agenturen zeigt: Frauen ist Karriere wichtiger als M\u00e4nnern.","robots":{"index":"index","follow":"follow","max-snippet":"max-snippet:-1","max-image-preview":"max-image-preview:large","max-video-preview":"max-video-preview:-1"},"canonical":"https:\/\/www.organisator.ch\/de\/marketing\/2019-05-16\/pr-branche-frauen-ist-karriere-wichtiger-als-maennern\/","og_locale":"de_DE","og_type":"article","og_title":"PR-Branche: Frauen ist Karriere wichtiger als M\u00e4nnern","og_description":"Eine Befragung von 130 Fach- und F\u00fchrungskr\u00e4ften aus Medienstellen und PR-Agenturen zeigt: Frauen ist Karriere wichtiger als M\u00e4nnern.","og_url":"https:\/\/www.organisator.ch\/de\/marketing\/2019-05-16\/pr-branche-frauen-ist-karriere-wichtiger-als-maennern\/","og_site_name":"Organisator","article_publisher":"https:\/\/www.facebook.com\/OrganisatorFachmagazin","article_published_time":"2019-05-16T13:52:17+00:00","og_image":[{"width":680,"height":427,"url":"https:\/\/www.organisator.ch\/wp-content\/uploads\/2019\/05\/PR-Branche-Frauen-ist-Karriere-wichtiger-als-Maenner_Organisator.jpg","type":"image\/jpeg"}],"author":"thomas.berner","twitter_card":"summary_large_image","twitter_title":"#PR-Branche: Frauen ist Karriere wichtiger als M\u00e4nnern","twitter_description":"Eine Befragung von 130 Fach- und F\u00fchrungskr\u00e4ften aus Medienstellen und PR-Agenturen zeigt: Frauen ist #Karriere wichtiger als M\u00e4nnern.","twitter_image":"https:\/\/www.organisator.ch\/wp-content\/uploads\/2019\/05\/PR-Branche-Frauen-ist-Karriere-wichtiger-als-M\u00e4nner_Organisator.jpg","schema":{"@context":"https:\/\/schema.org","@graph":[{"@type":"Article","@id":"https:\/\/www.organisator.ch\/marketing\/2019-05-16\/pr-branche-frauen-ist-karriere-wichtiger-als-maennern\/#article","isPartOf":{"@id":"https:\/\/www.organisator.ch\/marketing\/2019-05-16\/pr-branche-frauen-ist-karriere-wichtiger-als-maennern\/"},"author":{"name":"thomas.berner","@id":"https:\/\/www.organisator.ch\/#\/schema\/person\/6f650f90b2842cd4c0cc334b4e36f67e"},"headline":"PR-Branche: Frauen ist Karriere wichtiger als M\u00e4nnern","datePublished":"2019-05-16T13:52:17+00:00","mainEntityOfPage":{"@id":"https:\/\/www.organisator.ch\/marketing\/2019-05-16\/pr-branche-frauen-ist-karriere-wichtiger-als-maennern\/"},"wordCount":282,"commentCount":0,"publisher":{"@id":"https:\/\/www.organisator.ch\/#organization"},"image":{"@id":"https:\/\/www.organisator.ch\/marketing\/2019-05-16\/pr-branche-frauen-ist-karriere-wichtiger-als-maennern\/#primaryimage"},"thumbnailUrl":"https:\/\/www.organisator.ch\/wp-content\/uploads\/2019\/05\/PR-Branche-Frauen-ist-Karriere-wichtiger-als-Maenner_Organisator.jpg","keywords":["Branchen","Kommunikation","Studie"],"articleSection":["MARKETING"],"inLanguage":"de"},{"@type":"WebPage","@id":"https:\/\/www.organisator.ch\/marketing\/2019-05-16\/pr-branche-frauen-ist-karriere-wichtiger-als-maennern\/","url":"https:\/\/www.organisator.ch\/marketing\/2019-05-16\/pr-branche-frauen-ist-karriere-wichtiger-als-maennern\/","name":"PR-Branche: Frauen ist Karriere wichtiger als M\u00e4nnern - Organisator","isPartOf":{"@id":"https:\/\/www.organisator.ch\/#website"},"primaryImageOfPage":{"@id":"https:\/\/www.organisator.ch\/marketing\/2019-05-16\/pr-branche-frauen-ist-karriere-wichtiger-als-maennern\/#primaryimage"},"image":{"@id":"https:\/\/www.organisator.ch\/marketing\/2019-05-16\/pr-branche-frauen-ist-karriere-wichtiger-als-maennern\/#primaryimage"},"thumbnailUrl":"https:\/\/www.organisator.ch\/wp-content\/uploads\/2019\/05\/PR-Branche-Frauen-ist-Karriere-wichtiger-als-Maenner_Organisator.jpg","datePublished":"2019-05-16T13:52:17+00:00","description":"Eine Befragung von 130 Fach- und F\u00fchrungskr\u00e4ften aus Medienstellen und PR-Agenturen zeigt: Frauen ist Karriere wichtiger als M\u00e4nnern.","breadcrumb":{"@id":"https:\/\/www.organisator.ch\/marketing\/2019-05-16\/pr-branche-frauen-ist-karriere-wichtiger-als-maennern\/#breadcrumb"},"inLanguage":"de","potentialAction":[{"@type":"ReadAction","target":["https:\/\/www.organisator.ch\/marketing\/2019-05-16\/pr-branche-frauen-ist-karriere-wichtiger-als-maennern\/"]}]},{"@type":"ImageObject","inLanguage":"de","@id":"https:\/\/www.organisator.ch\/marketing\/2019-05-16\/pr-branche-frauen-ist-karriere-wichtiger-als-maennern\/#primaryimage","url":"https:\/\/www.organisator.ch\/wp-content\/uploads\/2019\/05\/PR-Branche-Frauen-ist-Karriere-wichtiger-als-Maenner_Organisator.jpg","contentUrl":"https:\/\/www.organisator.ch\/wp-content\/uploads\/2019\/05\/PR-Branche-Frauen-ist-Karriere-wichtiger-als-Maenner_Organisator.jpg","width":680,"height":427,"caption":"In der Kommunikationsbranche ist Frauen die Karriere wichtiger als M\u00e4nnern. Zu diesem Ergebnis kommt der aktuelle PR-Trendmonitor von news aktuell und Faktenkontor. 130 Schweizer Fach- und F\u00fchrungskr\u00e4fte der PR haben an der Umfrage teilgenommen. Weiterer Text \u00fcber ots und www.presseportal.ch\/de\/nr\/100000003 \/ Die Verwendung dieses Bildes ist f\u00fcr redaktionelle Zwecke honorarfrei. Ver\u00f6ffentlichung bitte unter Quellenangabe: \"obs\/news aktuell (Schweiz) AG\/Sebastian K\u00f6nnicke\""},{"@type":"BreadcrumbList","@id":"https:\/\/www.organisator.ch\/marketing\/2019-05-16\/pr-branche-frauen-ist-karriere-wichtiger-als-maennern\/#breadcrumb","itemListElement":[{"@type":"ListItem","position":1,"name":"Home","item":"https:\/\/www.organisator.ch\/"},{"@type":"ListItem","position":2,"name":"PR-Branche: Frauen ist Karriere wichtiger als M\u00e4nnern"}]},{"@type":"WebSite","@id":"https:\/\/www.organisator.ch\/#website","url":"https:\/\/www.organisator.ch\/","name":"Organisator","description":"Kompetent. Praxisnah. Der ORGANISATOR bereitet in 10 Ausgaben pro Jahr die wesentlichen Themen f\u00fcr F\u00fchrungskr\u00e4fte von KMU auf.","publisher":{"@id":"https:\/\/www.organisator.ch\/#organization"},"potentialAction":[{"@type":"SearchAction","target":{"@type":"EntryPoint","urlTemplate":"https:\/\/www.organisator.ch\/?s={search_term_string}"},"query-input":{"@type":"PropertyValueSpecification","valueRequired":true,"valueName":"search_term_string"}}],"inLanguage":"de"},{"@type":"Organization","@id":"https:\/\/www.organisator.ch\/#organization","name":"Organisator","url":"https:\/\/www.organisator.ch\/","logo":{"@type":"ImageObject","inLanguage":"de","@id":"https:\/\/www.organisator.ch\/#\/schema\/logo\/image\/","url":"https:\/\/www.organisator.ch\/wp-content\/uploads\/2022\/01\/Logo_Organisator_Website.png","contentUrl":"https:\/\/www.organisator.ch\/wp-content\/uploads\/2022\/01\/Logo_Organisator_Website.png","width":800,"height":77,"caption":"Organisator"},"image":{"@id":"https:\/\/www.organisator.ch\/#\/schema\/logo\/image\/"},"sameAs":["https:\/\/www.facebook.com\/OrganisatorFachmagazin","https:\/\/www.linkedin.com\/showcase\/organisator-das-magazin-fr-kmu","https:\/\/www.xing.com\/news\/pages\/organisator-ch-695","https:\/\/www.youtube.com\/channel\/UCGP2Sq0iWaZwT3BdIAQFYpw"]},{"@type":"Person","@id":"https:\/\/www.organisator.ch\/#\/schema\/person\/6f650f90b2842cd4c0cc334b4e36f67e","name":"thomas.berner","image":{"@type":"ImageObject","inLanguage":"de","@id":"https:\/\/secure.gravatar.com\/avatar\/ac5001d2a36cb6c6cd3e50789007ffca834b477b74a2144564522e944eabff61?s=96&d=mm&r=g","url":"https:\/\/secure.gravatar.com\/avatar\/ac5001d2a36cb6c6cd3e50789007ffca834b477b74a2144564522e944eabff61?s=96&d=mm&r=g","contentUrl":"https:\/\/secure.gravatar.com\/avatar\/ac5001d2a36cb6c6cd3e50789007ffca834b477b74a2144564522e944eabff61?s=96&d=mm&r=g","caption":"thomas.berner"},"url":"https:\/\/www.organisator.ch\/de\/author\/thomas-berner\/"}]}},"_links":{"self":[{"href":"https:\/\/www.organisator.ch\/de\/wp-json\/wp\/v2\/posts\/5257","targetHints":{"allow":["GET"]}}],"collection":[{"href":"https:\/\/www.organisator.ch\/de\/wp-json\/wp\/v2\/posts"}],"about":[{"href":"https:\/\/www.organisator.ch\/de\/wp-json\/wp\/v2\/types\/post"}],"author":[{"embeddable":true,"href":"https:\/\/www.organisator.ch\/de\/wp-json\/wp\/v2\/users\/4"}],"replies":[{"embeddable":true,"href":"https:\/\/www.organisator.ch\/de\/wp-json\/wp\/v2\/comments?post=5257"}],"version-history":[{"count":0,"href":"https:\/\/www.organisator.ch\/de\/wp-json\/wp\/v2\/posts\/5257\/revisions"}],"wp:featuredmedia":[{"embeddable":true,"href":"https:\/\/www.organisator.ch\/de\/wp-json\/wp\/v2\/media\/5258"}],"wp:attachment":[{"href":"https:\/\/www.organisator.ch\/de\/wp-json\/wp\/v2\/media?parent=5257"}],"wp:term":[{"taxonomy":"category","embeddable":true,"href":"https:\/\/www.organisator.ch\/de\/wp-json\/wp\/v2\/categories?post=5257"},{"taxonomy":"post_tag","embeddable":true,"href":"https:\/\/www.organisator.ch\/de\/wp-json\/wp\/v2\/tags?post=5257"}],"curies":[{"name":"wp","href":"https:\/\/api.w.org\/{rel}","templated":true}]}}