{"id":5285,"date":"2019-05-22T08:08:28","date_gmt":"2019-05-22T06:08:28","guid":{"rendered":"https:\/\/www.organisator.ch\/?p=5285"},"modified":"2019-05-22T08:08:28","modified_gmt":"2019-05-22T06:08:28","slug":"ffhs-und-fernuni-schweiz-bauen-hochschulcampus-in-brig","status":"publish","type":"post","link":"https:\/\/www.organisator.ch\/de\/allgemein\/2019-05-22\/ffhs-und-fernuni-schweiz-bauen-hochschulcampus-in-brig\/","title":{"rendered":"FFHS und FernUni Schweiz bauen Hochschulcampus in Brig"},"content":{"rendered":"<figure id=\"attachment_5286\" aria-describedby=\"caption-attachment-5286\" style=\"width: 680px\" class=\"wp-caption alignnone\"><img loading=\"lazy\" decoding=\"async\" class=\"size-medium wp-image-5286\" src=\"https:\/\/www.organisator.ch\/wp-content\/uploads\/2019\/05\/FFHS-und-FernUni-Schweiz-bauen-Hochschulcampus-in-Brig_Organisator.jpg\" alt=\"\" width=\"680\" height=\"441\" srcset=\"https:\/\/www.organisator.ch\/wp-content\/uploads\/2019\/05\/FFHS-und-FernUni-Schweiz-bauen-Hochschulcampus-in-Brig_Organisator.jpg 680w, https:\/\/www.organisator.ch\/wp-content\/uploads\/2019\/05\/FFHS-und-FernUni-Schweiz-bauen-Hochschulcampus-in-Brig_Organisator-16x10.jpg 16w, https:\/\/www.organisator.ch\/wp-content\/uploads\/2019\/05\/FFHS-und-FernUni-Schweiz-bauen-Hochschulcampus-in-Brig_Organisator-270x175.jpg 270w, https:\/\/www.organisator.ch\/wp-content\/uploads\/2019\/05\/FFHS-und-FernUni-Schweiz-bauen-Hochschulcampus-in-Brig_Organisator-540x350.jpg 540w, https:\/\/www.organisator.ch\/wp-content\/uploads\/2019\/05\/FFHS-und-FernUni-Schweiz-bauen-Hochschulcampus-in-Brig_Organisator-300x195.jpg 300w\" sizes=\"auto, (max-width: 680px) 100vw, 680px\" \/><figcaption id=\"caption-attachment-5286\" class=\"wp-caption-text\">Enth\u00fcllung des Grundsteins f\u00fcr den neuen Hochschulcampus: v.l. Architekt Markus Schietsch, FFHS-Pr\u00e4sident Hans Widmer, Staatsrat Christophe Darbellay, Stadtpr\u00e4sident Louis Ursprung, FernUni-Pr\u00e4sident Wilhelm Schnyder und Bruno Attinger (Bild: FernUni Schweiz \/ FFHS)<\/figcaption><\/figure>\n<p>Die Bauarbeiten f\u00fcr den neuen Hochschulcampus In Brig haben begonnen. Am 21. Mai konnte in einem festlichen Akt in Anwesenheit von Staatsrat Christophe Darbellay, dem Briger Stadtpr\u00e4sidenten Louis Ursprung, dem Architekten Markus Schietsch, den Vertretern der FernUni Schweiz und der FFHS und vielen geladenen G\u00e4sten der Grundstein f\u00fcr die Bauarbeiten gelegt werden.<\/p>\n<h2>Die Feier der Grundsteinlegung<\/h2>\n<p>Der offizielle Festakt fand in der Postgarage direkt neben dem Baugrundst\u00fcck statt. Via \u00abLive-Schaltungen\u00bb direkt zur Baustelle verfolgten die G\u00e4ste die Ausf\u00fchrungen des Architekten Markus Schietsch und die Enth\u00fcllung des Grundsteins. F\u00fcr den Briger Stadtpr\u00e4sidenten Louis Ursprung steht fest: \u00abDer Hochschulcampus st\u00e4rkt den Bildungsstandort Brig enorm und tr\u00e4gt den Namen von Brig in die ganze Schweiz.\u00bb Staatsrat Christoph Darbellay w\u00fcrdigte in seiner Grussbotschaft der Walliser Regierung die Wichtigkeit der beiden Institutionen FFHS und FernUni Schweiz. Letztlich zeigten sich die beiden Pr\u00e4sidenten, Wilhelm Schnyder und Hans Widmer, \u00fcberzeugt, dass der neue Hochschulcampus ein Symbol einer erfolgreichen Zukunft darstelle.<\/p>\n<h2>Vom Architekturwettbewerb zur Grundsteinlegung<\/h2>\n<p>Das Bauprojekt geht zur\u00fcck auf einen Architekturwettbewerb im Fr\u00fchjahr 2016, den das Team von Markus Schietsch Architekten aus Z\u00fcrich f\u00fcr sich entschied. Ihr Projekt \u00abKuma\u00bb (japanisch f\u00fcr B\u00e4r \u2013 ein starkes selbstbewusstes Wesen) \u00fcberzeugte die Jury durch eigenst\u00e4ndige L\u00f6sungen sowohl auf architektonischer, betrieblicher als auch wirtschaftlicher Ebene. In den anschliessenden Planungsarbeiten wurden noch einige \u00dcberarbeitungen gemacht, so wurde der Forschung mehr Platz f\u00fcr Labore im neuen Geb\u00e4ude einger\u00e4umt. Schlussendlich konnte im Oktober 2018 das Baugesuch eingereicht werden.<\/p>\n<h2>Das Geb\u00e4ude<\/h2>\n<p>Das Projekt an der Schinerstrasse im Rhonesandquartier umfasst sechs Geschosse sowie ein Untergeschoss inklusive Einstellhalle. Zwei gemeinsame Stockwerke sind f\u00fcr die \u00f6ffentliche Nutzung (Cafeteria, Konferenz- und Schulungsr\u00e4ume) vorgesehen und je zwei Geschosse beherbergen die Arbeitspl\u00e4tze der FFHS bzw. der FernUni Schweiz. Die pr\u00e4gnante Gestalt des Solit\u00e4rbaus und die filigran profilierte Glasfassade sollen dem \u00f6ffentlichen Charakter der Hochschuleinrichtung Identit\u00e4t verleihen. Auch st\u00e4dtebaulich f\u00fcgt sich der Neubau gut in die Typologie des Quartiers ein. Das Geb\u00e4ude ist so auf der Parzelle platziert, dass es von allen Seiten durch einen als Garten gestalteten Aussenraum umschlossen wird. Der Hochschulcampus soll im April 2021 fertiggestellt und im Mai 2021 bezogen werden.<\/p>\n<h2>Facts und Zahlen zum Bauprojekt:<\/h2>\n<ul type=\"disc\">\n<li>Architektur: Markus Schietsch Architekten, Z\u00fcrich<\/li>\n<li>Bauleitung: amoba baumanagement, Brig<\/li>\n<li>Anzahl Arbeitspl\u00e4tze: derzeit geplant 165 AP exkl. Labore<\/li>\n<li>Geschossfl\u00e4che oberirdisch: 4\u2018488m2<\/li>\n<li>Geschossfl\u00e4che unterirdisch: 2\u2018234 m2<\/li>\n<li>Total: 6\u2018812 m2<\/li>\n<li>Geb\u00e4udevolumen total: 27\u2018741 m3<\/li>\n<li>Baubeginn: Mai 2019<\/li>\n<li>Fertigstellung geplant: April 2021<\/li>\n<li>Einzug geplant: Mai 2021<\/li>\n<li>Kosten: CHF 29\u2018158\u2018000.- davon 1\u2018670\u2018000.- f\u00fcr Labors<\/li>\n<\/ul>\n<p><em>Informationen:\u00a0<a href=\"http:\/\/www.fernuni.ch\/\">www.fernuni.ch<\/a>,\u00a0<a href=\"http:\/\/www.ffhs.ch\/\">www.ffhs.ch<\/a><\/em><\/p>\n","protected":false},"excerpt":{"rendered":"<p>Die Bauarbeiten f\u00fcr den neuen Hochschulcampus In Brig haben begonnen. Am 21. Mai konnte in einem festlichen Akt in Anwesenheit von Staatsrat Christophe Darbellay, dem Briger Stadtpr\u00e4sidenten Louis Ursprung, dem Architekten Markus Schietsch, den Vertretern der FernUni Schweiz und der FFHS und vielen geladenen G\u00e4sten der Grundstein f\u00fcr die Bauarbeiten gelegt werden. Die Feier der [&hellip;]<\/p>\n","protected":false},"author":4,"featured_media":5286,"comment_status":"open","ping_status":"open","sticky":false,"template":"","format":"standard","meta":{"_acf_changed":false,"_yoast_wpseo_focuskw":"Hochschulcampus","_yoast_wpseo_metadesc":"Die Fernfachhochschule Schweiz (FFHS) und die FernUni Schweiz bauen in Brig einen Hochschulcampus. Am 21. Mai fand die Grundsteinlegung statt.","articlekey":"","footnotes":""},"categories":[1],"tags":[62,192,508],"class_list":["post-5285","post","type-post","status-publish","format-standard","has-post-thumbnail","hentry","category-allgemein","tag-aus-weiterbildung","tag-fachhochschulen","tag-vermischtes"],"acf":[],"yoast_head":"<!-- This site is optimized with the Yoast SEO plugin v27.4 - https:\/\/yoast.com\/product\/yoast-seo-wordpress\/ -->\n<title>FFHS und FernUni Schweiz bauen Hochschulcampus in Brig - Organisator<\/title>\n<meta name=\"description\" content=\"Die Fernfachhochschule Schweiz (FFHS) und die FernUni Schweiz bauen in Brig einen Hochschulcampus. Am 21. Mai fand die Grundsteinlegung statt.\" \/>\n<meta name=\"robots\" content=\"index, follow, max-snippet:-1, max-image-preview:large, max-video-preview:-1\" \/>\n<link rel=\"canonical\" href=\"https:\/\/www.organisator.ch\/de\/allgemein\/2019-05-22\/ffhs-und-fernuni-schweiz-bauen-hochschulcampus-in-brig\/\" \/>\n<meta property=\"og:locale\" content=\"de_DE\" \/>\n<meta property=\"og:type\" content=\"article\" \/>\n<meta property=\"og:title\" content=\"FFHS und FernUni Schweiz bauen Hochschulcampus in Brig\" \/>\n<meta property=\"og:description\" content=\"Die Fernfachhochschule Schweiz (FFHS) und die FernUni Schweiz bauen in Brig einen Hochschulcampus. Am 21. Mai fand die Grundsteinlegung statt.\" \/>\n<meta property=\"og:url\" content=\"https:\/\/www.organisator.ch\/de\/allgemein\/2019-05-22\/ffhs-und-fernuni-schweiz-bauen-hochschulcampus-in-brig\/\" \/>\n<meta property=\"og:site_name\" content=\"Organisator\" \/>\n<meta property=\"article:publisher\" content=\"https:\/\/www.facebook.com\/OrganisatorFachmagazin\" \/>\n<meta property=\"article:published_time\" content=\"2019-05-22T06:08:28+00:00\" \/>\n<meta property=\"og:image\" content=\"https:\/\/www.organisator.ch\/wp-content\/uploads\/2019\/05\/FFHS-und-FernUni-Schweiz-bauen-Hochschulcampus-in-Brig_Organisator.jpg\" \/>\n\t<meta property=\"og:image:width\" content=\"680\" \/>\n\t<meta property=\"og:image:height\" content=\"441\" \/>\n\t<meta property=\"og:image:type\" content=\"image\/jpeg\" \/>\n<meta name=\"author\" content=\"thomas.berner\" \/>\n<meta name=\"twitter:card\" content=\"summary_large_image\" \/>\n<meta name=\"twitter:title\" content=\"FFHS und FernUni Schweiz bauen #Hochschulcampus in Brig\" \/>\n<meta name=\"twitter:description\" content=\"Die #Fernfachhochschule Schweiz (FFHS) und die #FernUni Schweiz bauen in Brig einen #Hochschulcampus. Am 21. Mai fand die Grundsteinlegung statt.\" \/>\n<meta name=\"twitter:image\" content=\"https:\/\/www.organisator.ch\/wp-content\/uploads\/2019\/05\/FFHS-und-FernUni-Schweiz-bauen-Hochschulcampus-in-Brig_Organisator.jpg\" \/>\n<script type=\"application\/ld+json\" class=\"yoast-schema-graph\">{\"@context\":\"https:\\\/\\\/schema.org\",\"@graph\":[{\"@type\":\"Article\",\"@id\":\"https:\\\/\\\/www.organisator.ch\\\/fr\\\/general\\\/2019-05-22\\\/ffhs-und-fernuni-schweiz-bauen-hochschulcampus-in-brig\\\/#article\",\"isPartOf\":{\"@id\":\"https:\\\/\\\/www.organisator.ch\\\/fr\\\/general\\\/2019-05-22\\\/ffhs-und-fernuni-schweiz-bauen-hochschulcampus-in-brig\\\/\"},\"author\":{\"name\":\"thomas.berner\",\"@id\":\"https:\\\/\\\/www.organisator.ch\\\/#\\\/schema\\\/person\\\/6f650f90b2842cd4c0cc334b4e36f67e\"},\"headline\":\"FFHS und FernUni Schweiz bauen Hochschulcampus in Brig\",\"datePublished\":\"2019-05-22T06:08:28+00:00\",\"mainEntityOfPage\":{\"@id\":\"https:\\\/\\\/www.organisator.ch\\\/fr\\\/general\\\/2019-05-22\\\/ffhs-und-fernuni-schweiz-bauen-hochschulcampus-in-brig\\\/\"},\"wordCount\":482,\"commentCount\":0,\"publisher\":{\"@id\":\"https:\\\/\\\/www.organisator.ch\\\/#organization\"},\"image\":{\"@id\":\"https:\\\/\\\/www.organisator.ch\\\/fr\\\/general\\\/2019-05-22\\\/ffhs-und-fernuni-schweiz-bauen-hochschulcampus-in-brig\\\/#primaryimage\"},\"thumbnailUrl\":\"https:\\\/\\\/www.organisator.ch\\\/wp-content\\\/uploads\\\/2019\\\/05\\\/FFHS-und-FernUni-Schweiz-bauen-Hochschulcampus-in-Brig_Organisator.jpg\",\"keywords\":[\"Aus-\\\/Weiterbildung\",\"Fachhochschulen\",\"Vermischtes\"],\"inLanguage\":\"de\"},{\"@type\":\"WebPage\",\"@id\":\"https:\\\/\\\/www.organisator.ch\\\/fr\\\/general\\\/2019-05-22\\\/ffhs-und-fernuni-schweiz-bauen-hochschulcampus-in-brig\\\/\",\"url\":\"https:\\\/\\\/www.organisator.ch\\\/fr\\\/general\\\/2019-05-22\\\/ffhs-und-fernuni-schweiz-bauen-hochschulcampus-in-brig\\\/\",\"name\":\"FFHS und FernUni Schweiz bauen Hochschulcampus in Brig - Organisator\",\"isPartOf\":{\"@id\":\"https:\\\/\\\/www.organisator.ch\\\/#website\"},\"primaryImageOfPage\":{\"@id\":\"https:\\\/\\\/www.organisator.ch\\\/fr\\\/general\\\/2019-05-22\\\/ffhs-und-fernuni-schweiz-bauen-hochschulcampus-in-brig\\\/#primaryimage\"},\"image\":{\"@id\":\"https:\\\/\\\/www.organisator.ch\\\/fr\\\/general\\\/2019-05-22\\\/ffhs-und-fernuni-schweiz-bauen-hochschulcampus-in-brig\\\/#primaryimage\"},\"thumbnailUrl\":\"https:\\\/\\\/www.organisator.ch\\\/wp-content\\\/uploads\\\/2019\\\/05\\\/FFHS-und-FernUni-Schweiz-bauen-Hochschulcampus-in-Brig_Organisator.jpg\",\"datePublished\":\"2019-05-22T06:08:28+00:00\",\"description\":\"Die Fernfachhochschule Schweiz (FFHS) und die FernUni Schweiz bauen in Brig einen Hochschulcampus. Am 21. Mai fand die Grundsteinlegung statt.\",\"breadcrumb\":{\"@id\":\"https:\\\/\\\/www.organisator.ch\\\/fr\\\/general\\\/2019-05-22\\\/ffhs-und-fernuni-schweiz-bauen-hochschulcampus-in-brig\\\/#breadcrumb\"},\"inLanguage\":\"de\",\"potentialAction\":[{\"@type\":\"ReadAction\",\"target\":[\"https:\\\/\\\/www.organisator.ch\\\/fr\\\/general\\\/2019-05-22\\\/ffhs-und-fernuni-schweiz-bauen-hochschulcampus-in-brig\\\/\"]}]},{\"@type\":\"ImageObject\",\"inLanguage\":\"de\",\"@id\":\"https:\\\/\\\/www.organisator.ch\\\/fr\\\/general\\\/2019-05-22\\\/ffhs-und-fernuni-schweiz-bauen-hochschulcampus-in-brig\\\/#primaryimage\",\"url\":\"https:\\\/\\\/www.organisator.ch\\\/wp-content\\\/uploads\\\/2019\\\/05\\\/FFHS-und-FernUni-Schweiz-bauen-Hochschulcampus-in-Brig_Organisator.jpg\",\"contentUrl\":\"https:\\\/\\\/www.organisator.ch\\\/wp-content\\\/uploads\\\/2019\\\/05\\\/FFHS-und-FernUni-Schweiz-bauen-Hochschulcampus-in-Brig_Organisator.jpg\",\"width\":680,\"height\":441,\"caption\":\"Enth\u00fcllung des Grundsteins f\u00fcr den neuen Hochschulcampus: v.l. Architekt Markus Schietsch, FFHS-Pr\u00e4sident Hans Widmer, Staatsrat Christophe Darbellay, Stadtpr\u00e4sident Louis Ursprung, FernUni-Pr\u00e4sident Wilhelm Schnyder und Bruno Attinger (Bild: FernUni Schweiz \\\/ FFHS)\"},{\"@type\":\"BreadcrumbList\",\"@id\":\"https:\\\/\\\/www.organisator.ch\\\/fr\\\/general\\\/2019-05-22\\\/ffhs-und-fernuni-schweiz-bauen-hochschulcampus-in-brig\\\/#breadcrumb\",\"itemListElement\":[{\"@type\":\"ListItem\",\"position\":1,\"name\":\"Home\",\"item\":\"https:\\\/\\\/www.organisator.ch\\\/\"},{\"@type\":\"ListItem\",\"position\":2,\"name\":\"FFHS und FernUni Schweiz bauen Hochschulcampus in Brig\"}]},{\"@type\":\"WebSite\",\"@id\":\"https:\\\/\\\/www.organisator.ch\\\/#website\",\"url\":\"https:\\\/\\\/www.organisator.ch\\\/\",\"name\":\"Organisator\",\"description\":\"Kompetent. Praxisnah. Der ORGANISATOR bereitet in 10 Ausgaben pro Jahr die wesentlichen Themen f\u00fcr F\u00fchrungskr\u00e4fte von KMU auf.\",\"publisher\":{\"@id\":\"https:\\\/\\\/www.organisator.ch\\\/#organization\"},\"potentialAction\":[{\"@type\":\"SearchAction\",\"target\":{\"@type\":\"EntryPoint\",\"urlTemplate\":\"https:\\\/\\\/www.organisator.ch\\\/?s={search_term_string}\"},\"query-input\":{\"@type\":\"PropertyValueSpecification\",\"valueRequired\":true,\"valueName\":\"search_term_string\"}}],\"inLanguage\":\"de\"},{\"@type\":\"Organization\",\"@id\":\"https:\\\/\\\/www.organisator.ch\\\/#organization\",\"name\":\"Organisator\",\"url\":\"https:\\\/\\\/www.organisator.ch\\\/\",\"logo\":{\"@type\":\"ImageObject\",\"inLanguage\":\"de\",\"@id\":\"https:\\\/\\\/www.organisator.ch\\\/#\\\/schema\\\/logo\\\/image\\\/\",\"url\":\"https:\\\/\\\/www.organisator.ch\\\/wp-content\\\/uploads\\\/2022\\\/01\\\/Logo_Organisator_Website.png\",\"contentUrl\":\"https:\\\/\\\/www.organisator.ch\\\/wp-content\\\/uploads\\\/2022\\\/01\\\/Logo_Organisator_Website.png\",\"width\":800,\"height\":77,\"caption\":\"Organisator\"},\"image\":{\"@id\":\"https:\\\/\\\/www.organisator.ch\\\/#\\\/schema\\\/logo\\\/image\\\/\"},\"sameAs\":[\"https:\\\/\\\/www.facebook.com\\\/OrganisatorFachmagazin\",\"https:\\\/\\\/www.linkedin.com\\\/showcase\\\/organisator-das-magazin-fr-kmu\",\"https:\\\/\\\/www.xing.com\\\/news\\\/pages\\\/organisator-ch-695\",\"https:\\\/\\\/www.youtube.com\\\/channel\\\/UCGP2Sq0iWaZwT3BdIAQFYpw\"]},{\"@type\":\"Person\",\"@id\":\"https:\\\/\\\/www.organisator.ch\\\/#\\\/schema\\\/person\\\/6f650f90b2842cd4c0cc334b4e36f67e\",\"name\":\"thomas.berner\",\"image\":{\"@type\":\"ImageObject\",\"inLanguage\":\"de\",\"@id\":\"https:\\\/\\\/secure.gravatar.com\\\/avatar\\\/ac5001d2a36cb6c6cd3e50789007ffca834b477b74a2144564522e944eabff61?s=96&d=mm&r=g\",\"url\":\"https:\\\/\\\/secure.gravatar.com\\\/avatar\\\/ac5001d2a36cb6c6cd3e50789007ffca834b477b74a2144564522e944eabff61?s=96&d=mm&r=g\",\"contentUrl\":\"https:\\\/\\\/secure.gravatar.com\\\/avatar\\\/ac5001d2a36cb6c6cd3e50789007ffca834b477b74a2144564522e944eabff61?s=96&d=mm&r=g\",\"caption\":\"thomas.berner\"},\"url\":\"https:\\\/\\\/www.organisator.ch\\\/de\\\/author\\\/thomas-berner\\\/\"}]}<\/script>\n<!-- \/ Yoast SEO plugin. -->","yoast_head_json":{"title":"FFHS und FernUni Schweiz bauen Hochschulcampus in Brig - Organisator","description":"Die Fernfachhochschule Schweiz (FFHS) und die FernUni Schweiz bauen in Brig einen Hochschulcampus. Am 21. Mai fand die Grundsteinlegung statt.","robots":{"index":"index","follow":"follow","max-snippet":"max-snippet:-1","max-image-preview":"max-image-preview:large","max-video-preview":"max-video-preview:-1"},"canonical":"https:\/\/www.organisator.ch\/de\/allgemein\/2019-05-22\/ffhs-und-fernuni-schweiz-bauen-hochschulcampus-in-brig\/","og_locale":"de_DE","og_type":"article","og_title":"FFHS und FernUni Schweiz bauen Hochschulcampus in Brig","og_description":"Die Fernfachhochschule Schweiz (FFHS) und die FernUni Schweiz bauen in Brig einen Hochschulcampus. Am 21. Mai fand die Grundsteinlegung statt.","og_url":"https:\/\/www.organisator.ch\/de\/allgemein\/2019-05-22\/ffhs-und-fernuni-schweiz-bauen-hochschulcampus-in-brig\/","og_site_name":"Organisator","article_publisher":"https:\/\/www.facebook.com\/OrganisatorFachmagazin","article_published_time":"2019-05-22T06:08:28+00:00","og_image":[{"width":680,"height":441,"url":"https:\/\/www.organisator.ch\/wp-content\/uploads\/2019\/05\/FFHS-und-FernUni-Schweiz-bauen-Hochschulcampus-in-Brig_Organisator.jpg","type":"image\/jpeg"}],"author":"thomas.berner","twitter_card":"summary_large_image","twitter_title":"FFHS und FernUni Schweiz bauen #Hochschulcampus in Brig","twitter_description":"Die #Fernfachhochschule Schweiz (FFHS) und die #FernUni Schweiz bauen in Brig einen #Hochschulcampus. Am 21. Mai fand die Grundsteinlegung statt.","twitter_image":"https:\/\/www.organisator.ch\/wp-content\/uploads\/2019\/05\/FFHS-und-FernUni-Schweiz-bauen-Hochschulcampus-in-Brig_Organisator.jpg","schema":{"@context":"https:\/\/schema.org","@graph":[{"@type":"Article","@id":"https:\/\/www.organisator.ch\/fr\/general\/2019-05-22\/ffhs-und-fernuni-schweiz-bauen-hochschulcampus-in-brig\/#article","isPartOf":{"@id":"https:\/\/www.organisator.ch\/fr\/general\/2019-05-22\/ffhs-und-fernuni-schweiz-bauen-hochschulcampus-in-brig\/"},"author":{"name":"thomas.berner","@id":"https:\/\/www.organisator.ch\/#\/schema\/person\/6f650f90b2842cd4c0cc334b4e36f67e"},"headline":"FFHS und FernUni Schweiz bauen Hochschulcampus in Brig","datePublished":"2019-05-22T06:08:28+00:00","mainEntityOfPage":{"@id":"https:\/\/www.organisator.ch\/fr\/general\/2019-05-22\/ffhs-und-fernuni-schweiz-bauen-hochschulcampus-in-brig\/"},"wordCount":482,"commentCount":0,"publisher":{"@id":"https:\/\/www.organisator.ch\/#organization"},"image":{"@id":"https:\/\/www.organisator.ch\/fr\/general\/2019-05-22\/ffhs-und-fernuni-schweiz-bauen-hochschulcampus-in-brig\/#primaryimage"},"thumbnailUrl":"https:\/\/www.organisator.ch\/wp-content\/uploads\/2019\/05\/FFHS-und-FernUni-Schweiz-bauen-Hochschulcampus-in-Brig_Organisator.jpg","keywords":["Aus-\/Weiterbildung","Fachhochschulen","Vermischtes"],"inLanguage":"de"},{"@type":"WebPage","@id":"https:\/\/www.organisator.ch\/fr\/general\/2019-05-22\/ffhs-und-fernuni-schweiz-bauen-hochschulcampus-in-brig\/","url":"https:\/\/www.organisator.ch\/fr\/general\/2019-05-22\/ffhs-und-fernuni-schweiz-bauen-hochschulcampus-in-brig\/","name":"FFHS und FernUni Schweiz bauen Hochschulcampus in Brig - Organisator","isPartOf":{"@id":"https:\/\/www.organisator.ch\/#website"},"primaryImageOfPage":{"@id":"https:\/\/www.organisator.ch\/fr\/general\/2019-05-22\/ffhs-und-fernuni-schweiz-bauen-hochschulcampus-in-brig\/#primaryimage"},"image":{"@id":"https:\/\/www.organisator.ch\/fr\/general\/2019-05-22\/ffhs-und-fernuni-schweiz-bauen-hochschulcampus-in-brig\/#primaryimage"},"thumbnailUrl":"https:\/\/www.organisator.ch\/wp-content\/uploads\/2019\/05\/FFHS-und-FernUni-Schweiz-bauen-Hochschulcampus-in-Brig_Organisator.jpg","datePublished":"2019-05-22T06:08:28+00:00","description":"Die Fernfachhochschule Schweiz (FFHS) und die FernUni Schweiz bauen in Brig einen Hochschulcampus. Am 21. Mai fand die Grundsteinlegung statt.","breadcrumb":{"@id":"https:\/\/www.organisator.ch\/fr\/general\/2019-05-22\/ffhs-und-fernuni-schweiz-bauen-hochschulcampus-in-brig\/#breadcrumb"},"inLanguage":"de","potentialAction":[{"@type":"ReadAction","target":["https:\/\/www.organisator.ch\/fr\/general\/2019-05-22\/ffhs-und-fernuni-schweiz-bauen-hochschulcampus-in-brig\/"]}]},{"@type":"ImageObject","inLanguage":"de","@id":"https:\/\/www.organisator.ch\/fr\/general\/2019-05-22\/ffhs-und-fernuni-schweiz-bauen-hochschulcampus-in-brig\/#primaryimage","url":"https:\/\/www.organisator.ch\/wp-content\/uploads\/2019\/05\/FFHS-und-FernUni-Schweiz-bauen-Hochschulcampus-in-Brig_Organisator.jpg","contentUrl":"https:\/\/www.organisator.ch\/wp-content\/uploads\/2019\/05\/FFHS-und-FernUni-Schweiz-bauen-Hochschulcampus-in-Brig_Organisator.jpg","width":680,"height":441,"caption":"Enth\u00fcllung des Grundsteins f\u00fcr den neuen Hochschulcampus: v.l. Architekt Markus Schietsch, FFHS-Pr\u00e4sident Hans Widmer, Staatsrat Christophe Darbellay, Stadtpr\u00e4sident Louis Ursprung, FernUni-Pr\u00e4sident Wilhelm Schnyder und Bruno Attinger (Bild: FernUni Schweiz \/ FFHS)"},{"@type":"BreadcrumbList","@id":"https:\/\/www.organisator.ch\/fr\/general\/2019-05-22\/ffhs-und-fernuni-schweiz-bauen-hochschulcampus-in-brig\/#breadcrumb","itemListElement":[{"@type":"ListItem","position":1,"name":"Home","item":"https:\/\/www.organisator.ch\/"},{"@type":"ListItem","position":2,"name":"FFHS und FernUni Schweiz bauen Hochschulcampus in Brig"}]},{"@type":"WebSite","@id":"https:\/\/www.organisator.ch\/#website","url":"https:\/\/www.organisator.ch\/","name":"Organisator","description":"Kompetent. Praxisnah. Der ORGANISATOR bereitet in 10 Ausgaben pro Jahr die wesentlichen Themen f\u00fcr F\u00fchrungskr\u00e4fte von KMU auf.","publisher":{"@id":"https:\/\/www.organisator.ch\/#organization"},"potentialAction":[{"@type":"SearchAction","target":{"@type":"EntryPoint","urlTemplate":"https:\/\/www.organisator.ch\/?s={search_term_string}"},"query-input":{"@type":"PropertyValueSpecification","valueRequired":true,"valueName":"search_term_string"}}],"inLanguage":"de"},{"@type":"Organization","@id":"https:\/\/www.organisator.ch\/#organization","name":"Organisator","url":"https:\/\/www.organisator.ch\/","logo":{"@type":"ImageObject","inLanguage":"de","@id":"https:\/\/www.organisator.ch\/#\/schema\/logo\/image\/","url":"https:\/\/www.organisator.ch\/wp-content\/uploads\/2022\/01\/Logo_Organisator_Website.png","contentUrl":"https:\/\/www.organisator.ch\/wp-content\/uploads\/2022\/01\/Logo_Organisator_Website.png","width":800,"height":77,"caption":"Organisator"},"image":{"@id":"https:\/\/www.organisator.ch\/#\/schema\/logo\/image\/"},"sameAs":["https:\/\/www.facebook.com\/OrganisatorFachmagazin","https:\/\/www.linkedin.com\/showcase\/organisator-das-magazin-fr-kmu","https:\/\/www.xing.com\/news\/pages\/organisator-ch-695","https:\/\/www.youtube.com\/channel\/UCGP2Sq0iWaZwT3BdIAQFYpw"]},{"@type":"Person","@id":"https:\/\/www.organisator.ch\/#\/schema\/person\/6f650f90b2842cd4c0cc334b4e36f67e","name":"thomas.berner","image":{"@type":"ImageObject","inLanguage":"de","@id":"https:\/\/secure.gravatar.com\/avatar\/ac5001d2a36cb6c6cd3e50789007ffca834b477b74a2144564522e944eabff61?s=96&d=mm&r=g","url":"https:\/\/secure.gravatar.com\/avatar\/ac5001d2a36cb6c6cd3e50789007ffca834b477b74a2144564522e944eabff61?s=96&d=mm&r=g","contentUrl":"https:\/\/secure.gravatar.com\/avatar\/ac5001d2a36cb6c6cd3e50789007ffca834b477b74a2144564522e944eabff61?s=96&d=mm&r=g","caption":"thomas.berner"},"url":"https:\/\/www.organisator.ch\/de\/author\/thomas-berner\/"}]}},"_links":{"self":[{"href":"https:\/\/www.organisator.ch\/de\/wp-json\/wp\/v2\/posts\/5285","targetHints":{"allow":["GET"]}}],"collection":[{"href":"https:\/\/www.organisator.ch\/de\/wp-json\/wp\/v2\/posts"}],"about":[{"href":"https:\/\/www.organisator.ch\/de\/wp-json\/wp\/v2\/types\/post"}],"author":[{"embeddable":true,"href":"https:\/\/www.organisator.ch\/de\/wp-json\/wp\/v2\/users\/4"}],"replies":[{"embeddable":true,"href":"https:\/\/www.organisator.ch\/de\/wp-json\/wp\/v2\/comments?post=5285"}],"version-history":[{"count":0,"href":"https:\/\/www.organisator.ch\/de\/wp-json\/wp\/v2\/posts\/5285\/revisions"}],"wp:featuredmedia":[{"embeddable":true,"href":"https:\/\/www.organisator.ch\/de\/wp-json\/wp\/v2\/media\/5286"}],"wp:attachment":[{"href":"https:\/\/www.organisator.ch\/de\/wp-json\/wp\/v2\/media?parent=5285"}],"wp:term":[{"taxonomy":"category","embeddable":true,"href":"https:\/\/www.organisator.ch\/de\/wp-json\/wp\/v2\/categories?post=5285"},{"taxonomy":"post_tag","embeddable":true,"href":"https:\/\/www.organisator.ch\/de\/wp-json\/wp\/v2\/tags?post=5285"}],"curies":[{"name":"wp","href":"https:\/\/api.w.org\/{rel}","templated":true}]}}