{"id":5333,"date":"2019-06-04T13:38:49","date_gmt":"2019-06-04T11:38:49","guid":{"rendered":"https:\/\/www.organisator.ch\/?p=5333"},"modified":"2019-06-04T13:38:49","modified_gmt":"2019-06-04T11:38:49","slug":"5-wege-mit-fotos-und-videos-den-digitalen-informationsfluss-zu-optimieren","status":"publish","type":"post","link":"https:\/\/www.organisator.ch\/de\/management\/it\/2019-06-04\/5-wege-mit-fotos-und-videos-den-digitalen-informationsfluss-zu-optimieren\/","title":{"rendered":"5 Wege, mit Fotos und Videos den digitalen Informationsfluss zu optimieren"},"content":{"rendered":"<figure id=\"attachment_5334\" aria-describedby=\"caption-attachment-5334\" style=\"width: 680px\" class=\"wp-caption alignnone\"><img loading=\"lazy\" decoding=\"async\" class=\"size-medium wp-image-5334\" src=\"https:\/\/www.organisator.ch\/wp-content\/uploads\/2019\/06\/5-Wege-mit-Fotos-und-Videos-den-digitalen-Informationsfluss-zu-optimieren_Organisator.jpg\" alt=\"\" width=\"680\" height=\"391\" srcset=\"https:\/\/www.organisator.ch\/wp-content\/uploads\/2019\/06\/5-Wege-mit-Fotos-und-Videos-den-digitalen-Informationsfluss-zu-optimieren_Organisator.jpg 680w, https:\/\/www.organisator.ch\/wp-content\/uploads\/2019\/06\/5-Wege-mit-Fotos-und-Videos-den-digitalen-Informationsfluss-zu-optimieren_Organisator-16x9.jpg 16w, https:\/\/www.organisator.ch\/wp-content\/uploads\/2019\/06\/5-Wege-mit-Fotos-und-Videos-den-digitalen-Informationsfluss-zu-optimieren_Organisator-304x175.jpg 304w, https:\/\/www.organisator.ch\/wp-content\/uploads\/2019\/06\/5-Wege-mit-Fotos-und-Videos-den-digitalen-Informationsfluss-zu-optimieren_Organisator-609x350.jpg 609w, https:\/\/www.organisator.ch\/wp-content\/uploads\/2019\/06\/5-Wege-mit-Fotos-und-Videos-den-digitalen-Informationsfluss-zu-optimieren_Organisator-300x173.jpg 300w\" sizes=\"auto, (max-width: 680px) 100vw, 680px\" \/><figcaption id=\"caption-attachment-5334\" class=\"wp-caption-text\">Analoge Dokumente lassen sich heute einfach abfotografieren und in den digitalen Informationsfluss einspeisen. Viele Prozesse lassen sich dadurch optimieren. (Bild: Rawpixel \/ Pixabay.com)<\/figcaption><\/figure>\n<p>Abfotografierte Flipcharts und Whiteboards ersetzen inzwischen in vielen Besprechungen den Schriftf\u00fchrer. Mit Smartphone und Tablet sind Bilder in hoher Qualit\u00e4t im Handumdrehen erstellt, verteilt und direkt digital im Dokumenten Management System (DMS) archiviert. Auch Ger\u00e4te zur mobilen Datenerfassung (MDE) verf\u00fcgen immer h\u00e4ufiger \u00fcber eine Kamerafunktion. F\u00fcr mobil erstellte Fotos oder Videos ergeben sich damit noch viele weitere, lohnende Einsatzm\u00f6glichkeiten, und den digitalen Informationsfluss zu optimieren:<\/p>\n<h2>1. In der Logistik<\/h2>\n<p>Noch w\u00e4hrend der LKW an der Rampe steht, f\u00e4llt dem Mitarbeiter im Wareneingang eine besch\u00e4digte Verpackung auf. Mit der Kamera in seinem MDE-Ger\u00e4t oder Smartphone protokolliert er sofort den Mangel. Neben einer ramponierten Kartonage kann er so auch offensichtliche Defekte an der Ware oder falsche Lieferungen festhalten. Retouren und Ersatz lassen sich so umgehend \u2013 auch durch Sachbearbeiter im Backoffice \u2013 anfordern. Aber auch im Fall einer tadellosen Sendung helfen die schnellen Schnappsch\u00fcsse: Eine rasch dokumentierte Best\u00e4tigung im Wareneingang sorgt f\u00fcr eine schnellere Verbuchung und verk\u00fcrzt so Durchlaufzeiten.<\/p>\n<h2>2. Im Versand<\/h2>\n<p>Unmittelbar bevor die Ware das Haus verl\u00e4sst, dokumentiert ein schnelles Foto: Die jetzt zu verladenden Produkte sind unversehrt, vollz\u00e4hlig und entsprechen der Bestellung. Sollte die Lieferung am Bestimmungsort unvollst\u00e4ndig oder besch\u00e4digt ankommen, ist dank des \u201eBeweisfotos\u201c zweifelsfrei klar: Der Schaden ist w\u00e4hrend des Transports entstanden. Haftungsstreitigkeiten kommen so erst gar nicht auf.<\/p>\n<h2>3. In der Fertigung<\/h2>\n<p>Auch in der Produktion lohnt es sich, bestimmte Fertigungsschritte in Bildern oder Videos festzuhalten. Qualit\u00e4t und Vollst\u00e4ndigkeit lassen sich so leichter nachvollziehen. Das audiovisuelle Material liefert zudem die Grundlage f\u00fcr weitere Prozessoptimierung. Ist die Produktion abgeschlossen, kann ein Foto zur Fertigmeldung den Endzustand dokumentieren. Aber nicht nur das: Bilder aus der Fertigung sind auch in der Kundenkommunikation hilfreich. Zum Beispiel zeigen sie dem Kunden, wie weit seine individuelle Bestellung gefertigt ist, und steigern so die Vorfreude auf sein Wunschprodukt.<\/p>\n<h2>4. Im Projektmanagement<\/h2>\n<p>In komplexen Projekten, wie im Anlagenbau, helfen Bilder und Videos ebenfalls, den Zustand bestimmter Gewerke aufzunehmen und ihren Fortschritt festzuhalten. Das gilt f\u00fcr einzelne Projektphasen und erst recht f\u00fcr die Inbetriebnahme.<\/p>\n<h2>5. Beim Service<\/h2>\n<p>Servicetechniker im Au\u00dfendienst stehen unter hohem Druck: Schlie\u00dflich will der Kunde sein Problem m\u00f6glichst schnell gel\u00f6st haben. Werden Folgearbeiten n\u00f6tig, lohnt es sich, den aktuellen Zustand mit Text und Bild zu beschreiben. Denn hat der Kollege schon vor dem Einsatz zum Beispiel die Gebrauchsspuren vor Augen, kann er sich gezielter vorbereiten. Nat\u00fcrlich l\u00e4sst sich mit Vorher-Nachher-Aufnahmen auch die geleistete Wartung besser protokollieren.<\/p>\n<h2>Von der digitalen Datei zum digitalen Prozess<\/h2>\n<p>Eine digitale Aufnahme allein macht noch keine Digitalisierung. Muss ein Mitarbeiter erst zu einem PC oder Terminal gehen, um Dateien hochzuladen, kostet das wertvolle Prozesszeit. Ebenso wie das Kopieren auf einen PC, sei es \u00fcber den Austausch einer SD-Karte oder das Anschlie\u00dfen eines USB-Kabels. Umgekehrt gilt: Personen im Backoffice haben alle ben\u00f6tigten Informationen\u00a0in der digitalen Akte\u00a0direkt verf\u00fcgbar \u2013\u00a0ohne R\u00fcckfragen und nahezu in Echtzeit. Selbst wenn je Vorgang nur Sekunden oder wenige Minuten gewonnen sind: \u00dcber einen Tag oder in einer Woche kommen hier schnell mehrere Stunden verschenkte Arbeitszeit zusammen. F\u00fcr Unternehmen, die das volle Potenzial der Digitalisierung aussch\u00f6pfen wollen, geht es also nicht nur darum, Fotos m\u00f6glichst zeitnah zu erstellen. Sie sollten auch darauf achten, dass sie die Bilder direkt vom mobilen Endger\u00e4t an nachgelagerte Stellen weitergeben k\u00f6nnen. Auch muss es m\u00f6glich sein, die digitalen Medien an die jeweiligen Auftr\u00e4ge oder andere Belege anzuh\u00e4ngen.<\/p>\n<h2>Digitaler Informationsfluss: Zeitersparnis und Arbeitserleichterung<\/h2>\n<p>Die Mitarbeiter ersparen sich damit nicht nur mehrere Arbeitsschritte rund um das Hochladen. Auch die Geschwindigkeit und Transparenz im Prozess als Ganzes steigen. Kollegen k\u00f6nnen schneller reagieren und nachfolgende T\u00e4tigkeiten fr\u00fcher starten. Denn sie haben direkten Zugriff auf den digitalen Beleg inklusive s\u00e4mtlicher Bilder und Videos\u00a0und das im Fall einer integrierten Archivierung mit einem Dokumenten-Management-System noch \u00fcber Jahre hinweg.<\/p>\n<p><em>Quelle und weitere Informationen: <a href=\"http:\/\/www.proalpha.ch\">proALPHA<\/a><\/em><\/p>\n","protected":false},"excerpt":{"rendered":"<p>Abfotografierte Flipcharts und Whiteboards ersetzen inzwischen in vielen Besprechungen den Schriftf\u00fchrer. Mit Smartphone und Tablet sind Bilder in hoher Qualit\u00e4t im Handumdrehen erstellt, verteilt und direkt digital im Dokumenten Management System (DMS) archiviert. Auch Ger\u00e4te zur mobilen Datenerfassung (MDE) verf\u00fcgen immer h\u00e4ufiger \u00fcber eine Kamerafunktion. F\u00fcr mobil erstellte Fotos oder Videos ergeben sich damit noch [&hellip;]<\/p>\n","protected":false},"author":4,"featured_media":5334,"comment_status":"open","ping_status":"open","sticky":false,"template":"","format":"standard","meta":{"_acf_changed":false,"_yoast_wpseo_focuskw":"Informationsfluss","_yoast_wpseo_metadesc":"Gute Fotos und Videos zu schie\u00dfen, ist heute kinderleicht. Richtig eingesetzt, bieten die neuen Medien an vielen Stellen im Unternehmen hohen Mehrwert.","articlekey":"","footnotes":""},"categories":[27],"tags":[115,156,286,288],"class_list":["post-5333","post","type-post","status-publish","format-standard","has-post-thumbnail","hentry","category-it","tag-checklisten","tag-digitalisierung","tag-it","tag-it-business-software"],"acf":[],"yoast_head":"<!-- This site is optimized with the Yoast SEO plugin v27.5 - https:\/\/yoast.com\/product\/yoast-seo-wordpress\/ -->\n<title>5 Wege, mit Fotos und Videos den digitalen Informationsfluss zu optimieren - Organisator<\/title>\n<meta name=\"description\" content=\"Gute Fotos und Videos zu schie\u00dfen, ist heute kinderleicht. Richtig eingesetzt, bieten die neuen Medien an vielen Stellen im Unternehmen hohen Mehrwert.\" \/>\n<meta name=\"robots\" content=\"index, follow, max-snippet:-1, max-image-preview:large, max-video-preview:-1\" \/>\n<link rel=\"canonical\" href=\"https:\/\/www.organisator.ch\/de\/management\/it\/2019-06-04\/5-wege-mit-fotos-und-videos-den-digitalen-informationsfluss-zu-optimieren\/\" \/>\n<meta property=\"og:locale\" content=\"de_DE\" \/>\n<meta property=\"og:type\" content=\"article\" \/>\n<meta property=\"og:title\" content=\"5 Wege, mit Fotos und Videos den digitalen Informationsfluss zu optimieren\" \/>\n<meta property=\"og:description\" content=\"Gute Fotos und Videos zu schie\u00dfen, ist heute kinderleicht. Richtig eingesetzt, bieten die neuen Medien an vielen Stellen im Unternehmen hohen Mehrwert.\" \/>\n<meta property=\"og:url\" content=\"https:\/\/www.organisator.ch\/de\/management\/it\/2019-06-04\/5-wege-mit-fotos-und-videos-den-digitalen-informationsfluss-zu-optimieren\/\" \/>\n<meta property=\"og:site_name\" content=\"Organisator\" \/>\n<meta property=\"article:publisher\" content=\"https:\/\/www.facebook.com\/OrganisatorFachmagazin\" \/>\n<meta property=\"article:published_time\" content=\"2019-06-04T11:38:49+00:00\" \/>\n<meta property=\"og:image\" content=\"https:\/\/www.organisator.ch\/wp-content\/uploads\/2019\/06\/5-Wege-mit-Fotos-und-Videos-den-digitalen-Informationsfluss-zu-optimieren_Organisator.jpg\" \/>\n\t<meta property=\"og:image:width\" content=\"680\" \/>\n\t<meta property=\"og:image:height\" content=\"391\" \/>\n\t<meta property=\"og:image:type\" content=\"image\/jpeg\" \/>\n<meta name=\"author\" content=\"thomas.berner\" \/>\n<meta name=\"twitter:card\" content=\"summary_large_image\" \/>\n<meta name=\"twitter:title\" content=\"5 Wege, mit Fotos und Videos den digitalen #Informationsfluss zu optimieren\" \/>\n<meta name=\"twitter:description\" content=\"Gute #Fotos und #Videos zu schie\u00dfen, ist heute kinderleicht. Richtig eingesetzt, bieten die neuen Medien an vielen Stellen im Unternehmen hohen Mehrwert.\" \/>\n<meta name=\"twitter:image\" content=\"https:\/\/www.organisator.ch\/wp-content\/uploads\/2019\/06\/5-Wege-mit-Fotos-und-Videos-den-digitalen-Informationsfluss-zu-optimieren_Organisator.jpg\" \/>\n<script type=\"application\/ld+json\" class=\"yoast-schema-graph\">{\"@context\":\"https:\\\/\\\/schema.org\",\"@graph\":[{\"@type\":\"Article\",\"@id\":\"https:\\\/\\\/www.organisator.ch\\\/management\\\/it\\\/2019-06-04\\\/5-wege-mit-fotos-und-videos-den-digitalen-informationsfluss-zu-optimieren\\\/#article\",\"isPartOf\":{\"@id\":\"https:\\\/\\\/www.organisator.ch\\\/management\\\/it\\\/2019-06-04\\\/5-wege-mit-fotos-und-videos-den-digitalen-informationsfluss-zu-optimieren\\\/\"},\"author\":{\"name\":\"thomas.berner\",\"@id\":\"https:\\\/\\\/www.organisator.ch\\\/#\\\/schema\\\/person\\\/6f650f90b2842cd4c0cc334b4e36f67e\"},\"headline\":\"5 Wege, mit Fotos und Videos den digitalen Informationsfluss zu optimieren\",\"datePublished\":\"2019-06-04T11:38:49+00:00\",\"mainEntityOfPage\":{\"@id\":\"https:\\\/\\\/www.organisator.ch\\\/management\\\/it\\\/2019-06-04\\\/5-wege-mit-fotos-und-videos-den-digitalen-informationsfluss-zu-optimieren\\\/\"},\"wordCount\":698,\"commentCount\":0,\"publisher\":{\"@id\":\"https:\\\/\\\/www.organisator.ch\\\/#organization\"},\"image\":{\"@id\":\"https:\\\/\\\/www.organisator.ch\\\/management\\\/it\\\/2019-06-04\\\/5-wege-mit-fotos-und-videos-den-digitalen-informationsfluss-zu-optimieren\\\/#primaryimage\"},\"thumbnailUrl\":\"https:\\\/\\\/www.organisator.ch\\\/wp-content\\\/uploads\\\/2019\\\/06\\\/5-Wege-mit-Fotos-und-Videos-den-digitalen-Informationsfluss-zu-optimieren_Organisator.jpg\",\"keywords\":[\"Checklisten\",\"Digitalisierung\",\"IT\",\"IT &amp; Business Software\"],\"articleSection\":[\"IT\"],\"inLanguage\":\"de\"},{\"@type\":\"WebPage\",\"@id\":\"https:\\\/\\\/www.organisator.ch\\\/management\\\/it\\\/2019-06-04\\\/5-wege-mit-fotos-und-videos-den-digitalen-informationsfluss-zu-optimieren\\\/\",\"url\":\"https:\\\/\\\/www.organisator.ch\\\/management\\\/it\\\/2019-06-04\\\/5-wege-mit-fotos-und-videos-den-digitalen-informationsfluss-zu-optimieren\\\/\",\"name\":\"5 Wege, mit Fotos und Videos den digitalen Informationsfluss zu optimieren - Organisator\",\"isPartOf\":{\"@id\":\"https:\\\/\\\/www.organisator.ch\\\/#website\"},\"primaryImageOfPage\":{\"@id\":\"https:\\\/\\\/www.organisator.ch\\\/management\\\/it\\\/2019-06-04\\\/5-wege-mit-fotos-und-videos-den-digitalen-informationsfluss-zu-optimieren\\\/#primaryimage\"},\"image\":{\"@id\":\"https:\\\/\\\/www.organisator.ch\\\/management\\\/it\\\/2019-06-04\\\/5-wege-mit-fotos-und-videos-den-digitalen-informationsfluss-zu-optimieren\\\/#primaryimage\"},\"thumbnailUrl\":\"https:\\\/\\\/www.organisator.ch\\\/wp-content\\\/uploads\\\/2019\\\/06\\\/5-Wege-mit-Fotos-und-Videos-den-digitalen-Informationsfluss-zu-optimieren_Organisator.jpg\",\"datePublished\":\"2019-06-04T11:38:49+00:00\",\"description\":\"Gute Fotos und Videos zu schie\u00dfen, ist heute kinderleicht. Richtig eingesetzt, bieten die neuen Medien an vielen Stellen im Unternehmen hohen Mehrwert.\",\"breadcrumb\":{\"@id\":\"https:\\\/\\\/www.organisator.ch\\\/management\\\/it\\\/2019-06-04\\\/5-wege-mit-fotos-und-videos-den-digitalen-informationsfluss-zu-optimieren\\\/#breadcrumb\"},\"inLanguage\":\"de\",\"potentialAction\":[{\"@type\":\"ReadAction\",\"target\":[\"https:\\\/\\\/www.organisator.ch\\\/management\\\/it\\\/2019-06-04\\\/5-wege-mit-fotos-und-videos-den-digitalen-informationsfluss-zu-optimieren\\\/\"]}]},{\"@type\":\"ImageObject\",\"inLanguage\":\"de\",\"@id\":\"https:\\\/\\\/www.organisator.ch\\\/management\\\/it\\\/2019-06-04\\\/5-wege-mit-fotos-und-videos-den-digitalen-informationsfluss-zu-optimieren\\\/#primaryimage\",\"url\":\"https:\\\/\\\/www.organisator.ch\\\/wp-content\\\/uploads\\\/2019\\\/06\\\/5-Wege-mit-Fotos-und-Videos-den-digitalen-Informationsfluss-zu-optimieren_Organisator.jpg\",\"contentUrl\":\"https:\\\/\\\/www.organisator.ch\\\/wp-content\\\/uploads\\\/2019\\\/06\\\/5-Wege-mit-Fotos-und-Videos-den-digitalen-Informationsfluss-zu-optimieren_Organisator.jpg\",\"width\":680,\"height\":391,\"caption\":\"Analoge Dokumente lassen sich heute einfach abfotografieren und in den digitalen Informationsfluss einspeisen. Viele Prozesse lassen sich dadurch optimieren. (Bild: Rawpixel \\\/ Pixabay.com)\"},{\"@type\":\"BreadcrumbList\",\"@id\":\"https:\\\/\\\/www.organisator.ch\\\/management\\\/it\\\/2019-06-04\\\/5-wege-mit-fotos-und-videos-den-digitalen-informationsfluss-zu-optimieren\\\/#breadcrumb\",\"itemListElement\":[{\"@type\":\"ListItem\",\"position\":1,\"name\":\"Home\",\"item\":\"https:\\\/\\\/www.organisator.ch\\\/\"},{\"@type\":\"ListItem\",\"position\":2,\"name\":\"5 Wege, mit Fotos und Videos den digitalen Informationsfluss zu optimieren\"}]},{\"@type\":\"WebSite\",\"@id\":\"https:\\\/\\\/www.organisator.ch\\\/#website\",\"url\":\"https:\\\/\\\/www.organisator.ch\\\/\",\"name\":\"Organisator\",\"description\":\"Kompetent. Praxisnah. Der ORGANISATOR bereitet in 10 Ausgaben pro Jahr die wesentlichen Themen f\u00fcr F\u00fchrungskr\u00e4fte von KMU auf.\",\"publisher\":{\"@id\":\"https:\\\/\\\/www.organisator.ch\\\/#organization\"},\"potentialAction\":[{\"@type\":\"SearchAction\",\"target\":{\"@type\":\"EntryPoint\",\"urlTemplate\":\"https:\\\/\\\/www.organisator.ch\\\/?s={search_term_string}\"},\"query-input\":{\"@type\":\"PropertyValueSpecification\",\"valueRequired\":true,\"valueName\":\"search_term_string\"}}],\"inLanguage\":\"de\"},{\"@type\":\"Organization\",\"@id\":\"https:\\\/\\\/www.organisator.ch\\\/#organization\",\"name\":\"Organisator\",\"url\":\"https:\\\/\\\/www.organisator.ch\\\/\",\"logo\":{\"@type\":\"ImageObject\",\"inLanguage\":\"de\",\"@id\":\"https:\\\/\\\/www.organisator.ch\\\/#\\\/schema\\\/logo\\\/image\\\/\",\"url\":\"https:\\\/\\\/www.organisator.ch\\\/wp-content\\\/uploads\\\/2022\\\/01\\\/Logo_Organisator_Website.png\",\"contentUrl\":\"https:\\\/\\\/www.organisator.ch\\\/wp-content\\\/uploads\\\/2022\\\/01\\\/Logo_Organisator_Website.png\",\"width\":800,\"height\":77,\"caption\":\"Organisator\"},\"image\":{\"@id\":\"https:\\\/\\\/www.organisator.ch\\\/#\\\/schema\\\/logo\\\/image\\\/\"},\"sameAs\":[\"https:\\\/\\\/www.facebook.com\\\/OrganisatorFachmagazin\",\"https:\\\/\\\/www.linkedin.com\\\/showcase\\\/organisator-das-magazin-fr-kmu\",\"https:\\\/\\\/www.xing.com\\\/news\\\/pages\\\/organisator-ch-695\",\"https:\\\/\\\/www.youtube.com\\\/channel\\\/UCGP2Sq0iWaZwT3BdIAQFYpw\"]},{\"@type\":\"Person\",\"@id\":\"https:\\\/\\\/www.organisator.ch\\\/#\\\/schema\\\/person\\\/6f650f90b2842cd4c0cc334b4e36f67e\",\"name\":\"thomas.berner\",\"image\":{\"@type\":\"ImageObject\",\"inLanguage\":\"de\",\"@id\":\"https:\\\/\\\/secure.gravatar.com\\\/avatar\\\/ac5001d2a36cb6c6cd3e50789007ffca834b477b74a2144564522e944eabff61?s=96&d=mm&r=g\",\"url\":\"https:\\\/\\\/secure.gravatar.com\\\/avatar\\\/ac5001d2a36cb6c6cd3e50789007ffca834b477b74a2144564522e944eabff61?s=96&d=mm&r=g\",\"contentUrl\":\"https:\\\/\\\/secure.gravatar.com\\\/avatar\\\/ac5001d2a36cb6c6cd3e50789007ffca834b477b74a2144564522e944eabff61?s=96&d=mm&r=g\",\"caption\":\"thomas.berner\"},\"url\":\"https:\\\/\\\/www.organisator.ch\\\/de\\\/author\\\/thomas-berner\\\/\"}]}<\/script>\n<!-- \/ Yoast SEO plugin. -->","yoast_head_json":{"title":"5 Wege, mit Fotos und Videos den digitalen Informationsfluss zu optimieren - Organisator","description":"Gute Fotos und Videos zu schie\u00dfen, ist heute kinderleicht. Richtig eingesetzt, bieten die neuen Medien an vielen Stellen im Unternehmen hohen Mehrwert.","robots":{"index":"index","follow":"follow","max-snippet":"max-snippet:-1","max-image-preview":"max-image-preview:large","max-video-preview":"max-video-preview:-1"},"canonical":"https:\/\/www.organisator.ch\/de\/management\/it\/2019-06-04\/5-wege-mit-fotos-und-videos-den-digitalen-informationsfluss-zu-optimieren\/","og_locale":"de_DE","og_type":"article","og_title":"5 Wege, mit Fotos und Videos den digitalen Informationsfluss zu optimieren","og_description":"Gute Fotos und Videos zu schie\u00dfen, ist heute kinderleicht. Richtig eingesetzt, bieten die neuen Medien an vielen Stellen im Unternehmen hohen Mehrwert.","og_url":"https:\/\/www.organisator.ch\/de\/management\/it\/2019-06-04\/5-wege-mit-fotos-und-videos-den-digitalen-informationsfluss-zu-optimieren\/","og_site_name":"Organisator","article_publisher":"https:\/\/www.facebook.com\/OrganisatorFachmagazin","article_published_time":"2019-06-04T11:38:49+00:00","og_image":[{"width":680,"height":391,"url":"https:\/\/www.organisator.ch\/wp-content\/uploads\/2019\/06\/5-Wege-mit-Fotos-und-Videos-den-digitalen-Informationsfluss-zu-optimieren_Organisator.jpg","type":"image\/jpeg"}],"author":"thomas.berner","twitter_card":"summary_large_image","twitter_title":"5 Wege, mit Fotos und Videos den digitalen #Informationsfluss zu optimieren","twitter_description":"Gute #Fotos und #Videos zu schie\u00dfen, ist heute kinderleicht. Richtig eingesetzt, bieten die neuen Medien an vielen Stellen im Unternehmen hohen Mehrwert.","twitter_image":"https:\/\/www.organisator.ch\/wp-content\/uploads\/2019\/06\/5-Wege-mit-Fotos-und-Videos-den-digitalen-Informationsfluss-zu-optimieren_Organisator.jpg","schema":{"@context":"https:\/\/schema.org","@graph":[{"@type":"Article","@id":"https:\/\/www.organisator.ch\/management\/it\/2019-06-04\/5-wege-mit-fotos-und-videos-den-digitalen-informationsfluss-zu-optimieren\/#article","isPartOf":{"@id":"https:\/\/www.organisator.ch\/management\/it\/2019-06-04\/5-wege-mit-fotos-und-videos-den-digitalen-informationsfluss-zu-optimieren\/"},"author":{"name":"thomas.berner","@id":"https:\/\/www.organisator.ch\/#\/schema\/person\/6f650f90b2842cd4c0cc334b4e36f67e"},"headline":"5 Wege, mit Fotos und Videos den digitalen Informationsfluss zu optimieren","datePublished":"2019-06-04T11:38:49+00:00","mainEntityOfPage":{"@id":"https:\/\/www.organisator.ch\/management\/it\/2019-06-04\/5-wege-mit-fotos-und-videos-den-digitalen-informationsfluss-zu-optimieren\/"},"wordCount":698,"commentCount":0,"publisher":{"@id":"https:\/\/www.organisator.ch\/#organization"},"image":{"@id":"https:\/\/www.organisator.ch\/management\/it\/2019-06-04\/5-wege-mit-fotos-und-videos-den-digitalen-informationsfluss-zu-optimieren\/#primaryimage"},"thumbnailUrl":"https:\/\/www.organisator.ch\/wp-content\/uploads\/2019\/06\/5-Wege-mit-Fotos-und-Videos-den-digitalen-Informationsfluss-zu-optimieren_Organisator.jpg","keywords":["Checklisten","Digitalisierung","IT","IT &amp; Business Software"],"articleSection":["IT"],"inLanguage":"de"},{"@type":"WebPage","@id":"https:\/\/www.organisator.ch\/management\/it\/2019-06-04\/5-wege-mit-fotos-und-videos-den-digitalen-informationsfluss-zu-optimieren\/","url":"https:\/\/www.organisator.ch\/management\/it\/2019-06-04\/5-wege-mit-fotos-und-videos-den-digitalen-informationsfluss-zu-optimieren\/","name":"5 Wege, mit Fotos und Videos den digitalen Informationsfluss zu optimieren - Organisator","isPartOf":{"@id":"https:\/\/www.organisator.ch\/#website"},"primaryImageOfPage":{"@id":"https:\/\/www.organisator.ch\/management\/it\/2019-06-04\/5-wege-mit-fotos-und-videos-den-digitalen-informationsfluss-zu-optimieren\/#primaryimage"},"image":{"@id":"https:\/\/www.organisator.ch\/management\/it\/2019-06-04\/5-wege-mit-fotos-und-videos-den-digitalen-informationsfluss-zu-optimieren\/#primaryimage"},"thumbnailUrl":"https:\/\/www.organisator.ch\/wp-content\/uploads\/2019\/06\/5-Wege-mit-Fotos-und-Videos-den-digitalen-Informationsfluss-zu-optimieren_Organisator.jpg","datePublished":"2019-06-04T11:38:49+00:00","description":"Gute Fotos und Videos zu schie\u00dfen, ist heute kinderleicht. Richtig eingesetzt, bieten die neuen Medien an vielen Stellen im Unternehmen hohen Mehrwert.","breadcrumb":{"@id":"https:\/\/www.organisator.ch\/management\/it\/2019-06-04\/5-wege-mit-fotos-und-videos-den-digitalen-informationsfluss-zu-optimieren\/#breadcrumb"},"inLanguage":"de","potentialAction":[{"@type":"ReadAction","target":["https:\/\/www.organisator.ch\/management\/it\/2019-06-04\/5-wege-mit-fotos-und-videos-den-digitalen-informationsfluss-zu-optimieren\/"]}]},{"@type":"ImageObject","inLanguage":"de","@id":"https:\/\/www.organisator.ch\/management\/it\/2019-06-04\/5-wege-mit-fotos-und-videos-den-digitalen-informationsfluss-zu-optimieren\/#primaryimage","url":"https:\/\/www.organisator.ch\/wp-content\/uploads\/2019\/06\/5-Wege-mit-Fotos-und-Videos-den-digitalen-Informationsfluss-zu-optimieren_Organisator.jpg","contentUrl":"https:\/\/www.organisator.ch\/wp-content\/uploads\/2019\/06\/5-Wege-mit-Fotos-und-Videos-den-digitalen-Informationsfluss-zu-optimieren_Organisator.jpg","width":680,"height":391,"caption":"Analoge Dokumente lassen sich heute einfach abfotografieren und in den digitalen Informationsfluss einspeisen. Viele Prozesse lassen sich dadurch optimieren. (Bild: Rawpixel \/ Pixabay.com)"},{"@type":"BreadcrumbList","@id":"https:\/\/www.organisator.ch\/management\/it\/2019-06-04\/5-wege-mit-fotos-und-videos-den-digitalen-informationsfluss-zu-optimieren\/#breadcrumb","itemListElement":[{"@type":"ListItem","position":1,"name":"Home","item":"https:\/\/www.organisator.ch\/"},{"@type":"ListItem","position":2,"name":"5 Wege, mit Fotos und Videos den digitalen Informationsfluss zu optimieren"}]},{"@type":"WebSite","@id":"https:\/\/www.organisator.ch\/#website","url":"https:\/\/www.organisator.ch\/","name":"Organisator","description":"Kompetent. Praxisnah. Der ORGANISATOR bereitet in 10 Ausgaben pro Jahr die wesentlichen Themen f\u00fcr F\u00fchrungskr\u00e4fte von KMU auf.","publisher":{"@id":"https:\/\/www.organisator.ch\/#organization"},"potentialAction":[{"@type":"SearchAction","target":{"@type":"EntryPoint","urlTemplate":"https:\/\/www.organisator.ch\/?s={search_term_string}"},"query-input":{"@type":"PropertyValueSpecification","valueRequired":true,"valueName":"search_term_string"}}],"inLanguage":"de"},{"@type":"Organization","@id":"https:\/\/www.organisator.ch\/#organization","name":"Organisator","url":"https:\/\/www.organisator.ch\/","logo":{"@type":"ImageObject","inLanguage":"de","@id":"https:\/\/www.organisator.ch\/#\/schema\/logo\/image\/","url":"https:\/\/www.organisator.ch\/wp-content\/uploads\/2022\/01\/Logo_Organisator_Website.png","contentUrl":"https:\/\/www.organisator.ch\/wp-content\/uploads\/2022\/01\/Logo_Organisator_Website.png","width":800,"height":77,"caption":"Organisator"},"image":{"@id":"https:\/\/www.organisator.ch\/#\/schema\/logo\/image\/"},"sameAs":["https:\/\/www.facebook.com\/OrganisatorFachmagazin","https:\/\/www.linkedin.com\/showcase\/organisator-das-magazin-fr-kmu","https:\/\/www.xing.com\/news\/pages\/organisator-ch-695","https:\/\/www.youtube.com\/channel\/UCGP2Sq0iWaZwT3BdIAQFYpw"]},{"@type":"Person","@id":"https:\/\/www.organisator.ch\/#\/schema\/person\/6f650f90b2842cd4c0cc334b4e36f67e","name":"thomas.berner","image":{"@type":"ImageObject","inLanguage":"de","@id":"https:\/\/secure.gravatar.com\/avatar\/ac5001d2a36cb6c6cd3e50789007ffca834b477b74a2144564522e944eabff61?s=96&d=mm&r=g","url":"https:\/\/secure.gravatar.com\/avatar\/ac5001d2a36cb6c6cd3e50789007ffca834b477b74a2144564522e944eabff61?s=96&d=mm&r=g","contentUrl":"https:\/\/secure.gravatar.com\/avatar\/ac5001d2a36cb6c6cd3e50789007ffca834b477b74a2144564522e944eabff61?s=96&d=mm&r=g","caption":"thomas.berner"},"url":"https:\/\/www.organisator.ch\/de\/author\/thomas-berner\/"}]}},"_links":{"self":[{"href":"https:\/\/www.organisator.ch\/de\/wp-json\/wp\/v2\/posts\/5333","targetHints":{"allow":["GET"]}}],"collection":[{"href":"https:\/\/www.organisator.ch\/de\/wp-json\/wp\/v2\/posts"}],"about":[{"href":"https:\/\/www.organisator.ch\/de\/wp-json\/wp\/v2\/types\/post"}],"author":[{"embeddable":true,"href":"https:\/\/www.organisator.ch\/de\/wp-json\/wp\/v2\/users\/4"}],"replies":[{"embeddable":true,"href":"https:\/\/www.organisator.ch\/de\/wp-json\/wp\/v2\/comments?post=5333"}],"version-history":[{"count":0,"href":"https:\/\/www.organisator.ch\/de\/wp-json\/wp\/v2\/posts\/5333\/revisions"}],"wp:featuredmedia":[{"embeddable":true,"href":"https:\/\/www.organisator.ch\/de\/wp-json\/wp\/v2\/media\/5334"}],"wp:attachment":[{"href":"https:\/\/www.organisator.ch\/de\/wp-json\/wp\/v2\/media?parent=5333"}],"wp:term":[{"taxonomy":"category","embeddable":true,"href":"https:\/\/www.organisator.ch\/de\/wp-json\/wp\/v2\/categories?post=5333"},{"taxonomy":"post_tag","embeddable":true,"href":"https:\/\/www.organisator.ch\/de\/wp-json\/wp\/v2\/tags?post=5333"}],"curies":[{"name":"wp","href":"https:\/\/api.w.org\/{rel}","templated":true}]}}