{"id":5356,"date":"2019-06-07T10:36:16","date_gmt":"2019-06-07T08:36:16","guid":{"rendered":"https:\/\/www.organisator.ch\/?p=5356"},"modified":"2019-06-07T10:36:16","modified_gmt":"2019-06-07T08:36:16","slug":"wie-steigert-man-die-arbeitgeber-attraktivitaet","status":"publish","type":"post","link":"https:\/\/www.organisator.ch\/de\/human-resources\/hrm\/2019-06-07\/wie-steigert-man-die-arbeitgeber-attraktivitaet\/","title":{"rendered":"Wie steigert man die Arbeitgeber-Attraktivit\u00e4t?"},"content":{"rendered":"<figure id=\"attachment_5357\" aria-describedby=\"caption-attachment-5357\" style=\"width: 680px\" class=\"wp-caption alignnone\"><img loading=\"lazy\" decoding=\"async\" class=\"size-medium wp-image-5357\" src=\"https:\/\/www.organisator.ch\/wp-content\/uploads\/2019\/06\/Wie-steigert-man-die-Arbeitgeber-Attraktivitaet-1_Organisator.jpg\" alt=\"\" width=\"680\" height=\"452\" srcset=\"https:\/\/www.organisator.ch\/wp-content\/uploads\/2019\/06\/Wie-steigert-man-die-Arbeitgeber-Attraktivitaet-1_Organisator.jpg 680w, https:\/\/www.organisator.ch\/wp-content\/uploads\/2019\/06\/Wie-steigert-man-die-Arbeitgeber-Attraktivitaet-1_Organisator-16x12.jpg 16w, https:\/\/www.organisator.ch\/wp-content\/uploads\/2019\/06\/Wie-steigert-man-die-Arbeitgeber-Attraktivitaet-1_Organisator-263x175.jpg 263w, https:\/\/www.organisator.ch\/wp-content\/uploads\/2019\/06\/Wie-steigert-man-die-Arbeitgeber-Attraktivitaet-1_Organisator-527x350.jpg 527w, https:\/\/www.organisator.ch\/wp-content\/uploads\/2019\/06\/Wie-steigert-man-die-Arbeitgeber-Attraktivitaet-1_Organisator-300x199.jpg 300w\" sizes=\"auto, (max-width: 680px) 100vw, 680px\" \/><figcaption id=\"caption-attachment-5357\" class=\"wp-caption-text\">Die richtige Arbeitgeber-Marke &#8211; ein nicht unwesentliches Element f\u00fcr Arbeitgeber-Attraktivit\u00e4t, so Referent Bastian Schneider (links, im Gespr\u00e4ch mit Moderator Mattias Wipf). (Bild: Thomas Berner)<\/figcaption><\/figure>\n<p>Employer Branding ist zwar l\u00e4ngst kein neues Thema mehr. Aber es st\u00f6sst immer noch auf grosses Interesse bei den HR-Fachleuten. Nur so ist es zu erkl\u00e4ren, dass die 15. Durchf\u00fchrung des Ostschweizer Personaltags vor rekordverd\u00e4chtiger Kulisse stattfinden konnte: Der Saal war fast bis zum letzten Platz besetzt, wie Abdullah Redzepi, Mitglied des Patronats-Komitees nicht ohne Stolz in seiner Er\u00f6ffnungsansprache feststellen konnte.<\/p>\n<h2>Arbeitgeber-Marke: &#8222;Substanziell anders sein&#8220;<\/h2>\n<p>Den Veranstaltern ist es gelungen, zum Thema &#8222;Arbeitgeber-Attraktivit\u00e4t&#8220; ein abwechslungsreiches Referate-Panel zusammenzustellen. Theorie und Praxis wechselten sich in ausgewogener Weise ab. Zun\u00e4chst sprach Bastian Schneider von Hotz Brand Consultants \u00fcber das Wesen einer echten Arbeitgeber-Marke. \u201eMarken bringen Menschen dazu, Entscheide zu f\u00e4llen\u201c, sagte er mit Verweis darauf, dass dies selbstverst\u00e4ndlich auch f\u00fcr die Marke gelte, mit der man als Unternehmen auftrete. Die eigentliche Erfolgszutat f\u00fcr das Employer Branding liege darin, \u201esubstanziell anders\u201c zu sein. Dazu m\u00fcsse man auch den Mut aufbringen, auch mal Nein zu dem zu sagen, was alle anderen Mitbewerber tun. \u201ePurpose, Sinn, Identifikation, Stolz: Hier liegen die gr\u00f6ssten Potenziale\u201c, so der Referent.<\/p>\n<figure id=\"attachment_5358\" aria-describedby=\"caption-attachment-5358\" style=\"width: 680px\" class=\"wp-caption alignnone\"><img loading=\"lazy\" decoding=\"async\" class=\"size-medium wp-image-5358\" src=\"https:\/\/www.organisator.ch\/wp-content\/uploads\/2019\/06\/Wie-steigert-man-die-Arbeitgeber-Attraktivitaet-2_Organisator.jpg\" alt=\"\" width=\"680\" height=\"452\" srcset=\"https:\/\/www.organisator.ch\/wp-content\/uploads\/2019\/06\/Wie-steigert-man-die-Arbeitgeber-Attraktivitaet-2_Organisator.jpg 680w, https:\/\/www.organisator.ch\/wp-content\/uploads\/2019\/06\/Wie-steigert-man-die-Arbeitgeber-Attraktivitaet-2_Organisator-16x12.jpg 16w, https:\/\/www.organisator.ch\/wp-content\/uploads\/2019\/06\/Wie-steigert-man-die-Arbeitgeber-Attraktivitaet-2_Organisator-263x175.jpg 263w, https:\/\/www.organisator.ch\/wp-content\/uploads\/2019\/06\/Wie-steigert-man-die-Arbeitgeber-Attraktivitaet-2_Organisator-527x350.jpg 527w, https:\/\/www.organisator.ch\/wp-content\/uploads\/2019\/06\/Wie-steigert-man-die-Arbeitgeber-Attraktivitaet-2_Organisator-300x199.jpg 300w\" sizes=\"auto, (max-width: 680px) 100vw, 680px\" \/><figcaption id=\"caption-attachment-5358\" class=\"wp-caption-text\">Employer Branding f\u00fcr Digital Natives: Florian Wassel wies auf h\u00e4ufig gemachte Fehler hin. (Bild: Thomas Berner)<\/figcaption><\/figure>\n<p>Diesen Faden spann anschliessend Florian Wassel, Gr\u00fcnder und Mitinhaber von TOWA Digital, weiter, als er \u00fcber Employer Branding f\u00fcr die Digital Natives sprach. Es seien weder Kickertische im B\u00fcro noch Anbiederung an die junge Generation oder der krampfhafte Versuch, cool zu sein, welche die Generationen Y und Z anz\u00f6gen. Vielmehr gelte es, agiles Management vorzuleben, Orientierung, Klarheit und Transparenz zu schaffen und bei der Suche nach Talenten noch digitaler zu denken. Sein Unternehmen betreibe diese Suche sehr aktiv, auch indem die verschiedensten Mitarbeitenden regelm\u00e4ssig auf den unterschiedlichsten Kommunikationskan\u00e4len Pr\u00e4senz markieren und so zu Botschaftern des Unternehmens werden.<\/p>\n<h2>Bewahren und Messen der Arbeitgeber-Attraktivit\u00e4t<\/h2>\n<p>Wie auch \u201etraditionelle\u201c Unternehmen heute nicht umhin kommen, Social Media als unabdingbares Rekrutierungs- und Kommunikationsinstrument zu nutzen, erl\u00e4uterte Katharina Lehmann, CEO des Holzbauunternehmens Blumer-Lehmann. F\u00fchrungskr\u00e4fte wie auch Mitarbeitende dienen als \u201eInfluencer\u201c, Marketing sei nicht nur f\u00fcr den Vertrieb, sondern eben auch f\u00fcr die Rekrutierung ein wichtiges Instrument. Und nicht zuletzt brauche jedes Unternehmen eine Kultur des Vertrauens. Diese entstehe nach wie vor an der Schnittstelle von Mensch zu Mensch. Dennoch m\u00fcsse die Mitarbeiter-Kommunikation direkt, offen, schnell, schonungslos aber gleichwohl konstruktiv erfolgen.<\/p>\n<p>Dass nicht nur KMU, sondern auch Grossunternehmen mit Rekrutierungsschwierigkeiten k\u00e4mpfen, zeigte Simon Graf von der Schweizerischen Post. Er erl\u00e4uterte, wie sein Unternehmen anhand von quantitativen und qualitativen Befragungen von Bewerbern Schwachstellen im Rekrutierungsprozess aufsp\u00fcrt. Denn wenn ein Kandidat oder eine Kandidatin auch nach einer Absage zumindest eine positive \u201eCandidate Experience\u201c vermelden kann, diene dies der Attraktivit\u00e4t eines Arbeitgebers. Zudem setzt die Post auf ein internes Empfehlungsprogramm: Mitarbeitende werden pr\u00e4miert, wenn sie in ihrem pers\u00f6nlichen Umfeld erfolgreich Bewerber f\u00fcr offene Stellen finden. Ein Unterfangen, das schon zu vielen Einstellungen gef\u00fchrt habe, so Simon Graf.<\/p>\n<figure id=\"attachment_5359\" aria-describedby=\"caption-attachment-5359\" style=\"width: 680px\" class=\"wp-caption alignnone\"><img loading=\"lazy\" decoding=\"async\" class=\"size-medium wp-image-5359\" src=\"https:\/\/www.organisator.ch\/wp-content\/uploads\/2019\/06\/Wie-steigert-man-die-Arbeitgeber-Attraktivitaet-3_Organisator.jpg\" alt=\"\" width=\"680\" height=\"466\" srcset=\"https:\/\/www.organisator.ch\/wp-content\/uploads\/2019\/06\/Wie-steigert-man-die-Arbeitgeber-Attraktivitaet-3_Organisator.jpg 680w, https:\/\/www.organisator.ch\/wp-content\/uploads\/2019\/06\/Wie-steigert-man-die-Arbeitgeber-Attraktivitaet-3_Organisator-16x12.jpg 16w, https:\/\/www.organisator.ch\/wp-content\/uploads\/2019\/06\/Wie-steigert-man-die-Arbeitgeber-Attraktivitaet-3_Organisator-255x175.jpg 255w, https:\/\/www.organisator.ch\/wp-content\/uploads\/2019\/06\/Wie-steigert-man-die-Arbeitgeber-Attraktivitaet-3_Organisator-511x350.jpg 511w, https:\/\/www.organisator.ch\/wp-content\/uploads\/2019\/06\/Wie-steigert-man-die-Arbeitgeber-Attraktivitaet-3_Organisator-300x206.jpg 300w\" sizes=\"auto, (max-width: 680px) 100vw, 680px\" \/><figcaption id=\"caption-attachment-5359\" class=\"wp-caption-text\">Gl\u00fcckliche Menschen sind erfolgreicher: Oliver Haas sprach \u00fcber die Wichtigkeit von positiver Psychologie in Unternehmen. (Bild: Thomas Berner)<\/figcaption><\/figure>\n<h2>Die Rolle von positiver Psychologie<\/h2>\n<p>Den Abschluss der Tagung bildeten die Ausf\u00fchrungen von Oliver Haas. Er erl\u00e4uterte, wie positive Psychologie zu ungeahnter Potenzialentfaltung in Unternehmen f\u00fchren k\u00f6nne. \u201eWertsch\u00e4tzung schafft Wertsch\u00f6pfung\u201c, so ein Fazit seiner Ausf\u00fchrungen. Dahinter steht die Erkenntnis, dass gl\u00fcckliche Menschen insgesamt erfolgreicher sind. Dazu ben\u00f6tige es die richtige innere Einstellung. Diese gelte es zu wecken, indem man sich weniger an den Schw\u00e4chen, sondern an den St\u00e4rken orientiere. Denn f\u00fcr den gegenw\u00e4rtigen wirtschaftlichen Aufschwung sei weniger die Technologie verantwortlich, sondern positive psychosoziale Faktoren. Diese bilden denn auch in Zukunft die Basis f\u00fcr den Wettbewerb: \u201eMaschinen brennen nicht aus, Menschen schon\u201c, wie es der Referent ausdr\u00fcckte.<\/p>\n<p><em>Weitere Informationen: <a href=\"http:\/\/www.personaltag.ch\">www.personaltag.ch<\/a><\/em><\/p>\n<p>&nbsp;<\/p>\n","protected":false},"excerpt":{"rendered":"<p>Employer Branding ist zwar l\u00e4ngst kein neues Thema mehr. Aber es st\u00f6sst immer noch auf grosses Interesse bei den HR-Fachleuten. Nur so ist es zu erkl\u00e4ren, dass die 15. Durchf\u00fchrung des Ostschweizer Personaltags vor rekordverd\u00e4chtiger Kulisse stattfinden konnte: Der Saal war fast bis zum letzten Platz besetzt, wie Abdullah Redzepi, Mitglied des Patronats-Komitees nicht ohne [&hellip;]<\/p>\n","protected":false},"author":4,"featured_media":5357,"comment_status":"open","ping_status":"open","sticky":false,"template":"","format":"standard","meta":{"_acf_changed":false,"_yoast_wpseo_focuskw":"Arbeitgeber-Attraktivit\u00e4t","_yoast_wpseo_metadesc":"Am Ostschweizer Personaltag sassen die \u201eArbeitgeber auf der Bewerberbank\u201c. Denn es ging um Wege zur Steigerung der Arbeitgeber-Attraktivit\u00e4t.","articlekey":"","footnotes":""},"categories":[26],"tags":[51,193,254,379,411],"class_list":["post-5356","post","type-post","status-publish","format-standard","has-post-thumbnail","hentry","category-hrm","tag-arbeitsplatzgestaltung","tag-fachkongressfachmesse","tag-hrm","tag-personalauswahl","tag-rekrutierung"],"acf":[],"yoast_head":"<!-- This site is optimized with the Yoast SEO plugin v27.4 - https:\/\/yoast.com\/product\/yoast-seo-wordpress\/ -->\n<title>Wie steigert man die Arbeitgeber-Attraktivit\u00e4t? - Organisator<\/title>\n<meta name=\"description\" content=\"Am Ostschweizer Personaltag sassen die \u201eArbeitgeber auf der Bewerberbank\u201c. Denn es ging um Wege zur Steigerung der Arbeitgeber-Attraktivit\u00e4t.\" \/>\n<meta name=\"robots\" content=\"index, follow, max-snippet:-1, max-image-preview:large, max-video-preview:-1\" \/>\n<link rel=\"canonical\" href=\"https:\/\/www.organisator.ch\/de\/human-resources\/hrm\/2019-06-07\/wie-steigert-man-die-arbeitgeber-attraktivitaet\/\" \/>\n<meta property=\"og:locale\" content=\"de_DE\" \/>\n<meta property=\"og:type\" content=\"article\" \/>\n<meta property=\"og:title\" content=\"Wie steigert man die Arbeitgeber-Attraktivit\u00e4t?\" \/>\n<meta property=\"og:description\" content=\"Am Ostschweizer Personaltag sassen die \u201eArbeitgeber auf der Bewerberbank\u201c. Denn es ging um Wege zur Steigerung der Arbeitgeber-Attraktivit\u00e4t.\" \/>\n<meta property=\"og:url\" content=\"https:\/\/www.organisator.ch\/de\/human-resources\/hrm\/2019-06-07\/wie-steigert-man-die-arbeitgeber-attraktivitaet\/\" \/>\n<meta property=\"og:site_name\" content=\"Organisator\" \/>\n<meta property=\"article:publisher\" content=\"https:\/\/www.facebook.com\/OrganisatorFachmagazin\" \/>\n<meta property=\"article:published_time\" content=\"2019-06-07T08:36:16+00:00\" \/>\n<meta property=\"og:image\" content=\"https:\/\/www.organisator.ch\/wp-content\/uploads\/2019\/06\/Wie-steigert-man-die-Arbeitgeber-Attraktivitaet-1_Organisator.jpg\" \/>\n\t<meta property=\"og:image:width\" content=\"680\" \/>\n\t<meta property=\"og:image:height\" content=\"452\" \/>\n\t<meta property=\"og:image:type\" content=\"image\/jpeg\" \/>\n<meta name=\"author\" content=\"thomas.berner\" \/>\n<meta name=\"twitter:card\" content=\"summary_large_image\" \/>\n<meta name=\"twitter:title\" content=\"Wie steigert man die #Arbeitgeber-Attraktivit\u00e4t?\" \/>\n<meta name=\"twitter:description\" content=\"Am Ostschweizer Personaltag sassen die \u201eArbeitgeber auf der Bewerberbank\u201c. Denn es ging um Wege zur Steigerung der #Arbeitgeber-Attraktivit\u00e4t.\" \/>\n<meta name=\"twitter:image\" content=\"https:\/\/www.organisator.ch\/wp-content\/uploads\/2019\/06\/Wie-steigert-man-die-Arbeitgeber-Attraktivit\u00e4t-1_Organisator.jpg\" \/>\n<script type=\"application\/ld+json\" class=\"yoast-schema-graph\">{\"@context\":\"https:\\\/\\\/schema.org\",\"@graph\":[{\"@type\":\"Article\",\"@id\":\"https:\\\/\\\/www.organisator.ch\\\/human-resources\\\/hrm\\\/2019-06-07\\\/wie-steigert-man-die-arbeitgeber-attraktivitaet\\\/#article\",\"isPartOf\":{\"@id\":\"https:\\\/\\\/www.organisator.ch\\\/human-resources\\\/hrm\\\/2019-06-07\\\/wie-steigert-man-die-arbeitgeber-attraktivitaet\\\/\"},\"author\":{\"name\":\"thomas.berner\",\"@id\":\"https:\\\/\\\/www.organisator.ch\\\/#\\\/schema\\\/person\\\/6f650f90b2842cd4c0cc334b4e36f67e\"},\"headline\":\"Wie steigert man die Arbeitgeber-Attraktivit\u00e4t?\",\"datePublished\":\"2019-06-07T08:36:16+00:00\",\"mainEntityOfPage\":{\"@id\":\"https:\\\/\\\/www.organisator.ch\\\/human-resources\\\/hrm\\\/2019-06-07\\\/wie-steigert-man-die-arbeitgeber-attraktivitaet\\\/\"},\"wordCount\":699,\"commentCount\":0,\"publisher\":{\"@id\":\"https:\\\/\\\/www.organisator.ch\\\/#organization\"},\"image\":{\"@id\":\"https:\\\/\\\/www.organisator.ch\\\/human-resources\\\/hrm\\\/2019-06-07\\\/wie-steigert-man-die-arbeitgeber-attraktivitaet\\\/#primaryimage\"},\"thumbnailUrl\":\"https:\\\/\\\/www.organisator.ch\\\/wp-content\\\/uploads\\\/2019\\\/06\\\/Wie-steigert-man-die-Arbeitgeber-Attraktivitaet-1_Organisator.jpg\",\"keywords\":[\"Arbeitsplatzgestaltung\",\"Fachkongress\\\/Fachmesse\",\"HRM\",\"Personalauswahl\",\"Rekrutierung\"],\"articleSection\":[\"HRM\"],\"inLanguage\":\"de\"},{\"@type\":\"WebPage\",\"@id\":\"https:\\\/\\\/www.organisator.ch\\\/human-resources\\\/hrm\\\/2019-06-07\\\/wie-steigert-man-die-arbeitgeber-attraktivitaet\\\/\",\"url\":\"https:\\\/\\\/www.organisator.ch\\\/human-resources\\\/hrm\\\/2019-06-07\\\/wie-steigert-man-die-arbeitgeber-attraktivitaet\\\/\",\"name\":\"Wie steigert man die Arbeitgeber-Attraktivit\u00e4t? - Organisator\",\"isPartOf\":{\"@id\":\"https:\\\/\\\/www.organisator.ch\\\/#website\"},\"primaryImageOfPage\":{\"@id\":\"https:\\\/\\\/www.organisator.ch\\\/human-resources\\\/hrm\\\/2019-06-07\\\/wie-steigert-man-die-arbeitgeber-attraktivitaet\\\/#primaryimage\"},\"image\":{\"@id\":\"https:\\\/\\\/www.organisator.ch\\\/human-resources\\\/hrm\\\/2019-06-07\\\/wie-steigert-man-die-arbeitgeber-attraktivitaet\\\/#primaryimage\"},\"thumbnailUrl\":\"https:\\\/\\\/www.organisator.ch\\\/wp-content\\\/uploads\\\/2019\\\/06\\\/Wie-steigert-man-die-Arbeitgeber-Attraktivitaet-1_Organisator.jpg\",\"datePublished\":\"2019-06-07T08:36:16+00:00\",\"description\":\"Am Ostschweizer Personaltag sassen die \u201eArbeitgeber auf der Bewerberbank\u201c. Denn es ging um Wege zur Steigerung der Arbeitgeber-Attraktivit\u00e4t.\",\"breadcrumb\":{\"@id\":\"https:\\\/\\\/www.organisator.ch\\\/human-resources\\\/hrm\\\/2019-06-07\\\/wie-steigert-man-die-arbeitgeber-attraktivitaet\\\/#breadcrumb\"},\"inLanguage\":\"de\",\"potentialAction\":[{\"@type\":\"ReadAction\",\"target\":[\"https:\\\/\\\/www.organisator.ch\\\/human-resources\\\/hrm\\\/2019-06-07\\\/wie-steigert-man-die-arbeitgeber-attraktivitaet\\\/\"]}]},{\"@type\":\"ImageObject\",\"inLanguage\":\"de\",\"@id\":\"https:\\\/\\\/www.organisator.ch\\\/human-resources\\\/hrm\\\/2019-06-07\\\/wie-steigert-man-die-arbeitgeber-attraktivitaet\\\/#primaryimage\",\"url\":\"https:\\\/\\\/www.organisator.ch\\\/wp-content\\\/uploads\\\/2019\\\/06\\\/Wie-steigert-man-die-Arbeitgeber-Attraktivitaet-1_Organisator.jpg\",\"contentUrl\":\"https:\\\/\\\/www.organisator.ch\\\/wp-content\\\/uploads\\\/2019\\\/06\\\/Wie-steigert-man-die-Arbeitgeber-Attraktivitaet-1_Organisator.jpg\",\"width\":680,\"height\":452,\"caption\":\"Die richtige Arbeitgeber-Marke - ein nicht unwesentliches Element f\u00fcr Arbeitgeber-Attraktivit\u00e4t, so Referent Bastian Schneider (links, im Gespr\u00e4ch mit Moderator Mattias Wipf). (Bild: Thomas Berner)\"},{\"@type\":\"BreadcrumbList\",\"@id\":\"https:\\\/\\\/www.organisator.ch\\\/human-resources\\\/hrm\\\/2019-06-07\\\/wie-steigert-man-die-arbeitgeber-attraktivitaet\\\/#breadcrumb\",\"itemListElement\":[{\"@type\":\"ListItem\",\"position\":1,\"name\":\"Home\",\"item\":\"https:\\\/\\\/www.organisator.ch\\\/\"},{\"@type\":\"ListItem\",\"position\":2,\"name\":\"Wie steigert man die Arbeitgeber-Attraktivit\u00e4t?\"}]},{\"@type\":\"WebSite\",\"@id\":\"https:\\\/\\\/www.organisator.ch\\\/#website\",\"url\":\"https:\\\/\\\/www.organisator.ch\\\/\",\"name\":\"Organisator\",\"description\":\"Kompetent. Praxisnah. Der ORGANISATOR bereitet in 10 Ausgaben pro Jahr die wesentlichen Themen f\u00fcr F\u00fchrungskr\u00e4fte von KMU auf.\",\"publisher\":{\"@id\":\"https:\\\/\\\/www.organisator.ch\\\/#organization\"},\"potentialAction\":[{\"@type\":\"SearchAction\",\"target\":{\"@type\":\"EntryPoint\",\"urlTemplate\":\"https:\\\/\\\/www.organisator.ch\\\/?s={search_term_string}\"},\"query-input\":{\"@type\":\"PropertyValueSpecification\",\"valueRequired\":true,\"valueName\":\"search_term_string\"}}],\"inLanguage\":\"de\"},{\"@type\":\"Organization\",\"@id\":\"https:\\\/\\\/www.organisator.ch\\\/#organization\",\"name\":\"Organisator\",\"url\":\"https:\\\/\\\/www.organisator.ch\\\/\",\"logo\":{\"@type\":\"ImageObject\",\"inLanguage\":\"de\",\"@id\":\"https:\\\/\\\/www.organisator.ch\\\/#\\\/schema\\\/logo\\\/image\\\/\",\"url\":\"https:\\\/\\\/www.organisator.ch\\\/wp-content\\\/uploads\\\/2022\\\/01\\\/Logo_Organisator_Website.png\",\"contentUrl\":\"https:\\\/\\\/www.organisator.ch\\\/wp-content\\\/uploads\\\/2022\\\/01\\\/Logo_Organisator_Website.png\",\"width\":800,\"height\":77,\"caption\":\"Organisator\"},\"image\":{\"@id\":\"https:\\\/\\\/www.organisator.ch\\\/#\\\/schema\\\/logo\\\/image\\\/\"},\"sameAs\":[\"https:\\\/\\\/www.facebook.com\\\/OrganisatorFachmagazin\",\"https:\\\/\\\/www.linkedin.com\\\/showcase\\\/organisator-das-magazin-fr-kmu\",\"https:\\\/\\\/www.xing.com\\\/news\\\/pages\\\/organisator-ch-695\",\"https:\\\/\\\/www.youtube.com\\\/channel\\\/UCGP2Sq0iWaZwT3BdIAQFYpw\"]},{\"@type\":\"Person\",\"@id\":\"https:\\\/\\\/www.organisator.ch\\\/#\\\/schema\\\/person\\\/6f650f90b2842cd4c0cc334b4e36f67e\",\"name\":\"thomas.berner\",\"image\":{\"@type\":\"ImageObject\",\"inLanguage\":\"de\",\"@id\":\"https:\\\/\\\/secure.gravatar.com\\\/avatar\\\/ac5001d2a36cb6c6cd3e50789007ffca834b477b74a2144564522e944eabff61?s=96&d=mm&r=g\",\"url\":\"https:\\\/\\\/secure.gravatar.com\\\/avatar\\\/ac5001d2a36cb6c6cd3e50789007ffca834b477b74a2144564522e944eabff61?s=96&d=mm&r=g\",\"contentUrl\":\"https:\\\/\\\/secure.gravatar.com\\\/avatar\\\/ac5001d2a36cb6c6cd3e50789007ffca834b477b74a2144564522e944eabff61?s=96&d=mm&r=g\",\"caption\":\"thomas.berner\"},\"url\":\"https:\\\/\\\/www.organisator.ch\\\/de\\\/author\\\/thomas-berner\\\/\"}]}<\/script>\n<!-- \/ Yoast SEO plugin. -->","yoast_head_json":{"title":"Wie steigert man die Arbeitgeber-Attraktivit\u00e4t? - Organisator","description":"Am Ostschweizer Personaltag sassen die \u201eArbeitgeber auf der Bewerberbank\u201c. Denn es ging um Wege zur Steigerung der Arbeitgeber-Attraktivit\u00e4t.","robots":{"index":"index","follow":"follow","max-snippet":"max-snippet:-1","max-image-preview":"max-image-preview:large","max-video-preview":"max-video-preview:-1"},"canonical":"https:\/\/www.organisator.ch\/de\/human-resources\/hrm\/2019-06-07\/wie-steigert-man-die-arbeitgeber-attraktivitaet\/","og_locale":"de_DE","og_type":"article","og_title":"Wie steigert man die Arbeitgeber-Attraktivit\u00e4t?","og_description":"Am Ostschweizer Personaltag sassen die \u201eArbeitgeber auf der Bewerberbank\u201c. Denn es ging um Wege zur Steigerung der Arbeitgeber-Attraktivit\u00e4t.","og_url":"https:\/\/www.organisator.ch\/de\/human-resources\/hrm\/2019-06-07\/wie-steigert-man-die-arbeitgeber-attraktivitaet\/","og_site_name":"Organisator","article_publisher":"https:\/\/www.facebook.com\/OrganisatorFachmagazin","article_published_time":"2019-06-07T08:36:16+00:00","og_image":[{"width":680,"height":452,"url":"https:\/\/www.organisator.ch\/wp-content\/uploads\/2019\/06\/Wie-steigert-man-die-Arbeitgeber-Attraktivitaet-1_Organisator.jpg","type":"image\/jpeg"}],"author":"thomas.berner","twitter_card":"summary_large_image","twitter_title":"Wie steigert man die #Arbeitgeber-Attraktivit\u00e4t?","twitter_description":"Am Ostschweizer Personaltag sassen die \u201eArbeitgeber auf der Bewerberbank\u201c. Denn es ging um Wege zur Steigerung der #Arbeitgeber-Attraktivit\u00e4t.","twitter_image":"https:\/\/www.organisator.ch\/wp-content\/uploads\/2019\/06\/Wie-steigert-man-die-Arbeitgeber-Attraktivit\u00e4t-1_Organisator.jpg","schema":{"@context":"https:\/\/schema.org","@graph":[{"@type":"Article","@id":"https:\/\/www.organisator.ch\/human-resources\/hrm\/2019-06-07\/wie-steigert-man-die-arbeitgeber-attraktivitaet\/#article","isPartOf":{"@id":"https:\/\/www.organisator.ch\/human-resources\/hrm\/2019-06-07\/wie-steigert-man-die-arbeitgeber-attraktivitaet\/"},"author":{"name":"thomas.berner","@id":"https:\/\/www.organisator.ch\/#\/schema\/person\/6f650f90b2842cd4c0cc334b4e36f67e"},"headline":"Wie steigert man die Arbeitgeber-Attraktivit\u00e4t?","datePublished":"2019-06-07T08:36:16+00:00","mainEntityOfPage":{"@id":"https:\/\/www.organisator.ch\/human-resources\/hrm\/2019-06-07\/wie-steigert-man-die-arbeitgeber-attraktivitaet\/"},"wordCount":699,"commentCount":0,"publisher":{"@id":"https:\/\/www.organisator.ch\/#organization"},"image":{"@id":"https:\/\/www.organisator.ch\/human-resources\/hrm\/2019-06-07\/wie-steigert-man-die-arbeitgeber-attraktivitaet\/#primaryimage"},"thumbnailUrl":"https:\/\/www.organisator.ch\/wp-content\/uploads\/2019\/06\/Wie-steigert-man-die-Arbeitgeber-Attraktivitaet-1_Organisator.jpg","keywords":["Arbeitsplatzgestaltung","Fachkongress\/Fachmesse","HRM","Personalauswahl","Rekrutierung"],"articleSection":["HRM"],"inLanguage":"de"},{"@type":"WebPage","@id":"https:\/\/www.organisator.ch\/human-resources\/hrm\/2019-06-07\/wie-steigert-man-die-arbeitgeber-attraktivitaet\/","url":"https:\/\/www.organisator.ch\/human-resources\/hrm\/2019-06-07\/wie-steigert-man-die-arbeitgeber-attraktivitaet\/","name":"Wie steigert man die Arbeitgeber-Attraktivit\u00e4t? - Organisator","isPartOf":{"@id":"https:\/\/www.organisator.ch\/#website"},"primaryImageOfPage":{"@id":"https:\/\/www.organisator.ch\/human-resources\/hrm\/2019-06-07\/wie-steigert-man-die-arbeitgeber-attraktivitaet\/#primaryimage"},"image":{"@id":"https:\/\/www.organisator.ch\/human-resources\/hrm\/2019-06-07\/wie-steigert-man-die-arbeitgeber-attraktivitaet\/#primaryimage"},"thumbnailUrl":"https:\/\/www.organisator.ch\/wp-content\/uploads\/2019\/06\/Wie-steigert-man-die-Arbeitgeber-Attraktivitaet-1_Organisator.jpg","datePublished":"2019-06-07T08:36:16+00:00","description":"Am Ostschweizer Personaltag sassen die \u201eArbeitgeber auf der Bewerberbank\u201c. Denn es ging um Wege zur Steigerung der Arbeitgeber-Attraktivit\u00e4t.","breadcrumb":{"@id":"https:\/\/www.organisator.ch\/human-resources\/hrm\/2019-06-07\/wie-steigert-man-die-arbeitgeber-attraktivitaet\/#breadcrumb"},"inLanguage":"de","potentialAction":[{"@type":"ReadAction","target":["https:\/\/www.organisator.ch\/human-resources\/hrm\/2019-06-07\/wie-steigert-man-die-arbeitgeber-attraktivitaet\/"]}]},{"@type":"ImageObject","inLanguage":"de","@id":"https:\/\/www.organisator.ch\/human-resources\/hrm\/2019-06-07\/wie-steigert-man-die-arbeitgeber-attraktivitaet\/#primaryimage","url":"https:\/\/www.organisator.ch\/wp-content\/uploads\/2019\/06\/Wie-steigert-man-die-Arbeitgeber-Attraktivitaet-1_Organisator.jpg","contentUrl":"https:\/\/www.organisator.ch\/wp-content\/uploads\/2019\/06\/Wie-steigert-man-die-Arbeitgeber-Attraktivitaet-1_Organisator.jpg","width":680,"height":452,"caption":"Die richtige Arbeitgeber-Marke - ein nicht unwesentliches Element f\u00fcr Arbeitgeber-Attraktivit\u00e4t, so Referent Bastian Schneider (links, im Gespr\u00e4ch mit Moderator Mattias Wipf). (Bild: Thomas Berner)"},{"@type":"BreadcrumbList","@id":"https:\/\/www.organisator.ch\/human-resources\/hrm\/2019-06-07\/wie-steigert-man-die-arbeitgeber-attraktivitaet\/#breadcrumb","itemListElement":[{"@type":"ListItem","position":1,"name":"Home","item":"https:\/\/www.organisator.ch\/"},{"@type":"ListItem","position":2,"name":"Wie steigert man die Arbeitgeber-Attraktivit\u00e4t?"}]},{"@type":"WebSite","@id":"https:\/\/www.organisator.ch\/#website","url":"https:\/\/www.organisator.ch\/","name":"Organisator","description":"Kompetent. Praxisnah. Der ORGANISATOR bereitet in 10 Ausgaben pro Jahr die wesentlichen Themen f\u00fcr F\u00fchrungskr\u00e4fte von KMU auf.","publisher":{"@id":"https:\/\/www.organisator.ch\/#organization"},"potentialAction":[{"@type":"SearchAction","target":{"@type":"EntryPoint","urlTemplate":"https:\/\/www.organisator.ch\/?s={search_term_string}"},"query-input":{"@type":"PropertyValueSpecification","valueRequired":true,"valueName":"search_term_string"}}],"inLanguage":"de"},{"@type":"Organization","@id":"https:\/\/www.organisator.ch\/#organization","name":"Organisator","url":"https:\/\/www.organisator.ch\/","logo":{"@type":"ImageObject","inLanguage":"de","@id":"https:\/\/www.organisator.ch\/#\/schema\/logo\/image\/","url":"https:\/\/www.organisator.ch\/wp-content\/uploads\/2022\/01\/Logo_Organisator_Website.png","contentUrl":"https:\/\/www.organisator.ch\/wp-content\/uploads\/2022\/01\/Logo_Organisator_Website.png","width":800,"height":77,"caption":"Organisator"},"image":{"@id":"https:\/\/www.organisator.ch\/#\/schema\/logo\/image\/"},"sameAs":["https:\/\/www.facebook.com\/OrganisatorFachmagazin","https:\/\/www.linkedin.com\/showcase\/organisator-das-magazin-fr-kmu","https:\/\/www.xing.com\/news\/pages\/organisator-ch-695","https:\/\/www.youtube.com\/channel\/UCGP2Sq0iWaZwT3BdIAQFYpw"]},{"@type":"Person","@id":"https:\/\/www.organisator.ch\/#\/schema\/person\/6f650f90b2842cd4c0cc334b4e36f67e","name":"thomas.berner","image":{"@type":"ImageObject","inLanguage":"de","@id":"https:\/\/secure.gravatar.com\/avatar\/ac5001d2a36cb6c6cd3e50789007ffca834b477b74a2144564522e944eabff61?s=96&d=mm&r=g","url":"https:\/\/secure.gravatar.com\/avatar\/ac5001d2a36cb6c6cd3e50789007ffca834b477b74a2144564522e944eabff61?s=96&d=mm&r=g","contentUrl":"https:\/\/secure.gravatar.com\/avatar\/ac5001d2a36cb6c6cd3e50789007ffca834b477b74a2144564522e944eabff61?s=96&d=mm&r=g","caption":"thomas.berner"},"url":"https:\/\/www.organisator.ch\/de\/author\/thomas-berner\/"}]}},"_links":{"self":[{"href":"https:\/\/www.organisator.ch\/de\/wp-json\/wp\/v2\/posts\/5356","targetHints":{"allow":["GET"]}}],"collection":[{"href":"https:\/\/www.organisator.ch\/de\/wp-json\/wp\/v2\/posts"}],"about":[{"href":"https:\/\/www.organisator.ch\/de\/wp-json\/wp\/v2\/types\/post"}],"author":[{"embeddable":true,"href":"https:\/\/www.organisator.ch\/de\/wp-json\/wp\/v2\/users\/4"}],"replies":[{"embeddable":true,"href":"https:\/\/www.organisator.ch\/de\/wp-json\/wp\/v2\/comments?post=5356"}],"version-history":[{"count":0,"href":"https:\/\/www.organisator.ch\/de\/wp-json\/wp\/v2\/posts\/5356\/revisions"}],"wp:featuredmedia":[{"embeddable":true,"href":"https:\/\/www.organisator.ch\/de\/wp-json\/wp\/v2\/media\/5357"}],"wp:attachment":[{"href":"https:\/\/www.organisator.ch\/de\/wp-json\/wp\/v2\/media?parent=5356"}],"wp:term":[{"taxonomy":"category","embeddable":true,"href":"https:\/\/www.organisator.ch\/de\/wp-json\/wp\/v2\/categories?post=5356"},{"taxonomy":"post_tag","embeddable":true,"href":"https:\/\/www.organisator.ch\/de\/wp-json\/wp\/v2\/tags?post=5356"}],"curies":[{"name":"wp","href":"https:\/\/api.w.org\/{rel}","templated":true}]}}