{"id":5386,"date":"2019-06-13T10:40:22","date_gmt":"2019-06-13T08:40:22","guid":{"rendered":"https:\/\/www.organisator.ch\/?p=5386"},"modified":"2019-06-13T10:40:22","modified_gmt":"2019-06-13T08:40:22","slug":"berufliche-vorsorge-groupe-mutuel-fusioniert-ihre-beiden-vorsorgestiftungen","status":"publish","type":"post","link":"https:\/\/www.organisator.ch\/de\/management\/finanzen_recht\/2019-06-13\/berufliche-vorsorge-groupe-mutuel-fusioniert-ihre-beiden-vorsorgestiftungen\/","title":{"rendered":"Berufliche Vorsorge: Groupe Mutuel fusioniert ihre beiden Vorsorgestiftungen"},"content":{"rendered":"<figure id=\"attachment_5387\" aria-describedby=\"caption-attachment-5387\" style=\"width: 680px\" class=\"wp-caption alignnone\"><img loading=\"lazy\" decoding=\"async\" class=\"size-medium wp-image-5387\" src=\"https:\/\/www.organisator.ch\/wp-content\/uploads\/2019\/06\/Berufliche-Vorsorge-Groupe-Mutuel-fusioniert-ihre-beiden-Vorsorgestiftungen_Organisator.jpg\" alt=\"\" width=\"680\" height=\"370\" srcset=\"https:\/\/www.organisator.ch\/wp-content\/uploads\/2019\/06\/Berufliche-Vorsorge-Groupe-Mutuel-fusioniert-ihre-beiden-Vorsorgestiftungen_Organisator.jpg 680w, https:\/\/www.organisator.ch\/wp-content\/uploads\/2019\/06\/Berufliche-Vorsorge-Groupe-Mutuel-fusioniert-ihre-beiden-Vorsorgestiftungen_Organisator-16x9.jpg 16w, https:\/\/www.organisator.ch\/wp-content\/uploads\/2019\/06\/Berufliche-Vorsorge-Groupe-Mutuel-fusioniert-ihre-beiden-Vorsorgestiftungen_Organisator-322x175.jpg 322w, https:\/\/www.organisator.ch\/wp-content\/uploads\/2019\/06\/Berufliche-Vorsorge-Groupe-Mutuel-fusioniert-ihre-beiden-Vorsorgestiftungen_Organisator-643x350.jpg 643w, https:\/\/www.organisator.ch\/wp-content\/uploads\/2019\/06\/Berufliche-Vorsorge-Groupe-Mutuel-fusioniert-ihre-beiden-Vorsorgestiftungen_Organisator-300x163.jpg 300w\" sizes=\"auto, (max-width: 680px) 100vw, 680px\" \/><figcaption id=\"caption-attachment-5387\" class=\"wp-caption-text\">Mit der Fusion ihrer beiden Vorsorgestiftungen st\u00e4rkt Groupe Mutuel das Portfolio f\u00fcr die berufliche Vorsorge. (Bild: Firmenbrosch\u00fcre Groupe Mutuel)<\/figcaption><\/figure>\n<p>An der Delegiertenversammlung vom 12. Juni 2019 haben die beiden Stiftungsr\u00e4te zum ersten Mal zusammen eine Sitzung abgehalten. Den Delegierten der Unternehmen, die der Groupe Mutuel Vorsorge (GMP) und der Walliser Vorsorge (MVP) angeschlossen sind, wurden die Zahlen dieser B\u00fcndelung der Kr\u00e4fte mitgeteilt. Die Fusion, die r\u00fcckwirkend per 1. Januar 2019 in Kraft tritt, erreicht nun eine neue Phase; die Gesch\u00e4ftst\u00e4tigkeit steht unter einheitlicher F\u00fchrung.<\/p>\n<h2>Gute Finanzlage<\/h2>\n<p>\u00abDer Zeitpunkt f\u00fcr diese Fusion ist g\u00fcnstig. Beide Gesellschaften stehen mit ihrer ausgezeichneten Finanzlage an der Spitze der Klassements bez\u00fcglich finanzieller Solidit\u00e4t der Schweizer Vorsorgeeinrichtungen\u00bb, so Karin Perraudin, Pr\u00e4sidentin des Stiftungsrats der neuen Organisation. In der Tat: Der Deckungsgrad betr\u00e4gt nach der Fusion 112,35 Prozent, und die Versicherten k\u00f6nnen von einem BVG-Zinssatz von 2 Prozent profitieren. Zudem erzielte die Groupe Mutuel in einem k\u00fcrzlich von der SonntagsZeitung und &#8222;Finanz und Wirtschaft&#8220; ver\u00f6ffentlichten Rating \u00fcber die berufliche Vorsorge den ersten Rang f\u00fcr die h\u00f6chste Verzinsung \u00fcber zehn Jahre.<\/p>\n<p>Neben der guten Finanzlage erw\u00e4hnen die Stiftungsr\u00e4te zahlreiche Vorteile dieser Vereinigung, die den Versicherten beider Stiftungen zugutekommen. \u00abEine gr\u00f6ssere Dimension st\u00e4rkt das Gewicht der Stiftung auf dem Markt der 2. S\u00e4ule und bei Verhandlungen mit den verschiedenen Partnern. Die Vereinfachung der Prozesse und eine klarere Kommunikation auf Grundlage der T\u00e4tigkeiten einer einzigen Organisation werden k\u00fcnftig einen Effizienzgewinn und mehr Transparenz erm\u00f6glichen\u00bb, erkl\u00e4rt Marl\u00e8ne Rast, Leiterin der Vorsorgeaktivit\u00e4ten bei der Groupe Mutuel.<\/p>\n<h2>Schweizweite \u00d6ffnung bei Wahrung einer starken Walliser Identit\u00e4t<\/h2>\n<p>2018 gewannen die beiden Vorsorgestiftungen zahlreiche Neukunden und verzeichneten ein markantes Umsatzwachstum. Diese Ergebnisse zeigen, dass die L\u00f6sungen der Stiftungen den Bed\u00fcrfnissen von Unternehmen aus der ganzen Schweiz gerecht werden. Dank der neuen Struktur k\u00f6nnen folglich auch gr\u00f6ssere Kunden aufgenommen werden. Vorrangiges Ziel bleibe die Zufriedenheit der bestehenden Kunden, wie Groupe Mutuel weiter mitteilt. &#8222;Wir bieten ihnen einen erstklassigen Kundenservice sowie L\u00f6sungen, die hinsichtlich Rendite und Sicherheit zu den leistungsst\u00e4rksten auf dem Markt z\u00e4hlen.&#8220;<\/p>\n<p>Die Walliser Identit\u00e4t wird durch eine vollumf\u00e4nglich im Wallis durchgef\u00fchrte Verwaltung beibehalten, mit dem Verwaltungssitz in Martigny und dem Stiftungssitz in Sitten. Gleichzeitig wird die im Jahr 1994 begonnene schweizweite \u00d6ffnung gest\u00e4rkt, die den zuk\u00fcnftigen Erfolg sichert.<\/p>\n<p><em><a href=\"http:\/\/www.groupemutuel.ch\">Groupe Mutuel<\/a><\/em><\/p>\n","protected":false},"excerpt":{"rendered":"<p>An der Delegiertenversammlung vom 12. Juni 2019 haben die beiden Stiftungsr\u00e4te zum ersten Mal zusammen eine Sitzung abgehalten. Den Delegierten der Unternehmen, die der Groupe Mutuel Vorsorge (GMP) und der Walliser Vorsorge (MVP) angeschlossen sind, wurden die Zahlen dieser B\u00fcndelung der Kr\u00e4fte mitgeteilt. Die Fusion, die r\u00fcckwirkend per 1. Januar 2019 in Kraft tritt, erreicht [&hellip;]<\/p>\n","protected":false},"author":4,"featured_media":5387,"comment_status":"open","ping_status":"open","sticky":false,"template":"","format":"standard","meta":{"_acf_changed":false,"_yoast_wpseo_focuskw":"Berufliche Vorsorge","_yoast_wpseo_metadesc":"Berufliche Vorsorge: Die Groupe Mutuel Vorsorge (GMP) und die Walliser Vorsorge (MVP) haben am 12. Juni ihre Fusion bekannt gegeben.","articlekey":"","footnotes":""},"categories":[24],"tags":[202,377,492,516],"class_list":["post-5386","post","type-post","status-publish","format-standard","has-post-thumbnail","hentry","category-finanzen_recht","tag-finanzenrecht","tag-pensionskassen","tag-unternehmen","tag-vorsorge"],"acf":[],"yoast_head":"<!-- This site is optimized with the Yoast SEO plugin v27.5 - https:\/\/yoast.com\/product\/yoast-seo-wordpress\/ -->\n<title>Berufliche Vorsorge: Groupe Mutuel fusioniert ihre beiden Vorsorgestiftungen - Organisator<\/title>\n<meta name=\"description\" content=\"Berufliche Vorsorge: Die Groupe Mutuel Vorsorge (GMP) und die Walliser Vorsorge (MVP) haben am 12. Juni ihre Fusion bekannt gegeben.\" \/>\n<meta name=\"robots\" content=\"index, follow, max-snippet:-1, max-image-preview:large, max-video-preview:-1\" \/>\n<link rel=\"canonical\" href=\"https:\/\/www.organisator.ch\/de\/management\/finanzen_recht\/2019-06-13\/berufliche-vorsorge-groupe-mutuel-fusioniert-ihre-beiden-vorsorgestiftungen\/\" \/>\n<meta property=\"og:locale\" content=\"de_DE\" \/>\n<meta property=\"og:type\" content=\"article\" \/>\n<meta property=\"og:title\" content=\"Berufliche Vorsorge: Groupe Mutuel fusioniert ihre beiden Vorsorgestiftungen\" \/>\n<meta property=\"og:description\" content=\"Berufliche Vorsorge: Die Groupe Mutuel Vorsorge (GMP) und die Walliser Vorsorge (MVP) haben am 12. Juni ihre Fusion bekannt gegeben.\" \/>\n<meta property=\"og:url\" content=\"https:\/\/www.organisator.ch\/de\/management\/finanzen_recht\/2019-06-13\/berufliche-vorsorge-groupe-mutuel-fusioniert-ihre-beiden-vorsorgestiftungen\/\" \/>\n<meta property=\"og:site_name\" content=\"Organisator\" \/>\n<meta property=\"article:publisher\" content=\"https:\/\/www.facebook.com\/OrganisatorFachmagazin\" \/>\n<meta property=\"article:published_time\" content=\"2019-06-13T08:40:22+00:00\" \/>\n<meta property=\"og:image\" content=\"https:\/\/www.organisator.ch\/wp-content\/uploads\/2019\/06\/Berufliche-Vorsorge-Groupe-Mutuel-fusioniert-ihre-beiden-Vorsorgestiftungen_Organisator.jpg\" \/>\n\t<meta property=\"og:image:width\" content=\"680\" \/>\n\t<meta property=\"og:image:height\" content=\"370\" \/>\n\t<meta property=\"og:image:type\" content=\"image\/jpeg\" \/>\n<meta name=\"author\" content=\"thomas.berner\" \/>\n<meta name=\"twitter:card\" content=\"summary_large_image\" \/>\n<meta name=\"twitter:title\" content=\"Berufliche Vorsorge: #GroupeMutuel fusioniert ihre beiden #Vorsorgestiftungen\" \/>\n<meta name=\"twitter:description\" content=\"Berufliche #Vorsorge: Die Groupe Mutuel Vorsorge (GMP) und die Walliser Vorsorge (MVP) haben am 12. Juni ihre Fusion bekannt gegeben.\" \/>\n<meta name=\"twitter:image\" content=\"https:\/\/www.organisator.ch\/wp-content\/uploads\/2019\/06\/Berufliche-Vorsorge-Groupe-Mutuel-fusioniert-ihre-beiden-Vorsorgestiftungen_Organisator.jpg\" \/>\n<script type=\"application\/ld+json\" class=\"yoast-schema-graph\">{\"@context\":\"https:\\\/\\\/schema.org\",\"@graph\":[{\"@type\":\"Article\",\"@id\":\"https:\\\/\\\/www.organisator.ch\\\/management\\\/finanzen_recht\\\/2019-06-13\\\/berufliche-vorsorge-groupe-mutuel-fusioniert-ihre-beiden-vorsorgestiftungen\\\/#article\",\"isPartOf\":{\"@id\":\"https:\\\/\\\/www.organisator.ch\\\/management\\\/finanzen_recht\\\/2019-06-13\\\/berufliche-vorsorge-groupe-mutuel-fusioniert-ihre-beiden-vorsorgestiftungen\\\/\"},\"author\":{\"name\":\"thomas.berner\",\"@id\":\"https:\\\/\\\/www.organisator.ch\\\/#\\\/schema\\\/person\\\/6f650f90b2842cd4c0cc334b4e36f67e\"},\"headline\":\"Berufliche Vorsorge: Groupe Mutuel fusioniert ihre beiden Vorsorgestiftungen\",\"datePublished\":\"2019-06-13T08:40:22+00:00\",\"mainEntityOfPage\":{\"@id\":\"https:\\\/\\\/www.organisator.ch\\\/management\\\/finanzen_recht\\\/2019-06-13\\\/berufliche-vorsorge-groupe-mutuel-fusioniert-ihre-beiden-vorsorgestiftungen\\\/\"},\"wordCount\":416,\"commentCount\":0,\"publisher\":{\"@id\":\"https:\\\/\\\/www.organisator.ch\\\/#organization\"},\"image\":{\"@id\":\"https:\\\/\\\/www.organisator.ch\\\/management\\\/finanzen_recht\\\/2019-06-13\\\/berufliche-vorsorge-groupe-mutuel-fusioniert-ihre-beiden-vorsorgestiftungen\\\/#primaryimage\"},\"thumbnailUrl\":\"https:\\\/\\\/www.organisator.ch\\\/wp-content\\\/uploads\\\/2019\\\/06\\\/Berufliche-Vorsorge-Groupe-Mutuel-fusioniert-ihre-beiden-Vorsorgestiftungen_Organisator.jpg\",\"keywords\":[\"Finanzen\\\/Recht\",\"Pensionskassen\",\"Unternehmen\",\"Vorsorge\"],\"articleSection\":[\"FINANZEN\\\/RECHT\"],\"inLanguage\":\"de\"},{\"@type\":\"WebPage\",\"@id\":\"https:\\\/\\\/www.organisator.ch\\\/management\\\/finanzen_recht\\\/2019-06-13\\\/berufliche-vorsorge-groupe-mutuel-fusioniert-ihre-beiden-vorsorgestiftungen\\\/\",\"url\":\"https:\\\/\\\/www.organisator.ch\\\/management\\\/finanzen_recht\\\/2019-06-13\\\/berufliche-vorsorge-groupe-mutuel-fusioniert-ihre-beiden-vorsorgestiftungen\\\/\",\"name\":\"Berufliche Vorsorge: Groupe Mutuel fusioniert ihre beiden Vorsorgestiftungen - Organisator\",\"isPartOf\":{\"@id\":\"https:\\\/\\\/www.organisator.ch\\\/#website\"},\"primaryImageOfPage\":{\"@id\":\"https:\\\/\\\/www.organisator.ch\\\/management\\\/finanzen_recht\\\/2019-06-13\\\/berufliche-vorsorge-groupe-mutuel-fusioniert-ihre-beiden-vorsorgestiftungen\\\/#primaryimage\"},\"image\":{\"@id\":\"https:\\\/\\\/www.organisator.ch\\\/management\\\/finanzen_recht\\\/2019-06-13\\\/berufliche-vorsorge-groupe-mutuel-fusioniert-ihre-beiden-vorsorgestiftungen\\\/#primaryimage\"},\"thumbnailUrl\":\"https:\\\/\\\/www.organisator.ch\\\/wp-content\\\/uploads\\\/2019\\\/06\\\/Berufliche-Vorsorge-Groupe-Mutuel-fusioniert-ihre-beiden-Vorsorgestiftungen_Organisator.jpg\",\"datePublished\":\"2019-06-13T08:40:22+00:00\",\"description\":\"Berufliche Vorsorge: Die Groupe Mutuel Vorsorge (GMP) und die Walliser Vorsorge (MVP) haben am 12. Juni ihre Fusion bekannt gegeben.\",\"breadcrumb\":{\"@id\":\"https:\\\/\\\/www.organisator.ch\\\/management\\\/finanzen_recht\\\/2019-06-13\\\/berufliche-vorsorge-groupe-mutuel-fusioniert-ihre-beiden-vorsorgestiftungen\\\/#breadcrumb\"},\"inLanguage\":\"de\",\"potentialAction\":[{\"@type\":\"ReadAction\",\"target\":[\"https:\\\/\\\/www.organisator.ch\\\/management\\\/finanzen_recht\\\/2019-06-13\\\/berufliche-vorsorge-groupe-mutuel-fusioniert-ihre-beiden-vorsorgestiftungen\\\/\"]}]},{\"@type\":\"ImageObject\",\"inLanguage\":\"de\",\"@id\":\"https:\\\/\\\/www.organisator.ch\\\/management\\\/finanzen_recht\\\/2019-06-13\\\/berufliche-vorsorge-groupe-mutuel-fusioniert-ihre-beiden-vorsorgestiftungen\\\/#primaryimage\",\"url\":\"https:\\\/\\\/www.organisator.ch\\\/wp-content\\\/uploads\\\/2019\\\/06\\\/Berufliche-Vorsorge-Groupe-Mutuel-fusioniert-ihre-beiden-Vorsorgestiftungen_Organisator.jpg\",\"contentUrl\":\"https:\\\/\\\/www.organisator.ch\\\/wp-content\\\/uploads\\\/2019\\\/06\\\/Berufliche-Vorsorge-Groupe-Mutuel-fusioniert-ihre-beiden-Vorsorgestiftungen_Organisator.jpg\",\"width\":680,\"height\":370,\"caption\":\"Mit der Fusion ihrer beiden Vorsorgestiftungen st\u00e4rkt Groupe Mutuel das Portfolio f\u00fcr die berufliche Vorsorge. (Bild: Groupe Mutuel)\"},{\"@type\":\"BreadcrumbList\",\"@id\":\"https:\\\/\\\/www.organisator.ch\\\/management\\\/finanzen_recht\\\/2019-06-13\\\/berufliche-vorsorge-groupe-mutuel-fusioniert-ihre-beiden-vorsorgestiftungen\\\/#breadcrumb\",\"itemListElement\":[{\"@type\":\"ListItem\",\"position\":1,\"name\":\"Home\",\"item\":\"https:\\\/\\\/www.organisator.ch\\\/\"},{\"@type\":\"ListItem\",\"position\":2,\"name\":\"Berufliche Vorsorge: Groupe Mutuel fusioniert ihre beiden Vorsorgestiftungen\"}]},{\"@type\":\"WebSite\",\"@id\":\"https:\\\/\\\/www.organisator.ch\\\/#website\",\"url\":\"https:\\\/\\\/www.organisator.ch\\\/\",\"name\":\"Organisator\",\"description\":\"Kompetent. Praxisnah. Der ORGANISATOR bereitet in 10 Ausgaben pro Jahr die wesentlichen Themen f\u00fcr F\u00fchrungskr\u00e4fte von KMU auf.\",\"publisher\":{\"@id\":\"https:\\\/\\\/www.organisator.ch\\\/#organization\"},\"potentialAction\":[{\"@type\":\"SearchAction\",\"target\":{\"@type\":\"EntryPoint\",\"urlTemplate\":\"https:\\\/\\\/www.organisator.ch\\\/?s={search_term_string}\"},\"query-input\":{\"@type\":\"PropertyValueSpecification\",\"valueRequired\":true,\"valueName\":\"search_term_string\"}}],\"inLanguage\":\"de\"},{\"@type\":\"Organization\",\"@id\":\"https:\\\/\\\/www.organisator.ch\\\/#organization\",\"name\":\"Organisator\",\"url\":\"https:\\\/\\\/www.organisator.ch\\\/\",\"logo\":{\"@type\":\"ImageObject\",\"inLanguage\":\"de\",\"@id\":\"https:\\\/\\\/www.organisator.ch\\\/#\\\/schema\\\/logo\\\/image\\\/\",\"url\":\"https:\\\/\\\/www.organisator.ch\\\/wp-content\\\/uploads\\\/2022\\\/01\\\/Logo_Organisator_Website.png\",\"contentUrl\":\"https:\\\/\\\/www.organisator.ch\\\/wp-content\\\/uploads\\\/2022\\\/01\\\/Logo_Organisator_Website.png\",\"width\":800,\"height\":77,\"caption\":\"Organisator\"},\"image\":{\"@id\":\"https:\\\/\\\/www.organisator.ch\\\/#\\\/schema\\\/logo\\\/image\\\/\"},\"sameAs\":[\"https:\\\/\\\/www.facebook.com\\\/OrganisatorFachmagazin\",\"https:\\\/\\\/www.linkedin.com\\\/showcase\\\/organisator-das-magazin-fr-kmu\",\"https:\\\/\\\/www.xing.com\\\/news\\\/pages\\\/organisator-ch-695\",\"https:\\\/\\\/www.youtube.com\\\/channel\\\/UCGP2Sq0iWaZwT3BdIAQFYpw\"]},{\"@type\":\"Person\",\"@id\":\"https:\\\/\\\/www.organisator.ch\\\/#\\\/schema\\\/person\\\/6f650f90b2842cd4c0cc334b4e36f67e\",\"name\":\"thomas.berner\",\"image\":{\"@type\":\"ImageObject\",\"inLanguage\":\"de\",\"@id\":\"https:\\\/\\\/secure.gravatar.com\\\/avatar\\\/ac5001d2a36cb6c6cd3e50789007ffca834b477b74a2144564522e944eabff61?s=96&d=mm&r=g\",\"url\":\"https:\\\/\\\/secure.gravatar.com\\\/avatar\\\/ac5001d2a36cb6c6cd3e50789007ffca834b477b74a2144564522e944eabff61?s=96&d=mm&r=g\",\"contentUrl\":\"https:\\\/\\\/secure.gravatar.com\\\/avatar\\\/ac5001d2a36cb6c6cd3e50789007ffca834b477b74a2144564522e944eabff61?s=96&d=mm&r=g\",\"caption\":\"thomas.berner\"},\"url\":\"https:\\\/\\\/www.organisator.ch\\\/de\\\/author\\\/thomas-berner\\\/\"}]}<\/script>\n<!-- \/ Yoast SEO plugin. -->","yoast_head_json":{"title":"Berufliche Vorsorge: Groupe Mutuel fusioniert ihre beiden Vorsorgestiftungen - Organisator","description":"Berufliche Vorsorge: Die Groupe Mutuel Vorsorge (GMP) und die Walliser Vorsorge (MVP) haben am 12. Juni ihre Fusion bekannt gegeben.","robots":{"index":"index","follow":"follow","max-snippet":"max-snippet:-1","max-image-preview":"max-image-preview:large","max-video-preview":"max-video-preview:-1"},"canonical":"https:\/\/www.organisator.ch\/de\/management\/finanzen_recht\/2019-06-13\/berufliche-vorsorge-groupe-mutuel-fusioniert-ihre-beiden-vorsorgestiftungen\/","og_locale":"de_DE","og_type":"article","og_title":"Berufliche Vorsorge: Groupe Mutuel fusioniert ihre beiden Vorsorgestiftungen","og_description":"Berufliche Vorsorge: Die Groupe Mutuel Vorsorge (GMP) und die Walliser Vorsorge (MVP) haben am 12. Juni ihre Fusion bekannt gegeben.","og_url":"https:\/\/www.organisator.ch\/de\/management\/finanzen_recht\/2019-06-13\/berufliche-vorsorge-groupe-mutuel-fusioniert-ihre-beiden-vorsorgestiftungen\/","og_site_name":"Organisator","article_publisher":"https:\/\/www.facebook.com\/OrganisatorFachmagazin","article_published_time":"2019-06-13T08:40:22+00:00","og_image":[{"width":680,"height":370,"url":"https:\/\/www.organisator.ch\/wp-content\/uploads\/2019\/06\/Berufliche-Vorsorge-Groupe-Mutuel-fusioniert-ihre-beiden-Vorsorgestiftungen_Organisator.jpg","type":"image\/jpeg"}],"author":"thomas.berner","twitter_card":"summary_large_image","twitter_title":"Berufliche Vorsorge: #GroupeMutuel fusioniert ihre beiden #Vorsorgestiftungen","twitter_description":"Berufliche #Vorsorge: Die Groupe Mutuel Vorsorge (GMP) und die Walliser Vorsorge (MVP) haben am 12. Juni ihre Fusion bekannt gegeben.","twitter_image":"https:\/\/www.organisator.ch\/wp-content\/uploads\/2019\/06\/Berufliche-Vorsorge-Groupe-Mutuel-fusioniert-ihre-beiden-Vorsorgestiftungen_Organisator.jpg","schema":{"@context":"https:\/\/schema.org","@graph":[{"@type":"Article","@id":"https:\/\/www.organisator.ch\/management\/finanzen_recht\/2019-06-13\/berufliche-vorsorge-groupe-mutuel-fusioniert-ihre-beiden-vorsorgestiftungen\/#article","isPartOf":{"@id":"https:\/\/www.organisator.ch\/management\/finanzen_recht\/2019-06-13\/berufliche-vorsorge-groupe-mutuel-fusioniert-ihre-beiden-vorsorgestiftungen\/"},"author":{"name":"thomas.berner","@id":"https:\/\/www.organisator.ch\/#\/schema\/person\/6f650f90b2842cd4c0cc334b4e36f67e"},"headline":"Berufliche Vorsorge: Groupe Mutuel fusioniert ihre beiden Vorsorgestiftungen","datePublished":"2019-06-13T08:40:22+00:00","mainEntityOfPage":{"@id":"https:\/\/www.organisator.ch\/management\/finanzen_recht\/2019-06-13\/berufliche-vorsorge-groupe-mutuel-fusioniert-ihre-beiden-vorsorgestiftungen\/"},"wordCount":416,"commentCount":0,"publisher":{"@id":"https:\/\/www.organisator.ch\/#organization"},"image":{"@id":"https:\/\/www.organisator.ch\/management\/finanzen_recht\/2019-06-13\/berufliche-vorsorge-groupe-mutuel-fusioniert-ihre-beiden-vorsorgestiftungen\/#primaryimage"},"thumbnailUrl":"https:\/\/www.organisator.ch\/wp-content\/uploads\/2019\/06\/Berufliche-Vorsorge-Groupe-Mutuel-fusioniert-ihre-beiden-Vorsorgestiftungen_Organisator.jpg","keywords":["Finanzen\/Recht","Pensionskassen","Unternehmen","Vorsorge"],"articleSection":["FINANZEN\/RECHT"],"inLanguage":"de"},{"@type":"WebPage","@id":"https:\/\/www.organisator.ch\/management\/finanzen_recht\/2019-06-13\/berufliche-vorsorge-groupe-mutuel-fusioniert-ihre-beiden-vorsorgestiftungen\/","url":"https:\/\/www.organisator.ch\/management\/finanzen_recht\/2019-06-13\/berufliche-vorsorge-groupe-mutuel-fusioniert-ihre-beiden-vorsorgestiftungen\/","name":"Berufliche Vorsorge: Groupe Mutuel fusioniert ihre beiden Vorsorgestiftungen - Organisator","isPartOf":{"@id":"https:\/\/www.organisator.ch\/#website"},"primaryImageOfPage":{"@id":"https:\/\/www.organisator.ch\/management\/finanzen_recht\/2019-06-13\/berufliche-vorsorge-groupe-mutuel-fusioniert-ihre-beiden-vorsorgestiftungen\/#primaryimage"},"image":{"@id":"https:\/\/www.organisator.ch\/management\/finanzen_recht\/2019-06-13\/berufliche-vorsorge-groupe-mutuel-fusioniert-ihre-beiden-vorsorgestiftungen\/#primaryimage"},"thumbnailUrl":"https:\/\/www.organisator.ch\/wp-content\/uploads\/2019\/06\/Berufliche-Vorsorge-Groupe-Mutuel-fusioniert-ihre-beiden-Vorsorgestiftungen_Organisator.jpg","datePublished":"2019-06-13T08:40:22+00:00","description":"Berufliche Vorsorge: Die Groupe Mutuel Vorsorge (GMP) und die Walliser Vorsorge (MVP) haben am 12. Juni ihre Fusion bekannt gegeben.","breadcrumb":{"@id":"https:\/\/www.organisator.ch\/management\/finanzen_recht\/2019-06-13\/berufliche-vorsorge-groupe-mutuel-fusioniert-ihre-beiden-vorsorgestiftungen\/#breadcrumb"},"inLanguage":"de","potentialAction":[{"@type":"ReadAction","target":["https:\/\/www.organisator.ch\/management\/finanzen_recht\/2019-06-13\/berufliche-vorsorge-groupe-mutuel-fusioniert-ihre-beiden-vorsorgestiftungen\/"]}]},{"@type":"ImageObject","inLanguage":"de","@id":"https:\/\/www.organisator.ch\/management\/finanzen_recht\/2019-06-13\/berufliche-vorsorge-groupe-mutuel-fusioniert-ihre-beiden-vorsorgestiftungen\/#primaryimage","url":"https:\/\/www.organisator.ch\/wp-content\/uploads\/2019\/06\/Berufliche-Vorsorge-Groupe-Mutuel-fusioniert-ihre-beiden-Vorsorgestiftungen_Organisator.jpg","contentUrl":"https:\/\/www.organisator.ch\/wp-content\/uploads\/2019\/06\/Berufliche-Vorsorge-Groupe-Mutuel-fusioniert-ihre-beiden-Vorsorgestiftungen_Organisator.jpg","width":680,"height":370,"caption":"Mit der Fusion ihrer beiden Vorsorgestiftungen st\u00e4rkt Groupe Mutuel das Portfolio f\u00fcr die berufliche Vorsorge. (Bild: Groupe Mutuel)"},{"@type":"BreadcrumbList","@id":"https:\/\/www.organisator.ch\/management\/finanzen_recht\/2019-06-13\/berufliche-vorsorge-groupe-mutuel-fusioniert-ihre-beiden-vorsorgestiftungen\/#breadcrumb","itemListElement":[{"@type":"ListItem","position":1,"name":"Home","item":"https:\/\/www.organisator.ch\/"},{"@type":"ListItem","position":2,"name":"Berufliche Vorsorge: Groupe Mutuel fusioniert ihre beiden Vorsorgestiftungen"}]},{"@type":"WebSite","@id":"https:\/\/www.organisator.ch\/#website","url":"https:\/\/www.organisator.ch\/","name":"Organisator","description":"Kompetent. Praxisnah. Der ORGANISATOR bereitet in 10 Ausgaben pro Jahr die wesentlichen Themen f\u00fcr F\u00fchrungskr\u00e4fte von KMU auf.","publisher":{"@id":"https:\/\/www.organisator.ch\/#organization"},"potentialAction":[{"@type":"SearchAction","target":{"@type":"EntryPoint","urlTemplate":"https:\/\/www.organisator.ch\/?s={search_term_string}"},"query-input":{"@type":"PropertyValueSpecification","valueRequired":true,"valueName":"search_term_string"}}],"inLanguage":"de"},{"@type":"Organization","@id":"https:\/\/www.organisator.ch\/#organization","name":"Organisator","url":"https:\/\/www.organisator.ch\/","logo":{"@type":"ImageObject","inLanguage":"de","@id":"https:\/\/www.organisator.ch\/#\/schema\/logo\/image\/","url":"https:\/\/www.organisator.ch\/wp-content\/uploads\/2022\/01\/Logo_Organisator_Website.png","contentUrl":"https:\/\/www.organisator.ch\/wp-content\/uploads\/2022\/01\/Logo_Organisator_Website.png","width":800,"height":77,"caption":"Organisator"},"image":{"@id":"https:\/\/www.organisator.ch\/#\/schema\/logo\/image\/"},"sameAs":["https:\/\/www.facebook.com\/OrganisatorFachmagazin","https:\/\/www.linkedin.com\/showcase\/organisator-das-magazin-fr-kmu","https:\/\/www.xing.com\/news\/pages\/organisator-ch-695","https:\/\/www.youtube.com\/channel\/UCGP2Sq0iWaZwT3BdIAQFYpw"]},{"@type":"Person","@id":"https:\/\/www.organisator.ch\/#\/schema\/person\/6f650f90b2842cd4c0cc334b4e36f67e","name":"thomas.berner","image":{"@type":"ImageObject","inLanguage":"de","@id":"https:\/\/secure.gravatar.com\/avatar\/ac5001d2a36cb6c6cd3e50789007ffca834b477b74a2144564522e944eabff61?s=96&d=mm&r=g","url":"https:\/\/secure.gravatar.com\/avatar\/ac5001d2a36cb6c6cd3e50789007ffca834b477b74a2144564522e944eabff61?s=96&d=mm&r=g","contentUrl":"https:\/\/secure.gravatar.com\/avatar\/ac5001d2a36cb6c6cd3e50789007ffca834b477b74a2144564522e944eabff61?s=96&d=mm&r=g","caption":"thomas.berner"},"url":"https:\/\/www.organisator.ch\/de\/author\/thomas-berner\/"}]}},"_links":{"self":[{"href":"https:\/\/www.organisator.ch\/de\/wp-json\/wp\/v2\/posts\/5386","targetHints":{"allow":["GET"]}}],"collection":[{"href":"https:\/\/www.organisator.ch\/de\/wp-json\/wp\/v2\/posts"}],"about":[{"href":"https:\/\/www.organisator.ch\/de\/wp-json\/wp\/v2\/types\/post"}],"author":[{"embeddable":true,"href":"https:\/\/www.organisator.ch\/de\/wp-json\/wp\/v2\/users\/4"}],"replies":[{"embeddable":true,"href":"https:\/\/www.organisator.ch\/de\/wp-json\/wp\/v2\/comments?post=5386"}],"version-history":[{"count":0,"href":"https:\/\/www.organisator.ch\/de\/wp-json\/wp\/v2\/posts\/5386\/revisions"}],"wp:featuredmedia":[{"embeddable":true,"href":"https:\/\/www.organisator.ch\/de\/wp-json\/wp\/v2\/media\/5387"}],"wp:attachment":[{"href":"https:\/\/www.organisator.ch\/de\/wp-json\/wp\/v2\/media?parent=5386"}],"wp:term":[{"taxonomy":"category","embeddable":true,"href":"https:\/\/www.organisator.ch\/de\/wp-json\/wp\/v2\/categories?post=5386"},{"taxonomy":"post_tag","embeddable":true,"href":"https:\/\/www.organisator.ch\/de\/wp-json\/wp\/v2\/tags?post=5386"}],"curies":[{"name":"wp","href":"https:\/\/api.w.org\/{rel}","templated":true}]}}