{"id":5389,"date":"2019-06-21T07:26:45","date_gmt":"2019-06-21T05:26:45","guid":{"rendered":"https:\/\/www.organisator.ch\/?p=5389"},"modified":"2019-06-21T07:26:45","modified_gmt":"2019-06-21T05:26:45","slug":"new-work-brauchen-unternehmen-noch-ein-buero","status":"publish","type":"post","link":"https:\/\/www.organisator.ch\/de\/management\/2019-06-21\/new-work-brauchen-unternehmen-noch-ein-buero\/","title":{"rendered":"New Work: Brauchen Unternehmen noch ein B\u00fcro?"},"content":{"rendered":"<figure id=\"attachment_5390\" aria-describedby=\"caption-attachment-5390\" style=\"width: 516px\" class=\"wp-caption alignnone\"><img loading=\"lazy\" decoding=\"async\" class=\"wp-image-5390 size-medium\" src=\"https:\/\/www.organisator.ch\/wp-content\/uploads\/2019\/06\/Dossier_Lunck_Bild_1922933-516x1000.jpg\" alt=\"\" width=\"516\" height=\"1000\" srcset=\"https:\/\/www.organisator.ch\/wp-content\/uploads\/2019\/06\/Dossier_Lunck_Bild_1922933-516x1000.jpg 516w, https:\/\/www.organisator.ch\/wp-content\/uploads\/2019\/06\/Dossier_Lunck_Bild_1922933-528x1024.jpg 528w, https:\/\/www.organisator.ch\/wp-content\/uploads\/2019\/06\/Dossier_Lunck_Bild_1922933-768x1489.jpg 768w, https:\/\/www.organisator.ch\/wp-content\/uploads\/2019\/06\/Dossier_Lunck_Bild_1922933-792x1536.jpg 792w, https:\/\/www.organisator.ch\/wp-content\/uploads\/2019\/06\/Dossier_Lunck_Bild_1922933-6x12.jpg 6w, https:\/\/www.organisator.ch\/wp-content\/uploads\/2019\/06\/Dossier_Lunck_Bild_1922933-90x175.jpg 90w, https:\/\/www.organisator.ch\/wp-content\/uploads\/2019\/06\/Dossier_Lunck_Bild_1922933-180x350.jpg 180w, https:\/\/www.organisator.ch\/wp-content\/uploads\/2019\/06\/Dossier_Lunck_Bild_1922933-413x800.jpg 413w, https:\/\/www.organisator.ch\/wp-content\/uploads\/2019\/06\/Dossier_Lunck_Bild_1922933-722x1400.jpg 722w, https:\/\/www.organisator.ch\/wp-content\/uploads\/2019\/06\/Dossier_Lunck_Bild_1922933-300x582.jpg 300w, https:\/\/www.organisator.ch\/wp-content\/uploads\/2019\/06\/Dossier_Lunck_Bild_1922933.jpg 888w\" sizes=\"auto, (max-width: 516px) 100vw, 516px\" \/><figcaption id=\"caption-attachment-5390\" class=\"wp-caption-text\">New Work: Virtuelle Zusammen\u00adarbeit setzt sich immer mehr durch \u2013 B\u00fcros haben deswegen aber l\u00e4ngst nicht ausgedient.<\/figcaption><\/figure>\n<p>Angesichts des War for Talents sind Unternehmen gut be\u00adraten, auf die neuen W\u00fcnsche der heutigen und zuk\u00fcnftigen Arbeitskr\u00e4fte einzugehen. Damit ihre Mitarbeiter aber auch ausserhalb von B\u00fcros produktiv arbeiten k\u00f6nnen, werden Technologien f\u00fcr kollaboratives Arbeiten immer wichtiger und zu einer Grundlage f\u00fcr den Unternehmenserfolg.<\/p>\n<h2><strong>Kultur der Zusammenarbeit schaffen<\/strong><\/h2>\n<p>Um die Zusammen\u00adarbeit zu f\u00f6rdern, muss das Management zuallererst eine Kultur der Zusammenarbeit schaffen und eine Umgebung pr\u00e4gen, in der jeder offen kommunizieren und produktiv arbeiten kann, unabh\u00e4ngig davon, wann und wo er arbeitet. Viele Unternehmen haben dar\u00fcber hinaus bereits erkannt, wie wichtig es ist, ihre isoliert arbeitenden Abteilungen besser zu vernetzen und Strukturen f\u00fcr unternehmensweite Kooperationen aufzubauen. Oft verf\u00fcgen sie aber noch nicht \u00fcber die Werkzeuge oder die Infrastruktur, um diese Ziele zu realisieren. Im Zuge der Diversifizierung und Transfor\u00admation der Belegschaft ist daher der Einsatz von audiovisuellen Tools und Unified-Communications-Plattformen ein wich\u00adtiger Schritt, um alle Mitarbeiter zu unterst\u00fctzen und \u00fcber eine gemeinsame Philosophie und Kultur zu verbinden.<\/p>\n<p>Derzeit setzt sich \u2013 auch dank passenden L\u00f6sungen wie Unified-Communications-Plattformen \u2013 virtuelle Zusammen\u00adarbeit zunehmend durch. Technische L\u00f6sungen verbessern \u00adalso die Arbeitsmittel und geben den Mitarbeitern die Freiheit, so zu arbeiten, wie es am besten zu ihnen passt \u2013 auch wenn das bedeutet, dass sie ausserhalb des B\u00fcros arbeiten.<\/p>\n<h2><strong>Das B\u00fcro nicht ersetzen<\/strong><\/h2>\n<p>Zwar m\u00f6chten viele Arbeitskr\u00e4fte gerne von zu Hause oder von unterwegs aus arbeiten, dennoch ist f\u00fcr Mitarbeiter jeden Alters die pers\u00f6nliche Kommuni\u00adkation sehr wichtig: Bei einer Studie unseres Unternehmens gaben 78% der Befragten an, dass sie mindestens einmal pro Woche im B\u00fcro des Unternehmens arbeiten m\u00f6chten. In\u00adsofern sollten Unternehmen die pers\u00f6nliche \u00adInteraktion zwischen ihren Mitarbeitern f\u00f6rdern, indem sie B\u00fcror\u00e4ume bereitstellen. Die neuen Technologien f\u00fcr Kol\u00adlaboration sollten die pers\u00f6nliche Interaktion also erg\u00e4nzen und nicht das B\u00fcro ersetzen.<\/p>\n<p>B\u00fcror\u00e4ume sind f\u00fcr heutige Arbeitskr\u00e4fte demnach ein Ort, an dem Ideen diskutiert und wichtige Entscheidungen getroffen werden k\u00f6nnen. Sie sollten aber auch dem Einzelnen konzentriertes Arbeiten erm\u00f6glichen. Wenn diese zwei Anforderungen ber\u00fccksichtigt werden, ist der wich\u00adtigste Aspekt f\u00fcr die Gestaltung eines B\u00fcros in den meisten F\u00e4llen bereits erf\u00fcllt: Das B\u00fcro muss zu den Bed\u00fcrfnissen der Mit\u00adarbeiter passen. Gleichzeitig ist es essenziell, dass die\u00adjenigen nicht aus der Belegschaft ausgeschlossen werden, die von zu Hause oder unterwegs aus arbeiten.<\/p>\n<p>Die Optionen Homeoffice, Mobilarbeit und B\u00fcro erm\u00f6glichen zusammen wirklich flexible Arbeit. Mitarbeiter, denen diese Auswahl zur Verf\u00fcgung steht, k\u00f6nnen jederzeit und \u00fcberall dort arbeiten, wo sie es f\u00fcr richtig halten. Mit \u00addiesen drei Optionen und den passenden Arbeitsmitteln bieten Unternehmen ihren Mitarbeitern somit die besten Grundlagen f\u00fcr eine produktive T\u00e4tigkeit.<\/p>\n<h2><strong>9-to-5-Jobs ade<\/strong><\/h2>\n<p>Eines ist klar: Eine Anpassung des tradi\u00adtionellen, starren B\u00fcroumfelds an die Bed\u00fcrfnisse heutiger Arbeitskr\u00e4fte ist l\u00e4ngst \u00fcberf\u00e4llig. Unternehmen, die er\u00adwar\u00adten, dass ihre Arbeitnehmer jeden Arbeitstag um 9 Uhr morgens erscheinen, den ganzen Tag im B\u00fcro verbringen und um 17 Uhr gehen, werden schnell feststellen, dass sie Mit\u00adarbeiter verlieren, hinter der Konkurrenz zur\u00fcckbleiben und kaum Mitarbeiter aus der neuen Generation junger und technisch versierter Menschen rekrutieren k\u00f6nnen. Unter\u00adneh\u00admen, die stattdessen die Zusammenarbeit f\u00f6rdern \u2013 sei es durch flexible Arbeitsmittel, moderne Arbeitsbereiche oder sogar mit Gaming Areas \u2013 werden in immer st\u00e4rkerem Masse von einer gl\u00fccklicheren, motivierteren und produk\u00adtiveren Belegschaft profitieren.<\/p>\n<p><em><strong>Roland Lunck<br \/>\n<\/strong>ist Regional Vice President Germany bei Fuze, dem Hersteller einer weltweit verf\u00fcgbaren Cloud-basierten Software-Plattform f\u00fcr Kommunikation und Kollaboration f\u00fcr Unternehmen. <a href=\"https:\/\/de.fuze.com\">https:\/\/de.fuze.com<\/a><\/em><\/p>\n","protected":false},"excerpt":{"rendered":"<p>Angesichts des War for Talents sind Unternehmen gut be\u00adraten, auf die neuen W\u00fcnsche der heutigen und zuk\u00fcnftigen Arbeitskr\u00e4fte einzugehen. Damit ihre Mitarbeiter aber auch ausserhalb von B\u00fcros produktiv arbeiten k\u00f6nnen, werden Technologien f\u00fcr kollaboratives Arbeiten immer wichtiger und zu einer Grundlage f\u00fcr den Unternehmenserfolg. Kultur der Zusammenarbeit schaffen Um die Zusammen\u00adarbeit zu f\u00f6rdern, muss das [&hellip;]<\/p>\n","protected":false},"author":7,"featured_media":11428,"comment_status":"open","ping_status":"open","sticky":false,"template":"","format":"standard","meta":{"_acf_changed":false,"_yoast_wpseo_focuskw":"New Work","_yoast_wpseo_metadesc":"New Work ist ein umfassendes Thema. K\u00f6nnen Unternehmen durch den Trend zum flexiblen Arbeiten tats\u00e4chlich auch ohne B\u00fcro erfolgreich agieren?","articlekey":"","footnotes":""},"categories":[28],"tags":[51,102,335,363],"class_list":["post-5389","post","type-post","status-publish","format-standard","has-post-thumbnail","hentry","category-management","tag-arbeitsplatzgestaltung","tag-buero","tag-management-und-unternehmensfuehrung","tag-new-work"],"acf":[],"yoast_head":"<!-- This site is optimized with the Yoast SEO plugin v27.4 - https:\/\/yoast.com\/product\/yoast-seo-wordpress\/ -->\n<title>New Work: Brauchen Unternehmen noch ein B\u00fcro? - Organisator<\/title>\n<meta name=\"description\" content=\"New Work ist ein umfassendes Thema. K\u00f6nnen Unternehmen durch den Trend zum flexiblen Arbeiten tats\u00e4chlich auch ohne B\u00fcro erfolgreich agieren?\" \/>\n<meta name=\"robots\" content=\"index, follow, max-snippet:-1, max-image-preview:large, max-video-preview:-1\" \/>\n<link rel=\"canonical\" href=\"https:\/\/www.organisator.ch\/de\/management\/2019-06-21\/new-work-brauchen-unternehmen-noch-ein-buero\/\" \/>\n<meta property=\"og:locale\" content=\"de_DE\" \/>\n<meta property=\"og:type\" content=\"article\" \/>\n<meta property=\"og:title\" content=\"New Work: Brauchen Unternehmen noch ein B\u00fcro?\" \/>\n<meta property=\"og:description\" content=\"New Work ist ein umfassendes Thema. K\u00f6nnen Unternehmen durch den Trend zum flexiblen Arbeiten tats\u00e4chlich auch ohne B\u00fcro erfolgreich agieren?\" \/>\n<meta property=\"og:url\" content=\"https:\/\/www.organisator.ch\/de\/management\/2019-06-21\/new-work-brauchen-unternehmen-noch-ein-buero\/\" \/>\n<meta property=\"og:site_name\" content=\"Organisator\" \/>\n<meta property=\"article:publisher\" content=\"https:\/\/www.facebook.com\/OrganisatorFachmagazin\" \/>\n<meta property=\"article:published_time\" content=\"2019-06-21T05:26:45+00:00\" \/>\n<meta property=\"og:image\" content=\"https:\/\/www.organisator.ch\/wp-content\/uploads\/2019\/06\/Dossier_Lunck_Bild_1922933.jpg\" \/>\n\t<meta property=\"og:image:width\" content=\"888\" \/>\n\t<meta property=\"og:image:height\" content=\"1722\" \/>\n\t<meta property=\"og:image:type\" content=\"image\/jpeg\" \/>\n<meta name=\"author\" content=\"K4-Import\" \/>\n<meta name=\"twitter:card\" content=\"summary_large_image\" \/>\n<meta name=\"twitter:title\" content=\"#NewWork: Brauchen Unternehmen noch ein B\u00fcro?\" \/>\n<meta name=\"twitter:description\" content=\"#NewWork ist ein umfassendes Thema. K\u00f6nnen Unternehmen durch den Trend zum flexiblen Arbeiten tats\u00e4chlich auch ohne B\u00fcro erfolgreich agieren?\" \/>\n<meta name=\"twitter:image\" content=\"https:\/\/www.organisator.ch\/wp-content\/uploads\/2019\/06\/Dossier_Lunck_Bild_1922933.jpg\" \/>\n<script type=\"application\/ld+json\" class=\"yoast-schema-graph\">{\"@context\":\"https:\\\/\\\/schema.org\",\"@graph\":[{\"@type\":\"Article\",\"@id\":\"https:\\\/\\\/www.organisator.ch\\\/management\\\/2019-06-21\\\/new-work-brauchen-unternehmen-noch-ein-buero\\\/#article\",\"isPartOf\":{\"@id\":\"https:\\\/\\\/www.organisator.ch\\\/management\\\/2019-06-21\\\/new-work-brauchen-unternehmen-noch-ein-buero\\\/\"},\"author\":{\"name\":\"K4-Import\",\"@id\":\"https:\\\/\\\/www.organisator.ch\\\/#\\\/schema\\\/person\\\/dd8ffea01043c9c41d7718296a158fac\"},\"headline\":\"New Work: Brauchen Unternehmen noch ein B\u00fcro?\",\"datePublished\":\"2019-06-21T05:26:45+00:00\",\"mainEntityOfPage\":{\"@id\":\"https:\\\/\\\/www.organisator.ch\\\/management\\\/2019-06-21\\\/new-work-brauchen-unternehmen-noch-ein-buero\\\/\"},\"wordCount\":650,\"commentCount\":0,\"publisher\":{\"@id\":\"https:\\\/\\\/www.organisator.ch\\\/#organization\"},\"image\":{\"@id\":\"https:\\\/\\\/www.organisator.ch\\\/management\\\/2019-06-21\\\/new-work-brauchen-unternehmen-noch-ein-buero\\\/#primaryimage\"},\"thumbnailUrl\":\"https:\\\/\\\/www.organisator.ch\\\/wp-content\\\/uploads\\\/2019\\\/06\\\/Dossier_Lunck_Bild_1922933-1.jpg\",\"keywords\":[\"Arbeitsplatzgestaltung\",\"B\u00fcro\",\"Management und Unternehmensf\u00fchrung\",\"New Work\"],\"articleSection\":[\"MANAGEMENT\"],\"inLanguage\":\"de\"},{\"@type\":\"WebPage\",\"@id\":\"https:\\\/\\\/www.organisator.ch\\\/management\\\/2019-06-21\\\/new-work-brauchen-unternehmen-noch-ein-buero\\\/\",\"url\":\"https:\\\/\\\/www.organisator.ch\\\/management\\\/2019-06-21\\\/new-work-brauchen-unternehmen-noch-ein-buero\\\/\",\"name\":\"New Work: Brauchen Unternehmen noch ein B\u00fcro? - Organisator\",\"isPartOf\":{\"@id\":\"https:\\\/\\\/www.organisator.ch\\\/#website\"},\"primaryImageOfPage\":{\"@id\":\"https:\\\/\\\/www.organisator.ch\\\/management\\\/2019-06-21\\\/new-work-brauchen-unternehmen-noch-ein-buero\\\/#primaryimage\"},\"image\":{\"@id\":\"https:\\\/\\\/www.organisator.ch\\\/management\\\/2019-06-21\\\/new-work-brauchen-unternehmen-noch-ein-buero\\\/#primaryimage\"},\"thumbnailUrl\":\"https:\\\/\\\/www.organisator.ch\\\/wp-content\\\/uploads\\\/2019\\\/06\\\/Dossier_Lunck_Bild_1922933-1.jpg\",\"datePublished\":\"2019-06-21T05:26:45+00:00\",\"description\":\"New Work ist ein umfassendes Thema. K\u00f6nnen Unternehmen durch den Trend zum flexiblen Arbeiten tats\u00e4chlich auch ohne B\u00fcro erfolgreich agieren?\",\"breadcrumb\":{\"@id\":\"https:\\\/\\\/www.organisator.ch\\\/management\\\/2019-06-21\\\/new-work-brauchen-unternehmen-noch-ein-buero\\\/#breadcrumb\"},\"inLanguage\":\"de\",\"potentialAction\":[{\"@type\":\"ReadAction\",\"target\":[\"https:\\\/\\\/www.organisator.ch\\\/management\\\/2019-06-21\\\/new-work-brauchen-unternehmen-noch-ein-buero\\\/\"]}]},{\"@type\":\"ImageObject\",\"inLanguage\":\"de\",\"@id\":\"https:\\\/\\\/www.organisator.ch\\\/management\\\/2019-06-21\\\/new-work-brauchen-unternehmen-noch-ein-buero\\\/#primaryimage\",\"url\":\"https:\\\/\\\/www.organisator.ch\\\/wp-content\\\/uploads\\\/2019\\\/06\\\/Dossier_Lunck_Bild_1922933-1.jpg\",\"contentUrl\":\"https:\\\/\\\/www.organisator.ch\\\/wp-content\\\/uploads\\\/2019\\\/06\\\/Dossier_Lunck_Bild_1922933-1.jpg\",\"width\":888,\"height\":1722,\"caption\":\"\u2022 Virtuelle Zusammenarbeit setzt sich immer mehr durch \u2013 B\u00fcros haben deswegen aber l\u00e4ngst nicht ausgedient.\"},{\"@type\":\"BreadcrumbList\",\"@id\":\"https:\\\/\\\/www.organisator.ch\\\/management\\\/2019-06-21\\\/new-work-brauchen-unternehmen-noch-ein-buero\\\/#breadcrumb\",\"itemListElement\":[{\"@type\":\"ListItem\",\"position\":1,\"name\":\"Home\",\"item\":\"https:\\\/\\\/www.organisator.ch\\\/\"},{\"@type\":\"ListItem\",\"position\":2,\"name\":\"New Work: Brauchen Unternehmen noch ein B\u00fcro?\"}]},{\"@type\":\"WebSite\",\"@id\":\"https:\\\/\\\/www.organisator.ch\\\/#website\",\"url\":\"https:\\\/\\\/www.organisator.ch\\\/\",\"name\":\"Organisator\",\"description\":\"Kompetent. Praxisnah. Der ORGANISATOR bereitet in 10 Ausgaben pro Jahr die wesentlichen Themen f\u00fcr F\u00fchrungskr\u00e4fte von KMU auf.\",\"publisher\":{\"@id\":\"https:\\\/\\\/www.organisator.ch\\\/#organization\"},\"potentialAction\":[{\"@type\":\"SearchAction\",\"target\":{\"@type\":\"EntryPoint\",\"urlTemplate\":\"https:\\\/\\\/www.organisator.ch\\\/?s={search_term_string}\"},\"query-input\":{\"@type\":\"PropertyValueSpecification\",\"valueRequired\":true,\"valueName\":\"search_term_string\"}}],\"inLanguage\":\"de\"},{\"@type\":\"Organization\",\"@id\":\"https:\\\/\\\/www.organisator.ch\\\/#organization\",\"name\":\"Organisator\",\"url\":\"https:\\\/\\\/www.organisator.ch\\\/\",\"logo\":{\"@type\":\"ImageObject\",\"inLanguage\":\"de\",\"@id\":\"https:\\\/\\\/www.organisator.ch\\\/#\\\/schema\\\/logo\\\/image\\\/\",\"url\":\"https:\\\/\\\/www.organisator.ch\\\/wp-content\\\/uploads\\\/2022\\\/01\\\/Logo_Organisator_Website.png\",\"contentUrl\":\"https:\\\/\\\/www.organisator.ch\\\/wp-content\\\/uploads\\\/2022\\\/01\\\/Logo_Organisator_Website.png\",\"width\":800,\"height\":77,\"caption\":\"Organisator\"},\"image\":{\"@id\":\"https:\\\/\\\/www.organisator.ch\\\/#\\\/schema\\\/logo\\\/image\\\/\"},\"sameAs\":[\"https:\\\/\\\/www.facebook.com\\\/OrganisatorFachmagazin\",\"https:\\\/\\\/www.linkedin.com\\\/showcase\\\/organisator-das-magazin-fr-kmu\",\"https:\\\/\\\/www.xing.com\\\/news\\\/pages\\\/organisator-ch-695\",\"https:\\\/\\\/www.youtube.com\\\/channel\\\/UCGP2Sq0iWaZwT3BdIAQFYpw\"]},{\"@type\":\"Person\",\"@id\":\"https:\\\/\\\/www.organisator.ch\\\/#\\\/schema\\\/person\\\/dd8ffea01043c9c41d7718296a158fac\",\"name\":\"K4-Import\",\"image\":{\"@type\":\"ImageObject\",\"inLanguage\":\"de\",\"@id\":\"https:\\\/\\\/secure.gravatar.com\\\/avatar\\\/73620ab7215a54b074cc226514e02ed65cb79211bbaee1eb49b63b57e58aaad6?s=96&d=mm&r=g\",\"url\":\"https:\\\/\\\/secure.gravatar.com\\\/avatar\\\/73620ab7215a54b074cc226514e02ed65cb79211bbaee1eb49b63b57e58aaad6?s=96&d=mm&r=g\",\"contentUrl\":\"https:\\\/\\\/secure.gravatar.com\\\/avatar\\\/73620ab7215a54b074cc226514e02ed65cb79211bbaee1eb49b63b57e58aaad6?s=96&d=mm&r=g\",\"caption\":\"K4-Import\"},\"url\":\"https:\\\/\\\/www.organisator.ch\\\/de\\\/author\\\/k4-import\\\/\"}]}<\/script>\n<!-- \/ Yoast SEO plugin. -->","yoast_head_json":{"title":"New Work: Brauchen Unternehmen noch ein B\u00fcro? - Organisator","description":"New Work ist ein umfassendes Thema. K\u00f6nnen Unternehmen durch den Trend zum flexiblen Arbeiten tats\u00e4chlich auch ohne B\u00fcro erfolgreich agieren?","robots":{"index":"index","follow":"follow","max-snippet":"max-snippet:-1","max-image-preview":"max-image-preview:large","max-video-preview":"max-video-preview:-1"},"canonical":"https:\/\/www.organisator.ch\/de\/management\/2019-06-21\/new-work-brauchen-unternehmen-noch-ein-buero\/","og_locale":"de_DE","og_type":"article","og_title":"New Work: Brauchen Unternehmen noch ein B\u00fcro?","og_description":"New Work ist ein umfassendes Thema. K\u00f6nnen Unternehmen durch den Trend zum flexiblen Arbeiten tats\u00e4chlich auch ohne B\u00fcro erfolgreich agieren?","og_url":"https:\/\/www.organisator.ch\/de\/management\/2019-06-21\/new-work-brauchen-unternehmen-noch-ein-buero\/","og_site_name":"Organisator","article_publisher":"https:\/\/www.facebook.com\/OrganisatorFachmagazin","article_published_time":"2019-06-21T05:26:45+00:00","og_image":[{"width":888,"height":1722,"url":"https:\/\/www.organisator.ch\/wp-content\/uploads\/2019\/06\/Dossier_Lunck_Bild_1922933.jpg","type":"image\/jpeg"}],"author":"K4-Import","twitter_card":"summary_large_image","twitter_title":"#NewWork: Brauchen Unternehmen noch ein B\u00fcro?","twitter_description":"#NewWork ist ein umfassendes Thema. K\u00f6nnen Unternehmen durch den Trend zum flexiblen Arbeiten tats\u00e4chlich auch ohne B\u00fcro erfolgreich agieren?","twitter_image":"https:\/\/www.organisator.ch\/wp-content\/uploads\/2019\/06\/Dossier_Lunck_Bild_1922933.jpg","schema":{"@context":"https:\/\/schema.org","@graph":[{"@type":"Article","@id":"https:\/\/www.organisator.ch\/management\/2019-06-21\/new-work-brauchen-unternehmen-noch-ein-buero\/#article","isPartOf":{"@id":"https:\/\/www.organisator.ch\/management\/2019-06-21\/new-work-brauchen-unternehmen-noch-ein-buero\/"},"author":{"name":"K4-Import","@id":"https:\/\/www.organisator.ch\/#\/schema\/person\/dd8ffea01043c9c41d7718296a158fac"},"headline":"New Work: Brauchen Unternehmen noch ein B\u00fcro?","datePublished":"2019-06-21T05:26:45+00:00","mainEntityOfPage":{"@id":"https:\/\/www.organisator.ch\/management\/2019-06-21\/new-work-brauchen-unternehmen-noch-ein-buero\/"},"wordCount":650,"commentCount":0,"publisher":{"@id":"https:\/\/www.organisator.ch\/#organization"},"image":{"@id":"https:\/\/www.organisator.ch\/management\/2019-06-21\/new-work-brauchen-unternehmen-noch-ein-buero\/#primaryimage"},"thumbnailUrl":"https:\/\/www.organisator.ch\/wp-content\/uploads\/2019\/06\/Dossier_Lunck_Bild_1922933-1.jpg","keywords":["Arbeitsplatzgestaltung","B\u00fcro","Management und Unternehmensf\u00fchrung","New Work"],"articleSection":["MANAGEMENT"],"inLanguage":"de"},{"@type":"WebPage","@id":"https:\/\/www.organisator.ch\/management\/2019-06-21\/new-work-brauchen-unternehmen-noch-ein-buero\/","url":"https:\/\/www.organisator.ch\/management\/2019-06-21\/new-work-brauchen-unternehmen-noch-ein-buero\/","name":"New Work: Brauchen Unternehmen noch ein B\u00fcro? - Organisator","isPartOf":{"@id":"https:\/\/www.organisator.ch\/#website"},"primaryImageOfPage":{"@id":"https:\/\/www.organisator.ch\/management\/2019-06-21\/new-work-brauchen-unternehmen-noch-ein-buero\/#primaryimage"},"image":{"@id":"https:\/\/www.organisator.ch\/management\/2019-06-21\/new-work-brauchen-unternehmen-noch-ein-buero\/#primaryimage"},"thumbnailUrl":"https:\/\/www.organisator.ch\/wp-content\/uploads\/2019\/06\/Dossier_Lunck_Bild_1922933-1.jpg","datePublished":"2019-06-21T05:26:45+00:00","description":"New Work ist ein umfassendes Thema. K\u00f6nnen Unternehmen durch den Trend zum flexiblen Arbeiten tats\u00e4chlich auch ohne B\u00fcro erfolgreich agieren?","breadcrumb":{"@id":"https:\/\/www.organisator.ch\/management\/2019-06-21\/new-work-brauchen-unternehmen-noch-ein-buero\/#breadcrumb"},"inLanguage":"de","potentialAction":[{"@type":"ReadAction","target":["https:\/\/www.organisator.ch\/management\/2019-06-21\/new-work-brauchen-unternehmen-noch-ein-buero\/"]}]},{"@type":"ImageObject","inLanguage":"de","@id":"https:\/\/www.organisator.ch\/management\/2019-06-21\/new-work-brauchen-unternehmen-noch-ein-buero\/#primaryimage","url":"https:\/\/www.organisator.ch\/wp-content\/uploads\/2019\/06\/Dossier_Lunck_Bild_1922933-1.jpg","contentUrl":"https:\/\/www.organisator.ch\/wp-content\/uploads\/2019\/06\/Dossier_Lunck_Bild_1922933-1.jpg","width":888,"height":1722,"caption":"\u2022 Virtuelle Zusammenarbeit setzt sich immer mehr durch \u2013 B\u00fcros haben deswegen aber l\u00e4ngst nicht ausgedient."},{"@type":"BreadcrumbList","@id":"https:\/\/www.organisator.ch\/management\/2019-06-21\/new-work-brauchen-unternehmen-noch-ein-buero\/#breadcrumb","itemListElement":[{"@type":"ListItem","position":1,"name":"Home","item":"https:\/\/www.organisator.ch\/"},{"@type":"ListItem","position":2,"name":"New Work: Brauchen Unternehmen noch ein B\u00fcro?"}]},{"@type":"WebSite","@id":"https:\/\/www.organisator.ch\/#website","url":"https:\/\/www.organisator.ch\/","name":"Organisator","description":"Kompetent. Praxisnah. Der ORGANISATOR bereitet in 10 Ausgaben pro Jahr die wesentlichen Themen f\u00fcr F\u00fchrungskr\u00e4fte von KMU auf.","publisher":{"@id":"https:\/\/www.organisator.ch\/#organization"},"potentialAction":[{"@type":"SearchAction","target":{"@type":"EntryPoint","urlTemplate":"https:\/\/www.organisator.ch\/?s={search_term_string}"},"query-input":{"@type":"PropertyValueSpecification","valueRequired":true,"valueName":"search_term_string"}}],"inLanguage":"de"},{"@type":"Organization","@id":"https:\/\/www.organisator.ch\/#organization","name":"Organisator","url":"https:\/\/www.organisator.ch\/","logo":{"@type":"ImageObject","inLanguage":"de","@id":"https:\/\/www.organisator.ch\/#\/schema\/logo\/image\/","url":"https:\/\/www.organisator.ch\/wp-content\/uploads\/2022\/01\/Logo_Organisator_Website.png","contentUrl":"https:\/\/www.organisator.ch\/wp-content\/uploads\/2022\/01\/Logo_Organisator_Website.png","width":800,"height":77,"caption":"Organisator"},"image":{"@id":"https:\/\/www.organisator.ch\/#\/schema\/logo\/image\/"},"sameAs":["https:\/\/www.facebook.com\/OrganisatorFachmagazin","https:\/\/www.linkedin.com\/showcase\/organisator-das-magazin-fr-kmu","https:\/\/www.xing.com\/news\/pages\/organisator-ch-695","https:\/\/www.youtube.com\/channel\/UCGP2Sq0iWaZwT3BdIAQFYpw"]},{"@type":"Person","@id":"https:\/\/www.organisator.ch\/#\/schema\/person\/dd8ffea01043c9c41d7718296a158fac","name":"K4-Import","image":{"@type":"ImageObject","inLanguage":"de","@id":"https:\/\/secure.gravatar.com\/avatar\/73620ab7215a54b074cc226514e02ed65cb79211bbaee1eb49b63b57e58aaad6?s=96&d=mm&r=g","url":"https:\/\/secure.gravatar.com\/avatar\/73620ab7215a54b074cc226514e02ed65cb79211bbaee1eb49b63b57e58aaad6?s=96&d=mm&r=g","contentUrl":"https:\/\/secure.gravatar.com\/avatar\/73620ab7215a54b074cc226514e02ed65cb79211bbaee1eb49b63b57e58aaad6?s=96&d=mm&r=g","caption":"K4-Import"},"url":"https:\/\/www.organisator.ch\/de\/author\/k4-import\/"}]}},"_links":{"self":[{"href":"https:\/\/www.organisator.ch\/de\/wp-json\/wp\/v2\/posts\/5389","targetHints":{"allow":["GET"]}}],"collection":[{"href":"https:\/\/www.organisator.ch\/de\/wp-json\/wp\/v2\/posts"}],"about":[{"href":"https:\/\/www.organisator.ch\/de\/wp-json\/wp\/v2\/types\/post"}],"author":[{"embeddable":true,"href":"https:\/\/www.organisator.ch\/de\/wp-json\/wp\/v2\/users\/7"}],"replies":[{"embeddable":true,"href":"https:\/\/www.organisator.ch\/de\/wp-json\/wp\/v2\/comments?post=5389"}],"version-history":[{"count":0,"href":"https:\/\/www.organisator.ch\/de\/wp-json\/wp\/v2\/posts\/5389\/revisions"}],"wp:featuredmedia":[{"embeddable":true,"href":"https:\/\/www.organisator.ch\/de\/wp-json\/wp\/v2\/media\/11428"}],"wp:attachment":[{"href":"https:\/\/www.organisator.ch\/de\/wp-json\/wp\/v2\/media?parent=5389"}],"wp:term":[{"taxonomy":"category","embeddable":true,"href":"https:\/\/www.organisator.ch\/de\/wp-json\/wp\/v2\/categories?post=5389"},{"taxonomy":"post_tag","embeddable":true,"href":"https:\/\/www.organisator.ch\/de\/wp-json\/wp\/v2\/tags?post=5389"}],"curies":[{"name":"wp","href":"https:\/\/api.w.org\/{rel}","templated":true}]}}