{"id":5392,"date":"2019-06-25T13:45:46","date_gmt":"2019-06-25T11:45:46","guid":{"rendered":"https:\/\/www.organisator.ch\/?p=5392"},"modified":"2019-06-25T13:45:46","modified_gmt":"2019-06-25T11:45:46","slug":"die-sicherheit-als-schluesselfaktor-im-digital-workplace","status":"publish","type":"post","link":"https:\/\/www.organisator.ch\/de\/management\/it\/2019-06-25\/die-sicherheit-als-schluesselfaktor-im-digital-workplace\/","title":{"rendered":"Die Sicherheit als Schl\u00fcsselfaktor im Digital Workplace"},"content":{"rendered":"<figure id=\"attachment_5444\" aria-describedby=\"caption-attachment-5444\" style=\"width: 680px\" class=\"wp-caption alignnone\"><img loading=\"lazy\" decoding=\"async\" class=\"size-medium wp-image-5444\" src=\"https:\/\/www.organisator.ch\/wp-content\/uploads\/2019\/06\/Die-Sicherheit-als-Schluesselfaktor-im-Digital-Workplace_Organisator.jpg\" alt=\"\" width=\"680\" height=\"366\" srcset=\"https:\/\/www.organisator.ch\/wp-content\/uploads\/2019\/06\/Die-Sicherheit-als-Schluesselfaktor-im-Digital-Workplace_Organisator.jpg 680w, https:\/\/www.organisator.ch\/wp-content\/uploads\/2019\/06\/Die-Sicherheit-als-Schluesselfaktor-im-Digital-Workplace_Organisator-16x9.jpg 16w, https:\/\/www.organisator.ch\/wp-content\/uploads\/2019\/06\/Die-Sicherheit-als-Schluesselfaktor-im-Digital-Workplace_Organisator-325x175.jpg 325w, https:\/\/www.organisator.ch\/wp-content\/uploads\/2019\/06\/Die-Sicherheit-als-Schluesselfaktor-im-Digital-Workplace_Organisator-650x350.jpg 650w, https:\/\/www.organisator.ch\/wp-content\/uploads\/2019\/06\/Die-Sicherheit-als-Schluesselfaktor-im-Digital-Workplace_Organisator-300x161.jpg 300w\" sizes=\"auto, (max-width: 680px) 100vw, 680px\" \/><figcaption id=\"caption-attachment-5444\" class=\"wp-caption-text\">Beim mobilen Arbeiten ist die Sicherheit als Schl\u00fcsselfaktor zu betrachten. (Bild: Pixabay.com)<\/figcaption><\/figure>\n<p>Mobiles Arbeiten ist in. Viele Mitarbeitende verlagern ihren Schreibtisch im Unternehmen ins Homeoffice und greifen von dort auf die Unternehmensressourcen zu. Wie sieht es mit der IT-Sicherheit aus? Firmendaten sind st\u00e4rker exponiert, die Gefahr von Datenverlusten durch Cyberattacken auf die Unternehmensnetzwerke w\u00e4chst.<\/p>\n<p><strong>IT-Sicherheit aus verschiedenen Blickwinkeln betrachten<\/strong><\/p>\n<p>Nicht nur die Absicherung der Informationskan\u00e4le steht im Zentrum, auch die Sicherung der Informationen und Daten selbst wird immer wichtiger und anspruchsvoller. Je nach Konzept muss man die IT-Sicherheit aus verschiedenen Blickwinkeln betrachten, da jede Technologie eine andere L\u00f6sung bedingt.<\/p>\n<p><strong>Ein gutes Konzept minimiert den Komfortverlust<\/strong><\/p>\n<p>Die IT-Sicherheit ist ein Schieberegler zwischen Komfort und Security. Wenn Sie eine hohe IT-Sicherheit wollen, m\u00fcssen Sie Abstriche beim Nutzerkomfort hinnehmen. Mit einem guten Konzept minimieren Sie den Komfortverlust und erhalten trotzdem eine hohe IT-Sicherheit. Zwei Beispiele:<\/p>\n<ul>\n<li>Im Digital Workplace mit einem Virtual-Desktop-Konzept und Produkten von Citrix verlassen die Daten das Rechenzentrum nicht. Durch den Betrieb der Virtual Desktops im Datacenter ist eine hohe IT-Sicherheit gew\u00e4hrleistet. Dabei kann man sehr genau definieren, wie der Schieberegler zwischen Komfort und Security gestellt wird. Sie entscheiden, unter welchen Umst\u00e4nden Daten vom Virtual Desktop auf Endger\u00e4te heruntergeladen werden k\u00f6nnen. Etwa, wenn Sie im Unternehmensnetzwerk arbeiten oder Sie vom Unternehmenslaptop her zugreifen.<\/li>\n<li>Die IT-Sicherheit gewinnt mit Cloud Work\u00adloads zunehmend an Bedeutung, da Nutzer Services wie Dropbox und Microsoft OneDrive immer st\u00e4rker in den Arbeitsalltag integrieren. Ohne ein Datenhaltungskonzept verteilen sich Ihre Unternehmensdaten zunehmend, ohne dass Sie die Kontrolle dar\u00fcber behalten. Ein gutes Datenhaltungskonzept ist also vor allem bei der Nutzung von Cloud Services unverzichtbar.<\/li>\n<\/ul>\n<p><i>Autor:<br \/>\n<\/i><em>Thomas Bossard ist ICT Architect bei GIA Informatik AG, Peyermattstrasse 3, CH\u00ad-4665 Oftringen. <a href=\"http:\/\/www.gia.ch\/\">www.gia.ch<\/a><\/em><\/p>\n","protected":false},"excerpt":{"rendered":"<p>Mobiles Arbeiten ist in. Viele Mitarbeitende verlagern ihren Schreibtisch im Unternehmen ins Homeoffice und greifen von dort auf die Unternehmensressourcen zu. Wie sieht es mit der IT-Sicherheit aus? Firmendaten sind st\u00e4rker exponiert, die Gefahr von Datenverlusten durch Cyberattacken auf die Unternehmensnetzwerke w\u00e4chst. IT-Sicherheit aus verschiedenen Blickwinkeln betrachten Nicht nur die Absicherung der Informationskan\u00e4le steht im [&hellip;]<\/p>\n","protected":false},"author":7,"featured_media":5444,"comment_status":"open","ping_status":"open","sticky":false,"template":"","format":"standard","meta":{"_acf_changed":false,"_yoast_wpseo_focuskw":"Sicherheit als Schl\u00fcsselfaktor","_yoast_wpseo_metadesc":"Den Digital Workplace einrichten und optimal nutzen: Hinzu kommt die Beachtung der Sicherheit als Schl\u00fcsselfaktor.","articlekey":"","footnotes":""},"categories":[27],"tags":[155,259,289],"class_list":["post-5392","post","type-post","status-publish","format-standard","has-post-thumbnail","hentry","category-it","tag-digital-workplace","tag-ict","tag-it-sicherheit"],"acf":[],"yoast_head":"<!-- This site is optimized with the Yoast SEO plugin v27.4 - https:\/\/yoast.com\/product\/yoast-seo-wordpress\/ -->\n<title>Die Sicherheit als Schl\u00fcsselfaktor im Digital Workplace - Organisator<\/title>\n<meta name=\"description\" content=\"Den Digital Workplace einrichten und optimal nutzen: Hinzu kommt die Beachtung der Sicherheit als Schl\u00fcsselfaktor.\" \/>\n<meta name=\"robots\" content=\"index, follow, max-snippet:-1, max-image-preview:large, max-video-preview:-1\" \/>\n<link rel=\"canonical\" href=\"https:\/\/www.organisator.ch\/de\/management\/it\/2019-06-25\/die-sicherheit-als-schluesselfaktor-im-digital-workplace\/\" \/>\n<meta property=\"og:locale\" content=\"de_DE\" \/>\n<meta property=\"og:type\" content=\"article\" \/>\n<meta property=\"og:title\" content=\"Die Sicherheit als Schl\u00fcsselfaktor im Digital Workplace\" \/>\n<meta property=\"og:description\" content=\"Den Digital Workplace einrichten und optimal nutzen: Hinzu kommt die Beachtung der Sicherheit als Schl\u00fcsselfaktor.\" \/>\n<meta property=\"og:url\" content=\"https:\/\/www.organisator.ch\/de\/management\/it\/2019-06-25\/die-sicherheit-als-schluesselfaktor-im-digital-workplace\/\" \/>\n<meta property=\"og:site_name\" content=\"Organisator\" \/>\n<meta property=\"article:publisher\" content=\"https:\/\/www.facebook.com\/OrganisatorFachmagazin\" \/>\n<meta property=\"article:published_time\" content=\"2019-06-25T11:45:46+00:00\" \/>\n<meta property=\"og:image\" content=\"https:\/\/www.organisator.ch\/wp-content\/uploads\/2019\/06\/Die-Sicherheit-als-Schluesselfaktor-im-Digital-Workplace_Organisator.jpg\" \/>\n\t<meta property=\"og:image:width\" content=\"680\" \/>\n\t<meta property=\"og:image:height\" content=\"366\" \/>\n\t<meta property=\"og:image:type\" content=\"image\/jpeg\" \/>\n<meta name=\"author\" content=\"K4-Import\" \/>\n<meta name=\"twitter:card\" content=\"summary_large_image\" \/>\n<meta name=\"twitter:title\" content=\"Die Sicherheit als #Schl\u00fcsselfaktor im Digital Workplace\" \/>\n<meta name=\"twitter:description\" content=\"Den #DigitalWorkplace einrichten und optimal nutzen: Hinzu kommt die Beachtung der Sicherheit als Schl\u00fcsselfaktor.\" \/>\n<meta name=\"twitter:image\" content=\"https:\/\/www.organisator.ch\/wp-content\/uploads\/2019\/06\/Die-Sicherheit-als-Schl\u00fcsselfaktor-im-Digital-Workplace_Organisator.jpg\" \/>\n<script type=\"application\/ld+json\" class=\"yoast-schema-graph\">{\"@context\":\"https:\\\/\\\/schema.org\",\"@graph\":[{\"@type\":\"Article\",\"@id\":\"https:\\\/\\\/www.organisator.ch\\\/management\\\/it\\\/2019-06-25\\\/die-sicherheit-als-schluesselfaktor-im-digital-workplace\\\/#article\",\"isPartOf\":{\"@id\":\"https:\\\/\\\/www.organisator.ch\\\/management\\\/it\\\/2019-06-25\\\/die-sicherheit-als-schluesselfaktor-im-digital-workplace\\\/\"},\"author\":{\"name\":\"K4-Import\",\"@id\":\"https:\\\/\\\/www.organisator.ch\\\/#\\\/schema\\\/person\\\/dd8ffea01043c9c41d7718296a158fac\"},\"headline\":\"Die Sicherheit als Schl\u00fcsselfaktor im Digital Workplace\",\"datePublished\":\"2019-06-25T11:45:46+00:00\",\"mainEntityOfPage\":{\"@id\":\"https:\\\/\\\/www.organisator.ch\\\/management\\\/it\\\/2019-06-25\\\/die-sicherheit-als-schluesselfaktor-im-digital-workplace\\\/\"},\"wordCount\":310,\"commentCount\":0,\"publisher\":{\"@id\":\"https:\\\/\\\/www.organisator.ch\\\/#organization\"},\"image\":{\"@id\":\"https:\\\/\\\/www.organisator.ch\\\/management\\\/it\\\/2019-06-25\\\/die-sicherheit-als-schluesselfaktor-im-digital-workplace\\\/#primaryimage\"},\"thumbnailUrl\":\"https:\\\/\\\/www.organisator.ch\\\/wp-content\\\/uploads\\\/2019\\\/06\\\/Die-Sicherheit-als-Schluesselfaktor-im-Digital-Workplace_Organisator.jpg\",\"keywords\":[\"Digital Workplace\",\"ICT\",\"IT-Sicherheit\"],\"articleSection\":[\"IT\"],\"inLanguage\":\"de\"},{\"@type\":\"WebPage\",\"@id\":\"https:\\\/\\\/www.organisator.ch\\\/management\\\/it\\\/2019-06-25\\\/die-sicherheit-als-schluesselfaktor-im-digital-workplace\\\/\",\"url\":\"https:\\\/\\\/www.organisator.ch\\\/management\\\/it\\\/2019-06-25\\\/die-sicherheit-als-schluesselfaktor-im-digital-workplace\\\/\",\"name\":\"Die Sicherheit als Schl\u00fcsselfaktor im Digital Workplace - Organisator\",\"isPartOf\":{\"@id\":\"https:\\\/\\\/www.organisator.ch\\\/#website\"},\"primaryImageOfPage\":{\"@id\":\"https:\\\/\\\/www.organisator.ch\\\/management\\\/it\\\/2019-06-25\\\/die-sicherheit-als-schluesselfaktor-im-digital-workplace\\\/#primaryimage\"},\"image\":{\"@id\":\"https:\\\/\\\/www.organisator.ch\\\/management\\\/it\\\/2019-06-25\\\/die-sicherheit-als-schluesselfaktor-im-digital-workplace\\\/#primaryimage\"},\"thumbnailUrl\":\"https:\\\/\\\/www.organisator.ch\\\/wp-content\\\/uploads\\\/2019\\\/06\\\/Die-Sicherheit-als-Schluesselfaktor-im-Digital-Workplace_Organisator.jpg\",\"datePublished\":\"2019-06-25T11:45:46+00:00\",\"description\":\"Den Digital Workplace einrichten und optimal nutzen: Hinzu kommt die Beachtung der Sicherheit als Schl\u00fcsselfaktor.\",\"breadcrumb\":{\"@id\":\"https:\\\/\\\/www.organisator.ch\\\/management\\\/it\\\/2019-06-25\\\/die-sicherheit-als-schluesselfaktor-im-digital-workplace\\\/#breadcrumb\"},\"inLanguage\":\"de\",\"potentialAction\":[{\"@type\":\"ReadAction\",\"target\":[\"https:\\\/\\\/www.organisator.ch\\\/management\\\/it\\\/2019-06-25\\\/die-sicherheit-als-schluesselfaktor-im-digital-workplace\\\/\"]}]},{\"@type\":\"ImageObject\",\"inLanguage\":\"de\",\"@id\":\"https:\\\/\\\/www.organisator.ch\\\/management\\\/it\\\/2019-06-25\\\/die-sicherheit-als-schluesselfaktor-im-digital-workplace\\\/#primaryimage\",\"url\":\"https:\\\/\\\/www.organisator.ch\\\/wp-content\\\/uploads\\\/2019\\\/06\\\/Die-Sicherheit-als-Schluesselfaktor-im-Digital-Workplace_Organisator.jpg\",\"contentUrl\":\"https:\\\/\\\/www.organisator.ch\\\/wp-content\\\/uploads\\\/2019\\\/06\\\/Die-Sicherheit-als-Schluesselfaktor-im-Digital-Workplace_Organisator.jpg\",\"width\":680,\"height\":366,\"caption\":\"Beim mobilen Arbeiten ist die Sicherheit als Schl\u00fcsselfaktor zu betrachten. (Bild: Pixabay.com)\"},{\"@type\":\"BreadcrumbList\",\"@id\":\"https:\\\/\\\/www.organisator.ch\\\/management\\\/it\\\/2019-06-25\\\/die-sicherheit-als-schluesselfaktor-im-digital-workplace\\\/#breadcrumb\",\"itemListElement\":[{\"@type\":\"ListItem\",\"position\":1,\"name\":\"Home\",\"item\":\"https:\\\/\\\/www.organisator.ch\\\/\"},{\"@type\":\"ListItem\",\"position\":2,\"name\":\"Die Sicherheit als Schl\u00fcsselfaktor im Digital Workplace\"}]},{\"@type\":\"WebSite\",\"@id\":\"https:\\\/\\\/www.organisator.ch\\\/#website\",\"url\":\"https:\\\/\\\/www.organisator.ch\\\/\",\"name\":\"Organisator\",\"description\":\"Kompetent. Praxisnah. Der ORGANISATOR bereitet in 10 Ausgaben pro Jahr die wesentlichen Themen f\u00fcr F\u00fchrungskr\u00e4fte von KMU auf.\",\"publisher\":{\"@id\":\"https:\\\/\\\/www.organisator.ch\\\/#organization\"},\"potentialAction\":[{\"@type\":\"SearchAction\",\"target\":{\"@type\":\"EntryPoint\",\"urlTemplate\":\"https:\\\/\\\/www.organisator.ch\\\/?s={search_term_string}\"},\"query-input\":{\"@type\":\"PropertyValueSpecification\",\"valueRequired\":true,\"valueName\":\"search_term_string\"}}],\"inLanguage\":\"de\"},{\"@type\":\"Organization\",\"@id\":\"https:\\\/\\\/www.organisator.ch\\\/#organization\",\"name\":\"Organisator\",\"url\":\"https:\\\/\\\/www.organisator.ch\\\/\",\"logo\":{\"@type\":\"ImageObject\",\"inLanguage\":\"de\",\"@id\":\"https:\\\/\\\/www.organisator.ch\\\/#\\\/schema\\\/logo\\\/image\\\/\",\"url\":\"https:\\\/\\\/www.organisator.ch\\\/wp-content\\\/uploads\\\/2022\\\/01\\\/Logo_Organisator_Website.png\",\"contentUrl\":\"https:\\\/\\\/www.organisator.ch\\\/wp-content\\\/uploads\\\/2022\\\/01\\\/Logo_Organisator_Website.png\",\"width\":800,\"height\":77,\"caption\":\"Organisator\"},\"image\":{\"@id\":\"https:\\\/\\\/www.organisator.ch\\\/#\\\/schema\\\/logo\\\/image\\\/\"},\"sameAs\":[\"https:\\\/\\\/www.facebook.com\\\/OrganisatorFachmagazin\",\"https:\\\/\\\/www.linkedin.com\\\/showcase\\\/organisator-das-magazin-fr-kmu\",\"https:\\\/\\\/www.xing.com\\\/news\\\/pages\\\/organisator-ch-695\",\"https:\\\/\\\/www.youtube.com\\\/channel\\\/UCGP2Sq0iWaZwT3BdIAQFYpw\"]},{\"@type\":\"Person\",\"@id\":\"https:\\\/\\\/www.organisator.ch\\\/#\\\/schema\\\/person\\\/dd8ffea01043c9c41d7718296a158fac\",\"name\":\"K4-Import\",\"image\":{\"@type\":\"ImageObject\",\"inLanguage\":\"de\",\"@id\":\"https:\\\/\\\/secure.gravatar.com\\\/avatar\\\/73620ab7215a54b074cc226514e02ed65cb79211bbaee1eb49b63b57e58aaad6?s=96&d=mm&r=g\",\"url\":\"https:\\\/\\\/secure.gravatar.com\\\/avatar\\\/73620ab7215a54b074cc226514e02ed65cb79211bbaee1eb49b63b57e58aaad6?s=96&d=mm&r=g\",\"contentUrl\":\"https:\\\/\\\/secure.gravatar.com\\\/avatar\\\/73620ab7215a54b074cc226514e02ed65cb79211bbaee1eb49b63b57e58aaad6?s=96&d=mm&r=g\",\"caption\":\"K4-Import\"},\"url\":\"https:\\\/\\\/www.organisator.ch\\\/de\\\/author\\\/k4-import\\\/\"}]}<\/script>\n<!-- \/ Yoast SEO plugin. -->","yoast_head_json":{"title":"Die Sicherheit als Schl\u00fcsselfaktor im Digital Workplace - Organisator","description":"Den Digital Workplace einrichten und optimal nutzen: Hinzu kommt die Beachtung der Sicherheit als Schl\u00fcsselfaktor.","robots":{"index":"index","follow":"follow","max-snippet":"max-snippet:-1","max-image-preview":"max-image-preview:large","max-video-preview":"max-video-preview:-1"},"canonical":"https:\/\/www.organisator.ch\/de\/management\/it\/2019-06-25\/die-sicherheit-als-schluesselfaktor-im-digital-workplace\/","og_locale":"de_DE","og_type":"article","og_title":"Die Sicherheit als Schl\u00fcsselfaktor im Digital Workplace","og_description":"Den Digital Workplace einrichten und optimal nutzen: Hinzu kommt die Beachtung der Sicherheit als Schl\u00fcsselfaktor.","og_url":"https:\/\/www.organisator.ch\/de\/management\/it\/2019-06-25\/die-sicherheit-als-schluesselfaktor-im-digital-workplace\/","og_site_name":"Organisator","article_publisher":"https:\/\/www.facebook.com\/OrganisatorFachmagazin","article_published_time":"2019-06-25T11:45:46+00:00","og_image":[{"width":680,"height":366,"url":"https:\/\/www.organisator.ch\/wp-content\/uploads\/2019\/06\/Die-Sicherheit-als-Schluesselfaktor-im-Digital-Workplace_Organisator.jpg","type":"image\/jpeg"}],"author":"K4-Import","twitter_card":"summary_large_image","twitter_title":"Die Sicherheit als #Schl\u00fcsselfaktor im Digital Workplace","twitter_description":"Den #DigitalWorkplace einrichten und optimal nutzen: Hinzu kommt die Beachtung der Sicherheit als Schl\u00fcsselfaktor.","twitter_image":"https:\/\/www.organisator.ch\/wp-content\/uploads\/2019\/06\/Die-Sicherheit-als-Schl\u00fcsselfaktor-im-Digital-Workplace_Organisator.jpg","schema":{"@context":"https:\/\/schema.org","@graph":[{"@type":"Article","@id":"https:\/\/www.organisator.ch\/management\/it\/2019-06-25\/die-sicherheit-als-schluesselfaktor-im-digital-workplace\/#article","isPartOf":{"@id":"https:\/\/www.organisator.ch\/management\/it\/2019-06-25\/die-sicherheit-als-schluesselfaktor-im-digital-workplace\/"},"author":{"name":"K4-Import","@id":"https:\/\/www.organisator.ch\/#\/schema\/person\/dd8ffea01043c9c41d7718296a158fac"},"headline":"Die Sicherheit als Schl\u00fcsselfaktor im Digital Workplace","datePublished":"2019-06-25T11:45:46+00:00","mainEntityOfPage":{"@id":"https:\/\/www.organisator.ch\/management\/it\/2019-06-25\/die-sicherheit-als-schluesselfaktor-im-digital-workplace\/"},"wordCount":310,"commentCount":0,"publisher":{"@id":"https:\/\/www.organisator.ch\/#organization"},"image":{"@id":"https:\/\/www.organisator.ch\/management\/it\/2019-06-25\/die-sicherheit-als-schluesselfaktor-im-digital-workplace\/#primaryimage"},"thumbnailUrl":"https:\/\/www.organisator.ch\/wp-content\/uploads\/2019\/06\/Die-Sicherheit-als-Schluesselfaktor-im-Digital-Workplace_Organisator.jpg","keywords":["Digital Workplace","ICT","IT-Sicherheit"],"articleSection":["IT"],"inLanguage":"de"},{"@type":"WebPage","@id":"https:\/\/www.organisator.ch\/management\/it\/2019-06-25\/die-sicherheit-als-schluesselfaktor-im-digital-workplace\/","url":"https:\/\/www.organisator.ch\/management\/it\/2019-06-25\/die-sicherheit-als-schluesselfaktor-im-digital-workplace\/","name":"Die Sicherheit als Schl\u00fcsselfaktor im Digital Workplace - Organisator","isPartOf":{"@id":"https:\/\/www.organisator.ch\/#website"},"primaryImageOfPage":{"@id":"https:\/\/www.organisator.ch\/management\/it\/2019-06-25\/die-sicherheit-als-schluesselfaktor-im-digital-workplace\/#primaryimage"},"image":{"@id":"https:\/\/www.organisator.ch\/management\/it\/2019-06-25\/die-sicherheit-als-schluesselfaktor-im-digital-workplace\/#primaryimage"},"thumbnailUrl":"https:\/\/www.organisator.ch\/wp-content\/uploads\/2019\/06\/Die-Sicherheit-als-Schluesselfaktor-im-Digital-Workplace_Organisator.jpg","datePublished":"2019-06-25T11:45:46+00:00","description":"Den Digital Workplace einrichten und optimal nutzen: Hinzu kommt die Beachtung der Sicherheit als Schl\u00fcsselfaktor.","breadcrumb":{"@id":"https:\/\/www.organisator.ch\/management\/it\/2019-06-25\/die-sicherheit-als-schluesselfaktor-im-digital-workplace\/#breadcrumb"},"inLanguage":"de","potentialAction":[{"@type":"ReadAction","target":["https:\/\/www.organisator.ch\/management\/it\/2019-06-25\/die-sicherheit-als-schluesselfaktor-im-digital-workplace\/"]}]},{"@type":"ImageObject","inLanguage":"de","@id":"https:\/\/www.organisator.ch\/management\/it\/2019-06-25\/die-sicherheit-als-schluesselfaktor-im-digital-workplace\/#primaryimage","url":"https:\/\/www.organisator.ch\/wp-content\/uploads\/2019\/06\/Die-Sicherheit-als-Schluesselfaktor-im-Digital-Workplace_Organisator.jpg","contentUrl":"https:\/\/www.organisator.ch\/wp-content\/uploads\/2019\/06\/Die-Sicherheit-als-Schluesselfaktor-im-Digital-Workplace_Organisator.jpg","width":680,"height":366,"caption":"Beim mobilen Arbeiten ist die Sicherheit als Schl\u00fcsselfaktor zu betrachten. (Bild: Pixabay.com)"},{"@type":"BreadcrumbList","@id":"https:\/\/www.organisator.ch\/management\/it\/2019-06-25\/die-sicherheit-als-schluesselfaktor-im-digital-workplace\/#breadcrumb","itemListElement":[{"@type":"ListItem","position":1,"name":"Home","item":"https:\/\/www.organisator.ch\/"},{"@type":"ListItem","position":2,"name":"Die Sicherheit als Schl\u00fcsselfaktor im Digital Workplace"}]},{"@type":"WebSite","@id":"https:\/\/www.organisator.ch\/#website","url":"https:\/\/www.organisator.ch\/","name":"Organisator","description":"Kompetent. Praxisnah. Der ORGANISATOR bereitet in 10 Ausgaben pro Jahr die wesentlichen Themen f\u00fcr F\u00fchrungskr\u00e4fte von KMU auf.","publisher":{"@id":"https:\/\/www.organisator.ch\/#organization"},"potentialAction":[{"@type":"SearchAction","target":{"@type":"EntryPoint","urlTemplate":"https:\/\/www.organisator.ch\/?s={search_term_string}"},"query-input":{"@type":"PropertyValueSpecification","valueRequired":true,"valueName":"search_term_string"}}],"inLanguage":"de"},{"@type":"Organization","@id":"https:\/\/www.organisator.ch\/#organization","name":"Organisator","url":"https:\/\/www.organisator.ch\/","logo":{"@type":"ImageObject","inLanguage":"de","@id":"https:\/\/www.organisator.ch\/#\/schema\/logo\/image\/","url":"https:\/\/www.organisator.ch\/wp-content\/uploads\/2022\/01\/Logo_Organisator_Website.png","contentUrl":"https:\/\/www.organisator.ch\/wp-content\/uploads\/2022\/01\/Logo_Organisator_Website.png","width":800,"height":77,"caption":"Organisator"},"image":{"@id":"https:\/\/www.organisator.ch\/#\/schema\/logo\/image\/"},"sameAs":["https:\/\/www.facebook.com\/OrganisatorFachmagazin","https:\/\/www.linkedin.com\/showcase\/organisator-das-magazin-fr-kmu","https:\/\/www.xing.com\/news\/pages\/organisator-ch-695","https:\/\/www.youtube.com\/channel\/UCGP2Sq0iWaZwT3BdIAQFYpw"]},{"@type":"Person","@id":"https:\/\/www.organisator.ch\/#\/schema\/person\/dd8ffea01043c9c41d7718296a158fac","name":"K4-Import","image":{"@type":"ImageObject","inLanguage":"de","@id":"https:\/\/secure.gravatar.com\/avatar\/73620ab7215a54b074cc226514e02ed65cb79211bbaee1eb49b63b57e58aaad6?s=96&d=mm&r=g","url":"https:\/\/secure.gravatar.com\/avatar\/73620ab7215a54b074cc226514e02ed65cb79211bbaee1eb49b63b57e58aaad6?s=96&d=mm&r=g","contentUrl":"https:\/\/secure.gravatar.com\/avatar\/73620ab7215a54b074cc226514e02ed65cb79211bbaee1eb49b63b57e58aaad6?s=96&d=mm&r=g","caption":"K4-Import"},"url":"https:\/\/www.organisator.ch\/de\/author\/k4-import\/"}]}},"_links":{"self":[{"href":"https:\/\/www.organisator.ch\/de\/wp-json\/wp\/v2\/posts\/5392","targetHints":{"allow":["GET"]}}],"collection":[{"href":"https:\/\/www.organisator.ch\/de\/wp-json\/wp\/v2\/posts"}],"about":[{"href":"https:\/\/www.organisator.ch\/de\/wp-json\/wp\/v2\/types\/post"}],"author":[{"embeddable":true,"href":"https:\/\/www.organisator.ch\/de\/wp-json\/wp\/v2\/users\/7"}],"replies":[{"embeddable":true,"href":"https:\/\/www.organisator.ch\/de\/wp-json\/wp\/v2\/comments?post=5392"}],"version-history":[{"count":0,"href":"https:\/\/www.organisator.ch\/de\/wp-json\/wp\/v2\/posts\/5392\/revisions"}],"wp:featuredmedia":[{"embeddable":true,"href":"https:\/\/www.organisator.ch\/de\/wp-json\/wp\/v2\/media\/5444"}],"wp:attachment":[{"href":"https:\/\/www.organisator.ch\/de\/wp-json\/wp\/v2\/media?parent=5392"}],"wp:term":[{"taxonomy":"category","embeddable":true,"href":"https:\/\/www.organisator.ch\/de\/wp-json\/wp\/v2\/categories?post=5392"},{"taxonomy":"post_tag","embeddable":true,"href":"https:\/\/www.organisator.ch\/de\/wp-json\/wp\/v2\/tags?post=5392"}],"curies":[{"name":"wp","href":"https:\/\/api.w.org\/{rel}","templated":true}]}}