{"id":5398,"date":"2019-06-14T08:41:08","date_gmt":"2019-06-14T06:41:08","guid":{"rendered":"https:\/\/www.organisator.ch\/?p=5398"},"modified":"2019-06-14T08:41:08","modified_gmt":"2019-06-14T06:41:08","slug":"startfeld-innovationsforum-gipfeltreffen-fuer-gruender-innovatoren-und-kmu","status":"publish","type":"post","link":"https:\/\/www.organisator.ch\/de\/allgemein\/2019-06-14\/startfeld-innovationsforum-gipfeltreffen-fuer-gruender-innovatoren-und-kmu\/","title":{"rendered":"Startfeld Innovationsforum: Gipfeltreffen f\u00fcr Gr\u00fcnder, Innovatoren und KMU"},"content":{"rendered":"<figure id=\"attachment_5399\" aria-describedby=\"caption-attachment-5399\" style=\"width: 680px\" class=\"wp-caption alignnone\"><img loading=\"lazy\" decoding=\"async\" class=\"size-medium wp-image-5399\" src=\"https:\/\/www.organisator.ch\/wp-content\/uploads\/2019\/06\/Startfeld-Innovationsforum-Gipfeltreffen-fuer-Gruender-Innovatoren-und-KMU_Organisator.jpg\" alt=\"\" width=\"680\" height=\"473\" srcset=\"https:\/\/www.organisator.ch\/wp-content\/uploads\/2019\/06\/Startfeld-Innovationsforum-Gipfeltreffen-fuer-Gruender-Innovatoren-und-KMU_Organisator.jpg 680w, https:\/\/www.organisator.ch\/wp-content\/uploads\/2019\/06\/Startfeld-Innovationsforum-Gipfeltreffen-fuer-Gruender-Innovatoren-und-KMU_Organisator-16x12.jpg 16w, https:\/\/www.organisator.ch\/wp-content\/uploads\/2019\/06\/Startfeld-Innovationsforum-Gipfeltreffen-fuer-Gruender-Innovatoren-und-KMU_Organisator-252x175.jpg 252w, https:\/\/www.organisator.ch\/wp-content\/uploads\/2019\/06\/Startfeld-Innovationsforum-Gipfeltreffen-fuer-Gruender-Innovatoren-und-KMU_Organisator-503x350.jpg 503w, https:\/\/www.organisator.ch\/wp-content\/uploads\/2019\/06\/Startfeld-Innovationsforum-Gipfeltreffen-fuer-Gruender-Innovatoren-und-KMU_Organisator-300x209.jpg 300w\" sizes=\"auto, (max-width: 680px) 100vw, 680px\" \/><figcaption id=\"caption-attachment-5399\" class=\"wp-caption-text\">Am diesj\u00e4hrigen Startfeld Innovationsforum trafen sich rund 200 Gr\u00fcnder, Innovatoren und Vertreter von KMU. (Bild: zVg \/ Startfeld)<\/figcaption><\/figure>\n<p>Datennutzung ist in aller Munde. Welche Auswirkungen dies auf KMU, Startups und die Gesellschaft haben wird, wurde am Startfeld Innovationsforum vom 13. Juni 2019 thematisiert. <span style=\"display: inline !important; float: none; background-color: transparent; color: #333333; cursor: text; font-family: Georgia,'Times New Roman','Bitstream Charter',Times,serif; font-size: 16px; font-style: normal; font-variant: normal; font-weight: 400; letter-spacing: normal; orphans: 2; text-align: left; text-decoration: none; text-indent: 0px; text-transform: none; -webkit-text-stroke-width: 0px; white-space: normal; word-spacing: 0px;\"> Startfeld nennt sich das Netzwerk f\u00fcr Innovationen und Startups rund um den S\u00e4ntis. In allen Phasen der Innovation unterst\u00fctzt Startfeld ambitionierte Gr\u00fcnderinnen und Gr\u00fcnder sowie etablierte KMU, die offen f\u00fcr Impulse sind und Neues vorantreiben. Die Tr\u00e4ger von Startfeld sind die Empa, die Fachhochschule St.Gallen, die Stadt St.Gallen, die St.Galler Kantonalbank sowie die Universit\u00e4t St.Gallen.<\/span><\/p>\n<h2>Jagd nach Daten&#8230;<\/h2>\n<p>Am diesj\u00e4hrigen Startfeld Innovationsforum haben hochkar\u00e4tige Speaker Themen wie die Entstehung eines Drohnenkompetenzzentrums in St.Gallen, die Rolle von Internet of Things (IoT) in KMU, Automatisierung von Prozessen durch Big Data oder die Freilegung von Unternehmenspotenziale durch K\u00fcnstliche Intelligenz (KI) in den Fokus gestellt. Das Programm beinhaltete erg\u00e4nzend zu den Referaten anwendungsorientierte Workshops. Somit konnten die Teilnehmenden am Startfeld Innovationsforum nicht nur Daten jagen und sammeln, sondern auch einen m\u00f6glichst grossen Nutzen daraus ziehen.<\/p>\n<h2><strong>Am Puls der Zeit<\/strong><\/h2>\n<p>Das Startfeld Innovationsforum wurde wiederum von der Enterprise Development Group (EDG) und dem St.Galler Innovationsnetzwerk Startfeld organisiert. Dr. Cornelia Gut-Villa zeigt sich erfreut: \u00abWir haben bei der diesj\u00e4hrigen Durchf\u00fchrung einen neuen Besucherrekord erreicht. Das Tagungsthema besch\u00e4ftigt sowohl F\u00fchrungskr\u00e4fte aus KMU wie auch Innovatoren und Gr\u00fcnder. Es freut uns sehr, dass sich Startfeld zu einer Community entwickelt hat, wo sich Gr\u00fcnder, Kreative und Unternehmer treffen, um an L\u00f6sungen f\u00fcr die Zukunft zu arbeiten.\u00bb<\/p>\n<h2><strong>Fehler zum Lernen nicht selbst begehen<\/strong><\/h2>\n<p>Der mit seinen humorvoll-satirisch-kritisch unverbl\u00fcmten Reden und B\u00fccher bekannte Prof. Dr. Gunter Dueck, Autor, Mathematiker, Philosoph und Ex-IBM CTO pr\u00e4sentierte kurz vor Schluss des Startfeld Innovationsforums eigene \u00dcberraschungs-Crashs. Er hatte die richtigen Daten und Erkenntnisse, aber keiner wollte sie. Daher pl\u00e4dierte er f\u00fcr Training, Coaching und Mentoring f\u00fcr Innovatoren. Laut Dueck wissen oder beherzigen viele Innovatoren nicht, dass Fehler zum Lernen nicht grunds\u00e4tzlich selbst begangen werden m\u00fcssen. Dueck zog mit dem Speech die Teilnehmenden in seinen Bann.<\/p>\n<h2><strong>Weltver\u00e4nderung durch Web 3.0<\/strong><\/h2>\n<p>Insgesamt sieben Workshops wurden am Nachmittag zu praxisnahen Themen abgehalten. Workshopleiterin Bettina Hein hat erfolgreich mehrere Unternehmen in der Softwarebranche gegr\u00fcndet und lebte bis vor einem Jahr in Boston bevor sie zur\u00fcck nach St.Gallen kehrte. Die Mitgr\u00fcnderin von START Global, welche den START Summit organisiert, brachte den Teilnehmenden in ihrem Workshop Berners-Lee Open Source Framework namens \u00abSolid\u00bb n\u00e4her. Dies gibt den Internetnutzern die Kontrolle \u00fcber ihre Daten zur\u00fcck und durchbricht die Datensilos.<\/p>\n<p>Das n\u00e4chste Startfeld Innovationsforum findet am 4. Juni 2020 statt.<\/p>\n<p><em>Quelle und weitere Informationen: <a href=\"http:\/\/www.startfeld.ch\">Startfeld<\/a><\/em><\/p>\n","protected":false},"excerpt":{"rendered":"<p>Datennutzung ist in aller Munde. Welche Auswirkungen dies auf KMU, Startups und die Gesellschaft haben wird, wurde am Startfeld Innovationsforum vom 13. Juni 2019 thematisiert. Startfeld nennt sich das Netzwerk f\u00fcr Innovationen und Startups rund um den S\u00e4ntis. In allen Phasen der Innovation unterst\u00fctzt Startfeld ambitionierte Gr\u00fcnderinnen und Gr\u00fcnder sowie etablierte KMU, die offen f\u00fcr [&hellip;]<\/p>\n","protected":false},"author":4,"featured_media":5399,"comment_status":"open","ping_status":"open","sticky":false,"template":"","format":"standard","meta":{"_acf_changed":false,"_yoast_wpseo_focuskw":"Startfeld Innovationsforum","_yoast_wpseo_metadesc":"Das Startfeld Innovationsforum hat mit rund 200 Teilnehmenden zum dritten Mal in Folge erfolgreich in St.Gallen stattgefunden.","articlekey":"","footnotes":""},"categories":[1],"tags":[156,193,335,451],"class_list":["post-5398","post","type-post","status-publish","format-standard","has-post-thumbnail","hentry","category-allgemein","tag-digitalisierung","tag-fachkongressfachmesse","tag-management-und-unternehmensfuehrung","tag-startups"],"acf":[],"yoast_head":"<!-- This site is optimized with the Yoast SEO plugin v27.5 - https:\/\/yoast.com\/product\/yoast-seo-wordpress\/ -->\n<title>Startfeld Innovationsforum: Gipfeltreffen f\u00fcr Gr\u00fcnder, Innovatoren und KMU - Organisator<\/title>\n<meta name=\"description\" content=\"Das Startfeld Innovationsforum hat mit rund 200 Teilnehmenden zum dritten Mal in Folge erfolgreich in St.Gallen stattgefunden.\" \/>\n<meta name=\"robots\" content=\"index, follow, max-snippet:-1, max-image-preview:large, max-video-preview:-1\" \/>\n<link rel=\"canonical\" href=\"https:\/\/www.organisator.ch\/de\/allgemein\/2019-06-14\/startfeld-innovationsforum-gipfeltreffen-fuer-gruender-innovatoren-und-kmu\/\" \/>\n<meta property=\"og:locale\" content=\"de_DE\" \/>\n<meta property=\"og:type\" content=\"article\" \/>\n<meta property=\"og:title\" content=\"Startfeld Innovationsforum: Gipfeltreffen f\u00fcr Gr\u00fcnder, Innovatoren und KMU\" \/>\n<meta property=\"og:description\" content=\"Das Startfeld Innovationsforum hat mit rund 200 Teilnehmenden zum dritten Mal in Folge erfolgreich in St.Gallen stattgefunden\" \/>\n<meta property=\"og:url\" content=\"https:\/\/www.organisator.ch\/de\/allgemein\/2019-06-14\/startfeld-innovationsforum-gipfeltreffen-fuer-gruender-innovatoren-und-kmu\/\" \/>\n<meta property=\"og:site_name\" content=\"Organisator\" \/>\n<meta property=\"article:publisher\" content=\"https:\/\/www.facebook.com\/OrganisatorFachmagazin\" \/>\n<meta property=\"article:published_time\" content=\"2019-06-14T06:41:08+00:00\" \/>\n<meta property=\"og:image\" content=\"https:\/\/www.organisator.ch\/wp-content\/uploads\/2019\/06\/Startfeld-Innovationsforum-Gipfeltreffen-fuer-Gruender-Innovatoren-und-KMU_Organisator.jpg\" \/>\n\t<meta property=\"og:image:width\" content=\"680\" \/>\n\t<meta property=\"og:image:height\" content=\"473\" \/>\n\t<meta property=\"og:image:type\" content=\"image\/jpeg\" \/>\n<meta name=\"author\" content=\"thomas.berner\" \/>\n<meta name=\"twitter:card\" content=\"summary_large_image\" \/>\n<meta name=\"twitter:title\" content=\"#Startfeld #Innovationsforum: Gipfeltreffen f\u00fcr Gr\u00fcnder, Innovatoren und KMU\" \/>\n<meta name=\"twitter:description\" content=\"Das #Startfeld #Innovationsforum hat mit rund 200 Teilnehmenden zum dritten Mal in Folge erfolgreich in St.Gallen stattgefunden\" \/>\n<meta name=\"twitter:image\" content=\"https:\/\/www.organisator.ch\/wp-content\/uploads\/2019\/06\/Startfeld-Innovationsforum-Gipfeltreffen-f\u00fcr-Gr\u00fcnder-Innovatoren-und-KMU_Organisator.jpg\" \/>\n<script type=\"application\/ld+json\" class=\"yoast-schema-graph\">{\"@context\":\"https:\\\/\\\/schema.org\",\"@graph\":[{\"@type\":\"Article\",\"@id\":\"https:\\\/\\\/www.organisator.ch\\\/de\\\/allgemein\\\/2019-06-14\\\/startfeld-innovationsforum-gipfeltreffen-fuer-gruender-innovatoren-und-kmu\\\/#article\",\"isPartOf\":{\"@id\":\"https:\\\/\\\/www.organisator.ch\\\/de\\\/allgemein\\\/2019-06-14\\\/startfeld-innovationsforum-gipfeltreffen-fuer-gruender-innovatoren-und-kmu\\\/\"},\"author\":{\"name\":\"thomas.berner\",\"@id\":\"https:\\\/\\\/www.organisator.ch\\\/#\\\/schema\\\/person\\\/6f650f90b2842cd4c0cc334b4e36f67e\"},\"headline\":\"Startfeld Innovationsforum: Gipfeltreffen f\u00fcr Gr\u00fcnder, Innovatoren und KMU\",\"datePublished\":\"2019-06-14T06:41:08+00:00\",\"mainEntityOfPage\":{\"@id\":\"https:\\\/\\\/www.organisator.ch\\\/de\\\/allgemein\\\/2019-06-14\\\/startfeld-innovationsforum-gipfeltreffen-fuer-gruender-innovatoren-und-kmu\\\/\"},\"wordCount\":480,\"commentCount\":0,\"publisher\":{\"@id\":\"https:\\\/\\\/www.organisator.ch\\\/#organization\"},\"image\":{\"@id\":\"https:\\\/\\\/www.organisator.ch\\\/de\\\/allgemein\\\/2019-06-14\\\/startfeld-innovationsforum-gipfeltreffen-fuer-gruender-innovatoren-und-kmu\\\/#primaryimage\"},\"thumbnailUrl\":\"https:\\\/\\\/www.organisator.ch\\\/wp-content\\\/uploads\\\/2019\\\/06\\\/Startfeld-Innovationsforum-Gipfeltreffen-fuer-Gruender-Innovatoren-und-KMU_Organisator.jpg\",\"keywords\":[\"Digitalisierung\",\"Fachkongress\\\/Fachmesse\",\"Management und Unternehmensf\u00fchrung\",\"Startups\"],\"inLanguage\":\"de\"},{\"@type\":\"WebPage\",\"@id\":\"https:\\\/\\\/www.organisator.ch\\\/de\\\/allgemein\\\/2019-06-14\\\/startfeld-innovationsforum-gipfeltreffen-fuer-gruender-innovatoren-und-kmu\\\/\",\"url\":\"https:\\\/\\\/www.organisator.ch\\\/de\\\/allgemein\\\/2019-06-14\\\/startfeld-innovationsforum-gipfeltreffen-fuer-gruender-innovatoren-und-kmu\\\/\",\"name\":\"Startfeld Innovationsforum: Gipfeltreffen f\u00fcr Gr\u00fcnder, Innovatoren und KMU - Organisator\",\"isPartOf\":{\"@id\":\"https:\\\/\\\/www.organisator.ch\\\/#website\"},\"primaryImageOfPage\":{\"@id\":\"https:\\\/\\\/www.organisator.ch\\\/de\\\/allgemein\\\/2019-06-14\\\/startfeld-innovationsforum-gipfeltreffen-fuer-gruender-innovatoren-und-kmu\\\/#primaryimage\"},\"image\":{\"@id\":\"https:\\\/\\\/www.organisator.ch\\\/de\\\/allgemein\\\/2019-06-14\\\/startfeld-innovationsforum-gipfeltreffen-fuer-gruender-innovatoren-und-kmu\\\/#primaryimage\"},\"thumbnailUrl\":\"https:\\\/\\\/www.organisator.ch\\\/wp-content\\\/uploads\\\/2019\\\/06\\\/Startfeld-Innovationsforum-Gipfeltreffen-fuer-Gruender-Innovatoren-und-KMU_Organisator.jpg\",\"datePublished\":\"2019-06-14T06:41:08+00:00\",\"description\":\"Das Startfeld Innovationsforum hat mit rund 200 Teilnehmenden zum dritten Mal in Folge erfolgreich in St.Gallen stattgefunden.\",\"breadcrumb\":{\"@id\":\"https:\\\/\\\/www.organisator.ch\\\/de\\\/allgemein\\\/2019-06-14\\\/startfeld-innovationsforum-gipfeltreffen-fuer-gruender-innovatoren-und-kmu\\\/#breadcrumb\"},\"inLanguage\":\"de\",\"potentialAction\":[{\"@type\":\"ReadAction\",\"target\":[\"https:\\\/\\\/www.organisator.ch\\\/de\\\/allgemein\\\/2019-06-14\\\/startfeld-innovationsforum-gipfeltreffen-fuer-gruender-innovatoren-und-kmu\\\/\"]}]},{\"@type\":\"ImageObject\",\"inLanguage\":\"de\",\"@id\":\"https:\\\/\\\/www.organisator.ch\\\/de\\\/allgemein\\\/2019-06-14\\\/startfeld-innovationsforum-gipfeltreffen-fuer-gruender-innovatoren-und-kmu\\\/#primaryimage\",\"url\":\"https:\\\/\\\/www.organisator.ch\\\/wp-content\\\/uploads\\\/2019\\\/06\\\/Startfeld-Innovationsforum-Gipfeltreffen-fuer-Gruender-Innovatoren-und-KMU_Organisator.jpg\",\"contentUrl\":\"https:\\\/\\\/www.organisator.ch\\\/wp-content\\\/uploads\\\/2019\\\/06\\\/Startfeld-Innovationsforum-Gipfeltreffen-fuer-Gruender-Innovatoren-und-KMU_Organisator.jpg\",\"width\":680,\"height\":473,\"caption\":\"Am diesj\u00e4hrigen Startfeld Innovationsforum trafen sich rund 200 Gr\u00fcnder, Innovatoren und Vertreter von KMU. (Bild: zVg \\\/ Startfeld)\"},{\"@type\":\"BreadcrumbList\",\"@id\":\"https:\\\/\\\/www.organisator.ch\\\/de\\\/allgemein\\\/2019-06-14\\\/startfeld-innovationsforum-gipfeltreffen-fuer-gruender-innovatoren-und-kmu\\\/#breadcrumb\",\"itemListElement\":[{\"@type\":\"ListItem\",\"position\":1,\"name\":\"Home\",\"item\":\"https:\\\/\\\/www.organisator.ch\\\/\"},{\"@type\":\"ListItem\",\"position\":2,\"name\":\"Startfeld Innovationsforum: Gipfeltreffen f\u00fcr Gr\u00fcnder, Innovatoren und KMU\"}]},{\"@type\":\"WebSite\",\"@id\":\"https:\\\/\\\/www.organisator.ch\\\/#website\",\"url\":\"https:\\\/\\\/www.organisator.ch\\\/\",\"name\":\"Organisator\",\"description\":\"Kompetent. Praxisnah. Der ORGANISATOR bereitet in 10 Ausgaben pro Jahr die wesentlichen Themen f\u00fcr F\u00fchrungskr\u00e4fte von KMU auf.\",\"publisher\":{\"@id\":\"https:\\\/\\\/www.organisator.ch\\\/#organization\"},\"potentialAction\":[{\"@type\":\"SearchAction\",\"target\":{\"@type\":\"EntryPoint\",\"urlTemplate\":\"https:\\\/\\\/www.organisator.ch\\\/?s={search_term_string}\"},\"query-input\":{\"@type\":\"PropertyValueSpecification\",\"valueRequired\":true,\"valueName\":\"search_term_string\"}}],\"inLanguage\":\"de\"},{\"@type\":\"Organization\",\"@id\":\"https:\\\/\\\/www.organisator.ch\\\/#organization\",\"name\":\"Organisator\",\"url\":\"https:\\\/\\\/www.organisator.ch\\\/\",\"logo\":{\"@type\":\"ImageObject\",\"inLanguage\":\"de\",\"@id\":\"https:\\\/\\\/www.organisator.ch\\\/#\\\/schema\\\/logo\\\/image\\\/\",\"url\":\"https:\\\/\\\/www.organisator.ch\\\/wp-content\\\/uploads\\\/2022\\\/01\\\/Logo_Organisator_Website.png\",\"contentUrl\":\"https:\\\/\\\/www.organisator.ch\\\/wp-content\\\/uploads\\\/2022\\\/01\\\/Logo_Organisator_Website.png\",\"width\":800,\"height\":77,\"caption\":\"Organisator\"},\"image\":{\"@id\":\"https:\\\/\\\/www.organisator.ch\\\/#\\\/schema\\\/logo\\\/image\\\/\"},\"sameAs\":[\"https:\\\/\\\/www.facebook.com\\\/OrganisatorFachmagazin\",\"https:\\\/\\\/www.linkedin.com\\\/showcase\\\/organisator-das-magazin-fr-kmu\",\"https:\\\/\\\/www.xing.com\\\/news\\\/pages\\\/organisator-ch-695\",\"https:\\\/\\\/www.youtube.com\\\/channel\\\/UCGP2Sq0iWaZwT3BdIAQFYpw\"]},{\"@type\":\"Person\",\"@id\":\"https:\\\/\\\/www.organisator.ch\\\/#\\\/schema\\\/person\\\/6f650f90b2842cd4c0cc334b4e36f67e\",\"name\":\"thomas.berner\",\"image\":{\"@type\":\"ImageObject\",\"inLanguage\":\"de\",\"@id\":\"https:\\\/\\\/secure.gravatar.com\\\/avatar\\\/ac5001d2a36cb6c6cd3e50789007ffca834b477b74a2144564522e944eabff61?s=96&d=mm&r=g\",\"url\":\"https:\\\/\\\/secure.gravatar.com\\\/avatar\\\/ac5001d2a36cb6c6cd3e50789007ffca834b477b74a2144564522e944eabff61?s=96&d=mm&r=g\",\"contentUrl\":\"https:\\\/\\\/secure.gravatar.com\\\/avatar\\\/ac5001d2a36cb6c6cd3e50789007ffca834b477b74a2144564522e944eabff61?s=96&d=mm&r=g\",\"caption\":\"thomas.berner\"},\"url\":\"https:\\\/\\\/www.organisator.ch\\\/de\\\/author\\\/thomas-berner\\\/\"}]}<\/script>\n<!-- \/ Yoast SEO plugin. -->","yoast_head_json":{"title":"Startfeld Innovationsforum: Gipfeltreffen f\u00fcr Gr\u00fcnder, Innovatoren und KMU - Organisator","description":"Das Startfeld Innovationsforum hat mit rund 200 Teilnehmenden zum dritten Mal in Folge erfolgreich in St.Gallen stattgefunden.","robots":{"index":"index","follow":"follow","max-snippet":"max-snippet:-1","max-image-preview":"max-image-preview:large","max-video-preview":"max-video-preview:-1"},"canonical":"https:\/\/www.organisator.ch\/de\/allgemein\/2019-06-14\/startfeld-innovationsforum-gipfeltreffen-fuer-gruender-innovatoren-und-kmu\/","og_locale":"de_DE","og_type":"article","og_title":"Startfeld Innovationsforum: Gipfeltreffen f\u00fcr Gr\u00fcnder, Innovatoren und KMU","og_description":"Das Startfeld Innovationsforum hat mit rund 200 Teilnehmenden zum dritten Mal in Folge erfolgreich in St.Gallen stattgefunden","og_url":"https:\/\/www.organisator.ch\/de\/allgemein\/2019-06-14\/startfeld-innovationsforum-gipfeltreffen-fuer-gruender-innovatoren-und-kmu\/","og_site_name":"Organisator","article_publisher":"https:\/\/www.facebook.com\/OrganisatorFachmagazin","article_published_time":"2019-06-14T06:41:08+00:00","og_image":[{"width":680,"height":473,"url":"https:\/\/www.organisator.ch\/wp-content\/uploads\/2019\/06\/Startfeld-Innovationsforum-Gipfeltreffen-fuer-Gruender-Innovatoren-und-KMU_Organisator.jpg","type":"image\/jpeg"}],"author":"thomas.berner","twitter_card":"summary_large_image","twitter_title":"#Startfeld #Innovationsforum: Gipfeltreffen f\u00fcr Gr\u00fcnder, Innovatoren und KMU","twitter_description":"Das #Startfeld #Innovationsforum hat mit rund 200 Teilnehmenden zum dritten Mal in Folge erfolgreich in St.Gallen stattgefunden","twitter_image":"https:\/\/www.organisator.ch\/wp-content\/uploads\/2019\/06\/Startfeld-Innovationsforum-Gipfeltreffen-f\u00fcr-Gr\u00fcnder-Innovatoren-und-KMU_Organisator.jpg","schema":{"@context":"https:\/\/schema.org","@graph":[{"@type":"Article","@id":"https:\/\/www.organisator.ch\/de\/allgemein\/2019-06-14\/startfeld-innovationsforum-gipfeltreffen-fuer-gruender-innovatoren-und-kmu\/#article","isPartOf":{"@id":"https:\/\/www.organisator.ch\/de\/allgemein\/2019-06-14\/startfeld-innovationsforum-gipfeltreffen-fuer-gruender-innovatoren-und-kmu\/"},"author":{"name":"thomas.berner","@id":"https:\/\/www.organisator.ch\/#\/schema\/person\/6f650f90b2842cd4c0cc334b4e36f67e"},"headline":"Startfeld Innovationsforum: Gipfeltreffen f\u00fcr Gr\u00fcnder, Innovatoren und KMU","datePublished":"2019-06-14T06:41:08+00:00","mainEntityOfPage":{"@id":"https:\/\/www.organisator.ch\/de\/allgemein\/2019-06-14\/startfeld-innovationsforum-gipfeltreffen-fuer-gruender-innovatoren-und-kmu\/"},"wordCount":480,"commentCount":0,"publisher":{"@id":"https:\/\/www.organisator.ch\/#organization"},"image":{"@id":"https:\/\/www.organisator.ch\/de\/allgemein\/2019-06-14\/startfeld-innovationsforum-gipfeltreffen-fuer-gruender-innovatoren-und-kmu\/#primaryimage"},"thumbnailUrl":"https:\/\/www.organisator.ch\/wp-content\/uploads\/2019\/06\/Startfeld-Innovationsforum-Gipfeltreffen-fuer-Gruender-Innovatoren-und-KMU_Organisator.jpg","keywords":["Digitalisierung","Fachkongress\/Fachmesse","Management und Unternehmensf\u00fchrung","Startups"],"inLanguage":"de"},{"@type":"WebPage","@id":"https:\/\/www.organisator.ch\/de\/allgemein\/2019-06-14\/startfeld-innovationsforum-gipfeltreffen-fuer-gruender-innovatoren-und-kmu\/","url":"https:\/\/www.organisator.ch\/de\/allgemein\/2019-06-14\/startfeld-innovationsforum-gipfeltreffen-fuer-gruender-innovatoren-und-kmu\/","name":"Startfeld Innovationsforum: Gipfeltreffen f\u00fcr Gr\u00fcnder, Innovatoren und KMU - Organisator","isPartOf":{"@id":"https:\/\/www.organisator.ch\/#website"},"primaryImageOfPage":{"@id":"https:\/\/www.organisator.ch\/de\/allgemein\/2019-06-14\/startfeld-innovationsforum-gipfeltreffen-fuer-gruender-innovatoren-und-kmu\/#primaryimage"},"image":{"@id":"https:\/\/www.organisator.ch\/de\/allgemein\/2019-06-14\/startfeld-innovationsforum-gipfeltreffen-fuer-gruender-innovatoren-und-kmu\/#primaryimage"},"thumbnailUrl":"https:\/\/www.organisator.ch\/wp-content\/uploads\/2019\/06\/Startfeld-Innovationsforum-Gipfeltreffen-fuer-Gruender-Innovatoren-und-KMU_Organisator.jpg","datePublished":"2019-06-14T06:41:08+00:00","description":"Das Startfeld Innovationsforum hat mit rund 200 Teilnehmenden zum dritten Mal in Folge erfolgreich in St.Gallen stattgefunden.","breadcrumb":{"@id":"https:\/\/www.organisator.ch\/de\/allgemein\/2019-06-14\/startfeld-innovationsforum-gipfeltreffen-fuer-gruender-innovatoren-und-kmu\/#breadcrumb"},"inLanguage":"de","potentialAction":[{"@type":"ReadAction","target":["https:\/\/www.organisator.ch\/de\/allgemein\/2019-06-14\/startfeld-innovationsforum-gipfeltreffen-fuer-gruender-innovatoren-und-kmu\/"]}]},{"@type":"ImageObject","inLanguage":"de","@id":"https:\/\/www.organisator.ch\/de\/allgemein\/2019-06-14\/startfeld-innovationsforum-gipfeltreffen-fuer-gruender-innovatoren-und-kmu\/#primaryimage","url":"https:\/\/www.organisator.ch\/wp-content\/uploads\/2019\/06\/Startfeld-Innovationsforum-Gipfeltreffen-fuer-Gruender-Innovatoren-und-KMU_Organisator.jpg","contentUrl":"https:\/\/www.organisator.ch\/wp-content\/uploads\/2019\/06\/Startfeld-Innovationsforum-Gipfeltreffen-fuer-Gruender-Innovatoren-und-KMU_Organisator.jpg","width":680,"height":473,"caption":"Am diesj\u00e4hrigen Startfeld Innovationsforum trafen sich rund 200 Gr\u00fcnder, Innovatoren und Vertreter von KMU. (Bild: zVg \/ Startfeld)"},{"@type":"BreadcrumbList","@id":"https:\/\/www.organisator.ch\/de\/allgemein\/2019-06-14\/startfeld-innovationsforum-gipfeltreffen-fuer-gruender-innovatoren-und-kmu\/#breadcrumb","itemListElement":[{"@type":"ListItem","position":1,"name":"Home","item":"https:\/\/www.organisator.ch\/"},{"@type":"ListItem","position":2,"name":"Startfeld Innovationsforum: Gipfeltreffen f\u00fcr Gr\u00fcnder, Innovatoren und KMU"}]},{"@type":"WebSite","@id":"https:\/\/www.organisator.ch\/#website","url":"https:\/\/www.organisator.ch\/","name":"Organisator","description":"Kompetent. Praxisnah. Der ORGANISATOR bereitet in 10 Ausgaben pro Jahr die wesentlichen Themen f\u00fcr F\u00fchrungskr\u00e4fte von KMU auf.","publisher":{"@id":"https:\/\/www.organisator.ch\/#organization"},"potentialAction":[{"@type":"SearchAction","target":{"@type":"EntryPoint","urlTemplate":"https:\/\/www.organisator.ch\/?s={search_term_string}"},"query-input":{"@type":"PropertyValueSpecification","valueRequired":true,"valueName":"search_term_string"}}],"inLanguage":"de"},{"@type":"Organization","@id":"https:\/\/www.organisator.ch\/#organization","name":"Organisator","url":"https:\/\/www.organisator.ch\/","logo":{"@type":"ImageObject","inLanguage":"de","@id":"https:\/\/www.organisator.ch\/#\/schema\/logo\/image\/","url":"https:\/\/www.organisator.ch\/wp-content\/uploads\/2022\/01\/Logo_Organisator_Website.png","contentUrl":"https:\/\/www.organisator.ch\/wp-content\/uploads\/2022\/01\/Logo_Organisator_Website.png","width":800,"height":77,"caption":"Organisator"},"image":{"@id":"https:\/\/www.organisator.ch\/#\/schema\/logo\/image\/"},"sameAs":["https:\/\/www.facebook.com\/OrganisatorFachmagazin","https:\/\/www.linkedin.com\/showcase\/organisator-das-magazin-fr-kmu","https:\/\/www.xing.com\/news\/pages\/organisator-ch-695","https:\/\/www.youtube.com\/channel\/UCGP2Sq0iWaZwT3BdIAQFYpw"]},{"@type":"Person","@id":"https:\/\/www.organisator.ch\/#\/schema\/person\/6f650f90b2842cd4c0cc334b4e36f67e","name":"thomas.berner","image":{"@type":"ImageObject","inLanguage":"de","@id":"https:\/\/secure.gravatar.com\/avatar\/ac5001d2a36cb6c6cd3e50789007ffca834b477b74a2144564522e944eabff61?s=96&d=mm&r=g","url":"https:\/\/secure.gravatar.com\/avatar\/ac5001d2a36cb6c6cd3e50789007ffca834b477b74a2144564522e944eabff61?s=96&d=mm&r=g","contentUrl":"https:\/\/secure.gravatar.com\/avatar\/ac5001d2a36cb6c6cd3e50789007ffca834b477b74a2144564522e944eabff61?s=96&d=mm&r=g","caption":"thomas.berner"},"url":"https:\/\/www.organisator.ch\/de\/author\/thomas-berner\/"}]}},"_links":{"self":[{"href":"https:\/\/www.organisator.ch\/de\/wp-json\/wp\/v2\/posts\/5398","targetHints":{"allow":["GET"]}}],"collection":[{"href":"https:\/\/www.organisator.ch\/de\/wp-json\/wp\/v2\/posts"}],"about":[{"href":"https:\/\/www.organisator.ch\/de\/wp-json\/wp\/v2\/types\/post"}],"author":[{"embeddable":true,"href":"https:\/\/www.organisator.ch\/de\/wp-json\/wp\/v2\/users\/4"}],"replies":[{"embeddable":true,"href":"https:\/\/www.organisator.ch\/de\/wp-json\/wp\/v2\/comments?post=5398"}],"version-history":[{"count":0,"href":"https:\/\/www.organisator.ch\/de\/wp-json\/wp\/v2\/posts\/5398\/revisions"}],"wp:featuredmedia":[{"embeddable":true,"href":"https:\/\/www.organisator.ch\/de\/wp-json\/wp\/v2\/media\/5399"}],"wp:attachment":[{"href":"https:\/\/www.organisator.ch\/de\/wp-json\/wp\/v2\/media?parent=5398"}],"wp:term":[{"taxonomy":"category","embeddable":true,"href":"https:\/\/www.organisator.ch\/de\/wp-json\/wp\/v2\/categories?post=5398"},{"taxonomy":"post_tag","embeddable":true,"href":"https:\/\/www.organisator.ch\/de\/wp-json\/wp\/v2\/tags?post=5398"}],"curies":[{"name":"wp","href":"https:\/\/api.w.org\/{rel}","templated":true}]}}