{"id":5418,"date":"2019-06-19T16:23:10","date_gmt":"2019-06-19T14:23:10","guid":{"rendered":"https:\/\/www.organisator.ch\/?p=5418"},"modified":"2019-06-19T16:23:10","modified_gmt":"2019-06-19T14:23:10","slug":"arbeitswelt-der-zukunft-es-gibt-noch-viel-zu-tun","status":"publish","type":"post","link":"https:\/\/www.organisator.ch\/de\/management\/2019-06-19\/arbeitswelt-der-zukunft-es-gibt-noch-viel-zu-tun\/","title":{"rendered":"Arbeitswelt der Zukunft: Es gibt noch viel zu tun"},"content":{"rendered":"<figure id=\"attachment_5419\" aria-describedby=\"caption-attachment-5419\" style=\"width: 680px\" class=\"wp-caption alignnone\"><img loading=\"lazy\" decoding=\"async\" class=\"size-medium wp-image-5419\" src=\"https:\/\/www.organisator.ch\/wp-content\/uploads\/2019\/06\/Arbeitswelt-der-Zukunft-Es-gibt-noch-viel-zu-tun-1_Organisator.jpg\" alt=\"\" width=\"680\" height=\"470\" srcset=\"https:\/\/www.organisator.ch\/wp-content\/uploads\/2019\/06\/Arbeitswelt-der-Zukunft-Es-gibt-noch-viel-zu-tun-1_Organisator.jpg 680w, https:\/\/www.organisator.ch\/wp-content\/uploads\/2019\/06\/Arbeitswelt-der-Zukunft-Es-gibt-noch-viel-zu-tun-1_Organisator-16x12.jpg 16w, https:\/\/www.organisator.ch\/wp-content\/uploads\/2019\/06\/Arbeitswelt-der-Zukunft-Es-gibt-noch-viel-zu-tun-1_Organisator-253x175.jpg 253w, https:\/\/www.organisator.ch\/wp-content\/uploads\/2019\/06\/Arbeitswelt-der-Zukunft-Es-gibt-noch-viel-zu-tun-1_Organisator-506x350.jpg 506w, https:\/\/www.organisator.ch\/wp-content\/uploads\/2019\/06\/Arbeitswelt-der-Zukunft-Es-gibt-noch-viel-zu-tun-1_Organisator-300x207.jpg 300w\" sizes=\"auto, (max-width: 680px) 100vw, 680px\" \/><figcaption id=\"caption-attachment-5419\" class=\"wp-caption-text\">Pr\u00e4sentierten am 17. Juni in Neuhausen erste Ergebnis einer umfassenden Studie zur Arbeitswelt der Zukunft: (vlnr.) Michael Schmidt-Purrmann, Gesch\u00e4ftsf\u00fchrer Impulswerk GmbH und Partner Future Work Group, Heike Bauer, Partner New-Work.Team GmbH und Future Work Group und Prof. Dr. Marc K. Peter, Leiter Zentrum f\u00fcr Digitale Transformation und Marketing an der FHNW Olten. (Bild: zVg)<\/figcaption><\/figure>\n<p>Im Rahmen eines Impulsreferats zum Thema \u00abArbeitswelt 4.0 im Umfeld der digitalen Transformation\u00bb stellte Prof. Dr. Marc K. Peter von der FHNW Olten erste Ergebnisse einer Studie vor, die 2019 durchgef\u00fchrt wurde. Dabei handelt es sich um eine Vertiefungsstudie zur bereits 2017 vom Referenten herausgegebenen Untersuchung \u00abKMU-Transformation\u00bb. Mit rund 1200 Teilnehmenden ist nun die Studie \u00abArbeitswelt 4.0\u00bb die schweizweit bisher gr\u00f6sste Untersuchung zu diesem Thema. Sie fokussiert auf das Handlungsfeld \u00abDigital Leadership &amp; Culture\u00bb unter der Betrachtung neuer Ans\u00e4tze in F\u00fchrung, Kultur und Arbeit \u2013 alles Bereiche, die innerhalb der digitalen Transformation einer Rolle spielen. Das Team rund um Prof. Dr. Marc K. Peter geht von der These aus, wonach im Zentrum einer erfolgreichen Gestaltung der Arbeitswelt der Zukunft der Dreiklang \u00abPeople \u2013 Place \u2013 Technology\u00bb stehe. Es gehe dabei vor allem um ein sinn- und wirkungsvolles Zusammenspiel dieser drei Bereiche. Unter diesem Aspekt wurde ein Fragekatalog erstellt und die Befragung im Fr\u00fchling 2019 durchgef\u00fchrt.<\/p>\n<h2>Arbeitswelt der Zukunft entwickeln: Mitarbeitende zu wenig eingebunden<\/h2>\n<p>Wie verstehen die Befragten die Arbeitswelt 4.0? Die dominanten Begriffe aus den Antworten sind Digitalisierung, neue Arbeitsformen, aber auch Assoziationen wie Flexibilit\u00e4t bez\u00fcglich Arbeitszeit und Arbeitsort, Vernetzung und die Ver\u00e4nderung ganz allgemein. Die Arbeitgeber sagen von sich, sie st\u00fcnden entweder \u00abganze am Anfang\u00bb (43 %) der Arbeitswelt 4.0 oder \u00abmitten drin\u00bb (45 %). \u00abEs gibt also noch viel zu tun\u00bb, so ein Fazit von Marc K. Peter.<\/p>\n<p>Dies zeigt auch die Antwort auf die Frage nach der Einbindung der Mitarbeitenden in die Umsetzung der Arbeitswelt 4.0: Nur 27 Prozent der Befragten antworteten hier mit \u00abJa\u00bb. Das heisst: 73 Prozent der Arbeitnehmenden werden nicht in den Ver\u00e4nderungsprozess eingebunden \u2013 oder aber das Unternehmen erachtet dies als nicht n\u00f6tig! Ein Befund, der zu denken geben sollte.<\/p>\n<h2>Generationen\u00fcbergreifende Zusammenarbeit<\/h2>\n<p>Als massgebliche Treiber der Arbeitswelt der Zukunft sehen die Befragten die Innovation (66 %) und die Kommunikation (64 Prozent). Als gr\u00f6sste Barrieren werden fehlendes Know-how (42 %) und eine nicht mehr zeitgem\u00e4sse F\u00fchrung bzw. Organisations-Struktur (41 Prozent) gesehen. Aus diesem Ergebnis ist deutlich erkennbar, wie notwendig ein Kulturwandel ist, um die Arbeitswelt 4.0 \u00fcberhaupt realisieren zu k\u00f6nnen. Als Handlungsempfehlung nennen die Studienautoren etwa das bewusste und proaktive Einbeziehen der Generation Z in diesen Prozess. Es gelte, ihr Potenzial zu nutzen, um eine generations\u00fcbergreifende Akzeptanz und Zusammenarbeit zu f\u00f6rdern.<\/p>\n<h2>Stressfaktor Digitalisierung<\/h2>\n<p>Neben den Studienresultaten wies Marc K. Peter auf weitere Herausforderungen im Zusammenhang mit der Arbeitswelt 4.0 hin: Die fortschreitende Digitalisierung f\u00fchrt zu mehr Stress. Gem\u00e4ss dem Job-Stress-Index der <a href=\"https:\/\/gesundheitsfoerderung.ch\/\">Gesundheitsf\u00f6rderung Schweiz<\/a> befindet sich derzeit knapp die H\u00e4lfte der Erwerbst\u00e4tigen hinsichtlich Stress im sensiblen Bereich. Nicht nur ist da die Unternehmensf\u00fchrung gefordert, gezielte Pr\u00e4ventionsmassnahmen zu ergreifen, sondern auch die Arbeitswelt 4.0 kann hier einen positiven Beitrag leisten, etwa durch St\u00e4rkung von Flexibilit\u00e4t und Zusammenarbeit. Indes: Neue Spannungsfelder und neue Anforderungen an die Unternehmenskultur sind auch da nicht zu vermeiden.<\/p>\n<p><em>Die detaillierten Ergebnisse der Studie sowie ein Praxisleitfaden stehen ab Herbst 2019 der Schweizer Wirtschaft zur Verf\u00fcgung. <a href=\"https:\/\/www.arbeitswelt-zukunft.ch\/\">Weitere Informationen<\/a><\/em><\/p>\n<p><img loading=\"lazy\" decoding=\"async\" class=\"alignnone size-medium wp-image-5420\" src=\"https:\/\/www.organisator.ch\/wp-content\/uploads\/2019\/06\/Arbeitswelt-der-Zukunft-Es-gibt-noch-viel-zu-tun-2_Organisator.jpg\" alt=\"\" width=\"680\" height=\"958\" srcset=\"https:\/\/www.organisator.ch\/wp-content\/uploads\/2019\/06\/Arbeitswelt-der-Zukunft-Es-gibt-noch-viel-zu-tun-2_Organisator.jpg 680w, https:\/\/www.organisator.ch\/wp-content\/uploads\/2019\/06\/Arbeitswelt-der-Zukunft-Es-gibt-noch-viel-zu-tun-2_Organisator-9x12.jpg 9w, https:\/\/www.organisator.ch\/wp-content\/uploads\/2019\/06\/Arbeitswelt-der-Zukunft-Es-gibt-noch-viel-zu-tun-2_Organisator-124x175.jpg 124w, https:\/\/www.organisator.ch\/wp-content\/uploads\/2019\/06\/Arbeitswelt-der-Zukunft-Es-gibt-noch-viel-zu-tun-2_Organisator-248x350.jpg 248w, https:\/\/www.organisator.ch\/wp-content\/uploads\/2019\/06\/Arbeitswelt-der-Zukunft-Es-gibt-noch-viel-zu-tun-2_Organisator-568x800.jpg 568w, https:\/\/www.organisator.ch\/wp-content\/uploads\/2019\/06\/Arbeitswelt-der-Zukunft-Es-gibt-noch-viel-zu-tun-2_Organisator-300x423.jpg 300w\" sizes=\"auto, (max-width: 680px) 100vw, 680px\" \/><\/p>\n","protected":false},"excerpt":{"rendered":"<p>Im Rahmen eines Impulsreferats zum Thema \u00abArbeitswelt 4.0 im Umfeld der digitalen Transformation\u00bb stellte Prof. Dr. Marc K. Peter von der FHNW Olten erste Ergebnisse einer Studie vor, die 2019 durchgef\u00fchrt wurde. Dabei handelt es sich um eine Vertiefungsstudie zur bereits 2017 vom Referenten herausgegebenen Untersuchung \u00abKMU-Transformation\u00bb. Mit rund 1200 Teilnehmenden ist nun die Studie [&hellip;]<\/p>\n","protected":false},"author":4,"featured_media":5420,"comment_status":"open","ping_status":"open","sticky":false,"template":"","format":"standard","meta":{"_acf_changed":false,"_yoast_wpseo_focuskw":"Arbeitswelt der Zukunft","_yoast_wpseo_metadesc":"Am 17. Juni 2019 fand in Neuhausen a. Rhf. der 62. IST Techno-Ap\u00e9ro statt. Das Thema lautete: \u00abDigitale Arbeitswelt \u2013 Wie tickt die Wirtschaft von morgen?\u00bb","articlekey":"","footnotes":""},"categories":[28],"tags":[156,335,459,533],"class_list":["post-5418","post","type-post","status-publish","format-standard","has-post-thumbnail","hentry","category-management","tag-digitalisierung","tag-management-und-unternehmensfuehrung","tag-studie","tag-wissenschaft"],"acf":[],"yoast_head":"<!-- This site is optimized with the Yoast SEO plugin v27.4 - https:\/\/yoast.com\/product\/yoast-seo-wordpress\/ -->\n<title>Arbeitswelt der Zukunft: Es gibt noch viel zu tun - Organisator<\/title>\n<meta name=\"description\" content=\"Am 17. Juni 2019 fand in Neuhausen a. Rhf. der 62. IST Techno-Ap\u00e9ro statt. Das Thema lautete: \u00abDigitale Arbeitswelt \u2013 Wie tickt die Wirtschaft von morgen?\u00bb\" \/>\n<meta name=\"robots\" content=\"index, follow, max-snippet:-1, max-image-preview:large, max-video-preview:-1\" \/>\n<link rel=\"canonical\" href=\"https:\/\/www.organisator.ch\/de\/management\/2019-06-19\/arbeitswelt-der-zukunft-es-gibt-noch-viel-zu-tun\/\" \/>\n<meta property=\"og:locale\" content=\"de_DE\" \/>\n<meta property=\"og:type\" content=\"article\" \/>\n<meta property=\"og:title\" content=\"Arbeitswelt der Zukunft: Es gibt noch viel zu tun\" \/>\n<meta property=\"og:description\" content=\"Am 17. Juni 2019 fand in Neuhausen a. Rhf. der 62. IST Techno-Ap\u00e9ro statt. Das Thema lautete: \u00abDigitale Arbeitswelt \u2013 Wie tickt die Wirtschaft von morgen?\u00bb\" \/>\n<meta property=\"og:url\" content=\"https:\/\/www.organisator.ch\/de\/management\/2019-06-19\/arbeitswelt-der-zukunft-es-gibt-noch-viel-zu-tun\/\" \/>\n<meta property=\"og:site_name\" content=\"Organisator\" \/>\n<meta property=\"article:publisher\" content=\"https:\/\/www.facebook.com\/OrganisatorFachmagazin\" \/>\n<meta property=\"article:published_time\" content=\"2019-06-19T14:23:10+00:00\" \/>\n<meta property=\"og:image\" content=\"https:\/\/www.organisator.ch\/wp-content\/uploads\/2019\/06\/Arbeitswelt-der-Zukunft-Es-gibt-noch-viel-zu-tun-2_Organisator.jpg\" \/>\n\t<meta property=\"og:image:width\" content=\"680\" \/>\n\t<meta property=\"og:image:height\" content=\"958\" \/>\n\t<meta property=\"og:image:type\" content=\"image\/jpeg\" \/>\n<meta name=\"author\" content=\"thomas.berner\" \/>\n<meta name=\"twitter:card\" content=\"summary_large_image\" \/>\n<meta name=\"twitter:title\" content=\"#Arbeitswelt der Zukunft: Es gibt noch viel zu tun\" \/>\n<meta name=\"twitter:description\" content=\"Am 17. Juni 2019 fand in Neuhausen a. Rhf. der 62. IST Techno-Ap\u00e9ro statt. Das Thema lautete: \u00abDigitale Arbeitswelt \u2013 Wie tickt die Wirtschaft von morgen?\u00bb\" \/>\n<meta name=\"twitter:image\" content=\"https:\/\/www.organisator.ch\/wp-content\/uploads\/2019\/06\/Arbeitswelt-der-Zukunft-Es-gibt-noch-viel-zu-tun-2_Organisator.jpg\" \/>\n<script type=\"application\/ld+json\" class=\"yoast-schema-graph\">{\"@context\":\"https:\\\/\\\/schema.org\",\"@graph\":[{\"@type\":\"Article\",\"@id\":\"https:\\\/\\\/www.organisator.ch\\\/management\\\/2019-06-19\\\/arbeitswelt-der-zukunft-es-gibt-noch-viel-zu-tun\\\/#article\",\"isPartOf\":{\"@id\":\"https:\\\/\\\/www.organisator.ch\\\/management\\\/2019-06-19\\\/arbeitswelt-der-zukunft-es-gibt-noch-viel-zu-tun\\\/\"},\"author\":{\"name\":\"thomas.berner\",\"@id\":\"https:\\\/\\\/www.organisator.ch\\\/#\\\/schema\\\/person\\\/6f650f90b2842cd4c0cc334b4e36f67e\"},\"headline\":\"Arbeitswelt der Zukunft: Es gibt noch viel zu tun\",\"datePublished\":\"2019-06-19T14:23:10+00:00\",\"mainEntityOfPage\":{\"@id\":\"https:\\\/\\\/www.organisator.ch\\\/management\\\/2019-06-19\\\/arbeitswelt-der-zukunft-es-gibt-noch-viel-zu-tun\\\/\"},\"wordCount\":559,\"commentCount\":0,\"publisher\":{\"@id\":\"https:\\\/\\\/www.organisator.ch\\\/#organization\"},\"image\":{\"@id\":\"https:\\\/\\\/www.organisator.ch\\\/management\\\/2019-06-19\\\/arbeitswelt-der-zukunft-es-gibt-noch-viel-zu-tun\\\/#primaryimage\"},\"thumbnailUrl\":\"https:\\\/\\\/www.organisator.ch\\\/wp-content\\\/uploads\\\/2019\\\/06\\\/Arbeitswelt-der-Zukunft-Es-gibt-noch-viel-zu-tun-2_Organisator.jpg\",\"keywords\":[\"Digitalisierung\",\"Management und Unternehmensf\u00fchrung\",\"Studie\",\"Wissenschaft\"],\"articleSection\":[\"MANAGEMENT\"],\"inLanguage\":\"de\"},{\"@type\":\"WebPage\",\"@id\":\"https:\\\/\\\/www.organisator.ch\\\/management\\\/2019-06-19\\\/arbeitswelt-der-zukunft-es-gibt-noch-viel-zu-tun\\\/\",\"url\":\"https:\\\/\\\/www.organisator.ch\\\/management\\\/2019-06-19\\\/arbeitswelt-der-zukunft-es-gibt-noch-viel-zu-tun\\\/\",\"name\":\"Arbeitswelt der Zukunft: Es gibt noch viel zu tun - Organisator\",\"isPartOf\":{\"@id\":\"https:\\\/\\\/www.organisator.ch\\\/#website\"},\"primaryImageOfPage\":{\"@id\":\"https:\\\/\\\/www.organisator.ch\\\/management\\\/2019-06-19\\\/arbeitswelt-der-zukunft-es-gibt-noch-viel-zu-tun\\\/#primaryimage\"},\"image\":{\"@id\":\"https:\\\/\\\/www.organisator.ch\\\/management\\\/2019-06-19\\\/arbeitswelt-der-zukunft-es-gibt-noch-viel-zu-tun\\\/#primaryimage\"},\"thumbnailUrl\":\"https:\\\/\\\/www.organisator.ch\\\/wp-content\\\/uploads\\\/2019\\\/06\\\/Arbeitswelt-der-Zukunft-Es-gibt-noch-viel-zu-tun-2_Organisator.jpg\",\"datePublished\":\"2019-06-19T14:23:10+00:00\",\"description\":\"Am 17. Juni 2019 fand in Neuhausen a. Rhf. der 62. IST Techno-Ap\u00e9ro statt. Das Thema lautete: \u00abDigitale Arbeitswelt \u2013 Wie tickt die Wirtschaft von morgen?\u00bb\",\"breadcrumb\":{\"@id\":\"https:\\\/\\\/www.organisator.ch\\\/management\\\/2019-06-19\\\/arbeitswelt-der-zukunft-es-gibt-noch-viel-zu-tun\\\/#breadcrumb\"},\"inLanguage\":\"de\",\"potentialAction\":[{\"@type\":\"ReadAction\",\"target\":[\"https:\\\/\\\/www.organisator.ch\\\/management\\\/2019-06-19\\\/arbeitswelt-der-zukunft-es-gibt-noch-viel-zu-tun\\\/\"]}]},{\"@type\":\"ImageObject\",\"inLanguage\":\"de\",\"@id\":\"https:\\\/\\\/www.organisator.ch\\\/management\\\/2019-06-19\\\/arbeitswelt-der-zukunft-es-gibt-noch-viel-zu-tun\\\/#primaryimage\",\"url\":\"https:\\\/\\\/www.organisator.ch\\\/wp-content\\\/uploads\\\/2019\\\/06\\\/Arbeitswelt-der-Zukunft-Es-gibt-noch-viel-zu-tun-2_Organisator.jpg\",\"contentUrl\":\"https:\\\/\\\/www.organisator.ch\\\/wp-content\\\/uploads\\\/2019\\\/06\\\/Arbeitswelt-der-Zukunft-Es-gibt-noch-viel-zu-tun-2_Organisator.jpg\",\"width\":680,\"height\":958},{\"@type\":\"BreadcrumbList\",\"@id\":\"https:\\\/\\\/www.organisator.ch\\\/management\\\/2019-06-19\\\/arbeitswelt-der-zukunft-es-gibt-noch-viel-zu-tun\\\/#breadcrumb\",\"itemListElement\":[{\"@type\":\"ListItem\",\"position\":1,\"name\":\"Home\",\"item\":\"https:\\\/\\\/www.organisator.ch\\\/\"},{\"@type\":\"ListItem\",\"position\":2,\"name\":\"Arbeitswelt der Zukunft: Es gibt noch viel zu tun\"}]},{\"@type\":\"WebSite\",\"@id\":\"https:\\\/\\\/www.organisator.ch\\\/#website\",\"url\":\"https:\\\/\\\/www.organisator.ch\\\/\",\"name\":\"Organisator\",\"description\":\"Kompetent. Praxisnah. Der ORGANISATOR bereitet in 10 Ausgaben pro Jahr die wesentlichen Themen f\u00fcr F\u00fchrungskr\u00e4fte von KMU auf.\",\"publisher\":{\"@id\":\"https:\\\/\\\/www.organisator.ch\\\/#organization\"},\"potentialAction\":[{\"@type\":\"SearchAction\",\"target\":{\"@type\":\"EntryPoint\",\"urlTemplate\":\"https:\\\/\\\/www.organisator.ch\\\/?s={search_term_string}\"},\"query-input\":{\"@type\":\"PropertyValueSpecification\",\"valueRequired\":true,\"valueName\":\"search_term_string\"}}],\"inLanguage\":\"de\"},{\"@type\":\"Organization\",\"@id\":\"https:\\\/\\\/www.organisator.ch\\\/#organization\",\"name\":\"Organisator\",\"url\":\"https:\\\/\\\/www.organisator.ch\\\/\",\"logo\":{\"@type\":\"ImageObject\",\"inLanguage\":\"de\",\"@id\":\"https:\\\/\\\/www.organisator.ch\\\/#\\\/schema\\\/logo\\\/image\\\/\",\"url\":\"https:\\\/\\\/www.organisator.ch\\\/wp-content\\\/uploads\\\/2022\\\/01\\\/Logo_Organisator_Website.png\",\"contentUrl\":\"https:\\\/\\\/www.organisator.ch\\\/wp-content\\\/uploads\\\/2022\\\/01\\\/Logo_Organisator_Website.png\",\"width\":800,\"height\":77,\"caption\":\"Organisator\"},\"image\":{\"@id\":\"https:\\\/\\\/www.organisator.ch\\\/#\\\/schema\\\/logo\\\/image\\\/\"},\"sameAs\":[\"https:\\\/\\\/www.facebook.com\\\/OrganisatorFachmagazin\",\"https:\\\/\\\/www.linkedin.com\\\/showcase\\\/organisator-das-magazin-fr-kmu\",\"https:\\\/\\\/www.xing.com\\\/news\\\/pages\\\/organisator-ch-695\",\"https:\\\/\\\/www.youtube.com\\\/channel\\\/UCGP2Sq0iWaZwT3BdIAQFYpw\"]},{\"@type\":\"Person\",\"@id\":\"https:\\\/\\\/www.organisator.ch\\\/#\\\/schema\\\/person\\\/6f650f90b2842cd4c0cc334b4e36f67e\",\"name\":\"thomas.berner\",\"image\":{\"@type\":\"ImageObject\",\"inLanguage\":\"de\",\"@id\":\"https:\\\/\\\/secure.gravatar.com\\\/avatar\\\/ac5001d2a36cb6c6cd3e50789007ffca834b477b74a2144564522e944eabff61?s=96&d=mm&r=g\",\"url\":\"https:\\\/\\\/secure.gravatar.com\\\/avatar\\\/ac5001d2a36cb6c6cd3e50789007ffca834b477b74a2144564522e944eabff61?s=96&d=mm&r=g\",\"contentUrl\":\"https:\\\/\\\/secure.gravatar.com\\\/avatar\\\/ac5001d2a36cb6c6cd3e50789007ffca834b477b74a2144564522e944eabff61?s=96&d=mm&r=g\",\"caption\":\"thomas.berner\"},\"url\":\"https:\\\/\\\/www.organisator.ch\\\/de\\\/author\\\/thomas-berner\\\/\"}]}<\/script>\n<!-- \/ Yoast SEO plugin. -->","yoast_head_json":{"title":"Arbeitswelt der Zukunft: Es gibt noch viel zu tun - Organisator","description":"Am 17. Juni 2019 fand in Neuhausen a. Rhf. der 62. IST Techno-Ap\u00e9ro statt. Das Thema lautete: \u00abDigitale Arbeitswelt \u2013 Wie tickt die Wirtschaft von morgen?\u00bb","robots":{"index":"index","follow":"follow","max-snippet":"max-snippet:-1","max-image-preview":"max-image-preview:large","max-video-preview":"max-video-preview:-1"},"canonical":"https:\/\/www.organisator.ch\/de\/management\/2019-06-19\/arbeitswelt-der-zukunft-es-gibt-noch-viel-zu-tun\/","og_locale":"de_DE","og_type":"article","og_title":"Arbeitswelt der Zukunft: Es gibt noch viel zu tun","og_description":"Am 17. Juni 2019 fand in Neuhausen a. Rhf. der 62. IST Techno-Ap\u00e9ro statt. Das Thema lautete: \u00abDigitale Arbeitswelt \u2013 Wie tickt die Wirtschaft von morgen?\u00bb","og_url":"https:\/\/www.organisator.ch\/de\/management\/2019-06-19\/arbeitswelt-der-zukunft-es-gibt-noch-viel-zu-tun\/","og_site_name":"Organisator","article_publisher":"https:\/\/www.facebook.com\/OrganisatorFachmagazin","article_published_time":"2019-06-19T14:23:10+00:00","og_image":[{"width":680,"height":958,"url":"https:\/\/www.organisator.ch\/wp-content\/uploads\/2019\/06\/Arbeitswelt-der-Zukunft-Es-gibt-noch-viel-zu-tun-2_Organisator.jpg","type":"image\/jpeg"}],"author":"thomas.berner","twitter_card":"summary_large_image","twitter_title":"#Arbeitswelt der Zukunft: Es gibt noch viel zu tun","twitter_description":"Am 17. Juni 2019 fand in Neuhausen a. Rhf. der 62. IST Techno-Ap\u00e9ro statt. Das Thema lautete: \u00abDigitale Arbeitswelt \u2013 Wie tickt die Wirtschaft von morgen?\u00bb","twitter_image":"https:\/\/www.organisator.ch\/wp-content\/uploads\/2019\/06\/Arbeitswelt-der-Zukunft-Es-gibt-noch-viel-zu-tun-2_Organisator.jpg","schema":{"@context":"https:\/\/schema.org","@graph":[{"@type":"Article","@id":"https:\/\/www.organisator.ch\/management\/2019-06-19\/arbeitswelt-der-zukunft-es-gibt-noch-viel-zu-tun\/#article","isPartOf":{"@id":"https:\/\/www.organisator.ch\/management\/2019-06-19\/arbeitswelt-der-zukunft-es-gibt-noch-viel-zu-tun\/"},"author":{"name":"thomas.berner","@id":"https:\/\/www.organisator.ch\/#\/schema\/person\/6f650f90b2842cd4c0cc334b4e36f67e"},"headline":"Arbeitswelt der Zukunft: Es gibt noch viel zu tun","datePublished":"2019-06-19T14:23:10+00:00","mainEntityOfPage":{"@id":"https:\/\/www.organisator.ch\/management\/2019-06-19\/arbeitswelt-der-zukunft-es-gibt-noch-viel-zu-tun\/"},"wordCount":559,"commentCount":0,"publisher":{"@id":"https:\/\/www.organisator.ch\/#organization"},"image":{"@id":"https:\/\/www.organisator.ch\/management\/2019-06-19\/arbeitswelt-der-zukunft-es-gibt-noch-viel-zu-tun\/#primaryimage"},"thumbnailUrl":"https:\/\/www.organisator.ch\/wp-content\/uploads\/2019\/06\/Arbeitswelt-der-Zukunft-Es-gibt-noch-viel-zu-tun-2_Organisator.jpg","keywords":["Digitalisierung","Management und Unternehmensf\u00fchrung","Studie","Wissenschaft"],"articleSection":["MANAGEMENT"],"inLanguage":"de"},{"@type":"WebPage","@id":"https:\/\/www.organisator.ch\/management\/2019-06-19\/arbeitswelt-der-zukunft-es-gibt-noch-viel-zu-tun\/","url":"https:\/\/www.organisator.ch\/management\/2019-06-19\/arbeitswelt-der-zukunft-es-gibt-noch-viel-zu-tun\/","name":"Arbeitswelt der Zukunft: Es gibt noch viel zu tun - Organisator","isPartOf":{"@id":"https:\/\/www.organisator.ch\/#website"},"primaryImageOfPage":{"@id":"https:\/\/www.organisator.ch\/management\/2019-06-19\/arbeitswelt-der-zukunft-es-gibt-noch-viel-zu-tun\/#primaryimage"},"image":{"@id":"https:\/\/www.organisator.ch\/management\/2019-06-19\/arbeitswelt-der-zukunft-es-gibt-noch-viel-zu-tun\/#primaryimage"},"thumbnailUrl":"https:\/\/www.organisator.ch\/wp-content\/uploads\/2019\/06\/Arbeitswelt-der-Zukunft-Es-gibt-noch-viel-zu-tun-2_Organisator.jpg","datePublished":"2019-06-19T14:23:10+00:00","description":"Am 17. Juni 2019 fand in Neuhausen a. Rhf. der 62. IST Techno-Ap\u00e9ro statt. Das Thema lautete: \u00abDigitale Arbeitswelt \u2013 Wie tickt die Wirtschaft von morgen?\u00bb","breadcrumb":{"@id":"https:\/\/www.organisator.ch\/management\/2019-06-19\/arbeitswelt-der-zukunft-es-gibt-noch-viel-zu-tun\/#breadcrumb"},"inLanguage":"de","potentialAction":[{"@type":"ReadAction","target":["https:\/\/www.organisator.ch\/management\/2019-06-19\/arbeitswelt-der-zukunft-es-gibt-noch-viel-zu-tun\/"]}]},{"@type":"ImageObject","inLanguage":"de","@id":"https:\/\/www.organisator.ch\/management\/2019-06-19\/arbeitswelt-der-zukunft-es-gibt-noch-viel-zu-tun\/#primaryimage","url":"https:\/\/www.organisator.ch\/wp-content\/uploads\/2019\/06\/Arbeitswelt-der-Zukunft-Es-gibt-noch-viel-zu-tun-2_Organisator.jpg","contentUrl":"https:\/\/www.organisator.ch\/wp-content\/uploads\/2019\/06\/Arbeitswelt-der-Zukunft-Es-gibt-noch-viel-zu-tun-2_Organisator.jpg","width":680,"height":958},{"@type":"BreadcrumbList","@id":"https:\/\/www.organisator.ch\/management\/2019-06-19\/arbeitswelt-der-zukunft-es-gibt-noch-viel-zu-tun\/#breadcrumb","itemListElement":[{"@type":"ListItem","position":1,"name":"Home","item":"https:\/\/www.organisator.ch\/"},{"@type":"ListItem","position":2,"name":"Arbeitswelt der Zukunft: Es gibt noch viel zu tun"}]},{"@type":"WebSite","@id":"https:\/\/www.organisator.ch\/#website","url":"https:\/\/www.organisator.ch\/","name":"Organisator","description":"Kompetent. Praxisnah. Der ORGANISATOR bereitet in 10 Ausgaben pro Jahr die wesentlichen Themen f\u00fcr F\u00fchrungskr\u00e4fte von KMU auf.","publisher":{"@id":"https:\/\/www.organisator.ch\/#organization"},"potentialAction":[{"@type":"SearchAction","target":{"@type":"EntryPoint","urlTemplate":"https:\/\/www.organisator.ch\/?s={search_term_string}"},"query-input":{"@type":"PropertyValueSpecification","valueRequired":true,"valueName":"search_term_string"}}],"inLanguage":"de"},{"@type":"Organization","@id":"https:\/\/www.organisator.ch\/#organization","name":"Organisator","url":"https:\/\/www.organisator.ch\/","logo":{"@type":"ImageObject","inLanguage":"de","@id":"https:\/\/www.organisator.ch\/#\/schema\/logo\/image\/","url":"https:\/\/www.organisator.ch\/wp-content\/uploads\/2022\/01\/Logo_Organisator_Website.png","contentUrl":"https:\/\/www.organisator.ch\/wp-content\/uploads\/2022\/01\/Logo_Organisator_Website.png","width":800,"height":77,"caption":"Organisator"},"image":{"@id":"https:\/\/www.organisator.ch\/#\/schema\/logo\/image\/"},"sameAs":["https:\/\/www.facebook.com\/OrganisatorFachmagazin","https:\/\/www.linkedin.com\/showcase\/organisator-das-magazin-fr-kmu","https:\/\/www.xing.com\/news\/pages\/organisator-ch-695","https:\/\/www.youtube.com\/channel\/UCGP2Sq0iWaZwT3BdIAQFYpw"]},{"@type":"Person","@id":"https:\/\/www.organisator.ch\/#\/schema\/person\/6f650f90b2842cd4c0cc334b4e36f67e","name":"thomas.berner","image":{"@type":"ImageObject","inLanguage":"de","@id":"https:\/\/secure.gravatar.com\/avatar\/ac5001d2a36cb6c6cd3e50789007ffca834b477b74a2144564522e944eabff61?s=96&d=mm&r=g","url":"https:\/\/secure.gravatar.com\/avatar\/ac5001d2a36cb6c6cd3e50789007ffca834b477b74a2144564522e944eabff61?s=96&d=mm&r=g","contentUrl":"https:\/\/secure.gravatar.com\/avatar\/ac5001d2a36cb6c6cd3e50789007ffca834b477b74a2144564522e944eabff61?s=96&d=mm&r=g","caption":"thomas.berner"},"url":"https:\/\/www.organisator.ch\/de\/author\/thomas-berner\/"}]}},"_links":{"self":[{"href":"https:\/\/www.organisator.ch\/de\/wp-json\/wp\/v2\/posts\/5418","targetHints":{"allow":["GET"]}}],"collection":[{"href":"https:\/\/www.organisator.ch\/de\/wp-json\/wp\/v2\/posts"}],"about":[{"href":"https:\/\/www.organisator.ch\/de\/wp-json\/wp\/v2\/types\/post"}],"author":[{"embeddable":true,"href":"https:\/\/www.organisator.ch\/de\/wp-json\/wp\/v2\/users\/4"}],"replies":[{"embeddable":true,"href":"https:\/\/www.organisator.ch\/de\/wp-json\/wp\/v2\/comments?post=5418"}],"version-history":[{"count":0,"href":"https:\/\/www.organisator.ch\/de\/wp-json\/wp\/v2\/posts\/5418\/revisions"}],"wp:featuredmedia":[{"embeddable":true,"href":"https:\/\/www.organisator.ch\/de\/wp-json\/wp\/v2\/media\/5420"}],"wp:attachment":[{"href":"https:\/\/www.organisator.ch\/de\/wp-json\/wp\/v2\/media?parent=5418"}],"wp:term":[{"taxonomy":"category","embeddable":true,"href":"https:\/\/www.organisator.ch\/de\/wp-json\/wp\/v2\/categories?post=5418"},{"taxonomy":"post_tag","embeddable":true,"href":"https:\/\/www.organisator.ch\/de\/wp-json\/wp\/v2\/tags?post=5418"}],"curies":[{"name":"wp","href":"https:\/\/api.w.org\/{rel}","templated":true}]}}