{"id":5431,"date":"2019-06-24T08:12:12","date_gmt":"2019-06-24T06:12:12","guid":{"rendered":"https:\/\/www.organisator.ch\/?p=5431"},"modified":"2019-06-24T08:12:12","modified_gmt":"2019-06-24T06:12:12","slug":"campus-sursee-gewinnt-den-esprix-swiss-award-for-excellence-2019","status":"publish","type":"post","link":"https:\/\/www.organisator.ch\/de\/management\/2019-06-24\/campus-sursee-gewinnt-den-esprix-swiss-award-for-excellence-2019\/","title":{"rendered":"Campus Sursee gewinnt den Esprix Swiss Award for Excellence 2019"},"content":{"rendered":"<figure id=\"attachment_5432\" aria-describedby=\"caption-attachment-5432\" style=\"width: 680px\" class=\"wp-caption alignnone\"><img loading=\"lazy\" decoding=\"async\" class=\"size-medium wp-image-5432\" src=\"https:\/\/www.organisator.ch\/wp-content\/uploads\/2019\/06\/Campus-Sursee-gewinnt-den-Esprix-Swiss-Award-for-Excellence-2019_Organisator.jpg\" alt=\"\" width=\"680\" height=\"392\" srcset=\"https:\/\/www.organisator.ch\/wp-content\/uploads\/2019\/06\/Campus-Sursee-gewinnt-den-Esprix-Swiss-Award-for-Excellence-2019_Organisator.jpg 680w, https:\/\/www.organisator.ch\/wp-content\/uploads\/2019\/06\/Campus-Sursee-gewinnt-den-Esprix-Swiss-Award-for-Excellence-2019_Organisator-16x9.jpg 16w, https:\/\/www.organisator.ch\/wp-content\/uploads\/2019\/06\/Campus-Sursee-gewinnt-den-Esprix-Swiss-Award-for-Excellence-2019_Organisator-304x175.jpg 304w, https:\/\/www.organisator.ch\/wp-content\/uploads\/2019\/06\/Campus-Sursee-gewinnt-den-Esprix-Swiss-Award-for-Excellence-2019_Organisator-607x350.jpg 607w, https:\/\/www.organisator.ch\/wp-content\/uploads\/2019\/06\/Campus-Sursee-gewinnt-den-Esprix-Swiss-Award-for-Excellence-2019_Organisator-300x173.jpg 300w\" sizes=\"auto, (max-width: 680px) 100vw, 680px\" \/><figcaption id=\"caption-attachment-5432\" class=\"wp-caption-text\">Die Campus Sursee Crew feiert den Gewinn des Esprix Swiss Award for Excellence 2019. (Bild: zVg)<\/figcaption><\/figure>\n<p>Die W\u00fcrfel anl\u00e4sslich der Esprix Jubil\u00e4umsgala sind gefallen: Der Campus Sursee gewinnt den Esprix Swiss Award for Excellence 2019. Vorgeschlagen f\u00fcr den Award waren nebst dem Campus Sursee auch die &#8222;Tamedia AG, Verlagsdienstleistungen Druck und Logistik&#8220;, Z\u00fcrich sowie &#8222;die rodtegg, Stiftung f\u00fcr Menschen mit k\u00f6rperlicher Behinderung&#8220;, Luzern. Mit dem &#8222;Oscar der Schweizer Wirtschaft&#8220; werden herausragende Schweizer Unternehmen ausgezeichnet.\u00a0Ziel des Preises war und ist es, Wettbewerbsf\u00e4higkeit in allen unternehmerischen Bereichen zu f\u00f6rdern und die Schweizer und Liechtensteiner Wirtschaft \u00fcber einen Wettbewerb zu unternehmerischen H\u00f6chstleistungen zu motivieren. Der Esprix Award unterscheidet sich von allen anderen Schweizer Wirtschaftsauszeichnungen, weil dieser hart und oftmals \u00fcber Jahre hinweg erarbeitet werden muss.<\/p>\n<h2>Gl\u00fccklicher Gewinner<\/h2>\n<p>Der Campus Sursee wurde 1972 gegr\u00fcndet zur F\u00f6rderung der Berufsbildung in der Schweizer Bauwirtschaft und ist heute ein f\u00fchrendes Schweizer Bildungs- und Seminarzentrum f\u00fcr alle am Bauprozess beteiligten Fachleute. Aber auch bei anderen Branchen ist er beliebt f\u00fcr seine konsequente Kundenorientierung, seine Leistungsf\u00e4higkeit und sein angenehmes Lernumfeld. Die Stiftung Campus Sursee ist Eignerin der Bildungszentrum Bau AG und der Seminarzentrum AG. Unter der Dachmarke Campus Sursee werden alle Aktivit\u00e4ten des Bildungszentrums Bau, des Seminarzentrums und der Stiftung geb\u00fcndelt. Neuestens etabliert sich der Campus Sursee mit der Sportarena sowohl im professionellen Sportbereich als Trainings- und Wettkampfstandort und im Breitensport als \u00f6ffentliche Sportst\u00e4tte f\u00fcr Vereine, Schulen und die Region. Und am 14. Mai 2019 wurde das Gel\u00e4nde vom Bundesamt f\u00fcr Energie (BFE) als &#8222;2000-Watt-Areal&#8220; ausgezeichnet.<\/p>\n<p>Campus Direktor Daniel Suter zeigte sich \u00fcbergl\u00fccklich bei der Preis\u00fcbergabe vor rund 230 geladenen G\u00e4sten aus Wirtschaft, Wissenschaft und Politik im B\u00fcrgenstock Resort: &#8222;Wir haben bewiesen, dass wir zu den Besten geh\u00f6ren und sind stolz auf die Leistungen unseres Teams. Der Award wird unsere Vorbildfunktion in der Bauwirtschaft und unser Image als Ganzes st\u00e4rken&#8220;, so Suter. &#8222;Schliesslich profitieren nat\u00fcrlich auch unsere Kundinnen und Kunden von unserer ausgewiesenen Servicequalit\u00e4t.&#8220;<\/p>\n<h2>Auf Herz und Nieren gepr\u00fcft<\/h2>\n<p>Unabh\u00e4ngige Assessoren haben die nominierten Unternehmen w\u00e4hrend einer Woche auf Herz und Nieren gepr\u00fcft. Die Beurteilung basiert auf den Grundlagen des EFQM Excellence Modells der European Foundation for Quality Management (EFQM). Dieses hilft Unternehmen und Organisationen, sich nachhaltig und stetig zu verbessern. Der Campus Sursee, der zuvor bereits ein Management-system nach ISO-Normen eingef\u00fchrt hatte, arbeitet seit 2015 auch nach dem EFQM-Modell. Heute zeigt sich der Campus Sursee in verschiedensten Bereichen &#8222;exzellent&#8220;. Ein wichtiger Erfolgsfaktor sind die Mitarbeiterinnen und Mitarbeiter. &#8222;Sie kennen unsere Strategie und Vision und wissen pers\u00f6nliche Freir\u00e4ume gewinnbringend zu nutzen&#8220;, so Suter. Dieser Freiraum m\u00fcndet in der Realisierung von eindr\u00fccklichen Projekten. Die neue Sportarena, die Blended Learning Lehrg\u00e4nge im Bildungszentrum Bau oder die Zertifizierung zum umweltfreundlichen 2000-Watt-Areal sind nur ein paar Beispiele. Dies alles wiederum f\u00fchrt zu einer hohen Mitarbeiterzufriedenheit und einer tiefen Fluktuationsrate. Oder in Suters Worten: &#8222;Unsere Mitarbeitenden sind stolz darauf, beim Campus Sursee zu arbeiten.&#8220;<\/p>\n<p><em>Quelle und weitere Informationen: <a href=\"http:\/\/www.campus-sursee.ch\">www.campus-sursee.ch<\/a><\/em><\/p>\n","protected":false},"excerpt":{"rendered":"<p>Die W\u00fcrfel anl\u00e4sslich der Esprix Jubil\u00e4umsgala sind gefallen: Der Campus Sursee gewinnt den Esprix Swiss Award for Excellence 2019. Vorgeschlagen f\u00fcr den Award waren nebst dem Campus Sursee auch die &#8222;Tamedia AG, Verlagsdienstleistungen Druck und Logistik&#8220;, Z\u00fcrich sowie &#8222;die rodtegg, Stiftung f\u00fcr Menschen mit k\u00f6rperlicher Behinderung&#8220;, Luzern. Mit dem &#8222;Oscar der Schweizer Wirtschaft&#8220; werden herausragende [&hellip;]<\/p>\n","protected":false},"author":4,"featured_media":5432,"comment_status":"open","ping_status":"open","sticky":false,"template":"","format":"standard","meta":{"_acf_changed":false,"_yoast_wpseo_focuskw":"Esprix Swiss Award for Excellence","_yoast_wpseo_metadesc":"Der Esprix Swiss Award for Excellence 2019 wurde am 21. Juni 2019 anl\u00e4sslich der 20-Jahre-Jubil\u00e4umsfeier des Esprix Forums an den Campus Sursee vergeben.","articlekey":"","footnotes":""},"categories":[28],"tags":[66,103,335,492],"class_list":["post-5431","post","type-post","status-publish","format-standard","has-post-thumbnail","hentry","category-management","tag-awards","tag-business-excellence","tag-management-und-unternehmensfuehrung","tag-unternehmen"],"acf":[],"yoast_head":"<!-- This site is optimized with the Yoast SEO plugin v27.5 - https:\/\/yoast.com\/product\/yoast-seo-wordpress\/ -->\n<title>Campus Sursee gewinnt den Esprix Swiss Award for Excellence 2019 - Organisator<\/title>\n<meta name=\"description\" content=\"Der Esprix Swiss Award for Excellence 2019 wurde am 21. Juni 2019 anl\u00e4sslich der 20-Jahre-Jubil\u00e4umsfeier des Esprix Forums an den Campus Sursee vergeben.\" \/>\n<meta name=\"robots\" content=\"index, follow, max-snippet:-1, max-image-preview:large, max-video-preview:-1\" \/>\n<link rel=\"canonical\" href=\"https:\/\/www.organisator.ch\/de\/management\/2019-06-24\/campus-sursee-gewinnt-den-esprix-swiss-award-for-excellence-2019\/\" \/>\n<meta property=\"og:locale\" content=\"de_DE\" \/>\n<meta property=\"og:type\" content=\"article\" \/>\n<meta property=\"og:title\" content=\"Campus Sursee gewinnt den Esprix Swiss Award for Excellence 2019\" \/>\n<meta property=\"og:description\" content=\"Der Esprix Swiss Award for Excellence 2019 wurde am 21. Juni 2019 anl\u00e4sslich der 20-Jahre-Jubil\u00e4umsfeier des Esprix Forums an den Campus Sursee vergeben.\" \/>\n<meta property=\"og:url\" content=\"https:\/\/www.organisator.ch\/de\/management\/2019-06-24\/campus-sursee-gewinnt-den-esprix-swiss-award-for-excellence-2019\/\" \/>\n<meta property=\"og:site_name\" content=\"Organisator\" \/>\n<meta property=\"article:publisher\" content=\"https:\/\/www.facebook.com\/OrganisatorFachmagazin\" \/>\n<meta property=\"article:published_time\" content=\"2019-06-24T06:12:12+00:00\" \/>\n<meta property=\"og:image\" content=\"https:\/\/www.organisator.ch\/wp-content\/uploads\/2019\/06\/Campus-Sursee-gewinnt-den-Esprix-Swiss-Award-for-Excellence-2019_Organisator.jpg\" \/>\n\t<meta property=\"og:image:width\" content=\"680\" \/>\n\t<meta property=\"og:image:height\" content=\"392\" \/>\n\t<meta property=\"og:image:type\" content=\"image\/jpeg\" \/>\n<meta name=\"author\" content=\"thomas.berner\" \/>\n<meta name=\"twitter:card\" content=\"summary_large_image\" \/>\n<meta name=\"twitter:title\" content=\"Campus Sursee gewinnt den #Esprix Swiss Award for Excellence 2019\" \/>\n<meta name=\"twitter:description\" content=\"Der #Esprix Swiss Award for Excellence 2019 wurde am 21. Juni 2019 anl\u00e4sslich der 20-Jahre-Jubil\u00e4umsfeier des Esprix Forums an den Campus Sursee vergeben.\" \/>\n<meta name=\"twitter:image\" content=\"https:\/\/www.organisator.ch\/wp-content\/uploads\/2019\/06\/Campus-Sursee-gewinnt-den-Esprix-Swiss-Award-for-Excellence-2019_Organisator.jpg\" \/>\n<script type=\"application\/ld+json\" class=\"yoast-schema-graph\">{\"@context\":\"https:\\\/\\\/schema.org\",\"@graph\":[{\"@type\":\"Article\",\"@id\":\"https:\\\/\\\/www.organisator.ch\\\/management\\\/2019-06-24\\\/campus-sursee-gewinnt-den-esprix-swiss-award-for-excellence-2019\\\/#article\",\"isPartOf\":{\"@id\":\"https:\\\/\\\/www.organisator.ch\\\/management\\\/2019-06-24\\\/campus-sursee-gewinnt-den-esprix-swiss-award-for-excellence-2019\\\/\"},\"author\":{\"name\":\"thomas.berner\",\"@id\":\"https:\\\/\\\/www.organisator.ch\\\/#\\\/schema\\\/person\\\/6f650f90b2842cd4c0cc334b4e36f67e\"},\"headline\":\"Campus Sursee gewinnt den Esprix Swiss Award for Excellence 2019\",\"datePublished\":\"2019-06-24T06:12:12+00:00\",\"mainEntityOfPage\":{\"@id\":\"https:\\\/\\\/www.organisator.ch\\\/management\\\/2019-06-24\\\/campus-sursee-gewinnt-den-esprix-swiss-award-for-excellence-2019\\\/\"},\"wordCount\":529,\"commentCount\":0,\"publisher\":{\"@id\":\"https:\\\/\\\/www.organisator.ch\\\/#organization\"},\"image\":{\"@id\":\"https:\\\/\\\/www.organisator.ch\\\/management\\\/2019-06-24\\\/campus-sursee-gewinnt-den-esprix-swiss-award-for-excellence-2019\\\/#primaryimage\"},\"thumbnailUrl\":\"https:\\\/\\\/www.organisator.ch\\\/wp-content\\\/uploads\\\/2019\\\/06\\\/Campus-Sursee-gewinnt-den-Esprix-Swiss-Award-for-Excellence-2019_Organisator.jpg\",\"keywords\":[\"Awards\",\"Business Excellence\",\"Management und Unternehmensf\u00fchrung\",\"Unternehmen\"],\"articleSection\":[\"MANAGEMENT\"],\"inLanguage\":\"de\"},{\"@type\":\"WebPage\",\"@id\":\"https:\\\/\\\/www.organisator.ch\\\/management\\\/2019-06-24\\\/campus-sursee-gewinnt-den-esprix-swiss-award-for-excellence-2019\\\/\",\"url\":\"https:\\\/\\\/www.organisator.ch\\\/management\\\/2019-06-24\\\/campus-sursee-gewinnt-den-esprix-swiss-award-for-excellence-2019\\\/\",\"name\":\"Campus Sursee gewinnt den Esprix Swiss Award for Excellence 2019 - Organisator\",\"isPartOf\":{\"@id\":\"https:\\\/\\\/www.organisator.ch\\\/#website\"},\"primaryImageOfPage\":{\"@id\":\"https:\\\/\\\/www.organisator.ch\\\/management\\\/2019-06-24\\\/campus-sursee-gewinnt-den-esprix-swiss-award-for-excellence-2019\\\/#primaryimage\"},\"image\":{\"@id\":\"https:\\\/\\\/www.organisator.ch\\\/management\\\/2019-06-24\\\/campus-sursee-gewinnt-den-esprix-swiss-award-for-excellence-2019\\\/#primaryimage\"},\"thumbnailUrl\":\"https:\\\/\\\/www.organisator.ch\\\/wp-content\\\/uploads\\\/2019\\\/06\\\/Campus-Sursee-gewinnt-den-Esprix-Swiss-Award-for-Excellence-2019_Organisator.jpg\",\"datePublished\":\"2019-06-24T06:12:12+00:00\",\"description\":\"Der Esprix Swiss Award for Excellence 2019 wurde am 21. Juni 2019 anl\u00e4sslich der 20-Jahre-Jubil\u00e4umsfeier des Esprix Forums an den Campus Sursee vergeben.\",\"breadcrumb\":{\"@id\":\"https:\\\/\\\/www.organisator.ch\\\/management\\\/2019-06-24\\\/campus-sursee-gewinnt-den-esprix-swiss-award-for-excellence-2019\\\/#breadcrumb\"},\"inLanguage\":\"de\",\"potentialAction\":[{\"@type\":\"ReadAction\",\"target\":[\"https:\\\/\\\/www.organisator.ch\\\/management\\\/2019-06-24\\\/campus-sursee-gewinnt-den-esprix-swiss-award-for-excellence-2019\\\/\"]}]},{\"@type\":\"ImageObject\",\"inLanguage\":\"de\",\"@id\":\"https:\\\/\\\/www.organisator.ch\\\/management\\\/2019-06-24\\\/campus-sursee-gewinnt-den-esprix-swiss-award-for-excellence-2019\\\/#primaryimage\",\"url\":\"https:\\\/\\\/www.organisator.ch\\\/wp-content\\\/uploads\\\/2019\\\/06\\\/Campus-Sursee-gewinnt-den-Esprix-Swiss-Award-for-Excellence-2019_Organisator.jpg\",\"contentUrl\":\"https:\\\/\\\/www.organisator.ch\\\/wp-content\\\/uploads\\\/2019\\\/06\\\/Campus-Sursee-gewinnt-den-Esprix-Swiss-Award-for-Excellence-2019_Organisator.jpg\",\"width\":680,\"height\":392,\"caption\":\"Die Campus Sursee Crew feiert den Gewinn des Esprix Swiss Award for Excellence 2019.\"},{\"@type\":\"BreadcrumbList\",\"@id\":\"https:\\\/\\\/www.organisator.ch\\\/management\\\/2019-06-24\\\/campus-sursee-gewinnt-den-esprix-swiss-award-for-excellence-2019\\\/#breadcrumb\",\"itemListElement\":[{\"@type\":\"ListItem\",\"position\":1,\"name\":\"Home\",\"item\":\"https:\\\/\\\/www.organisator.ch\\\/\"},{\"@type\":\"ListItem\",\"position\":2,\"name\":\"Campus Sursee gewinnt den Esprix Swiss Award for Excellence 2019\"}]},{\"@type\":\"WebSite\",\"@id\":\"https:\\\/\\\/www.organisator.ch\\\/#website\",\"url\":\"https:\\\/\\\/www.organisator.ch\\\/\",\"name\":\"Organisator\",\"description\":\"Kompetent. Praxisnah. Der ORGANISATOR bereitet in 10 Ausgaben pro Jahr die wesentlichen Themen f\u00fcr F\u00fchrungskr\u00e4fte von KMU auf.\",\"publisher\":{\"@id\":\"https:\\\/\\\/www.organisator.ch\\\/#organization\"},\"potentialAction\":[{\"@type\":\"SearchAction\",\"target\":{\"@type\":\"EntryPoint\",\"urlTemplate\":\"https:\\\/\\\/www.organisator.ch\\\/?s={search_term_string}\"},\"query-input\":{\"@type\":\"PropertyValueSpecification\",\"valueRequired\":true,\"valueName\":\"search_term_string\"}}],\"inLanguage\":\"de\"},{\"@type\":\"Organization\",\"@id\":\"https:\\\/\\\/www.organisator.ch\\\/#organization\",\"name\":\"Organisator\",\"url\":\"https:\\\/\\\/www.organisator.ch\\\/\",\"logo\":{\"@type\":\"ImageObject\",\"inLanguage\":\"de\",\"@id\":\"https:\\\/\\\/www.organisator.ch\\\/#\\\/schema\\\/logo\\\/image\\\/\",\"url\":\"https:\\\/\\\/www.organisator.ch\\\/wp-content\\\/uploads\\\/2022\\\/01\\\/Logo_Organisator_Website.png\",\"contentUrl\":\"https:\\\/\\\/www.organisator.ch\\\/wp-content\\\/uploads\\\/2022\\\/01\\\/Logo_Organisator_Website.png\",\"width\":800,\"height\":77,\"caption\":\"Organisator\"},\"image\":{\"@id\":\"https:\\\/\\\/www.organisator.ch\\\/#\\\/schema\\\/logo\\\/image\\\/\"},\"sameAs\":[\"https:\\\/\\\/www.facebook.com\\\/OrganisatorFachmagazin\",\"https:\\\/\\\/www.linkedin.com\\\/showcase\\\/organisator-das-magazin-fr-kmu\",\"https:\\\/\\\/www.xing.com\\\/news\\\/pages\\\/organisator-ch-695\",\"https:\\\/\\\/www.youtube.com\\\/channel\\\/UCGP2Sq0iWaZwT3BdIAQFYpw\"]},{\"@type\":\"Person\",\"@id\":\"https:\\\/\\\/www.organisator.ch\\\/#\\\/schema\\\/person\\\/6f650f90b2842cd4c0cc334b4e36f67e\",\"name\":\"thomas.berner\",\"image\":{\"@type\":\"ImageObject\",\"inLanguage\":\"de\",\"@id\":\"https:\\\/\\\/secure.gravatar.com\\\/avatar\\\/ac5001d2a36cb6c6cd3e50789007ffca834b477b74a2144564522e944eabff61?s=96&d=mm&r=g\",\"url\":\"https:\\\/\\\/secure.gravatar.com\\\/avatar\\\/ac5001d2a36cb6c6cd3e50789007ffca834b477b74a2144564522e944eabff61?s=96&d=mm&r=g\",\"contentUrl\":\"https:\\\/\\\/secure.gravatar.com\\\/avatar\\\/ac5001d2a36cb6c6cd3e50789007ffca834b477b74a2144564522e944eabff61?s=96&d=mm&r=g\",\"caption\":\"thomas.berner\"},\"url\":\"https:\\\/\\\/www.organisator.ch\\\/de\\\/author\\\/thomas-berner\\\/\"}]}<\/script>\n<!-- \/ Yoast SEO plugin. -->","yoast_head_json":{"title":"Campus Sursee gewinnt den Esprix Swiss Award for Excellence 2019 - Organisator","description":"Der Esprix Swiss Award for Excellence 2019 wurde am 21. Juni 2019 anl\u00e4sslich der 20-Jahre-Jubil\u00e4umsfeier des Esprix Forums an den Campus Sursee vergeben.","robots":{"index":"index","follow":"follow","max-snippet":"max-snippet:-1","max-image-preview":"max-image-preview:large","max-video-preview":"max-video-preview:-1"},"canonical":"https:\/\/www.organisator.ch\/de\/management\/2019-06-24\/campus-sursee-gewinnt-den-esprix-swiss-award-for-excellence-2019\/","og_locale":"de_DE","og_type":"article","og_title":"Campus Sursee gewinnt den Esprix Swiss Award for Excellence 2019","og_description":"Der Esprix Swiss Award for Excellence 2019 wurde am 21. Juni 2019 anl\u00e4sslich der 20-Jahre-Jubil\u00e4umsfeier des Esprix Forums an den Campus Sursee vergeben.","og_url":"https:\/\/www.organisator.ch\/de\/management\/2019-06-24\/campus-sursee-gewinnt-den-esprix-swiss-award-for-excellence-2019\/","og_site_name":"Organisator","article_publisher":"https:\/\/www.facebook.com\/OrganisatorFachmagazin","article_published_time":"2019-06-24T06:12:12+00:00","og_image":[{"width":680,"height":392,"url":"https:\/\/www.organisator.ch\/wp-content\/uploads\/2019\/06\/Campus-Sursee-gewinnt-den-Esprix-Swiss-Award-for-Excellence-2019_Organisator.jpg","type":"image\/jpeg"}],"author":"thomas.berner","twitter_card":"summary_large_image","twitter_title":"Campus Sursee gewinnt den #Esprix Swiss Award for Excellence 2019","twitter_description":"Der #Esprix Swiss Award for Excellence 2019 wurde am 21. Juni 2019 anl\u00e4sslich der 20-Jahre-Jubil\u00e4umsfeier des Esprix Forums an den Campus Sursee vergeben.","twitter_image":"https:\/\/www.organisator.ch\/wp-content\/uploads\/2019\/06\/Campus-Sursee-gewinnt-den-Esprix-Swiss-Award-for-Excellence-2019_Organisator.jpg","schema":{"@context":"https:\/\/schema.org","@graph":[{"@type":"Article","@id":"https:\/\/www.organisator.ch\/management\/2019-06-24\/campus-sursee-gewinnt-den-esprix-swiss-award-for-excellence-2019\/#article","isPartOf":{"@id":"https:\/\/www.organisator.ch\/management\/2019-06-24\/campus-sursee-gewinnt-den-esprix-swiss-award-for-excellence-2019\/"},"author":{"name":"thomas.berner","@id":"https:\/\/www.organisator.ch\/#\/schema\/person\/6f650f90b2842cd4c0cc334b4e36f67e"},"headline":"Campus Sursee gewinnt den Esprix Swiss Award for Excellence 2019","datePublished":"2019-06-24T06:12:12+00:00","mainEntityOfPage":{"@id":"https:\/\/www.organisator.ch\/management\/2019-06-24\/campus-sursee-gewinnt-den-esprix-swiss-award-for-excellence-2019\/"},"wordCount":529,"commentCount":0,"publisher":{"@id":"https:\/\/www.organisator.ch\/#organization"},"image":{"@id":"https:\/\/www.organisator.ch\/management\/2019-06-24\/campus-sursee-gewinnt-den-esprix-swiss-award-for-excellence-2019\/#primaryimage"},"thumbnailUrl":"https:\/\/www.organisator.ch\/wp-content\/uploads\/2019\/06\/Campus-Sursee-gewinnt-den-Esprix-Swiss-Award-for-Excellence-2019_Organisator.jpg","keywords":["Awards","Business Excellence","Management und Unternehmensf\u00fchrung","Unternehmen"],"articleSection":["MANAGEMENT"],"inLanguage":"de"},{"@type":"WebPage","@id":"https:\/\/www.organisator.ch\/management\/2019-06-24\/campus-sursee-gewinnt-den-esprix-swiss-award-for-excellence-2019\/","url":"https:\/\/www.organisator.ch\/management\/2019-06-24\/campus-sursee-gewinnt-den-esprix-swiss-award-for-excellence-2019\/","name":"Campus Sursee gewinnt den Esprix Swiss Award for Excellence 2019 - Organisator","isPartOf":{"@id":"https:\/\/www.organisator.ch\/#website"},"primaryImageOfPage":{"@id":"https:\/\/www.organisator.ch\/management\/2019-06-24\/campus-sursee-gewinnt-den-esprix-swiss-award-for-excellence-2019\/#primaryimage"},"image":{"@id":"https:\/\/www.organisator.ch\/management\/2019-06-24\/campus-sursee-gewinnt-den-esprix-swiss-award-for-excellence-2019\/#primaryimage"},"thumbnailUrl":"https:\/\/www.organisator.ch\/wp-content\/uploads\/2019\/06\/Campus-Sursee-gewinnt-den-Esprix-Swiss-Award-for-Excellence-2019_Organisator.jpg","datePublished":"2019-06-24T06:12:12+00:00","description":"Der Esprix Swiss Award for Excellence 2019 wurde am 21. Juni 2019 anl\u00e4sslich der 20-Jahre-Jubil\u00e4umsfeier des Esprix Forums an den Campus Sursee vergeben.","breadcrumb":{"@id":"https:\/\/www.organisator.ch\/management\/2019-06-24\/campus-sursee-gewinnt-den-esprix-swiss-award-for-excellence-2019\/#breadcrumb"},"inLanguage":"de","potentialAction":[{"@type":"ReadAction","target":["https:\/\/www.organisator.ch\/management\/2019-06-24\/campus-sursee-gewinnt-den-esprix-swiss-award-for-excellence-2019\/"]}]},{"@type":"ImageObject","inLanguage":"de","@id":"https:\/\/www.organisator.ch\/management\/2019-06-24\/campus-sursee-gewinnt-den-esprix-swiss-award-for-excellence-2019\/#primaryimage","url":"https:\/\/www.organisator.ch\/wp-content\/uploads\/2019\/06\/Campus-Sursee-gewinnt-den-Esprix-Swiss-Award-for-Excellence-2019_Organisator.jpg","contentUrl":"https:\/\/www.organisator.ch\/wp-content\/uploads\/2019\/06\/Campus-Sursee-gewinnt-den-Esprix-Swiss-Award-for-Excellence-2019_Organisator.jpg","width":680,"height":392,"caption":"Die Campus Sursee Crew feiert den Gewinn des Esprix Swiss Award for Excellence 2019."},{"@type":"BreadcrumbList","@id":"https:\/\/www.organisator.ch\/management\/2019-06-24\/campus-sursee-gewinnt-den-esprix-swiss-award-for-excellence-2019\/#breadcrumb","itemListElement":[{"@type":"ListItem","position":1,"name":"Home","item":"https:\/\/www.organisator.ch\/"},{"@type":"ListItem","position":2,"name":"Campus Sursee gewinnt den Esprix Swiss Award for Excellence 2019"}]},{"@type":"WebSite","@id":"https:\/\/www.organisator.ch\/#website","url":"https:\/\/www.organisator.ch\/","name":"Organisator","description":"Kompetent. Praxisnah. Der ORGANISATOR bereitet in 10 Ausgaben pro Jahr die wesentlichen Themen f\u00fcr F\u00fchrungskr\u00e4fte von KMU auf.","publisher":{"@id":"https:\/\/www.organisator.ch\/#organization"},"potentialAction":[{"@type":"SearchAction","target":{"@type":"EntryPoint","urlTemplate":"https:\/\/www.organisator.ch\/?s={search_term_string}"},"query-input":{"@type":"PropertyValueSpecification","valueRequired":true,"valueName":"search_term_string"}}],"inLanguage":"de"},{"@type":"Organization","@id":"https:\/\/www.organisator.ch\/#organization","name":"Organisator","url":"https:\/\/www.organisator.ch\/","logo":{"@type":"ImageObject","inLanguage":"de","@id":"https:\/\/www.organisator.ch\/#\/schema\/logo\/image\/","url":"https:\/\/www.organisator.ch\/wp-content\/uploads\/2022\/01\/Logo_Organisator_Website.png","contentUrl":"https:\/\/www.organisator.ch\/wp-content\/uploads\/2022\/01\/Logo_Organisator_Website.png","width":800,"height":77,"caption":"Organisator"},"image":{"@id":"https:\/\/www.organisator.ch\/#\/schema\/logo\/image\/"},"sameAs":["https:\/\/www.facebook.com\/OrganisatorFachmagazin","https:\/\/www.linkedin.com\/showcase\/organisator-das-magazin-fr-kmu","https:\/\/www.xing.com\/news\/pages\/organisator-ch-695","https:\/\/www.youtube.com\/channel\/UCGP2Sq0iWaZwT3BdIAQFYpw"]},{"@type":"Person","@id":"https:\/\/www.organisator.ch\/#\/schema\/person\/6f650f90b2842cd4c0cc334b4e36f67e","name":"thomas.berner","image":{"@type":"ImageObject","inLanguage":"de","@id":"https:\/\/secure.gravatar.com\/avatar\/ac5001d2a36cb6c6cd3e50789007ffca834b477b74a2144564522e944eabff61?s=96&d=mm&r=g","url":"https:\/\/secure.gravatar.com\/avatar\/ac5001d2a36cb6c6cd3e50789007ffca834b477b74a2144564522e944eabff61?s=96&d=mm&r=g","contentUrl":"https:\/\/secure.gravatar.com\/avatar\/ac5001d2a36cb6c6cd3e50789007ffca834b477b74a2144564522e944eabff61?s=96&d=mm&r=g","caption":"thomas.berner"},"url":"https:\/\/www.organisator.ch\/de\/author\/thomas-berner\/"}]}},"_links":{"self":[{"href":"https:\/\/www.organisator.ch\/de\/wp-json\/wp\/v2\/posts\/5431","targetHints":{"allow":["GET"]}}],"collection":[{"href":"https:\/\/www.organisator.ch\/de\/wp-json\/wp\/v2\/posts"}],"about":[{"href":"https:\/\/www.organisator.ch\/de\/wp-json\/wp\/v2\/types\/post"}],"author":[{"embeddable":true,"href":"https:\/\/www.organisator.ch\/de\/wp-json\/wp\/v2\/users\/4"}],"replies":[{"embeddable":true,"href":"https:\/\/www.organisator.ch\/de\/wp-json\/wp\/v2\/comments?post=5431"}],"version-history":[{"count":0,"href":"https:\/\/www.organisator.ch\/de\/wp-json\/wp\/v2\/posts\/5431\/revisions"}],"wp:featuredmedia":[{"embeddable":true,"href":"https:\/\/www.organisator.ch\/de\/wp-json\/wp\/v2\/media\/5432"}],"wp:attachment":[{"href":"https:\/\/www.organisator.ch\/de\/wp-json\/wp\/v2\/media?parent=5431"}],"wp:term":[{"taxonomy":"category","embeddable":true,"href":"https:\/\/www.organisator.ch\/de\/wp-json\/wp\/v2\/categories?post=5431"},{"taxonomy":"post_tag","embeddable":true,"href":"https:\/\/www.organisator.ch\/de\/wp-json\/wp\/v2\/tags?post=5431"}],"curies":[{"name":"wp","href":"https:\/\/api.w.org\/{rel}","templated":true}]}}