{"id":5435,"date":"2019-06-25T08:20:08","date_gmt":"2019-06-25T06:20:08","guid":{"rendered":"https:\/\/www.organisator.ch\/?p=5435"},"modified":"2019-06-25T08:20:08","modified_gmt":"2019-06-25T06:20:08","slug":"alpensymposium-verspricht-nach-boxenstopp-2020-wieder-erlebnis","status":"publish","type":"post","link":"https:\/\/www.organisator.ch\/de\/allgemein\/2019-06-25\/alpensymposium-verspricht-nach-boxenstopp-2020-wieder-erlebnis\/","title":{"rendered":"Alpensymposium verspricht nach Boxenstopp 2020 wieder Erlebnis"},"content":{"rendered":"<figure id=\"attachment_5436\" aria-describedby=\"caption-attachment-5436\" style=\"width: 680px\" class=\"wp-caption alignnone\"><img loading=\"lazy\" decoding=\"async\" class=\"size-medium wp-image-5436\" src=\"https:\/\/www.organisator.ch\/wp-content\/uploads\/2019\/06\/Alpensymposium-verspricht-nach-Boxenstopp-2020-wieder-Erlebnis-1_Organisator.jpg\" alt=\"\" width=\"680\" height=\"375\" srcset=\"https:\/\/www.organisator.ch\/wp-content\/uploads\/2019\/06\/Alpensymposium-verspricht-nach-Boxenstopp-2020-wieder-Erlebnis-1_Organisator.jpg 680w, https:\/\/www.organisator.ch\/wp-content\/uploads\/2019\/06\/Alpensymposium-verspricht-nach-Boxenstopp-2020-wieder-Erlebnis-1_Organisator-16x9.jpg 16w, https:\/\/www.organisator.ch\/wp-content\/uploads\/2019\/06\/Alpensymposium-verspricht-nach-Boxenstopp-2020-wieder-Erlebnis-1_Organisator-317x175.jpg 317w, https:\/\/www.organisator.ch\/wp-content\/uploads\/2019\/06\/Alpensymposium-verspricht-nach-Boxenstopp-2020-wieder-Erlebnis-1_Organisator-635x350.jpg 635w, https:\/\/www.organisator.ch\/wp-content\/uploads\/2019\/06\/Alpensymposium-verspricht-nach-Boxenstopp-2020-wieder-Erlebnis-1_Organisator-300x165.jpg 300w\" sizes=\"auto, (max-width: 680px) 100vw, 680px\" \/><figcaption id=\"caption-attachment-5436\" class=\"wp-caption-text\">Das Alpensymposium im Interlaken soll 2020 wieder zu einem Erlebnis werden. (Bild: zVg)<\/figcaption><\/figure>\n<p>\u00abInnovationen, Kreationen und Emotionen sind die Ingredienzen, die mich voll motiviert haben, nach einem Jahr Pause, die 17. Ausgabe des Alpensymposiums in Angriff zu nehmen\u00bb, erkl\u00e4rt der Gr\u00fcnder und Gastgeber Oliver Stoldt. \u00abIch will den Teilnehmenden am 14. und 15. Januar im Victoria-Jungfrau Grand Hotel &amp; Spa Erlebnisse bieten, die sie sowohl gesch\u00e4ftlich wie auch privat inspirieren\u00bb. Stoldt ist \u00fcberzeugt, dass eine z\u00fcndende Idee, eine Vision, am Anfang allen Erfolges steht. Da sind nicht nur die Jobs, Musks, Zuckerbergs, Gates und Pages, die innovativ, inspiriert und vor allem mit Intensit\u00e4t zu globalem Erfolg f\u00fchrten und sogar die Welt ver\u00e4nderten. Auch am Anfang vieler erfolgreicher KMU\u2019s und Start-ups steht ein Geistesblitz, eine Eingebung, die mit grosser Ausdauer und Eindringlichkeit gewinnbringend umgesetzt wird.<\/p>\n<h2>Futurist mit Perspektiven<\/h2>\n<p>Bereits gebucht ist Chris Riddell, ein preisgekr\u00f6nter globaler Futurist und anerkannter Speaker \u00fcber aufkommende Trends in der hyperverbundenen digitalen Welt. Seine globale Kompetenz bietet einzigartige Perspektiven und Einblicke f\u00fcr Unternehmen der Zukunft. Mit einem Talent f\u00fcr die Analyse neuer Tendenzen, Muster und Verhaltensweisen sind Chris Riddell\u2019s Erkenntnisse \u00fcberzeugend, nachdenklich und inspirierend. Als Speaker bietet er dem Publikum das Werkzeug und das Wissen, um dessen digitale Reise in eine Erfolgsgeschichte zu verwandeln.<\/p>\n<figure id=\"attachment_5437\" aria-describedby=\"caption-attachment-5437\" style=\"width: 680px\" class=\"wp-caption alignnone\"><img loading=\"lazy\" decoding=\"async\" class=\"size-medium wp-image-5437\" src=\"https:\/\/www.organisator.ch\/wp-content\/uploads\/2019\/06\/Alpensymposium-verspricht-nach-Boxenstopp-2020-wieder-Erlebnis-2_Organisator.jpg\" alt=\"\" width=\"680\" height=\"542\" srcset=\"https:\/\/www.organisator.ch\/wp-content\/uploads\/2019\/06\/Alpensymposium-verspricht-nach-Boxenstopp-2020-wieder-Erlebnis-2_Organisator.jpg 680w, https:\/\/www.organisator.ch\/wp-content\/uploads\/2019\/06\/Alpensymposium-verspricht-nach-Boxenstopp-2020-wieder-Erlebnis-2_Organisator-16x12.jpg 16w, https:\/\/www.organisator.ch\/wp-content\/uploads\/2019\/06\/Alpensymposium-verspricht-nach-Boxenstopp-2020-wieder-Erlebnis-2_Organisator-220x175.jpg 220w, https:\/\/www.organisator.ch\/wp-content\/uploads\/2019\/06\/Alpensymposium-verspricht-nach-Boxenstopp-2020-wieder-Erlebnis-2_Organisator-439x350.jpg 439w, https:\/\/www.organisator.ch\/wp-content\/uploads\/2019\/06\/Alpensymposium-verspricht-nach-Boxenstopp-2020-wieder-Erlebnis-2_Organisator-300x239.jpg 300w\" sizes=\"auto, (max-width: 680px) 100vw, 680px\" \/><figcaption id=\"caption-attachment-5437\" class=\"wp-caption-text\">Oliver Stoldt hat das Alpensymposium zu einem erfolgreichen Anlass f\u00fcr KMU entwickelt. (Bild: zVg)<\/figcaption><\/figure>\n<h2>It\u2019s Showtime\u2026<\/h2>\n<p>Christian Lindemann ist seit 20 Jahren mit Leidenschaft K\u00fcnstler, um andere Menschen zu unterhalten und zu faszinieren. Mit 1&#8217;500 Shows bei Cirque du Soleil feierte er als \u201eKing of Pickpockets\u201c globalen Erfolg. Als Speaker schl\u00e4gt er eine Br\u00fccke von den Showb\u00fchnen der Welt und den allt\u00e4glichen B\u00fchnen des Lebens und vermittelt mit Kreativit\u00e4t, Leidenschaft, Mut, Selbstvertrauen und Schlagfertigkeit die Techniken eines K\u00fcnstlers, um Menschen zu gewinnen, zu begeistern und Wirkung zu erzielen.<\/p>\n<h2>Wieder aufstehen nach einem schweren Schicksalsschlag<\/h2>\n<p>Auf dem Weg zu ihren dritten Olympischen Spielen und der weltbesten Radsportlerin aller Zeiten, erlitt die Deutsche Kristina Vogel 2018 einen schwerwiegenden Schicksalsschlag. Bei einer Kollision mit einem Juniorenfahrer zog sie sich mehrere Br\u00fcche und Verletzungen zu und blieb querschnittsgel\u00e4hmt. Drei Monate danach meldete sie sich mit einem emotionalen Interview zur\u00fcck an die \u00d6ffentlichkeit. Seither trotzt sie ihrem Schicksal und teilt dies mit der \u00d6ffentlichkeit als Vorbild. Mit ihrer ansteckenden Lebensenergie steht sie f\u00fcr den Glauben an sich selbst.<\/p>\n<h2>Neuer Moderator<\/h2>\n<p>Neu wird der bekannte SRF-Tagesschau-Moderator und erfahrene Auslandkorrespondent Florian Inhauser die zweit\u00e4gige Veranstaltung moderieren. Das Alpensymposium f\u00fchrt im Victoria-Jungfrau Grand Hotel &amp; Spa in Interlaken regelm\u00e4ssig 950 Teilnehmerinnen und Teilnehmer zusammen. Bei Entrepreneurs, CEO\u2019s, innovativen Unternehmerinnen und Unternehmern sowie Vertretern von KMU\u2019s hat sich der Event als einer der f\u00fchrenden Anl\u00e4sse f\u00fcr Wissenstransfer und Networking etabliert. Das hat auch UPC Business und Xing \u00fcberzeugt, die Oliver Stoldt neu als Presenting Partner f\u00fcr das Alpensymposium gewinnen konnte. So kann das Ticket f\u00fcr das Alpensymposium neu sowohl \u00fcber die <a href=\"http:\/\/www.alpensymposium.ch\">Website der Veranstaltung<\/a> und \u00fcber <a href=\"https:\/\/www.xing.com\/events\/17-alpensymposium-2020-2035837\">Xing<\/a> direkt gebucht werden. Zu diesem Thema finden am 25. September 2019 die New Work Sessions in Z\u00fcrich statt, die XING und Premium Speakers in enger Kooperation veranstalten und durchf\u00fchren.<\/p>\n","protected":false},"excerpt":{"rendered":"<p>\u00abInnovationen, Kreationen und Emotionen sind die Ingredienzen, die mich voll motiviert haben, nach einem Jahr Pause, die 17. Ausgabe des Alpensymposiums in Angriff zu nehmen\u00bb, erkl\u00e4rt der Gr\u00fcnder und Gastgeber Oliver Stoldt. \u00abIch will den Teilnehmenden am 14. und 15. Januar im Victoria-Jungfrau Grand Hotel &amp; Spa Erlebnisse bieten, die sie sowohl gesch\u00e4ftlich wie auch [&hellip;]<\/p>\n","protected":false},"author":4,"featured_media":5436,"comment_status":"open","ping_status":"open","sticky":false,"template":"","format":"standard","meta":{"_acf_changed":false,"_yoast_wpseo_focuskw":"Alpensymposium","_yoast_wpseo_metadesc":"Nach einem einj\u00e4hrigen Boxenstopp ist das Alpensymposium 2020 wieder mit Vollgas am Start. Mit dabei sind ein neuer Moderator sowie erste Referenten.","articlekey":"","footnotes":""},"categories":[1],"tags":[193,393,468,508],"class_list":["post-5435","post","type-post","status-publish","format-standard","has-post-thumbnail","hentry","category-allgemein","tag-fachkongressfachmesse","tag-produkte","tag-tagung","tag-vermischtes"],"acf":[],"yoast_head":"<!-- This site is optimized with the Yoast SEO plugin v27.5 - https:\/\/yoast.com\/product\/yoast-seo-wordpress\/ -->\n<title>Alpensymposium verspricht nach Boxenstopp 2020 wieder Erlebnis - Organisator<\/title>\n<meta name=\"description\" content=\"Nach einem einj\u00e4hrigen Boxenstopp ist das Alpensymposium 2020 wieder mit Vollgas am Start. Mit dabei sind ein neuer Moderator sowie erste Referenten.\" \/>\n<meta name=\"robots\" content=\"index, follow, max-snippet:-1, max-image-preview:large, max-video-preview:-1\" \/>\n<link rel=\"canonical\" href=\"https:\/\/www.organisator.ch\/de\/allgemein\/2019-06-25\/alpensymposium-verspricht-nach-boxenstopp-2020-wieder-erlebnis\/\" \/>\n<meta property=\"og:locale\" content=\"de_DE\" \/>\n<meta property=\"og:type\" content=\"article\" \/>\n<meta property=\"og:title\" content=\"Alpensymposium verspricht nach Boxenstopp 2020 wieder Erlebnis\" \/>\n<meta property=\"og:description\" content=\"Nach einem einj\u00e4hrigen Boxenstopp ist das Alpensymposium 2020 wieder mit Vollgas am Start. Mit dabei sind ein neuer Moderator sowie erste Referenten.\" \/>\n<meta property=\"og:url\" content=\"https:\/\/www.organisator.ch\/de\/allgemein\/2019-06-25\/alpensymposium-verspricht-nach-boxenstopp-2020-wieder-erlebnis\/\" \/>\n<meta property=\"og:site_name\" content=\"Organisator\" \/>\n<meta property=\"article:publisher\" content=\"https:\/\/www.facebook.com\/OrganisatorFachmagazin\" \/>\n<meta property=\"article:published_time\" content=\"2019-06-25T06:20:08+00:00\" \/>\n<meta property=\"og:image\" content=\"https:\/\/www.organisator.ch\/wp-content\/uploads\/2019\/06\/Alpensymposium-verspricht-nach-Boxenstopp-2020-wieder-Erlebnis-1_Organisator.jpg\" \/>\n\t<meta property=\"og:image:width\" content=\"680\" \/>\n\t<meta property=\"og:image:height\" content=\"375\" \/>\n\t<meta property=\"og:image:type\" content=\"image\/jpeg\" \/>\n<meta name=\"author\" content=\"thomas.berner\" \/>\n<meta name=\"twitter:card\" content=\"summary_large_image\" \/>\n<meta name=\"twitter:title\" content=\"#Alpensymposium verspricht nach Boxenstopp 2020 wieder Erlebnis\" \/>\n<meta name=\"twitter:description\" content=\"Nach einem einj\u00e4hrigen Boxenstopp ist das #Alpensymposium2020 wieder mit Vollgas am Start. Mit dabei sind ein neuer Moderator sowie erste Referenten.\" \/>\n<meta name=\"twitter:image\" content=\"https:\/\/www.organisator.ch\/wp-content\/uploads\/2019\/06\/Alpensymposium-verspricht-nach-Boxenstopp-2020-wieder-Erlebnis-1_Organisator.jpg\" \/>\n<script type=\"application\/ld+json\" class=\"yoast-schema-graph\">{\"@context\":\"https:\\\/\\\/schema.org\",\"@graph\":[{\"@type\":\"Article\",\"@id\":\"https:\\\/\\\/www.organisator.ch\\\/de\\\/allgemein\\\/2019-06-25\\\/alpensymposium-verspricht-nach-boxenstopp-2020-wieder-erlebnis\\\/#article\",\"isPartOf\":{\"@id\":\"https:\\\/\\\/www.organisator.ch\\\/de\\\/allgemein\\\/2019-06-25\\\/alpensymposium-verspricht-nach-boxenstopp-2020-wieder-erlebnis\\\/\"},\"author\":{\"name\":\"thomas.berner\",\"@id\":\"https:\\\/\\\/www.organisator.ch\\\/#\\\/schema\\\/person\\\/6f650f90b2842cd4c0cc334b4e36f67e\"},\"headline\":\"Alpensymposium verspricht nach Boxenstopp 2020 wieder Erlebnis\",\"datePublished\":\"2019-06-25T06:20:08+00:00\",\"mainEntityOfPage\":{\"@id\":\"https:\\\/\\\/www.organisator.ch\\\/de\\\/allgemein\\\/2019-06-25\\\/alpensymposium-verspricht-nach-boxenstopp-2020-wieder-erlebnis\\\/\"},\"wordCount\":553,\"commentCount\":0,\"publisher\":{\"@id\":\"https:\\\/\\\/www.organisator.ch\\\/#organization\"},\"image\":{\"@id\":\"https:\\\/\\\/www.organisator.ch\\\/de\\\/allgemein\\\/2019-06-25\\\/alpensymposium-verspricht-nach-boxenstopp-2020-wieder-erlebnis\\\/#primaryimage\"},\"thumbnailUrl\":\"https:\\\/\\\/www.organisator.ch\\\/wp-content\\\/uploads\\\/2019\\\/06\\\/Alpensymposium-verspricht-nach-Boxenstopp-2020-wieder-Erlebnis-1_Organisator.jpg\",\"keywords\":[\"Fachkongress\\\/Fachmesse\",\"Produkte\",\"Tagung\",\"Vermischtes\"],\"inLanguage\":\"de\"},{\"@type\":\"WebPage\",\"@id\":\"https:\\\/\\\/www.organisator.ch\\\/de\\\/allgemein\\\/2019-06-25\\\/alpensymposium-verspricht-nach-boxenstopp-2020-wieder-erlebnis\\\/\",\"url\":\"https:\\\/\\\/www.organisator.ch\\\/de\\\/allgemein\\\/2019-06-25\\\/alpensymposium-verspricht-nach-boxenstopp-2020-wieder-erlebnis\\\/\",\"name\":\"Alpensymposium verspricht nach Boxenstopp 2020 wieder Erlebnis - Organisator\",\"isPartOf\":{\"@id\":\"https:\\\/\\\/www.organisator.ch\\\/#website\"},\"primaryImageOfPage\":{\"@id\":\"https:\\\/\\\/www.organisator.ch\\\/de\\\/allgemein\\\/2019-06-25\\\/alpensymposium-verspricht-nach-boxenstopp-2020-wieder-erlebnis\\\/#primaryimage\"},\"image\":{\"@id\":\"https:\\\/\\\/www.organisator.ch\\\/de\\\/allgemein\\\/2019-06-25\\\/alpensymposium-verspricht-nach-boxenstopp-2020-wieder-erlebnis\\\/#primaryimage\"},\"thumbnailUrl\":\"https:\\\/\\\/www.organisator.ch\\\/wp-content\\\/uploads\\\/2019\\\/06\\\/Alpensymposium-verspricht-nach-Boxenstopp-2020-wieder-Erlebnis-1_Organisator.jpg\",\"datePublished\":\"2019-06-25T06:20:08+00:00\",\"description\":\"Nach einem einj\u00e4hrigen Boxenstopp ist das Alpensymposium 2020 wieder mit Vollgas am Start. Mit dabei sind ein neuer Moderator sowie erste Referenten.\",\"breadcrumb\":{\"@id\":\"https:\\\/\\\/www.organisator.ch\\\/de\\\/allgemein\\\/2019-06-25\\\/alpensymposium-verspricht-nach-boxenstopp-2020-wieder-erlebnis\\\/#breadcrumb\"},\"inLanguage\":\"de\",\"potentialAction\":[{\"@type\":\"ReadAction\",\"target\":[\"https:\\\/\\\/www.organisator.ch\\\/de\\\/allgemein\\\/2019-06-25\\\/alpensymposium-verspricht-nach-boxenstopp-2020-wieder-erlebnis\\\/\"]}]},{\"@type\":\"ImageObject\",\"inLanguage\":\"de\",\"@id\":\"https:\\\/\\\/www.organisator.ch\\\/de\\\/allgemein\\\/2019-06-25\\\/alpensymposium-verspricht-nach-boxenstopp-2020-wieder-erlebnis\\\/#primaryimage\",\"url\":\"https:\\\/\\\/www.organisator.ch\\\/wp-content\\\/uploads\\\/2019\\\/06\\\/Alpensymposium-verspricht-nach-Boxenstopp-2020-wieder-Erlebnis-1_Organisator.jpg\",\"contentUrl\":\"https:\\\/\\\/www.organisator.ch\\\/wp-content\\\/uploads\\\/2019\\\/06\\\/Alpensymposium-verspricht-nach-Boxenstopp-2020-wieder-Erlebnis-1_Organisator.jpg\",\"width\":680,\"height\":375,\"caption\":\"Das Alpensymposium im Interlaken soll 2020 wieder zu einem Erlebnis werden. (Bild: zVg)\"},{\"@type\":\"BreadcrumbList\",\"@id\":\"https:\\\/\\\/www.organisator.ch\\\/de\\\/allgemein\\\/2019-06-25\\\/alpensymposium-verspricht-nach-boxenstopp-2020-wieder-erlebnis\\\/#breadcrumb\",\"itemListElement\":[{\"@type\":\"ListItem\",\"position\":1,\"name\":\"Home\",\"item\":\"https:\\\/\\\/www.organisator.ch\\\/\"},{\"@type\":\"ListItem\",\"position\":2,\"name\":\"Alpensymposium verspricht nach Boxenstopp 2020 wieder Erlebnis\"}]},{\"@type\":\"WebSite\",\"@id\":\"https:\\\/\\\/www.organisator.ch\\\/#website\",\"url\":\"https:\\\/\\\/www.organisator.ch\\\/\",\"name\":\"Organisator\",\"description\":\"Kompetent. Praxisnah. Der ORGANISATOR bereitet in 10 Ausgaben pro Jahr die wesentlichen Themen f\u00fcr F\u00fchrungskr\u00e4fte von KMU auf.\",\"publisher\":{\"@id\":\"https:\\\/\\\/www.organisator.ch\\\/#organization\"},\"potentialAction\":[{\"@type\":\"SearchAction\",\"target\":{\"@type\":\"EntryPoint\",\"urlTemplate\":\"https:\\\/\\\/www.organisator.ch\\\/?s={search_term_string}\"},\"query-input\":{\"@type\":\"PropertyValueSpecification\",\"valueRequired\":true,\"valueName\":\"search_term_string\"}}],\"inLanguage\":\"de\"},{\"@type\":\"Organization\",\"@id\":\"https:\\\/\\\/www.organisator.ch\\\/#organization\",\"name\":\"Organisator\",\"url\":\"https:\\\/\\\/www.organisator.ch\\\/\",\"logo\":{\"@type\":\"ImageObject\",\"inLanguage\":\"de\",\"@id\":\"https:\\\/\\\/www.organisator.ch\\\/#\\\/schema\\\/logo\\\/image\\\/\",\"url\":\"https:\\\/\\\/www.organisator.ch\\\/wp-content\\\/uploads\\\/2022\\\/01\\\/Logo_Organisator_Website.png\",\"contentUrl\":\"https:\\\/\\\/www.organisator.ch\\\/wp-content\\\/uploads\\\/2022\\\/01\\\/Logo_Organisator_Website.png\",\"width\":800,\"height\":77,\"caption\":\"Organisator\"},\"image\":{\"@id\":\"https:\\\/\\\/www.organisator.ch\\\/#\\\/schema\\\/logo\\\/image\\\/\"},\"sameAs\":[\"https:\\\/\\\/www.facebook.com\\\/OrganisatorFachmagazin\",\"https:\\\/\\\/www.linkedin.com\\\/showcase\\\/organisator-das-magazin-fr-kmu\",\"https:\\\/\\\/www.xing.com\\\/news\\\/pages\\\/organisator-ch-695\",\"https:\\\/\\\/www.youtube.com\\\/channel\\\/UCGP2Sq0iWaZwT3BdIAQFYpw\"]},{\"@type\":\"Person\",\"@id\":\"https:\\\/\\\/www.organisator.ch\\\/#\\\/schema\\\/person\\\/6f650f90b2842cd4c0cc334b4e36f67e\",\"name\":\"thomas.berner\",\"image\":{\"@type\":\"ImageObject\",\"inLanguage\":\"de\",\"@id\":\"https:\\\/\\\/secure.gravatar.com\\\/avatar\\\/ac5001d2a36cb6c6cd3e50789007ffca834b477b74a2144564522e944eabff61?s=96&d=mm&r=g\",\"url\":\"https:\\\/\\\/secure.gravatar.com\\\/avatar\\\/ac5001d2a36cb6c6cd3e50789007ffca834b477b74a2144564522e944eabff61?s=96&d=mm&r=g\",\"contentUrl\":\"https:\\\/\\\/secure.gravatar.com\\\/avatar\\\/ac5001d2a36cb6c6cd3e50789007ffca834b477b74a2144564522e944eabff61?s=96&d=mm&r=g\",\"caption\":\"thomas.berner\"},\"url\":\"https:\\\/\\\/www.organisator.ch\\\/de\\\/author\\\/thomas-berner\\\/\"}]}<\/script>\n<!-- \/ Yoast SEO plugin. -->","yoast_head_json":{"title":"Alpensymposium verspricht nach Boxenstopp 2020 wieder Erlebnis - Organisator","description":"Nach einem einj\u00e4hrigen Boxenstopp ist das Alpensymposium 2020 wieder mit Vollgas am Start. Mit dabei sind ein neuer Moderator sowie erste Referenten.","robots":{"index":"index","follow":"follow","max-snippet":"max-snippet:-1","max-image-preview":"max-image-preview:large","max-video-preview":"max-video-preview:-1"},"canonical":"https:\/\/www.organisator.ch\/de\/allgemein\/2019-06-25\/alpensymposium-verspricht-nach-boxenstopp-2020-wieder-erlebnis\/","og_locale":"de_DE","og_type":"article","og_title":"Alpensymposium verspricht nach Boxenstopp 2020 wieder Erlebnis","og_description":"Nach einem einj\u00e4hrigen Boxenstopp ist das Alpensymposium 2020 wieder mit Vollgas am Start. Mit dabei sind ein neuer Moderator sowie erste Referenten.","og_url":"https:\/\/www.organisator.ch\/de\/allgemein\/2019-06-25\/alpensymposium-verspricht-nach-boxenstopp-2020-wieder-erlebnis\/","og_site_name":"Organisator","article_publisher":"https:\/\/www.facebook.com\/OrganisatorFachmagazin","article_published_time":"2019-06-25T06:20:08+00:00","og_image":[{"width":680,"height":375,"url":"https:\/\/www.organisator.ch\/wp-content\/uploads\/2019\/06\/Alpensymposium-verspricht-nach-Boxenstopp-2020-wieder-Erlebnis-1_Organisator.jpg","type":"image\/jpeg"}],"author":"thomas.berner","twitter_card":"summary_large_image","twitter_title":"#Alpensymposium verspricht nach Boxenstopp 2020 wieder Erlebnis","twitter_description":"Nach einem einj\u00e4hrigen Boxenstopp ist das #Alpensymposium2020 wieder mit Vollgas am Start. Mit dabei sind ein neuer Moderator sowie erste Referenten.","twitter_image":"https:\/\/www.organisator.ch\/wp-content\/uploads\/2019\/06\/Alpensymposium-verspricht-nach-Boxenstopp-2020-wieder-Erlebnis-1_Organisator.jpg","schema":{"@context":"https:\/\/schema.org","@graph":[{"@type":"Article","@id":"https:\/\/www.organisator.ch\/de\/allgemein\/2019-06-25\/alpensymposium-verspricht-nach-boxenstopp-2020-wieder-erlebnis\/#article","isPartOf":{"@id":"https:\/\/www.organisator.ch\/de\/allgemein\/2019-06-25\/alpensymposium-verspricht-nach-boxenstopp-2020-wieder-erlebnis\/"},"author":{"name":"thomas.berner","@id":"https:\/\/www.organisator.ch\/#\/schema\/person\/6f650f90b2842cd4c0cc334b4e36f67e"},"headline":"Alpensymposium verspricht nach Boxenstopp 2020 wieder Erlebnis","datePublished":"2019-06-25T06:20:08+00:00","mainEntityOfPage":{"@id":"https:\/\/www.organisator.ch\/de\/allgemein\/2019-06-25\/alpensymposium-verspricht-nach-boxenstopp-2020-wieder-erlebnis\/"},"wordCount":553,"commentCount":0,"publisher":{"@id":"https:\/\/www.organisator.ch\/#organization"},"image":{"@id":"https:\/\/www.organisator.ch\/de\/allgemein\/2019-06-25\/alpensymposium-verspricht-nach-boxenstopp-2020-wieder-erlebnis\/#primaryimage"},"thumbnailUrl":"https:\/\/www.organisator.ch\/wp-content\/uploads\/2019\/06\/Alpensymposium-verspricht-nach-Boxenstopp-2020-wieder-Erlebnis-1_Organisator.jpg","keywords":["Fachkongress\/Fachmesse","Produkte","Tagung","Vermischtes"],"inLanguage":"de"},{"@type":"WebPage","@id":"https:\/\/www.organisator.ch\/de\/allgemein\/2019-06-25\/alpensymposium-verspricht-nach-boxenstopp-2020-wieder-erlebnis\/","url":"https:\/\/www.organisator.ch\/de\/allgemein\/2019-06-25\/alpensymposium-verspricht-nach-boxenstopp-2020-wieder-erlebnis\/","name":"Alpensymposium verspricht nach Boxenstopp 2020 wieder Erlebnis - Organisator","isPartOf":{"@id":"https:\/\/www.organisator.ch\/#website"},"primaryImageOfPage":{"@id":"https:\/\/www.organisator.ch\/de\/allgemein\/2019-06-25\/alpensymposium-verspricht-nach-boxenstopp-2020-wieder-erlebnis\/#primaryimage"},"image":{"@id":"https:\/\/www.organisator.ch\/de\/allgemein\/2019-06-25\/alpensymposium-verspricht-nach-boxenstopp-2020-wieder-erlebnis\/#primaryimage"},"thumbnailUrl":"https:\/\/www.organisator.ch\/wp-content\/uploads\/2019\/06\/Alpensymposium-verspricht-nach-Boxenstopp-2020-wieder-Erlebnis-1_Organisator.jpg","datePublished":"2019-06-25T06:20:08+00:00","description":"Nach einem einj\u00e4hrigen Boxenstopp ist das Alpensymposium 2020 wieder mit Vollgas am Start. Mit dabei sind ein neuer Moderator sowie erste Referenten.","breadcrumb":{"@id":"https:\/\/www.organisator.ch\/de\/allgemein\/2019-06-25\/alpensymposium-verspricht-nach-boxenstopp-2020-wieder-erlebnis\/#breadcrumb"},"inLanguage":"de","potentialAction":[{"@type":"ReadAction","target":["https:\/\/www.organisator.ch\/de\/allgemein\/2019-06-25\/alpensymposium-verspricht-nach-boxenstopp-2020-wieder-erlebnis\/"]}]},{"@type":"ImageObject","inLanguage":"de","@id":"https:\/\/www.organisator.ch\/de\/allgemein\/2019-06-25\/alpensymposium-verspricht-nach-boxenstopp-2020-wieder-erlebnis\/#primaryimage","url":"https:\/\/www.organisator.ch\/wp-content\/uploads\/2019\/06\/Alpensymposium-verspricht-nach-Boxenstopp-2020-wieder-Erlebnis-1_Organisator.jpg","contentUrl":"https:\/\/www.organisator.ch\/wp-content\/uploads\/2019\/06\/Alpensymposium-verspricht-nach-Boxenstopp-2020-wieder-Erlebnis-1_Organisator.jpg","width":680,"height":375,"caption":"Das Alpensymposium im Interlaken soll 2020 wieder zu einem Erlebnis werden. (Bild: zVg)"},{"@type":"BreadcrumbList","@id":"https:\/\/www.organisator.ch\/de\/allgemein\/2019-06-25\/alpensymposium-verspricht-nach-boxenstopp-2020-wieder-erlebnis\/#breadcrumb","itemListElement":[{"@type":"ListItem","position":1,"name":"Home","item":"https:\/\/www.organisator.ch\/"},{"@type":"ListItem","position":2,"name":"Alpensymposium verspricht nach Boxenstopp 2020 wieder Erlebnis"}]},{"@type":"WebSite","@id":"https:\/\/www.organisator.ch\/#website","url":"https:\/\/www.organisator.ch\/","name":"Organisator","description":"Kompetent. Praxisnah. Der ORGANISATOR bereitet in 10 Ausgaben pro Jahr die wesentlichen Themen f\u00fcr F\u00fchrungskr\u00e4fte von KMU auf.","publisher":{"@id":"https:\/\/www.organisator.ch\/#organization"},"potentialAction":[{"@type":"SearchAction","target":{"@type":"EntryPoint","urlTemplate":"https:\/\/www.organisator.ch\/?s={search_term_string}"},"query-input":{"@type":"PropertyValueSpecification","valueRequired":true,"valueName":"search_term_string"}}],"inLanguage":"de"},{"@type":"Organization","@id":"https:\/\/www.organisator.ch\/#organization","name":"Organisator","url":"https:\/\/www.organisator.ch\/","logo":{"@type":"ImageObject","inLanguage":"de","@id":"https:\/\/www.organisator.ch\/#\/schema\/logo\/image\/","url":"https:\/\/www.organisator.ch\/wp-content\/uploads\/2022\/01\/Logo_Organisator_Website.png","contentUrl":"https:\/\/www.organisator.ch\/wp-content\/uploads\/2022\/01\/Logo_Organisator_Website.png","width":800,"height":77,"caption":"Organisator"},"image":{"@id":"https:\/\/www.organisator.ch\/#\/schema\/logo\/image\/"},"sameAs":["https:\/\/www.facebook.com\/OrganisatorFachmagazin","https:\/\/www.linkedin.com\/showcase\/organisator-das-magazin-fr-kmu","https:\/\/www.xing.com\/news\/pages\/organisator-ch-695","https:\/\/www.youtube.com\/channel\/UCGP2Sq0iWaZwT3BdIAQFYpw"]},{"@type":"Person","@id":"https:\/\/www.organisator.ch\/#\/schema\/person\/6f650f90b2842cd4c0cc334b4e36f67e","name":"thomas.berner","image":{"@type":"ImageObject","inLanguage":"de","@id":"https:\/\/secure.gravatar.com\/avatar\/ac5001d2a36cb6c6cd3e50789007ffca834b477b74a2144564522e944eabff61?s=96&d=mm&r=g","url":"https:\/\/secure.gravatar.com\/avatar\/ac5001d2a36cb6c6cd3e50789007ffca834b477b74a2144564522e944eabff61?s=96&d=mm&r=g","contentUrl":"https:\/\/secure.gravatar.com\/avatar\/ac5001d2a36cb6c6cd3e50789007ffca834b477b74a2144564522e944eabff61?s=96&d=mm&r=g","caption":"thomas.berner"},"url":"https:\/\/www.organisator.ch\/de\/author\/thomas-berner\/"}]}},"_links":{"self":[{"href":"https:\/\/www.organisator.ch\/de\/wp-json\/wp\/v2\/posts\/5435","targetHints":{"allow":["GET"]}}],"collection":[{"href":"https:\/\/www.organisator.ch\/de\/wp-json\/wp\/v2\/posts"}],"about":[{"href":"https:\/\/www.organisator.ch\/de\/wp-json\/wp\/v2\/types\/post"}],"author":[{"embeddable":true,"href":"https:\/\/www.organisator.ch\/de\/wp-json\/wp\/v2\/users\/4"}],"replies":[{"embeddable":true,"href":"https:\/\/www.organisator.ch\/de\/wp-json\/wp\/v2\/comments?post=5435"}],"version-history":[{"count":0,"href":"https:\/\/www.organisator.ch\/de\/wp-json\/wp\/v2\/posts\/5435\/revisions"}],"wp:featuredmedia":[{"embeddable":true,"href":"https:\/\/www.organisator.ch\/de\/wp-json\/wp\/v2\/media\/5436"}],"wp:attachment":[{"href":"https:\/\/www.organisator.ch\/de\/wp-json\/wp\/v2\/media?parent=5435"}],"wp:term":[{"taxonomy":"category","embeddable":true,"href":"https:\/\/www.organisator.ch\/de\/wp-json\/wp\/v2\/categories?post=5435"},{"taxonomy":"post_tag","embeddable":true,"href":"https:\/\/www.organisator.ch\/de\/wp-json\/wp\/v2\/tags?post=5435"}],"curies":[{"name":"wp","href":"https:\/\/api.w.org\/{rel}","templated":true}]}}