{"id":5494,"date":"2019-07-02T15:10:08","date_gmt":"2019-07-02T13:10:08","guid":{"rendered":"https:\/\/www.organisator.ch\/?p=5494"},"modified":"2019-07-02T15:10:08","modified_gmt":"2019-07-02T13:10:08","slug":"generalversammlung-der-unabhaengigen-schuhhaendler-weichen-stellen-statt-weichen","status":"publish","type":"post","link":"https:\/\/www.organisator.ch\/de\/management\/2019-07-02\/generalversammlung-der-unabhaengigen-schuhhaendler-weichen-stellen-statt-weichen\/","title":{"rendered":"Generalversammlung der unabh\u00e4ngigen Schuhh\u00e4ndler: Weichen stellen statt weichen"},"content":{"rendered":"<figure id=\"attachment_5495\" aria-describedby=\"caption-attachment-5495\" style=\"width: 680px\" class=\"wp-caption alignnone\"><img loading=\"lazy\" decoding=\"async\" class=\"size-medium wp-image-5495\" src=\"https:\/\/www.organisator.ch\/wp-content\/uploads\/2019\/07\/Generalversammlung-der-unabhaengigen-Schuhhaendler-Weichen-stellen-statt-weichen-1_Organisator.jpg\" alt=\"\" width=\"680\" height=\"510\" srcset=\"https:\/\/www.organisator.ch\/wp-content\/uploads\/2019\/07\/Generalversammlung-der-unabhaengigen-Schuhhaendler-Weichen-stellen-statt-weichen-1_Organisator.jpg 680w, https:\/\/www.organisator.ch\/wp-content\/uploads\/2019\/07\/Generalversammlung-der-unabhaengigen-Schuhhaendler-Weichen-stellen-statt-weichen-1_Organisator-16x12.jpg 16w, https:\/\/www.organisator.ch\/wp-content\/uploads\/2019\/07\/Generalversammlung-der-unabhaengigen-Schuhhaendler-Weichen-stellen-statt-weichen-1_Organisator-233x175.jpg 233w, https:\/\/www.organisator.ch\/wp-content\/uploads\/2019\/07\/Generalversammlung-der-unabhaengigen-Schuhhaendler-Weichen-stellen-statt-weichen-1_Organisator-467x350.jpg 467w, https:\/\/www.organisator.ch\/wp-content\/uploads\/2019\/07\/Generalversammlung-der-unabhaengigen-Schuhhaendler-Weichen-stellen-statt-weichen-1_Organisator-300x225.jpg 300w\" sizes=\"auto, (max-width: 680px) 100vw, 680px\" \/><figcaption id=\"caption-attachment-5495\" class=\"wp-caption-text\">Die Mitglieder der ZUSA, dem Branchenverband der unabh\u00e4ngigen Schuhh\u00e4ndler, folgten den Antr\u00e4gen der Verwaltung. (Bild: Fabrice M\u00fcller)<\/figcaption><\/figure>\n<p>Wollen wir weichen \u2013 oder Weichen stellen? Dies sei angesichts der aktuellen Marktentwicklung eine berechtigte Frage, stellte Christoph Romang, Pr\u00e4sident der ZUSA Unabh\u00e4ngige Schuhh\u00e4ndler, in seinem Jahresr\u00fcckblick fest. \u00abWir sehen uns mit diversen Herausforderungen wie etwa der Digitalisierung, neuen Marktstrukturen und einem ver\u00e4nderten Kundenverhalten konfrontiert. Wir haben uns entschieden, Weichen zu stellen und die Hindernisse zu umfahren, um auch in Zukunft finanziell stabil und unabh\u00e4ngig zu bleiben.\u00bb<\/p>\n<h2>Verkaufspsychologie: Der erste Eindruck z\u00e4hlt<\/h2>\n<p>Deshalb investiert die ZUSA bewusst in die Schulung ihrer Mitglieder. Die Verkaufspsychologie etwa ist ein wichtiger Erfolgsfaktor im Verkauf. Deshalb bietet die ZUSA ihren Mitgliedsgesch\u00e4ften an vier unterschiedlichen Terminen im vierten Quartal 2019 einen eint\u00e4gigen Workshop mit der Trainerin Christine Meyer-Keller an. \u00abWir wollen wertvolle Impulse beispielsweise zum ersten Eindruck im Gesch\u00e4ft, zum Thema Klarheit und Sicherheit im Umgang mit Kunden oder zur Gespr\u00e4chsf\u00fchrung vermitteln\u00bb, warb ZUSA-Gesch\u00e4ftsf\u00fchrer Hansj\u00f6rg Egli f\u00fcr dieses neue Schulungsangebot und betonte, dass sich die Gesch\u00e4fte mit diesem Wissen von ihren Mitbewerbern abheben k\u00f6nnen.<\/p>\n<h2>Digitalisierung und Marketing<\/h2>\n<p>Wie k\u00f6nnen Facebook und Instagram f\u00fcr das eigene Gesch\u00e4ft erfolgreich genutzt werden? Und wie wirkungsvoll ist die eigene Website? Unter diesem Thema steht ein weiteres, digital ausgerichtetes Schulungsangebot f\u00fcr die ZUSA-Mitglieder. Diese erhalten im Rahmen einer pers\u00f6nlichen Schulung praxisnahe Ratschl\u00e4ge f\u00fcr ihren Auftritt in den sozialen Medien. Ausserdem werden die Websites der Mitgliedsfirmen beurteilt. \u00abDieses neue Marketingpaket beinhaltet zahlreiche weitere Hilfsmittel, so auch Facebook- und Instagram-f\u00e4higes Material mit denen die Kursteilnehmenden ihre Werbe- und PR-Aktivit\u00e4ten professionalisieren k\u00f6nnen\u00bb, sagte Hansj\u00f6rg Egli.<\/p>\n<figure id=\"attachment_5496\" aria-describedby=\"caption-attachment-5496\" style=\"width: 680px\" class=\"wp-caption alignnone\"><img loading=\"lazy\" decoding=\"async\" class=\"size-medium wp-image-5496\" src=\"https:\/\/www.organisator.ch\/wp-content\/uploads\/2019\/07\/Generalversammlung-der-unabhaengigen-Schuhhaendler-Weichen-stellen-statt-weichen-2_Organisator.jpg\" alt=\"\" width=\"680\" height=\"676\" srcset=\"https:\/\/www.organisator.ch\/wp-content\/uploads\/2019\/07\/Generalversammlung-der-unabhaengigen-Schuhhaendler-Weichen-stellen-statt-weichen-2_Organisator.jpg 680w, https:\/\/www.organisator.ch\/wp-content\/uploads\/2019\/07\/Generalversammlung-der-unabhaengigen-Schuhhaendler-Weichen-stellen-statt-weichen-2_Organisator-150x150.jpg 150w, https:\/\/www.organisator.ch\/wp-content\/uploads\/2019\/07\/Generalversammlung-der-unabhaengigen-Schuhhaendler-Weichen-stellen-statt-weichen-2_Organisator-12x12.jpg 12w, https:\/\/www.organisator.ch\/wp-content\/uploads\/2019\/07\/Generalversammlung-der-unabhaengigen-Schuhhaendler-Weichen-stellen-statt-weichen-2_Organisator-176x175.jpg 176w, https:\/\/www.organisator.ch\/wp-content\/uploads\/2019\/07\/Generalversammlung-der-unabhaengigen-Schuhhaendler-Weichen-stellen-statt-weichen-2_Organisator-352x350.jpg 352w, https:\/\/www.organisator.ch\/wp-content\/uploads\/2019\/07\/Generalversammlung-der-unabhaengigen-Schuhhaendler-Weichen-stellen-statt-weichen-2_Organisator-250x250.jpg 250w, https:\/\/www.organisator.ch\/wp-content\/uploads\/2019\/07\/Generalversammlung-der-unabhaengigen-Schuhhaendler-Weichen-stellen-statt-weichen-2_Organisator-300x298.jpg 300w, https:\/\/www.organisator.ch\/wp-content\/uploads\/2019\/07\/Generalversammlung-der-unabhaengigen-Schuhhaendler-Weichen-stellen-statt-weichen-2_Organisator-100x100.jpg 100w\" sizes=\"auto, (max-width: 680px) 100vw, 680px\" \/><figcaption id=\"caption-attachment-5496\" class=\"wp-caption-text\">Hansj\u00f6rg Egli, Gesch\u00e4ftsf\u00fchrer der ZUSA, informierte \u00fcber die bevorstehenden Aktivit\u00e4ten rund um Marketing und Schulung. (Bild: Fabrice M\u00fcller)<\/figcaption><\/figure>\n<p>Im Marketingbereich lanciert die ZUSA im Hinblick auf die Fr\u00fchling-Sommer-Mode 2020 den ZUSA-eigenen Herrenschuhprospekt \u00abCasual\u00bb. Wie Hansj\u00f6rg Egli informierte, sollen alle potenziellen Herrenschuhlieferanten f\u00fcr eine Zusammenarbeit und eine Kostenbeteiligung gewonnen werden. F\u00fcr eine noch effizientere Zusammenarbeit mit Lieferanten und den digitalen Datenaustausch hat die ZUSA laut Hansj\u00f6rg Egli die n\u00f6tigen technischen Grundlagen geschaffen. Zus\u00e4tzliche Informationen dazu erhalten die Mitglieder direkt bei der ZUSA-Gesch\u00e4ftsstelle.<\/p>\n<h2>Von Nachfolgeregelung bis Trendinformation<\/h2>\n<p>Als weitere Themen sollen die Nachfolgeregelung, berufliche Vorsorge und die Organisation von Stellvertretungen demn\u00e4chst ins Schulungsprogramm aufgenommen werden. Der bew\u00e4hrte ZUSA-Fachlehrgang wird als wichtiger\u00a0Bestandteil der Lehrlingsausbildung auch in diesem Jahr im gewohnten Rahmen mit dem bisherigen Dozententeam durchgef\u00fchrt. Im September 2019 steht wiederum die Trendinformation per Herbst\/Winter 2019 mit Marlies Brogli auf dem Programm.<\/p>\n<h2>Christoph Romang tritt als Pr\u00e4sident zur\u00fcck<\/h2>\n<figure id=\"attachment_5497\" aria-describedby=\"caption-attachment-5497\" style=\"width: 680px\" class=\"wp-caption alignnone\"><img loading=\"lazy\" decoding=\"async\" class=\"size-medium wp-image-5497\" src=\"https:\/\/www.organisator.ch\/wp-content\/uploads\/2019\/07\/Generalversammlung-der-unabhaengigen-Schuhhaendler-Weichen-stellen-statt-weichen-3_Organisator.jpg\" alt=\"\" width=\"680\" height=\"829\" srcset=\"https:\/\/www.organisator.ch\/wp-content\/uploads\/2019\/07\/Generalversammlung-der-unabhaengigen-Schuhhaendler-Weichen-stellen-statt-weichen-3_Organisator.jpg 680w, https:\/\/www.organisator.ch\/wp-content\/uploads\/2019\/07\/Generalversammlung-der-unabhaengigen-Schuhhaendler-Weichen-stellen-statt-weichen-3_Organisator-10x12.jpg 10w, https:\/\/www.organisator.ch\/wp-content\/uploads\/2019\/07\/Generalversammlung-der-unabhaengigen-Schuhhaendler-Weichen-stellen-statt-weichen-3_Organisator-144x175.jpg 144w, https:\/\/www.organisator.ch\/wp-content\/uploads\/2019\/07\/Generalversammlung-der-unabhaengigen-Schuhhaendler-Weichen-stellen-statt-weichen-3_Organisator-287x350.jpg 287w, https:\/\/www.organisator.ch\/wp-content\/uploads\/2019\/07\/Generalversammlung-der-unabhaengigen-Schuhhaendler-Weichen-stellen-statt-weichen-3_Organisator-656x800.jpg 656w, https:\/\/www.organisator.ch\/wp-content\/uploads\/2019\/07\/Generalversammlung-der-unabhaengigen-Schuhhaendler-Weichen-stellen-statt-weichen-3_Organisator-300x366.jpg 300w\" sizes=\"auto, (max-width: 680px) 100vw, 680px\" \/><figcaption id=\"caption-attachment-5497\" class=\"wp-caption-text\">ZUSA-Pr\u00e4sident Christoph Romang tritt als langj\u00e4hriger Pr\u00e4sident zur\u00fcck. (Bild: Fabrice M\u00fcller)<\/figcaption><\/figure>\n<p>In der Verwaltung der ZUSA Genossenschaft stehen grosse personelle Ver\u00e4nderungen an. Der langj\u00e4hrige Pr\u00e4sident Christoph Romang tritt nach seiner 12- j\u00e4hrigen Amtszeit als Vorsitzender und insgesamt 15 Jahren als Mitglied der Verwaltung von seinem Amt zur\u00fcck. Er wurde an der Generalversammlung f\u00fcr seine ruhige, besonnene und professionelle Art, das ZUSA-Schiff zu f\u00fchren, mit grossem Applaus geehrt. Als Nachfolger wurde Willy Gwerder, ebenfalls langj\u00e4hriges Mitglied in der Verwaltung, gew\u00e4hlt. Mit Sonja Morger kommt es zu einem weiteren Abgang an der ZUSA-Spitze. Sie hat sich unter anderem mit Themen rund um soziale Medien und der Digitalisierung engagiert. Die Generalversammlung w\u00e4hlte Erika Barth als Nachfolgerin. Weiter wurde Samuel Schneider, dessen Vater Ueli w\u00e4hrend mehrerer Jahre im ZUSA-Vorstand war, ebenfalls in die Verwaltung gew\u00e4hlt. Alle \u00fcbrigen Mitglieder der Verwaltung stellten sich zur Wiederwahl. Esther Albiez wird das Amt der Vizepr\u00e4sidentin \u00fcbernehmen.<\/p>\n<p><a href=\"http:\/\/www.zusa.ch\">www.zusa.ch<\/a><\/p>\n","protected":false},"excerpt":{"rendered":"<p>Wollen wir weichen \u2013 oder Weichen stellen? Dies sei angesichts der aktuellen Marktentwicklung eine berechtigte Frage, stellte Christoph Romang, Pr\u00e4sident der ZUSA Unabh\u00e4ngige Schuhh\u00e4ndler, in seinem Jahresr\u00fcckblick fest. \u00abWir sehen uns mit diversen Herausforderungen wie etwa der Digitalisierung, neuen Marktstrukturen und einem ver\u00e4nderten Kundenverhalten konfrontiert. Wir haben uns entschieden, Weichen zu stellen und die Hindernisse [&hellip;]<\/p>\n","protected":false},"author":4,"featured_media":5495,"comment_status":"open","ping_status":"open","sticky":false,"template":"","format":"standard","meta":{"_acf_changed":false,"_yoast_wpseo_focuskw":"Schuhh\u00e4ndler","_yoast_wpseo_metadesc":"Die 63. Generalversammlung der ZUSA \u2013 unabh\u00e4ngige Schuhh\u00e4ndler auf dem Stoos stellte die Weichen f\u00fcr zukunftsgerichtete Themen.","articlekey":"","footnotes":""},"categories":[28],"tags":[335,503,508],"class_list":["post-5494","post","type-post","status-publish","format-standard","has-post-thumbnail","hentry","category-management","tag-management-und-unternehmensfuehrung","tag-verbaende","tag-vermischtes"],"acf":[],"yoast_head":"<!-- This site is optimized with the Yoast SEO plugin v27.5 - https:\/\/yoast.com\/product\/yoast-seo-wordpress\/ -->\n<title>Generalversammlung der unabh\u00e4ngigen Schuhh\u00e4ndler: Weichen stellen statt weichen - Organisator<\/title>\n<meta name=\"description\" content=\"Die 63. Generalversammlung der ZUSA \u2013 unabh\u00e4ngige Schuhh\u00e4ndler auf dem Stoos stellte die Weichen f\u00fcr zukunftsgerichtete Themen.\" \/>\n<meta name=\"robots\" content=\"index, follow, max-snippet:-1, max-image-preview:large, max-video-preview:-1\" \/>\n<link rel=\"canonical\" href=\"https:\/\/www.organisator.ch\/de\/management\/2019-07-02\/generalversammlung-der-unabhaengigen-schuhhaendler-weichen-stellen-statt-weichen\/\" \/>\n<meta property=\"og:locale\" content=\"de_DE\" \/>\n<meta property=\"og:type\" content=\"article\" \/>\n<meta property=\"og:title\" content=\"Generalversammlung der unabh\u00e4ngigen Schuhh\u00e4ndler: Weichen stellen statt weichen\" \/>\n<meta property=\"og:description\" content=\"Die 63. Generalversammlung der ZUSA \u2013 unabh\u00e4ngige Schuhh\u00e4ndler auf dem Stoos stellte die Weichen f\u00fcr zukunftsgerichtete Themen.\" \/>\n<meta property=\"og:url\" content=\"https:\/\/www.organisator.ch\/de\/management\/2019-07-02\/generalversammlung-der-unabhaengigen-schuhhaendler-weichen-stellen-statt-weichen\/\" \/>\n<meta property=\"og:site_name\" content=\"Organisator\" \/>\n<meta property=\"article:publisher\" content=\"https:\/\/www.facebook.com\/OrganisatorFachmagazin\" \/>\n<meta property=\"article:published_time\" content=\"2019-07-02T13:10:08+00:00\" \/>\n<meta property=\"og:image\" content=\"https:\/\/www.organisator.ch\/wp-content\/uploads\/2019\/07\/Generalversammlung-der-unabhaengigen-Schuhhaendler-Weichen-stellen-statt-weichen-1_Organisator.jpg\" \/>\n\t<meta property=\"og:image:width\" content=\"680\" \/>\n\t<meta property=\"og:image:height\" content=\"510\" \/>\n\t<meta property=\"og:image:type\" content=\"image\/jpeg\" \/>\n<meta name=\"author\" content=\"thomas.berner\" \/>\n<meta name=\"twitter:card\" content=\"summary_large_image\" \/>\n<meta name=\"twitter:title\" content=\"Generalversammlung der unabh\u00e4ngigen #Schuhh\u00e4ndler: Weichen stellen statt weichen\" \/>\n<meta name=\"twitter:description\" content=\"Die 63. Generalversammlung der ZUSA \u2013 unabh\u00e4ngige #Schuhh\u00e4ndler auf dem Stoos stellte die Weichen f\u00fcr zukunftsgerichtete Themen.\" \/>\n<meta name=\"twitter:image\" content=\"https:\/\/www.organisator.ch\/wp-content\/uploads\/2019\/07\/Generalversammlung-der-unabh\u00e4ngigen-Schuhh\u00e4ndler-Weichen-stellen-statt-weichen-1_Organisator.jpg\" \/>\n<script type=\"application\/ld+json\" class=\"yoast-schema-graph\">{\"@context\":\"https:\\\/\\\/schema.org\",\"@graph\":[{\"@type\":\"Article\",\"@id\":\"https:\\\/\\\/www.organisator.ch\\\/management\\\/2019-07-02\\\/generalversammlung-der-unabhaengigen-schuhhaendler-weichen-stellen-statt-weichen\\\/#article\",\"isPartOf\":{\"@id\":\"https:\\\/\\\/www.organisator.ch\\\/management\\\/2019-07-02\\\/generalversammlung-der-unabhaengigen-schuhhaendler-weichen-stellen-statt-weichen\\\/\"},\"author\":{\"name\":\"thomas.berner\",\"@id\":\"https:\\\/\\\/www.organisator.ch\\\/#\\\/schema\\\/person\\\/6f650f90b2842cd4c0cc334b4e36f67e\"},\"headline\":\"Generalversammlung der unabh\u00e4ngigen Schuhh\u00e4ndler: Weichen stellen statt weichen\",\"datePublished\":\"2019-07-02T13:10:08+00:00\",\"mainEntityOfPage\":{\"@id\":\"https:\\\/\\\/www.organisator.ch\\\/management\\\/2019-07-02\\\/generalversammlung-der-unabhaengigen-schuhhaendler-weichen-stellen-statt-weichen\\\/\"},\"wordCount\":651,\"commentCount\":0,\"publisher\":{\"@id\":\"https:\\\/\\\/www.organisator.ch\\\/#organization\"},\"image\":{\"@id\":\"https:\\\/\\\/www.organisator.ch\\\/management\\\/2019-07-02\\\/generalversammlung-der-unabhaengigen-schuhhaendler-weichen-stellen-statt-weichen\\\/#primaryimage\"},\"thumbnailUrl\":\"https:\\\/\\\/www.organisator.ch\\\/wp-content\\\/uploads\\\/2019\\\/07\\\/Generalversammlung-der-unabhaengigen-Schuhhaendler-Weichen-stellen-statt-weichen-1_Organisator.jpg\",\"keywords\":[\"Management und Unternehmensf\u00fchrung\",\"Verb\u00e4nde\",\"Vermischtes\"],\"articleSection\":[\"MANAGEMENT\"],\"inLanguage\":\"de\"},{\"@type\":\"WebPage\",\"@id\":\"https:\\\/\\\/www.organisator.ch\\\/management\\\/2019-07-02\\\/generalversammlung-der-unabhaengigen-schuhhaendler-weichen-stellen-statt-weichen\\\/\",\"url\":\"https:\\\/\\\/www.organisator.ch\\\/management\\\/2019-07-02\\\/generalversammlung-der-unabhaengigen-schuhhaendler-weichen-stellen-statt-weichen\\\/\",\"name\":\"Generalversammlung der unabh\u00e4ngigen Schuhh\u00e4ndler: Weichen stellen statt weichen - Organisator\",\"isPartOf\":{\"@id\":\"https:\\\/\\\/www.organisator.ch\\\/#website\"},\"primaryImageOfPage\":{\"@id\":\"https:\\\/\\\/www.organisator.ch\\\/management\\\/2019-07-02\\\/generalversammlung-der-unabhaengigen-schuhhaendler-weichen-stellen-statt-weichen\\\/#primaryimage\"},\"image\":{\"@id\":\"https:\\\/\\\/www.organisator.ch\\\/management\\\/2019-07-02\\\/generalversammlung-der-unabhaengigen-schuhhaendler-weichen-stellen-statt-weichen\\\/#primaryimage\"},\"thumbnailUrl\":\"https:\\\/\\\/www.organisator.ch\\\/wp-content\\\/uploads\\\/2019\\\/07\\\/Generalversammlung-der-unabhaengigen-Schuhhaendler-Weichen-stellen-statt-weichen-1_Organisator.jpg\",\"datePublished\":\"2019-07-02T13:10:08+00:00\",\"description\":\"Die 63. Generalversammlung der ZUSA \u2013 unabh\u00e4ngige Schuhh\u00e4ndler auf dem Stoos stellte die Weichen f\u00fcr zukunftsgerichtete Themen.\",\"breadcrumb\":{\"@id\":\"https:\\\/\\\/www.organisator.ch\\\/management\\\/2019-07-02\\\/generalversammlung-der-unabhaengigen-schuhhaendler-weichen-stellen-statt-weichen\\\/#breadcrumb\"},\"inLanguage\":\"de\",\"potentialAction\":[{\"@type\":\"ReadAction\",\"target\":[\"https:\\\/\\\/www.organisator.ch\\\/management\\\/2019-07-02\\\/generalversammlung-der-unabhaengigen-schuhhaendler-weichen-stellen-statt-weichen\\\/\"]}]},{\"@type\":\"ImageObject\",\"inLanguage\":\"de\",\"@id\":\"https:\\\/\\\/www.organisator.ch\\\/management\\\/2019-07-02\\\/generalversammlung-der-unabhaengigen-schuhhaendler-weichen-stellen-statt-weichen\\\/#primaryimage\",\"url\":\"https:\\\/\\\/www.organisator.ch\\\/wp-content\\\/uploads\\\/2019\\\/07\\\/Generalversammlung-der-unabhaengigen-Schuhhaendler-Weichen-stellen-statt-weichen-1_Organisator.jpg\",\"contentUrl\":\"https:\\\/\\\/www.organisator.ch\\\/wp-content\\\/uploads\\\/2019\\\/07\\\/Generalversammlung-der-unabhaengigen-Schuhhaendler-Weichen-stellen-statt-weichen-1_Organisator.jpg\",\"width\":680,\"height\":510,\"caption\":\"Die Mitglieder der ZUSA, dem Branchenverband der unabh\u00e4ngigen Schuhh\u00e4ndler, folgten den Antr\u00e4gen der Verwaltung. (Bild: Fabrice M\u00fcller)\"},{\"@type\":\"BreadcrumbList\",\"@id\":\"https:\\\/\\\/www.organisator.ch\\\/management\\\/2019-07-02\\\/generalversammlung-der-unabhaengigen-schuhhaendler-weichen-stellen-statt-weichen\\\/#breadcrumb\",\"itemListElement\":[{\"@type\":\"ListItem\",\"position\":1,\"name\":\"Home\",\"item\":\"https:\\\/\\\/www.organisator.ch\\\/\"},{\"@type\":\"ListItem\",\"position\":2,\"name\":\"Generalversammlung der unabh\u00e4ngigen Schuhh\u00e4ndler: Weichen stellen statt weichen\"}]},{\"@type\":\"WebSite\",\"@id\":\"https:\\\/\\\/www.organisator.ch\\\/#website\",\"url\":\"https:\\\/\\\/www.organisator.ch\\\/\",\"name\":\"Organisator\",\"description\":\"Kompetent. Praxisnah. Der ORGANISATOR bereitet in 10 Ausgaben pro Jahr die wesentlichen Themen f\u00fcr F\u00fchrungskr\u00e4fte von KMU auf.\",\"publisher\":{\"@id\":\"https:\\\/\\\/www.organisator.ch\\\/#organization\"},\"potentialAction\":[{\"@type\":\"SearchAction\",\"target\":{\"@type\":\"EntryPoint\",\"urlTemplate\":\"https:\\\/\\\/www.organisator.ch\\\/?s={search_term_string}\"},\"query-input\":{\"@type\":\"PropertyValueSpecification\",\"valueRequired\":true,\"valueName\":\"search_term_string\"}}],\"inLanguage\":\"de\"},{\"@type\":\"Organization\",\"@id\":\"https:\\\/\\\/www.organisator.ch\\\/#organization\",\"name\":\"Organisator\",\"url\":\"https:\\\/\\\/www.organisator.ch\\\/\",\"logo\":{\"@type\":\"ImageObject\",\"inLanguage\":\"de\",\"@id\":\"https:\\\/\\\/www.organisator.ch\\\/#\\\/schema\\\/logo\\\/image\\\/\",\"url\":\"https:\\\/\\\/www.organisator.ch\\\/wp-content\\\/uploads\\\/2022\\\/01\\\/Logo_Organisator_Website.png\",\"contentUrl\":\"https:\\\/\\\/www.organisator.ch\\\/wp-content\\\/uploads\\\/2022\\\/01\\\/Logo_Organisator_Website.png\",\"width\":800,\"height\":77,\"caption\":\"Organisator\"},\"image\":{\"@id\":\"https:\\\/\\\/www.organisator.ch\\\/#\\\/schema\\\/logo\\\/image\\\/\"},\"sameAs\":[\"https:\\\/\\\/www.facebook.com\\\/OrganisatorFachmagazin\",\"https:\\\/\\\/www.linkedin.com\\\/showcase\\\/organisator-das-magazin-fr-kmu\",\"https:\\\/\\\/www.xing.com\\\/news\\\/pages\\\/organisator-ch-695\",\"https:\\\/\\\/www.youtube.com\\\/channel\\\/UCGP2Sq0iWaZwT3BdIAQFYpw\"]},{\"@type\":\"Person\",\"@id\":\"https:\\\/\\\/www.organisator.ch\\\/#\\\/schema\\\/person\\\/6f650f90b2842cd4c0cc334b4e36f67e\",\"name\":\"thomas.berner\",\"image\":{\"@type\":\"ImageObject\",\"inLanguage\":\"de\",\"@id\":\"https:\\\/\\\/secure.gravatar.com\\\/avatar\\\/ac5001d2a36cb6c6cd3e50789007ffca834b477b74a2144564522e944eabff61?s=96&d=mm&r=g\",\"url\":\"https:\\\/\\\/secure.gravatar.com\\\/avatar\\\/ac5001d2a36cb6c6cd3e50789007ffca834b477b74a2144564522e944eabff61?s=96&d=mm&r=g\",\"contentUrl\":\"https:\\\/\\\/secure.gravatar.com\\\/avatar\\\/ac5001d2a36cb6c6cd3e50789007ffca834b477b74a2144564522e944eabff61?s=96&d=mm&r=g\",\"caption\":\"thomas.berner\"},\"url\":\"https:\\\/\\\/www.organisator.ch\\\/de\\\/author\\\/thomas-berner\\\/\"}]}<\/script>\n<!-- \/ Yoast SEO plugin. -->","yoast_head_json":{"title":"Generalversammlung der unabh\u00e4ngigen Schuhh\u00e4ndler: Weichen stellen statt weichen - Organisator","description":"Die 63. Generalversammlung der ZUSA \u2013 unabh\u00e4ngige Schuhh\u00e4ndler auf dem Stoos stellte die Weichen f\u00fcr zukunftsgerichtete Themen.","robots":{"index":"index","follow":"follow","max-snippet":"max-snippet:-1","max-image-preview":"max-image-preview:large","max-video-preview":"max-video-preview:-1"},"canonical":"https:\/\/www.organisator.ch\/de\/management\/2019-07-02\/generalversammlung-der-unabhaengigen-schuhhaendler-weichen-stellen-statt-weichen\/","og_locale":"de_DE","og_type":"article","og_title":"Generalversammlung der unabh\u00e4ngigen Schuhh\u00e4ndler: Weichen stellen statt weichen","og_description":"Die 63. Generalversammlung der ZUSA \u2013 unabh\u00e4ngige Schuhh\u00e4ndler auf dem Stoos stellte die Weichen f\u00fcr zukunftsgerichtete Themen.","og_url":"https:\/\/www.organisator.ch\/de\/management\/2019-07-02\/generalversammlung-der-unabhaengigen-schuhhaendler-weichen-stellen-statt-weichen\/","og_site_name":"Organisator","article_publisher":"https:\/\/www.facebook.com\/OrganisatorFachmagazin","article_published_time":"2019-07-02T13:10:08+00:00","og_image":[{"width":680,"height":510,"url":"https:\/\/www.organisator.ch\/wp-content\/uploads\/2019\/07\/Generalversammlung-der-unabhaengigen-Schuhhaendler-Weichen-stellen-statt-weichen-1_Organisator.jpg","type":"image\/jpeg"}],"author":"thomas.berner","twitter_card":"summary_large_image","twitter_title":"Generalversammlung der unabh\u00e4ngigen #Schuhh\u00e4ndler: Weichen stellen statt weichen","twitter_description":"Die 63. Generalversammlung der ZUSA \u2013 unabh\u00e4ngige #Schuhh\u00e4ndler auf dem Stoos stellte die Weichen f\u00fcr zukunftsgerichtete Themen.","twitter_image":"https:\/\/www.organisator.ch\/wp-content\/uploads\/2019\/07\/Generalversammlung-der-unabh\u00e4ngigen-Schuhh\u00e4ndler-Weichen-stellen-statt-weichen-1_Organisator.jpg","schema":{"@context":"https:\/\/schema.org","@graph":[{"@type":"Article","@id":"https:\/\/www.organisator.ch\/management\/2019-07-02\/generalversammlung-der-unabhaengigen-schuhhaendler-weichen-stellen-statt-weichen\/#article","isPartOf":{"@id":"https:\/\/www.organisator.ch\/management\/2019-07-02\/generalversammlung-der-unabhaengigen-schuhhaendler-weichen-stellen-statt-weichen\/"},"author":{"name":"thomas.berner","@id":"https:\/\/www.organisator.ch\/#\/schema\/person\/6f650f90b2842cd4c0cc334b4e36f67e"},"headline":"Generalversammlung der unabh\u00e4ngigen Schuhh\u00e4ndler: Weichen stellen statt weichen","datePublished":"2019-07-02T13:10:08+00:00","mainEntityOfPage":{"@id":"https:\/\/www.organisator.ch\/management\/2019-07-02\/generalversammlung-der-unabhaengigen-schuhhaendler-weichen-stellen-statt-weichen\/"},"wordCount":651,"commentCount":0,"publisher":{"@id":"https:\/\/www.organisator.ch\/#organization"},"image":{"@id":"https:\/\/www.organisator.ch\/management\/2019-07-02\/generalversammlung-der-unabhaengigen-schuhhaendler-weichen-stellen-statt-weichen\/#primaryimage"},"thumbnailUrl":"https:\/\/www.organisator.ch\/wp-content\/uploads\/2019\/07\/Generalversammlung-der-unabhaengigen-Schuhhaendler-Weichen-stellen-statt-weichen-1_Organisator.jpg","keywords":["Management und Unternehmensf\u00fchrung","Verb\u00e4nde","Vermischtes"],"articleSection":["MANAGEMENT"],"inLanguage":"de"},{"@type":"WebPage","@id":"https:\/\/www.organisator.ch\/management\/2019-07-02\/generalversammlung-der-unabhaengigen-schuhhaendler-weichen-stellen-statt-weichen\/","url":"https:\/\/www.organisator.ch\/management\/2019-07-02\/generalversammlung-der-unabhaengigen-schuhhaendler-weichen-stellen-statt-weichen\/","name":"Generalversammlung der unabh\u00e4ngigen Schuhh\u00e4ndler: Weichen stellen statt weichen - Organisator","isPartOf":{"@id":"https:\/\/www.organisator.ch\/#website"},"primaryImageOfPage":{"@id":"https:\/\/www.organisator.ch\/management\/2019-07-02\/generalversammlung-der-unabhaengigen-schuhhaendler-weichen-stellen-statt-weichen\/#primaryimage"},"image":{"@id":"https:\/\/www.organisator.ch\/management\/2019-07-02\/generalversammlung-der-unabhaengigen-schuhhaendler-weichen-stellen-statt-weichen\/#primaryimage"},"thumbnailUrl":"https:\/\/www.organisator.ch\/wp-content\/uploads\/2019\/07\/Generalversammlung-der-unabhaengigen-Schuhhaendler-Weichen-stellen-statt-weichen-1_Organisator.jpg","datePublished":"2019-07-02T13:10:08+00:00","description":"Die 63. Generalversammlung der ZUSA \u2013 unabh\u00e4ngige Schuhh\u00e4ndler auf dem Stoos stellte die Weichen f\u00fcr zukunftsgerichtete Themen.","breadcrumb":{"@id":"https:\/\/www.organisator.ch\/management\/2019-07-02\/generalversammlung-der-unabhaengigen-schuhhaendler-weichen-stellen-statt-weichen\/#breadcrumb"},"inLanguage":"de","potentialAction":[{"@type":"ReadAction","target":["https:\/\/www.organisator.ch\/management\/2019-07-02\/generalversammlung-der-unabhaengigen-schuhhaendler-weichen-stellen-statt-weichen\/"]}]},{"@type":"ImageObject","inLanguage":"de","@id":"https:\/\/www.organisator.ch\/management\/2019-07-02\/generalversammlung-der-unabhaengigen-schuhhaendler-weichen-stellen-statt-weichen\/#primaryimage","url":"https:\/\/www.organisator.ch\/wp-content\/uploads\/2019\/07\/Generalversammlung-der-unabhaengigen-Schuhhaendler-Weichen-stellen-statt-weichen-1_Organisator.jpg","contentUrl":"https:\/\/www.organisator.ch\/wp-content\/uploads\/2019\/07\/Generalversammlung-der-unabhaengigen-Schuhhaendler-Weichen-stellen-statt-weichen-1_Organisator.jpg","width":680,"height":510,"caption":"Die Mitglieder der ZUSA, dem Branchenverband der unabh\u00e4ngigen Schuhh\u00e4ndler, folgten den Antr\u00e4gen der Verwaltung. (Bild: Fabrice M\u00fcller)"},{"@type":"BreadcrumbList","@id":"https:\/\/www.organisator.ch\/management\/2019-07-02\/generalversammlung-der-unabhaengigen-schuhhaendler-weichen-stellen-statt-weichen\/#breadcrumb","itemListElement":[{"@type":"ListItem","position":1,"name":"Home","item":"https:\/\/www.organisator.ch\/"},{"@type":"ListItem","position":2,"name":"Generalversammlung der unabh\u00e4ngigen Schuhh\u00e4ndler: Weichen stellen statt weichen"}]},{"@type":"WebSite","@id":"https:\/\/www.organisator.ch\/#website","url":"https:\/\/www.organisator.ch\/","name":"Organisator","description":"Kompetent. Praxisnah. Der ORGANISATOR bereitet in 10 Ausgaben pro Jahr die wesentlichen Themen f\u00fcr F\u00fchrungskr\u00e4fte von KMU auf.","publisher":{"@id":"https:\/\/www.organisator.ch\/#organization"},"potentialAction":[{"@type":"SearchAction","target":{"@type":"EntryPoint","urlTemplate":"https:\/\/www.organisator.ch\/?s={search_term_string}"},"query-input":{"@type":"PropertyValueSpecification","valueRequired":true,"valueName":"search_term_string"}}],"inLanguage":"de"},{"@type":"Organization","@id":"https:\/\/www.organisator.ch\/#organization","name":"Organisator","url":"https:\/\/www.organisator.ch\/","logo":{"@type":"ImageObject","inLanguage":"de","@id":"https:\/\/www.organisator.ch\/#\/schema\/logo\/image\/","url":"https:\/\/www.organisator.ch\/wp-content\/uploads\/2022\/01\/Logo_Organisator_Website.png","contentUrl":"https:\/\/www.organisator.ch\/wp-content\/uploads\/2022\/01\/Logo_Organisator_Website.png","width":800,"height":77,"caption":"Organisator"},"image":{"@id":"https:\/\/www.organisator.ch\/#\/schema\/logo\/image\/"},"sameAs":["https:\/\/www.facebook.com\/OrganisatorFachmagazin","https:\/\/www.linkedin.com\/showcase\/organisator-das-magazin-fr-kmu","https:\/\/www.xing.com\/news\/pages\/organisator-ch-695","https:\/\/www.youtube.com\/channel\/UCGP2Sq0iWaZwT3BdIAQFYpw"]},{"@type":"Person","@id":"https:\/\/www.organisator.ch\/#\/schema\/person\/6f650f90b2842cd4c0cc334b4e36f67e","name":"thomas.berner","image":{"@type":"ImageObject","inLanguage":"de","@id":"https:\/\/secure.gravatar.com\/avatar\/ac5001d2a36cb6c6cd3e50789007ffca834b477b74a2144564522e944eabff61?s=96&d=mm&r=g","url":"https:\/\/secure.gravatar.com\/avatar\/ac5001d2a36cb6c6cd3e50789007ffca834b477b74a2144564522e944eabff61?s=96&d=mm&r=g","contentUrl":"https:\/\/secure.gravatar.com\/avatar\/ac5001d2a36cb6c6cd3e50789007ffca834b477b74a2144564522e944eabff61?s=96&d=mm&r=g","caption":"thomas.berner"},"url":"https:\/\/www.organisator.ch\/de\/author\/thomas-berner\/"}]}},"_links":{"self":[{"href":"https:\/\/www.organisator.ch\/de\/wp-json\/wp\/v2\/posts\/5494","targetHints":{"allow":["GET"]}}],"collection":[{"href":"https:\/\/www.organisator.ch\/de\/wp-json\/wp\/v2\/posts"}],"about":[{"href":"https:\/\/www.organisator.ch\/de\/wp-json\/wp\/v2\/types\/post"}],"author":[{"embeddable":true,"href":"https:\/\/www.organisator.ch\/de\/wp-json\/wp\/v2\/users\/4"}],"replies":[{"embeddable":true,"href":"https:\/\/www.organisator.ch\/de\/wp-json\/wp\/v2\/comments?post=5494"}],"version-history":[{"count":0,"href":"https:\/\/www.organisator.ch\/de\/wp-json\/wp\/v2\/posts\/5494\/revisions"}],"wp:featuredmedia":[{"embeddable":true,"href":"https:\/\/www.organisator.ch\/de\/wp-json\/wp\/v2\/media\/5495"}],"wp:attachment":[{"href":"https:\/\/www.organisator.ch\/de\/wp-json\/wp\/v2\/media?parent=5494"}],"wp:term":[{"taxonomy":"category","embeddable":true,"href":"https:\/\/www.organisator.ch\/de\/wp-json\/wp\/v2\/categories?post=5494"},{"taxonomy":"post_tag","embeddable":true,"href":"https:\/\/www.organisator.ch\/de\/wp-json\/wp\/v2\/tags?post=5494"}],"curies":[{"name":"wp","href":"https:\/\/api.w.org\/{rel}","templated":true}]}}