{"id":5501,"date":"2019-07-05T09:30:07","date_gmt":"2019-07-05T07:30:07","guid":{"rendered":"https:\/\/www.organisator.ch\/?p=5501"},"modified":"2019-07-05T09:30:07","modified_gmt":"2019-07-05T07:30:07","slug":"vernetzte-welt-kollaboration-fuer-gesteigerte-wertschoepfung","status":"publish","type":"post","link":"https:\/\/www.organisator.ch\/de\/management\/it\/2019-07-05\/vernetzte-welt-kollaboration-fuer-gesteigerte-wertschoepfung\/","title":{"rendered":"Vernetzte Welt: Kollaboration f\u00fcr gesteigerte Wertsch\u00f6pfung"},"content":{"rendered":"<figure id=\"attachment_5502\" aria-describedby=\"caption-attachment-5502\" style=\"width: 680px\" class=\"wp-caption alignnone\"><img loading=\"lazy\" decoding=\"async\" class=\"size-medium wp-image-5502\" src=\"https:\/\/www.organisator.ch\/wp-content\/uploads\/2019\/07\/Vernetzte-Welt-Kollaboration-fuer-gesteigerte-Wertschoepfung-1_Organisator.jpg\" alt=\"\" width=\"680\" height=\"453\" srcset=\"https:\/\/www.organisator.ch\/wp-content\/uploads\/2019\/07\/Vernetzte-Welt-Kollaboration-fuer-gesteigerte-Wertschoepfung-1_Organisator.jpg 680w, https:\/\/www.organisator.ch\/wp-content\/uploads\/2019\/07\/Vernetzte-Welt-Kollaboration-fuer-gesteigerte-Wertschoepfung-1_Organisator-16x12.jpg 16w, https:\/\/www.organisator.ch\/wp-content\/uploads\/2019\/07\/Vernetzte-Welt-Kollaboration-fuer-gesteigerte-Wertschoepfung-1_Organisator-263x175.jpg 263w, https:\/\/www.organisator.ch\/wp-content\/uploads\/2019\/07\/Vernetzte-Welt-Kollaboration-fuer-gesteigerte-Wertschoepfung-1_Organisator-525x350.jpg 525w, https:\/\/www.organisator.ch\/wp-content\/uploads\/2019\/07\/Vernetzte-Welt-Kollaboration-fuer-gesteigerte-Wertschoepfung-1_Organisator-300x200.jpg 300w\" sizes=\"auto, (max-width: 680px) 100vw, 680px\" \/><figcaption id=\"caption-attachment-5502\" class=\"wp-caption-text\">Am Sommerfest \u00abBier, Bytes &amp; Beats\u00bb der Firma Ergon Informatik sprachen Experten \u00fcber die vernetzte Welt und deren Chancen. (Bild: Ergon Informatik)<\/figcaption><\/figure>\n<p>\u00abGemeinsam k\u00f6nnen Unternehmen Kunden viel besser bedienen als allein\u00bb, er\u00f6ffnete Gabriela Keller, CEO von Ergon, die Konferenz. \u00abAbsatzkan\u00e4le werden durch digitale Plattformen erg\u00e4nzt oder g\u00e4nzlich abgel\u00f6st.\u00bb Und das schnell. Um in der rasanten Entwicklung den Kopf frei f\u00fcr die Entwicklung innovativer Ans\u00e4tze zu halten, braucht es einen \u00abmesserscharfen Fokus\u00bb, sagte Unternehmensberaterin Nicole Brandes: \u00abIch stelle in Unternehmen oft fest, dass die F\u00fchrungskr\u00e4fte einem unglaublichen operativen Stress verfallen. Wir brauchen Menschen, die eine Zukunft schaffen, in der wir Technologie nutzen und Menschen n\u00fctzen. Nicht umgekehrt\u00bb.<\/p>\n<figure id=\"attachment_5503\" aria-describedby=\"caption-attachment-5503\" style=\"width: 680px\" class=\"wp-caption alignnone\"><img loading=\"lazy\" decoding=\"async\" class=\"size-medium wp-image-5503\" src=\"https:\/\/www.organisator.ch\/wp-content\/uploads\/2019\/07\/Vernetzte-Welt-Kollaboration-fuer-gesteigerte-Wertschoepfung-2_Organisator.jpg\" alt=\"\" width=\"680\" height=\"453\" srcset=\"https:\/\/www.organisator.ch\/wp-content\/uploads\/2019\/07\/Vernetzte-Welt-Kollaboration-fuer-gesteigerte-Wertschoepfung-2_Organisator.jpg 680w, https:\/\/www.organisator.ch\/wp-content\/uploads\/2019\/07\/Vernetzte-Welt-Kollaboration-fuer-gesteigerte-Wertschoepfung-2_Organisator-16x12.jpg 16w, https:\/\/www.organisator.ch\/wp-content\/uploads\/2019\/07\/Vernetzte-Welt-Kollaboration-fuer-gesteigerte-Wertschoepfung-2_Organisator-263x175.jpg 263w, https:\/\/www.organisator.ch\/wp-content\/uploads\/2019\/07\/Vernetzte-Welt-Kollaboration-fuer-gesteigerte-Wertschoepfung-2_Organisator-525x350.jpg 525w, https:\/\/www.organisator.ch\/wp-content\/uploads\/2019\/07\/Vernetzte-Welt-Kollaboration-fuer-gesteigerte-Wertschoepfung-2_Organisator-300x200.jpg 300w\" sizes=\"auto, (max-width: 680px) 100vw, 680px\" \/><figcaption id=\"caption-attachment-5503\" class=\"wp-caption-text\">CEO Gabriela Keller begr\u00fcsst die G\u00e4ste. (Bild: Ergon Informatik)<\/figcaption><\/figure>\n<h2>Vernetzte Welt mit Augmented Reality<\/h2>\n<p>Wie das funktionieren kann, zeigte Ergon auf spielerische Weise mit einer eigens f\u00fcr den Anlass entwickelten Augmented-Reality-App. Die App erm\u00f6glichte es, den G\u00e4sten am \u00abBier, Bytes und Beats\u00bb, unter Ergon-Mitarbeitern den gew\u00fcnschten Gespr\u00e4chspartner zu finden und sie im Lake Side zu lokalisieren sowie per Instant-Messaging zu kontaktieren. \u00abDas ist nicht nur Spielerei, sondern damit wollen wir auch zeigen, was mit AR m\u00f6glich ist und wie stabil solche L\u00f6sungen mittlerweile sind\u00bb, sagte AR Technical Lead Daniel Neubig. Die App wurde von den G\u00e4sten rege genutzt. Ebenfalls die Technik in den Nutzen des Menschen gestellt, hat Anja Graf. \u00abDigitale Innovation ist keine Option, sondern ein essentieller Faktor, der \u00fcber die Lebensl\u00e4nge eines Unternehmens bestimmt. Wer in der heutigen vernetzten Welt nicht mitgeht, hat sowieso schon verloren.\u00bb, sagt die Unternehmerin. Mit 21 Jahren hat sie das Unternehmen VISIONAPARTMENTS gegr\u00fcndet. Mit ihrer digitalen Plattform will Anja Graf die f\u00fchrende Anbieterin in der Serviced-Appartment-Branche werden.<\/p>\n<h2>\u00d6kosysteme und die Cloud<\/h2>\n<p>\u00abDie Schweiz ist ein Hightech-Standort und es gibt viele Firmen hier, die von der IT abh\u00e4ngig sind und ein starkes Interesse an Cloud-Technologien haben. Cloud-Technologien sind Basis-Services, die mit Hilfe von starken Partnerschaften und Drittanbietern veredelt und auf die lokalen Bed\u00fcrfnisse angepasst werden\u00bb, erl\u00e4uterte Christian Sciullo, Country Manager CH &amp; AT, Google Cloud. Ihm beigepflichtet hat Roman Hugelshofer, Managing Director Application Security und Mitglied der Ergon Gesch\u00e4ftsleitung. Die Zusammenarbeit mit Drittanbietern m\u00fcsse auch in der Applikationsentwicklung unbedingt gepr\u00fcft werden, um die n\u00f6tige Geschwindigkeit in der Entwicklung sicherzustellen. Er ist der \u00dcberzeugung, dass daf\u00fcr massgeschneiderte L\u00f6sungen am erfolgreichsten sind. Nur so k\u00f6nnen eine hohe Agilit\u00e4t und Wandlungsf\u00e4higkeit des Unternehmens gew\u00e4hrleistet werden.<\/p>\n<figure id=\"attachment_5504\" aria-describedby=\"caption-attachment-5504\" style=\"width: 680px\" class=\"wp-caption alignnone\"><img loading=\"lazy\" decoding=\"async\" class=\"size-medium wp-image-5504\" src=\"https:\/\/www.organisator.ch\/wp-content\/uploads\/2019\/07\/Ergon_BBB_Fest.jpg\" alt=\"\" width=\"680\" height=\"453\" srcset=\"https:\/\/www.organisator.ch\/wp-content\/uploads\/2019\/07\/Ergon_BBB_Fest.jpg 1772w, https:\/\/www.organisator.ch\/wp-content\/uploads\/2019\/07\/Ergon_BBB_Fest-680x453.jpg 680w, https:\/\/www.organisator.ch\/wp-content\/uploads\/2019\/07\/Ergon_BBB_Fest-1024x682.jpg 1024w, https:\/\/www.organisator.ch\/wp-content\/uploads\/2019\/07\/Ergon_BBB_Fest-768x512.jpg 768w, https:\/\/www.organisator.ch\/wp-content\/uploads\/2019\/07\/Ergon_BBB_Fest-1536x1024.jpg 1536w, https:\/\/www.organisator.ch\/wp-content\/uploads\/2019\/07\/Ergon_BBB_Fest-16x12.jpg 16w, https:\/\/www.organisator.ch\/wp-content\/uploads\/2019\/07\/Ergon_BBB_Fest-263x175.jpg 263w, https:\/\/www.organisator.ch\/wp-content\/uploads\/2019\/07\/Ergon_BBB_Fest-525x350.jpg 525w, https:\/\/www.organisator.ch\/wp-content\/uploads\/2019\/07\/Ergon_BBB_Fest-1200x800.jpg 1200w, https:\/\/www.organisator.ch\/wp-content\/uploads\/2019\/07\/Ergon_BBB_Fest-920x613.jpg 920w, https:\/\/www.organisator.ch\/wp-content\/uploads\/2019\/07\/Ergon_BBB_Fest-1400x933.jpg 1400w, https:\/\/www.organisator.ch\/wp-content\/uploads\/2019\/07\/Ergon_BBB_Fest-300x200.jpg 300w\" sizes=\"auto, (max-width: 680px) 100vw, 680px\" \/><figcaption id=\"caption-attachment-5504\" class=\"wp-caption-text\">Vernetzte Welt praktisch: Am Sommerfest wurde &#8211; mit oder ohne Apps &#8211; viel &#8222;genetzwerkt&#8220;. (Bild: Ergon Informatik)<\/figcaption><\/figure>\n<h2>Die Digitalisierung muss Teil der Unternehmenskultur sein<\/h2>\n<p>\u00abBanking braucht es, Banken nicht\u00bb, zitierte Jan Brzezek, CEO und Gr\u00fcnder der Crypto Finance AG, Bill Gates. Die internationale Aufhebung des Schweizer Bankgeheimnisses habe der Finanzindustrie die Chance er\u00f6ffnet, sich neu zu positionieren und sich als Hub f\u00fcr digitale Innovation zu etablieren, etwa im Bereich Blockchain. Ein Unternehmen, das dies seit Jahren erfolgreich umsetzt, ist die Hypothekarbank Lenzburg. Ihre Gesch\u00e4ftsf\u00fchrerin Marianne Wildi wurde f\u00fcr ihre Digitalstrategie von der \u00abFinanz und Wirtschaft\u00bb zum CEO des Jahres gew\u00e4hlt. \u00abDie Digitalisierung geh\u00f6rt in die Unternehmenskultur\u00bb, sagte Marianne Wildi. Innovation ben\u00f6tige Freir\u00e4ume, f\u00fcr die es wiederum ein flexibleres Budget braucht. Eine dynamischere Gestaltung der Finanzplanung beim CFO durchzusetzen, braucht viel \u00dcberzeugungsarbeit. Die Hypothekarbank richtet ihre Innovation auf den Kunden aus und stellt ihre Zukunft auf die drei Standbeine Menschen, Technologie und Banklizenz. \u00abIch habe keine Angst vor neuen Technologien und bin mir bewusst, dass technischer Wandel sehr schnell gehen kann.\u00bb, schliesst Marianne Wildi.<\/p>\n<p><em>Quelle: <a href=\"http:\/\/www.ergon.ch\">Ergon Informatik<\/a><\/em><\/p>\n","protected":false},"excerpt":{"rendered":"<p>\u00abGemeinsam k\u00f6nnen Unternehmen Kunden viel besser bedienen als allein\u00bb, er\u00f6ffnete Gabriela Keller, CEO von Ergon, die Konferenz. \u00abAbsatzkan\u00e4le werden durch digitale Plattformen erg\u00e4nzt oder g\u00e4nzlich abgel\u00f6st.\u00bb Und das schnell. Um in der rasanten Entwicklung den Kopf frei f\u00fcr die Entwicklung innovativer Ans\u00e4tze zu halten, braucht es einen \u00abmesserscharfen Fokus\u00bb, sagte Unternehmensberaterin Nicole Brandes: \u00abIch stelle [&hellip;]<\/p>\n","protected":false},"author":4,"featured_media":5503,"comment_status":"open","ping_status":"open","sticky":false,"template":"","format":"standard","meta":{"_acf_changed":false,"_yoast_wpseo_focuskw":"Vernetzte Welt","_yoast_wpseo_metadesc":"Am 3. Juli lud das Z\u00fcrcher Unternehmen Ergon Informatik AG zu seinem j\u00e4hrlichen Sommerfest \u00abBier, Bytes & Beats\u00bb ein. Der Einladung folgten \u00fcber 400 G\u00e4ste.","articlekey":"","footnotes":""},"categories":[27],"tags":[156,286,492,502],"class_list":["post-5501","post","type-post","status-publish","format-standard","has-post-thumbnail","hentry","category-it","tag-digitalisierung","tag-it","tag-unternehmen","tag-veranstaltungen"],"acf":[],"yoast_head":"<!-- This site is optimized with the Yoast SEO plugin v27.5 - https:\/\/yoast.com\/product\/yoast-seo-wordpress\/ -->\n<title>Vernetzte Welt: Kollaboration f\u00fcr gesteigerte Wertsch\u00f6pfung - Organisator<\/title>\n<meta name=\"description\" content=\"Am 3. Juli lud das Z\u00fcrcher Unternehmen Ergon Informatik AG zu seinem j\u00e4hrlichen Sommerfest \u00abBier, Bytes &amp; Beats\u00bb ein. Der Einladung folgten \u00fcber 400 G\u00e4ste.\" \/>\n<meta name=\"robots\" content=\"index, follow, max-snippet:-1, max-image-preview:large, max-video-preview:-1\" \/>\n<link rel=\"canonical\" href=\"https:\/\/www.organisator.ch\/de\/management\/it\/2019-07-05\/vernetzte-welt-kollaboration-fuer-gesteigerte-wertschoepfung\/\" \/>\n<meta property=\"og:locale\" content=\"de_DE\" \/>\n<meta property=\"og:type\" content=\"article\" \/>\n<meta property=\"og:title\" content=\"Vernetzte Welt: Kollaboration f\u00fcr gesteigerte Wertsch\u00f6pfung\" \/>\n<meta property=\"og:description\" content=\"Am 3. Juli lud das Z\u00fcrcher Unternehmen Ergon Informatik AG zu seinem j\u00e4hrlichen Sommerfest \u00abBier, Bytes &amp; Beats\u00bb ein. Der Einladung folgten \u00fcber 400 G\u00e4ste.\" \/>\n<meta property=\"og:url\" content=\"https:\/\/www.organisator.ch\/de\/management\/it\/2019-07-05\/vernetzte-welt-kollaboration-fuer-gesteigerte-wertschoepfung\/\" \/>\n<meta property=\"og:site_name\" content=\"Organisator\" \/>\n<meta property=\"article:publisher\" content=\"https:\/\/www.facebook.com\/OrganisatorFachmagazin\" \/>\n<meta property=\"article:published_time\" content=\"2019-07-05T07:30:07+00:00\" \/>\n<meta property=\"og:image\" content=\"https:\/\/www.organisator.ch\/wp-content\/uploads\/2019\/07\/Vernetzte-Welt-Kollaboration-fuer-gesteigerte-Wertschoepfung-2_Organisator.jpg\" \/>\n\t<meta property=\"og:image:width\" content=\"680\" \/>\n\t<meta property=\"og:image:height\" content=\"453\" \/>\n\t<meta property=\"og:image:type\" content=\"image\/jpeg\" \/>\n<meta name=\"author\" content=\"thomas.berner\" \/>\n<meta name=\"twitter:card\" content=\"summary_large_image\" \/>\n<meta name=\"twitter:title\" content=\"Vernetzte Welt: #Kollaboration f\u00fcr gesteigerte #Wertsch\u00f6pfung\" \/>\n<meta name=\"twitter:description\" content=\"Am 3. Juli lud das Z\u00fcrcher Unternehmen #Ergon Informatik AG zu seinem j\u00e4hrlichen Sommerfest \u00abBier, Bytes &amp; Beats\u00bb ein. Der Einladung folgten \u00fcber 400 G\u00e4ste.\" \/>\n<meta name=\"twitter:image\" content=\"https:\/\/www.organisator.ch\/wp-content\/uploads\/2019\/07\/Vernetzte-Welt-Kollaboration-f\u00fcr-gesteigerte-Wertsch\u00f6pfung-2_Organisator.jpg\" \/>\n<script type=\"application\/ld+json\" class=\"yoast-schema-graph\">{\"@context\":\"https:\\\/\\\/schema.org\",\"@graph\":[{\"@type\":\"Article\",\"@id\":\"https:\\\/\\\/www.organisator.ch\\\/management\\\/it\\\/2019-07-05\\\/vernetzte-welt-kollaboration-fuer-gesteigerte-wertschoepfung\\\/#article\",\"isPartOf\":{\"@id\":\"https:\\\/\\\/www.organisator.ch\\\/management\\\/it\\\/2019-07-05\\\/vernetzte-welt-kollaboration-fuer-gesteigerte-wertschoepfung\\\/\"},\"author\":{\"name\":\"thomas.berner\",\"@id\":\"https:\\\/\\\/www.organisator.ch\\\/#\\\/schema\\\/person\\\/6f650f90b2842cd4c0cc334b4e36f67e\"},\"headline\":\"Vernetzte Welt: Kollaboration f\u00fcr gesteigerte Wertsch\u00f6pfung\",\"datePublished\":\"2019-07-05T07:30:07+00:00\",\"mainEntityOfPage\":{\"@id\":\"https:\\\/\\\/www.organisator.ch\\\/management\\\/it\\\/2019-07-05\\\/vernetzte-welt-kollaboration-fuer-gesteigerte-wertschoepfung\\\/\"},\"wordCount\":636,\"commentCount\":0,\"publisher\":{\"@id\":\"https:\\\/\\\/www.organisator.ch\\\/#organization\"},\"image\":{\"@id\":\"https:\\\/\\\/www.organisator.ch\\\/management\\\/it\\\/2019-07-05\\\/vernetzte-welt-kollaboration-fuer-gesteigerte-wertschoepfung\\\/#primaryimage\"},\"thumbnailUrl\":\"https:\\\/\\\/www.organisator.ch\\\/wp-content\\\/uploads\\\/2019\\\/07\\\/Vernetzte-Welt-Kollaboration-fuer-gesteigerte-Wertschoepfung-2_Organisator.jpg\",\"keywords\":[\"Digitalisierung\",\"IT\",\"Unternehmen\",\"Veranstaltungen\"],\"articleSection\":[\"IT\"],\"inLanguage\":\"de\"},{\"@type\":\"WebPage\",\"@id\":\"https:\\\/\\\/www.organisator.ch\\\/management\\\/it\\\/2019-07-05\\\/vernetzte-welt-kollaboration-fuer-gesteigerte-wertschoepfung\\\/\",\"url\":\"https:\\\/\\\/www.organisator.ch\\\/management\\\/it\\\/2019-07-05\\\/vernetzte-welt-kollaboration-fuer-gesteigerte-wertschoepfung\\\/\",\"name\":\"Vernetzte Welt: Kollaboration f\u00fcr gesteigerte Wertsch\u00f6pfung - Organisator\",\"isPartOf\":{\"@id\":\"https:\\\/\\\/www.organisator.ch\\\/#website\"},\"primaryImageOfPage\":{\"@id\":\"https:\\\/\\\/www.organisator.ch\\\/management\\\/it\\\/2019-07-05\\\/vernetzte-welt-kollaboration-fuer-gesteigerte-wertschoepfung\\\/#primaryimage\"},\"image\":{\"@id\":\"https:\\\/\\\/www.organisator.ch\\\/management\\\/it\\\/2019-07-05\\\/vernetzte-welt-kollaboration-fuer-gesteigerte-wertschoepfung\\\/#primaryimage\"},\"thumbnailUrl\":\"https:\\\/\\\/www.organisator.ch\\\/wp-content\\\/uploads\\\/2019\\\/07\\\/Vernetzte-Welt-Kollaboration-fuer-gesteigerte-Wertschoepfung-2_Organisator.jpg\",\"datePublished\":\"2019-07-05T07:30:07+00:00\",\"description\":\"Am 3. Juli lud das Z\u00fcrcher Unternehmen Ergon Informatik AG zu seinem j\u00e4hrlichen Sommerfest \u00abBier, Bytes & Beats\u00bb ein. Der Einladung folgten \u00fcber 400 G\u00e4ste.\",\"breadcrumb\":{\"@id\":\"https:\\\/\\\/www.organisator.ch\\\/management\\\/it\\\/2019-07-05\\\/vernetzte-welt-kollaboration-fuer-gesteigerte-wertschoepfung\\\/#breadcrumb\"},\"inLanguage\":\"de\",\"potentialAction\":[{\"@type\":\"ReadAction\",\"target\":[\"https:\\\/\\\/www.organisator.ch\\\/management\\\/it\\\/2019-07-05\\\/vernetzte-welt-kollaboration-fuer-gesteigerte-wertschoepfung\\\/\"]}]},{\"@type\":\"ImageObject\",\"inLanguage\":\"de\",\"@id\":\"https:\\\/\\\/www.organisator.ch\\\/management\\\/it\\\/2019-07-05\\\/vernetzte-welt-kollaboration-fuer-gesteigerte-wertschoepfung\\\/#primaryimage\",\"url\":\"https:\\\/\\\/www.organisator.ch\\\/wp-content\\\/uploads\\\/2019\\\/07\\\/Vernetzte-Welt-Kollaboration-fuer-gesteigerte-Wertschoepfung-2_Organisator.jpg\",\"contentUrl\":\"https:\\\/\\\/www.organisator.ch\\\/wp-content\\\/uploads\\\/2019\\\/07\\\/Vernetzte-Welt-Kollaboration-fuer-gesteigerte-Wertschoepfung-2_Organisator.jpg\",\"width\":680,\"height\":453,\"caption\":\"CEO Gabriela Keller begr\u00fcsst die G\u00e4ste. (Bild: Ergon Informatik)\"},{\"@type\":\"BreadcrumbList\",\"@id\":\"https:\\\/\\\/www.organisator.ch\\\/management\\\/it\\\/2019-07-05\\\/vernetzte-welt-kollaboration-fuer-gesteigerte-wertschoepfung\\\/#breadcrumb\",\"itemListElement\":[{\"@type\":\"ListItem\",\"position\":1,\"name\":\"Home\",\"item\":\"https:\\\/\\\/www.organisator.ch\\\/\"},{\"@type\":\"ListItem\",\"position\":2,\"name\":\"Vernetzte Welt: Kollaboration f\u00fcr gesteigerte Wertsch\u00f6pfung\"}]},{\"@type\":\"WebSite\",\"@id\":\"https:\\\/\\\/www.organisator.ch\\\/#website\",\"url\":\"https:\\\/\\\/www.organisator.ch\\\/\",\"name\":\"Organisator\",\"description\":\"Kompetent. Praxisnah. Der ORGANISATOR bereitet in 10 Ausgaben pro Jahr die wesentlichen Themen f\u00fcr F\u00fchrungskr\u00e4fte von KMU auf.\",\"publisher\":{\"@id\":\"https:\\\/\\\/www.organisator.ch\\\/#organization\"},\"potentialAction\":[{\"@type\":\"SearchAction\",\"target\":{\"@type\":\"EntryPoint\",\"urlTemplate\":\"https:\\\/\\\/www.organisator.ch\\\/?s={search_term_string}\"},\"query-input\":{\"@type\":\"PropertyValueSpecification\",\"valueRequired\":true,\"valueName\":\"search_term_string\"}}],\"inLanguage\":\"de\"},{\"@type\":\"Organization\",\"@id\":\"https:\\\/\\\/www.organisator.ch\\\/#organization\",\"name\":\"Organisator\",\"url\":\"https:\\\/\\\/www.organisator.ch\\\/\",\"logo\":{\"@type\":\"ImageObject\",\"inLanguage\":\"de\",\"@id\":\"https:\\\/\\\/www.organisator.ch\\\/#\\\/schema\\\/logo\\\/image\\\/\",\"url\":\"https:\\\/\\\/www.organisator.ch\\\/wp-content\\\/uploads\\\/2022\\\/01\\\/Logo_Organisator_Website.png\",\"contentUrl\":\"https:\\\/\\\/www.organisator.ch\\\/wp-content\\\/uploads\\\/2022\\\/01\\\/Logo_Organisator_Website.png\",\"width\":800,\"height\":77,\"caption\":\"Organisator\"},\"image\":{\"@id\":\"https:\\\/\\\/www.organisator.ch\\\/#\\\/schema\\\/logo\\\/image\\\/\"},\"sameAs\":[\"https:\\\/\\\/www.facebook.com\\\/OrganisatorFachmagazin\",\"https:\\\/\\\/www.linkedin.com\\\/showcase\\\/organisator-das-magazin-fr-kmu\",\"https:\\\/\\\/www.xing.com\\\/news\\\/pages\\\/organisator-ch-695\",\"https:\\\/\\\/www.youtube.com\\\/channel\\\/UCGP2Sq0iWaZwT3BdIAQFYpw\"]},{\"@type\":\"Person\",\"@id\":\"https:\\\/\\\/www.organisator.ch\\\/#\\\/schema\\\/person\\\/6f650f90b2842cd4c0cc334b4e36f67e\",\"name\":\"thomas.berner\",\"image\":{\"@type\":\"ImageObject\",\"inLanguage\":\"de\",\"@id\":\"https:\\\/\\\/secure.gravatar.com\\\/avatar\\\/ac5001d2a36cb6c6cd3e50789007ffca834b477b74a2144564522e944eabff61?s=96&d=mm&r=g\",\"url\":\"https:\\\/\\\/secure.gravatar.com\\\/avatar\\\/ac5001d2a36cb6c6cd3e50789007ffca834b477b74a2144564522e944eabff61?s=96&d=mm&r=g\",\"contentUrl\":\"https:\\\/\\\/secure.gravatar.com\\\/avatar\\\/ac5001d2a36cb6c6cd3e50789007ffca834b477b74a2144564522e944eabff61?s=96&d=mm&r=g\",\"caption\":\"thomas.berner\"},\"url\":\"https:\\\/\\\/www.organisator.ch\\\/de\\\/author\\\/thomas-berner\\\/\"}]}<\/script>\n<!-- \/ Yoast SEO plugin. -->","yoast_head_json":{"title":"Vernetzte Welt: Kollaboration f\u00fcr gesteigerte Wertsch\u00f6pfung - Organisator","description":"Am 3. Juli lud das Z\u00fcrcher Unternehmen Ergon Informatik AG zu seinem j\u00e4hrlichen Sommerfest \u00abBier, Bytes & Beats\u00bb ein. Der Einladung folgten \u00fcber 400 G\u00e4ste.","robots":{"index":"index","follow":"follow","max-snippet":"max-snippet:-1","max-image-preview":"max-image-preview:large","max-video-preview":"max-video-preview:-1"},"canonical":"https:\/\/www.organisator.ch\/de\/management\/it\/2019-07-05\/vernetzte-welt-kollaboration-fuer-gesteigerte-wertschoepfung\/","og_locale":"de_DE","og_type":"article","og_title":"Vernetzte Welt: Kollaboration f\u00fcr gesteigerte Wertsch\u00f6pfung","og_description":"Am 3. Juli lud das Z\u00fcrcher Unternehmen Ergon Informatik AG zu seinem j\u00e4hrlichen Sommerfest \u00abBier, Bytes & Beats\u00bb ein. Der Einladung folgten \u00fcber 400 G\u00e4ste.","og_url":"https:\/\/www.organisator.ch\/de\/management\/it\/2019-07-05\/vernetzte-welt-kollaboration-fuer-gesteigerte-wertschoepfung\/","og_site_name":"Organisator","article_publisher":"https:\/\/www.facebook.com\/OrganisatorFachmagazin","article_published_time":"2019-07-05T07:30:07+00:00","og_image":[{"width":680,"height":453,"url":"https:\/\/www.organisator.ch\/wp-content\/uploads\/2019\/07\/Vernetzte-Welt-Kollaboration-fuer-gesteigerte-Wertschoepfung-2_Organisator.jpg","type":"image\/jpeg"}],"author":"thomas.berner","twitter_card":"summary_large_image","twitter_title":"Vernetzte Welt: #Kollaboration f\u00fcr gesteigerte #Wertsch\u00f6pfung","twitter_description":"Am 3. Juli lud das Z\u00fcrcher Unternehmen #Ergon Informatik AG zu seinem j\u00e4hrlichen Sommerfest \u00abBier, Bytes & Beats\u00bb ein. Der Einladung folgten \u00fcber 400 G\u00e4ste.","twitter_image":"https:\/\/www.organisator.ch\/wp-content\/uploads\/2019\/07\/Vernetzte-Welt-Kollaboration-f\u00fcr-gesteigerte-Wertsch\u00f6pfung-2_Organisator.jpg","schema":{"@context":"https:\/\/schema.org","@graph":[{"@type":"Article","@id":"https:\/\/www.organisator.ch\/management\/it\/2019-07-05\/vernetzte-welt-kollaboration-fuer-gesteigerte-wertschoepfung\/#article","isPartOf":{"@id":"https:\/\/www.organisator.ch\/management\/it\/2019-07-05\/vernetzte-welt-kollaboration-fuer-gesteigerte-wertschoepfung\/"},"author":{"name":"thomas.berner","@id":"https:\/\/www.organisator.ch\/#\/schema\/person\/6f650f90b2842cd4c0cc334b4e36f67e"},"headline":"Vernetzte Welt: Kollaboration f\u00fcr gesteigerte Wertsch\u00f6pfung","datePublished":"2019-07-05T07:30:07+00:00","mainEntityOfPage":{"@id":"https:\/\/www.organisator.ch\/management\/it\/2019-07-05\/vernetzte-welt-kollaboration-fuer-gesteigerte-wertschoepfung\/"},"wordCount":636,"commentCount":0,"publisher":{"@id":"https:\/\/www.organisator.ch\/#organization"},"image":{"@id":"https:\/\/www.organisator.ch\/management\/it\/2019-07-05\/vernetzte-welt-kollaboration-fuer-gesteigerte-wertschoepfung\/#primaryimage"},"thumbnailUrl":"https:\/\/www.organisator.ch\/wp-content\/uploads\/2019\/07\/Vernetzte-Welt-Kollaboration-fuer-gesteigerte-Wertschoepfung-2_Organisator.jpg","keywords":["Digitalisierung","IT","Unternehmen","Veranstaltungen"],"articleSection":["IT"],"inLanguage":"de"},{"@type":"WebPage","@id":"https:\/\/www.organisator.ch\/management\/it\/2019-07-05\/vernetzte-welt-kollaboration-fuer-gesteigerte-wertschoepfung\/","url":"https:\/\/www.organisator.ch\/management\/it\/2019-07-05\/vernetzte-welt-kollaboration-fuer-gesteigerte-wertschoepfung\/","name":"Vernetzte Welt: Kollaboration f\u00fcr gesteigerte Wertsch\u00f6pfung - Organisator","isPartOf":{"@id":"https:\/\/www.organisator.ch\/#website"},"primaryImageOfPage":{"@id":"https:\/\/www.organisator.ch\/management\/it\/2019-07-05\/vernetzte-welt-kollaboration-fuer-gesteigerte-wertschoepfung\/#primaryimage"},"image":{"@id":"https:\/\/www.organisator.ch\/management\/it\/2019-07-05\/vernetzte-welt-kollaboration-fuer-gesteigerte-wertschoepfung\/#primaryimage"},"thumbnailUrl":"https:\/\/www.organisator.ch\/wp-content\/uploads\/2019\/07\/Vernetzte-Welt-Kollaboration-fuer-gesteigerte-Wertschoepfung-2_Organisator.jpg","datePublished":"2019-07-05T07:30:07+00:00","description":"Am 3. Juli lud das Z\u00fcrcher Unternehmen Ergon Informatik AG zu seinem j\u00e4hrlichen Sommerfest \u00abBier, Bytes & Beats\u00bb ein. Der Einladung folgten \u00fcber 400 G\u00e4ste.","breadcrumb":{"@id":"https:\/\/www.organisator.ch\/management\/it\/2019-07-05\/vernetzte-welt-kollaboration-fuer-gesteigerte-wertschoepfung\/#breadcrumb"},"inLanguage":"de","potentialAction":[{"@type":"ReadAction","target":["https:\/\/www.organisator.ch\/management\/it\/2019-07-05\/vernetzte-welt-kollaboration-fuer-gesteigerte-wertschoepfung\/"]}]},{"@type":"ImageObject","inLanguage":"de","@id":"https:\/\/www.organisator.ch\/management\/it\/2019-07-05\/vernetzte-welt-kollaboration-fuer-gesteigerte-wertschoepfung\/#primaryimage","url":"https:\/\/www.organisator.ch\/wp-content\/uploads\/2019\/07\/Vernetzte-Welt-Kollaboration-fuer-gesteigerte-Wertschoepfung-2_Organisator.jpg","contentUrl":"https:\/\/www.organisator.ch\/wp-content\/uploads\/2019\/07\/Vernetzte-Welt-Kollaboration-fuer-gesteigerte-Wertschoepfung-2_Organisator.jpg","width":680,"height":453,"caption":"CEO Gabriela Keller begr\u00fcsst die G\u00e4ste. (Bild: Ergon Informatik)"},{"@type":"BreadcrumbList","@id":"https:\/\/www.organisator.ch\/management\/it\/2019-07-05\/vernetzte-welt-kollaboration-fuer-gesteigerte-wertschoepfung\/#breadcrumb","itemListElement":[{"@type":"ListItem","position":1,"name":"Home","item":"https:\/\/www.organisator.ch\/"},{"@type":"ListItem","position":2,"name":"Vernetzte Welt: Kollaboration f\u00fcr gesteigerte Wertsch\u00f6pfung"}]},{"@type":"WebSite","@id":"https:\/\/www.organisator.ch\/#website","url":"https:\/\/www.organisator.ch\/","name":"Organisator","description":"Kompetent. Praxisnah. Der ORGANISATOR bereitet in 10 Ausgaben pro Jahr die wesentlichen Themen f\u00fcr F\u00fchrungskr\u00e4fte von KMU auf.","publisher":{"@id":"https:\/\/www.organisator.ch\/#organization"},"potentialAction":[{"@type":"SearchAction","target":{"@type":"EntryPoint","urlTemplate":"https:\/\/www.organisator.ch\/?s={search_term_string}"},"query-input":{"@type":"PropertyValueSpecification","valueRequired":true,"valueName":"search_term_string"}}],"inLanguage":"de"},{"@type":"Organization","@id":"https:\/\/www.organisator.ch\/#organization","name":"Organisator","url":"https:\/\/www.organisator.ch\/","logo":{"@type":"ImageObject","inLanguage":"de","@id":"https:\/\/www.organisator.ch\/#\/schema\/logo\/image\/","url":"https:\/\/www.organisator.ch\/wp-content\/uploads\/2022\/01\/Logo_Organisator_Website.png","contentUrl":"https:\/\/www.organisator.ch\/wp-content\/uploads\/2022\/01\/Logo_Organisator_Website.png","width":800,"height":77,"caption":"Organisator"},"image":{"@id":"https:\/\/www.organisator.ch\/#\/schema\/logo\/image\/"},"sameAs":["https:\/\/www.facebook.com\/OrganisatorFachmagazin","https:\/\/www.linkedin.com\/showcase\/organisator-das-magazin-fr-kmu","https:\/\/www.xing.com\/news\/pages\/organisator-ch-695","https:\/\/www.youtube.com\/channel\/UCGP2Sq0iWaZwT3BdIAQFYpw"]},{"@type":"Person","@id":"https:\/\/www.organisator.ch\/#\/schema\/person\/6f650f90b2842cd4c0cc334b4e36f67e","name":"thomas.berner","image":{"@type":"ImageObject","inLanguage":"de","@id":"https:\/\/secure.gravatar.com\/avatar\/ac5001d2a36cb6c6cd3e50789007ffca834b477b74a2144564522e944eabff61?s=96&d=mm&r=g","url":"https:\/\/secure.gravatar.com\/avatar\/ac5001d2a36cb6c6cd3e50789007ffca834b477b74a2144564522e944eabff61?s=96&d=mm&r=g","contentUrl":"https:\/\/secure.gravatar.com\/avatar\/ac5001d2a36cb6c6cd3e50789007ffca834b477b74a2144564522e944eabff61?s=96&d=mm&r=g","caption":"thomas.berner"},"url":"https:\/\/www.organisator.ch\/de\/author\/thomas-berner\/"}]}},"_links":{"self":[{"href":"https:\/\/www.organisator.ch\/de\/wp-json\/wp\/v2\/posts\/5501","targetHints":{"allow":["GET"]}}],"collection":[{"href":"https:\/\/www.organisator.ch\/de\/wp-json\/wp\/v2\/posts"}],"about":[{"href":"https:\/\/www.organisator.ch\/de\/wp-json\/wp\/v2\/types\/post"}],"author":[{"embeddable":true,"href":"https:\/\/www.organisator.ch\/de\/wp-json\/wp\/v2\/users\/4"}],"replies":[{"embeddable":true,"href":"https:\/\/www.organisator.ch\/de\/wp-json\/wp\/v2\/comments?post=5501"}],"version-history":[{"count":0,"href":"https:\/\/www.organisator.ch\/de\/wp-json\/wp\/v2\/posts\/5501\/revisions"}],"wp:featuredmedia":[{"embeddable":true,"href":"https:\/\/www.organisator.ch\/de\/wp-json\/wp\/v2\/media\/5503"}],"wp:attachment":[{"href":"https:\/\/www.organisator.ch\/de\/wp-json\/wp\/v2\/media?parent=5501"}],"wp:term":[{"taxonomy":"category","embeddable":true,"href":"https:\/\/www.organisator.ch\/de\/wp-json\/wp\/v2\/categories?post=5501"},{"taxonomy":"post_tag","embeddable":true,"href":"https:\/\/www.organisator.ch\/de\/wp-json\/wp\/v2\/tags?post=5501"}],"curies":[{"name":"wp","href":"https:\/\/api.w.org\/{rel}","templated":true}]}}