{"id":5510,"date":"2019-07-08T13:47:10","date_gmt":"2019-07-08T11:47:10","guid":{"rendered":"https:\/\/www.organisator.ch\/?p=5510"},"modified":"2019-07-08T13:47:10","modified_gmt":"2019-07-08T11:47:10","slug":"big-bang-fuer-business-innovation-business-innovation-week-switzerland-in-zuerich-oerlikon","status":"publish","type":"post","link":"https:\/\/www.organisator.ch\/de\/management\/2019-07-08\/big-bang-fuer-business-innovation-business-innovation-week-switzerland-in-zuerich-oerlikon\/","title":{"rendered":"Big Bang f\u00fcr Business Innovation: \u00abBusiness Innovation Week Switzerland\u00bb in Z\u00fcrich Oerlikon"},"content":{"rendered":"<figure id=\"attachment_5511\" aria-describedby=\"caption-attachment-5511\" style=\"width: 680px\" class=\"wp-caption alignnone\"><img loading=\"lazy\" decoding=\"async\" class=\"size-medium wp-image-5511\" src=\"https:\/\/www.organisator.ch\/wp-content\/uploads\/2019\/07\/Big-Bang-fuer-Business-Innovation-Business-Innovation-Week-Switzerland-in-Zuerich-Oerlikon.jpg\" alt=\"\" width=\"680\" height=\"369\" srcset=\"https:\/\/www.organisator.ch\/wp-content\/uploads\/2019\/07\/Big-Bang-fuer-Business-Innovation-Business-Innovation-Week-Switzerland-in-Zuerich-Oerlikon.jpg 680w, https:\/\/www.organisator.ch\/wp-content\/uploads\/2019\/07\/Big-Bang-fuer-Business-Innovation-Business-Innovation-Week-Switzerland-in-Zuerich-Oerlikon-16x9.jpg 16w, https:\/\/www.organisator.ch\/wp-content\/uploads\/2019\/07\/Big-Bang-fuer-Business-Innovation-Business-Innovation-Week-Switzerland-in-Zuerich-Oerlikon-322x175.jpg 322w, https:\/\/www.organisator.ch\/wp-content\/uploads\/2019\/07\/Big-Bang-fuer-Business-Innovation-Business-Innovation-Week-Switzerland-in-Zuerich-Oerlikon-645x350.jpg 645w, https:\/\/www.organisator.ch\/wp-content\/uploads\/2019\/07\/Big-Bang-fuer-Business-Innovation-Business-Innovation-Week-Switzerland-in-Zuerich-Oerlikon-300x163.jpg 300w\" sizes=\"auto, (max-width: 680px) 100vw, 680px\" \/><figcaption id=\"caption-attachment-5511\" class=\"wp-caption-text\">Die Themen der Business Innovation Week (Bild: obs\/EMEX Management GmbH\/J. Schneider)<\/figcaption><\/figure>\n<p>\u00abDie Schweiz ist ein attraktiver Innovationshub f\u00fcr Unternehmen und Start-ups. Mit der Business Innovation Week wollen wir das noch erlebbarer machen!\u00bb, sagt Ewa Ming, Initiantin der Business Innovation Week (BIW) und bekannt als langj\u00e4hrige Veranstalterin der Schweizer Marketingmesse SuisseEMEX und des Digital Summit. Mit der BIW entsteht eine neue Wissens- und Netzwerkplattform f\u00fcr Schweizer Unternehmer, Zukunftsgestalter und Gr\u00fcnder. \u00abNeu denken, neu handeln\u00bb. Dieser Anspruch pr\u00e4gt das BIW-Programm und steht f\u00fcr Innovation, Zukunftsdialog und Nachhaltigkeit.<\/p>\n<h2>Business Innovation im &#8222;Festival-Style&#8220;<\/h2>\n<p>Der Grossanlass im Festival-Style verwandelt den pulsierenden Werkplatz Z\u00fcrich Oerlikon in ein inspirierendes, interaktives Forum f\u00fcr unternehmsrelevante Innovationen und Gesch\u00e4ftsmodelle. Im Fokus stehen: Digitalisierung, New Work, Trends und neueste Technologien f\u00fcr die moderne Arbeitswelt &#8211; ganz praxisnah und verst\u00e4ndlich umgesetzt. Die rund 10&#8217;000 Fachbesucher erleben in der ersten Oktoberwoche Europa-Premieren aus der humanoiden Robotic, 5G-Anwendungen, k\u00fcnstliche Intelligenz, Cyber-Security und Best Practice f\u00fcr Innovationskultur. Auf dem Programm stehen 300 Keynotes und Vortr\u00e4ge, 200 Events mit Live Experiences, Firmenbesichtigungen und Business-Networking.<\/p>\n<h2>Future-Conference @StageOne<\/h2>\n<p>K\u00fcnstliche Intelligenz, Blockchain, Cyber Security, New Work, Virtual Reality, humanoide Roboter, Smart Data &#8211; die Digitalisierung steigert den Innovationsdruck drastisch. Sie sind die Triebkr\u00e4fte f\u00fcr Unternehmen und die wirtschaftliche Entwicklung der Schweiz. Die Future-Conference vom 1. bis 3. Oktober im StageOne schafft f\u00fcr Entscheider und Gestalter der Zukunft aus Wirtschaft, Wissenschaft und Politik ein einzigartiges Forum f\u00fcr Dialog und Austausch mit praxisnahen L\u00f6sungsans\u00e4tzen f\u00fcr die digitale Welt. Der Zukunftskongress richtet sich an Entscheider und F\u00fchrungskr\u00e4fte auf C-Level und pr\u00e4sentiert ein hochkar\u00e4tiges Programm mit internationalen Keynote-Referenten, CEO-Talkrunden und Interviews.<\/p>\n<h2>Academy @MFO-Haus<\/h2>\n<p>In den Studios des MFO-Hauses finden spannende Praxispr\u00e4sentationen, Vortr\u00e4ge und Masterclasses statt. Dabei kommen verst\u00e4rkt Wirtschaftsfrauen zum Zug: Kompetent, authentisch, stark &#8211; Frauen pr\u00e4gen noch zu wenig, aber immer mehr die Unternehmenskultur. Innovationskultur und Leadership, Self Branding und Storytelling, Markenaufbau und Strategie sind Schwerpunktthemen in der Academy.<\/p>\n<h2>Live Experience @Halle 622<\/h2>\n<p>F\u00fcr drei Tage wird die ehemalige ABB-Industrie-Halle 622 zur interaktiven, crossindustriellen Begegnungsplattform und inspirierenden Zukunftsausstellung. Rund 150 Firmen zeigen ihre Produkt-Neuheiten. Die Besucher erwarten Roboter-Premieren, Drohnen, VR-Experiences, 3D-Drucker und Services f\u00fcr die neue Arbeitswelt, kreative Marketing-L\u00f6sungen und Business Software. Und Roboter \u00abDJ Mecabot\u00bb rockt dann bei den Afterwork-Parties die Halle 622.<\/p>\n<p><em>Zum Programm:<\/em><em> <a href=\"https:\/\/www.businessinnovation.ch\/de\/future-conference\/\">https:\/\/www.businessinnovation.ch\/de\/future-conference\/<\/a><\/em><\/p>\n","protected":false},"excerpt":{"rendered":"<p>\u00abDie Schweiz ist ein attraktiver Innovationshub f\u00fcr Unternehmen und Start-ups. Mit der Business Innovation Week wollen wir das noch erlebbarer machen!\u00bb, sagt Ewa Ming, Initiantin der Business Innovation Week (BIW) und bekannt als langj\u00e4hrige Veranstalterin der Schweizer Marketingmesse SuisseEMEX und des Digital Summit. Mit der BIW entsteht eine neue Wissens- und Netzwerkplattform f\u00fcr Schweizer Unternehmer, [&hellip;]<\/p>\n","protected":false},"author":4,"featured_media":5511,"comment_status":"open","ping_status":"open","sticky":false,"template":"","format":"standard","meta":{"_acf_changed":false,"_yoast_wpseo_focuskw":"Business Innovation","_yoast_wpseo_metadesc":"Vom 30. September bis 4. Oktober 2019 findet in Z\u00fcrich Oerlikon ein neuer Wirtschaftsevent f\u00fcr Business Innovation statt. 300 Speaker sind angek\u00fcndigt.","articlekey":"","footnotes":""},"categories":[28],"tags":[156,193,335],"class_list":["post-5510","post","type-post","status-publish","format-standard","has-post-thumbnail","hentry","category-management","tag-digitalisierung","tag-fachkongressfachmesse","tag-management-und-unternehmensfuehrung"],"acf":[],"yoast_head":"<!-- This site is optimized with the Yoast SEO plugin v27.4 - https:\/\/yoast.com\/product\/yoast-seo-wordpress\/ -->\n<title>Big Bang f\u00fcr Business Innovation: \u00abBusiness Innovation Week Switzerland\u00bb in Z\u00fcrich Oerlikon - Organisator<\/title>\n<meta name=\"description\" content=\"Vom 30. September bis 4. Oktober 2019 findet in Z\u00fcrich Oerlikon ein neuer Wirtschaftsevent f\u00fcr Business Innovation statt. 300 Speaker sind angek\u00fcndigt.\" \/>\n<meta name=\"robots\" content=\"index, follow, max-snippet:-1, max-image-preview:large, max-video-preview:-1\" \/>\n<link rel=\"canonical\" href=\"https:\/\/www.organisator.ch\/de\/management\/2019-07-08\/big-bang-fuer-business-innovation-business-innovation-week-switzerland-in-zuerich-oerlikon\/\" \/>\n<meta property=\"og:locale\" content=\"de_DE\" \/>\n<meta property=\"og:type\" content=\"article\" \/>\n<meta property=\"og:title\" content=\"Big Bang f\u00fcr Business Innovation: \u00abBusiness Innovation Week Switzerland\u00bb in Z\u00fcrich Oerlikon\" \/>\n<meta property=\"og:description\" content=\"Vom 30. September bis 4. Oktober 2019 findet in Z\u00fcrich Oerlikon ein neuer Wirtschaftsevent f\u00fcr Business Innovation statt. 300 Speaker sind angek\u00fcndigt.\" \/>\n<meta property=\"og:url\" content=\"https:\/\/www.organisator.ch\/de\/management\/2019-07-08\/big-bang-fuer-business-innovation-business-innovation-week-switzerland-in-zuerich-oerlikon\/\" \/>\n<meta property=\"og:site_name\" content=\"Organisator\" \/>\n<meta property=\"article:publisher\" content=\"https:\/\/www.facebook.com\/OrganisatorFachmagazin\" \/>\n<meta property=\"article:published_time\" content=\"2019-07-08T11:47:10+00:00\" \/>\n<meta property=\"og:image\" content=\"https:\/\/www.organisator.ch\/wp-content\/uploads\/2019\/07\/Big-Bang-fuer-Business-Innovation-Business-Innovation-Week-Switzerland-in-Zuerich-Oerlikon.jpg\" \/>\n\t<meta property=\"og:image:width\" content=\"680\" \/>\n\t<meta property=\"og:image:height\" content=\"369\" \/>\n\t<meta property=\"og:image:type\" content=\"image\/jpeg\" \/>\n<meta name=\"author\" content=\"thomas.berner\" \/>\n<meta name=\"twitter:card\" content=\"summary_large_image\" \/>\n<meta name=\"twitter:title\" content=\"Big Bang f\u00fcr #Business #Innovation: \u00abBusiness Innovation Week Switzerland\u00bb #BIW in Z\u00fcrich Oerlikon\" \/>\n<meta name=\"twitter:description\" content=\"Vom 30. September bis 4. Oktober 2019 findet in Z\u00fcrich Oerlikon ein neuer Wirtschaftsevent f\u00fcr #Business #Innovation statt. 300 Speaker sind angek\u00fcndigt.\" \/>\n<meta name=\"twitter:image\" content=\"https:\/\/www.organisator.ch\/wp-content\/uploads\/2019\/07\/Big-Bang-f\u00fcr-Business-Innovation-Business-Innovation-Week-Switzerland-in-Z\u00fcrich-Oerlikon.jpg\" \/>\n<script type=\"application\/ld+json\" class=\"yoast-schema-graph\">{\"@context\":\"https:\\\/\\\/schema.org\",\"@graph\":[{\"@type\":\"Article\",\"@id\":\"https:\\\/\\\/www.organisator.ch\\\/management\\\/2019-07-08\\\/big-bang-fuer-business-innovation-business-innovation-week-switzerland-in-zuerich-oerlikon\\\/#article\",\"isPartOf\":{\"@id\":\"https:\\\/\\\/www.organisator.ch\\\/management\\\/2019-07-08\\\/big-bang-fuer-business-innovation-business-innovation-week-switzerland-in-zuerich-oerlikon\\\/\"},\"author\":{\"name\":\"thomas.berner\",\"@id\":\"https:\\\/\\\/www.organisator.ch\\\/#\\\/schema\\\/person\\\/6f650f90b2842cd4c0cc334b4e36f67e\"},\"headline\":\"Big Bang f\u00fcr Business Innovation: \u00abBusiness Innovation Week Switzerland\u00bb in Z\u00fcrich Oerlikon\",\"datePublished\":\"2019-07-08T11:47:10+00:00\",\"mainEntityOfPage\":{\"@id\":\"https:\\\/\\\/www.organisator.ch\\\/management\\\/2019-07-08\\\/big-bang-fuer-business-innovation-business-innovation-week-switzerland-in-zuerich-oerlikon\\\/\"},\"wordCount\":417,\"commentCount\":0,\"publisher\":{\"@id\":\"https:\\\/\\\/www.organisator.ch\\\/#organization\"},\"image\":{\"@id\":\"https:\\\/\\\/www.organisator.ch\\\/management\\\/2019-07-08\\\/big-bang-fuer-business-innovation-business-innovation-week-switzerland-in-zuerich-oerlikon\\\/#primaryimage\"},\"thumbnailUrl\":\"https:\\\/\\\/www.organisator.ch\\\/wp-content\\\/uploads\\\/2019\\\/07\\\/Big-Bang-fuer-Business-Innovation-Business-Innovation-Week-Switzerland-in-Zuerich-Oerlikon.jpg\",\"keywords\":[\"Digitalisierung\",\"Fachkongress\\\/Fachmesse\",\"Management und Unternehmensf\u00fchrung\"],\"articleSection\":[\"MANAGEMENT\"],\"inLanguage\":\"de\"},{\"@type\":\"WebPage\",\"@id\":\"https:\\\/\\\/www.organisator.ch\\\/management\\\/2019-07-08\\\/big-bang-fuer-business-innovation-business-innovation-week-switzerland-in-zuerich-oerlikon\\\/\",\"url\":\"https:\\\/\\\/www.organisator.ch\\\/management\\\/2019-07-08\\\/big-bang-fuer-business-innovation-business-innovation-week-switzerland-in-zuerich-oerlikon\\\/\",\"name\":\"Big Bang f\u00fcr Business Innovation: \u00abBusiness Innovation Week Switzerland\u00bb in Z\u00fcrich Oerlikon - Organisator\",\"isPartOf\":{\"@id\":\"https:\\\/\\\/www.organisator.ch\\\/#website\"},\"primaryImageOfPage\":{\"@id\":\"https:\\\/\\\/www.organisator.ch\\\/management\\\/2019-07-08\\\/big-bang-fuer-business-innovation-business-innovation-week-switzerland-in-zuerich-oerlikon\\\/#primaryimage\"},\"image\":{\"@id\":\"https:\\\/\\\/www.organisator.ch\\\/management\\\/2019-07-08\\\/big-bang-fuer-business-innovation-business-innovation-week-switzerland-in-zuerich-oerlikon\\\/#primaryimage\"},\"thumbnailUrl\":\"https:\\\/\\\/www.organisator.ch\\\/wp-content\\\/uploads\\\/2019\\\/07\\\/Big-Bang-fuer-Business-Innovation-Business-Innovation-Week-Switzerland-in-Zuerich-Oerlikon.jpg\",\"datePublished\":\"2019-07-08T11:47:10+00:00\",\"description\":\"Vom 30. September bis 4. Oktober 2019 findet in Z\u00fcrich Oerlikon ein neuer Wirtschaftsevent f\u00fcr Business Innovation statt. 300 Speaker sind angek\u00fcndigt.\",\"breadcrumb\":{\"@id\":\"https:\\\/\\\/www.organisator.ch\\\/management\\\/2019-07-08\\\/big-bang-fuer-business-innovation-business-innovation-week-switzerland-in-zuerich-oerlikon\\\/#breadcrumb\"},\"inLanguage\":\"de\",\"potentialAction\":[{\"@type\":\"ReadAction\",\"target\":[\"https:\\\/\\\/www.organisator.ch\\\/management\\\/2019-07-08\\\/big-bang-fuer-business-innovation-business-innovation-week-switzerland-in-zuerich-oerlikon\\\/\"]}]},{\"@type\":\"ImageObject\",\"inLanguage\":\"de\",\"@id\":\"https:\\\/\\\/www.organisator.ch\\\/management\\\/2019-07-08\\\/big-bang-fuer-business-innovation-business-innovation-week-switzerland-in-zuerich-oerlikon\\\/#primaryimage\",\"url\":\"https:\\\/\\\/www.organisator.ch\\\/wp-content\\\/uploads\\\/2019\\\/07\\\/Big-Bang-fuer-Business-Innovation-Business-Innovation-Week-Switzerland-in-Zuerich-Oerlikon.jpg\",\"contentUrl\":\"https:\\\/\\\/www.organisator.ch\\\/wp-content\\\/uploads\\\/2019\\\/07\\\/Big-Bang-fuer-Business-Innovation-Business-Innovation-Week-Switzerland-in-Zuerich-Oerlikon.jpg\",\"width\":680,\"height\":369,\"caption\":\"Die Themen der Business Innovation Week (Bild: obs\\\/EMEX Management GmbH\\\/J. Schneider)\"},{\"@type\":\"BreadcrumbList\",\"@id\":\"https:\\\/\\\/www.organisator.ch\\\/management\\\/2019-07-08\\\/big-bang-fuer-business-innovation-business-innovation-week-switzerland-in-zuerich-oerlikon\\\/#breadcrumb\",\"itemListElement\":[{\"@type\":\"ListItem\",\"position\":1,\"name\":\"Home\",\"item\":\"https:\\\/\\\/www.organisator.ch\\\/\"},{\"@type\":\"ListItem\",\"position\":2,\"name\":\"Big Bang f\u00fcr Business Innovation: \u00abBusiness Innovation Week Switzerland\u00bb in Z\u00fcrich Oerlikon\"}]},{\"@type\":\"WebSite\",\"@id\":\"https:\\\/\\\/www.organisator.ch\\\/#website\",\"url\":\"https:\\\/\\\/www.organisator.ch\\\/\",\"name\":\"Organisator\",\"description\":\"Kompetent. Praxisnah. Der ORGANISATOR bereitet in 10 Ausgaben pro Jahr die wesentlichen Themen f\u00fcr F\u00fchrungskr\u00e4fte von KMU auf.\",\"publisher\":{\"@id\":\"https:\\\/\\\/www.organisator.ch\\\/#organization\"},\"potentialAction\":[{\"@type\":\"SearchAction\",\"target\":{\"@type\":\"EntryPoint\",\"urlTemplate\":\"https:\\\/\\\/www.organisator.ch\\\/?s={search_term_string}\"},\"query-input\":{\"@type\":\"PropertyValueSpecification\",\"valueRequired\":true,\"valueName\":\"search_term_string\"}}],\"inLanguage\":\"de\"},{\"@type\":\"Organization\",\"@id\":\"https:\\\/\\\/www.organisator.ch\\\/#organization\",\"name\":\"Organisator\",\"url\":\"https:\\\/\\\/www.organisator.ch\\\/\",\"logo\":{\"@type\":\"ImageObject\",\"inLanguage\":\"de\",\"@id\":\"https:\\\/\\\/www.organisator.ch\\\/#\\\/schema\\\/logo\\\/image\\\/\",\"url\":\"https:\\\/\\\/www.organisator.ch\\\/wp-content\\\/uploads\\\/2022\\\/01\\\/Logo_Organisator_Website.png\",\"contentUrl\":\"https:\\\/\\\/www.organisator.ch\\\/wp-content\\\/uploads\\\/2022\\\/01\\\/Logo_Organisator_Website.png\",\"width\":800,\"height\":77,\"caption\":\"Organisator\"},\"image\":{\"@id\":\"https:\\\/\\\/www.organisator.ch\\\/#\\\/schema\\\/logo\\\/image\\\/\"},\"sameAs\":[\"https:\\\/\\\/www.facebook.com\\\/OrganisatorFachmagazin\",\"https:\\\/\\\/www.linkedin.com\\\/showcase\\\/organisator-das-magazin-fr-kmu\",\"https:\\\/\\\/www.xing.com\\\/news\\\/pages\\\/organisator-ch-695\",\"https:\\\/\\\/www.youtube.com\\\/channel\\\/UCGP2Sq0iWaZwT3BdIAQFYpw\"]},{\"@type\":\"Person\",\"@id\":\"https:\\\/\\\/www.organisator.ch\\\/#\\\/schema\\\/person\\\/6f650f90b2842cd4c0cc334b4e36f67e\",\"name\":\"thomas.berner\",\"image\":{\"@type\":\"ImageObject\",\"inLanguage\":\"de\",\"@id\":\"https:\\\/\\\/secure.gravatar.com\\\/avatar\\\/ac5001d2a36cb6c6cd3e50789007ffca834b477b74a2144564522e944eabff61?s=96&d=mm&r=g\",\"url\":\"https:\\\/\\\/secure.gravatar.com\\\/avatar\\\/ac5001d2a36cb6c6cd3e50789007ffca834b477b74a2144564522e944eabff61?s=96&d=mm&r=g\",\"contentUrl\":\"https:\\\/\\\/secure.gravatar.com\\\/avatar\\\/ac5001d2a36cb6c6cd3e50789007ffca834b477b74a2144564522e944eabff61?s=96&d=mm&r=g\",\"caption\":\"thomas.berner\"},\"url\":\"https:\\\/\\\/www.organisator.ch\\\/de\\\/author\\\/thomas-berner\\\/\"}]}<\/script>\n<!-- \/ Yoast SEO plugin. -->","yoast_head_json":{"title":"Big Bang f\u00fcr Business Innovation: \u00abBusiness Innovation Week Switzerland\u00bb in Z\u00fcrich Oerlikon - Organisator","description":"Vom 30. September bis 4. Oktober 2019 findet in Z\u00fcrich Oerlikon ein neuer Wirtschaftsevent f\u00fcr Business Innovation statt. 300 Speaker sind angek\u00fcndigt.","robots":{"index":"index","follow":"follow","max-snippet":"max-snippet:-1","max-image-preview":"max-image-preview:large","max-video-preview":"max-video-preview:-1"},"canonical":"https:\/\/www.organisator.ch\/de\/management\/2019-07-08\/big-bang-fuer-business-innovation-business-innovation-week-switzerland-in-zuerich-oerlikon\/","og_locale":"de_DE","og_type":"article","og_title":"Big Bang f\u00fcr Business Innovation: \u00abBusiness Innovation Week Switzerland\u00bb in Z\u00fcrich Oerlikon","og_description":"Vom 30. September bis 4. Oktober 2019 findet in Z\u00fcrich Oerlikon ein neuer Wirtschaftsevent f\u00fcr Business Innovation statt. 300 Speaker sind angek\u00fcndigt.","og_url":"https:\/\/www.organisator.ch\/de\/management\/2019-07-08\/big-bang-fuer-business-innovation-business-innovation-week-switzerland-in-zuerich-oerlikon\/","og_site_name":"Organisator","article_publisher":"https:\/\/www.facebook.com\/OrganisatorFachmagazin","article_published_time":"2019-07-08T11:47:10+00:00","og_image":[{"width":680,"height":369,"url":"https:\/\/www.organisator.ch\/wp-content\/uploads\/2019\/07\/Big-Bang-fuer-Business-Innovation-Business-Innovation-Week-Switzerland-in-Zuerich-Oerlikon.jpg","type":"image\/jpeg"}],"author":"thomas.berner","twitter_card":"summary_large_image","twitter_title":"Big Bang f\u00fcr #Business #Innovation: \u00abBusiness Innovation Week Switzerland\u00bb #BIW in Z\u00fcrich Oerlikon","twitter_description":"Vom 30. September bis 4. Oktober 2019 findet in Z\u00fcrich Oerlikon ein neuer Wirtschaftsevent f\u00fcr #Business #Innovation statt. 300 Speaker sind angek\u00fcndigt.","twitter_image":"https:\/\/www.organisator.ch\/wp-content\/uploads\/2019\/07\/Big-Bang-f\u00fcr-Business-Innovation-Business-Innovation-Week-Switzerland-in-Z\u00fcrich-Oerlikon.jpg","schema":{"@context":"https:\/\/schema.org","@graph":[{"@type":"Article","@id":"https:\/\/www.organisator.ch\/management\/2019-07-08\/big-bang-fuer-business-innovation-business-innovation-week-switzerland-in-zuerich-oerlikon\/#article","isPartOf":{"@id":"https:\/\/www.organisator.ch\/management\/2019-07-08\/big-bang-fuer-business-innovation-business-innovation-week-switzerland-in-zuerich-oerlikon\/"},"author":{"name":"thomas.berner","@id":"https:\/\/www.organisator.ch\/#\/schema\/person\/6f650f90b2842cd4c0cc334b4e36f67e"},"headline":"Big Bang f\u00fcr Business Innovation: \u00abBusiness Innovation Week Switzerland\u00bb in Z\u00fcrich Oerlikon","datePublished":"2019-07-08T11:47:10+00:00","mainEntityOfPage":{"@id":"https:\/\/www.organisator.ch\/management\/2019-07-08\/big-bang-fuer-business-innovation-business-innovation-week-switzerland-in-zuerich-oerlikon\/"},"wordCount":417,"commentCount":0,"publisher":{"@id":"https:\/\/www.organisator.ch\/#organization"},"image":{"@id":"https:\/\/www.organisator.ch\/management\/2019-07-08\/big-bang-fuer-business-innovation-business-innovation-week-switzerland-in-zuerich-oerlikon\/#primaryimage"},"thumbnailUrl":"https:\/\/www.organisator.ch\/wp-content\/uploads\/2019\/07\/Big-Bang-fuer-Business-Innovation-Business-Innovation-Week-Switzerland-in-Zuerich-Oerlikon.jpg","keywords":["Digitalisierung","Fachkongress\/Fachmesse","Management und Unternehmensf\u00fchrung"],"articleSection":["MANAGEMENT"],"inLanguage":"de"},{"@type":"WebPage","@id":"https:\/\/www.organisator.ch\/management\/2019-07-08\/big-bang-fuer-business-innovation-business-innovation-week-switzerland-in-zuerich-oerlikon\/","url":"https:\/\/www.organisator.ch\/management\/2019-07-08\/big-bang-fuer-business-innovation-business-innovation-week-switzerland-in-zuerich-oerlikon\/","name":"Big Bang f\u00fcr Business Innovation: \u00abBusiness Innovation Week Switzerland\u00bb in Z\u00fcrich Oerlikon - Organisator","isPartOf":{"@id":"https:\/\/www.organisator.ch\/#website"},"primaryImageOfPage":{"@id":"https:\/\/www.organisator.ch\/management\/2019-07-08\/big-bang-fuer-business-innovation-business-innovation-week-switzerland-in-zuerich-oerlikon\/#primaryimage"},"image":{"@id":"https:\/\/www.organisator.ch\/management\/2019-07-08\/big-bang-fuer-business-innovation-business-innovation-week-switzerland-in-zuerich-oerlikon\/#primaryimage"},"thumbnailUrl":"https:\/\/www.organisator.ch\/wp-content\/uploads\/2019\/07\/Big-Bang-fuer-Business-Innovation-Business-Innovation-Week-Switzerland-in-Zuerich-Oerlikon.jpg","datePublished":"2019-07-08T11:47:10+00:00","description":"Vom 30. September bis 4. Oktober 2019 findet in Z\u00fcrich Oerlikon ein neuer Wirtschaftsevent f\u00fcr Business Innovation statt. 300 Speaker sind angek\u00fcndigt.","breadcrumb":{"@id":"https:\/\/www.organisator.ch\/management\/2019-07-08\/big-bang-fuer-business-innovation-business-innovation-week-switzerland-in-zuerich-oerlikon\/#breadcrumb"},"inLanguage":"de","potentialAction":[{"@type":"ReadAction","target":["https:\/\/www.organisator.ch\/management\/2019-07-08\/big-bang-fuer-business-innovation-business-innovation-week-switzerland-in-zuerich-oerlikon\/"]}]},{"@type":"ImageObject","inLanguage":"de","@id":"https:\/\/www.organisator.ch\/management\/2019-07-08\/big-bang-fuer-business-innovation-business-innovation-week-switzerland-in-zuerich-oerlikon\/#primaryimage","url":"https:\/\/www.organisator.ch\/wp-content\/uploads\/2019\/07\/Big-Bang-fuer-Business-Innovation-Business-Innovation-Week-Switzerland-in-Zuerich-Oerlikon.jpg","contentUrl":"https:\/\/www.organisator.ch\/wp-content\/uploads\/2019\/07\/Big-Bang-fuer-Business-Innovation-Business-Innovation-Week-Switzerland-in-Zuerich-Oerlikon.jpg","width":680,"height":369,"caption":"Die Themen der Business Innovation Week (Bild: obs\/EMEX Management GmbH\/J. Schneider)"},{"@type":"BreadcrumbList","@id":"https:\/\/www.organisator.ch\/management\/2019-07-08\/big-bang-fuer-business-innovation-business-innovation-week-switzerland-in-zuerich-oerlikon\/#breadcrumb","itemListElement":[{"@type":"ListItem","position":1,"name":"Home","item":"https:\/\/www.organisator.ch\/"},{"@type":"ListItem","position":2,"name":"Big Bang f\u00fcr Business Innovation: \u00abBusiness Innovation Week Switzerland\u00bb in Z\u00fcrich Oerlikon"}]},{"@type":"WebSite","@id":"https:\/\/www.organisator.ch\/#website","url":"https:\/\/www.organisator.ch\/","name":"Organisator","description":"Kompetent. Praxisnah. Der ORGANISATOR bereitet in 10 Ausgaben pro Jahr die wesentlichen Themen f\u00fcr F\u00fchrungskr\u00e4fte von KMU auf.","publisher":{"@id":"https:\/\/www.organisator.ch\/#organization"},"potentialAction":[{"@type":"SearchAction","target":{"@type":"EntryPoint","urlTemplate":"https:\/\/www.organisator.ch\/?s={search_term_string}"},"query-input":{"@type":"PropertyValueSpecification","valueRequired":true,"valueName":"search_term_string"}}],"inLanguage":"de"},{"@type":"Organization","@id":"https:\/\/www.organisator.ch\/#organization","name":"Organisator","url":"https:\/\/www.organisator.ch\/","logo":{"@type":"ImageObject","inLanguage":"de","@id":"https:\/\/www.organisator.ch\/#\/schema\/logo\/image\/","url":"https:\/\/www.organisator.ch\/wp-content\/uploads\/2022\/01\/Logo_Organisator_Website.png","contentUrl":"https:\/\/www.organisator.ch\/wp-content\/uploads\/2022\/01\/Logo_Organisator_Website.png","width":800,"height":77,"caption":"Organisator"},"image":{"@id":"https:\/\/www.organisator.ch\/#\/schema\/logo\/image\/"},"sameAs":["https:\/\/www.facebook.com\/OrganisatorFachmagazin","https:\/\/www.linkedin.com\/showcase\/organisator-das-magazin-fr-kmu","https:\/\/www.xing.com\/news\/pages\/organisator-ch-695","https:\/\/www.youtube.com\/channel\/UCGP2Sq0iWaZwT3BdIAQFYpw"]},{"@type":"Person","@id":"https:\/\/www.organisator.ch\/#\/schema\/person\/6f650f90b2842cd4c0cc334b4e36f67e","name":"thomas.berner","image":{"@type":"ImageObject","inLanguage":"de","@id":"https:\/\/secure.gravatar.com\/avatar\/ac5001d2a36cb6c6cd3e50789007ffca834b477b74a2144564522e944eabff61?s=96&d=mm&r=g","url":"https:\/\/secure.gravatar.com\/avatar\/ac5001d2a36cb6c6cd3e50789007ffca834b477b74a2144564522e944eabff61?s=96&d=mm&r=g","contentUrl":"https:\/\/secure.gravatar.com\/avatar\/ac5001d2a36cb6c6cd3e50789007ffca834b477b74a2144564522e944eabff61?s=96&d=mm&r=g","caption":"thomas.berner"},"url":"https:\/\/www.organisator.ch\/de\/author\/thomas-berner\/"}]}},"_links":{"self":[{"href":"https:\/\/www.organisator.ch\/de\/wp-json\/wp\/v2\/posts\/5510","targetHints":{"allow":["GET"]}}],"collection":[{"href":"https:\/\/www.organisator.ch\/de\/wp-json\/wp\/v2\/posts"}],"about":[{"href":"https:\/\/www.organisator.ch\/de\/wp-json\/wp\/v2\/types\/post"}],"author":[{"embeddable":true,"href":"https:\/\/www.organisator.ch\/de\/wp-json\/wp\/v2\/users\/4"}],"replies":[{"embeddable":true,"href":"https:\/\/www.organisator.ch\/de\/wp-json\/wp\/v2\/comments?post=5510"}],"version-history":[{"count":0,"href":"https:\/\/www.organisator.ch\/de\/wp-json\/wp\/v2\/posts\/5510\/revisions"}],"wp:featuredmedia":[{"embeddable":true,"href":"https:\/\/www.organisator.ch\/de\/wp-json\/wp\/v2\/media\/5511"}],"wp:attachment":[{"href":"https:\/\/www.organisator.ch\/de\/wp-json\/wp\/v2\/media?parent=5510"}],"wp:term":[{"taxonomy":"category","embeddable":true,"href":"https:\/\/www.organisator.ch\/de\/wp-json\/wp\/v2\/categories?post=5510"},{"taxonomy":"post_tag","embeddable":true,"href":"https:\/\/www.organisator.ch\/de\/wp-json\/wp\/v2\/tags?post=5510"}],"curies":[{"name":"wp","href":"https:\/\/api.w.org\/{rel}","templated":true}]}}