{"id":5542,"date":"2019-07-12T10:52:54","date_gmt":"2019-07-12T08:52:54","guid":{"rendered":"https:\/\/www.organisator.ch\/?p=5542"},"modified":"2019-07-12T10:52:54","modified_gmt":"2019-07-12T08:52:54","slug":"die-schweiz-als-europaeisches-ki-epizentrum","status":"publish","type":"post","link":"https:\/\/www.organisator.ch\/de\/management\/it\/2019-07-12\/die-schweiz-als-europaeisches-ki-epizentrum\/","title":{"rendered":"Die Schweiz als europ\u00e4isches KI-Epizentrum"},"content":{"rendered":"<figure id=\"attachment_5543\" aria-describedby=\"caption-attachment-5543\" style=\"width: 680px\" class=\"wp-caption alignnone\"><img loading=\"lazy\" decoding=\"async\" class=\"size-medium wp-image-5543\" src=\"https:\/\/www.organisator.ch\/wp-content\/uploads\/2019\/07\/Die-Schweiz-als-europaeisches-KI-Epizentrum-1_Organisator.jpg\" alt=\"\" width=\"680\" height=\"455\" srcset=\"https:\/\/www.organisator.ch\/wp-content\/uploads\/2019\/07\/Die-Schweiz-als-europaeisches-KI-Epizentrum-1_Organisator.jpg 680w, https:\/\/www.organisator.ch\/wp-content\/uploads\/2019\/07\/Die-Schweiz-als-europaeisches-KI-Epizentrum-1_Organisator-16x12.jpg 16w, https:\/\/www.organisator.ch\/wp-content\/uploads\/2019\/07\/Die-Schweiz-als-europaeisches-KI-Epizentrum-1_Organisator-262x175.jpg 262w, https:\/\/www.organisator.ch\/wp-content\/uploads\/2019\/07\/Die-Schweiz-als-europaeisches-KI-Epizentrum-1_Organisator-523x350.jpg 523w, https:\/\/www.organisator.ch\/wp-content\/uploads\/2019\/07\/Die-Schweiz-als-europaeisches-KI-Epizentrum-1_Organisator-300x201.jpg 300w\" sizes=\"auto, (max-width: 680px) 100vw, 680px\" \/><figcaption id=\"caption-attachment-5543\" class=\"wp-caption-text\">Lorbeeren aus Deutschland: Die Schweiz ist in Europa das KI-Epizentrum, ein Hotspot f\u00fcr k\u00fcnstliche Intelligenz. (Bild: Pixabay.com)<\/figcaption><\/figure>\n<p>\u201eIch glaube nicht an Science-Fiction, ich glaube an L\u00f6sungen, die das Leben der Menschen besser machen und sich wirtschaftlich sinnvoll ins Business integrieren lassen\u201c, sagt Andy Fitze. Der Pionier in Sachen K\u00fcnstliche Intelligenz (KI) und Mitgr\u00fcnder der Firma SwissCognitive, die sich als globaler KI-Hub definiert und Unternehmen rund um dieses wichtige Zukunftsthema zusammenbringt, war Hauptredner beim Swiss Business Lunch in der Schweizer Botschaft in Berlin. Dort haben sich knapp 100 Experten versammelt, um \u00fcber die Zukunft der KI und die Perspektiven des Standortes Schweiz zu sprechen. Das einhellige Fazit: Die Schweiz ist ein europ\u00e4isches KI-Epizentrum und Vorbild f\u00fcr den Rest Europas.<\/p>\n<h2>Als KI-Epizentrum auf Augenh\u00f6he mit Israel, China und den USA<\/h2>\n<p>\u201eIn der Schweiz agieren hunderte Startups, die die Zukunft gestalten\u201c, informiert Britta Thiele-Klapproth die anwesenden Unternehmer. Thiele-Klapproth ist die Leiterin des Swiss Hub Germany, die offizielle Wirtschaftsf\u00f6rderung der Schweiz in Deutschland. Weltweit f\u00fchrende Hochschulen, Anziehungskraft f\u00fcr Fachkr\u00e4fte aus der ganzen Welt und eine sehr wirtschafts- und innovationsfreundliche Verwaltung von der Kommune bis zum Bundesrat werden den Eigenossen bescheinigt \u2013 auch von den KI- und IT-Experten, die den Swiss Business Lunch als Forum f\u00fcr ihre neuen Gesch\u00e4ftsideen besucht haben. Man sei beim Thema KI auf Augenh\u00f6he mit London, Israel, China und den USA, in Europa f\u00fchrend. Kooperationen mit schweizerischen Unternehmen und Universit\u00e4ten, eigene Projekte oder Labore sowie die Investition in einen Standort in der Schweiz seien meist lohnenswert. \u201eDie Schweiz generiert Wettbewerbsvorteile und neue M\u00e4rkte\u201c, so Thiele-Klapproth, die j\u00e4hrlich Dutzende Unternehmen auf ihrem Weg in die Schweiz begleitet und vor Ort wertvolle Kontakte herstellt.<\/p>\n<h2>Keine Science-Fiction, sondern praktische Anwendungen<\/h2>\n<p>Neben technologischen Fragen und Anwendungsm\u00f6glichkeiten von K\u00fcnstlicher Intelligenz in der Praxis, etwa in der Industrie, in den Bereichen Verkehr, Transport und Logistik oder bei sozialen Dienstleistungen ging es beim Swiss Business Lunch auch um Ethik. \u201eWir m\u00fcssen KI nicht f\u00fcrchten. Technologischen Wandel hat es immer gegeben, schon seit Erfindung der Dampfmaschine. Immer haben einige Menschen bef\u00fcrchtet, nicht mehr gebraucht zu werden. Und immer wuchsen stattdessen die Lebensqualit\u00e4t und der Bedarf an Fachkr\u00e4ften. KI macht das Leben der Menschen besser, auch derer, die bislang wirtschaftlich oder regional eher Nachteile in Kauf nehmen mussten. Die meisten \u00c4ngste sind unbegr\u00fcndet\u201c, so Fitze. Nat\u00fcrlich m\u00fcsse sich der Einzelne anpassen und neue F\u00e4higkeiten erlernen. Aber auch das sei immer schon so gewesen. Fakt sei, dass sich der Mensch dank KI von l\u00e4stigen Routinearbeiten befreien k\u00f6nne und sich stattdessen auf das konzentrieren wird, was ihn ausmacht: Kreativit\u00e4t, Potenzialentfaltung und Menschlichkeit. \u201eVom maschinellen Superhirn sind wir heute weit entfernt. Es ist nicht im Ansatz absehbar, dass wir irgendwann von selbstlernenden Maschinen gelenkt und bestimmt werden. Daran forscht auch niemand. Es ist schlicht nicht sinnvoll\u201c, so der schweizerische Unternehmer und KI-Profi.<\/p>\n<figure id=\"attachment_5544\" aria-describedby=\"caption-attachment-5544\" style=\"width: 680px\" class=\"wp-caption alignnone\"><img loading=\"lazy\" decoding=\"async\" class=\"size-medium wp-image-5544\" src=\"https:\/\/www.organisator.ch\/wp-content\/uploads\/2019\/07\/Die-Schweiz-als-europaeisches-KI-Epizentrum-2_Organisator.jpg\" alt=\"\" width=\"680\" height=\"358\" srcset=\"https:\/\/www.organisator.ch\/wp-content\/uploads\/2019\/07\/Die-Schweiz-als-europaeisches-KI-Epizentrum-2_Organisator.jpg 680w, https:\/\/www.organisator.ch\/wp-content\/uploads\/2019\/07\/Die-Schweiz-als-europaeisches-KI-Epizentrum-2_Organisator-16x8.jpg 16w, https:\/\/www.organisator.ch\/wp-content\/uploads\/2019\/07\/Die-Schweiz-als-europaeisches-KI-Epizentrum-2_Organisator-332x175.jpg 332w, https:\/\/www.organisator.ch\/wp-content\/uploads\/2019\/07\/Die-Schweiz-als-europaeisches-KI-Epizentrum-2_Organisator-665x350.jpg 665w, https:\/\/www.organisator.ch\/wp-content\/uploads\/2019\/07\/Die-Schweiz-als-europaeisches-KI-Epizentrum-2_Organisator-300x158.jpg 300w\" sizes=\"auto, (max-width: 680px) 100vw, 680px\" \/><figcaption id=\"caption-attachment-5544\" class=\"wp-caption-text\">Britta Thiele-Klapproth, Leiterin des Swiss Hub Germany, die offizielle Wirtschaftsf\u00f6rderung der Schweiz in Deutschland und Andy Fitze, Pionier in Sachen K\u00fcnstliche Intelligenz (KI) und Mitgr\u00fcnder der Firma SwissCognitiv. (Bild: zVg)<\/figcaption><\/figure>\n<p>Vielmehr w\u00fcrden st\u00e4ndig neue KI-L\u00f6sungen entwickelt, die den Menschen dienten. Als Beispiele nannte er die Diagnose von Krankheiten und deren Heilung, eine humanere Landwirtschaft oder Assistenzsysteme, die sich auch von behinderten Menschen bedienen lassen und diese mobiler machten. \u201eWir werden KI in allen industriellen und kaufm\u00e4nnischen Bereichen erleben\u201c, ist sich Andy Fitze sicher. Sie werde unser aller Alltag ver\u00e4ndern, vereinfachen und optimieren \u2013 entsprechend der individuellen W\u00fcnsche des Einzelnen. Nur dann n\u00e4mlich w\u00fcrde die Technologie akzeptiert und nur dann rechne sie sich auch. \u201eOhne Nachfrage kein Angebot. Wir sind es, die entscheiden, welche L\u00f6sungen kommen und welche nicht\u201c, ist er \u00fcberzeugt.<\/p>\n<h2>IT ist Vergangenheit&#8230;<\/h2>\n<p>Den Unternehmen schreibt Fitze ins Stammbuch: \u201eH\u00f6rt auf in IT zu investieren!\u201c IT sei Vergangenheit. Leider steckten noch immer die meisten Firmen viel Geld in eine IT-Abteilung, die zur \u201eeierlegenden Wollmilchsau verkl\u00e4rt wird\u201c. Die IT-Abteilung sei f\u00fcr alles verantwortlich vom E-Mail-Server bis hin zum Netzwerk, die Telefonie, den Support, Enterprise-Applikationen, Technologien, die Unternehmensarchitektur und Best Practice in der Projektleitung. \u201eDas ist alles nur Verwaltung. Vergangenheit. Bewahrung.\u201c Die hausinterne IT k\u00f6nne den modernen Anspr\u00fcchen doch gar nicht mehr gerecht werden. Stattdessen sei es dringend notwendig in externe L\u00f6sungen und Anwendungen zu investieren, in professionelle Dienstleister und Entwickler, die sich mit der Zukunft auskennen. \u201eDie Zukunft ist KI, Blockchain, Automatisierung und vieles mehr\u201c, sagt er und stellt fest: \u201eIn der Schweiz hat diese Zukunft an sehr vielen Stellen schon begonnen.\u201c<\/p>\n<p>Davon ist auch Britta Thiele-Klapproth \u00fcberzeugt: \u201eDie KI-Landschaft in der Schweiz entwickelt L\u00f6sungen f\u00fcr Menschen. Die Unternehmen und ihre Innovationen haben das Potenzial, die Welt positiv zu ver\u00e4ndern.\u201c Humanit\u00e4t und Business, Marktpotenziale und Lebensqualit\u00e4t seien die Markenzeichen der Schweiz. Diese Kombination ziehe Unternehmen und Fachkr\u00e4fte an und bilde die \u00f6konomische und ethische Basis f\u00fcr den Erfolg des KI-Standortes Schweiz.<\/p>\n<p><em>Quelle: <\/em><a href=\"https:\/\/www.s-ge.com\/de\" target=\"_blank\" rel=\"noopener\"><em>https:\/\/www.s-ge.com\/de<\/em><\/a><\/p>\n","protected":false},"excerpt":{"rendered":"<p>\u201eIch glaube nicht an Science-Fiction, ich glaube an L\u00f6sungen, die das Leben der Menschen besser machen und sich wirtschaftlich sinnvoll ins Business integrieren lassen\u201c, sagt Andy Fitze. Der Pionier in Sachen K\u00fcnstliche Intelligenz (KI) und Mitgr\u00fcnder der Firma SwissCognitive, die sich als globaler KI-Hub definiert und Unternehmen rund um dieses wichtige Zukunftsthema zusammenbringt, war Hauptredner [&hellip;]<\/p>\n","protected":false},"author":4,"featured_media":5543,"comment_status":"open","ping_status":"open","sticky":false,"template":"","format":"standard","meta":{"_acf_changed":false,"_yoast_wpseo_focuskw":"KI-Epizentrum","_yoast_wpseo_metadesc":"Beim Expertentreffen in der Schweizer Botschaft in Berlin glaubt man nicht an das maschinelle Superhirn. \u201eWer in IT investiert, verschl\u00e4ft die Zukunft\u201c.","articlekey":"","footnotes":""},"categories":[27],"tags":[156,286,319,451,502],"class_list":["post-5542","post","type-post","status-publish","format-standard","has-post-thumbnail","hentry","category-it","tag-digitalisierung","tag-it","tag-kuenstliche-intelligenz","tag-startups","tag-veranstaltungen"],"acf":[],"yoast_head":"<!-- This site is optimized with the Yoast SEO plugin v27.5 - https:\/\/yoast.com\/product\/yoast-seo-wordpress\/ -->\n<title>Die Schweiz als europ\u00e4isches KI-Epizentrum - Organisator<\/title>\n<meta name=\"description\" content=\"Beim Expertentreffen in der Schweizer Botschaft in Berlin glaubt man nicht an das maschinelle Superhirn. \u201eWer in IT investiert, verschl\u00e4ft die Zukunft\u201c.\" \/>\n<meta name=\"robots\" content=\"index, follow, max-snippet:-1, max-image-preview:large, max-video-preview:-1\" \/>\n<link rel=\"canonical\" href=\"https:\/\/www.organisator.ch\/de\/management\/it\/2019-07-12\/die-schweiz-als-europaeisches-ki-epizentrum\/\" \/>\n<meta property=\"og:locale\" content=\"de_DE\" \/>\n<meta property=\"og:type\" content=\"article\" \/>\n<meta property=\"og:title\" content=\"Die Schweiz als europ\u00e4isches KI-Epizentrum\" \/>\n<meta property=\"og:description\" content=\"Beim Expertentreffen in der Schweizer Botschaft in Berlin glaubt man nicht an das maschinelle Superhirn. \u201eWer in IT investiert, verschl\u00e4ft die Zukunft\u201c.\" \/>\n<meta property=\"og:url\" content=\"https:\/\/www.organisator.ch\/de\/management\/it\/2019-07-12\/die-schweiz-als-europaeisches-ki-epizentrum\/\" \/>\n<meta property=\"og:site_name\" content=\"Organisator\" \/>\n<meta property=\"article:publisher\" content=\"https:\/\/www.facebook.com\/OrganisatorFachmagazin\" \/>\n<meta property=\"article:published_time\" content=\"2019-07-12T08:52:54+00:00\" \/>\n<meta property=\"og:image\" content=\"https:\/\/www.organisator.ch\/wp-content\/uploads\/2019\/07\/Die-Schweiz-als-europaeisches-KI-Epizentrum-1_Organisator.jpg\" \/>\n\t<meta property=\"og:image:width\" content=\"680\" \/>\n\t<meta property=\"og:image:height\" content=\"455\" \/>\n\t<meta property=\"og:image:type\" content=\"image\/jpeg\" \/>\n<meta name=\"author\" content=\"thomas.berner\" \/>\n<meta name=\"twitter:card\" content=\"summary_large_image\" \/>\n<meta name=\"twitter:title\" content=\"Die #Schweiz als europ\u00e4isches #KI-Epizentrum\" \/>\n<meta name=\"twitter:description\" content=\"Beim #Expertentreffen in der Schweizer Botschaft in Berlin glaubt man nicht an das maschinelle Superhirn. \u201eWer in IT investiert, verschl\u00e4ft die Zukunft\u201c.\" \/>\n<meta name=\"twitter:image\" content=\"https:\/\/www.organisator.ch\/wp-content\/uploads\/2019\/07\/Die-Schweiz-als-europ\u00e4isches-KI-Epizentrum-1_Organisator.jpg\" \/>\n<script type=\"application\/ld+json\" class=\"yoast-schema-graph\">{\"@context\":\"https:\\\/\\\/schema.org\",\"@graph\":[{\"@type\":\"Article\",\"@id\":\"https:\\\/\\\/www.organisator.ch\\\/management\\\/it\\\/2019-07-12\\\/die-schweiz-als-europaeisches-ki-epizentrum\\\/#article\",\"isPartOf\":{\"@id\":\"https:\\\/\\\/www.organisator.ch\\\/management\\\/it\\\/2019-07-12\\\/die-schweiz-als-europaeisches-ki-epizentrum\\\/\"},\"author\":{\"name\":\"thomas.berner\",\"@id\":\"https:\\\/\\\/www.organisator.ch\\\/#\\\/schema\\\/person\\\/6f650f90b2842cd4c0cc334b4e36f67e\"},\"headline\":\"Die Schweiz als europ\u00e4isches KI-Epizentrum\",\"datePublished\":\"2019-07-12T08:52:54+00:00\",\"mainEntityOfPage\":{\"@id\":\"https:\\\/\\\/www.organisator.ch\\\/management\\\/it\\\/2019-07-12\\\/die-schweiz-als-europaeisches-ki-epizentrum\\\/\"},\"wordCount\":862,\"commentCount\":0,\"publisher\":{\"@id\":\"https:\\\/\\\/www.organisator.ch\\\/#organization\"},\"image\":{\"@id\":\"https:\\\/\\\/www.organisator.ch\\\/management\\\/it\\\/2019-07-12\\\/die-schweiz-als-europaeisches-ki-epizentrum\\\/#primaryimage\"},\"thumbnailUrl\":\"https:\\\/\\\/www.organisator.ch\\\/wp-content\\\/uploads\\\/2019\\\/07\\\/Die-Schweiz-als-europaeisches-KI-Epizentrum-1_Organisator.jpg\",\"keywords\":[\"Digitalisierung\",\"IT\",\"K\u00fcnstliche Intelligenz\",\"Startups\",\"Veranstaltungen\"],\"articleSection\":[\"IT\"],\"inLanguage\":\"de\"},{\"@type\":\"WebPage\",\"@id\":\"https:\\\/\\\/www.organisator.ch\\\/management\\\/it\\\/2019-07-12\\\/die-schweiz-als-europaeisches-ki-epizentrum\\\/\",\"url\":\"https:\\\/\\\/www.organisator.ch\\\/management\\\/it\\\/2019-07-12\\\/die-schweiz-als-europaeisches-ki-epizentrum\\\/\",\"name\":\"Die Schweiz als europ\u00e4isches KI-Epizentrum - Organisator\",\"isPartOf\":{\"@id\":\"https:\\\/\\\/www.organisator.ch\\\/#website\"},\"primaryImageOfPage\":{\"@id\":\"https:\\\/\\\/www.organisator.ch\\\/management\\\/it\\\/2019-07-12\\\/die-schweiz-als-europaeisches-ki-epizentrum\\\/#primaryimage\"},\"image\":{\"@id\":\"https:\\\/\\\/www.organisator.ch\\\/management\\\/it\\\/2019-07-12\\\/die-schweiz-als-europaeisches-ki-epizentrum\\\/#primaryimage\"},\"thumbnailUrl\":\"https:\\\/\\\/www.organisator.ch\\\/wp-content\\\/uploads\\\/2019\\\/07\\\/Die-Schweiz-als-europaeisches-KI-Epizentrum-1_Organisator.jpg\",\"datePublished\":\"2019-07-12T08:52:54+00:00\",\"description\":\"Beim Expertentreffen in der Schweizer Botschaft in Berlin glaubt man nicht an das maschinelle Superhirn. \u201eWer in IT investiert, verschl\u00e4ft die Zukunft\u201c.\",\"breadcrumb\":{\"@id\":\"https:\\\/\\\/www.organisator.ch\\\/management\\\/it\\\/2019-07-12\\\/die-schweiz-als-europaeisches-ki-epizentrum\\\/#breadcrumb\"},\"inLanguage\":\"de\",\"potentialAction\":[{\"@type\":\"ReadAction\",\"target\":[\"https:\\\/\\\/www.organisator.ch\\\/management\\\/it\\\/2019-07-12\\\/die-schweiz-als-europaeisches-ki-epizentrum\\\/\"]}]},{\"@type\":\"ImageObject\",\"inLanguage\":\"de\",\"@id\":\"https:\\\/\\\/www.organisator.ch\\\/management\\\/it\\\/2019-07-12\\\/die-schweiz-als-europaeisches-ki-epizentrum\\\/#primaryimage\",\"url\":\"https:\\\/\\\/www.organisator.ch\\\/wp-content\\\/uploads\\\/2019\\\/07\\\/Die-Schweiz-als-europaeisches-KI-Epizentrum-1_Organisator.jpg\",\"contentUrl\":\"https:\\\/\\\/www.organisator.ch\\\/wp-content\\\/uploads\\\/2019\\\/07\\\/Die-Schweiz-als-europaeisches-KI-Epizentrum-1_Organisator.jpg\",\"width\":680,\"height\":455,\"caption\":\"Lorbeeren aus Deutschland: Die Schweiz ist in Europa das KI-Epizentrum, ein Hotsport f\u00fcr k\u00fcnstliche Intelligenz. (Bild: Pixabay.com)\"},{\"@type\":\"BreadcrumbList\",\"@id\":\"https:\\\/\\\/www.organisator.ch\\\/management\\\/it\\\/2019-07-12\\\/die-schweiz-als-europaeisches-ki-epizentrum\\\/#breadcrumb\",\"itemListElement\":[{\"@type\":\"ListItem\",\"position\":1,\"name\":\"Home\",\"item\":\"https:\\\/\\\/www.organisator.ch\\\/\"},{\"@type\":\"ListItem\",\"position\":2,\"name\":\"Die Schweiz als europ\u00e4isches KI-Epizentrum\"}]},{\"@type\":\"WebSite\",\"@id\":\"https:\\\/\\\/www.organisator.ch\\\/#website\",\"url\":\"https:\\\/\\\/www.organisator.ch\\\/\",\"name\":\"Organisator\",\"description\":\"Kompetent. Praxisnah. Der ORGANISATOR bereitet in 10 Ausgaben pro Jahr die wesentlichen Themen f\u00fcr F\u00fchrungskr\u00e4fte von KMU auf.\",\"publisher\":{\"@id\":\"https:\\\/\\\/www.organisator.ch\\\/#organization\"},\"potentialAction\":[{\"@type\":\"SearchAction\",\"target\":{\"@type\":\"EntryPoint\",\"urlTemplate\":\"https:\\\/\\\/www.organisator.ch\\\/?s={search_term_string}\"},\"query-input\":{\"@type\":\"PropertyValueSpecification\",\"valueRequired\":true,\"valueName\":\"search_term_string\"}}],\"inLanguage\":\"de\"},{\"@type\":\"Organization\",\"@id\":\"https:\\\/\\\/www.organisator.ch\\\/#organization\",\"name\":\"Organisator\",\"url\":\"https:\\\/\\\/www.organisator.ch\\\/\",\"logo\":{\"@type\":\"ImageObject\",\"inLanguage\":\"de\",\"@id\":\"https:\\\/\\\/www.organisator.ch\\\/#\\\/schema\\\/logo\\\/image\\\/\",\"url\":\"https:\\\/\\\/www.organisator.ch\\\/wp-content\\\/uploads\\\/2022\\\/01\\\/Logo_Organisator_Website.png\",\"contentUrl\":\"https:\\\/\\\/www.organisator.ch\\\/wp-content\\\/uploads\\\/2022\\\/01\\\/Logo_Organisator_Website.png\",\"width\":800,\"height\":77,\"caption\":\"Organisator\"},\"image\":{\"@id\":\"https:\\\/\\\/www.organisator.ch\\\/#\\\/schema\\\/logo\\\/image\\\/\"},\"sameAs\":[\"https:\\\/\\\/www.facebook.com\\\/OrganisatorFachmagazin\",\"https:\\\/\\\/www.linkedin.com\\\/showcase\\\/organisator-das-magazin-fr-kmu\",\"https:\\\/\\\/www.xing.com\\\/news\\\/pages\\\/organisator-ch-695\",\"https:\\\/\\\/www.youtube.com\\\/channel\\\/UCGP2Sq0iWaZwT3BdIAQFYpw\"]},{\"@type\":\"Person\",\"@id\":\"https:\\\/\\\/www.organisator.ch\\\/#\\\/schema\\\/person\\\/6f650f90b2842cd4c0cc334b4e36f67e\",\"name\":\"thomas.berner\",\"image\":{\"@type\":\"ImageObject\",\"inLanguage\":\"de\",\"@id\":\"https:\\\/\\\/secure.gravatar.com\\\/avatar\\\/ac5001d2a36cb6c6cd3e50789007ffca834b477b74a2144564522e944eabff61?s=96&d=mm&r=g\",\"url\":\"https:\\\/\\\/secure.gravatar.com\\\/avatar\\\/ac5001d2a36cb6c6cd3e50789007ffca834b477b74a2144564522e944eabff61?s=96&d=mm&r=g\",\"contentUrl\":\"https:\\\/\\\/secure.gravatar.com\\\/avatar\\\/ac5001d2a36cb6c6cd3e50789007ffca834b477b74a2144564522e944eabff61?s=96&d=mm&r=g\",\"caption\":\"thomas.berner\"},\"url\":\"https:\\\/\\\/www.organisator.ch\\\/de\\\/author\\\/thomas-berner\\\/\"}]}<\/script>\n<!-- \/ Yoast SEO plugin. -->","yoast_head_json":{"title":"Die Schweiz als europ\u00e4isches KI-Epizentrum - Organisator","description":"Beim Expertentreffen in der Schweizer Botschaft in Berlin glaubt man nicht an das maschinelle Superhirn. \u201eWer in IT investiert, verschl\u00e4ft die Zukunft\u201c.","robots":{"index":"index","follow":"follow","max-snippet":"max-snippet:-1","max-image-preview":"max-image-preview:large","max-video-preview":"max-video-preview:-1"},"canonical":"https:\/\/www.organisator.ch\/de\/management\/it\/2019-07-12\/die-schweiz-als-europaeisches-ki-epizentrum\/","og_locale":"de_DE","og_type":"article","og_title":"Die Schweiz als europ\u00e4isches KI-Epizentrum","og_description":"Beim Expertentreffen in der Schweizer Botschaft in Berlin glaubt man nicht an das maschinelle Superhirn. \u201eWer in IT investiert, verschl\u00e4ft die Zukunft\u201c.","og_url":"https:\/\/www.organisator.ch\/de\/management\/it\/2019-07-12\/die-schweiz-als-europaeisches-ki-epizentrum\/","og_site_name":"Organisator","article_publisher":"https:\/\/www.facebook.com\/OrganisatorFachmagazin","article_published_time":"2019-07-12T08:52:54+00:00","og_image":[{"width":680,"height":455,"url":"https:\/\/www.organisator.ch\/wp-content\/uploads\/2019\/07\/Die-Schweiz-als-europaeisches-KI-Epizentrum-1_Organisator.jpg","type":"image\/jpeg"}],"author":"thomas.berner","twitter_card":"summary_large_image","twitter_title":"Die #Schweiz als europ\u00e4isches #KI-Epizentrum","twitter_description":"Beim #Expertentreffen in der Schweizer Botschaft in Berlin glaubt man nicht an das maschinelle Superhirn. \u201eWer in IT investiert, verschl\u00e4ft die Zukunft\u201c.","twitter_image":"https:\/\/www.organisator.ch\/wp-content\/uploads\/2019\/07\/Die-Schweiz-als-europ\u00e4isches-KI-Epizentrum-1_Organisator.jpg","schema":{"@context":"https:\/\/schema.org","@graph":[{"@type":"Article","@id":"https:\/\/www.organisator.ch\/management\/it\/2019-07-12\/die-schweiz-als-europaeisches-ki-epizentrum\/#article","isPartOf":{"@id":"https:\/\/www.organisator.ch\/management\/it\/2019-07-12\/die-schweiz-als-europaeisches-ki-epizentrum\/"},"author":{"name":"thomas.berner","@id":"https:\/\/www.organisator.ch\/#\/schema\/person\/6f650f90b2842cd4c0cc334b4e36f67e"},"headline":"Die Schweiz als europ\u00e4isches KI-Epizentrum","datePublished":"2019-07-12T08:52:54+00:00","mainEntityOfPage":{"@id":"https:\/\/www.organisator.ch\/management\/it\/2019-07-12\/die-schweiz-als-europaeisches-ki-epizentrum\/"},"wordCount":862,"commentCount":0,"publisher":{"@id":"https:\/\/www.organisator.ch\/#organization"},"image":{"@id":"https:\/\/www.organisator.ch\/management\/it\/2019-07-12\/die-schweiz-als-europaeisches-ki-epizentrum\/#primaryimage"},"thumbnailUrl":"https:\/\/www.organisator.ch\/wp-content\/uploads\/2019\/07\/Die-Schweiz-als-europaeisches-KI-Epizentrum-1_Organisator.jpg","keywords":["Digitalisierung","IT","K\u00fcnstliche Intelligenz","Startups","Veranstaltungen"],"articleSection":["IT"],"inLanguage":"de"},{"@type":"WebPage","@id":"https:\/\/www.organisator.ch\/management\/it\/2019-07-12\/die-schweiz-als-europaeisches-ki-epizentrum\/","url":"https:\/\/www.organisator.ch\/management\/it\/2019-07-12\/die-schweiz-als-europaeisches-ki-epizentrum\/","name":"Die Schweiz als europ\u00e4isches KI-Epizentrum - Organisator","isPartOf":{"@id":"https:\/\/www.organisator.ch\/#website"},"primaryImageOfPage":{"@id":"https:\/\/www.organisator.ch\/management\/it\/2019-07-12\/die-schweiz-als-europaeisches-ki-epizentrum\/#primaryimage"},"image":{"@id":"https:\/\/www.organisator.ch\/management\/it\/2019-07-12\/die-schweiz-als-europaeisches-ki-epizentrum\/#primaryimage"},"thumbnailUrl":"https:\/\/www.organisator.ch\/wp-content\/uploads\/2019\/07\/Die-Schweiz-als-europaeisches-KI-Epizentrum-1_Organisator.jpg","datePublished":"2019-07-12T08:52:54+00:00","description":"Beim Expertentreffen in der Schweizer Botschaft in Berlin glaubt man nicht an das maschinelle Superhirn. \u201eWer in IT investiert, verschl\u00e4ft die Zukunft\u201c.","breadcrumb":{"@id":"https:\/\/www.organisator.ch\/management\/it\/2019-07-12\/die-schweiz-als-europaeisches-ki-epizentrum\/#breadcrumb"},"inLanguage":"de","potentialAction":[{"@type":"ReadAction","target":["https:\/\/www.organisator.ch\/management\/it\/2019-07-12\/die-schweiz-als-europaeisches-ki-epizentrum\/"]}]},{"@type":"ImageObject","inLanguage":"de","@id":"https:\/\/www.organisator.ch\/management\/it\/2019-07-12\/die-schweiz-als-europaeisches-ki-epizentrum\/#primaryimage","url":"https:\/\/www.organisator.ch\/wp-content\/uploads\/2019\/07\/Die-Schweiz-als-europaeisches-KI-Epizentrum-1_Organisator.jpg","contentUrl":"https:\/\/www.organisator.ch\/wp-content\/uploads\/2019\/07\/Die-Schweiz-als-europaeisches-KI-Epizentrum-1_Organisator.jpg","width":680,"height":455,"caption":"Lorbeeren aus Deutschland: Die Schweiz ist in Europa das KI-Epizentrum, ein Hotsport f\u00fcr k\u00fcnstliche Intelligenz. (Bild: Pixabay.com)"},{"@type":"BreadcrumbList","@id":"https:\/\/www.organisator.ch\/management\/it\/2019-07-12\/die-schweiz-als-europaeisches-ki-epizentrum\/#breadcrumb","itemListElement":[{"@type":"ListItem","position":1,"name":"Home","item":"https:\/\/www.organisator.ch\/"},{"@type":"ListItem","position":2,"name":"Die Schweiz als europ\u00e4isches KI-Epizentrum"}]},{"@type":"WebSite","@id":"https:\/\/www.organisator.ch\/#website","url":"https:\/\/www.organisator.ch\/","name":"Organisator","description":"Kompetent. Praxisnah. Der ORGANISATOR bereitet in 10 Ausgaben pro Jahr die wesentlichen Themen f\u00fcr F\u00fchrungskr\u00e4fte von KMU auf.","publisher":{"@id":"https:\/\/www.organisator.ch\/#organization"},"potentialAction":[{"@type":"SearchAction","target":{"@type":"EntryPoint","urlTemplate":"https:\/\/www.organisator.ch\/?s={search_term_string}"},"query-input":{"@type":"PropertyValueSpecification","valueRequired":true,"valueName":"search_term_string"}}],"inLanguage":"de"},{"@type":"Organization","@id":"https:\/\/www.organisator.ch\/#organization","name":"Organisator","url":"https:\/\/www.organisator.ch\/","logo":{"@type":"ImageObject","inLanguage":"de","@id":"https:\/\/www.organisator.ch\/#\/schema\/logo\/image\/","url":"https:\/\/www.organisator.ch\/wp-content\/uploads\/2022\/01\/Logo_Organisator_Website.png","contentUrl":"https:\/\/www.organisator.ch\/wp-content\/uploads\/2022\/01\/Logo_Organisator_Website.png","width":800,"height":77,"caption":"Organisator"},"image":{"@id":"https:\/\/www.organisator.ch\/#\/schema\/logo\/image\/"},"sameAs":["https:\/\/www.facebook.com\/OrganisatorFachmagazin","https:\/\/www.linkedin.com\/showcase\/organisator-das-magazin-fr-kmu","https:\/\/www.xing.com\/news\/pages\/organisator-ch-695","https:\/\/www.youtube.com\/channel\/UCGP2Sq0iWaZwT3BdIAQFYpw"]},{"@type":"Person","@id":"https:\/\/www.organisator.ch\/#\/schema\/person\/6f650f90b2842cd4c0cc334b4e36f67e","name":"thomas.berner","image":{"@type":"ImageObject","inLanguage":"de","@id":"https:\/\/secure.gravatar.com\/avatar\/ac5001d2a36cb6c6cd3e50789007ffca834b477b74a2144564522e944eabff61?s=96&d=mm&r=g","url":"https:\/\/secure.gravatar.com\/avatar\/ac5001d2a36cb6c6cd3e50789007ffca834b477b74a2144564522e944eabff61?s=96&d=mm&r=g","contentUrl":"https:\/\/secure.gravatar.com\/avatar\/ac5001d2a36cb6c6cd3e50789007ffca834b477b74a2144564522e944eabff61?s=96&d=mm&r=g","caption":"thomas.berner"},"url":"https:\/\/www.organisator.ch\/de\/author\/thomas-berner\/"}]}},"_links":{"self":[{"href":"https:\/\/www.organisator.ch\/de\/wp-json\/wp\/v2\/posts\/5542","targetHints":{"allow":["GET"]}}],"collection":[{"href":"https:\/\/www.organisator.ch\/de\/wp-json\/wp\/v2\/posts"}],"about":[{"href":"https:\/\/www.organisator.ch\/de\/wp-json\/wp\/v2\/types\/post"}],"author":[{"embeddable":true,"href":"https:\/\/www.organisator.ch\/de\/wp-json\/wp\/v2\/users\/4"}],"replies":[{"embeddable":true,"href":"https:\/\/www.organisator.ch\/de\/wp-json\/wp\/v2\/comments?post=5542"}],"version-history":[{"count":0,"href":"https:\/\/www.organisator.ch\/de\/wp-json\/wp\/v2\/posts\/5542\/revisions"}],"wp:featuredmedia":[{"embeddable":true,"href":"https:\/\/www.organisator.ch\/de\/wp-json\/wp\/v2\/media\/5543"}],"wp:attachment":[{"href":"https:\/\/www.organisator.ch\/de\/wp-json\/wp\/v2\/media?parent=5542"}],"wp:term":[{"taxonomy":"category","embeddable":true,"href":"https:\/\/www.organisator.ch\/de\/wp-json\/wp\/v2\/categories?post=5542"},{"taxonomy":"post_tag","embeddable":true,"href":"https:\/\/www.organisator.ch\/de\/wp-json\/wp\/v2\/tags?post=5542"}],"curies":[{"name":"wp","href":"https:\/\/api.w.org\/{rel}","templated":true}]}}