{"id":5574,"date":"2019-07-22T11:49:36","date_gmt":"2019-07-22T09:49:36","guid":{"rendered":"https:\/\/www.organisator.ch\/?p=5574"},"modified":"2019-07-22T11:49:36","modified_gmt":"2019-07-22T09:49:36","slug":"flexible-arbeitsplaetze-sind-hoeher-im-kurs","status":"publish","type":"post","link":"https:\/\/www.organisator.ch\/de\/allgemein\/2019-07-22\/flexible-arbeitsplaetze-sind-hoeher-im-kurs\/","title":{"rendered":"Flexible Arbeitspl\u00e4tze sind h\u00f6her im Kurs"},"content":{"rendered":"<figure id=\"attachment_5575\" aria-describedby=\"caption-attachment-5575\" style=\"width: 680px\" class=\"wp-caption alignnone\"><img loading=\"lazy\" decoding=\"async\" class=\"size-medium wp-image-5575\" src=\"https:\/\/www.organisator.ch\/wp-content\/uploads\/2019\/07\/Flexible-Arbeitsplaetze-sind-hoeher-im-Kurs-.jpg\" alt=\"\" width=\"680\" height=\"453\" \/><figcaption id=\"caption-attachment-5575\" class=\"wp-caption-text\">Laut einer neuen Regus Studie pr\u00e4feriern immer mehr Betriebe flexible Arbeitspl\u00e4tze, weil Co-Working-Arbeitspl\u00e4tze neue Gesch\u00e4fts- und Projektm\u00f6glichkeiten b\u00f6ten. (Symbolbild: Unsplash)<\/figcaption><\/figure>\n<p>Immer mehr Betriebe, darunter viele KMU, nutzen flexible Arbeitspl\u00e4tze wie Co-Working Offices. Der Hauptgrund: Unsicherheit geh\u00f6rt zu den gr\u00f6ssten Herausforderungen f\u00fcr kleine Unternehmen. Angefangen bei den globalen Konjunkturaussichten und der politischen Landschaft bis hin zur Entscheidung, ob man durch mehr Mitarbeiter, einen gr\u00f6sseren Kundenstamm oder eine globale Ausdehnung expandieren m\u00f6chte:<\/p>\n<p>Unternehmen m\u00fcssen die richtigen Entscheidungen treffen, um ihr \u00dcberleben und Wachstum sicherzustellen. Vielen f\u00e4llt es schwer, vorherzusagen, ob sie in 12 Monaten doppelt so viel B\u00fcrofl\u00e4che ben\u00f6tigen oder vielleicht nur noch die H\u00e4lfte.<\/p>\n<p>Die Wahl eines flexiblen B\u00fcros erweist sich als eine stark zunehmende L\u00f6sung, um die Herrschaft \u00fcber die Kosten der Strategien zu behalten. Viele Unternehmer entscheiden sich heute entweder f\u00fcr flexible Mietvertr\u00e4ge bei B\u00fcror\u00e4umen oder f\u00fcr das Arbeiten in geteilten Co-Working-Umgebungen. Eine Studie von Regus legt offen, dass 79 % der Unternehmer Co-Working-Spaces als kosteneffizienter erachten als feste Mietvertr\u00e4ge.<\/p>\n<ul>\n<li>79 % der Befragten teilten mit, dass Co-Working-B\u00fcror\u00e4ume kosteneffizienter als feste Mietvertr\u00e4ge sind.<\/li>\n<li>81 % der Unternehmer sagten, dass das Geld, was durch flexible Arbeitsmethoden anstelle von festen Mietvertr\u00e4gen eingespart wird, wieder in Wachstumsinitiativen investiert werden sollte.<\/li>\n<li>Niederlassungen in der N\u00e4he des Zielmarktes erh\u00f6hten die Sichtbarkeit (74 %) und helfen, die Kunden und M\u00e4rkte besser zu verstehen (63 %).<\/li>\n<li>66 % der Befragten sagten, dass ihre Co-Working-Arbeitspl\u00e4tze neue Gesch\u00e4fts- und Projektm\u00f6glichkeiten b\u00f6ten.<\/li>\n<li>73 % der Unternehmer sind der Meinung, dass die schnelle Skalierung nach oben und unten, ohne dass zus\u00e4tzliche Kosten entstehen, der Hauptvorteil von Co-Working-Umgebungen ist.<\/li>\n<\/ul>\n<p><em>Die vollst\u00e4ndige Studie finden Sie\u00a0<a href=\"https:\/\/www.regus.co.uk\/work-uk\/wp-content\/uploads\/sites\/131\/2017\/03\/Regus_WP3_FINAL_compressed.pdf\">hier zum Download<\/a>.<br \/>\n<\/em><\/p>\n","protected":false},"excerpt":{"rendered":"<p>Immer mehr Betriebe, darunter viele KMU, nutzen flexible Arbeitspl\u00e4tze wie Co-Working Offices. Der Hauptgrund: Unsicherheit geh\u00f6rt zu den gr\u00f6ssten Herausforderungen f\u00fcr kleine Unternehmen. Angefangen bei den globalen Konjunkturaussichten und der politischen Landschaft bis hin zur Entscheidung, ob man durch mehr Mitarbeiter, einen gr\u00f6sseren Kundenstamm oder eine globale Ausdehnung expandieren m\u00f6chte: Unternehmen m\u00fcssen die richtigen Entscheidungen [&hellip;]<\/p>\n","protected":false},"author":5,"featured_media":5575,"comment_status":"open","ping_status":"open","sticky":false,"template":"","format":"standard","meta":{"_acf_changed":false,"_yoast_wpseo_focuskw":"Flexible Arbeitspl\u00e4tze","_yoast_wpseo_metadesc":"Eine neue Studie von Regus zeigt eine hohe Tendenz zu flexiblen Arbeitspl\u00e4tzen um in einer dynamischen Wirtschaftslage besser skalieren zu k\u00f6nnen.","articlekey":"","footnotes":""},"categories":[1],"tags":[124,210,459],"class_list":["post-5574","post","type-post","status-publish","format-standard","has-post-thumbnail","hentry","category-allgemein","tag-co-working","tag-flexible-arbeitsplatzgestaltung","tag-studie"],"acf":[],"yoast_head":"<!-- This site is optimized with the Yoast SEO plugin v27.5 - https:\/\/yoast.com\/product\/yoast-seo-wordpress\/ -->\n<title>Flexible Arbeitspl\u00e4tze sind h\u00f6her im Kurs - Organisator<\/title>\n<meta name=\"description\" content=\"Eine neue Studie von Regus zeigt eine hohe Tendenz zu flexiblen Arbeitspl\u00e4tzen um in einer dynamischen Wirtschaftslage besser skalieren zu k\u00f6nnen.\" \/>\n<meta name=\"robots\" content=\"index, follow, max-snippet:-1, max-image-preview:large, max-video-preview:-1\" \/>\n<link rel=\"canonical\" href=\"https:\/\/www.organisator.ch\/de\/allgemein\/2019-07-22\/flexible-arbeitsplaetze-sind-hoeher-im-kurs\/\" \/>\n<meta property=\"og:locale\" content=\"de_DE\" \/>\n<meta property=\"og:type\" content=\"article\" \/>\n<meta property=\"og:title\" content=\"Flexible Arbeitspl\u00e4tze sind h\u00f6her im Kurs - Organisator\" \/>\n<meta property=\"og:description\" content=\"Eine neue Studie von Regus zeigt eine hohe Tendenz zu flexiblen Arbeitspl\u00e4tzen um in einer dynamischen Wirtschaftslage besser skalieren zu k\u00f6nnen.\" \/>\n<meta property=\"og:url\" content=\"https:\/\/www.organisator.ch\/de\/allgemein\/2019-07-22\/flexible-arbeitsplaetze-sind-hoeher-im-kurs\/\" \/>\n<meta property=\"og:site_name\" content=\"Organisator\" \/>\n<meta property=\"article:publisher\" content=\"https:\/\/www.facebook.com\/OrganisatorFachmagazin\" \/>\n<meta property=\"article:published_time\" content=\"2019-07-22T09:49:36+00:00\" \/>\n<meta property=\"og:image\" content=\"https:\/\/www.organisator.ch\/wp-content\/uploads\/2019\/07\/Flexible-Arbeitsplaetze-sind-hoeher-im-Kurs--scaled.jpg\" \/>\n\t<meta property=\"og:image:width\" content=\"2560\" \/>\n\t<meta property=\"og:image:height\" content=\"1707\" \/>\n\t<meta property=\"og:image:type\" content=\"image\/jpeg\" \/>\n<meta name=\"author\" content=\"michael.merz\" \/>\n<meta name=\"twitter:card\" content=\"summary_large_image\" \/>\n<script type=\"application\/ld+json\" class=\"yoast-schema-graph\">{\"@context\":\"https:\\\/\\\/schema.org\",\"@graph\":[{\"@type\":\"Article\",\"@id\":\"https:\\\/\\\/www.organisator.ch\\\/en\\\/general\\\/2019-07-22\\\/flexible-arbeitsplaetze-sind-hoeher-im-kurs\\\/#article\",\"isPartOf\":{\"@id\":\"https:\\\/\\\/www.organisator.ch\\\/en\\\/general\\\/2019-07-22\\\/flexible-arbeitsplaetze-sind-hoeher-im-kurs\\\/\"},\"author\":{\"name\":\"michael.merz\",\"@id\":\"https:\\\/\\\/www.organisator.ch\\\/#\\\/schema\\\/person\\\/134708ca9321c57b0362cceb7948ffbd\"},\"headline\":\"Flexible Arbeitspl\u00e4tze sind h\u00f6her im Kurs\",\"datePublished\":\"2019-07-22T09:49:36+00:00\",\"mainEntityOfPage\":{\"@id\":\"https:\\\/\\\/www.organisator.ch\\\/en\\\/general\\\/2019-07-22\\\/flexible-arbeitsplaetze-sind-hoeher-im-kurs\\\/\"},\"wordCount\":305,\"commentCount\":0,\"publisher\":{\"@id\":\"https:\\\/\\\/www.organisator.ch\\\/#organization\"},\"image\":{\"@id\":\"https:\\\/\\\/www.organisator.ch\\\/en\\\/general\\\/2019-07-22\\\/flexible-arbeitsplaetze-sind-hoeher-im-kurs\\\/#primaryimage\"},\"thumbnailUrl\":\"https:\\\/\\\/www.organisator.ch\\\/wp-content\\\/uploads\\\/2019\\\/07\\\/Flexible-Arbeitsplaetze-sind-hoeher-im-Kurs--scaled.jpg\",\"keywords\":[\"Co-Working\",\"Flexible Arbeitsplatzgestaltung\",\"Studie\"],\"inLanguage\":\"de\"},{\"@type\":\"WebPage\",\"@id\":\"https:\\\/\\\/www.organisator.ch\\\/en\\\/general\\\/2019-07-22\\\/flexible-arbeitsplaetze-sind-hoeher-im-kurs\\\/\",\"url\":\"https:\\\/\\\/www.organisator.ch\\\/en\\\/general\\\/2019-07-22\\\/flexible-arbeitsplaetze-sind-hoeher-im-kurs\\\/\",\"name\":\"Flexible Arbeitspl\u00e4tze sind h\u00f6her im Kurs - Organisator\",\"isPartOf\":{\"@id\":\"https:\\\/\\\/www.organisator.ch\\\/#website\"},\"primaryImageOfPage\":{\"@id\":\"https:\\\/\\\/www.organisator.ch\\\/en\\\/general\\\/2019-07-22\\\/flexible-arbeitsplaetze-sind-hoeher-im-kurs\\\/#primaryimage\"},\"image\":{\"@id\":\"https:\\\/\\\/www.organisator.ch\\\/en\\\/general\\\/2019-07-22\\\/flexible-arbeitsplaetze-sind-hoeher-im-kurs\\\/#primaryimage\"},\"thumbnailUrl\":\"https:\\\/\\\/www.organisator.ch\\\/wp-content\\\/uploads\\\/2019\\\/07\\\/Flexible-Arbeitsplaetze-sind-hoeher-im-Kurs--scaled.jpg\",\"datePublished\":\"2019-07-22T09:49:36+00:00\",\"description\":\"Eine neue Studie von Regus zeigt eine hohe Tendenz zu flexiblen Arbeitspl\u00e4tzen um in einer dynamischen Wirtschaftslage besser skalieren zu k\u00f6nnen.\",\"breadcrumb\":{\"@id\":\"https:\\\/\\\/www.organisator.ch\\\/en\\\/general\\\/2019-07-22\\\/flexible-arbeitsplaetze-sind-hoeher-im-kurs\\\/#breadcrumb\"},\"inLanguage\":\"de\",\"potentialAction\":[{\"@type\":\"ReadAction\",\"target\":[\"https:\\\/\\\/www.organisator.ch\\\/en\\\/general\\\/2019-07-22\\\/flexible-arbeitsplaetze-sind-hoeher-im-kurs\\\/\"]}]},{\"@type\":\"ImageObject\",\"inLanguage\":\"de\",\"@id\":\"https:\\\/\\\/www.organisator.ch\\\/en\\\/general\\\/2019-07-22\\\/flexible-arbeitsplaetze-sind-hoeher-im-kurs\\\/#primaryimage\",\"url\":\"https:\\\/\\\/www.organisator.ch\\\/wp-content\\\/uploads\\\/2019\\\/07\\\/Flexible-Arbeitsplaetze-sind-hoeher-im-Kurs--scaled.jpg\",\"contentUrl\":\"https:\\\/\\\/www.organisator.ch\\\/wp-content\\\/uploads\\\/2019\\\/07\\\/Flexible-Arbeitsplaetze-sind-hoeher-im-Kurs--scaled.jpg\",\"width\":2560,\"height\":1707,\"caption\":\"Laut einer neuen Regus Studie pr\u00e4feriern immer mehr Betriebe flexible Arbeitspl\u00e4tze, weil Co-Working-Arbeitspl\u00e4tze neue Gesch\u00e4fts- und Projektm\u00f6glichkeiten b\u00f6ten. (Symbolbild: Unsplash)\"},{\"@type\":\"BreadcrumbList\",\"@id\":\"https:\\\/\\\/www.organisator.ch\\\/en\\\/general\\\/2019-07-22\\\/flexible-arbeitsplaetze-sind-hoeher-im-kurs\\\/#breadcrumb\",\"itemListElement\":[{\"@type\":\"ListItem\",\"position\":1,\"name\":\"Home\",\"item\":\"https:\\\/\\\/www.organisator.ch\\\/\"},{\"@type\":\"ListItem\",\"position\":2,\"name\":\"Flexible Arbeitspl\u00e4tze sind h\u00f6her im Kurs\"}]},{\"@type\":\"WebSite\",\"@id\":\"https:\\\/\\\/www.organisator.ch\\\/#website\",\"url\":\"https:\\\/\\\/www.organisator.ch\\\/\",\"name\":\"Organisator\",\"description\":\"Kompetent. Praxisnah. Der ORGANISATOR bereitet in 10 Ausgaben pro Jahr die wesentlichen Themen f\u00fcr F\u00fchrungskr\u00e4fte von KMU auf.\",\"publisher\":{\"@id\":\"https:\\\/\\\/www.organisator.ch\\\/#organization\"},\"potentialAction\":[{\"@type\":\"SearchAction\",\"target\":{\"@type\":\"EntryPoint\",\"urlTemplate\":\"https:\\\/\\\/www.organisator.ch\\\/?s={search_term_string}\"},\"query-input\":{\"@type\":\"PropertyValueSpecification\",\"valueRequired\":true,\"valueName\":\"search_term_string\"}}],\"inLanguage\":\"de\"},{\"@type\":\"Organization\",\"@id\":\"https:\\\/\\\/www.organisator.ch\\\/#organization\",\"name\":\"Organisator\",\"url\":\"https:\\\/\\\/www.organisator.ch\\\/\",\"logo\":{\"@type\":\"ImageObject\",\"inLanguage\":\"de\",\"@id\":\"https:\\\/\\\/www.organisator.ch\\\/#\\\/schema\\\/logo\\\/image\\\/\",\"url\":\"https:\\\/\\\/www.organisator.ch\\\/wp-content\\\/uploads\\\/2022\\\/01\\\/Logo_Organisator_Website.png\",\"contentUrl\":\"https:\\\/\\\/www.organisator.ch\\\/wp-content\\\/uploads\\\/2022\\\/01\\\/Logo_Organisator_Website.png\",\"width\":800,\"height\":77,\"caption\":\"Organisator\"},\"image\":{\"@id\":\"https:\\\/\\\/www.organisator.ch\\\/#\\\/schema\\\/logo\\\/image\\\/\"},\"sameAs\":[\"https:\\\/\\\/www.facebook.com\\\/OrganisatorFachmagazin\",\"https:\\\/\\\/www.linkedin.com\\\/showcase\\\/organisator-das-magazin-fr-kmu\",\"https:\\\/\\\/www.xing.com\\\/news\\\/pages\\\/organisator-ch-695\",\"https:\\\/\\\/www.youtube.com\\\/channel\\\/UCGP2Sq0iWaZwT3BdIAQFYpw\"]},{\"@type\":\"Person\",\"@id\":\"https:\\\/\\\/www.organisator.ch\\\/#\\\/schema\\\/person\\\/134708ca9321c57b0362cceb7948ffbd\",\"name\":\"michael.merz\",\"image\":{\"@type\":\"ImageObject\",\"inLanguage\":\"de\",\"@id\":\"https:\\\/\\\/secure.gravatar.com\\\/avatar\\\/?s=96&d=mm&r=g\",\"url\":\"https:\\\/\\\/secure.gravatar.com\\\/avatar\\\/?s=96&d=mm&r=g\",\"contentUrl\":\"https:\\\/\\\/secure.gravatar.com\\\/avatar\\\/?s=96&d=mm&r=g\",\"caption\":\"michael.merz\"},\"url\":\"https:\\\/\\\/www.organisator.ch\\\/de\\\/author\\\/michael-merz\\\/\"}]}<\/script>\n<!-- \/ Yoast SEO plugin. -->","yoast_head_json":{"title":"Flexible Arbeitspl\u00e4tze sind h\u00f6her im Kurs - Organisator","description":"Eine neue Studie von Regus zeigt eine hohe Tendenz zu flexiblen Arbeitspl\u00e4tzen um in einer dynamischen Wirtschaftslage besser skalieren zu k\u00f6nnen.","robots":{"index":"index","follow":"follow","max-snippet":"max-snippet:-1","max-image-preview":"max-image-preview:large","max-video-preview":"max-video-preview:-1"},"canonical":"https:\/\/www.organisator.ch\/de\/allgemein\/2019-07-22\/flexible-arbeitsplaetze-sind-hoeher-im-kurs\/","og_locale":"de_DE","og_type":"article","og_title":"Flexible Arbeitspl\u00e4tze sind h\u00f6her im Kurs - Organisator","og_description":"Eine neue Studie von Regus zeigt eine hohe Tendenz zu flexiblen Arbeitspl\u00e4tzen um in einer dynamischen Wirtschaftslage besser skalieren zu k\u00f6nnen.","og_url":"https:\/\/www.organisator.ch\/de\/allgemein\/2019-07-22\/flexible-arbeitsplaetze-sind-hoeher-im-kurs\/","og_site_name":"Organisator","article_publisher":"https:\/\/www.facebook.com\/OrganisatorFachmagazin","article_published_time":"2019-07-22T09:49:36+00:00","og_image":[{"width":2560,"height":1707,"url":"https:\/\/www.organisator.ch\/wp-content\/uploads\/2019\/07\/Flexible-Arbeitsplaetze-sind-hoeher-im-Kurs--scaled.jpg","type":"image\/jpeg"}],"author":"michael.merz","twitter_card":"summary_large_image","schema":{"@context":"https:\/\/schema.org","@graph":[{"@type":"Article","@id":"https:\/\/www.organisator.ch\/en\/general\/2019-07-22\/flexible-arbeitsplaetze-sind-hoeher-im-kurs\/#article","isPartOf":{"@id":"https:\/\/www.organisator.ch\/en\/general\/2019-07-22\/flexible-arbeitsplaetze-sind-hoeher-im-kurs\/"},"author":{"name":"michael.merz","@id":"https:\/\/www.organisator.ch\/#\/schema\/person\/134708ca9321c57b0362cceb7948ffbd"},"headline":"Flexible Arbeitspl\u00e4tze sind h\u00f6her im Kurs","datePublished":"2019-07-22T09:49:36+00:00","mainEntityOfPage":{"@id":"https:\/\/www.organisator.ch\/en\/general\/2019-07-22\/flexible-arbeitsplaetze-sind-hoeher-im-kurs\/"},"wordCount":305,"commentCount":0,"publisher":{"@id":"https:\/\/www.organisator.ch\/#organization"},"image":{"@id":"https:\/\/www.organisator.ch\/en\/general\/2019-07-22\/flexible-arbeitsplaetze-sind-hoeher-im-kurs\/#primaryimage"},"thumbnailUrl":"https:\/\/www.organisator.ch\/wp-content\/uploads\/2019\/07\/Flexible-Arbeitsplaetze-sind-hoeher-im-Kurs--scaled.jpg","keywords":["Co-Working","Flexible Arbeitsplatzgestaltung","Studie"],"inLanguage":"de"},{"@type":"WebPage","@id":"https:\/\/www.organisator.ch\/en\/general\/2019-07-22\/flexible-arbeitsplaetze-sind-hoeher-im-kurs\/","url":"https:\/\/www.organisator.ch\/en\/general\/2019-07-22\/flexible-arbeitsplaetze-sind-hoeher-im-kurs\/","name":"Flexible Arbeitspl\u00e4tze sind h\u00f6her im Kurs - Organisator","isPartOf":{"@id":"https:\/\/www.organisator.ch\/#website"},"primaryImageOfPage":{"@id":"https:\/\/www.organisator.ch\/en\/general\/2019-07-22\/flexible-arbeitsplaetze-sind-hoeher-im-kurs\/#primaryimage"},"image":{"@id":"https:\/\/www.organisator.ch\/en\/general\/2019-07-22\/flexible-arbeitsplaetze-sind-hoeher-im-kurs\/#primaryimage"},"thumbnailUrl":"https:\/\/www.organisator.ch\/wp-content\/uploads\/2019\/07\/Flexible-Arbeitsplaetze-sind-hoeher-im-Kurs--scaled.jpg","datePublished":"2019-07-22T09:49:36+00:00","description":"Eine neue Studie von Regus zeigt eine hohe Tendenz zu flexiblen Arbeitspl\u00e4tzen um in einer dynamischen Wirtschaftslage besser skalieren zu k\u00f6nnen.","breadcrumb":{"@id":"https:\/\/www.organisator.ch\/en\/general\/2019-07-22\/flexible-arbeitsplaetze-sind-hoeher-im-kurs\/#breadcrumb"},"inLanguage":"de","potentialAction":[{"@type":"ReadAction","target":["https:\/\/www.organisator.ch\/en\/general\/2019-07-22\/flexible-arbeitsplaetze-sind-hoeher-im-kurs\/"]}]},{"@type":"ImageObject","inLanguage":"de","@id":"https:\/\/www.organisator.ch\/en\/general\/2019-07-22\/flexible-arbeitsplaetze-sind-hoeher-im-kurs\/#primaryimage","url":"https:\/\/www.organisator.ch\/wp-content\/uploads\/2019\/07\/Flexible-Arbeitsplaetze-sind-hoeher-im-Kurs--scaled.jpg","contentUrl":"https:\/\/www.organisator.ch\/wp-content\/uploads\/2019\/07\/Flexible-Arbeitsplaetze-sind-hoeher-im-Kurs--scaled.jpg","width":2560,"height":1707,"caption":"Laut einer neuen Regus Studie pr\u00e4feriern immer mehr Betriebe flexible Arbeitspl\u00e4tze, weil Co-Working-Arbeitspl\u00e4tze neue Gesch\u00e4fts- und Projektm\u00f6glichkeiten b\u00f6ten. (Symbolbild: Unsplash)"},{"@type":"BreadcrumbList","@id":"https:\/\/www.organisator.ch\/en\/general\/2019-07-22\/flexible-arbeitsplaetze-sind-hoeher-im-kurs\/#breadcrumb","itemListElement":[{"@type":"ListItem","position":1,"name":"Home","item":"https:\/\/www.organisator.ch\/"},{"@type":"ListItem","position":2,"name":"Flexible Arbeitspl\u00e4tze sind h\u00f6her im Kurs"}]},{"@type":"WebSite","@id":"https:\/\/www.organisator.ch\/#website","url":"https:\/\/www.organisator.ch\/","name":"Organisator","description":"Kompetent. Praxisnah. Der ORGANISATOR bereitet in 10 Ausgaben pro Jahr die wesentlichen Themen f\u00fcr F\u00fchrungskr\u00e4fte von KMU auf.","publisher":{"@id":"https:\/\/www.organisator.ch\/#organization"},"potentialAction":[{"@type":"SearchAction","target":{"@type":"EntryPoint","urlTemplate":"https:\/\/www.organisator.ch\/?s={search_term_string}"},"query-input":{"@type":"PropertyValueSpecification","valueRequired":true,"valueName":"search_term_string"}}],"inLanguage":"de"},{"@type":"Organization","@id":"https:\/\/www.organisator.ch\/#organization","name":"Organisator","url":"https:\/\/www.organisator.ch\/","logo":{"@type":"ImageObject","inLanguage":"de","@id":"https:\/\/www.organisator.ch\/#\/schema\/logo\/image\/","url":"https:\/\/www.organisator.ch\/wp-content\/uploads\/2022\/01\/Logo_Organisator_Website.png","contentUrl":"https:\/\/www.organisator.ch\/wp-content\/uploads\/2022\/01\/Logo_Organisator_Website.png","width":800,"height":77,"caption":"Organisator"},"image":{"@id":"https:\/\/www.organisator.ch\/#\/schema\/logo\/image\/"},"sameAs":["https:\/\/www.facebook.com\/OrganisatorFachmagazin","https:\/\/www.linkedin.com\/showcase\/organisator-das-magazin-fr-kmu","https:\/\/www.xing.com\/news\/pages\/organisator-ch-695","https:\/\/www.youtube.com\/channel\/UCGP2Sq0iWaZwT3BdIAQFYpw"]},{"@type":"Person","@id":"https:\/\/www.organisator.ch\/#\/schema\/person\/134708ca9321c57b0362cceb7948ffbd","name":"michael.merz","image":{"@type":"ImageObject","inLanguage":"de","@id":"https:\/\/secure.gravatar.com\/avatar\/?s=96&d=mm&r=g","url":"https:\/\/secure.gravatar.com\/avatar\/?s=96&d=mm&r=g","contentUrl":"https:\/\/secure.gravatar.com\/avatar\/?s=96&d=mm&r=g","caption":"michael.merz"},"url":"https:\/\/www.organisator.ch\/de\/author\/michael-merz\/"}]}},"_links":{"self":[{"href":"https:\/\/www.organisator.ch\/de\/wp-json\/wp\/v2\/posts\/5574","targetHints":{"allow":["GET"]}}],"collection":[{"href":"https:\/\/www.organisator.ch\/de\/wp-json\/wp\/v2\/posts"}],"about":[{"href":"https:\/\/www.organisator.ch\/de\/wp-json\/wp\/v2\/types\/post"}],"author":[{"embeddable":true,"href":"https:\/\/www.organisator.ch\/de\/wp-json\/wp\/v2\/users\/5"}],"replies":[{"embeddable":true,"href":"https:\/\/www.organisator.ch\/de\/wp-json\/wp\/v2\/comments?post=5574"}],"version-history":[{"count":0,"href":"https:\/\/www.organisator.ch\/de\/wp-json\/wp\/v2\/posts\/5574\/revisions"}],"wp:featuredmedia":[{"embeddable":true,"href":"https:\/\/www.organisator.ch\/de\/wp-json\/wp\/v2\/media\/5575"}],"wp:attachment":[{"href":"https:\/\/www.organisator.ch\/de\/wp-json\/wp\/v2\/media?parent=5574"}],"wp:term":[{"taxonomy":"category","embeddable":true,"href":"https:\/\/www.organisator.ch\/de\/wp-json\/wp\/v2\/categories?post=5574"},{"taxonomy":"post_tag","embeddable":true,"href":"https:\/\/www.organisator.ch\/de\/wp-json\/wp\/v2\/tags?post=5574"}],"curies":[{"name":"wp","href":"https:\/\/api.w.org\/{rel}","templated":true}]}}