{"id":5577,"date":"2019-07-23T14:32:33","date_gmt":"2019-07-23T12:32:33","guid":{"rendered":"https:\/\/www.organisator.ch\/?p=5577"},"modified":"2019-07-23T14:32:33","modified_gmt":"2019-07-23T12:32:33","slug":"st-gallen-vergibt-auftrag-an-abraxas","status":"publish","type":"post","link":"https:\/\/www.organisator.ch\/de\/management\/it\/2019-07-23\/st-gallen-vergibt-auftrag-an-abraxas\/","title":{"rendered":"St.Gallen vergibt Auftrag an Abraxas"},"content":{"rendered":"<figure id=\"attachment_5578\" aria-describedby=\"caption-attachment-5578\" style=\"width: 640px\" class=\"wp-caption alignnone\"><img loading=\"lazy\" decoding=\"async\" class=\"size-full wp-image-5578\" src=\"https:\/\/www.organisator.ch\/wp-content\/uploads\/2019\/07\/StGallenAltstadt.jpg\" alt=\"\" width=\"640\" height=\"480\" srcset=\"https:\/\/www.organisator.ch\/wp-content\/uploads\/2019\/07\/StGallenAltstadt.jpg 640w, https:\/\/www.organisator.ch\/wp-content\/uploads\/2019\/07\/StGallenAltstadt-16x12.jpg 16w, https:\/\/www.organisator.ch\/wp-content\/uploads\/2019\/07\/StGallenAltstadt-233x175.jpg 233w, https:\/\/www.organisator.ch\/wp-content\/uploads\/2019\/07\/StGallenAltstadt-467x350.jpg 467w, https:\/\/www.organisator.ch\/wp-content\/uploads\/2019\/07\/StGallenAltstadt-300x225.jpg 300w\" sizes=\"auto, (max-width: 640px) 100vw, 640px\" \/><figcaption id=\"caption-attachment-5578\" class=\"wp-caption-text\">Die St. Galler Altstadt (Bild \u00fcbertragen aus fr.wikipedia)<\/figcaption><\/figure>\n<p>Die neue Personal- und Finanzl\u00f6sung von Abacus Research deckt alle relevanten Prozesse und Gesch\u00e4ftsf\u00e4lle im Bereich Finanzen und Lohn\/HR der Stadt St.Gallen ab. Genutzt wird die Software von Mitarbeitenden in Schule und Verwaltung der gr\u00f6ssten St.Galler Gemeinde. Die L\u00f6sung beinhaltet eine vollst\u00e4ndig integrierte Archiv- und Dossierf\u00fchrung und vernetzt die Verwaltung auch dank mobiler L\u00f6sungen. Die Stadtverwaltung wird damit in der Lage sein, ihren Administrationsaufwand nachhaltig zu reduzieren. Davon profitieren nicht zuletzt alle 80&#8217;000 Einwohnerinnen und Einwohner von St.Gallen.<\/p>\n<p><strong>Erfolgreiche Zusammenarbeit<\/strong><\/p>\n<p>Die Mitte 2018 kommunizierte Kooperation zwischen Abacus Research und Abraxas Informatik wurde Anfang 2019 in einer Vertriebspartnerschaft konkretisiert. Abraxas hat seitdem ihr Angebot um die gesamte Abacus-Produktpalette erweitert und ein kompetentes Abacus-Beratungsteam aufgebaut. Diese Zusammenarbeit tr\u00e4gt bereits im laufenden Jahr Fr\u00fcchte: Abraxas konnte rund ein Dutzend neue Kunden f\u00fcr die Abacus-Software gewinnen, darunter nun auch die Stadt St. Gallen. Der gemeinsame Erfolg bei der Software-Ausschreibung beweist, dass die Partnerschaft f\u00fcr beide Unternehmen Vorteile mit sich bringt. Die Anwender ihrerseits profitieren dadurch von massgeschneiderten modularen L\u00f6sungen.<\/p>\n<p>\u00abWir erg\u00e4nzen uns in idealer Art und Weise\u00bb ist Reto Gutmann, der CEO von Abraxas, \u00fcberzeugt. \u00abAbacus Research als f\u00fchrendes Schweizer Softwarehaus ist seit Jahrzehnten ein etablierter und verl\u00e4sslicher Softwarelieferant im Markt der \u00f6ffentlichen Verwaltung\u00bb. Daniel Senn, Gesch\u00e4ftsleitungsmitglied der Abacus, doppelt nach: \u00abAbraxas seinerseits ist ein kompetenter und erfahrener Integrator f\u00fcr Einf\u00fchrung und Schulung von IT-L\u00f6sungen.\u00bb<\/p>\n<p><a href=\"http:\/\/www.abacus.ch\">www.abacus.ch<\/a><\/p>\n<p>&nbsp;<\/p>\n<p><em>Abraxas Informatik AG <\/em><br \/>\n<em>Die Abraxas Informatik AG ist der gr\u00f6sste Anbieter durchg\u00e4ngiger IT-L\u00f6sungen f\u00fcr die \u00f6ffent\u00adliche Hand in der Schweiz. Das Unternehmen mit Hauptsitz in St.Gallen besch\u00e4ftigt rund 800 Mitarbei\u00adterinnen und Mitarbeiter in allen Sprachregionen. Abraxas vernetzt Schweizer Verwaltungen, Beh\u00f6r\u00adden, Unternehmen und die Bev\u00f6lkerung mit effizienten, sicheren und durchg\u00e4ngigen IT-L\u00f6sungen und Dienstleistungen.<\/em><\/p>\n<p><em>Abacus Research AG <\/em><br \/>\n<em>Das Softwareunternehmen Abacus Research ist im Bereich Business-Software Schweizer Marktf\u00fchrer. Seit 1985 entwickelt es auf die Bed\u00fcrfnisse helvetischer KMU zugeschnittene Standardsoftware. \u00dcber 40&#8217;000 Unternehmen haben sich bis heute f\u00fcr Software von Abacus entschieden. Abacus besch\u00e4ftigt in der gesamten Gruppe 425 Mitarbeitende. Der Hauptsitz befindet sich in Wittenbach-St.Gallen, die Westschweizer Niederlassung ist in Biel domiziliert, eine Tochterfirma ist in Thalwil-Z\u00fcrich und eine weitere in Deutschland mit Standorten in M\u00fcnchen und Hamburg.<\/em><\/p>\n","protected":false},"excerpt":{"rendered":"<p>Die neue Personal- und Finanzl\u00f6sung von Abacus Research deckt alle relevanten Prozesse und Gesch\u00e4ftsf\u00e4lle im Bereich Finanzen und Lohn\/HR der Stadt St.Gallen ab. Genutzt wird die Software von Mitarbeitenden in Schule und Verwaltung der gr\u00f6ssten St.Galler Gemeinde. Die L\u00f6sung beinhaltet eine vollst\u00e4ndig integrierte Archiv- und Dossierf\u00fchrung und vernetzt die Verwaltung auch dank mobiler L\u00f6sungen. Die [&hellip;]<\/p>\n","protected":false},"author":5,"featured_media":5578,"comment_status":"open","ping_status":"open","sticky":false,"template":"","format":"standard","meta":{"_acf_changed":false,"_yoast_wpseo_focuskw":"Abraxas","_yoast_wpseo_metadesc":"Abacus und Abraxas zeitigt Erfolge: Die Stadt St.Gallen hat heute die Auftragsvergabe f\u00fcr eine neue Personal- und Finanzsoftware bekanntgegeben.","articlekey":"","footnotes":""},"categories":[27],"tags":[286,313,514],"class_list":["post-5577","post","type-post","status-publish","format-standard","has-post-thumbnail","hentry","category-it","tag-it","tag-kooperation","tag-vewaltung"],"acf":[],"yoast_head":"<!-- This site is optimized with the Yoast SEO plugin v27.4 - https:\/\/yoast.com\/product\/yoast-seo-wordpress\/ -->\n<title>St.Gallen vergibt Auftrag an Abraxas - Organisator<\/title>\n<meta name=\"description\" content=\"Abacus und Abraxas zeitigt Erfolge: Die Stadt St.Gallen hat heute die Auftragsvergabe f\u00fcr eine neue Personal- und Finanzsoftware bekanntgegeben.\" \/>\n<meta name=\"robots\" content=\"index, follow, max-snippet:-1, max-image-preview:large, max-video-preview:-1\" \/>\n<link rel=\"canonical\" href=\"https:\/\/www.organisator.ch\/de\/management\/it\/2019-07-23\/st-gallen-vergibt-auftrag-an-abraxas\/\" \/>\n<meta property=\"og:locale\" content=\"de_DE\" \/>\n<meta property=\"og:type\" content=\"article\" \/>\n<meta property=\"og:title\" content=\"St.Gallen vergibt Auftrag an Abraxas - Organisator\" \/>\n<meta property=\"og:description\" content=\"Abacus und Abraxas zeitigt Erfolge: Die Stadt St.Gallen hat heute die Auftragsvergabe f\u00fcr eine neue Personal- und Finanzsoftware bekanntgegeben.\" \/>\n<meta property=\"og:url\" content=\"https:\/\/www.organisator.ch\/de\/management\/it\/2019-07-23\/st-gallen-vergibt-auftrag-an-abraxas\/\" \/>\n<meta property=\"og:site_name\" content=\"Organisator\" \/>\n<meta property=\"article:publisher\" content=\"https:\/\/www.facebook.com\/OrganisatorFachmagazin\" \/>\n<meta property=\"article:published_time\" content=\"2019-07-23T12:32:33+00:00\" \/>\n<meta property=\"og:image\" content=\"https:\/\/www.organisator.ch\/wp-content\/uploads\/2019\/07\/StGallenAltstadt.jpg\" \/>\n\t<meta property=\"og:image:width\" content=\"640\" \/>\n\t<meta property=\"og:image:height\" content=\"480\" \/>\n\t<meta property=\"og:image:type\" content=\"image\/jpeg\" \/>\n<meta name=\"author\" content=\"michael.merz\" \/>\n<meta name=\"twitter:card\" content=\"summary_large_image\" \/>\n<script type=\"application\/ld+json\" class=\"yoast-schema-graph\">{\"@context\":\"https:\\\/\\\/schema.org\",\"@graph\":[{\"@type\":\"Article\",\"@id\":\"https:\\\/\\\/www.organisator.ch\\\/management\\\/it\\\/2019-07-23\\\/st-gallen-vergibt-auftrag-an-abraxas\\\/#article\",\"isPartOf\":{\"@id\":\"https:\\\/\\\/www.organisator.ch\\\/management\\\/it\\\/2019-07-23\\\/st-gallen-vergibt-auftrag-an-abraxas\\\/\"},\"author\":{\"name\":\"michael.merz\",\"@id\":\"https:\\\/\\\/www.organisator.ch\\\/#\\\/schema\\\/person\\\/134708ca9321c57b0362cceb7948ffbd\"},\"headline\":\"St.Gallen vergibt Auftrag an Abraxas\",\"datePublished\":\"2019-07-23T12:32:33+00:00\",\"mainEntityOfPage\":{\"@id\":\"https:\\\/\\\/www.organisator.ch\\\/management\\\/it\\\/2019-07-23\\\/st-gallen-vergibt-auftrag-an-abraxas\\\/\"},\"wordCount\":409,\"commentCount\":0,\"publisher\":{\"@id\":\"https:\\\/\\\/www.organisator.ch\\\/#organization\"},\"image\":{\"@id\":\"https:\\\/\\\/www.organisator.ch\\\/management\\\/it\\\/2019-07-23\\\/st-gallen-vergibt-auftrag-an-abraxas\\\/#primaryimage\"},\"thumbnailUrl\":\"https:\\\/\\\/www.organisator.ch\\\/wp-content\\\/uploads\\\/2019\\\/07\\\/StGallenAltstadt.jpg\",\"keywords\":[\"IT\",\"Kooperation\",\"Vewaltung\"],\"articleSection\":[\"IT\"],\"inLanguage\":\"de\"},{\"@type\":\"WebPage\",\"@id\":\"https:\\\/\\\/www.organisator.ch\\\/management\\\/it\\\/2019-07-23\\\/st-gallen-vergibt-auftrag-an-abraxas\\\/\",\"url\":\"https:\\\/\\\/www.organisator.ch\\\/management\\\/it\\\/2019-07-23\\\/st-gallen-vergibt-auftrag-an-abraxas\\\/\",\"name\":\"St.Gallen vergibt Auftrag an Abraxas - Organisator\",\"isPartOf\":{\"@id\":\"https:\\\/\\\/www.organisator.ch\\\/#website\"},\"primaryImageOfPage\":{\"@id\":\"https:\\\/\\\/www.organisator.ch\\\/management\\\/it\\\/2019-07-23\\\/st-gallen-vergibt-auftrag-an-abraxas\\\/#primaryimage\"},\"image\":{\"@id\":\"https:\\\/\\\/www.organisator.ch\\\/management\\\/it\\\/2019-07-23\\\/st-gallen-vergibt-auftrag-an-abraxas\\\/#primaryimage\"},\"thumbnailUrl\":\"https:\\\/\\\/www.organisator.ch\\\/wp-content\\\/uploads\\\/2019\\\/07\\\/StGallenAltstadt.jpg\",\"datePublished\":\"2019-07-23T12:32:33+00:00\",\"description\":\"Abacus und Abraxas zeitigt Erfolge: Die Stadt St.Gallen hat heute die Auftragsvergabe f\u00fcr eine neue Personal- und Finanzsoftware bekanntgegeben.\",\"breadcrumb\":{\"@id\":\"https:\\\/\\\/www.organisator.ch\\\/management\\\/it\\\/2019-07-23\\\/st-gallen-vergibt-auftrag-an-abraxas\\\/#breadcrumb\"},\"inLanguage\":\"de\",\"potentialAction\":[{\"@type\":\"ReadAction\",\"target\":[\"https:\\\/\\\/www.organisator.ch\\\/management\\\/it\\\/2019-07-23\\\/st-gallen-vergibt-auftrag-an-abraxas\\\/\"]}]},{\"@type\":\"ImageObject\",\"inLanguage\":\"de\",\"@id\":\"https:\\\/\\\/www.organisator.ch\\\/management\\\/it\\\/2019-07-23\\\/st-gallen-vergibt-auftrag-an-abraxas\\\/#primaryimage\",\"url\":\"https:\\\/\\\/www.organisator.ch\\\/wp-content\\\/uploads\\\/2019\\\/07\\\/StGallenAltstadt.jpg\",\"contentUrl\":\"https:\\\/\\\/www.organisator.ch\\\/wp-content\\\/uploads\\\/2019\\\/07\\\/StGallenAltstadt.jpg\",\"width\":640,\"height\":480,\"caption\":\"Die St. Galler Altstadt (Bild \u00fcbertragen aus fr.wikipedia)\"},{\"@type\":\"BreadcrumbList\",\"@id\":\"https:\\\/\\\/www.organisator.ch\\\/management\\\/it\\\/2019-07-23\\\/st-gallen-vergibt-auftrag-an-abraxas\\\/#breadcrumb\",\"itemListElement\":[{\"@type\":\"ListItem\",\"position\":1,\"name\":\"Home\",\"item\":\"https:\\\/\\\/www.organisator.ch\\\/\"},{\"@type\":\"ListItem\",\"position\":2,\"name\":\"St.Gallen vergibt Auftrag an Abraxas\"}]},{\"@type\":\"WebSite\",\"@id\":\"https:\\\/\\\/www.organisator.ch\\\/#website\",\"url\":\"https:\\\/\\\/www.organisator.ch\\\/\",\"name\":\"Organisator\",\"description\":\"Kompetent. Praxisnah. Der ORGANISATOR bereitet in 10 Ausgaben pro Jahr die wesentlichen Themen f\u00fcr F\u00fchrungskr\u00e4fte von KMU auf.\",\"publisher\":{\"@id\":\"https:\\\/\\\/www.organisator.ch\\\/#organization\"},\"potentialAction\":[{\"@type\":\"SearchAction\",\"target\":{\"@type\":\"EntryPoint\",\"urlTemplate\":\"https:\\\/\\\/www.organisator.ch\\\/?s={search_term_string}\"},\"query-input\":{\"@type\":\"PropertyValueSpecification\",\"valueRequired\":true,\"valueName\":\"search_term_string\"}}],\"inLanguage\":\"de\"},{\"@type\":\"Organization\",\"@id\":\"https:\\\/\\\/www.organisator.ch\\\/#organization\",\"name\":\"Organisator\",\"url\":\"https:\\\/\\\/www.organisator.ch\\\/\",\"logo\":{\"@type\":\"ImageObject\",\"inLanguage\":\"de\",\"@id\":\"https:\\\/\\\/www.organisator.ch\\\/#\\\/schema\\\/logo\\\/image\\\/\",\"url\":\"https:\\\/\\\/www.organisator.ch\\\/wp-content\\\/uploads\\\/2022\\\/01\\\/Logo_Organisator_Website.png\",\"contentUrl\":\"https:\\\/\\\/www.organisator.ch\\\/wp-content\\\/uploads\\\/2022\\\/01\\\/Logo_Organisator_Website.png\",\"width\":800,\"height\":77,\"caption\":\"Organisator\"},\"image\":{\"@id\":\"https:\\\/\\\/www.organisator.ch\\\/#\\\/schema\\\/logo\\\/image\\\/\"},\"sameAs\":[\"https:\\\/\\\/www.facebook.com\\\/OrganisatorFachmagazin\",\"https:\\\/\\\/www.linkedin.com\\\/showcase\\\/organisator-das-magazin-fr-kmu\",\"https:\\\/\\\/www.xing.com\\\/news\\\/pages\\\/organisator-ch-695\",\"https:\\\/\\\/www.youtube.com\\\/channel\\\/UCGP2Sq0iWaZwT3BdIAQFYpw\"]},{\"@type\":\"Person\",\"@id\":\"https:\\\/\\\/www.organisator.ch\\\/#\\\/schema\\\/person\\\/134708ca9321c57b0362cceb7948ffbd\",\"name\":\"michael.merz\",\"image\":{\"@type\":\"ImageObject\",\"inLanguage\":\"de\",\"@id\":\"https:\\\/\\\/secure.gravatar.com\\\/avatar\\\/?s=96&d=mm&r=g\",\"url\":\"https:\\\/\\\/secure.gravatar.com\\\/avatar\\\/?s=96&d=mm&r=g\",\"contentUrl\":\"https:\\\/\\\/secure.gravatar.com\\\/avatar\\\/?s=96&d=mm&r=g\",\"caption\":\"michael.merz\"},\"url\":\"https:\\\/\\\/www.organisator.ch\\\/de\\\/author\\\/michael-merz\\\/\"}]}<\/script>\n<!-- \/ Yoast SEO plugin. -->","yoast_head_json":{"title":"St.Gallen vergibt Auftrag an Abraxas - Organisator","description":"Abacus und Abraxas zeitigt Erfolge: Die Stadt St.Gallen hat heute die Auftragsvergabe f\u00fcr eine neue Personal- und Finanzsoftware bekanntgegeben.","robots":{"index":"index","follow":"follow","max-snippet":"max-snippet:-1","max-image-preview":"max-image-preview:large","max-video-preview":"max-video-preview:-1"},"canonical":"https:\/\/www.organisator.ch\/de\/management\/it\/2019-07-23\/st-gallen-vergibt-auftrag-an-abraxas\/","og_locale":"de_DE","og_type":"article","og_title":"St.Gallen vergibt Auftrag an Abraxas - Organisator","og_description":"Abacus und Abraxas zeitigt Erfolge: Die Stadt St.Gallen hat heute die Auftragsvergabe f\u00fcr eine neue Personal- und Finanzsoftware bekanntgegeben.","og_url":"https:\/\/www.organisator.ch\/de\/management\/it\/2019-07-23\/st-gallen-vergibt-auftrag-an-abraxas\/","og_site_name":"Organisator","article_publisher":"https:\/\/www.facebook.com\/OrganisatorFachmagazin","article_published_time":"2019-07-23T12:32:33+00:00","og_image":[{"width":640,"height":480,"url":"https:\/\/www.organisator.ch\/wp-content\/uploads\/2019\/07\/StGallenAltstadt.jpg","type":"image\/jpeg"}],"author":"michael.merz","twitter_card":"summary_large_image","schema":{"@context":"https:\/\/schema.org","@graph":[{"@type":"Article","@id":"https:\/\/www.organisator.ch\/management\/it\/2019-07-23\/st-gallen-vergibt-auftrag-an-abraxas\/#article","isPartOf":{"@id":"https:\/\/www.organisator.ch\/management\/it\/2019-07-23\/st-gallen-vergibt-auftrag-an-abraxas\/"},"author":{"name":"michael.merz","@id":"https:\/\/www.organisator.ch\/#\/schema\/person\/134708ca9321c57b0362cceb7948ffbd"},"headline":"St.Gallen vergibt Auftrag an Abraxas","datePublished":"2019-07-23T12:32:33+00:00","mainEntityOfPage":{"@id":"https:\/\/www.organisator.ch\/management\/it\/2019-07-23\/st-gallen-vergibt-auftrag-an-abraxas\/"},"wordCount":409,"commentCount":0,"publisher":{"@id":"https:\/\/www.organisator.ch\/#organization"},"image":{"@id":"https:\/\/www.organisator.ch\/management\/it\/2019-07-23\/st-gallen-vergibt-auftrag-an-abraxas\/#primaryimage"},"thumbnailUrl":"https:\/\/www.organisator.ch\/wp-content\/uploads\/2019\/07\/StGallenAltstadt.jpg","keywords":["IT","Kooperation","Vewaltung"],"articleSection":["IT"],"inLanguage":"de"},{"@type":"WebPage","@id":"https:\/\/www.organisator.ch\/management\/it\/2019-07-23\/st-gallen-vergibt-auftrag-an-abraxas\/","url":"https:\/\/www.organisator.ch\/management\/it\/2019-07-23\/st-gallen-vergibt-auftrag-an-abraxas\/","name":"St.Gallen vergibt Auftrag an Abraxas - Organisator","isPartOf":{"@id":"https:\/\/www.organisator.ch\/#website"},"primaryImageOfPage":{"@id":"https:\/\/www.organisator.ch\/management\/it\/2019-07-23\/st-gallen-vergibt-auftrag-an-abraxas\/#primaryimage"},"image":{"@id":"https:\/\/www.organisator.ch\/management\/it\/2019-07-23\/st-gallen-vergibt-auftrag-an-abraxas\/#primaryimage"},"thumbnailUrl":"https:\/\/www.organisator.ch\/wp-content\/uploads\/2019\/07\/StGallenAltstadt.jpg","datePublished":"2019-07-23T12:32:33+00:00","description":"Abacus und Abraxas zeitigt Erfolge: Die Stadt St.Gallen hat heute die Auftragsvergabe f\u00fcr eine neue Personal- und Finanzsoftware bekanntgegeben.","breadcrumb":{"@id":"https:\/\/www.organisator.ch\/management\/it\/2019-07-23\/st-gallen-vergibt-auftrag-an-abraxas\/#breadcrumb"},"inLanguage":"de","potentialAction":[{"@type":"ReadAction","target":["https:\/\/www.organisator.ch\/management\/it\/2019-07-23\/st-gallen-vergibt-auftrag-an-abraxas\/"]}]},{"@type":"ImageObject","inLanguage":"de","@id":"https:\/\/www.organisator.ch\/management\/it\/2019-07-23\/st-gallen-vergibt-auftrag-an-abraxas\/#primaryimage","url":"https:\/\/www.organisator.ch\/wp-content\/uploads\/2019\/07\/StGallenAltstadt.jpg","contentUrl":"https:\/\/www.organisator.ch\/wp-content\/uploads\/2019\/07\/StGallenAltstadt.jpg","width":640,"height":480,"caption":"Die St. Galler Altstadt (Bild \u00fcbertragen aus fr.wikipedia)"},{"@type":"BreadcrumbList","@id":"https:\/\/www.organisator.ch\/management\/it\/2019-07-23\/st-gallen-vergibt-auftrag-an-abraxas\/#breadcrumb","itemListElement":[{"@type":"ListItem","position":1,"name":"Home","item":"https:\/\/www.organisator.ch\/"},{"@type":"ListItem","position":2,"name":"St.Gallen vergibt Auftrag an Abraxas"}]},{"@type":"WebSite","@id":"https:\/\/www.organisator.ch\/#website","url":"https:\/\/www.organisator.ch\/","name":"Organisator","description":"Kompetent. Praxisnah. Der ORGANISATOR bereitet in 10 Ausgaben pro Jahr die wesentlichen Themen f\u00fcr F\u00fchrungskr\u00e4fte von KMU auf.","publisher":{"@id":"https:\/\/www.organisator.ch\/#organization"},"potentialAction":[{"@type":"SearchAction","target":{"@type":"EntryPoint","urlTemplate":"https:\/\/www.organisator.ch\/?s={search_term_string}"},"query-input":{"@type":"PropertyValueSpecification","valueRequired":true,"valueName":"search_term_string"}}],"inLanguage":"de"},{"@type":"Organization","@id":"https:\/\/www.organisator.ch\/#organization","name":"Organisator","url":"https:\/\/www.organisator.ch\/","logo":{"@type":"ImageObject","inLanguage":"de","@id":"https:\/\/www.organisator.ch\/#\/schema\/logo\/image\/","url":"https:\/\/www.organisator.ch\/wp-content\/uploads\/2022\/01\/Logo_Organisator_Website.png","contentUrl":"https:\/\/www.organisator.ch\/wp-content\/uploads\/2022\/01\/Logo_Organisator_Website.png","width":800,"height":77,"caption":"Organisator"},"image":{"@id":"https:\/\/www.organisator.ch\/#\/schema\/logo\/image\/"},"sameAs":["https:\/\/www.facebook.com\/OrganisatorFachmagazin","https:\/\/www.linkedin.com\/showcase\/organisator-das-magazin-fr-kmu","https:\/\/www.xing.com\/news\/pages\/organisator-ch-695","https:\/\/www.youtube.com\/channel\/UCGP2Sq0iWaZwT3BdIAQFYpw"]},{"@type":"Person","@id":"https:\/\/www.organisator.ch\/#\/schema\/person\/134708ca9321c57b0362cceb7948ffbd","name":"michael.merz","image":{"@type":"ImageObject","inLanguage":"de","@id":"https:\/\/secure.gravatar.com\/avatar\/?s=96&d=mm&r=g","url":"https:\/\/secure.gravatar.com\/avatar\/?s=96&d=mm&r=g","contentUrl":"https:\/\/secure.gravatar.com\/avatar\/?s=96&d=mm&r=g","caption":"michael.merz"},"url":"https:\/\/www.organisator.ch\/de\/author\/michael-merz\/"}]}},"_links":{"self":[{"href":"https:\/\/www.organisator.ch\/de\/wp-json\/wp\/v2\/posts\/5577","targetHints":{"allow":["GET"]}}],"collection":[{"href":"https:\/\/www.organisator.ch\/de\/wp-json\/wp\/v2\/posts"}],"about":[{"href":"https:\/\/www.organisator.ch\/de\/wp-json\/wp\/v2\/types\/post"}],"author":[{"embeddable":true,"href":"https:\/\/www.organisator.ch\/de\/wp-json\/wp\/v2\/users\/5"}],"replies":[{"embeddable":true,"href":"https:\/\/www.organisator.ch\/de\/wp-json\/wp\/v2\/comments?post=5577"}],"version-history":[{"count":0,"href":"https:\/\/www.organisator.ch\/de\/wp-json\/wp\/v2\/posts\/5577\/revisions"}],"wp:featuredmedia":[{"embeddable":true,"href":"https:\/\/www.organisator.ch\/de\/wp-json\/wp\/v2\/media\/5578"}],"wp:attachment":[{"href":"https:\/\/www.organisator.ch\/de\/wp-json\/wp\/v2\/media?parent=5577"}],"wp:term":[{"taxonomy":"category","embeddable":true,"href":"https:\/\/www.organisator.ch\/de\/wp-json\/wp\/v2\/categories?post=5577"},{"taxonomy":"post_tag","embeddable":true,"href":"https:\/\/www.organisator.ch\/de\/wp-json\/wp\/v2\/tags?post=5577"}],"curies":[{"name":"wp","href":"https:\/\/api.w.org\/{rel}","templated":true}]}}