{"id":561,"date":"2016-10-24T16:28:52","date_gmt":"2016-10-24T14:28:52","guid":{"rendered":"https:\/\/dev.umweltperspektiven.ch\/?p=561"},"modified":"2016-10-24T16:28:52","modified_gmt":"2016-10-24T14:28:52","slug":"tierrechte-werden-gestaerkt","status":"publish","type":"post","link":"https:\/\/www.organisator.ch\/de\/allgemein\/2016-10-24\/tierrechte-werden-gestaerkt\/","title":{"rendered":"Tierrechte werden gest\u00e4rkt"},"content":{"rendered":"<figure id=\"attachment_562\" aria-describedby=\"caption-attachment-562\" style=\"width: 680px\" class=\"wp-caption alignnone\"><a href=\"\/\/dev.umweltperspektiven.ch\/wp-content\/uploads\/2016\/12\/Tierrechte-werden-gest\u00e4rkt-umweltperspektiven.jpg\"><img loading=\"lazy\" decoding=\"async\" class=\"size-medium wp-image-562\" src=\"\/\/dev.umweltperspektiven.ch\/wp-content\/uploads\/2016\/12\/Tierrechte-werden-gest\u00e4rkt-umweltperspektiven.jpg\" alt=\"Der Bund will st\u00e4rker gegen illegalen Online-Handel mit Hunden vorgehen.\" width=\"680\" height=\"454\" \/><\/a><figcaption id=\"caption-attachment-562\" class=\"wp-caption-text\">Der Bund will st\u00e4rker gegen illegalen Online-Handel mit Hunden vorgehen.<\/figcaption><\/figure>\n<p>Jedes Institut oder Labor, das Tierversuche durchf\u00fchrt, muss k\u00fcnftig einen Tierschutzbeauftragten oder eine Tierschutzbeauftragte bestimmen. Deren Aufgabe besteht darin, die Einhaltung der Tierschutzbestimmungen und der 3R-Anforderungen zu \u00fcberpr\u00fcfen, wenn Tierversuche geplant und Bewilligungsgesuche verfasst werden. Das setzt ausgewiesene Fachkenntnisse und eine Weisungsberechtigung voraus. 3R steht f\u00fcr Replace (Tierversuche ersetzen), Reduce (Tierzahlen senken) und Refine (f\u00fcr Tiere in Tierversuchen bessere Bedingungen schaffen). Mit der Anwendung der 3R-Prinzipien will man Tierversuche auf das absolute Minimum beschr\u00e4nken und die Tiere so wenig wie m\u00f6glich belasten.<\/p>\n<p><strong>Gegen anonymen Online-Hundehandel<\/strong><\/p>\n<p>Illegale Hundeimporte stellen ein wachsendes Problem dar, besonders beim Handel im Internet. Personen, welche Tiere online anbieten, m\u00fcssen in den Inseraten neu ihre vollst\u00e4ndigen Kontaktangaben nennen. Die elektronische Kennzeichnung mittels Mikrochip sowie die vollst\u00e4ndige Registrierung in der Hundedatenbank sollen eine l\u00fcckenlose R\u00fcckverfolgung der Hunde erm\u00f6glichen. Zur Sicherstellung eines effizienten Vollzugs der Hundekontrolle ist es aber wichtig, \u00fcber richtige und vollst\u00e4ndige Daten zu verf\u00fcgen. Daf\u00fcr werden die Rollen der Hundehaltenden, Tier\u00e4rzteschaft und Beh\u00f6rden pr\u00e4zisiert.<\/p>\n<p>Die tiergerechte T\u00f6tung hat in der Vergangenheit zu Diskussionen gef\u00fchrt. Der Bund will die Anforderungen hinsichtlich der Fachkenntnisse strenger ausgestalten. In den ge\u00e4nderten Verordnungspassagen wird ausserdem explizit verlangt, dass jemand, der ein Tier t\u00f6tet, sich bez\u00fcglich dessen Todes vergewissern muss. Ziel ist es, ein qualvolles Verenden von vermeintlich toten Tieren zu verhindern.<\/p>\n<p>Bereits bisher untersagt war der Lebendtransport von Fischen auf Eis oder in Eiswasser. In Zukunft soll das speziell f\u00fcr die Gastronomie relevante Verbot zus\u00e4tzlich f\u00fcr Panzerkrebse gelten. Hummer, Langusten und Krabben d\u00fcrfen auch nicht mehr ausserhalb des Wassers gehalten werden. Ihre T\u00f6tung bedingt jetzt eine vorg\u00e4ngige Bet\u00e4ubung sowie Fachkunde.<\/p>\n<p><strong>Mehr Schutz f\u00fcr Tiere an Veranstaltungen<\/strong><\/p>\n<p>Auch Tierveranstaltungen bzw. -ausstellungen sind von den Verordnungs\u00e4nderungen\u00a0betroffen. Falls der Veranstalter die Obhut \u00fcber die Tiere hat, braucht es neu eine f\u00fcr die Tierbetreuung verantwortliche Person mit Sachkundeausweis. Nicht bewilligungspflichtige Veranstaltungen m\u00fcssen der zust\u00e4ndigen kantonalen Beh\u00f6rde gemeldet werden, wenn sie \u00fcberregionale Bedeutung haben.<\/p>\n<p>Quelle: BLV<\/p>\n","protected":false},"excerpt":{"rendered":"<p>Jedes Institut oder Labor, das Tierversuche durchf\u00fchrt, muss k\u00fcnftig einen Tierschutzbeauftragten oder eine Tierschutzbeauftragte bestimmen. Deren Aufgabe besteht darin, die Einhaltung der Tierschutzbestimmungen und der 3R-Anforderungen zu \u00fcberpr\u00fcfen, wenn Tierversuche geplant und Bewilligungsgesuche verfasst werden. Das setzt ausgewiesene Fachkenntnisse und eine Weisungsberechtigung voraus. 3R steht f\u00fcr Replace (Tierversuche ersetzen), Reduce (Tierzahlen senken) und Refine (f\u00fcr [&hellip;]<\/p>\n","protected":false},"author":1,"featured_media":9428,"comment_status":"open","ping_status":"open","sticky":false,"template":"","format":"standard","meta":{"_acf_changed":false,"_yoast_wpseo_focuskw":"Tierversuche","_yoast_wpseo_metadesc":"Im Veterin\u00e4rbereich sind Neuerungen geplant. Dazu z\u00e4hlen Tierschutzbeauftragte f\u00fcr Tierversuche und Massnahmen gegen illegale Hundeimporte.","articlekey":"","footnotes":""},"categories":[1],"tags":[883,2308,2472],"class_list":["post-561","post","type-post","status-publish","format-standard","has-post-thumbnail","hentry","category-allgemein","tag-bund","tag-tierversuche","tag-veterinaerwesen"],"acf":[],"yoast_head":"<!-- This site is optimized with the Yoast SEO plugin v27.4 - https:\/\/yoast.com\/product\/yoast-seo-wordpress\/ -->\n<title>Tierrechte werden gest\u00e4rkt - Organisator<\/title>\n<meta name=\"description\" content=\"Im Veterin\u00e4rbereich sind Neuerungen geplant. Dazu z\u00e4hlen Tierschutzbeauftragte f\u00fcr Tierversuche und Massnahmen gegen illegale Hundeimporte.\" \/>\n<meta name=\"robots\" content=\"index, follow, max-snippet:-1, max-image-preview:large, max-video-preview:-1\" \/>\n<link rel=\"canonical\" href=\"https:\/\/www.organisator.ch\/de\/allgemein\/2016-10-24\/tierrechte-werden-gestaerkt\/\" \/>\n<meta property=\"og:locale\" content=\"de_DE\" \/>\n<meta property=\"og:type\" content=\"article\" \/>\n<meta property=\"og:title\" content=\"Tierrechte werden gest\u00e4rkt - Organisator\" \/>\n<meta property=\"og:description\" content=\"Im Veterin\u00e4rbereich sind Neuerungen geplant. Dazu z\u00e4hlen Tierschutzbeauftragte f\u00fcr Tierversuche und Massnahmen gegen illegale Hundeimporte.\" \/>\n<meta property=\"og:url\" content=\"https:\/\/www.organisator.ch\/de\/allgemein\/2016-10-24\/tierrechte-werden-gestaerkt\/\" \/>\n<meta property=\"og:site_name\" content=\"Organisator\" \/>\n<meta property=\"article:publisher\" content=\"https:\/\/www.facebook.com\/OrganisatorFachmagazin\" \/>\n<meta property=\"article:published_time\" content=\"2016-10-24T14:28:52+00:00\" \/>\n<meta property=\"og:image\" content=\"https:\/\/www.organisator.ch\/wp-content\/uploads\/2016\/12\/Tierrechte-werden-gestaerkt-umweltperspektiven.jpg\" \/>\n\t<meta property=\"og:image:width\" content=\"1000\" \/>\n\t<meta property=\"og:image:height\" content=\"667\" \/>\n\t<meta property=\"og:image:type\" content=\"image\/jpeg\" \/>\n<meta name=\"author\" content=\"admin\" \/>\n<meta name=\"twitter:card\" content=\"summary_large_image\" \/>\n<script type=\"application\/ld+json\" class=\"yoast-schema-graph\">{\"@context\":\"https:\\\/\\\/schema.org\",\"@graph\":[{\"@type\":\"Article\",\"@id\":\"https:\\\/\\\/www.organisator.ch\\\/de\\\/allgemein\\\/2016-10-24\\\/tierrechte-werden-gestaerkt\\\/#article\",\"isPartOf\":{\"@id\":\"https:\\\/\\\/www.organisator.ch\\\/de\\\/allgemein\\\/2016-10-24\\\/tierrechte-werden-gestaerkt\\\/\"},\"author\":{\"name\":\"admin\",\"@id\":\"https:\\\/\\\/www.organisator.ch\\\/#\\\/schema\\\/person\\\/aa2bace6c5c5aad60102004a50c4eb1c\"},\"headline\":\"Tierrechte werden gest\u00e4rkt\",\"datePublished\":\"2016-10-24T14:28:52+00:00\",\"mainEntityOfPage\":{\"@id\":\"https:\\\/\\\/www.organisator.ch\\\/de\\\/allgemein\\\/2016-10-24\\\/tierrechte-werden-gestaerkt\\\/\"},\"wordCount\":370,\"commentCount\":0,\"publisher\":{\"@id\":\"https:\\\/\\\/www.organisator.ch\\\/#organization\"},\"image\":{\"@id\":\"https:\\\/\\\/www.organisator.ch\\\/de\\\/allgemein\\\/2016-10-24\\\/tierrechte-werden-gestaerkt\\\/#primaryimage\"},\"thumbnailUrl\":\"https:\\\/\\\/www.organisator.ch\\\/wp-content\\\/uploads\\\/2016\\\/12\\\/Tierrechte-werden-gestaerkt-umweltperspektiven.jpg\",\"keywords\":[\"Bund\",\"Tierversuche\",\"Veterin\u00e4rwesen\"],\"inLanguage\":\"de\"},{\"@type\":\"WebPage\",\"@id\":\"https:\\\/\\\/www.organisator.ch\\\/de\\\/allgemein\\\/2016-10-24\\\/tierrechte-werden-gestaerkt\\\/\",\"url\":\"https:\\\/\\\/www.organisator.ch\\\/de\\\/allgemein\\\/2016-10-24\\\/tierrechte-werden-gestaerkt\\\/\",\"name\":\"Tierrechte werden gest\u00e4rkt - Organisator\",\"isPartOf\":{\"@id\":\"https:\\\/\\\/www.organisator.ch\\\/#website\"},\"primaryImageOfPage\":{\"@id\":\"https:\\\/\\\/www.organisator.ch\\\/de\\\/allgemein\\\/2016-10-24\\\/tierrechte-werden-gestaerkt\\\/#primaryimage\"},\"image\":{\"@id\":\"https:\\\/\\\/www.organisator.ch\\\/de\\\/allgemein\\\/2016-10-24\\\/tierrechte-werden-gestaerkt\\\/#primaryimage\"},\"thumbnailUrl\":\"https:\\\/\\\/www.organisator.ch\\\/wp-content\\\/uploads\\\/2016\\\/12\\\/Tierrechte-werden-gestaerkt-umweltperspektiven.jpg\",\"datePublished\":\"2016-10-24T14:28:52+00:00\",\"description\":\"Im Veterin\u00e4rbereich sind Neuerungen geplant. Dazu z\u00e4hlen Tierschutzbeauftragte f\u00fcr Tierversuche und Massnahmen gegen illegale Hundeimporte.\",\"breadcrumb\":{\"@id\":\"https:\\\/\\\/www.organisator.ch\\\/de\\\/allgemein\\\/2016-10-24\\\/tierrechte-werden-gestaerkt\\\/#breadcrumb\"},\"inLanguage\":\"de\",\"potentialAction\":[{\"@type\":\"ReadAction\",\"target\":[\"https:\\\/\\\/www.organisator.ch\\\/de\\\/allgemein\\\/2016-10-24\\\/tierrechte-werden-gestaerkt\\\/\"]}]},{\"@type\":\"ImageObject\",\"inLanguage\":\"de\",\"@id\":\"https:\\\/\\\/www.organisator.ch\\\/de\\\/allgemein\\\/2016-10-24\\\/tierrechte-werden-gestaerkt\\\/#primaryimage\",\"url\":\"https:\\\/\\\/www.organisator.ch\\\/wp-content\\\/uploads\\\/2016\\\/12\\\/Tierrechte-werden-gestaerkt-umweltperspektiven.jpg\",\"contentUrl\":\"https:\\\/\\\/www.organisator.ch\\\/wp-content\\\/uploads\\\/2016\\\/12\\\/Tierrechte-werden-gestaerkt-umweltperspektiven.jpg\",\"width\":1000,\"height\":667,\"caption\":\"Der Bund will st\u00e4rker gegen illegalen Online-Handel mit Hunden vorgehen.\"},{\"@type\":\"BreadcrumbList\",\"@id\":\"https:\\\/\\\/www.organisator.ch\\\/de\\\/allgemein\\\/2016-10-24\\\/tierrechte-werden-gestaerkt\\\/#breadcrumb\",\"itemListElement\":[{\"@type\":\"ListItem\",\"position\":1,\"name\":\"Home\",\"item\":\"https:\\\/\\\/www.organisator.ch\\\/\"},{\"@type\":\"ListItem\",\"position\":2,\"name\":\"Tierrechte werden gest\u00e4rkt\"}]},{\"@type\":\"WebSite\",\"@id\":\"https:\\\/\\\/www.organisator.ch\\\/#website\",\"url\":\"https:\\\/\\\/www.organisator.ch\\\/\",\"name\":\"Organisator\",\"description\":\"Kompetent. Praxisnah. Der ORGANISATOR bereitet in 10 Ausgaben pro Jahr die wesentlichen Themen f\u00fcr F\u00fchrungskr\u00e4fte von KMU auf.\",\"publisher\":{\"@id\":\"https:\\\/\\\/www.organisator.ch\\\/#organization\"},\"potentialAction\":[{\"@type\":\"SearchAction\",\"target\":{\"@type\":\"EntryPoint\",\"urlTemplate\":\"https:\\\/\\\/www.organisator.ch\\\/?s={search_term_string}\"},\"query-input\":{\"@type\":\"PropertyValueSpecification\",\"valueRequired\":true,\"valueName\":\"search_term_string\"}}],\"inLanguage\":\"de\"},{\"@type\":\"Organization\",\"@id\":\"https:\\\/\\\/www.organisator.ch\\\/#organization\",\"name\":\"Organisator\",\"url\":\"https:\\\/\\\/www.organisator.ch\\\/\",\"logo\":{\"@type\":\"ImageObject\",\"inLanguage\":\"de\",\"@id\":\"https:\\\/\\\/www.organisator.ch\\\/#\\\/schema\\\/logo\\\/image\\\/\",\"url\":\"https:\\\/\\\/www.organisator.ch\\\/wp-content\\\/uploads\\\/2022\\\/01\\\/Logo_Organisator_Website.png\",\"contentUrl\":\"https:\\\/\\\/www.organisator.ch\\\/wp-content\\\/uploads\\\/2022\\\/01\\\/Logo_Organisator_Website.png\",\"width\":800,\"height\":77,\"caption\":\"Organisator\"},\"image\":{\"@id\":\"https:\\\/\\\/www.organisator.ch\\\/#\\\/schema\\\/logo\\\/image\\\/\"},\"sameAs\":[\"https:\\\/\\\/www.facebook.com\\\/OrganisatorFachmagazin\",\"https:\\\/\\\/www.linkedin.com\\\/showcase\\\/organisator-das-magazin-fr-kmu\",\"https:\\\/\\\/www.xing.com\\\/news\\\/pages\\\/organisator-ch-695\",\"https:\\\/\\\/www.youtube.com\\\/channel\\\/UCGP2Sq0iWaZwT3BdIAQFYpw\"]},{\"@type\":\"Person\",\"@id\":\"https:\\\/\\\/www.organisator.ch\\\/#\\\/schema\\\/person\\\/aa2bace6c5c5aad60102004a50c4eb1c\",\"name\":\"admin\",\"image\":{\"@type\":\"ImageObject\",\"inLanguage\":\"de\",\"@id\":\"https:\\\/\\\/secure.gravatar.com\\\/avatar\\\/ae2f4d718e6c49043e314ce431e7e645d646302a24a5ef5a8bc8e3f5a032e319?s=96&d=mm&r=g\",\"url\":\"https:\\\/\\\/secure.gravatar.com\\\/avatar\\\/ae2f4d718e6c49043e314ce431e7e645d646302a24a5ef5a8bc8e3f5a032e319?s=96&d=mm&r=g\",\"contentUrl\":\"https:\\\/\\\/secure.gravatar.com\\\/avatar\\\/ae2f4d718e6c49043e314ce431e7e645d646302a24a5ef5a8bc8e3f5a032e319?s=96&d=mm&r=g\",\"caption\":\"admin\"},\"sameAs\":[\"https:\\\/\\\/www.organisator.ch\"],\"url\":\"https:\\\/\\\/www.organisator.ch\\\/de\\\/author\\\/admin\\\/\"}]}<\/script>\n<!-- \/ Yoast SEO plugin. -->","yoast_head_json":{"title":"Tierrechte werden gest\u00e4rkt - Organisator","description":"Im Veterin\u00e4rbereich sind Neuerungen geplant. Dazu z\u00e4hlen Tierschutzbeauftragte f\u00fcr Tierversuche und Massnahmen gegen illegale Hundeimporte.","robots":{"index":"index","follow":"follow","max-snippet":"max-snippet:-1","max-image-preview":"max-image-preview:large","max-video-preview":"max-video-preview:-1"},"canonical":"https:\/\/www.organisator.ch\/de\/allgemein\/2016-10-24\/tierrechte-werden-gestaerkt\/","og_locale":"de_DE","og_type":"article","og_title":"Tierrechte werden gest\u00e4rkt - Organisator","og_description":"Im Veterin\u00e4rbereich sind Neuerungen geplant. Dazu z\u00e4hlen Tierschutzbeauftragte f\u00fcr Tierversuche und Massnahmen gegen illegale Hundeimporte.","og_url":"https:\/\/www.organisator.ch\/de\/allgemein\/2016-10-24\/tierrechte-werden-gestaerkt\/","og_site_name":"Organisator","article_publisher":"https:\/\/www.facebook.com\/OrganisatorFachmagazin","article_published_time":"2016-10-24T14:28:52+00:00","og_image":[{"width":1000,"height":667,"url":"https:\/\/www.organisator.ch\/wp-content\/uploads\/2016\/12\/Tierrechte-werden-gestaerkt-umweltperspektiven.jpg","type":"image\/jpeg"}],"author":"admin","twitter_card":"summary_large_image","schema":{"@context":"https:\/\/schema.org","@graph":[{"@type":"Article","@id":"https:\/\/www.organisator.ch\/de\/allgemein\/2016-10-24\/tierrechte-werden-gestaerkt\/#article","isPartOf":{"@id":"https:\/\/www.organisator.ch\/de\/allgemein\/2016-10-24\/tierrechte-werden-gestaerkt\/"},"author":{"name":"admin","@id":"https:\/\/www.organisator.ch\/#\/schema\/person\/aa2bace6c5c5aad60102004a50c4eb1c"},"headline":"Tierrechte werden gest\u00e4rkt","datePublished":"2016-10-24T14:28:52+00:00","mainEntityOfPage":{"@id":"https:\/\/www.organisator.ch\/de\/allgemein\/2016-10-24\/tierrechte-werden-gestaerkt\/"},"wordCount":370,"commentCount":0,"publisher":{"@id":"https:\/\/www.organisator.ch\/#organization"},"image":{"@id":"https:\/\/www.organisator.ch\/de\/allgemein\/2016-10-24\/tierrechte-werden-gestaerkt\/#primaryimage"},"thumbnailUrl":"https:\/\/www.organisator.ch\/wp-content\/uploads\/2016\/12\/Tierrechte-werden-gestaerkt-umweltperspektiven.jpg","keywords":["Bund","Tierversuche","Veterin\u00e4rwesen"],"inLanguage":"de"},{"@type":"WebPage","@id":"https:\/\/www.organisator.ch\/de\/allgemein\/2016-10-24\/tierrechte-werden-gestaerkt\/","url":"https:\/\/www.organisator.ch\/de\/allgemein\/2016-10-24\/tierrechte-werden-gestaerkt\/","name":"Tierrechte werden gest\u00e4rkt - Organisator","isPartOf":{"@id":"https:\/\/www.organisator.ch\/#website"},"primaryImageOfPage":{"@id":"https:\/\/www.organisator.ch\/de\/allgemein\/2016-10-24\/tierrechte-werden-gestaerkt\/#primaryimage"},"image":{"@id":"https:\/\/www.organisator.ch\/de\/allgemein\/2016-10-24\/tierrechte-werden-gestaerkt\/#primaryimage"},"thumbnailUrl":"https:\/\/www.organisator.ch\/wp-content\/uploads\/2016\/12\/Tierrechte-werden-gestaerkt-umweltperspektiven.jpg","datePublished":"2016-10-24T14:28:52+00:00","description":"Im Veterin\u00e4rbereich sind Neuerungen geplant. Dazu z\u00e4hlen Tierschutzbeauftragte f\u00fcr Tierversuche und Massnahmen gegen illegale Hundeimporte.","breadcrumb":{"@id":"https:\/\/www.organisator.ch\/de\/allgemein\/2016-10-24\/tierrechte-werden-gestaerkt\/#breadcrumb"},"inLanguage":"de","potentialAction":[{"@type":"ReadAction","target":["https:\/\/www.organisator.ch\/de\/allgemein\/2016-10-24\/tierrechte-werden-gestaerkt\/"]}]},{"@type":"ImageObject","inLanguage":"de","@id":"https:\/\/www.organisator.ch\/de\/allgemein\/2016-10-24\/tierrechte-werden-gestaerkt\/#primaryimage","url":"https:\/\/www.organisator.ch\/wp-content\/uploads\/2016\/12\/Tierrechte-werden-gestaerkt-umweltperspektiven.jpg","contentUrl":"https:\/\/www.organisator.ch\/wp-content\/uploads\/2016\/12\/Tierrechte-werden-gestaerkt-umweltperspektiven.jpg","width":1000,"height":667,"caption":"Der Bund will st\u00e4rker gegen illegalen Online-Handel mit Hunden vorgehen."},{"@type":"BreadcrumbList","@id":"https:\/\/www.organisator.ch\/de\/allgemein\/2016-10-24\/tierrechte-werden-gestaerkt\/#breadcrumb","itemListElement":[{"@type":"ListItem","position":1,"name":"Home","item":"https:\/\/www.organisator.ch\/"},{"@type":"ListItem","position":2,"name":"Tierrechte werden gest\u00e4rkt"}]},{"@type":"WebSite","@id":"https:\/\/www.organisator.ch\/#website","url":"https:\/\/www.organisator.ch\/","name":"Organisator","description":"Kompetent. Praxisnah. Der ORGANISATOR bereitet in 10 Ausgaben pro Jahr die wesentlichen Themen f\u00fcr F\u00fchrungskr\u00e4fte von KMU auf.","publisher":{"@id":"https:\/\/www.organisator.ch\/#organization"},"potentialAction":[{"@type":"SearchAction","target":{"@type":"EntryPoint","urlTemplate":"https:\/\/www.organisator.ch\/?s={search_term_string}"},"query-input":{"@type":"PropertyValueSpecification","valueRequired":true,"valueName":"search_term_string"}}],"inLanguage":"de"},{"@type":"Organization","@id":"https:\/\/www.organisator.ch\/#organization","name":"Organisator","url":"https:\/\/www.organisator.ch\/","logo":{"@type":"ImageObject","inLanguage":"de","@id":"https:\/\/www.organisator.ch\/#\/schema\/logo\/image\/","url":"https:\/\/www.organisator.ch\/wp-content\/uploads\/2022\/01\/Logo_Organisator_Website.png","contentUrl":"https:\/\/www.organisator.ch\/wp-content\/uploads\/2022\/01\/Logo_Organisator_Website.png","width":800,"height":77,"caption":"Organisator"},"image":{"@id":"https:\/\/www.organisator.ch\/#\/schema\/logo\/image\/"},"sameAs":["https:\/\/www.facebook.com\/OrganisatorFachmagazin","https:\/\/www.linkedin.com\/showcase\/organisator-das-magazin-fr-kmu","https:\/\/www.xing.com\/news\/pages\/organisator-ch-695","https:\/\/www.youtube.com\/channel\/UCGP2Sq0iWaZwT3BdIAQFYpw"]},{"@type":"Person","@id":"https:\/\/www.organisator.ch\/#\/schema\/person\/aa2bace6c5c5aad60102004a50c4eb1c","name":"admin","image":{"@type":"ImageObject","inLanguage":"de","@id":"https:\/\/secure.gravatar.com\/avatar\/ae2f4d718e6c49043e314ce431e7e645d646302a24a5ef5a8bc8e3f5a032e319?s=96&d=mm&r=g","url":"https:\/\/secure.gravatar.com\/avatar\/ae2f4d718e6c49043e314ce431e7e645d646302a24a5ef5a8bc8e3f5a032e319?s=96&d=mm&r=g","contentUrl":"https:\/\/secure.gravatar.com\/avatar\/ae2f4d718e6c49043e314ce431e7e645d646302a24a5ef5a8bc8e3f5a032e319?s=96&d=mm&r=g","caption":"admin"},"sameAs":["https:\/\/www.organisator.ch"],"url":"https:\/\/www.organisator.ch\/de\/author\/admin\/"}]}},"_links":{"self":[{"href":"https:\/\/www.organisator.ch\/de\/wp-json\/wp\/v2\/posts\/561","targetHints":{"allow":["GET"]}}],"collection":[{"href":"https:\/\/www.organisator.ch\/de\/wp-json\/wp\/v2\/posts"}],"about":[{"href":"https:\/\/www.organisator.ch\/de\/wp-json\/wp\/v2\/types\/post"}],"author":[{"embeddable":true,"href":"https:\/\/www.organisator.ch\/de\/wp-json\/wp\/v2\/users\/1"}],"replies":[{"embeddable":true,"href":"https:\/\/www.organisator.ch\/de\/wp-json\/wp\/v2\/comments?post=561"}],"version-history":[{"count":0,"href":"https:\/\/www.organisator.ch\/de\/wp-json\/wp\/v2\/posts\/561\/revisions"}],"wp:featuredmedia":[{"embeddable":true,"href":"https:\/\/www.organisator.ch\/de\/wp-json\/wp\/v2\/media\/9428"}],"wp:attachment":[{"href":"https:\/\/www.organisator.ch\/de\/wp-json\/wp\/v2\/media?parent=561"}],"wp:term":[{"taxonomy":"category","embeddable":true,"href":"https:\/\/www.organisator.ch\/de\/wp-json\/wp\/v2\/categories?post=561"},{"taxonomy":"post_tag","embeddable":true,"href":"https:\/\/www.organisator.ch\/de\/wp-json\/wp\/v2\/tags?post=561"}],"curies":[{"name":"wp","href":"https:\/\/api.w.org\/{rel}","templated":true}]}}