{"id":5612,"date":"2019-07-31T09:11:32","date_gmt":"2019-07-31T07:11:32","guid":{"rendered":"https:\/\/www.organisator.ch\/?p=5612"},"modified":"2019-07-31T09:11:32","modified_gmt":"2019-07-31T07:11:32","slug":"unternehmensflotten-leisten-beitrag-zur-energiewende","status":"publish","type":"post","link":"https:\/\/www.organisator.ch\/de\/management\/finanzen_recht\/2019-07-31\/unternehmensflotten-leisten-beitrag-zur-energiewende\/","title":{"rendered":"Unternehmensflotten leisten Beitrag zur Energiewende"},"content":{"rendered":"<figure id=\"attachment_5613\" aria-describedby=\"caption-attachment-5613\" style=\"width: 680px\" class=\"wp-caption alignnone\"><img loading=\"lazy\" decoding=\"async\" class=\"size-medium wp-image-5613\" src=\"https:\/\/www.organisator.ch\/wp-content\/uploads\/2019\/07\/Unternehmensflotten-leisten-Beitrag-zur-Energiewende-3_Organisator.jpg\" alt=\"\" width=\"680\" height=\"439\" srcset=\"https:\/\/www.organisator.ch\/wp-content\/uploads\/2019\/07\/Unternehmensflotten-leisten-Beitrag-zur-Energiewende-3_Organisator.jpg 680w, https:\/\/www.organisator.ch\/wp-content\/uploads\/2019\/07\/Unternehmensflotten-leisten-Beitrag-zur-Energiewende-3_Organisator-16x10.jpg 16w, https:\/\/www.organisator.ch\/wp-content\/uploads\/2019\/07\/Unternehmensflotten-leisten-Beitrag-zur-Energiewende-3_Organisator-271x175.jpg 271w, https:\/\/www.organisator.ch\/wp-content\/uploads\/2019\/07\/Unternehmensflotten-leisten-Beitrag-zur-Energiewende-3_Organisator-542x350.jpg 542w, https:\/\/www.organisator.ch\/wp-content\/uploads\/2019\/07\/Unternehmensflotten-leisten-Beitrag-zur-Energiewende-3_Organisator-300x194.jpg 300w\" sizes=\"auto, (max-width: 680px) 100vw, 680px\" \/><figcaption id=\"caption-attachment-5613\" class=\"wp-caption-text\">Schweizer Firmen setzen bei ihren Unternehmensflotten zunehmend auf Nachhaltigkeit. (Bild: Pixabay.com)<\/figcaption><\/figure>\n<p>Schweizer Unternehmen arbeiten entschlossen an der Energiewende. Dies geht aus dem Fleet Barometer 2019 hervor, einer Studie, die seit 2002 j\u00e4hrlich von Arval, einer der f\u00fchrenden europ\u00e4ischen Spezialisten f\u00fcr Full-Service-Leasing und Flottenmanagement, durchgef\u00fchrt wird. <span lang=\"PT\">Arval Mobility Observatory ist ein Think Tank in den Bereichen Flotte und Mobilit\u00e4t. <\/span>Die seit 2002 j\u00e4hrlich in Europa, Grossbritannien und der Schweiz durchgef\u00fchrte Studie \u00abFleet Barometer\u00bb stellt detaillierte und genaue Informationen zu Trends bei Unternehmensflotten bereit.<\/p>\n<h2><b>E-Mobile in Unternehmensflotten auf dem Vormarsch<\/b><\/h2>\n<p>Bereits 23% der Schweizer Unternehmen haben ein elektrifiziertes Fahrzeug (vollelektrisch, Hybrid oder Plug-in Hybrid) in ihre Flotte integriert. Im Segment der gr\u00f6ssten Unternehmen (500 Mitarbeitende oder mehr) liegt dieser Wert sogar bei 56%. Wenn Unternehmen gefragt werden, wo sie sich selbst in drei Jahren sehen, ergeben sich noch deutlich h\u00f6here Werte: Neben den 23% der Unternehmen, die bereits elektrifizierte Fahrzeuge haben, \u00fcberlegen weitere 22% der Unternehmen, ihre Flotte entsprechend auszustatten. Potenziell werden also 45% der Unternehmen innerhalb der n\u00e4chsten drei Jahre alternative Energien in ihre Flotten einbinden. Bei Unternehmen mit 500 oder mehr Mitarbeitenden steigt dieser Wert auf 72%. Den Umstieg auf eine elektrifizierte Flotte planen die Schweizer Unternehmen, auch gem\u00e4ss dem aktuellen Produktangebot im Markt, zu 32% mittels voll elektrischer Fahrzeuge, zu 30% mit Hybrid- und zu 19% mit Plug-in Hybrid-Fahrzeugen.<\/p>\n<figure id=\"attachment_5614\" aria-describedby=\"caption-attachment-5614\" style=\"width: 680px\" class=\"wp-caption alignnone\"><img loading=\"lazy\" decoding=\"async\" class=\"size-medium wp-image-5614\" src=\"https:\/\/www.organisator.ch\/wp-content\/uploads\/2019\/07\/Unternehmensflotten-leisten-Beitrag-zur-Energiewende-1_Organisator.jpg\" alt=\"\" width=\"680\" height=\"357\" srcset=\"https:\/\/www.organisator.ch\/wp-content\/uploads\/2019\/07\/Unternehmensflotten-leisten-Beitrag-zur-Energiewende-1_Organisator.jpg 680w, https:\/\/www.organisator.ch\/wp-content\/uploads\/2019\/07\/Unternehmensflotten-leisten-Beitrag-zur-Energiewende-1_Organisator-16x8.jpg 16w, https:\/\/www.organisator.ch\/wp-content\/uploads\/2019\/07\/Unternehmensflotten-leisten-Beitrag-zur-Energiewende-1_Organisator-333x175.jpg 333w, https:\/\/www.organisator.ch\/wp-content\/uploads\/2019\/07\/Unternehmensflotten-leisten-Beitrag-zur-Energiewende-1_Organisator-667x350.jpg 667w, https:\/\/www.organisator.ch\/wp-content\/uploads\/2019\/07\/Unternehmensflotten-leisten-Beitrag-zur-Energiewende-1_Organisator-300x158.jpg 300w\" sizes=\"auto, (max-width: 680px) 100vw, 680px\" \/><figcaption id=\"caption-attachment-5614\" class=\"wp-caption-text\">(Quelle: Arval)<\/figcaption><\/figure>\n<h2>Starkes Engagement zur Senkung der CO2-Emissionen<\/h2>\n<p>Jedes zweite Unternehmen (51%) f\u00fchrt Massnahmen zur Senkung der Flottenemissionswerte durch. Unter den gr\u00f6ssten Unternehmen (500 Mitarbeitende oder mehr) steigt dieser Wert sogar auf 71%. Diese Werte liegen im europ\u00e4ischen Durchschnitt, w\u00e4hrend die Besteuerung von Flottenfahrzeugen in der Schweiz wesentlich weniger auf CO2-Emissionen beruht als in anderen L\u00e4ndern.\u00a0Der nachhaltige Aspekt spiegelt sich in der Tatsache wider, dass die Schweizer Unternehmen neben den maximalen CO2-Emissionszielen im Rahmen ihrer Automobilpolitik auch die Feinstaub- und NOx-Emissionen (Stickoxide) begrenzen. 27% der Schweizer Unternehmen gaben an, dass ihre Fahrzeugpolitik bereits von den Ergebnissen der neuen WLTP-Tests (Worldwide Harmonized Light-Duty Vehicles Test Procedure, gesetzlich vorgeschriebenes Testverfahren f\u00fcr Kraftstoffverbrauch und Abgasgrenzwerte) beeinflusst worden ist. In den n\u00e4chsten drei Jahren d\u00fcrften mehr als die H\u00e4lfte (52%) der Schweizer Unternehmen die Ergebnisse dieser Tests f\u00fcr ihre Fahrzeugpolitik anerkennen. Auf die Frage, was sie tun w\u00fcrden, wenn die Automobilhersteller Dieselfahrzeuge mit den gleichen Schadstoff- und Feinstaubemissionen wie Benzinfahrzeuge anbieten k\u00f6nnten, gaben sie an, dass sie den Dieselanteil in ihren Flotten noch weiter reduzieren w\u00fcrden, sodass sie Fahrzeuge mit alternativen Energien in ihren Mix aufnehmen k\u00f6nnten.<\/p>\n<h2>Alternative Mobilit\u00e4tsl\u00f6sungen liegen im Trend<\/h2>\n<p>Eine weitere Erkenntnis aus der Studie: Schweizer Unternehmen befassen sich aktiv mit den vielf\u00e4ltigen Herausforderungen, welche die Mobilit\u00e4t an ihre Mitarbeitenden stellt. So erkennen sie die Bedeutung von Firmenfahrzeugen f\u00fcr die Mobilit\u00e4t der Mitarbeitenden an und gehen weiterhin von einem Wachstum ihrer Flotten aus. Die Unternehmen setzen Firmenfahrzeuge nach wie vor als Element der Personalpolitik ein, um Talente auf allen Stufen f\u00fcr das Unternehmen zu gewinnen und zu binden. Der Anteil dieser Unternehmen war im vergangenen Jahr jedoch r\u00fcckl\u00e4ufig. Unternehmen wollen zudem die Mobilit\u00e4ts-Umweltbilanz ihrer Mitarbeitenden optimieren. Infolgedessen sind Schweizer Unternehmen gegen\u00fcber alternativen Mobilit\u00e4tsl\u00f6sungen wie Fahrgemeinschaften und Car-Sharing \u2013 verbunden mit einer entsprechenden Verkleinerung des Fuhrparks \u2013 besonders positiv eingestellt: Der Anteil der Unternehmen, die solche alternativen Mobilit\u00e4tsl\u00f6sungen bereits implementiert haben oder implementieren wollen, ist in der Schweiz hoch (34% respektive 36%) und zeigt seit 2018 einen deutlichen Aufw\u00e4rtstrend. Die Schweiz ist diesbez\u00fcglich den anderen europ\u00e4ischen L\u00e4ndern weit voraus: Rang 1 von 12 beim Car-Sharing und 3 von 12 bei Fahrgemeinschaften \u2013 dies bedeutet eine Verbesserung um jeweils f\u00fcnf Pl\u00e4tze respektive einen Platz im Vergleich zu 2018.<\/p>\n<figure id=\"attachment_5615\" aria-describedby=\"caption-attachment-5615\" style=\"width: 680px\" class=\"wp-caption alignnone\"><img loading=\"lazy\" decoding=\"async\" class=\"size-medium wp-image-5615\" src=\"https:\/\/www.organisator.ch\/wp-content\/uploads\/2019\/07\/Unternehmensflotten-leisten-Beitrag-zur-Energiewende-2_Organisator.jpg\" alt=\"\" width=\"680\" height=\"358\" srcset=\"https:\/\/www.organisator.ch\/wp-content\/uploads\/2019\/07\/Unternehmensflotten-leisten-Beitrag-zur-Energiewende-2_Organisator.jpg 680w, https:\/\/www.organisator.ch\/wp-content\/uploads\/2019\/07\/Unternehmensflotten-leisten-Beitrag-zur-Energiewende-2_Organisator-16x8.jpg 16w, https:\/\/www.organisator.ch\/wp-content\/uploads\/2019\/07\/Unternehmensflotten-leisten-Beitrag-zur-Energiewende-2_Organisator-332x175.jpg 332w, https:\/\/www.organisator.ch\/wp-content\/uploads\/2019\/07\/Unternehmensflotten-leisten-Beitrag-zur-Energiewende-2_Organisator-665x350.jpg 665w, https:\/\/www.organisator.ch\/wp-content\/uploads\/2019\/07\/Unternehmensflotten-leisten-Beitrag-zur-Energiewende-2_Organisator-300x158.jpg 300w\" sizes=\"auto, (max-width: 680px) 100vw, 680px\" \/><figcaption id=\"caption-attachment-5615\" class=\"wp-caption-text\">(Quelle: Arval)<\/figcaption><\/figure>\n<h2>Schweizer Unternehmen erw\u00e4gen Mobilit\u00e4tsbudget<\/h2>\n<p>30% der Schweizer Unternehmen (+12 Punkte gegen\u00fcber dem europ\u00e4ischen Durchschnitt) haben oder planen umfassende Mobilit\u00e4tsans\u00e4tze wie das Mobilit\u00e4tsbudget, \u00e4hnlich dem von den SBB lancierten Angebot SBB Green Class, bei welchem Arval als strategischer Partner agiert. Das Mobilit\u00e4tsbudget erm\u00f6glicht es, den Mitarbeitenden innerhalb eines vorgegebenen Budgets nutzerzentrierte Mobilit\u00e4tsl\u00f6sungen anzubieten. Neben dem Firmenwagen haben die Mitarbeitenden Zugang zu L\u00f6sungen wie Elektrofahrzeugen, Z\u00fcgen, P+Rail-Parkpl\u00e4tzen und weiteren Dienstleistungen (Taxi, Kurzzeitmiete, \u00f6ffentlicher Nahverkehr usw.). Gem\u00e4ss der Befragung haben\u00a041% der Unternehmen mit mehr als 500 Mitarbeitenden bereits Mobilit\u00e4tsbudgets eingerichtet oder Interesse daran (+11 Punkte gegen\u00fcber 2018). 21% gaben an, dass solche Ans\u00e4tze ihnen durchaus erm\u00f6glichen k\u00f6nnten, ihre Flottengr\u00f6sse zu reduzieren, indem Fahrzeuge ersetzt werden, die zuvor individuell zugewiesen worden sind.<\/p>\n<p><em>Quelle: <a href=\"http:\/\/www.arval.ch\">Arval<\/a><\/em><\/p>\n","protected":false},"excerpt":{"rendered":"<p>Schweizer Unternehmen arbeiten entschlossen an der Energiewende. Dies geht aus dem Fleet Barometer 2019 hervor, einer Studie, die seit 2002 j\u00e4hrlich von Arval, einer der f\u00fchrenden europ\u00e4ischen Spezialisten f\u00fcr Full-Service-Leasing und Flottenmanagement, durchgef\u00fchrt wird. Arval Mobility Observatory ist ein Think Tank in den Bereichen Flotte und Mobilit\u00e4t. Die seit 2002 j\u00e4hrlich in Europa, Grossbritannien und [&hellip;]<\/p>\n","protected":false},"author":4,"featured_media":5613,"comment_status":"open","ping_status":"open","sticky":false,"template":"","format":"standard","meta":{"_acf_changed":false,"_yoast_wpseo_focuskw":"Unternehmensflotten","_yoast_wpseo_metadesc":"Schweizer Firmen machen ihre Unternehmensflotten fit f\u00fcr die Energiewende. 23% der Schweizer Unternehmen haben mindestens ein E-Fahrzeug in ihrer Flotte.","articlekey":"","footnotes":""},"categories":[24],"tags":[212,354,459],"class_list":["post-5612","post","type-post","status-publish","format-standard","has-post-thumbnail","hentry","category-finanzen_recht","tag-flottenmanagement","tag-mobilitaet","tag-studie"],"acf":[],"yoast_head":"<!-- This site is optimized with the Yoast SEO plugin v27.5 - https:\/\/yoast.com\/product\/yoast-seo-wordpress\/ -->\n<title>Unternehmensflotten leisten Beitrag zur Energiewende - Organisator<\/title>\n<meta name=\"description\" content=\"Schweizer Firmen machen ihre Unternehmensflotten fit f\u00fcr die Energiewende. 23% der Schweizer Unternehmen haben mindestens ein E-Fahrzeug in ihrer Flotte.\" \/>\n<meta name=\"robots\" content=\"index, follow, max-snippet:-1, max-image-preview:large, max-video-preview:-1\" \/>\n<link rel=\"canonical\" href=\"https:\/\/www.organisator.ch\/de\/management\/finanzen_recht\/2019-07-31\/unternehmensflotten-leisten-beitrag-zur-energiewende\/\" \/>\n<meta property=\"og:locale\" content=\"de_DE\" \/>\n<meta property=\"og:type\" content=\"article\" \/>\n<meta property=\"og:title\" content=\"Unternehmensflotten leisten Beitrag zur Energiewende\" \/>\n<meta property=\"og:description\" content=\"Schweizer Firmen machen ihre Unternehmensflotten fit f\u00fcr die Energiewende. 23% der Schweizer Unternehmen haben mindestens ein E-Fahrzeug in ihrer Flotte.\" \/>\n<meta property=\"og:url\" content=\"https:\/\/www.organisator.ch\/de\/management\/finanzen_recht\/2019-07-31\/unternehmensflotten-leisten-beitrag-zur-energiewende\/\" \/>\n<meta property=\"og:site_name\" content=\"Organisator\" \/>\n<meta property=\"article:publisher\" content=\"https:\/\/www.facebook.com\/OrganisatorFachmagazin\" \/>\n<meta property=\"article:published_time\" content=\"2019-07-31T07:11:32+00:00\" \/>\n<meta property=\"og:image\" content=\"https:\/\/www.organisator.ch\/wp-content\/uploads\/2019\/07\/Unternehmensflotten-leisten-Beitrag-zur-Energiewende-3_Organisator.jpg\" \/>\n\t<meta property=\"og:image:width\" content=\"680\" \/>\n\t<meta property=\"og:image:height\" content=\"439\" \/>\n\t<meta property=\"og:image:type\" content=\"image\/jpeg\" \/>\n<meta name=\"author\" content=\"thomas.berner\" \/>\n<meta name=\"twitter:card\" content=\"summary_large_image\" \/>\n<meta name=\"twitter:title\" content=\"#Unternehmensflotten leisten Beitrag zur #Energiewende\" \/>\n<meta name=\"twitter:description\" content=\"Schweizer Firmen machen ihre #Unternehmensflotten fit f\u00fcr die #Energiewende. 23% der Schweizer Unternehmen haben mindestens ein E-Fahrzeug in ihrer Flotte.\" \/>\n<meta name=\"twitter:image\" content=\"https:\/\/www.organisator.ch\/wp-content\/uploads\/2019\/07\/Unternehmensflotten-leisten-Beitrag-zur-Energiewende-3_Organisator.jpg\" \/>\n<script type=\"application\/ld+json\" class=\"yoast-schema-graph\">{\"@context\":\"https:\\\/\\\/schema.org\",\"@graph\":[{\"@type\":\"Article\",\"@id\":\"https:\\\/\\\/www.organisator.ch\\\/management\\\/finanzen_recht\\\/2019-07-31\\\/unternehmensflotten-leisten-beitrag-zur-energiewende\\\/#article\",\"isPartOf\":{\"@id\":\"https:\\\/\\\/www.organisator.ch\\\/management\\\/finanzen_recht\\\/2019-07-31\\\/unternehmensflotten-leisten-beitrag-zur-energiewende\\\/\"},\"author\":{\"name\":\"thomas.berner\",\"@id\":\"https:\\\/\\\/www.organisator.ch\\\/#\\\/schema\\\/person\\\/6f650f90b2842cd4c0cc334b4e36f67e\"},\"headline\":\"Unternehmensflotten leisten Beitrag zur Energiewende\",\"datePublished\":\"2019-07-31T07:11:32+00:00\",\"mainEntityOfPage\":{\"@id\":\"https:\\\/\\\/www.organisator.ch\\\/management\\\/finanzen_recht\\\/2019-07-31\\\/unternehmensflotten-leisten-beitrag-zur-energiewende\\\/\"},\"wordCount\":771,\"commentCount\":0,\"publisher\":{\"@id\":\"https:\\\/\\\/www.organisator.ch\\\/#organization\"},\"image\":{\"@id\":\"https:\\\/\\\/www.organisator.ch\\\/management\\\/finanzen_recht\\\/2019-07-31\\\/unternehmensflotten-leisten-beitrag-zur-energiewende\\\/#primaryimage\"},\"thumbnailUrl\":\"https:\\\/\\\/www.organisator.ch\\\/wp-content\\\/uploads\\\/2019\\\/07\\\/Unternehmensflotten-leisten-Beitrag-zur-Energiewende-3_Organisator.jpg\",\"keywords\":[\"Flottenmanagement\",\"Mobilit\u00e4t\",\"Studie\"],\"articleSection\":[\"FINANZEN\\\/RECHT\"],\"inLanguage\":\"de\"},{\"@type\":\"WebPage\",\"@id\":\"https:\\\/\\\/www.organisator.ch\\\/management\\\/finanzen_recht\\\/2019-07-31\\\/unternehmensflotten-leisten-beitrag-zur-energiewende\\\/\",\"url\":\"https:\\\/\\\/www.organisator.ch\\\/management\\\/finanzen_recht\\\/2019-07-31\\\/unternehmensflotten-leisten-beitrag-zur-energiewende\\\/\",\"name\":\"Unternehmensflotten leisten Beitrag zur Energiewende - Organisator\",\"isPartOf\":{\"@id\":\"https:\\\/\\\/www.organisator.ch\\\/#website\"},\"primaryImageOfPage\":{\"@id\":\"https:\\\/\\\/www.organisator.ch\\\/management\\\/finanzen_recht\\\/2019-07-31\\\/unternehmensflotten-leisten-beitrag-zur-energiewende\\\/#primaryimage\"},\"image\":{\"@id\":\"https:\\\/\\\/www.organisator.ch\\\/management\\\/finanzen_recht\\\/2019-07-31\\\/unternehmensflotten-leisten-beitrag-zur-energiewende\\\/#primaryimage\"},\"thumbnailUrl\":\"https:\\\/\\\/www.organisator.ch\\\/wp-content\\\/uploads\\\/2019\\\/07\\\/Unternehmensflotten-leisten-Beitrag-zur-Energiewende-3_Organisator.jpg\",\"datePublished\":\"2019-07-31T07:11:32+00:00\",\"description\":\"Schweizer Firmen machen ihre Unternehmensflotten fit f\u00fcr die Energiewende. 23% der Schweizer Unternehmen haben mindestens ein E-Fahrzeug in ihrer Flotte.\",\"breadcrumb\":{\"@id\":\"https:\\\/\\\/www.organisator.ch\\\/management\\\/finanzen_recht\\\/2019-07-31\\\/unternehmensflotten-leisten-beitrag-zur-energiewende\\\/#breadcrumb\"},\"inLanguage\":\"de\",\"potentialAction\":[{\"@type\":\"ReadAction\",\"target\":[\"https:\\\/\\\/www.organisator.ch\\\/management\\\/finanzen_recht\\\/2019-07-31\\\/unternehmensflotten-leisten-beitrag-zur-energiewende\\\/\"]}]},{\"@type\":\"ImageObject\",\"inLanguage\":\"de\",\"@id\":\"https:\\\/\\\/www.organisator.ch\\\/management\\\/finanzen_recht\\\/2019-07-31\\\/unternehmensflotten-leisten-beitrag-zur-energiewende\\\/#primaryimage\",\"url\":\"https:\\\/\\\/www.organisator.ch\\\/wp-content\\\/uploads\\\/2019\\\/07\\\/Unternehmensflotten-leisten-Beitrag-zur-Energiewende-3_Organisator.jpg\",\"contentUrl\":\"https:\\\/\\\/www.organisator.ch\\\/wp-content\\\/uploads\\\/2019\\\/07\\\/Unternehmensflotten-leisten-Beitrag-zur-Energiewende-3_Organisator.jpg\",\"width\":680,\"height\":439,\"caption\":\"Schweizer Firmen setzen bei ihren Unternehmensflotten zunehmend auf Nachhaltigkeit. (Bild: Pixabay.com)\"},{\"@type\":\"BreadcrumbList\",\"@id\":\"https:\\\/\\\/www.organisator.ch\\\/management\\\/finanzen_recht\\\/2019-07-31\\\/unternehmensflotten-leisten-beitrag-zur-energiewende\\\/#breadcrumb\",\"itemListElement\":[{\"@type\":\"ListItem\",\"position\":1,\"name\":\"Home\",\"item\":\"https:\\\/\\\/www.organisator.ch\\\/\"},{\"@type\":\"ListItem\",\"position\":2,\"name\":\"Unternehmensflotten leisten Beitrag zur Energiewende\"}]},{\"@type\":\"WebSite\",\"@id\":\"https:\\\/\\\/www.organisator.ch\\\/#website\",\"url\":\"https:\\\/\\\/www.organisator.ch\\\/\",\"name\":\"Organisator\",\"description\":\"Kompetent. Praxisnah. Der ORGANISATOR bereitet in 10 Ausgaben pro Jahr die wesentlichen Themen f\u00fcr F\u00fchrungskr\u00e4fte von KMU auf.\",\"publisher\":{\"@id\":\"https:\\\/\\\/www.organisator.ch\\\/#organization\"},\"potentialAction\":[{\"@type\":\"SearchAction\",\"target\":{\"@type\":\"EntryPoint\",\"urlTemplate\":\"https:\\\/\\\/www.organisator.ch\\\/?s={search_term_string}\"},\"query-input\":{\"@type\":\"PropertyValueSpecification\",\"valueRequired\":true,\"valueName\":\"search_term_string\"}}],\"inLanguage\":\"de\"},{\"@type\":\"Organization\",\"@id\":\"https:\\\/\\\/www.organisator.ch\\\/#organization\",\"name\":\"Organisator\",\"url\":\"https:\\\/\\\/www.organisator.ch\\\/\",\"logo\":{\"@type\":\"ImageObject\",\"inLanguage\":\"de\",\"@id\":\"https:\\\/\\\/www.organisator.ch\\\/#\\\/schema\\\/logo\\\/image\\\/\",\"url\":\"https:\\\/\\\/www.organisator.ch\\\/wp-content\\\/uploads\\\/2022\\\/01\\\/Logo_Organisator_Website.png\",\"contentUrl\":\"https:\\\/\\\/www.organisator.ch\\\/wp-content\\\/uploads\\\/2022\\\/01\\\/Logo_Organisator_Website.png\",\"width\":800,\"height\":77,\"caption\":\"Organisator\"},\"image\":{\"@id\":\"https:\\\/\\\/www.organisator.ch\\\/#\\\/schema\\\/logo\\\/image\\\/\"},\"sameAs\":[\"https:\\\/\\\/www.facebook.com\\\/OrganisatorFachmagazin\",\"https:\\\/\\\/www.linkedin.com\\\/showcase\\\/organisator-das-magazin-fr-kmu\",\"https:\\\/\\\/www.xing.com\\\/news\\\/pages\\\/organisator-ch-695\",\"https:\\\/\\\/www.youtube.com\\\/channel\\\/UCGP2Sq0iWaZwT3BdIAQFYpw\"]},{\"@type\":\"Person\",\"@id\":\"https:\\\/\\\/www.organisator.ch\\\/#\\\/schema\\\/person\\\/6f650f90b2842cd4c0cc334b4e36f67e\",\"name\":\"thomas.berner\",\"image\":{\"@type\":\"ImageObject\",\"inLanguage\":\"de\",\"@id\":\"https:\\\/\\\/secure.gravatar.com\\\/avatar\\\/ac5001d2a36cb6c6cd3e50789007ffca834b477b74a2144564522e944eabff61?s=96&d=mm&r=g\",\"url\":\"https:\\\/\\\/secure.gravatar.com\\\/avatar\\\/ac5001d2a36cb6c6cd3e50789007ffca834b477b74a2144564522e944eabff61?s=96&d=mm&r=g\",\"contentUrl\":\"https:\\\/\\\/secure.gravatar.com\\\/avatar\\\/ac5001d2a36cb6c6cd3e50789007ffca834b477b74a2144564522e944eabff61?s=96&d=mm&r=g\",\"caption\":\"thomas.berner\"},\"url\":\"https:\\\/\\\/www.organisator.ch\\\/de\\\/author\\\/thomas-berner\\\/\"}]}<\/script>\n<!-- \/ Yoast SEO plugin. -->","yoast_head_json":{"title":"Unternehmensflotten leisten Beitrag zur Energiewende - Organisator","description":"Schweizer Firmen machen ihre Unternehmensflotten fit f\u00fcr die Energiewende. 23% der Schweizer Unternehmen haben mindestens ein E-Fahrzeug in ihrer Flotte.","robots":{"index":"index","follow":"follow","max-snippet":"max-snippet:-1","max-image-preview":"max-image-preview:large","max-video-preview":"max-video-preview:-1"},"canonical":"https:\/\/www.organisator.ch\/de\/management\/finanzen_recht\/2019-07-31\/unternehmensflotten-leisten-beitrag-zur-energiewende\/","og_locale":"de_DE","og_type":"article","og_title":"Unternehmensflotten leisten Beitrag zur Energiewende","og_description":"Schweizer Firmen machen ihre Unternehmensflotten fit f\u00fcr die Energiewende. 23% der Schweizer Unternehmen haben mindestens ein E-Fahrzeug in ihrer Flotte.","og_url":"https:\/\/www.organisator.ch\/de\/management\/finanzen_recht\/2019-07-31\/unternehmensflotten-leisten-beitrag-zur-energiewende\/","og_site_name":"Organisator","article_publisher":"https:\/\/www.facebook.com\/OrganisatorFachmagazin","article_published_time":"2019-07-31T07:11:32+00:00","og_image":[{"width":680,"height":439,"url":"https:\/\/www.organisator.ch\/wp-content\/uploads\/2019\/07\/Unternehmensflotten-leisten-Beitrag-zur-Energiewende-3_Organisator.jpg","type":"image\/jpeg"}],"author":"thomas.berner","twitter_card":"summary_large_image","twitter_title":"#Unternehmensflotten leisten Beitrag zur #Energiewende","twitter_description":"Schweizer Firmen machen ihre #Unternehmensflotten fit f\u00fcr die #Energiewende. 23% der Schweizer Unternehmen haben mindestens ein E-Fahrzeug in ihrer Flotte.","twitter_image":"https:\/\/www.organisator.ch\/wp-content\/uploads\/2019\/07\/Unternehmensflotten-leisten-Beitrag-zur-Energiewende-3_Organisator.jpg","schema":{"@context":"https:\/\/schema.org","@graph":[{"@type":"Article","@id":"https:\/\/www.organisator.ch\/management\/finanzen_recht\/2019-07-31\/unternehmensflotten-leisten-beitrag-zur-energiewende\/#article","isPartOf":{"@id":"https:\/\/www.organisator.ch\/management\/finanzen_recht\/2019-07-31\/unternehmensflotten-leisten-beitrag-zur-energiewende\/"},"author":{"name":"thomas.berner","@id":"https:\/\/www.organisator.ch\/#\/schema\/person\/6f650f90b2842cd4c0cc334b4e36f67e"},"headline":"Unternehmensflotten leisten Beitrag zur Energiewende","datePublished":"2019-07-31T07:11:32+00:00","mainEntityOfPage":{"@id":"https:\/\/www.organisator.ch\/management\/finanzen_recht\/2019-07-31\/unternehmensflotten-leisten-beitrag-zur-energiewende\/"},"wordCount":771,"commentCount":0,"publisher":{"@id":"https:\/\/www.organisator.ch\/#organization"},"image":{"@id":"https:\/\/www.organisator.ch\/management\/finanzen_recht\/2019-07-31\/unternehmensflotten-leisten-beitrag-zur-energiewende\/#primaryimage"},"thumbnailUrl":"https:\/\/www.organisator.ch\/wp-content\/uploads\/2019\/07\/Unternehmensflotten-leisten-Beitrag-zur-Energiewende-3_Organisator.jpg","keywords":["Flottenmanagement","Mobilit\u00e4t","Studie"],"articleSection":["FINANZEN\/RECHT"],"inLanguage":"de"},{"@type":"WebPage","@id":"https:\/\/www.organisator.ch\/management\/finanzen_recht\/2019-07-31\/unternehmensflotten-leisten-beitrag-zur-energiewende\/","url":"https:\/\/www.organisator.ch\/management\/finanzen_recht\/2019-07-31\/unternehmensflotten-leisten-beitrag-zur-energiewende\/","name":"Unternehmensflotten leisten Beitrag zur Energiewende - Organisator","isPartOf":{"@id":"https:\/\/www.organisator.ch\/#website"},"primaryImageOfPage":{"@id":"https:\/\/www.organisator.ch\/management\/finanzen_recht\/2019-07-31\/unternehmensflotten-leisten-beitrag-zur-energiewende\/#primaryimage"},"image":{"@id":"https:\/\/www.organisator.ch\/management\/finanzen_recht\/2019-07-31\/unternehmensflotten-leisten-beitrag-zur-energiewende\/#primaryimage"},"thumbnailUrl":"https:\/\/www.organisator.ch\/wp-content\/uploads\/2019\/07\/Unternehmensflotten-leisten-Beitrag-zur-Energiewende-3_Organisator.jpg","datePublished":"2019-07-31T07:11:32+00:00","description":"Schweizer Firmen machen ihre Unternehmensflotten fit f\u00fcr die Energiewende. 23% der Schweizer Unternehmen haben mindestens ein E-Fahrzeug in ihrer Flotte.","breadcrumb":{"@id":"https:\/\/www.organisator.ch\/management\/finanzen_recht\/2019-07-31\/unternehmensflotten-leisten-beitrag-zur-energiewende\/#breadcrumb"},"inLanguage":"de","potentialAction":[{"@type":"ReadAction","target":["https:\/\/www.organisator.ch\/management\/finanzen_recht\/2019-07-31\/unternehmensflotten-leisten-beitrag-zur-energiewende\/"]}]},{"@type":"ImageObject","inLanguage":"de","@id":"https:\/\/www.organisator.ch\/management\/finanzen_recht\/2019-07-31\/unternehmensflotten-leisten-beitrag-zur-energiewende\/#primaryimage","url":"https:\/\/www.organisator.ch\/wp-content\/uploads\/2019\/07\/Unternehmensflotten-leisten-Beitrag-zur-Energiewende-3_Organisator.jpg","contentUrl":"https:\/\/www.organisator.ch\/wp-content\/uploads\/2019\/07\/Unternehmensflotten-leisten-Beitrag-zur-Energiewende-3_Organisator.jpg","width":680,"height":439,"caption":"Schweizer Firmen setzen bei ihren Unternehmensflotten zunehmend auf Nachhaltigkeit. (Bild: Pixabay.com)"},{"@type":"BreadcrumbList","@id":"https:\/\/www.organisator.ch\/management\/finanzen_recht\/2019-07-31\/unternehmensflotten-leisten-beitrag-zur-energiewende\/#breadcrumb","itemListElement":[{"@type":"ListItem","position":1,"name":"Home","item":"https:\/\/www.organisator.ch\/"},{"@type":"ListItem","position":2,"name":"Unternehmensflotten leisten Beitrag zur Energiewende"}]},{"@type":"WebSite","@id":"https:\/\/www.organisator.ch\/#website","url":"https:\/\/www.organisator.ch\/","name":"Organisator","description":"Kompetent. Praxisnah. Der ORGANISATOR bereitet in 10 Ausgaben pro Jahr die wesentlichen Themen f\u00fcr F\u00fchrungskr\u00e4fte von KMU auf.","publisher":{"@id":"https:\/\/www.organisator.ch\/#organization"},"potentialAction":[{"@type":"SearchAction","target":{"@type":"EntryPoint","urlTemplate":"https:\/\/www.organisator.ch\/?s={search_term_string}"},"query-input":{"@type":"PropertyValueSpecification","valueRequired":true,"valueName":"search_term_string"}}],"inLanguage":"de"},{"@type":"Organization","@id":"https:\/\/www.organisator.ch\/#organization","name":"Organisator","url":"https:\/\/www.organisator.ch\/","logo":{"@type":"ImageObject","inLanguage":"de","@id":"https:\/\/www.organisator.ch\/#\/schema\/logo\/image\/","url":"https:\/\/www.organisator.ch\/wp-content\/uploads\/2022\/01\/Logo_Organisator_Website.png","contentUrl":"https:\/\/www.organisator.ch\/wp-content\/uploads\/2022\/01\/Logo_Organisator_Website.png","width":800,"height":77,"caption":"Organisator"},"image":{"@id":"https:\/\/www.organisator.ch\/#\/schema\/logo\/image\/"},"sameAs":["https:\/\/www.facebook.com\/OrganisatorFachmagazin","https:\/\/www.linkedin.com\/showcase\/organisator-das-magazin-fr-kmu","https:\/\/www.xing.com\/news\/pages\/organisator-ch-695","https:\/\/www.youtube.com\/channel\/UCGP2Sq0iWaZwT3BdIAQFYpw"]},{"@type":"Person","@id":"https:\/\/www.organisator.ch\/#\/schema\/person\/6f650f90b2842cd4c0cc334b4e36f67e","name":"thomas.berner","image":{"@type":"ImageObject","inLanguage":"de","@id":"https:\/\/secure.gravatar.com\/avatar\/ac5001d2a36cb6c6cd3e50789007ffca834b477b74a2144564522e944eabff61?s=96&d=mm&r=g","url":"https:\/\/secure.gravatar.com\/avatar\/ac5001d2a36cb6c6cd3e50789007ffca834b477b74a2144564522e944eabff61?s=96&d=mm&r=g","contentUrl":"https:\/\/secure.gravatar.com\/avatar\/ac5001d2a36cb6c6cd3e50789007ffca834b477b74a2144564522e944eabff61?s=96&d=mm&r=g","caption":"thomas.berner"},"url":"https:\/\/www.organisator.ch\/de\/author\/thomas-berner\/"}]}},"_links":{"self":[{"href":"https:\/\/www.organisator.ch\/de\/wp-json\/wp\/v2\/posts\/5612","targetHints":{"allow":["GET"]}}],"collection":[{"href":"https:\/\/www.organisator.ch\/de\/wp-json\/wp\/v2\/posts"}],"about":[{"href":"https:\/\/www.organisator.ch\/de\/wp-json\/wp\/v2\/types\/post"}],"author":[{"embeddable":true,"href":"https:\/\/www.organisator.ch\/de\/wp-json\/wp\/v2\/users\/4"}],"replies":[{"embeddable":true,"href":"https:\/\/www.organisator.ch\/de\/wp-json\/wp\/v2\/comments?post=5612"}],"version-history":[{"count":0,"href":"https:\/\/www.organisator.ch\/de\/wp-json\/wp\/v2\/posts\/5612\/revisions"}],"wp:featuredmedia":[{"embeddable":true,"href":"https:\/\/www.organisator.ch\/de\/wp-json\/wp\/v2\/media\/5613"}],"wp:attachment":[{"href":"https:\/\/www.organisator.ch\/de\/wp-json\/wp\/v2\/media?parent=5612"}],"wp:term":[{"taxonomy":"category","embeddable":true,"href":"https:\/\/www.organisator.ch\/de\/wp-json\/wp\/v2\/categories?post=5612"},{"taxonomy":"post_tag","embeddable":true,"href":"https:\/\/www.organisator.ch\/de\/wp-json\/wp\/v2\/tags?post=5612"}],"curies":[{"name":"wp","href":"https:\/\/api.w.org\/{rel}","templated":true}]}}