{"id":5661,"date":"2019-08-14T11:56:28","date_gmt":"2019-08-14T09:56:28","guid":{"rendered":"https:\/\/www.organisator.ch\/?p=5661"},"modified":"2019-08-14T11:56:28","modified_gmt":"2019-08-14T09:56:28","slug":"auslaufmodell-chef-fuehrungskraefte-in-neuen-rollen","status":"publish","type":"post","link":"https:\/\/www.organisator.ch\/de\/management\/2019-08-14\/auslaufmodell-chef-fuehrungskraefte-in-neuen-rollen\/","title":{"rendered":"Auslaufmodell Chef? F\u00fchrungskr\u00e4fte in neuen Rollen"},"content":{"rendered":"<figure id=\"attachment_5662\" aria-describedby=\"caption-attachment-5662\" style=\"width: 680px\" class=\"wp-caption alignnone\"><img loading=\"lazy\" decoding=\"async\" class=\"size-medium wp-image-5662\" src=\"https:\/\/www.organisator.ch\/wp-content\/uploads\/2019\/08\/Auslaufmodell-Chef-Fuehrungskraefte-in-neuen-Rollen_Organisator.jpg\" alt=\"\" width=\"680\" height=\"449\" srcset=\"https:\/\/www.organisator.ch\/wp-content\/uploads\/2019\/08\/Auslaufmodell-Chef-Fuehrungskraefte-in-neuen-Rollen_Organisator.jpg 680w, https:\/\/www.organisator.ch\/wp-content\/uploads\/2019\/08\/Auslaufmodell-Chef-Fuehrungskraefte-in-neuen-Rollen_Organisator-16x12.jpg 16w, https:\/\/www.organisator.ch\/wp-content\/uploads\/2019\/08\/Auslaufmodell-Chef-Fuehrungskraefte-in-neuen-Rollen_Organisator-265x175.jpg 265w, https:\/\/www.organisator.ch\/wp-content\/uploads\/2019\/08\/Auslaufmodell-Chef-Fuehrungskraefte-in-neuen-Rollen_Organisator-530x350.jpg 530w, https:\/\/www.organisator.ch\/wp-content\/uploads\/2019\/08\/Auslaufmodell-Chef-Fuehrungskraefte-in-neuen-Rollen_Organisator-300x198.jpg 300w\" sizes=\"auto, (max-width: 680px) 100vw, 680px\" \/><figcaption id=\"caption-attachment-5662\" class=\"wp-caption-text\">F\u00fchrungskr\u00e4fte sind kein Auslaufmodell: Auch in selbstorganisierten Teams muss jemand zeigen, wo&#8217;s lang geht. (Bild: Pixabay.com)<\/figcaption><\/figure>\n<p>Befinden sich F\u00fchrungskr\u00e4fte wirklich auf dem Abstellgleis? Oder bedarf es nur einer grundlegenden Anpassung ihrer Rolle? In Zeiten agiler, eigenst\u00e4ndiger Teams und des allgemeinen Hypes um die Start-up-Kultur hat es den Anschein, dass die Aufgabengebiete der klassischen F\u00fchrungskraft obsolet werden. Viele Unternehmen wollen flexibler agieren, um sich einerseits auf die neuen Herausforderungen des digitalen Umbruchs einzustellen und andererseits die Bed\u00fcrfnisse der Kunden nicht aus den Augen zu verlieren. Daher orientieren sie sich zurzeit verst\u00e4rkt am sprichw\u00f6rtlichen Start-up-Spirit, an den flachen Hierarchien, der Mentalit\u00e4t der kurzen Entscheidungswege und der Verantwortungsverteilung auf alle Mitarbeiter. Als Teil ihrer Digitalisierungsinitiativen brechen Unternehmen vermehrt in Richtung Selbstorganisation und Agilit\u00e4t auf. Das Ziel: mehr Innovationen und eine bessere Kundenorientierung. Denn nur wenn Entscheidungen dort getroffen werden, wo das jeweilige Know-how sitzt, k\u00f6nnen Unternehmen generell schneller und flexibler handeln.<\/p>\n<h2>F\u00fchrungskr\u00e4fte sind keineswegs &#8222;abgeschrieben&#8220;<\/h2>\n<p>Zwangsl\u00e4ufig f\u00fchrt dieser Kulturwandel zur Abschw\u00e4chung altbekannter hierarchischer Strukturen. Teams sollen sich selbst organisieren und Entscheidungen treffen. Sie arbeiten zielorientiert, verantworten Ressourcen, kommunizieren mit Partnern oder Kunden und teilen Aufgabenpakete selbstbestimmt untereinander auf. Zuk\u00fcnftig \u00fcbernehmen sie also in gro\u00dfen Teilen ehemalige Zust\u00e4ndigkeitsbereiche der klassischen F\u00fchrungskraft. Aber wie lassen sich solche tief greifenden Ver\u00e4nderungen \u00fcberhaupt angehen? Wie gelingt der Wandel zu einer dynamischen Organisation? Genau hier kommt die schon abgeschriebene Rolle der F\u00fchrungskraft wieder ins Spiel. Manager und Chefs sind gefordert, die Voraussetzungen zu schaffen und den Wandel hin zu mehr Verantwortung und Selbstorganisation zu moderieren sowie sicher zu stellen, dass die Initiativen und Ideen der Mitarbeiter die Gesamtstrategie des Unternehmens unterst\u00fctzen und weiter bringen. Sie sind die Br\u00fccke zwischen Unternehmensleitung und den Mitarbeitern, die engagiert in Teams zusammen arbeiten.<\/p>\n<h2>F\u00fchrungskr\u00e4fte sind &#8222;Enabler&#8220;<\/h2>\n<p>Aktuell erwarten Mitarbeiter h\u00e4ufig aus Gewohnheit bestimmte Entscheidungen \u201avon oben\u2018. Wenn nun einfach nur das \u201aselbstorganisierte Unternehmen\u2018 ausgerufen wird und dann alle erwarten, dass sich Mitarbeiter pl\u00f6tzlich unternehmerisch verhalten, schafft dies in der Regel zun\u00e4chst in hohem\u00a0Ma\u00dfe Unsicherheit und damit einhergehend Stress bei Mitarbeitern und F\u00fchrungskr\u00e4ften. Organisationen brauchen F\u00fchrungskr\u00e4fte, um diese Transformation gezielt anzugehen \u2013 erg\u00e4nzt durch Methoden, die den Mitarbeitern Sicherheit geben, etwa durch klar definierte Rollen. Dar\u00fcber hinaus bef\u00e4higen die leitenden Kr\u00e4fte die Teams, ihre Aufgaben wahrzunehmen, und unterst\u00fctzen aktiv die pers\u00f6nliche Entwicklung jedes einzelnen. Denn eine rein hierarchische F\u00fchrung mit einem Feldwebel an der Spitze ist nicht mehr zeitgem\u00e4\u00df. Vielmehr entwickeln sich F\u00fchrungskr\u00e4fte zu Enablern f\u00fcr Mitarbeiter in agilen Organisationen. Sie \u00fcbernehmen die Rolle des Wegbereiters f\u00fcr innovative und agile Teams. Vor allem bei der L\u00f6sung komplexer Problemstellungen und Umsetzung von Projekte ebnen sie den Mitarbeitern den Weg. Dabei zeigen sie sich offen f\u00fcr neue Sichtweisen sowie Innovationen und motivieren Teams, neue Denkweisen oder Ideen zu verfolgen. F\u00fchrungskr\u00e4fte m\u00fcssen sich vom Bild des Leistungskontrolleurs verabschieden und sich zum Coach ihrer Mitarbeiter weiterentwickeln.<\/p>\n<h2>Innovationskultur schaffen<\/h2>\n<p>Im Zuge der Digitalisierung geh\u00f6rt es zu einer der wichtigsten Aufgaben der leitenden Kr\u00e4fte, den Mitarbeitern bei ihrer individuellen Weiterentwicklung zu helfen. Es braucht Manager, die eine Innovationskultur schaffen, in der Mitarbeiter H\u00f6chstleistungen bringen und sich engagieren. Nur so lassen sich Innovationen vorantreiben. Agile Innovationsteams brauchen Leitlinien und jemanden, der ihnen den R\u00fccken frei h\u00e4lt. Selbstorganisierte Teams m\u00fcssen in ihren Entscheidungen best\u00e4rkt werden, sie ben\u00f6tigen Zeit und Raum um sich zu entfalten, und sie sollten auch scheitern d\u00fcrfen. Gerade zur Begleitung dieser Transformation ist die F\u00fchrungskraft unerl\u00e4sslich \u2013 sie unterst\u00fctzt Mitarbeiter und Teams sich von streng gef\u00fchrten Arbeitssituation in verdaubaren Steps hin zum eigenverantwortlichen, \u00fcbergreifend an Themen arbeitenden Team zu entwickeln.<\/p>\n<h2>Ohne F\u00fchrung geht es nicht<\/h2>\n<p>Damit die agile Organisation gelingt, verlangt es maximale Transparenz, kurze Entscheidungswege und direktes Feedback. Daf\u00fcr muss sich aber auch die Rolle der F\u00fchrungskr\u00e4fte anpassen und auf die ver\u00e4nderten Aufgaben einstellen. Das Geheimnis eines guten Chefs beziehungsweise Managers in digitalen Zeiten: Er oder sie muss delegieren und die Mitarbeiter bef\u00e4higen, ihre Aufgaben bestm\u00f6glich erledigen zu k\u00f6nnen. Gleichzeitig muss die F\u00fchrungskraft die notwendigen Methoden und Steuerungsmittel an die Hand bekommen, um in organisationsspezifischen Schritten die Mitarbeiter zu bef\u00e4higen und \u201aloslassen\u2018 zu k\u00f6nnen. Denn Delegieren funktioniert nur, wenn derjenige, der beauftragt wird, Verantwortung und Aufgaben auch tragen und umsetzen kann. Hierzu sollten Steuerungsmittel genutzt werden, denn diese erleichtern es den F\u00fchrungskr\u00e4ften, Delegation\u00a0und Erweiterung des Kompetenz- und Verantwortungsbereichs des einzelnen risikoarm zu steigern und die Transformation optimal zu begleiten. Denn: Ohne F\u00fchrung geht es \u2013 zumindest ab einer gewissen Organisationsgr\u00f6\u00dfe \u2013 nicht.<\/p>\n<p><strong><em>Autorin:<br \/>\n<\/em><\/strong><em>Dr. Consuela Utsch ist Gesch\u00e4ftsf\u00fchrerin und Gr\u00fcnderin der Acuroc Solutions GmbH und der AQRO GmbH. Als Spezialistin ber\u00e4t sie seit \u00fcber 20 Jahren mittelst\u00e4ndische Unternehmen und die Gro\u00dfindustrie bei der Implementierung von Betriebs- und Projektmanagementprozessen sowie in allen Themenbereichen der IT-Governance sowie der nachhaltigen Implementierung der Digitalen Transformation und des damit verbundenen Ver\u00e4nderungsmanagements. Auf ihre Methode AQRO besitzt Dr. Utsch ein weltweites Patent und ist Autorin des Fachbuches \u201eAQRO Stressfreies und effizientes Human Resource Management\u201c.<br \/>\n<a href=\"http:\/\/www.acuroc.de\">www.acuroc.de<\/a> \/ <a href=\"http:\/\/www.aqro.eu\">www.aqro.eu<\/a><\/em><\/p>\n","protected":false},"excerpt":{"rendered":"<p>Befinden sich F\u00fchrungskr\u00e4fte wirklich auf dem Abstellgleis? Oder bedarf es nur einer grundlegenden Anpassung ihrer Rolle? In Zeiten agiler, eigenst\u00e4ndiger Teams und des allgemeinen Hypes um die Start-up-Kultur hat es den Anschein, dass die Aufgabengebiete der klassischen F\u00fchrungskraft obsolet werden. Viele Unternehmen wollen flexibler agieren, um sich einerseits auf die neuen Herausforderungen des digitalen Umbruchs [&hellip;]<\/p>\n","protected":false},"author":4,"featured_media":5662,"comment_status":"open","ping_status":"open","sticky":false,"template":"","format":"standard","meta":{"_acf_changed":false,"_yoast_wpseo_focuskw":"F\u00fchrungskr\u00e4fte","_yoast_wpseo_metadesc":"Braucht es in Zeiten selbstorganisierter agiler Teams \u00fcberhaupt noch F\u00fchrungskr\u00e4fte? Zu dieser Thematik \u00e4u\u00dfert sich HR-Expertin Dr. Consuela Utsch.","articlekey":"","footnotes":""},"categories":[28],"tags":[254,306,335,473],"class_list":["post-5661","post","type-post","status-publish","format-standard","has-post-thumbnail","hentry","category-management","tag-hrm","tag-kolumne","tag-management-und-unternehmensfuehrung","tag-teams"],"acf":[],"yoast_head":"<!-- This site is optimized with the Yoast SEO plugin v27.5 - https:\/\/yoast.com\/product\/yoast-seo-wordpress\/ -->\n<title>Auslaufmodell Chef? F\u00fchrungskr\u00e4fte in neuen Rollen - Organisator<\/title>\n<meta name=\"description\" content=\"Braucht es in Zeiten selbstorganisierter agiler Teams \u00fcberhaupt noch F\u00fchrungskr\u00e4fte? Zu dieser Thematik \u00e4u\u00dfert sich HR-Expertin Dr. Consuela Utsch.\" \/>\n<meta name=\"robots\" content=\"index, follow, max-snippet:-1, max-image-preview:large, max-video-preview:-1\" \/>\n<link rel=\"canonical\" href=\"https:\/\/www.organisator.ch\/de\/management\/2019-08-14\/auslaufmodell-chef-fuehrungskraefte-in-neuen-rollen\/\" \/>\n<meta property=\"og:locale\" content=\"de_DE\" \/>\n<meta property=\"og:type\" content=\"article\" \/>\n<meta property=\"og:title\" content=\"Auslaufmodell Chef? F\u00fchrungskr\u00e4fte in neuen Rollen\" \/>\n<meta property=\"og:description\" content=\"Braucht es in Zeiten selbstorganisierter agiler Teams \u00fcberhaupt noch F\u00fchrungskr\u00e4fte? Zu dieser Thematik \u00e4u\u00dfert sich HR-Expertin Dr. Consuela Utsch.\" \/>\n<meta property=\"og:url\" content=\"https:\/\/www.organisator.ch\/de\/management\/2019-08-14\/auslaufmodell-chef-fuehrungskraefte-in-neuen-rollen\/\" \/>\n<meta property=\"og:site_name\" content=\"Organisator\" \/>\n<meta property=\"article:publisher\" content=\"https:\/\/www.facebook.com\/OrganisatorFachmagazin\" \/>\n<meta property=\"article:published_time\" content=\"2019-08-14T09:56:28+00:00\" \/>\n<meta property=\"og:image\" content=\"https:\/\/www.organisator.ch\/wp-content\/uploads\/2019\/08\/Auslaufmodell-Chef-Fuehrungskraefte-in-neuen-Rollen_Organisator.jpg\" \/>\n\t<meta property=\"og:image:width\" content=\"680\" \/>\n\t<meta property=\"og:image:height\" content=\"449\" \/>\n\t<meta property=\"og:image:type\" content=\"image\/jpeg\" \/>\n<meta name=\"author\" content=\"thomas.berner\" \/>\n<meta name=\"twitter:card\" content=\"summary_large_image\" \/>\n<meta name=\"twitter:title\" content=\"Auslaufmodell Chef? #F\u00fchrungskr\u00e4fte in neuen Rollen\" \/>\n<meta name=\"twitter:description\" content=\"Braucht es in Zeiten selbstorganisierter agiler Teams \u00fcberhaupt noch #F\u00fchrungskr\u00e4fte? Zu dieser Thematik \u00e4u\u00dfert sich HR-Expertin Dr. Consuela Utsch.\" \/>\n<meta name=\"twitter:image\" content=\"https:\/\/www.organisator.ch\/wp-content\/uploads\/2019\/08\/Auslaufmodell-Chef-F\u00fchrungskr\u00e4fte-in-neuen-Rollen_Organisator.jpg\" \/>\n<script type=\"application\/ld+json\" class=\"yoast-schema-graph\">{\"@context\":\"https:\\\/\\\/schema.org\",\"@graph\":[{\"@type\":\"Article\",\"@id\":\"https:\\\/\\\/www.organisator.ch\\\/management\\\/2019-08-14\\\/auslaufmodell-chef-fuehrungskraefte-in-neuen-rollen\\\/#article\",\"isPartOf\":{\"@id\":\"https:\\\/\\\/www.organisator.ch\\\/management\\\/2019-08-14\\\/auslaufmodell-chef-fuehrungskraefte-in-neuen-rollen\\\/\"},\"author\":{\"name\":\"thomas.berner\",\"@id\":\"https:\\\/\\\/www.organisator.ch\\\/#\\\/schema\\\/person\\\/6f650f90b2842cd4c0cc334b4e36f67e\"},\"headline\":\"Auslaufmodell Chef? F\u00fchrungskr\u00e4fte in neuen Rollen\",\"datePublished\":\"2019-08-14T09:56:28+00:00\",\"mainEntityOfPage\":{\"@id\":\"https:\\\/\\\/www.organisator.ch\\\/management\\\/2019-08-14\\\/auslaufmodell-chef-fuehrungskraefte-in-neuen-rollen\\\/\"},\"wordCount\":897,\"commentCount\":0,\"publisher\":{\"@id\":\"https:\\\/\\\/www.organisator.ch\\\/#organization\"},\"image\":{\"@id\":\"https:\\\/\\\/www.organisator.ch\\\/management\\\/2019-08-14\\\/auslaufmodell-chef-fuehrungskraefte-in-neuen-rollen\\\/#primaryimage\"},\"thumbnailUrl\":\"https:\\\/\\\/www.organisator.ch\\\/wp-content\\\/uploads\\\/2019\\\/08\\\/Auslaufmodell-Chef-Fuehrungskraefte-in-neuen-Rollen_Organisator.jpg\",\"keywords\":[\"HRM\",\"Kolumne\",\"Management und Unternehmensf\u00fchrung\",\"Teams\"],\"articleSection\":[\"MANAGEMENT\"],\"inLanguage\":\"de\"},{\"@type\":\"WebPage\",\"@id\":\"https:\\\/\\\/www.organisator.ch\\\/management\\\/2019-08-14\\\/auslaufmodell-chef-fuehrungskraefte-in-neuen-rollen\\\/\",\"url\":\"https:\\\/\\\/www.organisator.ch\\\/management\\\/2019-08-14\\\/auslaufmodell-chef-fuehrungskraefte-in-neuen-rollen\\\/\",\"name\":\"Auslaufmodell Chef? F\u00fchrungskr\u00e4fte in neuen Rollen - Organisator\",\"isPartOf\":{\"@id\":\"https:\\\/\\\/www.organisator.ch\\\/#website\"},\"primaryImageOfPage\":{\"@id\":\"https:\\\/\\\/www.organisator.ch\\\/management\\\/2019-08-14\\\/auslaufmodell-chef-fuehrungskraefte-in-neuen-rollen\\\/#primaryimage\"},\"image\":{\"@id\":\"https:\\\/\\\/www.organisator.ch\\\/management\\\/2019-08-14\\\/auslaufmodell-chef-fuehrungskraefte-in-neuen-rollen\\\/#primaryimage\"},\"thumbnailUrl\":\"https:\\\/\\\/www.organisator.ch\\\/wp-content\\\/uploads\\\/2019\\\/08\\\/Auslaufmodell-Chef-Fuehrungskraefte-in-neuen-Rollen_Organisator.jpg\",\"datePublished\":\"2019-08-14T09:56:28+00:00\",\"description\":\"Braucht es in Zeiten selbstorganisierter agiler Teams \u00fcberhaupt noch F\u00fchrungskr\u00e4fte? Zu dieser Thematik \u00e4u\u00dfert sich HR-Expertin Dr. Consuela Utsch.\",\"breadcrumb\":{\"@id\":\"https:\\\/\\\/www.organisator.ch\\\/management\\\/2019-08-14\\\/auslaufmodell-chef-fuehrungskraefte-in-neuen-rollen\\\/#breadcrumb\"},\"inLanguage\":\"de\",\"potentialAction\":[{\"@type\":\"ReadAction\",\"target\":[\"https:\\\/\\\/www.organisator.ch\\\/management\\\/2019-08-14\\\/auslaufmodell-chef-fuehrungskraefte-in-neuen-rollen\\\/\"]}]},{\"@type\":\"ImageObject\",\"inLanguage\":\"de\",\"@id\":\"https:\\\/\\\/www.organisator.ch\\\/management\\\/2019-08-14\\\/auslaufmodell-chef-fuehrungskraefte-in-neuen-rollen\\\/#primaryimage\",\"url\":\"https:\\\/\\\/www.organisator.ch\\\/wp-content\\\/uploads\\\/2019\\\/08\\\/Auslaufmodell-Chef-Fuehrungskraefte-in-neuen-Rollen_Organisator.jpg\",\"contentUrl\":\"https:\\\/\\\/www.organisator.ch\\\/wp-content\\\/uploads\\\/2019\\\/08\\\/Auslaufmodell-Chef-Fuehrungskraefte-in-neuen-Rollen_Organisator.jpg\",\"width\":680,\"height\":449,\"caption\":\"F\u00fchrungskr\u00e4fte sind kein Auslaufmodell: Auch in selbstorganisierten Teams muss jemand zeigen, wo's lang geht. (Bild: Pixabay.com)\"},{\"@type\":\"BreadcrumbList\",\"@id\":\"https:\\\/\\\/www.organisator.ch\\\/management\\\/2019-08-14\\\/auslaufmodell-chef-fuehrungskraefte-in-neuen-rollen\\\/#breadcrumb\",\"itemListElement\":[{\"@type\":\"ListItem\",\"position\":1,\"name\":\"Home\",\"item\":\"https:\\\/\\\/www.organisator.ch\\\/\"},{\"@type\":\"ListItem\",\"position\":2,\"name\":\"Auslaufmodell Chef? F\u00fchrungskr\u00e4fte in neuen Rollen\"}]},{\"@type\":\"WebSite\",\"@id\":\"https:\\\/\\\/www.organisator.ch\\\/#website\",\"url\":\"https:\\\/\\\/www.organisator.ch\\\/\",\"name\":\"Organisator\",\"description\":\"Kompetent. Praxisnah. Der ORGANISATOR bereitet in 10 Ausgaben pro Jahr die wesentlichen Themen f\u00fcr F\u00fchrungskr\u00e4fte von KMU auf.\",\"publisher\":{\"@id\":\"https:\\\/\\\/www.organisator.ch\\\/#organization\"},\"potentialAction\":[{\"@type\":\"SearchAction\",\"target\":{\"@type\":\"EntryPoint\",\"urlTemplate\":\"https:\\\/\\\/www.organisator.ch\\\/?s={search_term_string}\"},\"query-input\":{\"@type\":\"PropertyValueSpecification\",\"valueRequired\":true,\"valueName\":\"search_term_string\"}}],\"inLanguage\":\"de\"},{\"@type\":\"Organization\",\"@id\":\"https:\\\/\\\/www.organisator.ch\\\/#organization\",\"name\":\"Organisator\",\"url\":\"https:\\\/\\\/www.organisator.ch\\\/\",\"logo\":{\"@type\":\"ImageObject\",\"inLanguage\":\"de\",\"@id\":\"https:\\\/\\\/www.organisator.ch\\\/#\\\/schema\\\/logo\\\/image\\\/\",\"url\":\"https:\\\/\\\/www.organisator.ch\\\/wp-content\\\/uploads\\\/2022\\\/01\\\/Logo_Organisator_Website.png\",\"contentUrl\":\"https:\\\/\\\/www.organisator.ch\\\/wp-content\\\/uploads\\\/2022\\\/01\\\/Logo_Organisator_Website.png\",\"width\":800,\"height\":77,\"caption\":\"Organisator\"},\"image\":{\"@id\":\"https:\\\/\\\/www.organisator.ch\\\/#\\\/schema\\\/logo\\\/image\\\/\"},\"sameAs\":[\"https:\\\/\\\/www.facebook.com\\\/OrganisatorFachmagazin\",\"https:\\\/\\\/www.linkedin.com\\\/showcase\\\/organisator-das-magazin-fr-kmu\",\"https:\\\/\\\/www.xing.com\\\/news\\\/pages\\\/organisator-ch-695\",\"https:\\\/\\\/www.youtube.com\\\/channel\\\/UCGP2Sq0iWaZwT3BdIAQFYpw\"]},{\"@type\":\"Person\",\"@id\":\"https:\\\/\\\/www.organisator.ch\\\/#\\\/schema\\\/person\\\/6f650f90b2842cd4c0cc334b4e36f67e\",\"name\":\"thomas.berner\",\"image\":{\"@type\":\"ImageObject\",\"inLanguage\":\"de\",\"@id\":\"https:\\\/\\\/secure.gravatar.com\\\/avatar\\\/ac5001d2a36cb6c6cd3e50789007ffca834b477b74a2144564522e944eabff61?s=96&d=mm&r=g\",\"url\":\"https:\\\/\\\/secure.gravatar.com\\\/avatar\\\/ac5001d2a36cb6c6cd3e50789007ffca834b477b74a2144564522e944eabff61?s=96&d=mm&r=g\",\"contentUrl\":\"https:\\\/\\\/secure.gravatar.com\\\/avatar\\\/ac5001d2a36cb6c6cd3e50789007ffca834b477b74a2144564522e944eabff61?s=96&d=mm&r=g\",\"caption\":\"thomas.berner\"},\"url\":\"https:\\\/\\\/www.organisator.ch\\\/de\\\/author\\\/thomas-berner\\\/\"}]}<\/script>\n<!-- \/ Yoast SEO plugin. -->","yoast_head_json":{"title":"Auslaufmodell Chef? F\u00fchrungskr\u00e4fte in neuen Rollen - Organisator","description":"Braucht es in Zeiten selbstorganisierter agiler Teams \u00fcberhaupt noch F\u00fchrungskr\u00e4fte? Zu dieser Thematik \u00e4u\u00dfert sich HR-Expertin Dr. Consuela Utsch.","robots":{"index":"index","follow":"follow","max-snippet":"max-snippet:-1","max-image-preview":"max-image-preview:large","max-video-preview":"max-video-preview:-1"},"canonical":"https:\/\/www.organisator.ch\/de\/management\/2019-08-14\/auslaufmodell-chef-fuehrungskraefte-in-neuen-rollen\/","og_locale":"de_DE","og_type":"article","og_title":"Auslaufmodell Chef? F\u00fchrungskr\u00e4fte in neuen Rollen","og_description":"Braucht es in Zeiten selbstorganisierter agiler Teams \u00fcberhaupt noch F\u00fchrungskr\u00e4fte? Zu dieser Thematik \u00e4u\u00dfert sich HR-Expertin Dr. Consuela Utsch.","og_url":"https:\/\/www.organisator.ch\/de\/management\/2019-08-14\/auslaufmodell-chef-fuehrungskraefte-in-neuen-rollen\/","og_site_name":"Organisator","article_publisher":"https:\/\/www.facebook.com\/OrganisatorFachmagazin","article_published_time":"2019-08-14T09:56:28+00:00","og_image":[{"width":680,"height":449,"url":"https:\/\/www.organisator.ch\/wp-content\/uploads\/2019\/08\/Auslaufmodell-Chef-Fuehrungskraefte-in-neuen-Rollen_Organisator.jpg","type":"image\/jpeg"}],"author":"thomas.berner","twitter_card":"summary_large_image","twitter_title":"Auslaufmodell Chef? #F\u00fchrungskr\u00e4fte in neuen Rollen","twitter_description":"Braucht es in Zeiten selbstorganisierter agiler Teams \u00fcberhaupt noch #F\u00fchrungskr\u00e4fte? Zu dieser Thematik \u00e4u\u00dfert sich HR-Expertin Dr. Consuela Utsch.","twitter_image":"https:\/\/www.organisator.ch\/wp-content\/uploads\/2019\/08\/Auslaufmodell-Chef-F\u00fchrungskr\u00e4fte-in-neuen-Rollen_Organisator.jpg","schema":{"@context":"https:\/\/schema.org","@graph":[{"@type":"Article","@id":"https:\/\/www.organisator.ch\/management\/2019-08-14\/auslaufmodell-chef-fuehrungskraefte-in-neuen-rollen\/#article","isPartOf":{"@id":"https:\/\/www.organisator.ch\/management\/2019-08-14\/auslaufmodell-chef-fuehrungskraefte-in-neuen-rollen\/"},"author":{"name":"thomas.berner","@id":"https:\/\/www.organisator.ch\/#\/schema\/person\/6f650f90b2842cd4c0cc334b4e36f67e"},"headline":"Auslaufmodell Chef? F\u00fchrungskr\u00e4fte in neuen Rollen","datePublished":"2019-08-14T09:56:28+00:00","mainEntityOfPage":{"@id":"https:\/\/www.organisator.ch\/management\/2019-08-14\/auslaufmodell-chef-fuehrungskraefte-in-neuen-rollen\/"},"wordCount":897,"commentCount":0,"publisher":{"@id":"https:\/\/www.organisator.ch\/#organization"},"image":{"@id":"https:\/\/www.organisator.ch\/management\/2019-08-14\/auslaufmodell-chef-fuehrungskraefte-in-neuen-rollen\/#primaryimage"},"thumbnailUrl":"https:\/\/www.organisator.ch\/wp-content\/uploads\/2019\/08\/Auslaufmodell-Chef-Fuehrungskraefte-in-neuen-Rollen_Organisator.jpg","keywords":["HRM","Kolumne","Management und Unternehmensf\u00fchrung","Teams"],"articleSection":["MANAGEMENT"],"inLanguage":"de"},{"@type":"WebPage","@id":"https:\/\/www.organisator.ch\/management\/2019-08-14\/auslaufmodell-chef-fuehrungskraefte-in-neuen-rollen\/","url":"https:\/\/www.organisator.ch\/management\/2019-08-14\/auslaufmodell-chef-fuehrungskraefte-in-neuen-rollen\/","name":"Auslaufmodell Chef? F\u00fchrungskr\u00e4fte in neuen Rollen - Organisator","isPartOf":{"@id":"https:\/\/www.organisator.ch\/#website"},"primaryImageOfPage":{"@id":"https:\/\/www.organisator.ch\/management\/2019-08-14\/auslaufmodell-chef-fuehrungskraefte-in-neuen-rollen\/#primaryimage"},"image":{"@id":"https:\/\/www.organisator.ch\/management\/2019-08-14\/auslaufmodell-chef-fuehrungskraefte-in-neuen-rollen\/#primaryimage"},"thumbnailUrl":"https:\/\/www.organisator.ch\/wp-content\/uploads\/2019\/08\/Auslaufmodell-Chef-Fuehrungskraefte-in-neuen-Rollen_Organisator.jpg","datePublished":"2019-08-14T09:56:28+00:00","description":"Braucht es in Zeiten selbstorganisierter agiler Teams \u00fcberhaupt noch F\u00fchrungskr\u00e4fte? Zu dieser Thematik \u00e4u\u00dfert sich HR-Expertin Dr. Consuela Utsch.","breadcrumb":{"@id":"https:\/\/www.organisator.ch\/management\/2019-08-14\/auslaufmodell-chef-fuehrungskraefte-in-neuen-rollen\/#breadcrumb"},"inLanguage":"de","potentialAction":[{"@type":"ReadAction","target":["https:\/\/www.organisator.ch\/management\/2019-08-14\/auslaufmodell-chef-fuehrungskraefte-in-neuen-rollen\/"]}]},{"@type":"ImageObject","inLanguage":"de","@id":"https:\/\/www.organisator.ch\/management\/2019-08-14\/auslaufmodell-chef-fuehrungskraefte-in-neuen-rollen\/#primaryimage","url":"https:\/\/www.organisator.ch\/wp-content\/uploads\/2019\/08\/Auslaufmodell-Chef-Fuehrungskraefte-in-neuen-Rollen_Organisator.jpg","contentUrl":"https:\/\/www.organisator.ch\/wp-content\/uploads\/2019\/08\/Auslaufmodell-Chef-Fuehrungskraefte-in-neuen-Rollen_Organisator.jpg","width":680,"height":449,"caption":"F\u00fchrungskr\u00e4fte sind kein Auslaufmodell: Auch in selbstorganisierten Teams muss jemand zeigen, wo's lang geht. (Bild: Pixabay.com)"},{"@type":"BreadcrumbList","@id":"https:\/\/www.organisator.ch\/management\/2019-08-14\/auslaufmodell-chef-fuehrungskraefte-in-neuen-rollen\/#breadcrumb","itemListElement":[{"@type":"ListItem","position":1,"name":"Home","item":"https:\/\/www.organisator.ch\/"},{"@type":"ListItem","position":2,"name":"Auslaufmodell Chef? F\u00fchrungskr\u00e4fte in neuen Rollen"}]},{"@type":"WebSite","@id":"https:\/\/www.organisator.ch\/#website","url":"https:\/\/www.organisator.ch\/","name":"Organisator","description":"Kompetent. Praxisnah. Der ORGANISATOR bereitet in 10 Ausgaben pro Jahr die wesentlichen Themen f\u00fcr F\u00fchrungskr\u00e4fte von KMU auf.","publisher":{"@id":"https:\/\/www.organisator.ch\/#organization"},"potentialAction":[{"@type":"SearchAction","target":{"@type":"EntryPoint","urlTemplate":"https:\/\/www.organisator.ch\/?s={search_term_string}"},"query-input":{"@type":"PropertyValueSpecification","valueRequired":true,"valueName":"search_term_string"}}],"inLanguage":"de"},{"@type":"Organization","@id":"https:\/\/www.organisator.ch\/#organization","name":"Organisator","url":"https:\/\/www.organisator.ch\/","logo":{"@type":"ImageObject","inLanguage":"de","@id":"https:\/\/www.organisator.ch\/#\/schema\/logo\/image\/","url":"https:\/\/www.organisator.ch\/wp-content\/uploads\/2022\/01\/Logo_Organisator_Website.png","contentUrl":"https:\/\/www.organisator.ch\/wp-content\/uploads\/2022\/01\/Logo_Organisator_Website.png","width":800,"height":77,"caption":"Organisator"},"image":{"@id":"https:\/\/www.organisator.ch\/#\/schema\/logo\/image\/"},"sameAs":["https:\/\/www.facebook.com\/OrganisatorFachmagazin","https:\/\/www.linkedin.com\/showcase\/organisator-das-magazin-fr-kmu","https:\/\/www.xing.com\/news\/pages\/organisator-ch-695","https:\/\/www.youtube.com\/channel\/UCGP2Sq0iWaZwT3BdIAQFYpw"]},{"@type":"Person","@id":"https:\/\/www.organisator.ch\/#\/schema\/person\/6f650f90b2842cd4c0cc334b4e36f67e","name":"thomas.berner","image":{"@type":"ImageObject","inLanguage":"de","@id":"https:\/\/secure.gravatar.com\/avatar\/ac5001d2a36cb6c6cd3e50789007ffca834b477b74a2144564522e944eabff61?s=96&d=mm&r=g","url":"https:\/\/secure.gravatar.com\/avatar\/ac5001d2a36cb6c6cd3e50789007ffca834b477b74a2144564522e944eabff61?s=96&d=mm&r=g","contentUrl":"https:\/\/secure.gravatar.com\/avatar\/ac5001d2a36cb6c6cd3e50789007ffca834b477b74a2144564522e944eabff61?s=96&d=mm&r=g","caption":"thomas.berner"},"url":"https:\/\/www.organisator.ch\/de\/author\/thomas-berner\/"}]}},"_links":{"self":[{"href":"https:\/\/www.organisator.ch\/de\/wp-json\/wp\/v2\/posts\/5661","targetHints":{"allow":["GET"]}}],"collection":[{"href":"https:\/\/www.organisator.ch\/de\/wp-json\/wp\/v2\/posts"}],"about":[{"href":"https:\/\/www.organisator.ch\/de\/wp-json\/wp\/v2\/types\/post"}],"author":[{"embeddable":true,"href":"https:\/\/www.organisator.ch\/de\/wp-json\/wp\/v2\/users\/4"}],"replies":[{"embeddable":true,"href":"https:\/\/www.organisator.ch\/de\/wp-json\/wp\/v2\/comments?post=5661"}],"version-history":[{"count":0,"href":"https:\/\/www.organisator.ch\/de\/wp-json\/wp\/v2\/posts\/5661\/revisions"}],"wp:featuredmedia":[{"embeddable":true,"href":"https:\/\/www.organisator.ch\/de\/wp-json\/wp\/v2\/media\/5662"}],"wp:attachment":[{"href":"https:\/\/www.organisator.ch\/de\/wp-json\/wp\/v2\/media?parent=5661"}],"wp:term":[{"taxonomy":"category","embeddable":true,"href":"https:\/\/www.organisator.ch\/de\/wp-json\/wp\/v2\/categories?post=5661"},{"taxonomy":"post_tag","embeddable":true,"href":"https:\/\/www.organisator.ch\/de\/wp-json\/wp\/v2\/tags?post=5661"}],"curies":[{"name":"wp","href":"https:\/\/api.w.org\/{rel}","templated":true}]}}