{"id":5708,"date":"2019-08-22T09:36:11","date_gmt":"2019-08-22T07:36:11","guid":{"rendered":"https:\/\/www.organisator.ch\/?p=5708"},"modified":"2019-08-22T09:36:11","modified_gmt":"2019-08-22T07:36:11","slug":"work-smart-neue-partnerschaft-foerdert-flexibles-arbeiten","status":"publish","type":"post","link":"https:\/\/www.organisator.ch\/de\/management\/2019-08-22\/work-smart-neue-partnerschaft-foerdert-flexibles-arbeiten\/","title":{"rendered":"Work Smart: Neue Partnerschaft f\u00f6rdert flexibles Arbeiten"},"content":{"rendered":"<figure id=\"attachment_5711\" aria-describedby=\"caption-attachment-5711\" style=\"width: 680px\" class=\"wp-caption alignnone\"><img loading=\"lazy\" decoding=\"async\" class=\"size-medium wp-image-5711\" src=\"https:\/\/www.organisator.ch\/wp-content\/uploads\/2019\/08\/Work-Smart-Neue-Partnerschaft-foerdert-flexibles-Arbeiten_Organisator.jpg\" alt=\"\" width=\"680\" height=\"454\" srcset=\"https:\/\/www.organisator.ch\/wp-content\/uploads\/2019\/08\/Work-Smart-Neue-Partnerschaft-foerdert-flexibles-Arbeiten_Organisator.jpg 680w, https:\/\/www.organisator.ch\/wp-content\/uploads\/2019\/08\/Work-Smart-Neue-Partnerschaft-foerdert-flexibles-Arbeiten_Organisator-16x12.jpg 16w, https:\/\/www.organisator.ch\/wp-content\/uploads\/2019\/08\/Work-Smart-Neue-Partnerschaft-foerdert-flexibles-Arbeiten_Organisator-262x175.jpg 262w, https:\/\/www.organisator.ch\/wp-content\/uploads\/2019\/08\/Work-Smart-Neue-Partnerschaft-foerdert-flexibles-Arbeiten_Organisator-524x350.jpg 524w, https:\/\/www.organisator.ch\/wp-content\/uploads\/2019\/08\/Work-Smart-Neue-Partnerschaft-foerdert-flexibles-Arbeiten_Organisator-300x200.jpg 300w\" sizes=\"auto, (max-width: 680px) 100vw, 680px\" \/><figcaption id=\"caption-attachment-5711\" class=\"wp-caption-text\">Work Smart: Mitglieder des Kaufm\u00e4nnischen Verbands k\u00f6nnen zu reduzierten Preisen die Coworking Spaces von VillageOffice nutzen. (Symbolbild; Quelle: Pixabay.com)<\/figcaption><\/figure>\n<p>Der Kaufm\u00e4nnische Verband und die VillageOffice Genossenschaft treten ab heute in eine Partnerschaft. Unabh\u00e4ngig voneinander verfolgen beide Organisationen das Ziel, moderne und flexible Arbeitsformen zu f\u00f6rdern und Berufst\u00e4tige auf die Arbeitswelt von morgen vorzubereiten. Mit der neuen Zusammenarbeit m\u00f6chten sie gemeinsame Synergien nutzen. Als Berufsverband f\u00fcr kaufm\u00e4nnische und betriebswirtschaftliche Angestellte betreut der Kaufm\u00e4nnische Verband heute rund 46 000 Mitglieder. VillageOffice ist seit 2016 daran, ein schweizweites Netzwerk von Partner Spaces aufzubauen. Das sind Coworking Spaces, eingebettet in ein \u00d6kosystem von lokalen Dienstleistern. Heute besteht das Netzwerk aus rund 60 Coworking Spaces. Im Rahmen der neuen Partnerschaft d\u00fcrfen Mitglieder des Kaufm\u00e4nnischen Verbands einen Tag pro Jahr gratis an einem der ausgew\u00e4hlten Standorte coworken. F\u00fcr alle weiteren Tage profitieren sie von einem Spezialpreis von CHF 30.00 pro Tag.<\/p>\n<h2>Auch Unternehmen profitieren<\/h2>\n<p>Mit der neuen Partnerschaft profitieren Mitglieder des Kaufm\u00e4nnischen Verbands aber nicht nur von finanziellen Vorteilen. In der Schweiz pendeln rund 70% der Berufst\u00e4tigen zu einem Arbeitsort ausserhalb ihrer Wohngemeinde (BfS 2019). Durch die Nutzung von nahe gelegenen Coworking Spaces als externe B\u00fcros oder Sitzungsr\u00e4ume werden Erwerbst\u00e4tige zeitlich und geografisch flexibler. K\u00fcrzere Arbeitswege r\u00e4umen mehr Zeit f\u00fcr Familie, Freunde und Hobbys ein. \u00abUnser Ziel ist es, dass bis 2030 jede Person in der Schweiz den n\u00e4chsten Coworking Space innerhalb von 15 Minuten per Velo oder \u00d6V erreicht\u00bb, sagt Jenny Sch\u00e4pper-Uster, Partnerin und Mitgr\u00fcnderin von VillageOffice. Das f\u00f6rdere nicht nur die lokale Wirtschaft und entlaste die Verkehrsinfrastruktur, auch trage dies zu einer besseren Work-Life-Balance bei. Dies wiederum wirke sich positiv auf die Motivation und das Engagement f\u00fcr das Unternehmen aus. Von Coworking Spaces profitieren also nicht nur Mitarbeitende, sondern auch Arbeitgeber. Mit der externen Infrastruktur k\u00f6nnen sie ihren Angestellten flexible L\u00f6sungen anbieten und gleichzeitig interne Fixkosten sparen.<\/p>\n<h2>Partnerschaft f\u00fcr eine bessere Vereinbarkeit von Beruf und Privatleben<\/h2>\n<p>Auch der Kaufm\u00e4nnische Verband sieht in der neuen Arbeitsform grosses Potenzial f\u00fcr den zuk\u00fcnftigen Arbeitsmarkt. Den gr\u00f6ssten Zuwachs verzeichnet derzeit die Berufsgruppe mit h\u00f6heren Funktionen im kaufm\u00e4nnisch-betriebswirtschaftlichen Bereich. Sie profitiert potenziell am meisten von den Chancen f\u00fcr zeitlich und \u00f6rtlich flexibles Arbeiten. Auch mit der stetig wachsenden Gig-\u00d6konomie gewinnt dezentrales Arbeiten zunehmend an Bedeutung. \u00abWir setzen uns auf politischer Ebene f\u00fcr eine\u00a0Modernisierung des Arbeitsgesetzes und f\u00fcr gute Rahmenbedingungen f\u00fcr neue Arbeitsformen ein\u00bb, erkl\u00e4rt Ursula H\u00e4fliger, Verantwortliche Politik beim Kaufm\u00e4nnischen Verband. Ziel sei es, flexibles Arbeiten zu beg\u00fcnstigen und gleichzeitig den Gesundheitsschutz zu st\u00e4rken. \u00abZudem ist die soziale Absicherung f\u00fcr neue Arbeitsformen zu gew\u00e4hrleisten. Flexibles Arbeiten kann gerade f\u00fcr Leute mit ausserberuflichen Verpflichtungen der Schl\u00fcssel zur Weiterf\u00fchrung der Erwerbsarbeit sein.\u00bb Der Kaufm\u00e4nnische Verband weist ein langj\u00e4hriges Engagement im Bereich Vereinbarkeit von Beruf und Privatleben auf.<\/p>\n<h2>Gratis coworken w\u00e4hrend der Work Smart Week<\/h2>\n<p>Die Ank\u00fcndigung der Partnerschaft erfolgt p\u00fcnktlich auf die diesj\u00e4hrige Work Smart Week (<a href=\"http:\/\/www.work-smart-initiative.ch\">work-smart-initiative.ch<\/a>). Vom 26. bis 30. August 2019 organisieren verschiedene Unternehmen im Rahmen der Initiative Events zu Themen rund um flexibles und ortsunabh\u00e4ngiges Arbeiten. Mitglieder des Kaufm\u00e4nnischen Verbands und Interessenten k\u00f6nnen die Member Spaces von Coworking Switzerland (coworking.ch) w\u00e4hrend diesen Tagen kostenlos ausprobieren. Der Kaufm\u00e4nnische Verband ist seit der Gr\u00fcndung der Work Smart Initiative 2015 Patronatspartner, VillageOffice unterst\u00fctzt die Initiative als Partnerin.<\/p>\n<p>Weitere Informationen: <a href=\"http:\/\/www.kfmv.ch\">kfmv<\/a> und <a href=\"http:\/\/www.villageoffice.ch\">VillageOffice<\/a><\/p>\n","protected":false},"excerpt":{"rendered":"<p>Der Kaufm\u00e4nnische Verband und die VillageOffice Genossenschaft treten ab heute in eine Partnerschaft. Unabh\u00e4ngig voneinander verfolgen beide Organisationen das Ziel, moderne und flexible Arbeitsformen zu f\u00f6rdern und Berufst\u00e4tige auf die Arbeitswelt von morgen vorzubereiten. Mit der neuen Zusammenarbeit m\u00f6chten sie gemeinsame Synergien nutzen. Als Berufsverband f\u00fcr kaufm\u00e4nnische und betriebswirtschaftliche Angestellte betreut der Kaufm\u00e4nnische Verband heute [&hellip;]<\/p>\n","protected":false},"author":4,"featured_media":5711,"comment_status":"open","ping_status":"open","sticky":false,"template":"","format":"standard","meta":{"_acf_changed":false,"_yoast_wpseo_focuskw":"Work Smart","_yoast_wpseo_metadesc":"Mit einer neuen Zusammenarbeit m\u00f6chten die Partner Kaufm\u00e4nnischer Verband und VillageOffice der Work Smart Initiative flexibles Arbeiten f\u00f6rdern.","articlekey":"","footnotes":""},"categories":[28],"tags":[51,135,254,363,492],"class_list":["post-5708","post","type-post","status-publish","format-standard","has-post-thumbnail","hentry","category-management","tag-arbeitsplatzgestaltung","tag-coworking","tag-hrm","tag-new-work","tag-unternehmen"],"acf":[],"yoast_head":"<!-- This site is optimized with the Yoast SEO plugin v27.4 - https:\/\/yoast.com\/product\/yoast-seo-wordpress\/ -->\n<title>Work Smart: Neue Partnerschaft f\u00f6rdert flexibles Arbeiten - Organisator<\/title>\n<meta name=\"description\" content=\"Mit einer neuen Zusammenarbeit m\u00f6chten die Partner Kaufm\u00e4nnischer Verband und VillageOffice der Work Smart Initiative flexibles Arbeiten f\u00f6rdern.\" \/>\n<meta name=\"robots\" content=\"index, follow, max-snippet:-1, max-image-preview:large, max-video-preview:-1\" \/>\n<link rel=\"canonical\" href=\"https:\/\/www.organisator.ch\/de\/management\/2019-08-22\/work-smart-neue-partnerschaft-foerdert-flexibles-arbeiten\/\" \/>\n<meta property=\"og:locale\" content=\"de_DE\" \/>\n<meta property=\"og:type\" content=\"article\" \/>\n<meta property=\"og:title\" content=\"Work Smart: Neue Partnerschaft f\u00f6rdert flexibles Arbeiten\" \/>\n<meta property=\"og:description\" content=\"Mit einer neuen Zusammenarbeit m\u00f6chten die Partner Kaufm\u00e4nnischer Verband und VillageOffice der Work Smart Initiative flexibles Arbeiten f\u00f6rdern.\" \/>\n<meta property=\"og:url\" content=\"https:\/\/www.organisator.ch\/de\/management\/2019-08-22\/work-smart-neue-partnerschaft-foerdert-flexibles-arbeiten\/\" \/>\n<meta property=\"og:site_name\" content=\"Organisator\" \/>\n<meta property=\"article:publisher\" content=\"https:\/\/www.facebook.com\/OrganisatorFachmagazin\" \/>\n<meta property=\"article:published_time\" content=\"2019-08-22T07:36:11+00:00\" \/>\n<meta property=\"og:image\" content=\"https:\/\/www.organisator.ch\/wp-content\/uploads\/2019\/08\/Work-Smart-Neue-Partnerschaft-foerdert-flexibles-Arbeiten_Organisator.jpg\" \/>\n\t<meta property=\"og:image:width\" content=\"680\" \/>\n\t<meta property=\"og:image:height\" content=\"454\" \/>\n\t<meta property=\"og:image:type\" content=\"image\/jpeg\" \/>\n<meta name=\"author\" content=\"thomas.berner\" \/>\n<meta name=\"twitter:card\" content=\"summary_large_image\" \/>\n<meta name=\"twitter:title\" content=\"#WorkSmart: Neue Partnerschaft f\u00f6rdert flexibles Arbeiten\" \/>\n<meta name=\"twitter:description\" content=\"Mit einer neuen Zusammenarbeit m\u00f6chten die Partner Kaufm\u00e4nnischer Verband und #VillageOffice der Work Smart Initiative flexibles Arbeiten f\u00f6rdern.\" \/>\n<meta name=\"twitter:image\" content=\"https:\/\/www.organisator.ch\/wp-content\/uploads\/2019\/08\/Work-Smart-Neue-Partnerschaft-f\u00f6rdert-flexibles-Arbeiten_Organisator.jpg\" \/>\n<script type=\"application\/ld+json\" class=\"yoast-schema-graph\">{\"@context\":\"https:\\\/\\\/schema.org\",\"@graph\":[{\"@type\":\"Article\",\"@id\":\"https:\\\/\\\/www.organisator.ch\\\/management\\\/2019-08-22\\\/work-smart-neue-partnerschaft-foerdert-flexibles-arbeiten\\\/#article\",\"isPartOf\":{\"@id\":\"https:\\\/\\\/www.organisator.ch\\\/management\\\/2019-08-22\\\/work-smart-neue-partnerschaft-foerdert-flexibles-arbeiten\\\/\"},\"author\":{\"name\":\"thomas.berner\",\"@id\":\"https:\\\/\\\/www.organisator.ch\\\/#\\\/schema\\\/person\\\/6f650f90b2842cd4c0cc334b4e36f67e\"},\"headline\":\"Work Smart: Neue Partnerschaft f\u00f6rdert flexibles Arbeiten\",\"datePublished\":\"2019-08-22T07:36:11+00:00\",\"mainEntityOfPage\":{\"@id\":\"https:\\\/\\\/www.organisator.ch\\\/management\\\/2019-08-22\\\/work-smart-neue-partnerschaft-foerdert-flexibles-arbeiten\\\/\"},\"wordCount\":601,\"commentCount\":0,\"publisher\":{\"@id\":\"https:\\\/\\\/www.organisator.ch\\\/#organization\"},\"image\":{\"@id\":\"https:\\\/\\\/www.organisator.ch\\\/management\\\/2019-08-22\\\/work-smart-neue-partnerschaft-foerdert-flexibles-arbeiten\\\/#primaryimage\"},\"thumbnailUrl\":\"https:\\\/\\\/www.organisator.ch\\\/wp-content\\\/uploads\\\/2019\\\/08\\\/Work-Smart-Neue-Partnerschaft-foerdert-flexibles-Arbeiten_Organisator.jpg\",\"keywords\":[\"Arbeitsplatzgestaltung\",\"Coworking\",\"HRM\",\"New Work\",\"Unternehmen\"],\"articleSection\":[\"MANAGEMENT\"],\"inLanguage\":\"de\"},{\"@type\":\"WebPage\",\"@id\":\"https:\\\/\\\/www.organisator.ch\\\/management\\\/2019-08-22\\\/work-smart-neue-partnerschaft-foerdert-flexibles-arbeiten\\\/\",\"url\":\"https:\\\/\\\/www.organisator.ch\\\/management\\\/2019-08-22\\\/work-smart-neue-partnerschaft-foerdert-flexibles-arbeiten\\\/\",\"name\":\"Work Smart: Neue Partnerschaft f\u00f6rdert flexibles Arbeiten - Organisator\",\"isPartOf\":{\"@id\":\"https:\\\/\\\/www.organisator.ch\\\/#website\"},\"primaryImageOfPage\":{\"@id\":\"https:\\\/\\\/www.organisator.ch\\\/management\\\/2019-08-22\\\/work-smart-neue-partnerschaft-foerdert-flexibles-arbeiten\\\/#primaryimage\"},\"image\":{\"@id\":\"https:\\\/\\\/www.organisator.ch\\\/management\\\/2019-08-22\\\/work-smart-neue-partnerschaft-foerdert-flexibles-arbeiten\\\/#primaryimage\"},\"thumbnailUrl\":\"https:\\\/\\\/www.organisator.ch\\\/wp-content\\\/uploads\\\/2019\\\/08\\\/Work-Smart-Neue-Partnerschaft-foerdert-flexibles-Arbeiten_Organisator.jpg\",\"datePublished\":\"2019-08-22T07:36:11+00:00\",\"description\":\"Mit einer neuen Zusammenarbeit m\u00f6chten die Partner Kaufm\u00e4nnischer Verband und VillageOffice der Work Smart Initiative flexibles Arbeiten f\u00f6rdern.\",\"breadcrumb\":{\"@id\":\"https:\\\/\\\/www.organisator.ch\\\/management\\\/2019-08-22\\\/work-smart-neue-partnerschaft-foerdert-flexibles-arbeiten\\\/#breadcrumb\"},\"inLanguage\":\"de\",\"potentialAction\":[{\"@type\":\"ReadAction\",\"target\":[\"https:\\\/\\\/www.organisator.ch\\\/management\\\/2019-08-22\\\/work-smart-neue-partnerschaft-foerdert-flexibles-arbeiten\\\/\"]}]},{\"@type\":\"ImageObject\",\"inLanguage\":\"de\",\"@id\":\"https:\\\/\\\/www.organisator.ch\\\/management\\\/2019-08-22\\\/work-smart-neue-partnerschaft-foerdert-flexibles-arbeiten\\\/#primaryimage\",\"url\":\"https:\\\/\\\/www.organisator.ch\\\/wp-content\\\/uploads\\\/2019\\\/08\\\/Work-Smart-Neue-Partnerschaft-foerdert-flexibles-Arbeiten_Organisator.jpg\",\"contentUrl\":\"https:\\\/\\\/www.organisator.ch\\\/wp-content\\\/uploads\\\/2019\\\/08\\\/Work-Smart-Neue-Partnerschaft-foerdert-flexibles-Arbeiten_Organisator.jpg\",\"width\":680,\"height\":454,\"caption\":\"Work Smart: Mitglieder des Kaufm\u00e4nnischen Verbands k\u00f6nnen zu reduzierten Preisen die Coworking Spaces von VillageOffice nutzen. (Symbolbild; Quelle: Pixabay.com)\"},{\"@type\":\"BreadcrumbList\",\"@id\":\"https:\\\/\\\/www.organisator.ch\\\/management\\\/2019-08-22\\\/work-smart-neue-partnerschaft-foerdert-flexibles-arbeiten\\\/#breadcrumb\",\"itemListElement\":[{\"@type\":\"ListItem\",\"position\":1,\"name\":\"Home\",\"item\":\"https:\\\/\\\/www.organisator.ch\\\/\"},{\"@type\":\"ListItem\",\"position\":2,\"name\":\"Work Smart: Neue Partnerschaft f\u00f6rdert flexibles Arbeiten\"}]},{\"@type\":\"WebSite\",\"@id\":\"https:\\\/\\\/www.organisator.ch\\\/#website\",\"url\":\"https:\\\/\\\/www.organisator.ch\\\/\",\"name\":\"Organisator\",\"description\":\"Kompetent. Praxisnah. Der ORGANISATOR bereitet in 10 Ausgaben pro Jahr die wesentlichen Themen f\u00fcr F\u00fchrungskr\u00e4fte von KMU auf.\",\"publisher\":{\"@id\":\"https:\\\/\\\/www.organisator.ch\\\/#organization\"},\"potentialAction\":[{\"@type\":\"SearchAction\",\"target\":{\"@type\":\"EntryPoint\",\"urlTemplate\":\"https:\\\/\\\/www.organisator.ch\\\/?s={search_term_string}\"},\"query-input\":{\"@type\":\"PropertyValueSpecification\",\"valueRequired\":true,\"valueName\":\"search_term_string\"}}],\"inLanguage\":\"de\"},{\"@type\":\"Organization\",\"@id\":\"https:\\\/\\\/www.organisator.ch\\\/#organization\",\"name\":\"Organisator\",\"url\":\"https:\\\/\\\/www.organisator.ch\\\/\",\"logo\":{\"@type\":\"ImageObject\",\"inLanguage\":\"de\",\"@id\":\"https:\\\/\\\/www.organisator.ch\\\/#\\\/schema\\\/logo\\\/image\\\/\",\"url\":\"https:\\\/\\\/www.organisator.ch\\\/wp-content\\\/uploads\\\/2022\\\/01\\\/Logo_Organisator_Website.png\",\"contentUrl\":\"https:\\\/\\\/www.organisator.ch\\\/wp-content\\\/uploads\\\/2022\\\/01\\\/Logo_Organisator_Website.png\",\"width\":800,\"height\":77,\"caption\":\"Organisator\"},\"image\":{\"@id\":\"https:\\\/\\\/www.organisator.ch\\\/#\\\/schema\\\/logo\\\/image\\\/\"},\"sameAs\":[\"https:\\\/\\\/www.facebook.com\\\/OrganisatorFachmagazin\",\"https:\\\/\\\/www.linkedin.com\\\/showcase\\\/organisator-das-magazin-fr-kmu\",\"https:\\\/\\\/www.xing.com\\\/news\\\/pages\\\/organisator-ch-695\",\"https:\\\/\\\/www.youtube.com\\\/channel\\\/UCGP2Sq0iWaZwT3BdIAQFYpw\"]},{\"@type\":\"Person\",\"@id\":\"https:\\\/\\\/www.organisator.ch\\\/#\\\/schema\\\/person\\\/6f650f90b2842cd4c0cc334b4e36f67e\",\"name\":\"thomas.berner\",\"image\":{\"@type\":\"ImageObject\",\"inLanguage\":\"de\",\"@id\":\"https:\\\/\\\/secure.gravatar.com\\\/avatar\\\/ac5001d2a36cb6c6cd3e50789007ffca834b477b74a2144564522e944eabff61?s=96&d=mm&r=g\",\"url\":\"https:\\\/\\\/secure.gravatar.com\\\/avatar\\\/ac5001d2a36cb6c6cd3e50789007ffca834b477b74a2144564522e944eabff61?s=96&d=mm&r=g\",\"contentUrl\":\"https:\\\/\\\/secure.gravatar.com\\\/avatar\\\/ac5001d2a36cb6c6cd3e50789007ffca834b477b74a2144564522e944eabff61?s=96&d=mm&r=g\",\"caption\":\"thomas.berner\"},\"url\":\"https:\\\/\\\/www.organisator.ch\\\/de\\\/author\\\/thomas-berner\\\/\"}]}<\/script>\n<!-- \/ Yoast SEO plugin. -->","yoast_head_json":{"title":"Work Smart: Neue Partnerschaft f\u00f6rdert flexibles Arbeiten - Organisator","description":"Mit einer neuen Zusammenarbeit m\u00f6chten die Partner Kaufm\u00e4nnischer Verband und VillageOffice der Work Smart Initiative flexibles Arbeiten f\u00f6rdern.","robots":{"index":"index","follow":"follow","max-snippet":"max-snippet:-1","max-image-preview":"max-image-preview:large","max-video-preview":"max-video-preview:-1"},"canonical":"https:\/\/www.organisator.ch\/de\/management\/2019-08-22\/work-smart-neue-partnerschaft-foerdert-flexibles-arbeiten\/","og_locale":"de_DE","og_type":"article","og_title":"Work Smart: Neue Partnerschaft f\u00f6rdert flexibles Arbeiten","og_description":"Mit einer neuen Zusammenarbeit m\u00f6chten die Partner Kaufm\u00e4nnischer Verband und VillageOffice der Work Smart Initiative flexibles Arbeiten f\u00f6rdern.","og_url":"https:\/\/www.organisator.ch\/de\/management\/2019-08-22\/work-smart-neue-partnerschaft-foerdert-flexibles-arbeiten\/","og_site_name":"Organisator","article_publisher":"https:\/\/www.facebook.com\/OrganisatorFachmagazin","article_published_time":"2019-08-22T07:36:11+00:00","og_image":[{"width":680,"height":454,"url":"https:\/\/www.organisator.ch\/wp-content\/uploads\/2019\/08\/Work-Smart-Neue-Partnerschaft-foerdert-flexibles-Arbeiten_Organisator.jpg","type":"image\/jpeg"}],"author":"thomas.berner","twitter_card":"summary_large_image","twitter_title":"#WorkSmart: Neue Partnerschaft f\u00f6rdert flexibles Arbeiten","twitter_description":"Mit einer neuen Zusammenarbeit m\u00f6chten die Partner Kaufm\u00e4nnischer Verband und #VillageOffice der Work Smart Initiative flexibles Arbeiten f\u00f6rdern.","twitter_image":"https:\/\/www.organisator.ch\/wp-content\/uploads\/2019\/08\/Work-Smart-Neue-Partnerschaft-f\u00f6rdert-flexibles-Arbeiten_Organisator.jpg","schema":{"@context":"https:\/\/schema.org","@graph":[{"@type":"Article","@id":"https:\/\/www.organisator.ch\/management\/2019-08-22\/work-smart-neue-partnerschaft-foerdert-flexibles-arbeiten\/#article","isPartOf":{"@id":"https:\/\/www.organisator.ch\/management\/2019-08-22\/work-smart-neue-partnerschaft-foerdert-flexibles-arbeiten\/"},"author":{"name":"thomas.berner","@id":"https:\/\/www.organisator.ch\/#\/schema\/person\/6f650f90b2842cd4c0cc334b4e36f67e"},"headline":"Work Smart: Neue Partnerschaft f\u00f6rdert flexibles Arbeiten","datePublished":"2019-08-22T07:36:11+00:00","mainEntityOfPage":{"@id":"https:\/\/www.organisator.ch\/management\/2019-08-22\/work-smart-neue-partnerschaft-foerdert-flexibles-arbeiten\/"},"wordCount":601,"commentCount":0,"publisher":{"@id":"https:\/\/www.organisator.ch\/#organization"},"image":{"@id":"https:\/\/www.organisator.ch\/management\/2019-08-22\/work-smart-neue-partnerschaft-foerdert-flexibles-arbeiten\/#primaryimage"},"thumbnailUrl":"https:\/\/www.organisator.ch\/wp-content\/uploads\/2019\/08\/Work-Smart-Neue-Partnerschaft-foerdert-flexibles-Arbeiten_Organisator.jpg","keywords":["Arbeitsplatzgestaltung","Coworking","HRM","New Work","Unternehmen"],"articleSection":["MANAGEMENT"],"inLanguage":"de"},{"@type":"WebPage","@id":"https:\/\/www.organisator.ch\/management\/2019-08-22\/work-smart-neue-partnerschaft-foerdert-flexibles-arbeiten\/","url":"https:\/\/www.organisator.ch\/management\/2019-08-22\/work-smart-neue-partnerschaft-foerdert-flexibles-arbeiten\/","name":"Work Smart: Neue Partnerschaft f\u00f6rdert flexibles Arbeiten - Organisator","isPartOf":{"@id":"https:\/\/www.organisator.ch\/#website"},"primaryImageOfPage":{"@id":"https:\/\/www.organisator.ch\/management\/2019-08-22\/work-smart-neue-partnerschaft-foerdert-flexibles-arbeiten\/#primaryimage"},"image":{"@id":"https:\/\/www.organisator.ch\/management\/2019-08-22\/work-smart-neue-partnerschaft-foerdert-flexibles-arbeiten\/#primaryimage"},"thumbnailUrl":"https:\/\/www.organisator.ch\/wp-content\/uploads\/2019\/08\/Work-Smart-Neue-Partnerschaft-foerdert-flexibles-Arbeiten_Organisator.jpg","datePublished":"2019-08-22T07:36:11+00:00","description":"Mit einer neuen Zusammenarbeit m\u00f6chten die Partner Kaufm\u00e4nnischer Verband und VillageOffice der Work Smart Initiative flexibles Arbeiten f\u00f6rdern.","breadcrumb":{"@id":"https:\/\/www.organisator.ch\/management\/2019-08-22\/work-smart-neue-partnerschaft-foerdert-flexibles-arbeiten\/#breadcrumb"},"inLanguage":"de","potentialAction":[{"@type":"ReadAction","target":["https:\/\/www.organisator.ch\/management\/2019-08-22\/work-smart-neue-partnerschaft-foerdert-flexibles-arbeiten\/"]}]},{"@type":"ImageObject","inLanguage":"de","@id":"https:\/\/www.organisator.ch\/management\/2019-08-22\/work-smart-neue-partnerschaft-foerdert-flexibles-arbeiten\/#primaryimage","url":"https:\/\/www.organisator.ch\/wp-content\/uploads\/2019\/08\/Work-Smart-Neue-Partnerschaft-foerdert-flexibles-Arbeiten_Organisator.jpg","contentUrl":"https:\/\/www.organisator.ch\/wp-content\/uploads\/2019\/08\/Work-Smart-Neue-Partnerschaft-foerdert-flexibles-Arbeiten_Organisator.jpg","width":680,"height":454,"caption":"Work Smart: Mitglieder des Kaufm\u00e4nnischen Verbands k\u00f6nnen zu reduzierten Preisen die Coworking Spaces von VillageOffice nutzen. (Symbolbild; Quelle: Pixabay.com)"},{"@type":"BreadcrumbList","@id":"https:\/\/www.organisator.ch\/management\/2019-08-22\/work-smart-neue-partnerschaft-foerdert-flexibles-arbeiten\/#breadcrumb","itemListElement":[{"@type":"ListItem","position":1,"name":"Home","item":"https:\/\/www.organisator.ch\/"},{"@type":"ListItem","position":2,"name":"Work Smart: Neue Partnerschaft f\u00f6rdert flexibles Arbeiten"}]},{"@type":"WebSite","@id":"https:\/\/www.organisator.ch\/#website","url":"https:\/\/www.organisator.ch\/","name":"Organisator","description":"Kompetent. Praxisnah. Der ORGANISATOR bereitet in 10 Ausgaben pro Jahr die wesentlichen Themen f\u00fcr F\u00fchrungskr\u00e4fte von KMU auf.","publisher":{"@id":"https:\/\/www.organisator.ch\/#organization"},"potentialAction":[{"@type":"SearchAction","target":{"@type":"EntryPoint","urlTemplate":"https:\/\/www.organisator.ch\/?s={search_term_string}"},"query-input":{"@type":"PropertyValueSpecification","valueRequired":true,"valueName":"search_term_string"}}],"inLanguage":"de"},{"@type":"Organization","@id":"https:\/\/www.organisator.ch\/#organization","name":"Organisator","url":"https:\/\/www.organisator.ch\/","logo":{"@type":"ImageObject","inLanguage":"de","@id":"https:\/\/www.organisator.ch\/#\/schema\/logo\/image\/","url":"https:\/\/www.organisator.ch\/wp-content\/uploads\/2022\/01\/Logo_Organisator_Website.png","contentUrl":"https:\/\/www.organisator.ch\/wp-content\/uploads\/2022\/01\/Logo_Organisator_Website.png","width":800,"height":77,"caption":"Organisator"},"image":{"@id":"https:\/\/www.organisator.ch\/#\/schema\/logo\/image\/"},"sameAs":["https:\/\/www.facebook.com\/OrganisatorFachmagazin","https:\/\/www.linkedin.com\/showcase\/organisator-das-magazin-fr-kmu","https:\/\/www.xing.com\/news\/pages\/organisator-ch-695","https:\/\/www.youtube.com\/channel\/UCGP2Sq0iWaZwT3BdIAQFYpw"]},{"@type":"Person","@id":"https:\/\/www.organisator.ch\/#\/schema\/person\/6f650f90b2842cd4c0cc334b4e36f67e","name":"thomas.berner","image":{"@type":"ImageObject","inLanguage":"de","@id":"https:\/\/secure.gravatar.com\/avatar\/ac5001d2a36cb6c6cd3e50789007ffca834b477b74a2144564522e944eabff61?s=96&d=mm&r=g","url":"https:\/\/secure.gravatar.com\/avatar\/ac5001d2a36cb6c6cd3e50789007ffca834b477b74a2144564522e944eabff61?s=96&d=mm&r=g","contentUrl":"https:\/\/secure.gravatar.com\/avatar\/ac5001d2a36cb6c6cd3e50789007ffca834b477b74a2144564522e944eabff61?s=96&d=mm&r=g","caption":"thomas.berner"},"url":"https:\/\/www.organisator.ch\/de\/author\/thomas-berner\/"}]}},"_links":{"self":[{"href":"https:\/\/www.organisator.ch\/de\/wp-json\/wp\/v2\/posts\/5708","targetHints":{"allow":["GET"]}}],"collection":[{"href":"https:\/\/www.organisator.ch\/de\/wp-json\/wp\/v2\/posts"}],"about":[{"href":"https:\/\/www.organisator.ch\/de\/wp-json\/wp\/v2\/types\/post"}],"author":[{"embeddable":true,"href":"https:\/\/www.organisator.ch\/de\/wp-json\/wp\/v2\/users\/4"}],"replies":[{"embeddable":true,"href":"https:\/\/www.organisator.ch\/de\/wp-json\/wp\/v2\/comments?post=5708"}],"version-history":[{"count":0,"href":"https:\/\/www.organisator.ch\/de\/wp-json\/wp\/v2\/posts\/5708\/revisions"}],"wp:featuredmedia":[{"embeddable":true,"href":"https:\/\/www.organisator.ch\/de\/wp-json\/wp\/v2\/media\/5711"}],"wp:attachment":[{"href":"https:\/\/www.organisator.ch\/de\/wp-json\/wp\/v2\/media?parent=5708"}],"wp:term":[{"taxonomy":"category","embeddable":true,"href":"https:\/\/www.organisator.ch\/de\/wp-json\/wp\/v2\/categories?post=5708"},{"taxonomy":"post_tag","embeddable":true,"href":"https:\/\/www.organisator.ch\/de\/wp-json\/wp\/v2\/tags?post=5708"}],"curies":[{"name":"wp","href":"https:\/\/api.w.org\/{rel}","templated":true}]}}