{"id":5727,"date":"2019-08-26T08:34:15","date_gmt":"2019-08-26T06:34:15","guid":{"rendered":"https:\/\/www.organisator.ch\/?p=5727"},"modified":"2019-08-26T08:34:15","modified_gmt":"2019-08-26T06:34:15","slug":"verwaltungsraete-als-treiber-der-digitalisierung","status":"publish","type":"post","link":"https:\/\/www.organisator.ch\/de\/management\/2019-08-26\/verwaltungsraete-als-treiber-der-digitalisierung\/","title":{"rendered":"Verwaltungsr\u00e4te als Treiber der Digitalisierung"},"content":{"rendered":"<figure id=\"attachment_5729\" aria-describedby=\"caption-attachment-5729\" style=\"width: 680px\" class=\"wp-caption alignnone\"><img loading=\"lazy\" decoding=\"async\" class=\"size-medium wp-image-5729\" src=\"https:\/\/www.organisator.ch\/wp-content\/uploads\/2019\/08\/Verwaltungsraete-als-Treiber-der-Digitalisierung_Organisator.jpg\" alt=\"\" width=\"680\" height=\"425\" srcset=\"https:\/\/www.organisator.ch\/wp-content\/uploads\/2019\/08\/Verwaltungsraete-als-Treiber-der-Digitalisierung_Organisator.jpg 680w, https:\/\/www.organisator.ch\/wp-content\/uploads\/2019\/08\/Verwaltungsraete-als-Treiber-der-Digitalisierung_Organisator-16x10.jpg 16w, https:\/\/www.organisator.ch\/wp-content\/uploads\/2019\/08\/Verwaltungsraete-als-Treiber-der-Digitalisierung_Organisator-280x175.jpg 280w, https:\/\/www.organisator.ch\/wp-content\/uploads\/2019\/08\/Verwaltungsraete-als-Treiber-der-Digitalisierung_Organisator-560x350.jpg 560w, https:\/\/www.organisator.ch\/wp-content\/uploads\/2019\/08\/Verwaltungsraete-als-Treiber-der-Digitalisierung_Organisator-300x188.jpg 300w\" sizes=\"auto, (max-width: 680px) 100vw, 680px\" \/><figcaption id=\"caption-attachment-5729\" class=\"wp-caption-text\">Schweizer Verwaltungsr\u00e4te treiben die Digitalisierung voran \u2013 Herausforderungen sind hohe Kosten und ethische Fragen. (Bild: Gerd Altmann \/ Pixabay.com)<\/figcaption><\/figure>\n<p>Digitalisierung und Automatisierung sind im laufenden Jahr die wichtigsten Themen in den Steuerungsgremien der Unternehmen in der Schweiz \u2013 das zeigt der swissVR Monitor, der von der Vereinigung swissVR zusammen mit dem Beratungsunternehmen Deloitte und der Hochschule Luzern erstellt wird. In der aktuellen Umfrage bei rund 400 Verwaltungsr\u00e4tinnen und Verwaltungsr\u00e4ten wird klar: Wenn es um das Thema Digitalisierung geht, w\u00e4hlen die Unternehmen einen pragmatischen Ansatz (91%) und sind mehrheitlich (60%) davon \u00fcberzeugt, bereits weiter fortgeschritten zu sein als die Konkurrenz. Letztere Aussage gilt in viel st\u00e4rkerem Ausmass f\u00fcr Grossunternehmen (70%) als f\u00fcr KMU (54%). Die befragten Verwaltungsr\u00e4te sind aber auch etwas verunsichert: Weniger als ein F\u00fcnftel sind voll \u00fcberzeugt davon, dass der Verwaltungsrat (19%) beziehungsweise die Gesch\u00e4ftsleitung (18%) ihres Unternehmens gen\u00fcgend Knowhow und Kompetenzen mitbringen, um die digitale Transformation erfolgreich voranzutreiben.<\/p>\n<h2>Verwaltungsr\u00e4te glauben an die Chancen der Digitalisierung<\/h2>\n<p>Die grosse Mehrheit der Befragten ist vollst\u00e4ndig (36%) oder eher (46%) der Ansicht, dass die Digitalisierung neue Gesch\u00e4ftsm\u00f6glichkeiten sowie Chancen f\u00fcr Mehrumsatz er\u00f6ffnet. Grossunternehmen (90%) sehen dies positiver als KMU (78%). Die Digitalisierung bringt aber auch Risiken mit sich, so erfordert sie hohe Investitionen und verursacht Mehrkosten, die auf Margen und Gesch\u00e4ftsergebnisse dr\u00fccken: F\u00fcr 15 Prozent trifft diese Aussage voll und f\u00fcr 42 Prozent eher zu. 69 Prozent meinen zudem, dass der digitale Datenaustausch im Verwaltungsrat tendenziell das Sicherheitsrisiko durch Cyberangriffe erh\u00f6ht. Und mit potenziellen Digitalisierungsrisiken ethischer Natur wie Arbeitsplatzabbau, Diskriminierung, Manipulation oder Datenschutz befasst sich nur eine Minderheit von 46 Prozent der Befragten.<\/p>\n<h2>Change Management erfolgsentscheidend<\/h2>\n<p>\u00abDiese Resultate entsprechen weitgehend unseren Erfahrungen als Berater unterschiedlichster Transformationsprojekte. Damit die Kosten bei der digitalen Transformation nicht aus dem Ruder laufen oder Projekte jahrelang den Gewinn schm\u00e4lern, ist eine klare F\u00fchrung und Verantwortungs\u00fcbernahme durch die Gesch\u00e4ftsleitung genauso notwendig wie ein umfassendes Change Management und ein seri\u00f6ses Projektreporting. Weiter darf der Verwaltungsrat m\u00f6gliche ethische Herausforderungen keinesfalls ausblenden \u2013 er ist genau das richtige Gremium, um solche Fragen zu stellen und Kl\u00e4rung zu schaffen\u00bb, sagt Reto Savoia, CEO Deloitte Schweiz.<\/p>\n<p>Die Digitalisierung umfasst unterschiedlichste Technologien. Die Befragten sch\u00e4tzen Big Data und Automatisierung als die wichtigsten davon ein (Details siehe Grafik). Auch die Bereitstellung von Speicherplatz, Rechenleistung oder Anwendungen \u00fcber das Internet (Cloud-Computing) und die Vernetzung von physischen und virtuellen Gegenst\u00e4nden mit Hilfe von Informations- und Kommunikationstechnologien (Internet der Dinge, IoT) haben eine breite Bedeutung. K\u00fcnstliche Intelligenz und Mobile Computing wurden noch von \u00fcber einem Drittel der Befragten als bedeutendes Thema angegeben.<\/p>\n<h2>Blockchain wichtig f\u00fcr Finanzdienstleister<\/h2>\n<p>Die Technologien werden je nach Branche sehr unterschiedlich eingestuft: Die Blockchain-Technologie hat im Finanzdienstleistungssektor nach wie vor eine hohe Bedeutung (60%), im verarbeitenden Gewerbe sind IoT (61%) und Roboter (35%) \u00fcberdurchschnittlich wichtig.<\/p>\n<p>\u00abZwei digitale Technologien stehen f\u00fcr die meisten Schweizer Unternehmen klar im Vordergrund: Einerseits das Sammeln und Auswerten von grossen Datenmengen und die daraus abgeleitete Vorhersage von Trends, andererseits die Automatisierung von Funktionsabl\u00e4ufen und Arbeitsprozessen, um entlang der gesamten Wertsch\u00f6pfungskette die Effizienz zu steigern. Andere Technologien wie 3D-Druck oder Roboter sind nur f\u00fcr spezifische Branchen interessant. Die Resultate sind eine Momentaufnahme, denn Reifegrade und Anwendungsm\u00f6glichkeiten digitaler Technologien entwickeln und ver\u00e4ndern sich rasch. So hat die Blockchain-Technologie die in sie gesteckten Hoffnungen noch nicht erf\u00fcllen k\u00f6nnen \u2013 ein breiterer Einsatz in einigen Jahren ist aber nach wie vor wahrscheinlich\u00bb, erl\u00e4utert Cornelia Ritz Bossicard, Pr\u00e4sidentin swissVR.<\/p>\n<h2>Digitalisierung ist Chefsache<\/h2>\n<p>Das Digitalisierungsthema wird gem\u00e4ss dem swissVR Monitor eindeutig von der Unternehmensspitze her gesteuert: Die haupts\u00e4chlichen Treiber sind der Verwaltungsrat als Gremium (48%), der CEO (46%) und die Gesch\u00e4ftsleitung (43%). Alle anderen Antwortoptionen wurden von weniger als 18 Prozent ausgew\u00e4hlt. In vier von f\u00fcnf Unternehmen (79%) ist daher die Digitalisierung auch ein integraler Bestandteil der Unternehmensstrategie und weniger als zwei von f\u00fcnf Unternehmen (17%) besitzen eine separate Digitalisierungsstrategie. Nicht alle Unternehmen reagieren allerdings rasch genug oder nehmen sich gen\u00fcgend Zeit f\u00fcr das Thema: Jeweils ein Drittel gibt an, dass ihr Unternehmen zu langsam auf die Herausforderungen der Digitalisierung reagiere (31%) beziehungsweise sich zu wenig Zeit nehme, um sich mit dem Thema auseinanderzusetzen (33%).<\/p>\n<h2>Pragmatische Verwaltungsr\u00e4te<\/h2>\n<p>Prof. Dr. Christoph Lengwiler, Dozent am Institut f\u00fcr Finanzdienstleistungen Zug IFZ der Hochschule Luzern und Vizepr\u00e4sident von swissVR erl\u00e4utert: \u00abEs ist erfreulich zu sehen, dass die Verwaltungsr\u00e4te sich intensiv, aber auch mit dem n\u00f6tigen Pragmatismus mit dem digitalen Wandel befassen. Eine erfolgreiche digitale Transformation bedingt die volle Unterst\u00fctzung durch Verwaltungsrat und Gesch\u00e4ftsleitung, sonst ist ein Scheitern vorprogrammiert. Gleichzeitig sollte aber auch Initiativen aus unteren Unternehmensebenen gen\u00fcgend Platz einger\u00e4umt werden. Und auch externe Impulse wie Workshops oder Weiterbildungen sowie neue Mitglieder mit Digitalisierungswissen k\u00f6nnen einen Verwaltungsrat in Sachen Digitalisierung voranbringen.\u00bb<\/p>\n<p><em>Weitere Informationen:\u00a0<a href=\"http:\/\/www.swissvr.ch\">www.swissvr.ch<\/a><\/em><\/p>\n","protected":false},"excerpt":{"rendered":"<p>Digitalisierung und Automatisierung sind im laufenden Jahr die wichtigsten Themen in den Steuerungsgremien der Unternehmen in der Schweiz \u2013 das zeigt der swissVR Monitor, der von der Vereinigung swissVR zusammen mit dem Beratungsunternehmen Deloitte und der Hochschule Luzern erstellt wird. In der aktuellen Umfrage bei rund 400 Verwaltungsr\u00e4tinnen und Verwaltungsr\u00e4ten wird klar: Wenn es um [&hellip;]<\/p>\n","protected":false},"author":4,"featured_media":5729,"comment_status":"open","ping_status":"open","sticky":false,"template":"","format":"standard","meta":{"_acf_changed":false,"_yoast_wpseo_focuskw":"Verwaltungsr\u00e4te","_yoast_wpseo_metadesc":"\u00dcber vier F\u00fcnftel der befragten Verwaltungsr\u00e4te sehen in der Digitalisierung neue Gesch\u00e4ftsm\u00f6glichkeiten und Chancen f\u00fcr Umsatzwachstum.","articlekey":"","footnotes":""},"categories":[28],"tags":[156,335,459,513],"class_list":["post-5727","post","type-post","status-publish","format-standard","has-post-thumbnail","hentry","category-management","tag-digitalisierung","tag-management-und-unternehmensfuehrung","tag-studie","tag-verwaltungsraete"],"acf":[],"yoast_head":"<!-- This site is optimized with the Yoast SEO plugin v27.5 - https:\/\/yoast.com\/product\/yoast-seo-wordpress\/ -->\n<title>Verwaltungsr\u00e4te als Treiber der Digitalisierung - Organisator<\/title>\n<meta name=\"description\" content=\"\u00dcber vier F\u00fcnftel der befragten Verwaltungsr\u00e4te sehen in der Digitalisierung neue Gesch\u00e4ftsm\u00f6glichkeiten und Chancen f\u00fcr Umsatzwachstum.\" \/>\n<meta name=\"robots\" content=\"index, follow, max-snippet:-1, max-image-preview:large, max-video-preview:-1\" \/>\n<link rel=\"canonical\" href=\"https:\/\/www.organisator.ch\/de\/management\/2019-08-26\/verwaltungsraete-als-treiber-der-digitalisierung\/\" \/>\n<meta property=\"og:locale\" content=\"de_DE\" \/>\n<meta property=\"og:type\" content=\"article\" \/>\n<meta property=\"og:title\" content=\"Verwaltungsr\u00e4te als Treiber der Digitalisierung\" \/>\n<meta property=\"og:description\" content=\"\u00dcber vier F\u00fcnftel der befragten Verwaltungsr\u00e4te sehen in der Digitalisierung neue Gesch\u00e4ftsm\u00f6glichkeiten und Chancen f\u00fcr Umsatzwachstum.\" \/>\n<meta property=\"og:url\" content=\"https:\/\/www.organisator.ch\/de\/management\/2019-08-26\/verwaltungsraete-als-treiber-der-digitalisierung\/\" \/>\n<meta property=\"og:site_name\" content=\"Organisator\" \/>\n<meta property=\"article:publisher\" content=\"https:\/\/www.facebook.com\/OrganisatorFachmagazin\" \/>\n<meta property=\"article:published_time\" content=\"2019-08-26T06:34:15+00:00\" \/>\n<meta property=\"og:image\" content=\"https:\/\/www.organisator.ch\/wp-content\/uploads\/2019\/08\/Verwaltungsraete-als-Treiber-der-Digitalisierung_Organisator.jpg\" \/>\n\t<meta property=\"og:image:width\" content=\"680\" \/>\n\t<meta property=\"og:image:height\" content=\"425\" \/>\n\t<meta property=\"og:image:type\" content=\"image\/jpeg\" \/>\n<meta name=\"author\" content=\"thomas.berner\" \/>\n<meta name=\"twitter:card\" content=\"summary_large_image\" \/>\n<meta name=\"twitter:title\" content=\"#Verwaltungsr\u00e4te als Treiber der #Digitalisierung\" \/>\n<meta name=\"twitter:description\" content=\"\u00dcber vier F\u00fcnftel der befragten #Verwaltungsr\u00e4te sehen in der #Digitalisierung neue Gesch\u00e4ftsm\u00f6glichkeiten und Chancen f\u00fcr Umsatzwachstum.\" \/>\n<meta name=\"twitter:image\" content=\"https:\/\/www.organisator.ch\/wp-content\/uploads\/2019\/08\/Verwaltungsr\u00e4te-als-Treiber-der-Digitalisierung_Organisator.jpg\" \/>\n<script type=\"application\/ld+json\" class=\"yoast-schema-graph\">{\"@context\":\"https:\\\/\\\/schema.org\",\"@graph\":[{\"@type\":\"Article\",\"@id\":\"https:\\\/\\\/www.organisator.ch\\\/management\\\/2019-08-26\\\/verwaltungsraete-als-treiber-der-digitalisierung\\\/#article\",\"isPartOf\":{\"@id\":\"https:\\\/\\\/www.organisator.ch\\\/management\\\/2019-08-26\\\/verwaltungsraete-als-treiber-der-digitalisierung\\\/\"},\"author\":{\"name\":\"thomas.berner\",\"@id\":\"https:\\\/\\\/www.organisator.ch\\\/#\\\/schema\\\/person\\\/6f650f90b2842cd4c0cc334b4e36f67e\"},\"headline\":\"Verwaltungsr\u00e4te als Treiber der Digitalisierung\",\"datePublished\":\"2019-08-26T06:34:15+00:00\",\"mainEntityOfPage\":{\"@id\":\"https:\\\/\\\/www.organisator.ch\\\/management\\\/2019-08-26\\\/verwaltungsraete-als-treiber-der-digitalisierung\\\/\"},\"wordCount\":809,\"commentCount\":0,\"publisher\":{\"@id\":\"https:\\\/\\\/www.organisator.ch\\\/#organization\"},\"image\":{\"@id\":\"https:\\\/\\\/www.organisator.ch\\\/management\\\/2019-08-26\\\/verwaltungsraete-als-treiber-der-digitalisierung\\\/#primaryimage\"},\"thumbnailUrl\":\"https:\\\/\\\/www.organisator.ch\\\/wp-content\\\/uploads\\\/2019\\\/08\\\/Verwaltungsraete-als-Treiber-der-Digitalisierung_Organisator.jpg\",\"keywords\":[\"Digitalisierung\",\"Management und Unternehmensf\u00fchrung\",\"Studie\",\"Verwaltungsr\u00e4te\"],\"articleSection\":[\"MANAGEMENT\"],\"inLanguage\":\"de\"},{\"@type\":\"WebPage\",\"@id\":\"https:\\\/\\\/www.organisator.ch\\\/management\\\/2019-08-26\\\/verwaltungsraete-als-treiber-der-digitalisierung\\\/\",\"url\":\"https:\\\/\\\/www.organisator.ch\\\/management\\\/2019-08-26\\\/verwaltungsraete-als-treiber-der-digitalisierung\\\/\",\"name\":\"Verwaltungsr\u00e4te als Treiber der Digitalisierung - Organisator\",\"isPartOf\":{\"@id\":\"https:\\\/\\\/www.organisator.ch\\\/#website\"},\"primaryImageOfPage\":{\"@id\":\"https:\\\/\\\/www.organisator.ch\\\/management\\\/2019-08-26\\\/verwaltungsraete-als-treiber-der-digitalisierung\\\/#primaryimage\"},\"image\":{\"@id\":\"https:\\\/\\\/www.organisator.ch\\\/management\\\/2019-08-26\\\/verwaltungsraete-als-treiber-der-digitalisierung\\\/#primaryimage\"},\"thumbnailUrl\":\"https:\\\/\\\/www.organisator.ch\\\/wp-content\\\/uploads\\\/2019\\\/08\\\/Verwaltungsraete-als-Treiber-der-Digitalisierung_Organisator.jpg\",\"datePublished\":\"2019-08-26T06:34:15+00:00\",\"description\":\"\u00dcber vier F\u00fcnftel der befragten Verwaltungsr\u00e4te sehen in der Digitalisierung neue Gesch\u00e4ftsm\u00f6glichkeiten und Chancen f\u00fcr Umsatzwachstum.\",\"breadcrumb\":{\"@id\":\"https:\\\/\\\/www.organisator.ch\\\/management\\\/2019-08-26\\\/verwaltungsraete-als-treiber-der-digitalisierung\\\/#breadcrumb\"},\"inLanguage\":\"de\",\"potentialAction\":[{\"@type\":\"ReadAction\",\"target\":[\"https:\\\/\\\/www.organisator.ch\\\/management\\\/2019-08-26\\\/verwaltungsraete-als-treiber-der-digitalisierung\\\/\"]}]},{\"@type\":\"ImageObject\",\"inLanguage\":\"de\",\"@id\":\"https:\\\/\\\/www.organisator.ch\\\/management\\\/2019-08-26\\\/verwaltungsraete-als-treiber-der-digitalisierung\\\/#primaryimage\",\"url\":\"https:\\\/\\\/www.organisator.ch\\\/wp-content\\\/uploads\\\/2019\\\/08\\\/Verwaltungsraete-als-Treiber-der-Digitalisierung_Organisator.jpg\",\"contentUrl\":\"https:\\\/\\\/www.organisator.ch\\\/wp-content\\\/uploads\\\/2019\\\/08\\\/Verwaltungsraete-als-Treiber-der-Digitalisierung_Organisator.jpg\",\"width\":680,\"height\":425,\"caption\":\"Schweizer Verwaltungsr\u00e4te treiben die Digitalisierung voran \u2013 Herausforderungen sind hohe Kosten und ethische Fragen. (Bild: Gerd Altmann \\\/ Pixabay.com)\"},{\"@type\":\"BreadcrumbList\",\"@id\":\"https:\\\/\\\/www.organisator.ch\\\/management\\\/2019-08-26\\\/verwaltungsraete-als-treiber-der-digitalisierung\\\/#breadcrumb\",\"itemListElement\":[{\"@type\":\"ListItem\",\"position\":1,\"name\":\"Home\",\"item\":\"https:\\\/\\\/www.organisator.ch\\\/\"},{\"@type\":\"ListItem\",\"position\":2,\"name\":\"Verwaltungsr\u00e4te als Treiber der Digitalisierung\"}]},{\"@type\":\"WebSite\",\"@id\":\"https:\\\/\\\/www.organisator.ch\\\/#website\",\"url\":\"https:\\\/\\\/www.organisator.ch\\\/\",\"name\":\"Organisator\",\"description\":\"Kompetent. Praxisnah. Der ORGANISATOR bereitet in 10 Ausgaben pro Jahr die wesentlichen Themen f\u00fcr F\u00fchrungskr\u00e4fte von KMU auf.\",\"publisher\":{\"@id\":\"https:\\\/\\\/www.organisator.ch\\\/#organization\"},\"potentialAction\":[{\"@type\":\"SearchAction\",\"target\":{\"@type\":\"EntryPoint\",\"urlTemplate\":\"https:\\\/\\\/www.organisator.ch\\\/?s={search_term_string}\"},\"query-input\":{\"@type\":\"PropertyValueSpecification\",\"valueRequired\":true,\"valueName\":\"search_term_string\"}}],\"inLanguage\":\"de\"},{\"@type\":\"Organization\",\"@id\":\"https:\\\/\\\/www.organisator.ch\\\/#organization\",\"name\":\"Organisator\",\"url\":\"https:\\\/\\\/www.organisator.ch\\\/\",\"logo\":{\"@type\":\"ImageObject\",\"inLanguage\":\"de\",\"@id\":\"https:\\\/\\\/www.organisator.ch\\\/#\\\/schema\\\/logo\\\/image\\\/\",\"url\":\"https:\\\/\\\/www.organisator.ch\\\/wp-content\\\/uploads\\\/2022\\\/01\\\/Logo_Organisator_Website.png\",\"contentUrl\":\"https:\\\/\\\/www.organisator.ch\\\/wp-content\\\/uploads\\\/2022\\\/01\\\/Logo_Organisator_Website.png\",\"width\":800,\"height\":77,\"caption\":\"Organisator\"},\"image\":{\"@id\":\"https:\\\/\\\/www.organisator.ch\\\/#\\\/schema\\\/logo\\\/image\\\/\"},\"sameAs\":[\"https:\\\/\\\/www.facebook.com\\\/OrganisatorFachmagazin\",\"https:\\\/\\\/www.linkedin.com\\\/showcase\\\/organisator-das-magazin-fr-kmu\",\"https:\\\/\\\/www.xing.com\\\/news\\\/pages\\\/organisator-ch-695\",\"https:\\\/\\\/www.youtube.com\\\/channel\\\/UCGP2Sq0iWaZwT3BdIAQFYpw\"]},{\"@type\":\"Person\",\"@id\":\"https:\\\/\\\/www.organisator.ch\\\/#\\\/schema\\\/person\\\/6f650f90b2842cd4c0cc334b4e36f67e\",\"name\":\"thomas.berner\",\"image\":{\"@type\":\"ImageObject\",\"inLanguage\":\"de\",\"@id\":\"https:\\\/\\\/secure.gravatar.com\\\/avatar\\\/ac5001d2a36cb6c6cd3e50789007ffca834b477b74a2144564522e944eabff61?s=96&d=mm&r=g\",\"url\":\"https:\\\/\\\/secure.gravatar.com\\\/avatar\\\/ac5001d2a36cb6c6cd3e50789007ffca834b477b74a2144564522e944eabff61?s=96&d=mm&r=g\",\"contentUrl\":\"https:\\\/\\\/secure.gravatar.com\\\/avatar\\\/ac5001d2a36cb6c6cd3e50789007ffca834b477b74a2144564522e944eabff61?s=96&d=mm&r=g\",\"caption\":\"thomas.berner\"},\"url\":\"https:\\\/\\\/www.organisator.ch\\\/de\\\/author\\\/thomas-berner\\\/\"}]}<\/script>\n<!-- \/ Yoast SEO plugin. -->","yoast_head_json":{"title":"Verwaltungsr\u00e4te als Treiber der Digitalisierung - Organisator","description":"\u00dcber vier F\u00fcnftel der befragten Verwaltungsr\u00e4te sehen in der Digitalisierung neue Gesch\u00e4ftsm\u00f6glichkeiten und Chancen f\u00fcr Umsatzwachstum.","robots":{"index":"index","follow":"follow","max-snippet":"max-snippet:-1","max-image-preview":"max-image-preview:large","max-video-preview":"max-video-preview:-1"},"canonical":"https:\/\/www.organisator.ch\/de\/management\/2019-08-26\/verwaltungsraete-als-treiber-der-digitalisierung\/","og_locale":"de_DE","og_type":"article","og_title":"Verwaltungsr\u00e4te als Treiber der Digitalisierung","og_description":"\u00dcber vier F\u00fcnftel der befragten Verwaltungsr\u00e4te sehen in der Digitalisierung neue Gesch\u00e4ftsm\u00f6glichkeiten und Chancen f\u00fcr Umsatzwachstum.","og_url":"https:\/\/www.organisator.ch\/de\/management\/2019-08-26\/verwaltungsraete-als-treiber-der-digitalisierung\/","og_site_name":"Organisator","article_publisher":"https:\/\/www.facebook.com\/OrganisatorFachmagazin","article_published_time":"2019-08-26T06:34:15+00:00","og_image":[{"width":680,"height":425,"url":"https:\/\/www.organisator.ch\/wp-content\/uploads\/2019\/08\/Verwaltungsraete-als-Treiber-der-Digitalisierung_Organisator.jpg","type":"image\/jpeg"}],"author":"thomas.berner","twitter_card":"summary_large_image","twitter_title":"#Verwaltungsr\u00e4te als Treiber der #Digitalisierung","twitter_description":"\u00dcber vier F\u00fcnftel der befragten #Verwaltungsr\u00e4te sehen in der #Digitalisierung neue Gesch\u00e4ftsm\u00f6glichkeiten und Chancen f\u00fcr Umsatzwachstum.","twitter_image":"https:\/\/www.organisator.ch\/wp-content\/uploads\/2019\/08\/Verwaltungsr\u00e4te-als-Treiber-der-Digitalisierung_Organisator.jpg","schema":{"@context":"https:\/\/schema.org","@graph":[{"@type":"Article","@id":"https:\/\/www.organisator.ch\/management\/2019-08-26\/verwaltungsraete-als-treiber-der-digitalisierung\/#article","isPartOf":{"@id":"https:\/\/www.organisator.ch\/management\/2019-08-26\/verwaltungsraete-als-treiber-der-digitalisierung\/"},"author":{"name":"thomas.berner","@id":"https:\/\/www.organisator.ch\/#\/schema\/person\/6f650f90b2842cd4c0cc334b4e36f67e"},"headline":"Verwaltungsr\u00e4te als Treiber der Digitalisierung","datePublished":"2019-08-26T06:34:15+00:00","mainEntityOfPage":{"@id":"https:\/\/www.organisator.ch\/management\/2019-08-26\/verwaltungsraete-als-treiber-der-digitalisierung\/"},"wordCount":809,"commentCount":0,"publisher":{"@id":"https:\/\/www.organisator.ch\/#organization"},"image":{"@id":"https:\/\/www.organisator.ch\/management\/2019-08-26\/verwaltungsraete-als-treiber-der-digitalisierung\/#primaryimage"},"thumbnailUrl":"https:\/\/www.organisator.ch\/wp-content\/uploads\/2019\/08\/Verwaltungsraete-als-Treiber-der-Digitalisierung_Organisator.jpg","keywords":["Digitalisierung","Management und Unternehmensf\u00fchrung","Studie","Verwaltungsr\u00e4te"],"articleSection":["MANAGEMENT"],"inLanguage":"de"},{"@type":"WebPage","@id":"https:\/\/www.organisator.ch\/management\/2019-08-26\/verwaltungsraete-als-treiber-der-digitalisierung\/","url":"https:\/\/www.organisator.ch\/management\/2019-08-26\/verwaltungsraete-als-treiber-der-digitalisierung\/","name":"Verwaltungsr\u00e4te als Treiber der Digitalisierung - Organisator","isPartOf":{"@id":"https:\/\/www.organisator.ch\/#website"},"primaryImageOfPage":{"@id":"https:\/\/www.organisator.ch\/management\/2019-08-26\/verwaltungsraete-als-treiber-der-digitalisierung\/#primaryimage"},"image":{"@id":"https:\/\/www.organisator.ch\/management\/2019-08-26\/verwaltungsraete-als-treiber-der-digitalisierung\/#primaryimage"},"thumbnailUrl":"https:\/\/www.organisator.ch\/wp-content\/uploads\/2019\/08\/Verwaltungsraete-als-Treiber-der-Digitalisierung_Organisator.jpg","datePublished":"2019-08-26T06:34:15+00:00","description":"\u00dcber vier F\u00fcnftel der befragten Verwaltungsr\u00e4te sehen in der Digitalisierung neue Gesch\u00e4ftsm\u00f6glichkeiten und Chancen f\u00fcr Umsatzwachstum.","breadcrumb":{"@id":"https:\/\/www.organisator.ch\/management\/2019-08-26\/verwaltungsraete-als-treiber-der-digitalisierung\/#breadcrumb"},"inLanguage":"de","potentialAction":[{"@type":"ReadAction","target":["https:\/\/www.organisator.ch\/management\/2019-08-26\/verwaltungsraete-als-treiber-der-digitalisierung\/"]}]},{"@type":"ImageObject","inLanguage":"de","@id":"https:\/\/www.organisator.ch\/management\/2019-08-26\/verwaltungsraete-als-treiber-der-digitalisierung\/#primaryimage","url":"https:\/\/www.organisator.ch\/wp-content\/uploads\/2019\/08\/Verwaltungsraete-als-Treiber-der-Digitalisierung_Organisator.jpg","contentUrl":"https:\/\/www.organisator.ch\/wp-content\/uploads\/2019\/08\/Verwaltungsraete-als-Treiber-der-Digitalisierung_Organisator.jpg","width":680,"height":425,"caption":"Schweizer Verwaltungsr\u00e4te treiben die Digitalisierung voran \u2013 Herausforderungen sind hohe Kosten und ethische Fragen. (Bild: Gerd Altmann \/ Pixabay.com)"},{"@type":"BreadcrumbList","@id":"https:\/\/www.organisator.ch\/management\/2019-08-26\/verwaltungsraete-als-treiber-der-digitalisierung\/#breadcrumb","itemListElement":[{"@type":"ListItem","position":1,"name":"Home","item":"https:\/\/www.organisator.ch\/"},{"@type":"ListItem","position":2,"name":"Verwaltungsr\u00e4te als Treiber der Digitalisierung"}]},{"@type":"WebSite","@id":"https:\/\/www.organisator.ch\/#website","url":"https:\/\/www.organisator.ch\/","name":"Organisator","description":"Kompetent. Praxisnah. Der ORGANISATOR bereitet in 10 Ausgaben pro Jahr die wesentlichen Themen f\u00fcr F\u00fchrungskr\u00e4fte von KMU auf.","publisher":{"@id":"https:\/\/www.organisator.ch\/#organization"},"potentialAction":[{"@type":"SearchAction","target":{"@type":"EntryPoint","urlTemplate":"https:\/\/www.organisator.ch\/?s={search_term_string}"},"query-input":{"@type":"PropertyValueSpecification","valueRequired":true,"valueName":"search_term_string"}}],"inLanguage":"de"},{"@type":"Organization","@id":"https:\/\/www.organisator.ch\/#organization","name":"Organisator","url":"https:\/\/www.organisator.ch\/","logo":{"@type":"ImageObject","inLanguage":"de","@id":"https:\/\/www.organisator.ch\/#\/schema\/logo\/image\/","url":"https:\/\/www.organisator.ch\/wp-content\/uploads\/2022\/01\/Logo_Organisator_Website.png","contentUrl":"https:\/\/www.organisator.ch\/wp-content\/uploads\/2022\/01\/Logo_Organisator_Website.png","width":800,"height":77,"caption":"Organisator"},"image":{"@id":"https:\/\/www.organisator.ch\/#\/schema\/logo\/image\/"},"sameAs":["https:\/\/www.facebook.com\/OrganisatorFachmagazin","https:\/\/www.linkedin.com\/showcase\/organisator-das-magazin-fr-kmu","https:\/\/www.xing.com\/news\/pages\/organisator-ch-695","https:\/\/www.youtube.com\/channel\/UCGP2Sq0iWaZwT3BdIAQFYpw"]},{"@type":"Person","@id":"https:\/\/www.organisator.ch\/#\/schema\/person\/6f650f90b2842cd4c0cc334b4e36f67e","name":"thomas.berner","image":{"@type":"ImageObject","inLanguage":"de","@id":"https:\/\/secure.gravatar.com\/avatar\/ac5001d2a36cb6c6cd3e50789007ffca834b477b74a2144564522e944eabff61?s=96&d=mm&r=g","url":"https:\/\/secure.gravatar.com\/avatar\/ac5001d2a36cb6c6cd3e50789007ffca834b477b74a2144564522e944eabff61?s=96&d=mm&r=g","contentUrl":"https:\/\/secure.gravatar.com\/avatar\/ac5001d2a36cb6c6cd3e50789007ffca834b477b74a2144564522e944eabff61?s=96&d=mm&r=g","caption":"thomas.berner"},"url":"https:\/\/www.organisator.ch\/de\/author\/thomas-berner\/"}]}},"_links":{"self":[{"href":"https:\/\/www.organisator.ch\/de\/wp-json\/wp\/v2\/posts\/5727","targetHints":{"allow":["GET"]}}],"collection":[{"href":"https:\/\/www.organisator.ch\/de\/wp-json\/wp\/v2\/posts"}],"about":[{"href":"https:\/\/www.organisator.ch\/de\/wp-json\/wp\/v2\/types\/post"}],"author":[{"embeddable":true,"href":"https:\/\/www.organisator.ch\/de\/wp-json\/wp\/v2\/users\/4"}],"replies":[{"embeddable":true,"href":"https:\/\/www.organisator.ch\/de\/wp-json\/wp\/v2\/comments?post=5727"}],"version-history":[{"count":0,"href":"https:\/\/www.organisator.ch\/de\/wp-json\/wp\/v2\/posts\/5727\/revisions"}],"wp:featuredmedia":[{"embeddable":true,"href":"https:\/\/www.organisator.ch\/de\/wp-json\/wp\/v2\/media\/5729"}],"wp:attachment":[{"href":"https:\/\/www.organisator.ch\/de\/wp-json\/wp\/v2\/media?parent=5727"}],"wp:term":[{"taxonomy":"category","embeddable":true,"href":"https:\/\/www.organisator.ch\/de\/wp-json\/wp\/v2\/categories?post=5727"},{"taxonomy":"post_tag","embeddable":true,"href":"https:\/\/www.organisator.ch\/de\/wp-json\/wp\/v2\/tags?post=5727"}],"curies":[{"name":"wp","href":"https:\/\/api.w.org\/{rel}","templated":true}]}}