{"id":5765,"date":"2019-09-06T08:23:54","date_gmt":"2019-09-06T06:23:54","guid":{"rendered":"https:\/\/www.organisator.ch\/?p=5765"},"modified":"2019-09-06T08:23:54","modified_gmt":"2019-09-06T06:23:54","slug":"weckruf-fuer-schweizer-unternehmen-das-artonomische-manifest","status":"publish","type":"post","link":"https:\/\/www.organisator.ch\/de\/management\/2019-09-06\/weckruf-fuer-schweizer-unternehmen-das-artonomische-manifest\/","title":{"rendered":"Weckruf f\u00fcr Schweizer Unternehmen: Das Artonomische Manifest"},"content":{"rendered":"<figure id=\"attachment_5767\" aria-describedby=\"caption-attachment-5767\" style=\"width: 680px\" class=\"wp-caption alignnone\"><img loading=\"lazy\" decoding=\"async\" class=\"size-medium wp-image-5767\" src=\"https:\/\/www.organisator.ch\/wp-content\/uploads\/2019\/09\/Weckruf-fuer-Schweizer-Unternehmen-Das-Artonomische-Manifest_Organisator.jpg\" alt=\"\" width=\"680\" height=\"453\" srcset=\"https:\/\/www.organisator.ch\/wp-content\/uploads\/2019\/09\/Weckruf-fuer-Schweizer-Unternehmen-Das-Artonomische-Manifest_Organisator.jpg 680w, https:\/\/www.organisator.ch\/wp-content\/uploads\/2019\/09\/Weckruf-fuer-Schweizer-Unternehmen-Das-Artonomische-Manifest_Organisator-16x12.jpg 16w, https:\/\/www.organisator.ch\/wp-content\/uploads\/2019\/09\/Weckruf-fuer-Schweizer-Unternehmen-Das-Artonomische-Manifest_Organisator-263x175.jpg 263w, https:\/\/www.organisator.ch\/wp-content\/uploads\/2019\/09\/Weckruf-fuer-Schweizer-Unternehmen-Das-Artonomische-Manifest_Organisator-525x350.jpg 525w, https:\/\/www.organisator.ch\/wp-content\/uploads\/2019\/09\/Weckruf-fuer-Schweizer-Unternehmen-Das-Artonomische-Manifest_Organisator-300x200.jpg 300w\" sizes=\"auto, (max-width: 680px) 100vw, 680px\" \/><figcaption id=\"caption-attachment-5767\" class=\"wp-caption-text\">Diese Vierer-Bande hat eine Vision: Ewa Ming, Florian Wiese\/r (vorne), Frank und Patrik Riklin proklamieren &#8222;das Artonomische Manifest&#8220;. (Bild: obs\/EMEX Management GmbH\/K. Ofner)<\/figcaption><\/figure>\n<p>In Komplizenschaft mit den Artonomisten und Konzeptk\u00fcnstlern Frank und Patrik Riklin und dem New Work Pioneer Florian Wiese\/r geht Ewa Ming neue Wege. Gemeinsam proklamieren sie &#8222;das Artonomische Manifest&#8220;. Ab Montag, 9. September, beginnt bis zur Er\u00f6ffnung der Business Innovation Week am 30. September eine Reihe \u00f6ffentlicher Pl\u00e4doyers auf dem Parkhausdeck Pfingstweid in Z\u00fcrich.<\/p>\n<h2>Digitalisierung im Fokus<\/h2>\n<p>\u201cViele Manager begreifen immer noch nicht, dass die Zeit dr\u00e4ngt, zu handeln. Ich will alte Z\u00f6pfe und Krawatten abschneiden und habe damit bei mir selbst begonnen!\u201c, sagt Ewa Ming. Daf\u00fcr hat die erfahrene Veranstalterin und Gr\u00fcnderin von Messen und Kongressen ein neues, zukunftsweisendes Eventformat entwickelt: Die \u201eBusiness Innovation Week Switzerland\u201c (BIW). Sie verwandelt den pulsierenden Werkplatz Z\u00fcrich Oerlikon Anfang Oktober in einen interaktiven Inspirations\u2010 und Erlebnisraum f\u00fcr unternehmerische Innovationen, f\u00fcr neues Denken und Handeln. Ewa Mings Botschaft an die Schweizer Wirtschaft: \u201eDas KMU\u2010Land Schweiz ist nach wie vor gepr\u00e4gt von Unternehmen, die oft noch zu konservativ gef\u00fchrt werden. Wir m\u00fcssen raus aus der Komfortzone und m\u00fcssen f\u00fcr mehr Diversit\u00e4t sorgen.\u201c Daf\u00fcr spannt sie mit den \u201eArtonomisten\u201c zusammen, um festgefahrene Strukturen und Glaubenss\u00e4tze der \u00d6konomie zu \u00fcberwinden.<\/p>\n<p>Im Fokus der Business Innovation Week stehen deshalb Digitalisierung, Trends und neueste Technologien f\u00fcr die moderne Arbeitswelt. 300 Speaker bei der Future Conference, 200 Partner und Aussteller und 100 Events bei der Live-Experience-Expo und in der BIW- Academy liefern ein aussergew\u00f6hnliches Wissens- und Networking-Paket. Das neue Eventformat wird der Treffpunkt, bei dem Menschen aus verschiedenen Berufen und Branchen, die etwas bewegen m\u00f6chten, an Diskussionsrunden teilnehmen und \u00fcber neue Ideen und Gesch\u00e4ftsmodelle reden k\u00f6nnen. &#8222;Der Spirit soll dabei offen sein. Das Mindset verbindet.&#8220;<\/p>\n<h2>Das artonomische Manifest<\/h2>\n<p>Ewa Ming, Florian Wiese\/r, Patrik und Frank Riklin fordern ein neues Denken und Handeln in der Schweizer Wirtschaft. Die Zukunftsgestalterin, der New-Work-Pionier und die beiden Konzeptk\u00fcnstler wollen 20&#8217;659 Schweiz Unternehmen daf\u00fcr gewinnen, Sinnorientierung und Nachhaltigkeit vor reines Profitstreben zu setzen. Der Startschuss f\u00e4llt am kommenden Montag in Z\u00fcrich ganz symbolisch: Auf dem Pfingstweid-Parkdeck im Schatten des Prime Towers proklamieren die Zukunftsgestalterin und drei Artonomisten ihr gemeinsames Manifest. In Komplizenschaft rufen sie ab sofort zum un\u00fcblichen Denken und Handeln in der Schweizer Wirtschaft auf und zwar &#8211; mit Mut zur nachhaltigen Ver\u00e4nderung!<\/p>\n<p>Die Manifest-Thesen:<\/p>\n<ul>\n<li class=\"xmllist\">Wer neu handeln will, muss neu denken<\/li>\n<li class=\"xmllist\">Zukunft heisst (Zer-)st\u00f6rung von Bestehendem<\/li>\n<li class=\"xmllist\">In globalen Krisen hilft kein &#8222;Transformati\u00f6nchen&#8220;<\/li>\n<li class=\"xmllist\">Komm ins Mache-ting, vergiss Marke-ting<\/li>\n<li class=\"xmllist\">Akquiriere keine Kunden, finde Komplizen<\/li>\n<li class=\"xmllist\">\u00dcberdenke die eigenen Werte und F\u00fchrungskultur<\/li>\n<li class=\"xmllist\">Diversit\u00e4t ist ein Booster f\u00fcr Kreativit\u00e4t und Innovation<\/li>\n<li class=\"xmllist\">Wer das Un\u00fcbliche zul\u00e4sst, kann ausbrechen<\/li>\n<li class=\"xmllist\">Disruption handelt lauter als Worte<\/li>\n<li class=\"xmllist\">Sinnorientierung steht vor Profitorientierung<\/li>\n<li class=\"xmllist\">Heiterer Ernst ist der Schl\u00fcssel f\u00fcr nachhaltige L\u00f6sungen<\/li>\n<li class=\"xmllist\">Haltung ist der USP des 3. Jahrtausends<\/li>\n<li>&#8230;<\/li>\n<\/ul>\n<h2>Der Anspruch<\/h2>\n<p>In den n\u00e4chsten zehn Jahren sollen sich 20&#8217;659 Schweizer Unternehmen diesen Thesen stellen und sich zu neuem Denken und Handeln, zu einem anderen Wirtschaften transformieren. Denn mindestens genauso viele Firmen sind n\u00f6tig, um in einem Land Ver\u00e4nderungen auszul\u00f6sen. Diese Unternehmen stellen Sinn- vor Profitorientierung und tragen damit massgeblich zu einem nachhaltigen Wirtschaften bei. Gem\u00e4ss einer Harvard-Studie fanden im letzten Jahrhundert da ernsthafte politische Ver\u00e4nderungen statt, wo sich mindestens 3.5 Prozent der Bev\u00f6lkerung aktiv an Ver\u00e4nderungsprozessen beteiligten. \u00dcbersetzt in die Schweizer Unternehmenswelt sind das eben diese 20&#8217;659 Firmen.<\/p>\n<p>Das Quartett Ming-Riklin-Wieser-Riklin ruft alle Unternehmen, Manager und Mitarbeitenden dazu auf: \u00abZeigen Sie Haltung und werden Sie Teil der Bewegung f\u00fcr neues Denken und Handeln! Werden Sie Komplize unseres Manifests, tragen Sie sich online ein und vernetzen Sie sich bei der Business Innovation Week mit den Zukunftsgestaltern der Schweiz.\u00bb<\/p>\n<h2>Was ist &#8222;Artonomie&#8220;?<\/h2>\n<p>Artonomie ist eine Wortsch\u00f6pfung der Konzeptk\u00fcnstler Frank und Patrik Riklin. Sie bedeutet die Verschmelzung von Kunst, Alltag und Wirtschaft. Mit dem Werk &#8222;Fliegenretten in Deppendorf&#8220; (2012-2018) ist es den Riklin-Br\u00fcdern erstmals gelungen, in \u00abKomplizenschaft\u00bb mit einer deutschen Unternehmung f\u00fcr Insektenbek\u00e4mpfung, die bestehende Gesch\u00e4ftsphilosophie vors\u00e4tzlich-subversiv auf den Kopf zu stellen und die Firma durch die Power der Kunst in die Zukunft zu f\u00fchren. Symbol, Ikone und Komplizin f\u00fcr diesen Prozess ist die \u00abStubenfliege Erika\u00bb. Zusammen mit dem Unternehmer Florian Wiese\/r gr\u00fcnden die Riklin-Br\u00fcder 2018 die Artonomie AG, die konsequent Kunst vor \u00d6konomie stellt, f\u00fcr ein anderes Wirtschaften durch un\u00fcbliches Denken und Handeln.<\/p>\n<p>\u00abUnsere Gehirne haben die physische Voraussetzung, die Neuroplastizit\u00e4t, f\u00fcr neues Denken und Handeln. Als Mensch, Unternehmer und Gesellschaft gilt keine Ausrede mehr. Die Voraussetzungen k\u00f6nnten gepaart mit unserem Wohlstand besser nicht sein. Machen ist wie wollen, nur krasser\u00bb, so Florian Wiese\/r und die Riklin-Br\u00fcder legen nach: \u00abWir fordern eine staatliche Verordnung f\u00fcr un\u00fcbliches Denken und Handeln in der Wirtschaft. Wer aktiv ist, bekommt Steuererleichterung. Wer nichts macht, zahlt mehr Steuern\u00bb.<\/p>\n<p>Mit einer \u00f6ffentlichen Ausrufungsreihe werden Pl\u00e4doyers im Sinne des \u00abArtonomisches Manifests\u00bb in den kommenden Wochen auf dem Parkhausdeck Pfingstweid und bei der Business Innovation Week in Z\u00fcrich proklamiert, diskutiert und These f\u00fcr These, Schritt f\u00fcr Schritt real in den Wirtschaftsalltag \u00fcbersetzt.<\/p>\n<p><em><a class=\"uri-ext outbound\" href=\"https:\/\/www.businessinnovation.ch\/de\/manifest\/\" target=\"_blank\" rel=\"noopener\">https:\/\/www.businessinnovation.ch\/de\/manifest\/<\/a><\/em><\/p>\n<p><em>Weiterf\u00fchrende Links:<\/em><\/p>\n<p class=\"xmllist\"><em><a class=\"uri-ext outbound\" href=\"http:\/\/www.insect-respect.org\/\" target=\"_blank\" rel=\"noopener\">www.insect-respect.org<\/a> <\/em><br \/>\n<em><a class=\"uri-ext outbound\" href=\"http:\/\/www.fliegenretten.de\/\" target=\"_blank\" rel=\"noopener\">www.fliegenretten.de<\/a> <\/em><br \/>\n<em> <a class=\"uri-ext outbound\" href=\"http:\/\/www.artonomie.com\/\" target=\"_blank\" rel=\"noopener\">www.Artonomie.com<\/a> <\/em><\/p>\n","protected":false},"excerpt":{"rendered":"<p>In Komplizenschaft mit den Artonomisten und Konzeptk\u00fcnstlern Frank und Patrik Riklin und dem New Work Pioneer Florian Wiese\/r geht Ewa Ming neue Wege. Gemeinsam proklamieren sie &#8222;das Artonomische Manifest&#8220;. Ab Montag, 9. September, beginnt bis zur Er\u00f6ffnung der Business Innovation Week am 30. September eine Reihe \u00f6ffentlicher Pl\u00e4doyers auf dem Parkhausdeck Pfingstweid in Z\u00fcrich. Digitalisierung [&hellip;]<\/p>\n","protected":false},"author":4,"featured_media":5767,"comment_status":"open","ping_status":"open","sticky":false,"template":"","format":"standard","meta":{"_acf_changed":false,"_yoast_wpseo_focuskw":"das Artonomische Manifest","_yoast_wpseo_metadesc":"In Sachen Innovation und Digitalisierung wird viel geredet, aber zu wenig gehandelt: Das Artonomische Manifest soll die Wirtschaft aufwecken.","articlekey":"","footnotes":""},"categories":[28],"tags":[115,156,335,502],"class_list":["post-5765","post","type-post","status-publish","format-standard","has-post-thumbnail","hentry","category-management","tag-checklisten","tag-digitalisierung","tag-management-und-unternehmensfuehrung","tag-veranstaltungen"],"acf":[],"yoast_head":"<!-- This site is optimized with the Yoast SEO plugin v27.5 - https:\/\/yoast.com\/product\/yoast-seo-wordpress\/ -->\n<title>Weckruf f\u00fcr Schweizer Unternehmen: Das Artonomische Manifest - Organisator<\/title>\n<meta name=\"description\" content=\"In Sachen Innovation und Digitalisierung wird viel geredet, aber zu wenig gehandelt: Das Artonomische Manifest soll die Wirtschaft aufwecken.\" \/>\n<meta name=\"robots\" content=\"index, follow, max-snippet:-1, max-image-preview:large, max-video-preview:-1\" \/>\n<link rel=\"canonical\" href=\"https:\/\/www.organisator.ch\/de\/management\/2019-09-06\/weckruf-fuer-schweizer-unternehmen-das-artonomische-manifest\/\" \/>\n<meta property=\"og:locale\" content=\"de_DE\" \/>\n<meta property=\"og:type\" content=\"article\" \/>\n<meta property=\"og:title\" content=\"Weckruf f\u00fcr Schweizer Unternehmen: Das Artonomische Manifest\" \/>\n<meta property=\"og:description\" content=\"In Sachen Innovation und Digitalisierung wird viel geredet, aber zu wenig gehandelt: Das Artonomische Manifest soll die Wirtschaft aufwecken.\" \/>\n<meta property=\"og:url\" content=\"https:\/\/www.organisator.ch\/de\/management\/2019-09-06\/weckruf-fuer-schweizer-unternehmen-das-artonomische-manifest\/\" \/>\n<meta property=\"og:site_name\" content=\"Organisator\" \/>\n<meta property=\"article:publisher\" content=\"https:\/\/www.facebook.com\/OrganisatorFachmagazin\" \/>\n<meta property=\"article:published_time\" content=\"2019-09-06T06:23:54+00:00\" \/>\n<meta property=\"og:image\" content=\"https:\/\/www.organisator.ch\/wp-content\/uploads\/2019\/09\/Weckruf-fuer-Schweizer-Unternehmen-Das-Artonomische-Manifest_Organisator.jpg\" \/>\n\t<meta property=\"og:image:width\" content=\"680\" \/>\n\t<meta property=\"og:image:height\" content=\"453\" \/>\n\t<meta property=\"og:image:type\" content=\"image\/jpeg\" \/>\n<meta name=\"author\" content=\"thomas.berner\" \/>\n<meta name=\"twitter:card\" content=\"summary_large_image\" \/>\n<meta name=\"twitter:title\" content=\"#Weckruf f\u00fcr Schweizer Unternehmen: Das Artonomische #Manifest\" \/>\n<meta name=\"twitter:description\" content=\"In Sachen Innovation und Digitalisierung wird viel geredet, aber zu wenig gehandelt: Das Artonomische #Manifest soll die Wirtschaft aufwecken.\" \/>\n<meta name=\"twitter:image\" content=\"https:\/\/www.organisator.ch\/wp-content\/uploads\/2019\/09\/Weckruf-f\u00fcr-Schweizer-Unternehmen-Das-Artonomische-Manifest_Organisator.jpg\" \/>\n<script type=\"application\/ld+json\" class=\"yoast-schema-graph\">{\"@context\":\"https:\\\/\\\/schema.org\",\"@graph\":[{\"@type\":\"Article\",\"@id\":\"https:\\\/\\\/www.organisator.ch\\\/management\\\/2019-09-06\\\/weckruf-fuer-schweizer-unternehmen-das-artonomische-manifest\\\/#article\",\"isPartOf\":{\"@id\":\"https:\\\/\\\/www.organisator.ch\\\/management\\\/2019-09-06\\\/weckruf-fuer-schweizer-unternehmen-das-artonomische-manifest\\\/\"},\"author\":{\"name\":\"thomas.berner\",\"@id\":\"https:\\\/\\\/www.organisator.ch\\\/#\\\/schema\\\/person\\\/6f650f90b2842cd4c0cc334b4e36f67e\"},\"headline\":\"Weckruf f\u00fcr Schweizer Unternehmen: Das Artonomische Manifest\",\"datePublished\":\"2019-09-06T06:23:54+00:00\",\"mainEntityOfPage\":{\"@id\":\"https:\\\/\\\/www.organisator.ch\\\/management\\\/2019-09-06\\\/weckruf-fuer-schweizer-unternehmen-das-artonomische-manifest\\\/\"},\"wordCount\":913,\"commentCount\":0,\"publisher\":{\"@id\":\"https:\\\/\\\/www.organisator.ch\\\/#organization\"},\"image\":{\"@id\":\"https:\\\/\\\/www.organisator.ch\\\/management\\\/2019-09-06\\\/weckruf-fuer-schweizer-unternehmen-das-artonomische-manifest\\\/#primaryimage\"},\"thumbnailUrl\":\"https:\\\/\\\/www.organisator.ch\\\/wp-content\\\/uploads\\\/2019\\\/09\\\/Weckruf-fuer-Schweizer-Unternehmen-Das-Artonomische-Manifest_Organisator.jpg\",\"keywords\":[\"Checklisten\",\"Digitalisierung\",\"Management und Unternehmensf\u00fchrung\",\"Veranstaltungen\"],\"articleSection\":[\"MANAGEMENT\"],\"inLanguage\":\"de\"},{\"@type\":\"WebPage\",\"@id\":\"https:\\\/\\\/www.organisator.ch\\\/management\\\/2019-09-06\\\/weckruf-fuer-schweizer-unternehmen-das-artonomische-manifest\\\/\",\"url\":\"https:\\\/\\\/www.organisator.ch\\\/management\\\/2019-09-06\\\/weckruf-fuer-schweizer-unternehmen-das-artonomische-manifest\\\/\",\"name\":\"Weckruf f\u00fcr Schweizer Unternehmen: Das Artonomische Manifest - Organisator\",\"isPartOf\":{\"@id\":\"https:\\\/\\\/www.organisator.ch\\\/#website\"},\"primaryImageOfPage\":{\"@id\":\"https:\\\/\\\/www.organisator.ch\\\/management\\\/2019-09-06\\\/weckruf-fuer-schweizer-unternehmen-das-artonomische-manifest\\\/#primaryimage\"},\"image\":{\"@id\":\"https:\\\/\\\/www.organisator.ch\\\/management\\\/2019-09-06\\\/weckruf-fuer-schweizer-unternehmen-das-artonomische-manifest\\\/#primaryimage\"},\"thumbnailUrl\":\"https:\\\/\\\/www.organisator.ch\\\/wp-content\\\/uploads\\\/2019\\\/09\\\/Weckruf-fuer-Schweizer-Unternehmen-Das-Artonomische-Manifest_Organisator.jpg\",\"datePublished\":\"2019-09-06T06:23:54+00:00\",\"description\":\"In Sachen Innovation und Digitalisierung wird viel geredet, aber zu wenig gehandelt: Das Artonomische Manifest soll die Wirtschaft aufwecken.\",\"breadcrumb\":{\"@id\":\"https:\\\/\\\/www.organisator.ch\\\/management\\\/2019-09-06\\\/weckruf-fuer-schweizer-unternehmen-das-artonomische-manifest\\\/#breadcrumb\"},\"inLanguage\":\"de\",\"potentialAction\":[{\"@type\":\"ReadAction\",\"target\":[\"https:\\\/\\\/www.organisator.ch\\\/management\\\/2019-09-06\\\/weckruf-fuer-schweizer-unternehmen-das-artonomische-manifest\\\/\"]}]},{\"@type\":\"ImageObject\",\"inLanguage\":\"de\",\"@id\":\"https:\\\/\\\/www.organisator.ch\\\/management\\\/2019-09-06\\\/weckruf-fuer-schweizer-unternehmen-das-artonomische-manifest\\\/#primaryimage\",\"url\":\"https:\\\/\\\/www.organisator.ch\\\/wp-content\\\/uploads\\\/2019\\\/09\\\/Weckruf-fuer-Schweizer-Unternehmen-Das-Artonomische-Manifest_Organisator.jpg\",\"contentUrl\":\"https:\\\/\\\/www.organisator.ch\\\/wp-content\\\/uploads\\\/2019\\\/09\\\/Weckruf-fuer-Schweizer-Unternehmen-Das-Artonomische-Manifest_Organisator.jpg\",\"width\":680,\"height\":453,\"caption\":\"Diese Vierer-Bande hat eine Vision: Ewa Ming, Florian Wiese\\\/r (vorne), Frank und Patrik Riklin. Weiterer Text \u00fcber ots und www.presseportal.ch\\\/de\\\/nr\\\/100014880 \\\/ Die Verwendung dieses Bildes ist f\u00fcr redaktionelle Zwecke honorarfrei. Ver\u00f6ffentlichung bitte unter Quellenangabe: \\\"obs\\\/EMEX Management GmbH\\\/K. Ofner\\\"\"},{\"@type\":\"BreadcrumbList\",\"@id\":\"https:\\\/\\\/www.organisator.ch\\\/management\\\/2019-09-06\\\/weckruf-fuer-schweizer-unternehmen-das-artonomische-manifest\\\/#breadcrumb\",\"itemListElement\":[{\"@type\":\"ListItem\",\"position\":1,\"name\":\"Home\",\"item\":\"https:\\\/\\\/www.organisator.ch\\\/\"},{\"@type\":\"ListItem\",\"position\":2,\"name\":\"Weckruf f\u00fcr Schweizer Unternehmen: Das Artonomische Manifest\"}]},{\"@type\":\"WebSite\",\"@id\":\"https:\\\/\\\/www.organisator.ch\\\/#website\",\"url\":\"https:\\\/\\\/www.organisator.ch\\\/\",\"name\":\"Organisator\",\"description\":\"Kompetent. Praxisnah. Der ORGANISATOR bereitet in 10 Ausgaben pro Jahr die wesentlichen Themen f\u00fcr F\u00fchrungskr\u00e4fte von KMU auf.\",\"publisher\":{\"@id\":\"https:\\\/\\\/www.organisator.ch\\\/#organization\"},\"potentialAction\":[{\"@type\":\"SearchAction\",\"target\":{\"@type\":\"EntryPoint\",\"urlTemplate\":\"https:\\\/\\\/www.organisator.ch\\\/?s={search_term_string}\"},\"query-input\":{\"@type\":\"PropertyValueSpecification\",\"valueRequired\":true,\"valueName\":\"search_term_string\"}}],\"inLanguage\":\"de\"},{\"@type\":\"Organization\",\"@id\":\"https:\\\/\\\/www.organisator.ch\\\/#organization\",\"name\":\"Organisator\",\"url\":\"https:\\\/\\\/www.organisator.ch\\\/\",\"logo\":{\"@type\":\"ImageObject\",\"inLanguage\":\"de\",\"@id\":\"https:\\\/\\\/www.organisator.ch\\\/#\\\/schema\\\/logo\\\/image\\\/\",\"url\":\"https:\\\/\\\/www.organisator.ch\\\/wp-content\\\/uploads\\\/2022\\\/01\\\/Logo_Organisator_Website.png\",\"contentUrl\":\"https:\\\/\\\/www.organisator.ch\\\/wp-content\\\/uploads\\\/2022\\\/01\\\/Logo_Organisator_Website.png\",\"width\":800,\"height\":77,\"caption\":\"Organisator\"},\"image\":{\"@id\":\"https:\\\/\\\/www.organisator.ch\\\/#\\\/schema\\\/logo\\\/image\\\/\"},\"sameAs\":[\"https:\\\/\\\/www.facebook.com\\\/OrganisatorFachmagazin\",\"https:\\\/\\\/www.linkedin.com\\\/showcase\\\/organisator-das-magazin-fr-kmu\",\"https:\\\/\\\/www.xing.com\\\/news\\\/pages\\\/organisator-ch-695\",\"https:\\\/\\\/www.youtube.com\\\/channel\\\/UCGP2Sq0iWaZwT3BdIAQFYpw\"]},{\"@type\":\"Person\",\"@id\":\"https:\\\/\\\/www.organisator.ch\\\/#\\\/schema\\\/person\\\/6f650f90b2842cd4c0cc334b4e36f67e\",\"name\":\"thomas.berner\",\"image\":{\"@type\":\"ImageObject\",\"inLanguage\":\"de\",\"@id\":\"https:\\\/\\\/secure.gravatar.com\\\/avatar\\\/ac5001d2a36cb6c6cd3e50789007ffca834b477b74a2144564522e944eabff61?s=96&d=mm&r=g\",\"url\":\"https:\\\/\\\/secure.gravatar.com\\\/avatar\\\/ac5001d2a36cb6c6cd3e50789007ffca834b477b74a2144564522e944eabff61?s=96&d=mm&r=g\",\"contentUrl\":\"https:\\\/\\\/secure.gravatar.com\\\/avatar\\\/ac5001d2a36cb6c6cd3e50789007ffca834b477b74a2144564522e944eabff61?s=96&d=mm&r=g\",\"caption\":\"thomas.berner\"},\"url\":\"https:\\\/\\\/www.organisator.ch\\\/de\\\/author\\\/thomas-berner\\\/\"}]}<\/script>\n<!-- \/ Yoast SEO plugin. -->","yoast_head_json":{"title":"Weckruf f\u00fcr Schweizer Unternehmen: Das Artonomische Manifest - Organisator","description":"In Sachen Innovation und Digitalisierung wird viel geredet, aber zu wenig gehandelt: Das Artonomische Manifest soll die Wirtschaft aufwecken.","robots":{"index":"index","follow":"follow","max-snippet":"max-snippet:-1","max-image-preview":"max-image-preview:large","max-video-preview":"max-video-preview:-1"},"canonical":"https:\/\/www.organisator.ch\/de\/management\/2019-09-06\/weckruf-fuer-schweizer-unternehmen-das-artonomische-manifest\/","og_locale":"de_DE","og_type":"article","og_title":"Weckruf f\u00fcr Schweizer Unternehmen: Das Artonomische Manifest","og_description":"In Sachen Innovation und Digitalisierung wird viel geredet, aber zu wenig gehandelt: Das Artonomische Manifest soll die Wirtschaft aufwecken.","og_url":"https:\/\/www.organisator.ch\/de\/management\/2019-09-06\/weckruf-fuer-schweizer-unternehmen-das-artonomische-manifest\/","og_site_name":"Organisator","article_publisher":"https:\/\/www.facebook.com\/OrganisatorFachmagazin","article_published_time":"2019-09-06T06:23:54+00:00","og_image":[{"width":680,"height":453,"url":"https:\/\/www.organisator.ch\/wp-content\/uploads\/2019\/09\/Weckruf-fuer-Schweizer-Unternehmen-Das-Artonomische-Manifest_Organisator.jpg","type":"image\/jpeg"}],"author":"thomas.berner","twitter_card":"summary_large_image","twitter_title":"#Weckruf f\u00fcr Schweizer Unternehmen: Das Artonomische #Manifest","twitter_description":"In Sachen Innovation und Digitalisierung wird viel geredet, aber zu wenig gehandelt: Das Artonomische #Manifest soll die Wirtschaft aufwecken.","twitter_image":"https:\/\/www.organisator.ch\/wp-content\/uploads\/2019\/09\/Weckruf-f\u00fcr-Schweizer-Unternehmen-Das-Artonomische-Manifest_Organisator.jpg","schema":{"@context":"https:\/\/schema.org","@graph":[{"@type":"Article","@id":"https:\/\/www.organisator.ch\/management\/2019-09-06\/weckruf-fuer-schweizer-unternehmen-das-artonomische-manifest\/#article","isPartOf":{"@id":"https:\/\/www.organisator.ch\/management\/2019-09-06\/weckruf-fuer-schweizer-unternehmen-das-artonomische-manifest\/"},"author":{"name":"thomas.berner","@id":"https:\/\/www.organisator.ch\/#\/schema\/person\/6f650f90b2842cd4c0cc334b4e36f67e"},"headline":"Weckruf f\u00fcr Schweizer Unternehmen: Das Artonomische Manifest","datePublished":"2019-09-06T06:23:54+00:00","mainEntityOfPage":{"@id":"https:\/\/www.organisator.ch\/management\/2019-09-06\/weckruf-fuer-schweizer-unternehmen-das-artonomische-manifest\/"},"wordCount":913,"commentCount":0,"publisher":{"@id":"https:\/\/www.organisator.ch\/#organization"},"image":{"@id":"https:\/\/www.organisator.ch\/management\/2019-09-06\/weckruf-fuer-schweizer-unternehmen-das-artonomische-manifest\/#primaryimage"},"thumbnailUrl":"https:\/\/www.organisator.ch\/wp-content\/uploads\/2019\/09\/Weckruf-fuer-Schweizer-Unternehmen-Das-Artonomische-Manifest_Organisator.jpg","keywords":["Checklisten","Digitalisierung","Management und Unternehmensf\u00fchrung","Veranstaltungen"],"articleSection":["MANAGEMENT"],"inLanguage":"de"},{"@type":"WebPage","@id":"https:\/\/www.organisator.ch\/management\/2019-09-06\/weckruf-fuer-schweizer-unternehmen-das-artonomische-manifest\/","url":"https:\/\/www.organisator.ch\/management\/2019-09-06\/weckruf-fuer-schweizer-unternehmen-das-artonomische-manifest\/","name":"Weckruf f\u00fcr Schweizer Unternehmen: Das Artonomische Manifest - Organisator","isPartOf":{"@id":"https:\/\/www.organisator.ch\/#website"},"primaryImageOfPage":{"@id":"https:\/\/www.organisator.ch\/management\/2019-09-06\/weckruf-fuer-schweizer-unternehmen-das-artonomische-manifest\/#primaryimage"},"image":{"@id":"https:\/\/www.organisator.ch\/management\/2019-09-06\/weckruf-fuer-schweizer-unternehmen-das-artonomische-manifest\/#primaryimage"},"thumbnailUrl":"https:\/\/www.organisator.ch\/wp-content\/uploads\/2019\/09\/Weckruf-fuer-Schweizer-Unternehmen-Das-Artonomische-Manifest_Organisator.jpg","datePublished":"2019-09-06T06:23:54+00:00","description":"In Sachen Innovation und Digitalisierung wird viel geredet, aber zu wenig gehandelt: Das Artonomische Manifest soll die Wirtschaft aufwecken.","breadcrumb":{"@id":"https:\/\/www.organisator.ch\/management\/2019-09-06\/weckruf-fuer-schweizer-unternehmen-das-artonomische-manifest\/#breadcrumb"},"inLanguage":"de","potentialAction":[{"@type":"ReadAction","target":["https:\/\/www.organisator.ch\/management\/2019-09-06\/weckruf-fuer-schweizer-unternehmen-das-artonomische-manifest\/"]}]},{"@type":"ImageObject","inLanguage":"de","@id":"https:\/\/www.organisator.ch\/management\/2019-09-06\/weckruf-fuer-schweizer-unternehmen-das-artonomische-manifest\/#primaryimage","url":"https:\/\/www.organisator.ch\/wp-content\/uploads\/2019\/09\/Weckruf-fuer-Schweizer-Unternehmen-Das-Artonomische-Manifest_Organisator.jpg","contentUrl":"https:\/\/www.organisator.ch\/wp-content\/uploads\/2019\/09\/Weckruf-fuer-Schweizer-Unternehmen-Das-Artonomische-Manifest_Organisator.jpg","width":680,"height":453,"caption":"Diese Vierer-Bande hat eine Vision: Ewa Ming, Florian Wiese\/r (vorne), Frank und Patrik Riklin. Weiterer Text \u00fcber ots und www.presseportal.ch\/de\/nr\/100014880 \/ Die Verwendung dieses Bildes ist f\u00fcr redaktionelle Zwecke honorarfrei. Ver\u00f6ffentlichung bitte unter Quellenangabe: \"obs\/EMEX Management GmbH\/K. Ofner\""},{"@type":"BreadcrumbList","@id":"https:\/\/www.organisator.ch\/management\/2019-09-06\/weckruf-fuer-schweizer-unternehmen-das-artonomische-manifest\/#breadcrumb","itemListElement":[{"@type":"ListItem","position":1,"name":"Home","item":"https:\/\/www.organisator.ch\/"},{"@type":"ListItem","position":2,"name":"Weckruf f\u00fcr Schweizer Unternehmen: Das Artonomische Manifest"}]},{"@type":"WebSite","@id":"https:\/\/www.organisator.ch\/#website","url":"https:\/\/www.organisator.ch\/","name":"Organisator","description":"Kompetent. Praxisnah. Der ORGANISATOR bereitet in 10 Ausgaben pro Jahr die wesentlichen Themen f\u00fcr F\u00fchrungskr\u00e4fte von KMU auf.","publisher":{"@id":"https:\/\/www.organisator.ch\/#organization"},"potentialAction":[{"@type":"SearchAction","target":{"@type":"EntryPoint","urlTemplate":"https:\/\/www.organisator.ch\/?s={search_term_string}"},"query-input":{"@type":"PropertyValueSpecification","valueRequired":true,"valueName":"search_term_string"}}],"inLanguage":"de"},{"@type":"Organization","@id":"https:\/\/www.organisator.ch\/#organization","name":"Organisator","url":"https:\/\/www.organisator.ch\/","logo":{"@type":"ImageObject","inLanguage":"de","@id":"https:\/\/www.organisator.ch\/#\/schema\/logo\/image\/","url":"https:\/\/www.organisator.ch\/wp-content\/uploads\/2022\/01\/Logo_Organisator_Website.png","contentUrl":"https:\/\/www.organisator.ch\/wp-content\/uploads\/2022\/01\/Logo_Organisator_Website.png","width":800,"height":77,"caption":"Organisator"},"image":{"@id":"https:\/\/www.organisator.ch\/#\/schema\/logo\/image\/"},"sameAs":["https:\/\/www.facebook.com\/OrganisatorFachmagazin","https:\/\/www.linkedin.com\/showcase\/organisator-das-magazin-fr-kmu","https:\/\/www.xing.com\/news\/pages\/organisator-ch-695","https:\/\/www.youtube.com\/channel\/UCGP2Sq0iWaZwT3BdIAQFYpw"]},{"@type":"Person","@id":"https:\/\/www.organisator.ch\/#\/schema\/person\/6f650f90b2842cd4c0cc334b4e36f67e","name":"thomas.berner","image":{"@type":"ImageObject","inLanguage":"de","@id":"https:\/\/secure.gravatar.com\/avatar\/ac5001d2a36cb6c6cd3e50789007ffca834b477b74a2144564522e944eabff61?s=96&d=mm&r=g","url":"https:\/\/secure.gravatar.com\/avatar\/ac5001d2a36cb6c6cd3e50789007ffca834b477b74a2144564522e944eabff61?s=96&d=mm&r=g","contentUrl":"https:\/\/secure.gravatar.com\/avatar\/ac5001d2a36cb6c6cd3e50789007ffca834b477b74a2144564522e944eabff61?s=96&d=mm&r=g","caption":"thomas.berner"},"url":"https:\/\/www.organisator.ch\/de\/author\/thomas-berner\/"}]}},"_links":{"self":[{"href":"https:\/\/www.organisator.ch\/de\/wp-json\/wp\/v2\/posts\/5765","targetHints":{"allow":["GET"]}}],"collection":[{"href":"https:\/\/www.organisator.ch\/de\/wp-json\/wp\/v2\/posts"}],"about":[{"href":"https:\/\/www.organisator.ch\/de\/wp-json\/wp\/v2\/types\/post"}],"author":[{"embeddable":true,"href":"https:\/\/www.organisator.ch\/de\/wp-json\/wp\/v2\/users\/4"}],"replies":[{"embeddable":true,"href":"https:\/\/www.organisator.ch\/de\/wp-json\/wp\/v2\/comments?post=5765"}],"version-history":[{"count":0,"href":"https:\/\/www.organisator.ch\/de\/wp-json\/wp\/v2\/posts\/5765\/revisions"}],"wp:featuredmedia":[{"embeddable":true,"href":"https:\/\/www.organisator.ch\/de\/wp-json\/wp\/v2\/media\/5767"}],"wp:attachment":[{"href":"https:\/\/www.organisator.ch\/de\/wp-json\/wp\/v2\/media?parent=5765"}],"wp:term":[{"taxonomy":"category","embeddable":true,"href":"https:\/\/www.organisator.ch\/de\/wp-json\/wp\/v2\/categories?post=5765"},{"taxonomy":"post_tag","embeddable":true,"href":"https:\/\/www.organisator.ch\/de\/wp-json\/wp\/v2\/tags?post=5765"}],"curies":[{"name":"wp","href":"https:\/\/api.w.org\/{rel}","templated":true}]}}