{"id":5777,"date":"2019-09-09T10:28:23","date_gmt":"2019-09-09T08:28:23","guid":{"rendered":"https:\/\/www.organisator.ch\/?p=5777"},"modified":"2019-09-09T10:28:23","modified_gmt":"2019-09-09T08:28:23","slug":"das-alpensymposium-2020-ist-voll-auf-kurs","status":"publish","type":"post","link":"https:\/\/www.organisator.ch\/de\/management\/2019-09-09\/das-alpensymposium-2020-ist-voll-auf-kurs\/","title":{"rendered":"Das Alpensymposium 2020 ist voll auf Kurs"},"content":{"rendered":"<figure id=\"attachment_5778\" aria-describedby=\"caption-attachment-5778\" style=\"width: 680px\" class=\"wp-caption alignnone\"><img loading=\"lazy\" decoding=\"async\" class=\"size-medium wp-image-5778\" src=\"https:\/\/www.organisator.ch\/wp-content\/uploads\/2019\/09\/Das-Alpensymposium-2020-ist-voll-auf-Kurs_Organisator.jpg\" alt=\"\" width=\"680\" height=\"283\" srcset=\"https:\/\/www.organisator.ch\/wp-content\/uploads\/2019\/09\/Das-Alpensymposium-2020-ist-voll-auf-Kurs_Organisator.jpg 680w, https:\/\/www.organisator.ch\/wp-content\/uploads\/2019\/09\/Das-Alpensymposium-2020-ist-voll-auf-Kurs_Organisator-16x7.jpg 16w, https:\/\/www.organisator.ch\/wp-content\/uploads\/2019\/09\/Das-Alpensymposium-2020-ist-voll-auf-Kurs_Organisator-375x156.jpg 375w, https:\/\/www.organisator.ch\/wp-content\/uploads\/2019\/09\/Das-Alpensymposium-2020-ist-voll-auf-Kurs_Organisator-300x125.jpg 300w\" sizes=\"auto, (max-width: 680px) 100vw, 680px\" \/><figcaption id=\"caption-attachment-5778\" class=\"wp-caption-text\">Treten am Alpensymposium 2020 als Referenten auf: Google\u2019s Chief Innovation Evangelist Dr. Frederik G. Pferdt und Carla del Ponte. (Bilder: Mediendienst Alpensymposium)<\/figcaption><\/figure>\n<p>Das einj\u00e4hrige Timeout scheint dem Alpensymposium gut zu tun: Mit Google\u2019s Chief Innovation Evangelist und Stanford University Adjunct Professor Dr. Frederik G. Pferdt konnte Gastgeber und Organisator Oliver Stoldt gleich einen Top-Crack der globalen Digitalisierung auf der Affiche. Ein weiteres Highlight ist der Auftritt von Carla del Ponte. Die ehemalige UN-Chefankl\u00e4gerin kommt mit ihrem neusten Buch im Gep\u00e4ck nach Interlaken.<\/p>\n<h2>Innovationen am Laufmeter<\/h2>\n<p>Den stetigen Fluss an Innovationen verdankt der Digital-Riese Google nicht zuletzt dem urspr\u00fcnglich vom Bodensee stammenden Dr. Frederik G. Pferdt, der daf\u00fcr sorgt, dass dieser nicht versiegt. Der promovierte Wirtschaftsp\u00e4dagoge initiierte eine Community von 500 Innovations-Evangelisten und ist Gr\u00fcnder von Googles \u00abThe Garage\u00bb sowie Sch\u00f6pfer des ersten Innovationslabors. Dieses wird von hunderten Teams pro Jahr genutzt, und zwar in allen Bereichen von Google &#8211; von YouTube, \u00fcber die Hardware, Maps, das Betriebssystem Android und auch in den Bereichen Sales, Cloud, HR und Research. Dies, um kreative L\u00f6sungen zu finden und in m\u00f6glichst kurzer Zeit hunderte nie dagewesener Ideen zu testen. Der Innovationsexperte lehrt als Adjunct Professor an der Stanford University und war Forschungsdozent am EdLab der Columbia University. Er ber\u00e4t mit seinem zukunftsweisenden Ansatz Regierungen, Unternehmen, Start-Ups und internationale Organisationen.<\/p>\n<h2>Vortragsfeuerwerk zur Digitalisierung<\/h2>\n<p>Weitere h\u00f6chst attraktive Referentinnen und Referenten erwarten das Publikum am Alpensymposium 2020: Carla del Ponte, die ehemalige UN-Chefankl\u00e4gerin und Schweizer Botschafterin, kommt mit ihrem neuesten Buch \u00abIm Namen der Opfer \u2013 Das Versagen der UNO und der internationalen Politik in Syrien\u00bb nach Interlaken. Weiter erfahren wir von Chris Riddell, einem preisgekr\u00f6nten globalen Futuristen, die aufkommenden Trends in der hyperverbundenen, digitalen Welt. Pascal Kaufmann, Gr\u00fcnder von Starmind und Mindfire, kennt alles Wissenswerte \u00fcber K\u00fcnstliche Intelligenz (KI). Anja Wyder Guelpa, die Gr\u00fcnderin des Genfer Think Tanks civicLab, sieht in der Digitalisierung und Disruption eine Chance, die heutige Art und Weise der F\u00fchrung zu hinterfragen und zu ver\u00e4ndern. Der iPad-Magier und Digitalisierungs-Experte Simon Pierro definiert ein neues Genre der Magie.<\/p>\n<h2>Menschen aus Wirtschaft, Sport und Medien am Alpensymposium 2020<\/h2>\n<p>Weitere kompetente Redner mit hohem Erlebnis- und Wissenspotential sind der Cirque-de-Soleil-Star Christian Lindemann oder die nach einem Unfall gel\u00e4hmte deutsche Radsportlerin Kristina Vogel, Marcus Sch\u00f6gel, Direktor des Instituts f\u00fcr Marketing an der Universit\u00e4t St. Gallen, der SRF-Nahost-Korrespondent\u00a0Pascal Weber sowie die China- &amp; Middle East-Expertin Martina Fuchs. Zus\u00e4tzlich auf dem Programm sind Dr. Ingo Rauser (Capco), der \u00fcber die Zukunft der Finanzindustrie spricht, \u00abBrain Store\u00bb, Ideenh\u00e4ndlerin Nadja Schnetzler, Manuel von Allmen, Inhaber der Berner Oberl\u00e4nder Schuhmanufaktur Kandahar und nicht zuletzt die hervorragend ausgebildete Juristin Kai Leonie Tschan, die sich entschieden hat, alleinige H\u00fcttenwartin auf der Mittellegih\u00fctte zu werden.<\/p>\n<h2>F\u00fchrender Anlass f\u00fcr Wissenstransfer<\/h2>\n<p>Neu wird der SRF-Tagesschau-Moderator und erfahrene Auslandkorrespondent Florian Inhauser die zweit\u00e4gige Veranstaltung moderieren. Das Alpensymposium f\u00fchrt im Victoria-Jungfrau Grand Hotel &amp; Spa in Interlaken regelm\u00e4ssig 950 Teilnehmerinnen und Teilnehmer zusammen. Bei Entrepreneurs, CEOs, innovativen Unternehmerinnen und Unternehmern sowie Vertreterinnen und Vertretern von KMUs hat sich der Event als einer der f\u00fchrenden Anl\u00e4sse f\u00fcr Wissenstransfer und Networking etabliert. Das hat auch UPC Business und Xing \u00fcberzeugt, die Oliver Stoldt neu als Presenting Partner f\u00fcr das Alpensymposium gewinnen konnte. So kann das Ticket f\u00fcr das Alpensymposium neu sowohl \u00fcber die Website <a href=\"http:\/\/www.alpensymposium.ch\">www.alpensymposium.ch<\/a> als auch \u00fcber <a href=\"https:\/\/www.xing.com\/events\/17-alpensymposium-2020-2035837\">Xing<\/a> direkt gebucht werden.<\/p>\n","protected":false},"excerpt":{"rendered":"<p>Das einj\u00e4hrige Timeout scheint dem Alpensymposium gut zu tun: Mit Google\u2019s Chief Innovation Evangelist und Stanford University Adjunct Professor Dr. Frederik G. Pferdt konnte Gastgeber und Organisator Oliver Stoldt gleich einen Top-Crack der globalen Digitalisierung auf der Affiche. Ein weiteres Highlight ist der Auftritt von Carla del Ponte. Die ehemalige UN-Chefankl\u00e4gerin kommt mit ihrem neusten [&hellip;]<\/p>\n","protected":false},"author":4,"featured_media":5778,"comment_status":"open","ping_status":"open","sticky":false,"template":"","format":"standard","meta":{"_acf_changed":false,"_yoast_wpseo_focuskw":"Alpensymposium 2020","_yoast_wpseo_metadesc":"Eines der Highlights am Alpensymposium 2020 ist Google\u2019s Chief Innovation Evangelist Dr. Frederik G. Pferdt.","articlekey":"","footnotes":""},"categories":[28],"tags":[193,274,335,502],"class_list":["post-5777","post","type-post","status-publish","format-standard","has-post-thumbnail","hentry","category-management","tag-fachkongressfachmesse","tag-innovation","tag-management-und-unternehmensfuehrung","tag-veranstaltungen"],"acf":[],"yoast_head":"<!-- This site is optimized with the Yoast SEO plugin v27.5 - https:\/\/yoast.com\/product\/yoast-seo-wordpress\/ -->\n<title>Das Alpensymposium 2020 ist voll auf Kurs - Organisator<\/title>\n<meta name=\"description\" content=\"Eines der Highlights am Alpensymposium 2020 ist Google\u2019s Chief Innovation Evangelist Dr. Frederik G. Pferdt.\" \/>\n<meta name=\"robots\" content=\"index, follow, max-snippet:-1, max-image-preview:large, max-video-preview:-1\" \/>\n<link rel=\"canonical\" href=\"https:\/\/www.organisator.ch\/de\/management\/2019-09-09\/das-alpensymposium-2020-ist-voll-auf-kurs\/\" \/>\n<meta property=\"og:locale\" content=\"de_DE\" \/>\n<meta property=\"og:type\" content=\"article\" \/>\n<meta property=\"og:title\" content=\"Das Alpensymposium 2020 ist voll auf Kurs\" \/>\n<meta property=\"og:description\" content=\"Eines der Highlights am Alpensymposium 2020 ist Google\u2019s Chief Innovation Evangelist Dr. Frederik G. Pferdt.\" \/>\n<meta property=\"og:url\" content=\"https:\/\/www.organisator.ch\/de\/management\/2019-09-09\/das-alpensymposium-2020-ist-voll-auf-kurs\/\" \/>\n<meta property=\"og:site_name\" content=\"Organisator\" \/>\n<meta property=\"article:publisher\" content=\"https:\/\/www.facebook.com\/OrganisatorFachmagazin\" \/>\n<meta property=\"article:published_time\" content=\"2019-09-09T08:28:23+00:00\" \/>\n<meta property=\"og:image\" content=\"https:\/\/www.organisator.ch\/wp-content\/uploads\/2019\/09\/Das-Alpensymposium-2020-ist-voll-auf-Kurs_Organisator.jpg\" \/>\n\t<meta property=\"og:image:width\" content=\"680\" \/>\n\t<meta property=\"og:image:height\" content=\"283\" \/>\n\t<meta property=\"og:image:type\" content=\"image\/jpeg\" \/>\n<meta name=\"author\" content=\"thomas.berner\" \/>\n<meta name=\"twitter:card\" content=\"summary_large_image\" \/>\n<meta name=\"twitter:title\" content=\"Das #Alpensymposium 2020 ist voll auf Kurs\" \/>\n<meta name=\"twitter:description\" content=\"Eines der Highlights am #Alpensymposium 2020 ist #Google\u2019s Chief Innovation Evangelist Dr. Frederik G. Pferdt.\" \/>\n<meta name=\"twitter:image\" content=\"https:\/\/www.organisator.ch\/wp-content\/uploads\/2019\/09\/Das-Alpensymposium-2020-ist-voll-auf-Kurs_Organisator.jpg\" \/>\n<script type=\"application\/ld+json\" class=\"yoast-schema-graph\">{\"@context\":\"https:\\\/\\\/schema.org\",\"@graph\":[{\"@type\":\"Article\",\"@id\":\"https:\\\/\\\/www.organisator.ch\\\/management\\\/2019-09-09\\\/das-alpensymposium-2020-ist-voll-auf-kurs\\\/#article\",\"isPartOf\":{\"@id\":\"https:\\\/\\\/www.organisator.ch\\\/management\\\/2019-09-09\\\/das-alpensymposium-2020-ist-voll-auf-kurs\\\/\"},\"author\":{\"name\":\"thomas.berner\",\"@id\":\"https:\\\/\\\/www.organisator.ch\\\/#\\\/schema\\\/person\\\/6f650f90b2842cd4c0cc334b4e36f67e\"},\"headline\":\"Das Alpensymposium 2020 ist voll auf Kurs\",\"datePublished\":\"2019-09-09T08:28:23+00:00\",\"mainEntityOfPage\":{\"@id\":\"https:\\\/\\\/www.organisator.ch\\\/management\\\/2019-09-09\\\/das-alpensymposium-2020-ist-voll-auf-kurs\\\/\"},\"wordCount\":592,\"commentCount\":0,\"publisher\":{\"@id\":\"https:\\\/\\\/www.organisator.ch\\\/#organization\"},\"image\":{\"@id\":\"https:\\\/\\\/www.organisator.ch\\\/management\\\/2019-09-09\\\/das-alpensymposium-2020-ist-voll-auf-kurs\\\/#primaryimage\"},\"thumbnailUrl\":\"https:\\\/\\\/www.organisator.ch\\\/wp-content\\\/uploads\\\/2019\\\/09\\\/Das-Alpensymposium-2020-ist-voll-auf-Kurs_Organisator.jpg\",\"keywords\":[\"Fachkongress\\\/Fachmesse\",\"Innovation\",\"Management und Unternehmensf\u00fchrung\",\"Veranstaltungen\"],\"articleSection\":[\"MANAGEMENT\"],\"inLanguage\":\"de\"},{\"@type\":\"WebPage\",\"@id\":\"https:\\\/\\\/www.organisator.ch\\\/management\\\/2019-09-09\\\/das-alpensymposium-2020-ist-voll-auf-kurs\\\/\",\"url\":\"https:\\\/\\\/www.organisator.ch\\\/management\\\/2019-09-09\\\/das-alpensymposium-2020-ist-voll-auf-kurs\\\/\",\"name\":\"Das Alpensymposium 2020 ist voll auf Kurs - Organisator\",\"isPartOf\":{\"@id\":\"https:\\\/\\\/www.organisator.ch\\\/#website\"},\"primaryImageOfPage\":{\"@id\":\"https:\\\/\\\/www.organisator.ch\\\/management\\\/2019-09-09\\\/das-alpensymposium-2020-ist-voll-auf-kurs\\\/#primaryimage\"},\"image\":{\"@id\":\"https:\\\/\\\/www.organisator.ch\\\/management\\\/2019-09-09\\\/das-alpensymposium-2020-ist-voll-auf-kurs\\\/#primaryimage\"},\"thumbnailUrl\":\"https:\\\/\\\/www.organisator.ch\\\/wp-content\\\/uploads\\\/2019\\\/09\\\/Das-Alpensymposium-2020-ist-voll-auf-Kurs_Organisator.jpg\",\"datePublished\":\"2019-09-09T08:28:23+00:00\",\"description\":\"Eines der Highlights am Alpensymposium 2020 ist Google\u2019s Chief Innovation Evangelist Dr. Frederik G. Pferdt.\",\"breadcrumb\":{\"@id\":\"https:\\\/\\\/www.organisator.ch\\\/management\\\/2019-09-09\\\/das-alpensymposium-2020-ist-voll-auf-kurs\\\/#breadcrumb\"},\"inLanguage\":\"de\",\"potentialAction\":[{\"@type\":\"ReadAction\",\"target\":[\"https:\\\/\\\/www.organisator.ch\\\/management\\\/2019-09-09\\\/das-alpensymposium-2020-ist-voll-auf-kurs\\\/\"]}]},{\"@type\":\"ImageObject\",\"inLanguage\":\"de\",\"@id\":\"https:\\\/\\\/www.organisator.ch\\\/management\\\/2019-09-09\\\/das-alpensymposium-2020-ist-voll-auf-kurs\\\/#primaryimage\",\"url\":\"https:\\\/\\\/www.organisator.ch\\\/wp-content\\\/uploads\\\/2019\\\/09\\\/Das-Alpensymposium-2020-ist-voll-auf-Kurs_Organisator.jpg\",\"contentUrl\":\"https:\\\/\\\/www.organisator.ch\\\/wp-content\\\/uploads\\\/2019\\\/09\\\/Das-Alpensymposium-2020-ist-voll-auf-Kurs_Organisator.jpg\",\"width\":680,\"height\":283,\"caption\":\"Treten am Alpensymposium 2020 als Referenten auf: Dr. Frederik G. Pferdt und Carla Del Ponte. (Bild: Mediendienst Alpensymposium)\"},{\"@type\":\"BreadcrumbList\",\"@id\":\"https:\\\/\\\/www.organisator.ch\\\/management\\\/2019-09-09\\\/das-alpensymposium-2020-ist-voll-auf-kurs\\\/#breadcrumb\",\"itemListElement\":[{\"@type\":\"ListItem\",\"position\":1,\"name\":\"Home\",\"item\":\"https:\\\/\\\/www.organisator.ch\\\/\"},{\"@type\":\"ListItem\",\"position\":2,\"name\":\"Das Alpensymposium 2020 ist voll auf Kurs\"}]},{\"@type\":\"WebSite\",\"@id\":\"https:\\\/\\\/www.organisator.ch\\\/#website\",\"url\":\"https:\\\/\\\/www.organisator.ch\\\/\",\"name\":\"Organisator\",\"description\":\"Kompetent. Praxisnah. Der ORGANISATOR bereitet in 10 Ausgaben pro Jahr die wesentlichen Themen f\u00fcr F\u00fchrungskr\u00e4fte von KMU auf.\",\"publisher\":{\"@id\":\"https:\\\/\\\/www.organisator.ch\\\/#organization\"},\"potentialAction\":[{\"@type\":\"SearchAction\",\"target\":{\"@type\":\"EntryPoint\",\"urlTemplate\":\"https:\\\/\\\/www.organisator.ch\\\/?s={search_term_string}\"},\"query-input\":{\"@type\":\"PropertyValueSpecification\",\"valueRequired\":true,\"valueName\":\"search_term_string\"}}],\"inLanguage\":\"de\"},{\"@type\":\"Organization\",\"@id\":\"https:\\\/\\\/www.organisator.ch\\\/#organization\",\"name\":\"Organisator\",\"url\":\"https:\\\/\\\/www.organisator.ch\\\/\",\"logo\":{\"@type\":\"ImageObject\",\"inLanguage\":\"de\",\"@id\":\"https:\\\/\\\/www.organisator.ch\\\/#\\\/schema\\\/logo\\\/image\\\/\",\"url\":\"https:\\\/\\\/www.organisator.ch\\\/wp-content\\\/uploads\\\/2022\\\/01\\\/Logo_Organisator_Website.png\",\"contentUrl\":\"https:\\\/\\\/www.organisator.ch\\\/wp-content\\\/uploads\\\/2022\\\/01\\\/Logo_Organisator_Website.png\",\"width\":800,\"height\":77,\"caption\":\"Organisator\"},\"image\":{\"@id\":\"https:\\\/\\\/www.organisator.ch\\\/#\\\/schema\\\/logo\\\/image\\\/\"},\"sameAs\":[\"https:\\\/\\\/www.facebook.com\\\/OrganisatorFachmagazin\",\"https:\\\/\\\/www.linkedin.com\\\/showcase\\\/organisator-das-magazin-fr-kmu\",\"https:\\\/\\\/www.xing.com\\\/news\\\/pages\\\/organisator-ch-695\",\"https:\\\/\\\/www.youtube.com\\\/channel\\\/UCGP2Sq0iWaZwT3BdIAQFYpw\"]},{\"@type\":\"Person\",\"@id\":\"https:\\\/\\\/www.organisator.ch\\\/#\\\/schema\\\/person\\\/6f650f90b2842cd4c0cc334b4e36f67e\",\"name\":\"thomas.berner\",\"image\":{\"@type\":\"ImageObject\",\"inLanguage\":\"de\",\"@id\":\"https:\\\/\\\/secure.gravatar.com\\\/avatar\\\/ac5001d2a36cb6c6cd3e50789007ffca834b477b74a2144564522e944eabff61?s=96&d=mm&r=g\",\"url\":\"https:\\\/\\\/secure.gravatar.com\\\/avatar\\\/ac5001d2a36cb6c6cd3e50789007ffca834b477b74a2144564522e944eabff61?s=96&d=mm&r=g\",\"contentUrl\":\"https:\\\/\\\/secure.gravatar.com\\\/avatar\\\/ac5001d2a36cb6c6cd3e50789007ffca834b477b74a2144564522e944eabff61?s=96&d=mm&r=g\",\"caption\":\"thomas.berner\"},\"url\":\"https:\\\/\\\/www.organisator.ch\\\/de\\\/author\\\/thomas-berner\\\/\"}]}<\/script>\n<!-- \/ Yoast SEO plugin. -->","yoast_head_json":{"title":"Das Alpensymposium 2020 ist voll auf Kurs - Organisator","description":"Eines der Highlights am Alpensymposium 2020 ist Google\u2019s Chief Innovation Evangelist Dr. Frederik G. Pferdt.","robots":{"index":"index","follow":"follow","max-snippet":"max-snippet:-1","max-image-preview":"max-image-preview:large","max-video-preview":"max-video-preview:-1"},"canonical":"https:\/\/www.organisator.ch\/de\/management\/2019-09-09\/das-alpensymposium-2020-ist-voll-auf-kurs\/","og_locale":"de_DE","og_type":"article","og_title":"Das Alpensymposium 2020 ist voll auf Kurs","og_description":"Eines der Highlights am Alpensymposium 2020 ist Google\u2019s Chief Innovation Evangelist Dr. Frederik G. Pferdt.","og_url":"https:\/\/www.organisator.ch\/de\/management\/2019-09-09\/das-alpensymposium-2020-ist-voll-auf-kurs\/","og_site_name":"Organisator","article_publisher":"https:\/\/www.facebook.com\/OrganisatorFachmagazin","article_published_time":"2019-09-09T08:28:23+00:00","og_image":[{"width":680,"height":283,"url":"https:\/\/www.organisator.ch\/wp-content\/uploads\/2019\/09\/Das-Alpensymposium-2020-ist-voll-auf-Kurs_Organisator.jpg","type":"image\/jpeg"}],"author":"thomas.berner","twitter_card":"summary_large_image","twitter_title":"Das #Alpensymposium 2020 ist voll auf Kurs","twitter_description":"Eines der Highlights am #Alpensymposium 2020 ist #Google\u2019s Chief Innovation Evangelist Dr. Frederik G. Pferdt.","twitter_image":"https:\/\/www.organisator.ch\/wp-content\/uploads\/2019\/09\/Das-Alpensymposium-2020-ist-voll-auf-Kurs_Organisator.jpg","schema":{"@context":"https:\/\/schema.org","@graph":[{"@type":"Article","@id":"https:\/\/www.organisator.ch\/management\/2019-09-09\/das-alpensymposium-2020-ist-voll-auf-kurs\/#article","isPartOf":{"@id":"https:\/\/www.organisator.ch\/management\/2019-09-09\/das-alpensymposium-2020-ist-voll-auf-kurs\/"},"author":{"name":"thomas.berner","@id":"https:\/\/www.organisator.ch\/#\/schema\/person\/6f650f90b2842cd4c0cc334b4e36f67e"},"headline":"Das Alpensymposium 2020 ist voll auf Kurs","datePublished":"2019-09-09T08:28:23+00:00","mainEntityOfPage":{"@id":"https:\/\/www.organisator.ch\/management\/2019-09-09\/das-alpensymposium-2020-ist-voll-auf-kurs\/"},"wordCount":592,"commentCount":0,"publisher":{"@id":"https:\/\/www.organisator.ch\/#organization"},"image":{"@id":"https:\/\/www.organisator.ch\/management\/2019-09-09\/das-alpensymposium-2020-ist-voll-auf-kurs\/#primaryimage"},"thumbnailUrl":"https:\/\/www.organisator.ch\/wp-content\/uploads\/2019\/09\/Das-Alpensymposium-2020-ist-voll-auf-Kurs_Organisator.jpg","keywords":["Fachkongress\/Fachmesse","Innovation","Management und Unternehmensf\u00fchrung","Veranstaltungen"],"articleSection":["MANAGEMENT"],"inLanguage":"de"},{"@type":"WebPage","@id":"https:\/\/www.organisator.ch\/management\/2019-09-09\/das-alpensymposium-2020-ist-voll-auf-kurs\/","url":"https:\/\/www.organisator.ch\/management\/2019-09-09\/das-alpensymposium-2020-ist-voll-auf-kurs\/","name":"Das Alpensymposium 2020 ist voll auf Kurs - Organisator","isPartOf":{"@id":"https:\/\/www.organisator.ch\/#website"},"primaryImageOfPage":{"@id":"https:\/\/www.organisator.ch\/management\/2019-09-09\/das-alpensymposium-2020-ist-voll-auf-kurs\/#primaryimage"},"image":{"@id":"https:\/\/www.organisator.ch\/management\/2019-09-09\/das-alpensymposium-2020-ist-voll-auf-kurs\/#primaryimage"},"thumbnailUrl":"https:\/\/www.organisator.ch\/wp-content\/uploads\/2019\/09\/Das-Alpensymposium-2020-ist-voll-auf-Kurs_Organisator.jpg","datePublished":"2019-09-09T08:28:23+00:00","description":"Eines der Highlights am Alpensymposium 2020 ist Google\u2019s Chief Innovation Evangelist Dr. Frederik G. Pferdt.","breadcrumb":{"@id":"https:\/\/www.organisator.ch\/management\/2019-09-09\/das-alpensymposium-2020-ist-voll-auf-kurs\/#breadcrumb"},"inLanguage":"de","potentialAction":[{"@type":"ReadAction","target":["https:\/\/www.organisator.ch\/management\/2019-09-09\/das-alpensymposium-2020-ist-voll-auf-kurs\/"]}]},{"@type":"ImageObject","inLanguage":"de","@id":"https:\/\/www.organisator.ch\/management\/2019-09-09\/das-alpensymposium-2020-ist-voll-auf-kurs\/#primaryimage","url":"https:\/\/www.organisator.ch\/wp-content\/uploads\/2019\/09\/Das-Alpensymposium-2020-ist-voll-auf-Kurs_Organisator.jpg","contentUrl":"https:\/\/www.organisator.ch\/wp-content\/uploads\/2019\/09\/Das-Alpensymposium-2020-ist-voll-auf-Kurs_Organisator.jpg","width":680,"height":283,"caption":"Treten am Alpensymposium 2020 als Referenten auf: Dr. Frederik G. Pferdt und Carla Del Ponte. (Bild: Mediendienst Alpensymposium)"},{"@type":"BreadcrumbList","@id":"https:\/\/www.organisator.ch\/management\/2019-09-09\/das-alpensymposium-2020-ist-voll-auf-kurs\/#breadcrumb","itemListElement":[{"@type":"ListItem","position":1,"name":"Home","item":"https:\/\/www.organisator.ch\/"},{"@type":"ListItem","position":2,"name":"Das Alpensymposium 2020 ist voll auf Kurs"}]},{"@type":"WebSite","@id":"https:\/\/www.organisator.ch\/#website","url":"https:\/\/www.organisator.ch\/","name":"Organisator","description":"Kompetent. Praxisnah. Der ORGANISATOR bereitet in 10 Ausgaben pro Jahr die wesentlichen Themen f\u00fcr F\u00fchrungskr\u00e4fte von KMU auf.","publisher":{"@id":"https:\/\/www.organisator.ch\/#organization"},"potentialAction":[{"@type":"SearchAction","target":{"@type":"EntryPoint","urlTemplate":"https:\/\/www.organisator.ch\/?s={search_term_string}"},"query-input":{"@type":"PropertyValueSpecification","valueRequired":true,"valueName":"search_term_string"}}],"inLanguage":"de"},{"@type":"Organization","@id":"https:\/\/www.organisator.ch\/#organization","name":"Organisator","url":"https:\/\/www.organisator.ch\/","logo":{"@type":"ImageObject","inLanguage":"de","@id":"https:\/\/www.organisator.ch\/#\/schema\/logo\/image\/","url":"https:\/\/www.organisator.ch\/wp-content\/uploads\/2022\/01\/Logo_Organisator_Website.png","contentUrl":"https:\/\/www.organisator.ch\/wp-content\/uploads\/2022\/01\/Logo_Organisator_Website.png","width":800,"height":77,"caption":"Organisator"},"image":{"@id":"https:\/\/www.organisator.ch\/#\/schema\/logo\/image\/"},"sameAs":["https:\/\/www.facebook.com\/OrganisatorFachmagazin","https:\/\/www.linkedin.com\/showcase\/organisator-das-magazin-fr-kmu","https:\/\/www.xing.com\/news\/pages\/organisator-ch-695","https:\/\/www.youtube.com\/channel\/UCGP2Sq0iWaZwT3BdIAQFYpw"]},{"@type":"Person","@id":"https:\/\/www.organisator.ch\/#\/schema\/person\/6f650f90b2842cd4c0cc334b4e36f67e","name":"thomas.berner","image":{"@type":"ImageObject","inLanguage":"de","@id":"https:\/\/secure.gravatar.com\/avatar\/ac5001d2a36cb6c6cd3e50789007ffca834b477b74a2144564522e944eabff61?s=96&d=mm&r=g","url":"https:\/\/secure.gravatar.com\/avatar\/ac5001d2a36cb6c6cd3e50789007ffca834b477b74a2144564522e944eabff61?s=96&d=mm&r=g","contentUrl":"https:\/\/secure.gravatar.com\/avatar\/ac5001d2a36cb6c6cd3e50789007ffca834b477b74a2144564522e944eabff61?s=96&d=mm&r=g","caption":"thomas.berner"},"url":"https:\/\/www.organisator.ch\/de\/author\/thomas-berner\/"}]}},"_links":{"self":[{"href":"https:\/\/www.organisator.ch\/de\/wp-json\/wp\/v2\/posts\/5777","targetHints":{"allow":["GET"]}}],"collection":[{"href":"https:\/\/www.organisator.ch\/de\/wp-json\/wp\/v2\/posts"}],"about":[{"href":"https:\/\/www.organisator.ch\/de\/wp-json\/wp\/v2\/types\/post"}],"author":[{"embeddable":true,"href":"https:\/\/www.organisator.ch\/de\/wp-json\/wp\/v2\/users\/4"}],"replies":[{"embeddable":true,"href":"https:\/\/www.organisator.ch\/de\/wp-json\/wp\/v2\/comments?post=5777"}],"version-history":[{"count":0,"href":"https:\/\/www.organisator.ch\/de\/wp-json\/wp\/v2\/posts\/5777\/revisions"}],"wp:featuredmedia":[{"embeddable":true,"href":"https:\/\/www.organisator.ch\/de\/wp-json\/wp\/v2\/media\/5778"}],"wp:attachment":[{"href":"https:\/\/www.organisator.ch\/de\/wp-json\/wp\/v2\/media?parent=5777"}],"wp:term":[{"taxonomy":"category","embeddable":true,"href":"https:\/\/www.organisator.ch\/de\/wp-json\/wp\/v2\/categories?post=5777"},{"taxonomy":"post_tag","embeddable":true,"href":"https:\/\/www.organisator.ch\/de\/wp-json\/wp\/v2\/tags?post=5777"}],"curies":[{"name":"wp","href":"https:\/\/api.w.org\/{rel}","templated":true}]}}