{"id":5825,"date":"2019-09-19T16:22:41","date_gmt":"2019-09-19T14:22:41","guid":{"rendered":"https:\/\/www.organisator.ch\/?p=5825"},"modified":"2019-09-19T16:22:41","modified_gmt":"2019-09-19T14:22:41","slug":"rochade-bei-cyberlink-cto-marc-chauvin-mit-eigener-firma","status":"publish","type":"post","link":"https:\/\/www.organisator.ch\/de\/management\/it\/2019-09-19\/rochade-bei-cyberlink-cto-marc-chauvin-mit-eigener-firma\/","title":{"rendered":"Rochade bei Cyberlink \u2013 CTO Marc Chauvin mit eigener Firma"},"content":{"rendered":"<figure id=\"attachment_5826\" aria-describedby=\"caption-attachment-5826\" style=\"width: 680px\" class=\"wp-caption alignnone\"><img loading=\"lazy\" decoding=\"async\" class=\"size-medium wp-image-5826\" src=\"https:\/\/www.organisator.ch\/wp-content\/uploads\/2019\/09\/Rochade-bei-Cyberlink-CTO-Marc-Chauvin-mit-eigener-Firma_Organisator.jpg\" alt=\"\" width=\"680\" height=\"529\" srcset=\"https:\/\/www.organisator.ch\/wp-content\/uploads\/2019\/09\/Rochade-bei-Cyberlink-CTO-Marc-Chauvin-mit-eigener-Firma_Organisator.jpg 680w, https:\/\/www.organisator.ch\/wp-content\/uploads\/2019\/09\/Rochade-bei-Cyberlink-CTO-Marc-Chauvin-mit-eigener-Firma_Organisator-16x12.jpg 16w, https:\/\/www.organisator.ch\/wp-content\/uploads\/2019\/09\/Rochade-bei-Cyberlink-CTO-Marc-Chauvin-mit-eigener-Firma_Organisator-225x175.jpg 225w, https:\/\/www.organisator.ch\/wp-content\/uploads\/2019\/09\/Rochade-bei-Cyberlink-CTO-Marc-Chauvin-mit-eigener-Firma_Organisator-450x350.jpg 450w, https:\/\/www.organisator.ch\/wp-content\/uploads\/2019\/09\/Rochade-bei-Cyberlink-CTO-Marc-Chauvin-mit-eigener-Firma_Organisator-300x233.jpg 300w\" sizes=\"auto, (max-width: 680px) 100vw, 680px\" \/><figcaption id=\"caption-attachment-5826\" class=\"wp-caption-text\">Rochade bei Cyberlink: Marc Chauvin gr\u00fcndet eine eigene Firma. (Bild: zVg)<\/figcaption><\/figure>\n<p>Beim Schweizer Managed Service Provider (MSP) <a href=\"http:\/\/www.cyberlink.ch\">Cyberlink<\/a> werden die Aufgaben von Marc Chauvin (CTO und Mitglied der Gesch\u00e4ftsleitung) ab Januar 2020 auf mehrere Schultern verteilt. Die jeweiligen Netzwerk-, Cloud- und Security-Engineers \u00fcbernehmen die Verantwortung der technischen Visionen ihrer Fachbereiche. Chauvin gr\u00fcndet die Firma <a href=\"http:\/\/www.tamac.ch\">tamac GmbH<\/a>, welche das Produkteportfolio von Cyber-link in den Bereichen Beratung und Projektleitung ideal erg\u00e4nzt.<\/p>\n<p>Chauvin hat die Firma tamac GmbH gegr\u00fcndet, mit welcher er Kunden bei Fragestellungen zur digitalen Transformation und Automatisierung, den Cloud- und Container-Technologien sowie dem Cloud Native-Ansatz ber\u00e4t. Durch aktive Mitarbeit in kundeninternen Projekten will er die Adaption solcher Technologien beschleunigen. Im Rahmen der k\u00fcnftigen engen Zusammenarbeit unterst\u00fctzt Cyberlink Chauvins tamac mit Zugang zu ihrem Fachwissen und bestehenden Kunden. Erste Mandate werden von Chauvins Firma bereits anfangs 2020 \u00fcbernommen. F\u00fcr Cyberlink ergeben sich daraus wertvolle Feedback-Schlaufen zur Optimierung ihres Cloud-Portfolios, der Produkteentwicklung sowie der Erschliessung neuer Kundensegmente. Weiter nimmt die tamac GmbH Cyberlinks Dienstleistungen in ihr L\u00f6sungsportfolio auf.<\/p>\n<p>Dazu Beat Tinner, Cyberlink CEO: \u201eWir richten unsere Entwicklung an den Bed\u00fcrfnissen der Kunden aus und suchen gr\u00f6sstm\u00f6gliche N\u00e4he zu ihnen. Mit diesem Schritt und der engen Zusammenarbeit mit Marc k\u00f6nnen wir diese N\u00e4he sicherstellen und unser Angebot laufend den Kundenbed\u00fcrfnissen entsprechend weiterentwickeln. Intern wird bei uns zudem die Personalentwicklung sowie die M\u00f6glichkeit zur Weiterentwicklung und Wahrnehmung von Karrierechancen gross geschrieben. Auch diesem Punkt k\u00f6nnen wir mit den Rochaden gerecht werden.\u201c<\/p>\n","protected":false},"excerpt":{"rendered":"<p>Beim Schweizer Managed Service Provider (MSP) Cyberlink werden die Aufgaben von Marc Chauvin (CTO und Mitglied der Gesch\u00e4ftsleitung) ab Januar 2020 auf mehrere Schultern verteilt. Die jeweiligen Netzwerk-, Cloud- und Security-Engineers \u00fcbernehmen die Verantwortung der technischen Visionen ihrer Fachbereiche. Chauvin gr\u00fcndet die Firma tamac GmbH, welche das Produkteportfolio von Cyber-link in den Bereichen Beratung und [&hellip;]<\/p>\n","protected":false},"author":4,"featured_media":5826,"comment_status":"closed","ping_status":"closed","sticky":false,"template":"","format":"standard","meta":{"_acf_changed":false,"_yoast_wpseo_focuskw":"Rochade bei Cyberlink","_yoast_wpseo_metadesc":"Per Januar 2020 passt Cyberlink die personellen Strukturen und Verantwortungsbereiche dem starken Wachstum sowie der Kundenausrichtung an.","articlekey":"","footnotes":""},"categories":[27],"tags":[286,334,381,492],"class_list":["post-5825","post","type-post","status-publish","format-standard","has-post-thumbnail","hentry","category-it","tag-it","tag-management","tag-personalia","tag-unternehmen"],"acf":[],"yoast_head":"<!-- This site is optimized with the Yoast SEO plugin v27.4 - https:\/\/yoast.com\/product\/yoast-seo-wordpress\/ -->\n<title>Rochade bei Cyberlink \u2013 CTO Marc Chauvin mit eigener Firma - Organisator<\/title>\n<meta name=\"description\" content=\"Per Januar 2020 passt Cyberlink die personellen Strukturen und Verantwortungsbereiche dem starken Wachstum sowie der Kundenausrichtung an.\" \/>\n<meta name=\"robots\" content=\"index, follow, max-snippet:-1, max-image-preview:large, max-video-preview:-1\" \/>\n<link rel=\"canonical\" href=\"https:\/\/www.organisator.ch\/de\/management\/it\/2019-09-19\/rochade-bei-cyberlink-cto-marc-chauvin-mit-eigener-firma\/\" \/>\n<meta property=\"og:locale\" content=\"de_DE\" \/>\n<meta property=\"og:type\" content=\"article\" \/>\n<meta property=\"og:title\" content=\"Rochade bei Cyberlink \u2013 CTO Marc Chauvin mit eigener Firma\" \/>\n<meta property=\"og:description\" content=\"Per Januar 2020 passt Cyberlink die personellen Strukturen und Verantwortungsbereiche dem starken Wachstum sowie der Kundenausrichtung an.\" \/>\n<meta property=\"og:url\" content=\"https:\/\/www.organisator.ch\/de\/management\/it\/2019-09-19\/rochade-bei-cyberlink-cto-marc-chauvin-mit-eigener-firma\/\" \/>\n<meta property=\"og:site_name\" content=\"Organisator\" \/>\n<meta property=\"article:publisher\" content=\"https:\/\/www.facebook.com\/OrganisatorFachmagazin\" \/>\n<meta property=\"article:published_time\" content=\"2019-09-19T14:22:41+00:00\" \/>\n<meta property=\"og:image\" content=\"https:\/\/www.organisator.ch\/wp-content\/uploads\/2019\/09\/Rochade-bei-Cyberlink-CTO-Marc-Chauvin-mit-eigener-Firma_Organisator.jpg\" \/>\n\t<meta property=\"og:image:width\" content=\"680\" \/>\n\t<meta property=\"og:image:height\" content=\"529\" \/>\n\t<meta property=\"og:image:type\" content=\"image\/jpeg\" \/>\n<meta name=\"author\" content=\"thomas.berner\" \/>\n<meta name=\"twitter:card\" content=\"summary_large_image\" \/>\n<meta name=\"twitter:title\" content=\"Rochade bei #Cyberlink \u2013 CTO Marc Chauvin mit eigener Firma\" \/>\n<meta name=\"twitter:description\" content=\"Per Januar 2020 passt #Cyberlink die personellen Strukturen und Verantwortungsbereiche dem starken Wachstum sowie der Kundenausrichtung an.\" \/>\n<meta name=\"twitter:image\" content=\"https:\/\/www.organisator.ch\/wp-content\/uploads\/2019\/09\/Rochade-bei-Cyberlink-CTO-Marc-Chauvin-mit-eigener-Firma_Organisator.jpg\" \/>\n<script type=\"application\/ld+json\" class=\"yoast-schema-graph\">{\"@context\":\"https:\\\/\\\/schema.org\",\"@graph\":[{\"@type\":\"Article\",\"@id\":\"https:\\\/\\\/www.organisator.ch\\\/management\\\/it\\\/2019-09-19\\\/rochade-bei-cyberlink-cto-marc-chauvin-mit-eigener-firma\\\/#article\",\"isPartOf\":{\"@id\":\"https:\\\/\\\/www.organisator.ch\\\/management\\\/it\\\/2019-09-19\\\/rochade-bei-cyberlink-cto-marc-chauvin-mit-eigener-firma\\\/\"},\"author\":{\"name\":\"thomas.berner\",\"@id\":\"https:\\\/\\\/www.organisator.ch\\\/#\\\/schema\\\/person\\\/6f650f90b2842cd4c0cc334b4e36f67e\"},\"headline\":\"Rochade bei Cyberlink \u2013 CTO Marc Chauvin mit eigener Firma\",\"datePublished\":\"2019-09-19T14:22:41+00:00\",\"mainEntityOfPage\":{\"@id\":\"https:\\\/\\\/www.organisator.ch\\\/management\\\/it\\\/2019-09-19\\\/rochade-bei-cyberlink-cto-marc-chauvin-mit-eigener-firma\\\/\"},\"wordCount\":270,\"publisher\":{\"@id\":\"https:\\\/\\\/www.organisator.ch\\\/#organization\"},\"image\":{\"@id\":\"https:\\\/\\\/www.organisator.ch\\\/management\\\/it\\\/2019-09-19\\\/rochade-bei-cyberlink-cto-marc-chauvin-mit-eigener-firma\\\/#primaryimage\"},\"thumbnailUrl\":\"https:\\\/\\\/www.organisator.ch\\\/wp-content\\\/uploads\\\/2019\\\/09\\\/Rochade-bei-Cyberlink-CTO-Marc-Chauvin-mit-eigener-Firma_Organisator.jpg\",\"keywords\":[\"IT\",\"Management\",\"Personalia\",\"Unternehmen\"],\"articleSection\":[\"IT\"],\"inLanguage\":\"de\"},{\"@type\":\"WebPage\",\"@id\":\"https:\\\/\\\/www.organisator.ch\\\/management\\\/it\\\/2019-09-19\\\/rochade-bei-cyberlink-cto-marc-chauvin-mit-eigener-firma\\\/\",\"url\":\"https:\\\/\\\/www.organisator.ch\\\/management\\\/it\\\/2019-09-19\\\/rochade-bei-cyberlink-cto-marc-chauvin-mit-eigener-firma\\\/\",\"name\":\"Rochade bei Cyberlink \u2013 CTO Marc Chauvin mit eigener Firma - Organisator\",\"isPartOf\":{\"@id\":\"https:\\\/\\\/www.organisator.ch\\\/#website\"},\"primaryImageOfPage\":{\"@id\":\"https:\\\/\\\/www.organisator.ch\\\/management\\\/it\\\/2019-09-19\\\/rochade-bei-cyberlink-cto-marc-chauvin-mit-eigener-firma\\\/#primaryimage\"},\"image\":{\"@id\":\"https:\\\/\\\/www.organisator.ch\\\/management\\\/it\\\/2019-09-19\\\/rochade-bei-cyberlink-cto-marc-chauvin-mit-eigener-firma\\\/#primaryimage\"},\"thumbnailUrl\":\"https:\\\/\\\/www.organisator.ch\\\/wp-content\\\/uploads\\\/2019\\\/09\\\/Rochade-bei-Cyberlink-CTO-Marc-Chauvin-mit-eigener-Firma_Organisator.jpg\",\"datePublished\":\"2019-09-19T14:22:41+00:00\",\"description\":\"Per Januar 2020 passt Cyberlink die personellen Strukturen und Verantwortungsbereiche dem starken Wachstum sowie der Kundenausrichtung an.\",\"breadcrumb\":{\"@id\":\"https:\\\/\\\/www.organisator.ch\\\/management\\\/it\\\/2019-09-19\\\/rochade-bei-cyberlink-cto-marc-chauvin-mit-eigener-firma\\\/#breadcrumb\"},\"inLanguage\":\"de\",\"potentialAction\":[{\"@type\":\"ReadAction\",\"target\":[\"https:\\\/\\\/www.organisator.ch\\\/management\\\/it\\\/2019-09-19\\\/rochade-bei-cyberlink-cto-marc-chauvin-mit-eigener-firma\\\/\"]}]},{\"@type\":\"ImageObject\",\"inLanguage\":\"de\",\"@id\":\"https:\\\/\\\/www.organisator.ch\\\/management\\\/it\\\/2019-09-19\\\/rochade-bei-cyberlink-cto-marc-chauvin-mit-eigener-firma\\\/#primaryimage\",\"url\":\"https:\\\/\\\/www.organisator.ch\\\/wp-content\\\/uploads\\\/2019\\\/09\\\/Rochade-bei-Cyberlink-CTO-Marc-Chauvin-mit-eigener-Firma_Organisator.jpg\",\"contentUrl\":\"https:\\\/\\\/www.organisator.ch\\\/wp-content\\\/uploads\\\/2019\\\/09\\\/Rochade-bei-Cyberlink-CTO-Marc-Chauvin-mit-eigener-Firma_Organisator.jpg\",\"width\":680,\"height\":529,\"caption\":\"Rochade bei Cyberlink: Marc Chauvin gr\u00fcndet eine eigene Firma. (Bild: zVg)\"},{\"@type\":\"BreadcrumbList\",\"@id\":\"https:\\\/\\\/www.organisator.ch\\\/management\\\/it\\\/2019-09-19\\\/rochade-bei-cyberlink-cto-marc-chauvin-mit-eigener-firma\\\/#breadcrumb\",\"itemListElement\":[{\"@type\":\"ListItem\",\"position\":1,\"name\":\"Home\",\"item\":\"https:\\\/\\\/www.organisator.ch\\\/\"},{\"@type\":\"ListItem\",\"position\":2,\"name\":\"Rochade bei Cyberlink \u2013 CTO Marc Chauvin mit eigener Firma\"}]},{\"@type\":\"WebSite\",\"@id\":\"https:\\\/\\\/www.organisator.ch\\\/#website\",\"url\":\"https:\\\/\\\/www.organisator.ch\\\/\",\"name\":\"Organisator\",\"description\":\"Kompetent. Praxisnah. Der ORGANISATOR bereitet in 10 Ausgaben pro Jahr die wesentlichen Themen f\u00fcr F\u00fchrungskr\u00e4fte von KMU auf.\",\"publisher\":{\"@id\":\"https:\\\/\\\/www.organisator.ch\\\/#organization\"},\"potentialAction\":[{\"@type\":\"SearchAction\",\"target\":{\"@type\":\"EntryPoint\",\"urlTemplate\":\"https:\\\/\\\/www.organisator.ch\\\/?s={search_term_string}\"},\"query-input\":{\"@type\":\"PropertyValueSpecification\",\"valueRequired\":true,\"valueName\":\"search_term_string\"}}],\"inLanguage\":\"de\"},{\"@type\":\"Organization\",\"@id\":\"https:\\\/\\\/www.organisator.ch\\\/#organization\",\"name\":\"Organisator\",\"url\":\"https:\\\/\\\/www.organisator.ch\\\/\",\"logo\":{\"@type\":\"ImageObject\",\"inLanguage\":\"de\",\"@id\":\"https:\\\/\\\/www.organisator.ch\\\/#\\\/schema\\\/logo\\\/image\\\/\",\"url\":\"https:\\\/\\\/www.organisator.ch\\\/wp-content\\\/uploads\\\/2022\\\/01\\\/Logo_Organisator_Website.png\",\"contentUrl\":\"https:\\\/\\\/www.organisator.ch\\\/wp-content\\\/uploads\\\/2022\\\/01\\\/Logo_Organisator_Website.png\",\"width\":800,\"height\":77,\"caption\":\"Organisator\"},\"image\":{\"@id\":\"https:\\\/\\\/www.organisator.ch\\\/#\\\/schema\\\/logo\\\/image\\\/\"},\"sameAs\":[\"https:\\\/\\\/www.facebook.com\\\/OrganisatorFachmagazin\",\"https:\\\/\\\/www.linkedin.com\\\/showcase\\\/organisator-das-magazin-fr-kmu\",\"https:\\\/\\\/www.xing.com\\\/news\\\/pages\\\/organisator-ch-695\",\"https:\\\/\\\/www.youtube.com\\\/channel\\\/UCGP2Sq0iWaZwT3BdIAQFYpw\"]},{\"@type\":\"Person\",\"@id\":\"https:\\\/\\\/www.organisator.ch\\\/#\\\/schema\\\/person\\\/6f650f90b2842cd4c0cc334b4e36f67e\",\"name\":\"thomas.berner\",\"image\":{\"@type\":\"ImageObject\",\"inLanguage\":\"de\",\"@id\":\"https:\\\/\\\/secure.gravatar.com\\\/avatar\\\/ac5001d2a36cb6c6cd3e50789007ffca834b477b74a2144564522e944eabff61?s=96&d=mm&r=g\",\"url\":\"https:\\\/\\\/secure.gravatar.com\\\/avatar\\\/ac5001d2a36cb6c6cd3e50789007ffca834b477b74a2144564522e944eabff61?s=96&d=mm&r=g\",\"contentUrl\":\"https:\\\/\\\/secure.gravatar.com\\\/avatar\\\/ac5001d2a36cb6c6cd3e50789007ffca834b477b74a2144564522e944eabff61?s=96&d=mm&r=g\",\"caption\":\"thomas.berner\"},\"url\":\"https:\\\/\\\/www.organisator.ch\\\/de\\\/author\\\/thomas-berner\\\/\"}]}<\/script>\n<!-- \/ Yoast SEO plugin. -->","yoast_head_json":{"title":"Rochade bei Cyberlink \u2013 CTO Marc Chauvin mit eigener Firma - Organisator","description":"Per Januar 2020 passt Cyberlink die personellen Strukturen und Verantwortungsbereiche dem starken Wachstum sowie der Kundenausrichtung an.","robots":{"index":"index","follow":"follow","max-snippet":"max-snippet:-1","max-image-preview":"max-image-preview:large","max-video-preview":"max-video-preview:-1"},"canonical":"https:\/\/www.organisator.ch\/de\/management\/it\/2019-09-19\/rochade-bei-cyberlink-cto-marc-chauvin-mit-eigener-firma\/","og_locale":"de_DE","og_type":"article","og_title":"Rochade bei Cyberlink \u2013 CTO Marc Chauvin mit eigener Firma","og_description":"Per Januar 2020 passt Cyberlink die personellen Strukturen und Verantwortungsbereiche dem starken Wachstum sowie der Kundenausrichtung an.","og_url":"https:\/\/www.organisator.ch\/de\/management\/it\/2019-09-19\/rochade-bei-cyberlink-cto-marc-chauvin-mit-eigener-firma\/","og_site_name":"Organisator","article_publisher":"https:\/\/www.facebook.com\/OrganisatorFachmagazin","article_published_time":"2019-09-19T14:22:41+00:00","og_image":[{"width":680,"height":529,"url":"https:\/\/www.organisator.ch\/wp-content\/uploads\/2019\/09\/Rochade-bei-Cyberlink-CTO-Marc-Chauvin-mit-eigener-Firma_Organisator.jpg","type":"image\/jpeg"}],"author":"thomas.berner","twitter_card":"summary_large_image","twitter_title":"Rochade bei #Cyberlink \u2013 CTO Marc Chauvin mit eigener Firma","twitter_description":"Per Januar 2020 passt #Cyberlink die personellen Strukturen und Verantwortungsbereiche dem starken Wachstum sowie der Kundenausrichtung an.","twitter_image":"https:\/\/www.organisator.ch\/wp-content\/uploads\/2019\/09\/Rochade-bei-Cyberlink-CTO-Marc-Chauvin-mit-eigener-Firma_Organisator.jpg","schema":{"@context":"https:\/\/schema.org","@graph":[{"@type":"Article","@id":"https:\/\/www.organisator.ch\/management\/it\/2019-09-19\/rochade-bei-cyberlink-cto-marc-chauvin-mit-eigener-firma\/#article","isPartOf":{"@id":"https:\/\/www.organisator.ch\/management\/it\/2019-09-19\/rochade-bei-cyberlink-cto-marc-chauvin-mit-eigener-firma\/"},"author":{"name":"thomas.berner","@id":"https:\/\/www.organisator.ch\/#\/schema\/person\/6f650f90b2842cd4c0cc334b4e36f67e"},"headline":"Rochade bei Cyberlink \u2013 CTO Marc Chauvin mit eigener Firma","datePublished":"2019-09-19T14:22:41+00:00","mainEntityOfPage":{"@id":"https:\/\/www.organisator.ch\/management\/it\/2019-09-19\/rochade-bei-cyberlink-cto-marc-chauvin-mit-eigener-firma\/"},"wordCount":270,"publisher":{"@id":"https:\/\/www.organisator.ch\/#organization"},"image":{"@id":"https:\/\/www.organisator.ch\/management\/it\/2019-09-19\/rochade-bei-cyberlink-cto-marc-chauvin-mit-eigener-firma\/#primaryimage"},"thumbnailUrl":"https:\/\/www.organisator.ch\/wp-content\/uploads\/2019\/09\/Rochade-bei-Cyberlink-CTO-Marc-Chauvin-mit-eigener-Firma_Organisator.jpg","keywords":["IT","Management","Personalia","Unternehmen"],"articleSection":["IT"],"inLanguage":"de"},{"@type":"WebPage","@id":"https:\/\/www.organisator.ch\/management\/it\/2019-09-19\/rochade-bei-cyberlink-cto-marc-chauvin-mit-eigener-firma\/","url":"https:\/\/www.organisator.ch\/management\/it\/2019-09-19\/rochade-bei-cyberlink-cto-marc-chauvin-mit-eigener-firma\/","name":"Rochade bei Cyberlink \u2013 CTO Marc Chauvin mit eigener Firma - Organisator","isPartOf":{"@id":"https:\/\/www.organisator.ch\/#website"},"primaryImageOfPage":{"@id":"https:\/\/www.organisator.ch\/management\/it\/2019-09-19\/rochade-bei-cyberlink-cto-marc-chauvin-mit-eigener-firma\/#primaryimage"},"image":{"@id":"https:\/\/www.organisator.ch\/management\/it\/2019-09-19\/rochade-bei-cyberlink-cto-marc-chauvin-mit-eigener-firma\/#primaryimage"},"thumbnailUrl":"https:\/\/www.organisator.ch\/wp-content\/uploads\/2019\/09\/Rochade-bei-Cyberlink-CTO-Marc-Chauvin-mit-eigener-Firma_Organisator.jpg","datePublished":"2019-09-19T14:22:41+00:00","description":"Per Januar 2020 passt Cyberlink die personellen Strukturen und Verantwortungsbereiche dem starken Wachstum sowie der Kundenausrichtung an.","breadcrumb":{"@id":"https:\/\/www.organisator.ch\/management\/it\/2019-09-19\/rochade-bei-cyberlink-cto-marc-chauvin-mit-eigener-firma\/#breadcrumb"},"inLanguage":"de","potentialAction":[{"@type":"ReadAction","target":["https:\/\/www.organisator.ch\/management\/it\/2019-09-19\/rochade-bei-cyberlink-cto-marc-chauvin-mit-eigener-firma\/"]}]},{"@type":"ImageObject","inLanguage":"de","@id":"https:\/\/www.organisator.ch\/management\/it\/2019-09-19\/rochade-bei-cyberlink-cto-marc-chauvin-mit-eigener-firma\/#primaryimage","url":"https:\/\/www.organisator.ch\/wp-content\/uploads\/2019\/09\/Rochade-bei-Cyberlink-CTO-Marc-Chauvin-mit-eigener-Firma_Organisator.jpg","contentUrl":"https:\/\/www.organisator.ch\/wp-content\/uploads\/2019\/09\/Rochade-bei-Cyberlink-CTO-Marc-Chauvin-mit-eigener-Firma_Organisator.jpg","width":680,"height":529,"caption":"Rochade bei Cyberlink: Marc Chauvin gr\u00fcndet eine eigene Firma. (Bild: zVg)"},{"@type":"BreadcrumbList","@id":"https:\/\/www.organisator.ch\/management\/it\/2019-09-19\/rochade-bei-cyberlink-cto-marc-chauvin-mit-eigener-firma\/#breadcrumb","itemListElement":[{"@type":"ListItem","position":1,"name":"Home","item":"https:\/\/www.organisator.ch\/"},{"@type":"ListItem","position":2,"name":"Rochade bei Cyberlink \u2013 CTO Marc Chauvin mit eigener Firma"}]},{"@type":"WebSite","@id":"https:\/\/www.organisator.ch\/#website","url":"https:\/\/www.organisator.ch\/","name":"Organisator","description":"Kompetent. Praxisnah. Der ORGANISATOR bereitet in 10 Ausgaben pro Jahr die wesentlichen Themen f\u00fcr F\u00fchrungskr\u00e4fte von KMU auf.","publisher":{"@id":"https:\/\/www.organisator.ch\/#organization"},"potentialAction":[{"@type":"SearchAction","target":{"@type":"EntryPoint","urlTemplate":"https:\/\/www.organisator.ch\/?s={search_term_string}"},"query-input":{"@type":"PropertyValueSpecification","valueRequired":true,"valueName":"search_term_string"}}],"inLanguage":"de"},{"@type":"Organization","@id":"https:\/\/www.organisator.ch\/#organization","name":"Organisator","url":"https:\/\/www.organisator.ch\/","logo":{"@type":"ImageObject","inLanguage":"de","@id":"https:\/\/www.organisator.ch\/#\/schema\/logo\/image\/","url":"https:\/\/www.organisator.ch\/wp-content\/uploads\/2022\/01\/Logo_Organisator_Website.png","contentUrl":"https:\/\/www.organisator.ch\/wp-content\/uploads\/2022\/01\/Logo_Organisator_Website.png","width":800,"height":77,"caption":"Organisator"},"image":{"@id":"https:\/\/www.organisator.ch\/#\/schema\/logo\/image\/"},"sameAs":["https:\/\/www.facebook.com\/OrganisatorFachmagazin","https:\/\/www.linkedin.com\/showcase\/organisator-das-magazin-fr-kmu","https:\/\/www.xing.com\/news\/pages\/organisator-ch-695","https:\/\/www.youtube.com\/channel\/UCGP2Sq0iWaZwT3BdIAQFYpw"]},{"@type":"Person","@id":"https:\/\/www.organisator.ch\/#\/schema\/person\/6f650f90b2842cd4c0cc334b4e36f67e","name":"thomas.berner","image":{"@type":"ImageObject","inLanguage":"de","@id":"https:\/\/secure.gravatar.com\/avatar\/ac5001d2a36cb6c6cd3e50789007ffca834b477b74a2144564522e944eabff61?s=96&d=mm&r=g","url":"https:\/\/secure.gravatar.com\/avatar\/ac5001d2a36cb6c6cd3e50789007ffca834b477b74a2144564522e944eabff61?s=96&d=mm&r=g","contentUrl":"https:\/\/secure.gravatar.com\/avatar\/ac5001d2a36cb6c6cd3e50789007ffca834b477b74a2144564522e944eabff61?s=96&d=mm&r=g","caption":"thomas.berner"},"url":"https:\/\/www.organisator.ch\/de\/author\/thomas-berner\/"}]}},"_links":{"self":[{"href":"https:\/\/www.organisator.ch\/de\/wp-json\/wp\/v2\/posts\/5825","targetHints":{"allow":["GET"]}}],"collection":[{"href":"https:\/\/www.organisator.ch\/de\/wp-json\/wp\/v2\/posts"}],"about":[{"href":"https:\/\/www.organisator.ch\/de\/wp-json\/wp\/v2\/types\/post"}],"author":[{"embeddable":true,"href":"https:\/\/www.organisator.ch\/de\/wp-json\/wp\/v2\/users\/4"}],"replies":[{"embeddable":true,"href":"https:\/\/www.organisator.ch\/de\/wp-json\/wp\/v2\/comments?post=5825"}],"version-history":[{"count":0,"href":"https:\/\/www.organisator.ch\/de\/wp-json\/wp\/v2\/posts\/5825\/revisions"}],"wp:featuredmedia":[{"embeddable":true,"href":"https:\/\/www.organisator.ch\/de\/wp-json\/wp\/v2\/media\/5826"}],"wp:attachment":[{"href":"https:\/\/www.organisator.ch\/de\/wp-json\/wp\/v2\/media?parent=5825"}],"wp:term":[{"taxonomy":"category","embeddable":true,"href":"https:\/\/www.organisator.ch\/de\/wp-json\/wp\/v2\/categories?post=5825"},{"taxonomy":"post_tag","embeddable":true,"href":"https:\/\/www.organisator.ch\/de\/wp-json\/wp\/v2\/tags?post=5825"}],"curies":[{"name":"wp","href":"https:\/\/api.w.org\/{rel}","templated":true}]}}