{"id":5828,"date":"2019-09-23T09:19:33","date_gmt":"2019-09-23T07:19:33","guid":{"rendered":"https:\/\/www.organisator.ch\/?p=5828"},"modified":"2019-09-23T09:19:33","modified_gmt":"2019-09-23T07:19:33","slug":"instinkt-oder-big-data-wer-entscheidet","status":"publish","type":"post","link":"https:\/\/www.organisator.ch\/de\/management\/2019-09-23\/instinkt-oder-big-data-wer-entscheidet\/","title":{"rendered":"Instinkt oder Big Data: Wer entscheidet?"},"content":{"rendered":"<figure id=\"attachment_5829\" aria-describedby=\"caption-attachment-5829\" style=\"width: 680px\" class=\"wp-caption alignnone\"><img loading=\"lazy\" decoding=\"async\" class=\"size-medium wp-image-5829\" src=\"https:\/\/www.organisator.ch\/wp-content\/uploads\/2019\/09\/Instinkt-oder-Big-Data-Wer-entscheidet-1_Organisator.jpg\" alt=\"\" width=\"680\" height=\"453\" srcset=\"https:\/\/www.organisator.ch\/wp-content\/uploads\/2019\/09\/Instinkt-oder-Big-Data-Wer-entscheidet-1_Organisator.jpg 680w, https:\/\/www.organisator.ch\/wp-content\/uploads\/2019\/09\/Instinkt-oder-Big-Data-Wer-entscheidet-1_Organisator-16x12.jpg 16w, https:\/\/www.organisator.ch\/wp-content\/uploads\/2019\/09\/Instinkt-oder-Big-Data-Wer-entscheidet-1_Organisator-263x175.jpg 263w, https:\/\/www.organisator.ch\/wp-content\/uploads\/2019\/09\/Instinkt-oder-Big-Data-Wer-entscheidet-1_Organisator-525x350.jpg 525w, https:\/\/www.organisator.ch\/wp-content\/uploads\/2019\/09\/Instinkt-oder-Big-Data-Wer-entscheidet-1_Organisator-300x200.jpg 300w\" sizes=\"auto, (max-width: 680px) 100vw, 680px\" \/><figcaption id=\"caption-attachment-5829\" class=\"wp-caption-text\">Instinkt oder Big Data? Dar\u00fcber sprach am SMG-Forum auch Jinlong Wang, Group CEO and Chairman Pizza Express, MD &amp; operating Partner Hony Capital. (Bild: Markus Senn)<\/figcaption><\/figure>\n<p>Nie zuvor hatten wir einfacheren und umfassenderen Zugang zu Informationen als heute. Die technologische Entwicklung erschliesst uns unz\u00e4hlige M\u00f6glichkeiten, diese auszuwerten. Worauf sollen wir wichtige Entscheidungen basieren? Auf dem B wie Bauch oder besser auf dem B wie Big Data? Sind instinktbasierte oder Big-Data-basierte Entscheidungen erfolgreicher? Ist es eine Kombination von beidem? Lassen wir unseren Instinkt in Anbetracht der H\u00fclle und F\u00fclle an Daten \u00fcberhaupt noch zu? Referate von globalen Experten beleuchteten diese Fragen aus verschiedenen Blickrichtungen. \u00abDas Forum hat mich einmal mehr vielseitig inspiriert\u00bb, sagte Lukas Braunschweiler, Pr\u00e4sident der SMG und VR-Pr\u00e4sident der Tecan Group.<\/p>\n<h2>Jinlong Wang: \u00abGl\u00fcck und Emotionen adressieren\u00bb<\/h2>\n<p>China gilt als Geburtsst\u00e4tte des Tees und seine Teetradition geht auf etwa 2700 vor Christi Geburt zur\u00fcck. Wie schaffte es ein westlicher Powerbrand, aus instinktiven Teetrinkern seit Jahrtausenden Starbucks-Konsumenten zu machen? Jinlong Wang spielte dabei in seiner Funktion als Pr\u00e4sident von Starbucks Asia Pacific und Chairman von Starbucks China eine entscheidende Rolle. Unter seiner \u00c4gide verdreifachten sich die urspr\u00fcnglichen 1017 Starbucks Coffee Shops allein zwischen 2013 und 2018 auf 3300. Heute setzt Jinlong Wang seinen Instinkt f\u00fcr Konsumenten bei PizzaExpress und als Managing Director &amp; Operating Partner von Hony Capital in Chinas Private-Equity-Industrie an. \u00abUm in einer gestanden Kultur etwas Neues bringen zu k\u00f6nnen, muss man ganz fundamental das Gl\u00fcck und die Emotionen adressieren k\u00f6nnen.\u00bb<\/p>\n<figure id=\"attachment_5830\" aria-describedby=\"caption-attachment-5830\" style=\"width: 680px\" class=\"wp-caption alignnone\"><img loading=\"lazy\" decoding=\"async\" class=\"size-medium wp-image-5830\" src=\"https:\/\/www.organisator.ch\/wp-content\/uploads\/2019\/09\/Instinkt-oder-Big-Data-Wer-entscheidet-2_Organisator.jpg\" alt=\"\" width=\"680\" height=\"453\" srcset=\"https:\/\/www.organisator.ch\/wp-content\/uploads\/2019\/09\/Instinkt-oder-Big-Data-Wer-entscheidet-2_Organisator.jpg 680w, https:\/\/www.organisator.ch\/wp-content\/uploads\/2019\/09\/Instinkt-oder-Big-Data-Wer-entscheidet-2_Organisator-16x12.jpg 16w, https:\/\/www.organisator.ch\/wp-content\/uploads\/2019\/09\/Instinkt-oder-Big-Data-Wer-entscheidet-2_Organisator-263x175.jpg 263w, https:\/\/www.organisator.ch\/wp-content\/uploads\/2019\/09\/Instinkt-oder-Big-Data-Wer-entscheidet-2_Organisator-525x350.jpg 525w, https:\/\/www.organisator.ch\/wp-content\/uploads\/2019\/09\/Instinkt-oder-Big-Data-Wer-entscheidet-2_Organisator-300x200.jpg 300w\" sizes=\"auto, (max-width: 680px) 100vw, 680px\" \/><figcaption id=\"caption-attachment-5830\" class=\"wp-caption-text\">Prof. Dr. Hauke Heekeren, Vizepr\u00e4sident und Professor f\u00fcr Biologische Psychologie und Kognitive Neurowissenschaft, Freie Universit\u00e4t Berlin im Gespr\u00e4ch mit Kamila Markram, Co-founder &amp; CEO Frontiers (Bild: Markus Senn)<\/figcaption><\/figure>\n<h2>Carsten Koerl: \u00abAlles, was wir f\u00fcr den Fan aufarbeiten, ist gut f\u00fcr den Sport\u00bb<\/h2>\n<p>Carsten Koerl brauchte lediglich elf Jahre, um sein Unternehmen Sportradar auf eine Bewertung von \u00fcber CHF 2 Mrd. Franken zu bringen und um der Schweiz ein \u00abUnicorn\u00bb zu bescheren. Sportradar analysiert j\u00e4hrlich \u00fcber 400\u2019000 Spiele in 60 Sportarten, generiert daraus t\u00e4glich rund 5 Mrd. Datens\u00e4tze und ist der weltweit f\u00fchrende Anbieter von Sportdaten und audiovisuellen Inhalten. Je mehr Daten zur Verf\u00fcgung stehen, desto mehr Simulationen sind m\u00f6glich, sagt Carsten Koerl: \u00abEs ist verbl\u00fcffend, welche Entscheidungen Algorithmen aufgrund von vielen Datenanalysen treffen k\u00f6nnen.\u00bb Obwohl mit all diesen Daten auch die Performance einzelner Sportler gemessen werden kann, geschieht der Umgang nur schon aus Datenschutzgr\u00fcnden behutsam. F\u00fcr Carsten Spoerl gilt dabei: \u00abAlles, was wir f\u00fcr den Fan aufarbeiten, ist gut f\u00fcr den Sport.\u00bb<\/p>\n<h2>Nicoletta della Valle: \u00abMitarbeiterprofile haben sich in Zeiten von Big Data ver\u00e4ndert\u00bb<\/h2>\n<p>Seit f\u00fcnf Jahren arbeitet Nicoletta della Valle als Direktorin des Bundesamtes f\u00fcr Polizei (Fedpol). Global, vernetzt und digital: Kriminalit\u00e4t ist ein Abbild der Gesellschaft. Das Fedpol bek\u00e4mpft Terror, Mafia, Geldw\u00e4scherei, Korruption oder Wirtschaftskriminalit\u00e4t. Die Daten- und Faktenanalyse stand schon immer im Zentrum &#8211; pr\u00e4sentiert sich jedoch heute in einer digitalen Form. Entsprechend ver\u00e4ndert haben sich auch die Mitarbeiterprofile. Nicoletta della Valle ist \u00fcberzeugt, dass Instinkt etwas Angeborenes, nicht Lernbares ist. Es sei f\u00fcr das \u00dcberleben entscheidend: \u00abIch kann Instinkt nicht steuern, es geschieht ohne meinen Kopf.\u00bb Intuition und Erfahrung erg\u00e4nzen unsere Begabungen, was es aber vor allem braucht in der heutigen Welt ist Brain und eine Gesp\u00fcr f\u00fcr Big Data.<\/p>\n<h2>Instinkt oder Big Data aus Sicht der Neurowissenschaft: \u00abDas Gehirn und nicht allein den Instinkt nutzen\u00bb<\/h2>\n<p>Das Gehirn ist \u00fcber Millionen von Jahren entstanden und hat sich \u00fcber verschiedene Situationen angepasst. \u00abInstinkt spielt uns manchmal einen Streich, wenn es zum Beispiel um finanzielle Dinge geht\u00bb, sagt Prof. Dr. Hauke Heekeren. Er hat nach seinem Medizinstudium an der Humboldt Universit\u00e4t Berlin mit Auszeichnung promoviert und wurde 2005 Leiter der Max-Planck- Forschergruppe \u00abNeurokognition der Entscheidungsfindung\u00bb am Max Planck Institut f\u00fcr Bildungsforschung. Seit 2009 ist er Professor f\u00fcr Biologische Psychologie und Kognitive Neurowissenschaft an der Freien Universit\u00e4t Berlin. Anhand der \u00abMonkey Business Illusion\u00bb zeigte er auf, wie selektiv unsere Wahrnehmung ist. Aufgrund seiner Erfahrungen in der neurowissenschaftlichen Entscheidungsforschung empfiehlt er zwischen Fakten und Gef\u00fchlen zu trennen: \u00abWir sollten das Gehirn und nicht allein den Instinkt nutzen.\u00bb<\/p>\n<h2>Dr. Christopher E. Mason: \u00abUnser Instinkt will entdecken\u00bb<\/h2>\n<p>\u201eMoon is the proving ground, Mars is the destination\u201c &#8211; eine klare Ansage der Nasa 50 Jahre nach der ersten Mondlandung. Damit verbunden ist geplant, dass 2024 wieder Menschen den Mond begehen und eine bemannte Landung auf dem Mars bis 2035 m\u00f6glich sei. Keine andere Spezies ist so instinktiv getrieben vom Entdeckergeist wie die Menschen: \u00abUnser Instinkt will entdecken\u00bb, sagte Christopher E. Mason, Associate Professor an der Weill Cornell Medicine, der im Rahmen der k\u00fcrzlich publizierten Nasa-Zwillingsstudie rund um die beiden Astronauten Scott und Mark Kelly die Auswirkungen eines l\u00e4ngeren Aufenthalts im Weltall, erforscht hat. Die gr\u00f6ssten Herausforderungen zum Mars sind heute die Distanz und die Strahlungen. Mason zeigt dazu spektakul\u00e4re Ans\u00e4tze, wie die medizinischen Herausforderungen gel\u00f6st werden k\u00f6nnen.<\/p>\n<h2>Rahaf Harfoush: \u00abEs braucht heute Zeit, bis wir uns verstehen k\u00f6nnen\u00bb<\/h2>\n<p>Dank unserer Datenspuren werden wir zum gl\u00e4sernen Konsumenten. In ihrem Bestseller \u00abHustle and float \u00bb widmete sich Rahaf Harfoush dieser Analyse. Zum Thema Instinkt erkl\u00e4rte sie, dass Instinkt und Kreativit\u00e4t Raum und Zeit ben\u00f6tigen: \u00abHalten Sie an und h\u00f6ren Sie zu, woran Sie denken. Es braucht heute Zeit, bis wir uns verstehen k\u00f6nnen. Die pers\u00f6nliche Relevanz ist wichtiger als die allgemeine Relevanz.\u00bb Die Forschung der Kanadierin mit syrischen Wurzeln fokussiert sich auf die Auswirkungen von K\u00fcnstlicher Intelligenz, Algorithmen, Sozialen Netzwerken und Big Data auf die Menschheit. Als Think Tank Red Thread unterst\u00fctzt sie Institutionen wie die Unesco, Estee Lauder oder IBM dabei, digitale Trends in strategische Chancen umzuwandeln.<\/p>\n<h2>Fabrice Leclerc: \u00abMenschlichen Instinkt ins Zentrum r\u00fccken\u00bb<\/h2>\n<p>Die aussergew\u00f6hnliche Innovationskraft von Fabrice Leclerc macht ihn zu einem bedeutenden Partner diverser Fortune-100-Unternehmen. Er f\u00fchrte Innovation Labs f\u00fcr Unternehmen wie Apple, L\u2019Or\u00e9al Prestige oder Nespresso. Fabrice Leclercs Ansatz ist klar: \u00abWer erfolgreich innovieren will, muss den menschlichen Instinkt ins Zentrum r\u00fccken. Denn es gibt keinen st\u00e4rkeren emotionalen Approach als durch Gef\u00fchle, die wir \u00fcber Millionen von Jahren in uns tragen.\u00bb Der studierte Veterin\u00e4r und Betriebswirt agiert seit seiner Zeit als CEO von H\u00e4agen Dazs nach diesem Prinzip.<\/p>\n<p><em>Quelle: <a href=\"http:\/\/www.smg.ch\">Schweizerische Management Gesellschaft<\/a><\/em><\/p>\n","protected":false},"excerpt":{"rendered":"<p>Nie zuvor hatten wir einfacheren und umfassenderen Zugang zu Informationen als heute. Die technologische Entwicklung erschliesst uns unz\u00e4hlige M\u00f6glichkeiten, diese auszuwerten. Worauf sollen wir wichtige Entscheidungen basieren? Auf dem B wie Bauch oder besser auf dem B wie Big Data? Sind instinktbasierte oder Big-Data-basierte Entscheidungen erfolgreicher? Ist es eine Kombination von beidem? Lassen wir unseren [&hellip;]<\/p>\n","protected":false},"author":4,"featured_media":5829,"comment_status":"closed","ping_status":"closed","sticky":false,"template":"","format":"standard","meta":{"_acf_changed":false,"_yoast_wpseo_focuskw":"Instinkt oder Big Data","_yoast_wpseo_metadesc":"Das Forum der Schweizerischen Management Gesellschaft (SMG) mit rund 200 Teilnehmern widmete sich dieses Jahr u. a. der Frage: Instinkt oder Big Data?","articlekey":"","footnotes":""},"categories":[28],"tags":[193,335,533],"class_list":["post-5828","post","type-post","status-publish","format-standard","has-post-thumbnail","hentry","category-management","tag-fachkongressfachmesse","tag-management-und-unternehmensfuehrung","tag-wissenschaft"],"acf":[],"yoast_head":"<!-- This site is optimized with the Yoast SEO plugin v27.4 - https:\/\/yoast.com\/product\/yoast-seo-wordpress\/ -->\n<title>Instinkt oder Big Data: Wer entscheidet? - Organisator<\/title>\n<meta name=\"description\" content=\"Das Forum der Schweizerischen Management Gesellschaft (SMG) mit rund 200 Teilnehmern widmete sich dieses Jahr u. a. der Frage: Instinkt oder Big Data?\" \/>\n<meta name=\"robots\" content=\"index, follow, max-snippet:-1, max-image-preview:large, max-video-preview:-1\" \/>\n<link rel=\"canonical\" href=\"https:\/\/www.organisator.ch\/de\/management\/2019-09-23\/instinkt-oder-big-data-wer-entscheidet\/\" \/>\n<meta property=\"og:locale\" content=\"de_DE\" \/>\n<meta property=\"og:type\" content=\"article\" \/>\n<meta property=\"og:title\" content=\"Instinkt oder Big Data: Wer entscheidet?\" \/>\n<meta property=\"og:description\" content=\"Das Forum der Schweizerischen Management Gesellschaft (SMG) mit rund 200 Teilnehmern widmete sich dieses Jahr u. a. der Frage: Instinkt oder Big Data?\" \/>\n<meta property=\"og:url\" content=\"https:\/\/www.organisator.ch\/de\/management\/2019-09-23\/instinkt-oder-big-data-wer-entscheidet\/\" \/>\n<meta property=\"og:site_name\" content=\"Organisator\" \/>\n<meta property=\"article:publisher\" content=\"https:\/\/www.facebook.com\/OrganisatorFachmagazin\" \/>\n<meta property=\"article:published_time\" content=\"2019-09-23T07:19:33+00:00\" \/>\n<meta property=\"og:image\" content=\"https:\/\/www.organisator.ch\/wp-content\/uploads\/2019\/09\/Instinkt-oder-Big-Data-Wer-entscheidet-1_Organisator.jpg\" \/>\n\t<meta property=\"og:image:width\" content=\"680\" \/>\n\t<meta property=\"og:image:height\" content=\"453\" \/>\n\t<meta property=\"og:image:type\" content=\"image\/jpeg\" \/>\n<meta name=\"author\" content=\"thomas.berner\" \/>\n<meta name=\"twitter:card\" content=\"summary_large_image\" \/>\n<meta name=\"twitter:title\" content=\"#Instinkt oder Big Data: Wer entscheidet?\" \/>\n<meta name=\"twitter:description\" content=\"Das Forum der Schweizerischen Management Gesellschaft (#SMG) mit rund 200 Teilnehmern widmete sich dieses Jahr u. a. der Frage: Instinkt oder Big Data?\" \/>\n<meta name=\"twitter:image\" content=\"https:\/\/www.organisator.ch\/wp-content\/uploads\/2019\/09\/Instinkt-oder-Big-Data-Wer-entscheidet-1_Organisator.jpg\" \/>\n<script type=\"application\/ld+json\" class=\"yoast-schema-graph\">{\"@context\":\"https:\\\/\\\/schema.org\",\"@graph\":[{\"@type\":\"Article\",\"@id\":\"https:\\\/\\\/www.organisator.ch\\\/management\\\/2019-09-23\\\/instinkt-oder-big-data-wer-entscheidet\\\/#article\",\"isPartOf\":{\"@id\":\"https:\\\/\\\/www.organisator.ch\\\/management\\\/2019-09-23\\\/instinkt-oder-big-data-wer-entscheidet\\\/\"},\"author\":{\"name\":\"thomas.berner\",\"@id\":\"https:\\\/\\\/www.organisator.ch\\\/#\\\/schema\\\/person\\\/6f650f90b2842cd4c0cc334b4e36f67e\"},\"headline\":\"Instinkt oder Big Data: Wer entscheidet?\",\"datePublished\":\"2019-09-23T07:19:33+00:00\",\"mainEntityOfPage\":{\"@id\":\"https:\\\/\\\/www.organisator.ch\\\/management\\\/2019-09-23\\\/instinkt-oder-big-data-wer-entscheidet\\\/\"},\"wordCount\":1082,\"publisher\":{\"@id\":\"https:\\\/\\\/www.organisator.ch\\\/#organization\"},\"image\":{\"@id\":\"https:\\\/\\\/www.organisator.ch\\\/management\\\/2019-09-23\\\/instinkt-oder-big-data-wer-entscheidet\\\/#primaryimage\"},\"thumbnailUrl\":\"https:\\\/\\\/www.organisator.ch\\\/wp-content\\\/uploads\\\/2019\\\/09\\\/Instinkt-oder-Big-Data-Wer-entscheidet-1_Organisator.jpg\",\"keywords\":[\"Fachkongress\\\/Fachmesse\",\"Management und Unternehmensf\u00fchrung\",\"Wissenschaft\"],\"articleSection\":[\"MANAGEMENT\"],\"inLanguage\":\"de\"},{\"@type\":\"WebPage\",\"@id\":\"https:\\\/\\\/www.organisator.ch\\\/management\\\/2019-09-23\\\/instinkt-oder-big-data-wer-entscheidet\\\/\",\"url\":\"https:\\\/\\\/www.organisator.ch\\\/management\\\/2019-09-23\\\/instinkt-oder-big-data-wer-entscheidet\\\/\",\"name\":\"Instinkt oder Big Data: Wer entscheidet? - Organisator\",\"isPartOf\":{\"@id\":\"https:\\\/\\\/www.organisator.ch\\\/#website\"},\"primaryImageOfPage\":{\"@id\":\"https:\\\/\\\/www.organisator.ch\\\/management\\\/2019-09-23\\\/instinkt-oder-big-data-wer-entscheidet\\\/#primaryimage\"},\"image\":{\"@id\":\"https:\\\/\\\/www.organisator.ch\\\/management\\\/2019-09-23\\\/instinkt-oder-big-data-wer-entscheidet\\\/#primaryimage\"},\"thumbnailUrl\":\"https:\\\/\\\/www.organisator.ch\\\/wp-content\\\/uploads\\\/2019\\\/09\\\/Instinkt-oder-Big-Data-Wer-entscheidet-1_Organisator.jpg\",\"datePublished\":\"2019-09-23T07:19:33+00:00\",\"description\":\"Das Forum der Schweizerischen Management Gesellschaft (SMG) mit rund 200 Teilnehmern widmete sich dieses Jahr u. a. der Frage: Instinkt oder Big Data?\",\"breadcrumb\":{\"@id\":\"https:\\\/\\\/www.organisator.ch\\\/management\\\/2019-09-23\\\/instinkt-oder-big-data-wer-entscheidet\\\/#breadcrumb\"},\"inLanguage\":\"de\",\"potentialAction\":[{\"@type\":\"ReadAction\",\"target\":[\"https:\\\/\\\/www.organisator.ch\\\/management\\\/2019-09-23\\\/instinkt-oder-big-data-wer-entscheidet\\\/\"]}]},{\"@type\":\"ImageObject\",\"inLanguage\":\"de\",\"@id\":\"https:\\\/\\\/www.organisator.ch\\\/management\\\/2019-09-23\\\/instinkt-oder-big-data-wer-entscheidet\\\/#primaryimage\",\"url\":\"https:\\\/\\\/www.organisator.ch\\\/wp-content\\\/uploads\\\/2019\\\/09\\\/Instinkt-oder-Big-Data-Wer-entscheidet-1_Organisator.jpg\",\"contentUrl\":\"https:\\\/\\\/www.organisator.ch\\\/wp-content\\\/uploads\\\/2019\\\/09\\\/Instinkt-oder-Big-Data-Wer-entscheidet-1_Organisator.jpg\",\"width\":680,\"height\":453,\"caption\":\"Instinkt oder Big Data? Dar\u00fcber sprach am SMG-Forum auch Jinlong Wang, Group CEO and Chairman Pizza Express, MD &amp; operating Partner Hony Capital. (Bild: Markus Senn)\"},{\"@type\":\"BreadcrumbList\",\"@id\":\"https:\\\/\\\/www.organisator.ch\\\/management\\\/2019-09-23\\\/instinkt-oder-big-data-wer-entscheidet\\\/#breadcrumb\",\"itemListElement\":[{\"@type\":\"ListItem\",\"position\":1,\"name\":\"Home\",\"item\":\"https:\\\/\\\/www.organisator.ch\\\/\"},{\"@type\":\"ListItem\",\"position\":2,\"name\":\"Instinkt oder Big Data: Wer entscheidet?\"}]},{\"@type\":\"WebSite\",\"@id\":\"https:\\\/\\\/www.organisator.ch\\\/#website\",\"url\":\"https:\\\/\\\/www.organisator.ch\\\/\",\"name\":\"Organisator\",\"description\":\"Kompetent. Praxisnah. Der ORGANISATOR bereitet in 10 Ausgaben pro Jahr die wesentlichen Themen f\u00fcr F\u00fchrungskr\u00e4fte von KMU auf.\",\"publisher\":{\"@id\":\"https:\\\/\\\/www.organisator.ch\\\/#organization\"},\"potentialAction\":[{\"@type\":\"SearchAction\",\"target\":{\"@type\":\"EntryPoint\",\"urlTemplate\":\"https:\\\/\\\/www.organisator.ch\\\/?s={search_term_string}\"},\"query-input\":{\"@type\":\"PropertyValueSpecification\",\"valueRequired\":true,\"valueName\":\"search_term_string\"}}],\"inLanguage\":\"de\"},{\"@type\":\"Organization\",\"@id\":\"https:\\\/\\\/www.organisator.ch\\\/#organization\",\"name\":\"Organisator\",\"url\":\"https:\\\/\\\/www.organisator.ch\\\/\",\"logo\":{\"@type\":\"ImageObject\",\"inLanguage\":\"de\",\"@id\":\"https:\\\/\\\/www.organisator.ch\\\/#\\\/schema\\\/logo\\\/image\\\/\",\"url\":\"https:\\\/\\\/www.organisator.ch\\\/wp-content\\\/uploads\\\/2022\\\/01\\\/Logo_Organisator_Website.png\",\"contentUrl\":\"https:\\\/\\\/www.organisator.ch\\\/wp-content\\\/uploads\\\/2022\\\/01\\\/Logo_Organisator_Website.png\",\"width\":800,\"height\":77,\"caption\":\"Organisator\"},\"image\":{\"@id\":\"https:\\\/\\\/www.organisator.ch\\\/#\\\/schema\\\/logo\\\/image\\\/\"},\"sameAs\":[\"https:\\\/\\\/www.facebook.com\\\/OrganisatorFachmagazin\",\"https:\\\/\\\/www.linkedin.com\\\/showcase\\\/organisator-das-magazin-fr-kmu\",\"https:\\\/\\\/www.xing.com\\\/news\\\/pages\\\/organisator-ch-695\",\"https:\\\/\\\/www.youtube.com\\\/channel\\\/UCGP2Sq0iWaZwT3BdIAQFYpw\"]},{\"@type\":\"Person\",\"@id\":\"https:\\\/\\\/www.organisator.ch\\\/#\\\/schema\\\/person\\\/6f650f90b2842cd4c0cc334b4e36f67e\",\"name\":\"thomas.berner\",\"image\":{\"@type\":\"ImageObject\",\"inLanguage\":\"de\",\"@id\":\"https:\\\/\\\/secure.gravatar.com\\\/avatar\\\/ac5001d2a36cb6c6cd3e50789007ffca834b477b74a2144564522e944eabff61?s=96&d=mm&r=g\",\"url\":\"https:\\\/\\\/secure.gravatar.com\\\/avatar\\\/ac5001d2a36cb6c6cd3e50789007ffca834b477b74a2144564522e944eabff61?s=96&d=mm&r=g\",\"contentUrl\":\"https:\\\/\\\/secure.gravatar.com\\\/avatar\\\/ac5001d2a36cb6c6cd3e50789007ffca834b477b74a2144564522e944eabff61?s=96&d=mm&r=g\",\"caption\":\"thomas.berner\"},\"url\":\"https:\\\/\\\/www.organisator.ch\\\/de\\\/author\\\/thomas-berner\\\/\"}]}<\/script>\n<!-- \/ Yoast SEO plugin. -->","yoast_head_json":{"title":"Instinkt oder Big Data: Wer entscheidet? - Organisator","description":"Das Forum der Schweizerischen Management Gesellschaft (SMG) mit rund 200 Teilnehmern widmete sich dieses Jahr u. a. der Frage: Instinkt oder Big Data?","robots":{"index":"index","follow":"follow","max-snippet":"max-snippet:-1","max-image-preview":"max-image-preview:large","max-video-preview":"max-video-preview:-1"},"canonical":"https:\/\/www.organisator.ch\/de\/management\/2019-09-23\/instinkt-oder-big-data-wer-entscheidet\/","og_locale":"de_DE","og_type":"article","og_title":"Instinkt oder Big Data: Wer entscheidet?","og_description":"Das Forum der Schweizerischen Management Gesellschaft (SMG) mit rund 200 Teilnehmern widmete sich dieses Jahr u. a. der Frage: Instinkt oder Big Data?","og_url":"https:\/\/www.organisator.ch\/de\/management\/2019-09-23\/instinkt-oder-big-data-wer-entscheidet\/","og_site_name":"Organisator","article_publisher":"https:\/\/www.facebook.com\/OrganisatorFachmagazin","article_published_time":"2019-09-23T07:19:33+00:00","og_image":[{"width":680,"height":453,"url":"https:\/\/www.organisator.ch\/wp-content\/uploads\/2019\/09\/Instinkt-oder-Big-Data-Wer-entscheidet-1_Organisator.jpg","type":"image\/jpeg"}],"author":"thomas.berner","twitter_card":"summary_large_image","twitter_title":"#Instinkt oder Big Data: Wer entscheidet?","twitter_description":"Das Forum der Schweizerischen Management Gesellschaft (#SMG) mit rund 200 Teilnehmern widmete sich dieses Jahr u. a. der Frage: Instinkt oder Big Data?","twitter_image":"https:\/\/www.organisator.ch\/wp-content\/uploads\/2019\/09\/Instinkt-oder-Big-Data-Wer-entscheidet-1_Organisator.jpg","schema":{"@context":"https:\/\/schema.org","@graph":[{"@type":"Article","@id":"https:\/\/www.organisator.ch\/management\/2019-09-23\/instinkt-oder-big-data-wer-entscheidet\/#article","isPartOf":{"@id":"https:\/\/www.organisator.ch\/management\/2019-09-23\/instinkt-oder-big-data-wer-entscheidet\/"},"author":{"name":"thomas.berner","@id":"https:\/\/www.organisator.ch\/#\/schema\/person\/6f650f90b2842cd4c0cc334b4e36f67e"},"headline":"Instinkt oder Big Data: Wer entscheidet?","datePublished":"2019-09-23T07:19:33+00:00","mainEntityOfPage":{"@id":"https:\/\/www.organisator.ch\/management\/2019-09-23\/instinkt-oder-big-data-wer-entscheidet\/"},"wordCount":1082,"publisher":{"@id":"https:\/\/www.organisator.ch\/#organization"},"image":{"@id":"https:\/\/www.organisator.ch\/management\/2019-09-23\/instinkt-oder-big-data-wer-entscheidet\/#primaryimage"},"thumbnailUrl":"https:\/\/www.organisator.ch\/wp-content\/uploads\/2019\/09\/Instinkt-oder-Big-Data-Wer-entscheidet-1_Organisator.jpg","keywords":["Fachkongress\/Fachmesse","Management und Unternehmensf\u00fchrung","Wissenschaft"],"articleSection":["MANAGEMENT"],"inLanguage":"de"},{"@type":"WebPage","@id":"https:\/\/www.organisator.ch\/management\/2019-09-23\/instinkt-oder-big-data-wer-entscheidet\/","url":"https:\/\/www.organisator.ch\/management\/2019-09-23\/instinkt-oder-big-data-wer-entscheidet\/","name":"Instinkt oder Big Data: Wer entscheidet? - Organisator","isPartOf":{"@id":"https:\/\/www.organisator.ch\/#website"},"primaryImageOfPage":{"@id":"https:\/\/www.organisator.ch\/management\/2019-09-23\/instinkt-oder-big-data-wer-entscheidet\/#primaryimage"},"image":{"@id":"https:\/\/www.organisator.ch\/management\/2019-09-23\/instinkt-oder-big-data-wer-entscheidet\/#primaryimage"},"thumbnailUrl":"https:\/\/www.organisator.ch\/wp-content\/uploads\/2019\/09\/Instinkt-oder-Big-Data-Wer-entscheidet-1_Organisator.jpg","datePublished":"2019-09-23T07:19:33+00:00","description":"Das Forum der Schweizerischen Management Gesellschaft (SMG) mit rund 200 Teilnehmern widmete sich dieses Jahr u. a. der Frage: Instinkt oder Big Data?","breadcrumb":{"@id":"https:\/\/www.organisator.ch\/management\/2019-09-23\/instinkt-oder-big-data-wer-entscheidet\/#breadcrumb"},"inLanguage":"de","potentialAction":[{"@type":"ReadAction","target":["https:\/\/www.organisator.ch\/management\/2019-09-23\/instinkt-oder-big-data-wer-entscheidet\/"]}]},{"@type":"ImageObject","inLanguage":"de","@id":"https:\/\/www.organisator.ch\/management\/2019-09-23\/instinkt-oder-big-data-wer-entscheidet\/#primaryimage","url":"https:\/\/www.organisator.ch\/wp-content\/uploads\/2019\/09\/Instinkt-oder-Big-Data-Wer-entscheidet-1_Organisator.jpg","contentUrl":"https:\/\/www.organisator.ch\/wp-content\/uploads\/2019\/09\/Instinkt-oder-Big-Data-Wer-entscheidet-1_Organisator.jpg","width":680,"height":453,"caption":"Instinkt oder Big Data? Dar\u00fcber sprach am SMG-Forum auch Jinlong Wang, Group CEO and Chairman Pizza Express, MD &amp; operating Partner Hony Capital. (Bild: Markus Senn)"},{"@type":"BreadcrumbList","@id":"https:\/\/www.organisator.ch\/management\/2019-09-23\/instinkt-oder-big-data-wer-entscheidet\/#breadcrumb","itemListElement":[{"@type":"ListItem","position":1,"name":"Home","item":"https:\/\/www.organisator.ch\/"},{"@type":"ListItem","position":2,"name":"Instinkt oder Big Data: Wer entscheidet?"}]},{"@type":"WebSite","@id":"https:\/\/www.organisator.ch\/#website","url":"https:\/\/www.organisator.ch\/","name":"Organisator","description":"Kompetent. Praxisnah. Der ORGANISATOR bereitet in 10 Ausgaben pro Jahr die wesentlichen Themen f\u00fcr F\u00fchrungskr\u00e4fte von KMU auf.","publisher":{"@id":"https:\/\/www.organisator.ch\/#organization"},"potentialAction":[{"@type":"SearchAction","target":{"@type":"EntryPoint","urlTemplate":"https:\/\/www.organisator.ch\/?s={search_term_string}"},"query-input":{"@type":"PropertyValueSpecification","valueRequired":true,"valueName":"search_term_string"}}],"inLanguage":"de"},{"@type":"Organization","@id":"https:\/\/www.organisator.ch\/#organization","name":"Organisator","url":"https:\/\/www.organisator.ch\/","logo":{"@type":"ImageObject","inLanguage":"de","@id":"https:\/\/www.organisator.ch\/#\/schema\/logo\/image\/","url":"https:\/\/www.organisator.ch\/wp-content\/uploads\/2022\/01\/Logo_Organisator_Website.png","contentUrl":"https:\/\/www.organisator.ch\/wp-content\/uploads\/2022\/01\/Logo_Organisator_Website.png","width":800,"height":77,"caption":"Organisator"},"image":{"@id":"https:\/\/www.organisator.ch\/#\/schema\/logo\/image\/"},"sameAs":["https:\/\/www.facebook.com\/OrganisatorFachmagazin","https:\/\/www.linkedin.com\/showcase\/organisator-das-magazin-fr-kmu","https:\/\/www.xing.com\/news\/pages\/organisator-ch-695","https:\/\/www.youtube.com\/channel\/UCGP2Sq0iWaZwT3BdIAQFYpw"]},{"@type":"Person","@id":"https:\/\/www.organisator.ch\/#\/schema\/person\/6f650f90b2842cd4c0cc334b4e36f67e","name":"thomas.berner","image":{"@type":"ImageObject","inLanguage":"de","@id":"https:\/\/secure.gravatar.com\/avatar\/ac5001d2a36cb6c6cd3e50789007ffca834b477b74a2144564522e944eabff61?s=96&d=mm&r=g","url":"https:\/\/secure.gravatar.com\/avatar\/ac5001d2a36cb6c6cd3e50789007ffca834b477b74a2144564522e944eabff61?s=96&d=mm&r=g","contentUrl":"https:\/\/secure.gravatar.com\/avatar\/ac5001d2a36cb6c6cd3e50789007ffca834b477b74a2144564522e944eabff61?s=96&d=mm&r=g","caption":"thomas.berner"},"url":"https:\/\/www.organisator.ch\/de\/author\/thomas-berner\/"}]}},"_links":{"self":[{"href":"https:\/\/www.organisator.ch\/de\/wp-json\/wp\/v2\/posts\/5828","targetHints":{"allow":["GET"]}}],"collection":[{"href":"https:\/\/www.organisator.ch\/de\/wp-json\/wp\/v2\/posts"}],"about":[{"href":"https:\/\/www.organisator.ch\/de\/wp-json\/wp\/v2\/types\/post"}],"author":[{"embeddable":true,"href":"https:\/\/www.organisator.ch\/de\/wp-json\/wp\/v2\/users\/4"}],"replies":[{"embeddable":true,"href":"https:\/\/www.organisator.ch\/de\/wp-json\/wp\/v2\/comments?post=5828"}],"version-history":[{"count":0,"href":"https:\/\/www.organisator.ch\/de\/wp-json\/wp\/v2\/posts\/5828\/revisions"}],"wp:featuredmedia":[{"embeddable":true,"href":"https:\/\/www.organisator.ch\/de\/wp-json\/wp\/v2\/media\/5829"}],"wp:attachment":[{"href":"https:\/\/www.organisator.ch\/de\/wp-json\/wp\/v2\/media?parent=5828"}],"wp:term":[{"taxonomy":"category","embeddable":true,"href":"https:\/\/www.organisator.ch\/de\/wp-json\/wp\/v2\/categories?post=5828"},{"taxonomy":"post_tag","embeddable":true,"href":"https:\/\/www.organisator.ch\/de\/wp-json\/wp\/v2\/tags?post=5828"}],"curies":[{"name":"wp","href":"https:\/\/api.w.org\/{rel}","templated":true}]}}