{"id":5842,"date":"2019-09-26T08:32:09","date_gmt":"2019-09-26T06:32:09","guid":{"rendered":"https:\/\/www.organisator.ch\/?p=5842"},"modified":"2019-09-26T08:32:09","modified_gmt":"2019-09-26T06:32:09","slug":"die-nachfolgebus-tour-2019-unterwegs-in-zuerich-und-winterthur","status":"publish","type":"post","link":"https:\/\/www.organisator.ch\/de\/management\/2019-09-26\/die-nachfolgebus-tour-2019-unterwegs-in-zuerich-und-winterthur\/","title":{"rendered":"Die Nachfolgebus Tour 2019 unterwegs in Z\u00fcrich und Winterthur"},"content":{"rendered":"<figure id=\"attachment_5103\" aria-describedby=\"caption-attachment-5103\" style=\"width: 680px\" class=\"wp-caption alignnone\"><img loading=\"lazy\" decoding=\"async\" class=\"size-medium wp-image-5103\" src=\"https:\/\/www.organisator.ch\/wp-content\/uploads\/2019\/04\/Initiative-Nachfolgebus-2019-Gut-besuchter-Start-in-Zuerich_Organisator.jpg\" alt=\"\" width=\"680\" height=\"383\" srcset=\"https:\/\/www.organisator.ch\/wp-content\/uploads\/2019\/04\/Initiative-Nachfolgebus-2019-Gut-besuchter-Start-in-Zuerich_Organisator.jpg 680w, https:\/\/www.organisator.ch\/wp-content\/uploads\/2019\/04\/Initiative-Nachfolgebus-2019-Gut-besuchter-Start-in-Zuerich_Organisator-16x9.jpg 16w, https:\/\/www.organisator.ch\/wp-content\/uploads\/2019\/04\/Initiative-Nachfolgebus-2019-Gut-besuchter-Start-in-Zuerich_Organisator-311x175.jpg 311w, https:\/\/www.organisator.ch\/wp-content\/uploads\/2019\/04\/Initiative-Nachfolgebus-2019-Gut-besuchter-Start-in-Zuerich_Organisator-621x350.jpg 621w, https:\/\/www.organisator.ch\/wp-content\/uploads\/2019\/04\/Initiative-Nachfolgebus-2019-Gut-besuchter-Start-in-Zuerich_Organisator-300x169.jpg 300w\" sizes=\"auto, (max-width: 680px) 100vw, 680px\" \/><figcaption id=\"caption-attachment-5103\" class=\"wp-caption-text\">Carla Kaufmann, Initiatorin des Nachfolgebus, freut sich \u00fcber den gelungenen Auftakt in Z\u00fcrich f\u00fcr die Nachfolgebus Tour 2019. (Bild: Nachfolgebus.ch)<\/figcaption><\/figure>\n<p>Initiiert von Carla Kaufmann, selber Nachfolge-Expertin und Partnerin der Companymarket AG, touren mit dem Nachfolgebus 15 erfahrene Expertinnen und Experten f\u00fcr Nachfolgeregelungen quer durch die Deutschschweiz. Seit April bis November 2019 informieren sie KMU-Unternehmer in kostenlosen Gespr\u00e4chen umfassend rund um die Unternehmensnachfolge.<\/p>\n<h2>Zu Gast an der Business Innovation Week<\/h2>\n<p>Die zweite Station der Nachfolgebus Tour 2019 im Herbst ist am 1. und 2. Oktober in Z\u00fcrich. Dann macht das in dieser Form bisher einzigartige Infomobil Halt an der Business Innovation<br \/>\nWeek, KMU-Expo Halle 622, Therese-Giehse-Strasse 10, 8050 Z\u00fcrich. Ein passender Rahmen, denn Nachfolge und Business Innovation gehen h\u00e4ufig zusammen. Jeweils von 10 bis 19 Uhr haben KMU-Unternehmer Gelegenheit, sich umfassend und kostenlos bei einem erfahrenen Expertenteam rund um die Unternehmensnachfolge zu informieren.<\/p>\n<h2>Nachfolgebus Tour 2019 h\u00e4lt auch in Winterthur<\/h2>\n<p>Am 3. Oktober macht der Nachfolgebus von 7 bis 12 Uhr Halt beim MAXX (Kitag Cinemas) im Kesselhaus, Z\u00fcrcherstrasse 1, 8400 Winterthur. Unter dem Motto \u00abWir pr\u00e4sentieren Unternehmensgeschichten und besprechen Realit\u00e4ten\u00bb richtet die Nachfolgebus Tour 2019 ihren Fokus noch st\u00e4rker auf die Nachfolgepraxis. Daf\u00fcr dienen, erg\u00e4nzend zu den Einzelgespr\u00e4chen, Einblicke in die Nachfolgegeschichten verschiedenster Schweizer Unternehmen mittels Interviews und Praxisdialogen mit nachfolgeerfahrenen regionalen KMU-Unternehmern und Experten. In Winterthur sind dies D\u00e9sir\u00e9e Schiess, Gesch\u00e4ftsf\u00fchrerin der Schiess AG und Pr\u00e4sidentin KMU Verband Winterthur und Umgebung, Judith Maag, Gesch\u00e4ftsf\u00fchrerin der Maag Recycling AG sowie verschiedenen Experten des Nachfolgebus-Teams.<\/p>\n<p>Die Buchung der Expertengespr\u00e4che erfolgt \u00fcber <a href=\"http:\/\/www.nachfolgebus.ch\">nachfolgebus.ch<\/a>.<\/p>\n","protected":false},"excerpt":{"rendered":"<p>Initiiert von Carla Kaufmann, selber Nachfolge-Expertin und Partnerin der Companymarket AG, touren mit dem Nachfolgebus 15 erfahrene Expertinnen und Experten f\u00fcr Nachfolgeregelungen quer durch die Deutschschweiz. Seit April bis November 2019 informieren sie KMU-Unternehmer in kostenlosen Gespr\u00e4chen umfassend rund um die Unternehmensnachfolge. Zu Gast an der Business Innovation Week Die zweite Station der Nachfolgebus Tour [&hellip;]<\/p>\n","protected":false},"author":4,"featured_media":5103,"comment_status":"closed","ping_status":"closed","sticky":false,"template":"","format":"standard","meta":{"_acf_changed":false,"_yoast_wpseo_focuskw":"Nachfolgebus Tour 2019","_yoast_wpseo_metadesc":"Die n\u00e4chsten Stationen der Nachfolgebus Tour 2019 sind am 1. und 2. Oktober Z\u00fcrich (im Rahmen der Business Innovation Week) und am 3. Oktober Winterthur.","articlekey":"","footnotes":""},"categories":[28],"tags":[193,207,357,492],"class_list":["post-5842","post","type-post","status-publish","format-standard","has-post-thumbnail","hentry","category-management","tag-fachkongressfachmesse","tag-firmennachfolge","tag-nachfolgeregelung","tag-unternehmen"],"acf":[],"yoast_head":"<!-- This site is optimized with the Yoast SEO plugin v27.5 - https:\/\/yoast.com\/product\/yoast-seo-wordpress\/ -->\n<title>Die Nachfolgebus Tour 2019 unterwegs in Z\u00fcrich und Winterthur - Organisator<\/title>\n<meta name=\"description\" content=\"Die n\u00e4chsten Stationen der Nachfolgebus Tour 2019 sind am 1. und 2. Oktober Z\u00fcrich (im Rahmen der Business Innovation Week) und am 3. Oktober Winterthur.\" \/>\n<meta name=\"robots\" content=\"index, follow, max-snippet:-1, max-image-preview:large, max-video-preview:-1\" \/>\n<link rel=\"canonical\" href=\"https:\/\/www.organisator.ch\/de\/management\/2019-09-26\/die-nachfolgebus-tour-2019-unterwegs-in-zuerich-und-winterthur\/\" \/>\n<meta property=\"og:locale\" content=\"de_DE\" \/>\n<meta property=\"og:type\" content=\"article\" \/>\n<meta property=\"og:title\" content=\"Die Nachfolgebus Tour 2019 unterwegs in Z\u00fcrich und Winterthur\" \/>\n<meta property=\"og:description\" content=\"Die n\u00e4chsten Stationen der Nachfolgebus Tour 2019 sind am 1. und 2. Oktober Z\u00fcrich (im Rahmen der Business Innovation Week) und am 3. Oktober Winterthur.\" \/>\n<meta property=\"og:url\" content=\"https:\/\/www.organisator.ch\/de\/management\/2019-09-26\/die-nachfolgebus-tour-2019-unterwegs-in-zuerich-und-winterthur\/\" \/>\n<meta property=\"og:site_name\" content=\"Organisator\" \/>\n<meta property=\"article:publisher\" content=\"https:\/\/www.facebook.com\/OrganisatorFachmagazin\" \/>\n<meta property=\"article:published_time\" content=\"2019-09-26T06:32:09+00:00\" \/>\n<meta property=\"og:image\" content=\"https:\/\/www.organisator.ch\/wp-content\/uploads\/2019\/04\/Initiative-Nachfolgebus-2019-Gut-besuchter-Start-in-Zuerich_Organisator.jpg\" \/>\n\t<meta property=\"og:image:width\" content=\"680\" \/>\n\t<meta property=\"og:image:height\" content=\"383\" \/>\n\t<meta property=\"og:image:type\" content=\"image\/jpeg\" \/>\n<meta name=\"author\" content=\"thomas.berner\" \/>\n<meta name=\"twitter:card\" content=\"summary_large_image\" \/>\n<meta name=\"twitter:title\" content=\"Die #Nachfolgebus Tour 2019 unterwegs in Z\u00fcrich und Winterthur\" \/>\n<meta name=\"twitter:description\" content=\"Die n\u00e4chsten Stationen der #Nachfolgebus Tour 2019 sind am 1. und 2. Oktober Z\u00fcrich (im Rahmen der Business Innovation Week) und am 3. Oktober Winterthur.\" \/>\n<meta name=\"twitter:image\" content=\"https:\/\/www.organisator.ch\/wp-content\/uploads\/2019\/04\/Initiative-Nachfolgebus-2019-Gut-besuchter-Start-in-Zuerich_Organisator.jpg\" \/>\n<script type=\"application\/ld+json\" class=\"yoast-schema-graph\">{\"@context\":\"https:\\\/\\\/schema.org\",\"@graph\":[{\"@type\":\"Article\",\"@id\":\"https:\\\/\\\/www.organisator.ch\\\/management\\\/2019-09-26\\\/die-nachfolgebus-tour-2019-unterwegs-in-zuerich-und-winterthur\\\/#article\",\"isPartOf\":{\"@id\":\"https:\\\/\\\/www.organisator.ch\\\/management\\\/2019-09-26\\\/die-nachfolgebus-tour-2019-unterwegs-in-zuerich-und-winterthur\\\/\"},\"author\":{\"name\":\"thomas.berner\",\"@id\":\"https:\\\/\\\/www.organisator.ch\\\/#\\\/schema\\\/person\\\/6f650f90b2842cd4c0cc334b4e36f67e\"},\"headline\":\"Die Nachfolgebus Tour 2019 unterwegs in Z\u00fcrich und Winterthur\",\"datePublished\":\"2019-09-26T06:32:09+00:00\",\"mainEntityOfPage\":{\"@id\":\"https:\\\/\\\/www.organisator.ch\\\/management\\\/2019-09-26\\\/die-nachfolgebus-tour-2019-unterwegs-in-zuerich-und-winterthur\\\/\"},\"wordCount\":274,\"publisher\":{\"@id\":\"https:\\\/\\\/www.organisator.ch\\\/#organization\"},\"image\":{\"@id\":\"https:\\\/\\\/www.organisator.ch\\\/management\\\/2019-09-26\\\/die-nachfolgebus-tour-2019-unterwegs-in-zuerich-und-winterthur\\\/#primaryimage\"},\"thumbnailUrl\":\"https:\\\/\\\/www.organisator.ch\\\/wp-content\\\/uploads\\\/2019\\\/04\\\/Initiative-Nachfolgebus-2019-Gut-besuchter-Start-in-Zuerich_Organisator.jpg\",\"keywords\":[\"Fachkongress\\\/Fachmesse\",\"Firmennachfolge\",\"Nachfolgeregelung\",\"Unternehmen\"],\"articleSection\":[\"MANAGEMENT\"],\"inLanguage\":\"de\"},{\"@type\":\"WebPage\",\"@id\":\"https:\\\/\\\/www.organisator.ch\\\/management\\\/2019-09-26\\\/die-nachfolgebus-tour-2019-unterwegs-in-zuerich-und-winterthur\\\/\",\"url\":\"https:\\\/\\\/www.organisator.ch\\\/management\\\/2019-09-26\\\/die-nachfolgebus-tour-2019-unterwegs-in-zuerich-und-winterthur\\\/\",\"name\":\"Die Nachfolgebus Tour 2019 unterwegs in Z\u00fcrich und Winterthur - Organisator\",\"isPartOf\":{\"@id\":\"https:\\\/\\\/www.organisator.ch\\\/#website\"},\"primaryImageOfPage\":{\"@id\":\"https:\\\/\\\/www.organisator.ch\\\/management\\\/2019-09-26\\\/die-nachfolgebus-tour-2019-unterwegs-in-zuerich-und-winterthur\\\/#primaryimage\"},\"image\":{\"@id\":\"https:\\\/\\\/www.organisator.ch\\\/management\\\/2019-09-26\\\/die-nachfolgebus-tour-2019-unterwegs-in-zuerich-und-winterthur\\\/#primaryimage\"},\"thumbnailUrl\":\"https:\\\/\\\/www.organisator.ch\\\/wp-content\\\/uploads\\\/2019\\\/04\\\/Initiative-Nachfolgebus-2019-Gut-besuchter-Start-in-Zuerich_Organisator.jpg\",\"datePublished\":\"2019-09-26T06:32:09+00:00\",\"description\":\"Die n\u00e4chsten Stationen der Nachfolgebus Tour 2019 sind am 1. und 2. Oktober Z\u00fcrich (im Rahmen der Business Innovation Week) und am 3. Oktober Winterthur.\",\"breadcrumb\":{\"@id\":\"https:\\\/\\\/www.organisator.ch\\\/management\\\/2019-09-26\\\/die-nachfolgebus-tour-2019-unterwegs-in-zuerich-und-winterthur\\\/#breadcrumb\"},\"inLanguage\":\"de\",\"potentialAction\":[{\"@type\":\"ReadAction\",\"target\":[\"https:\\\/\\\/www.organisator.ch\\\/management\\\/2019-09-26\\\/die-nachfolgebus-tour-2019-unterwegs-in-zuerich-und-winterthur\\\/\"]}]},{\"@type\":\"ImageObject\",\"inLanguage\":\"de\",\"@id\":\"https:\\\/\\\/www.organisator.ch\\\/management\\\/2019-09-26\\\/die-nachfolgebus-tour-2019-unterwegs-in-zuerich-und-winterthur\\\/#primaryimage\",\"url\":\"https:\\\/\\\/www.organisator.ch\\\/wp-content\\\/uploads\\\/2019\\\/04\\\/Initiative-Nachfolgebus-2019-Gut-besuchter-Start-in-Zuerich_Organisator.jpg\",\"contentUrl\":\"https:\\\/\\\/www.organisator.ch\\\/wp-content\\\/uploads\\\/2019\\\/04\\\/Initiative-Nachfolgebus-2019-Gut-besuchter-Start-in-Zuerich_Organisator.jpg\",\"width\":680,\"height\":383,\"caption\":\"Carla Kaufmann, Initiatorin des Nachfolgebus, freut sich \u00fcber den gelungenen Auftakt in Z\u00fcrich f\u00fcr die Nachfolgebus Tour 2019. (Bild: Nachfolgebus.ch)\"},{\"@type\":\"BreadcrumbList\",\"@id\":\"https:\\\/\\\/www.organisator.ch\\\/management\\\/2019-09-26\\\/die-nachfolgebus-tour-2019-unterwegs-in-zuerich-und-winterthur\\\/#breadcrumb\",\"itemListElement\":[{\"@type\":\"ListItem\",\"position\":1,\"name\":\"Home\",\"item\":\"https:\\\/\\\/www.organisator.ch\\\/\"},{\"@type\":\"ListItem\",\"position\":2,\"name\":\"Die Nachfolgebus Tour 2019 unterwegs in Z\u00fcrich und Winterthur\"}]},{\"@type\":\"WebSite\",\"@id\":\"https:\\\/\\\/www.organisator.ch\\\/#website\",\"url\":\"https:\\\/\\\/www.organisator.ch\\\/\",\"name\":\"Organisator\",\"description\":\"Kompetent. Praxisnah. Der ORGANISATOR bereitet in 10 Ausgaben pro Jahr die wesentlichen Themen f\u00fcr F\u00fchrungskr\u00e4fte von KMU auf.\",\"publisher\":{\"@id\":\"https:\\\/\\\/www.organisator.ch\\\/#organization\"},\"potentialAction\":[{\"@type\":\"SearchAction\",\"target\":{\"@type\":\"EntryPoint\",\"urlTemplate\":\"https:\\\/\\\/www.organisator.ch\\\/?s={search_term_string}\"},\"query-input\":{\"@type\":\"PropertyValueSpecification\",\"valueRequired\":true,\"valueName\":\"search_term_string\"}}],\"inLanguage\":\"de\"},{\"@type\":\"Organization\",\"@id\":\"https:\\\/\\\/www.organisator.ch\\\/#organization\",\"name\":\"Organisator\",\"url\":\"https:\\\/\\\/www.organisator.ch\\\/\",\"logo\":{\"@type\":\"ImageObject\",\"inLanguage\":\"de\",\"@id\":\"https:\\\/\\\/www.organisator.ch\\\/#\\\/schema\\\/logo\\\/image\\\/\",\"url\":\"https:\\\/\\\/www.organisator.ch\\\/wp-content\\\/uploads\\\/2022\\\/01\\\/Logo_Organisator_Website.png\",\"contentUrl\":\"https:\\\/\\\/www.organisator.ch\\\/wp-content\\\/uploads\\\/2022\\\/01\\\/Logo_Organisator_Website.png\",\"width\":800,\"height\":77,\"caption\":\"Organisator\"},\"image\":{\"@id\":\"https:\\\/\\\/www.organisator.ch\\\/#\\\/schema\\\/logo\\\/image\\\/\"},\"sameAs\":[\"https:\\\/\\\/www.facebook.com\\\/OrganisatorFachmagazin\",\"https:\\\/\\\/www.linkedin.com\\\/showcase\\\/organisator-das-magazin-fr-kmu\",\"https:\\\/\\\/www.xing.com\\\/news\\\/pages\\\/organisator-ch-695\",\"https:\\\/\\\/www.youtube.com\\\/channel\\\/UCGP2Sq0iWaZwT3BdIAQFYpw\"]},{\"@type\":\"Person\",\"@id\":\"https:\\\/\\\/www.organisator.ch\\\/#\\\/schema\\\/person\\\/6f650f90b2842cd4c0cc334b4e36f67e\",\"name\":\"thomas.berner\",\"image\":{\"@type\":\"ImageObject\",\"inLanguage\":\"de\",\"@id\":\"https:\\\/\\\/secure.gravatar.com\\\/avatar\\\/ac5001d2a36cb6c6cd3e50789007ffca834b477b74a2144564522e944eabff61?s=96&d=mm&r=g\",\"url\":\"https:\\\/\\\/secure.gravatar.com\\\/avatar\\\/ac5001d2a36cb6c6cd3e50789007ffca834b477b74a2144564522e944eabff61?s=96&d=mm&r=g\",\"contentUrl\":\"https:\\\/\\\/secure.gravatar.com\\\/avatar\\\/ac5001d2a36cb6c6cd3e50789007ffca834b477b74a2144564522e944eabff61?s=96&d=mm&r=g\",\"caption\":\"thomas.berner\"},\"url\":\"https:\\\/\\\/www.organisator.ch\\\/de\\\/author\\\/thomas-berner\\\/\"}]}<\/script>\n<!-- \/ Yoast SEO plugin. -->","yoast_head_json":{"title":"Die Nachfolgebus Tour 2019 unterwegs in Z\u00fcrich und Winterthur - Organisator","description":"Die n\u00e4chsten Stationen der Nachfolgebus Tour 2019 sind am 1. und 2. Oktober Z\u00fcrich (im Rahmen der Business Innovation Week) und am 3. Oktober Winterthur.","robots":{"index":"index","follow":"follow","max-snippet":"max-snippet:-1","max-image-preview":"max-image-preview:large","max-video-preview":"max-video-preview:-1"},"canonical":"https:\/\/www.organisator.ch\/de\/management\/2019-09-26\/die-nachfolgebus-tour-2019-unterwegs-in-zuerich-und-winterthur\/","og_locale":"de_DE","og_type":"article","og_title":"Die Nachfolgebus Tour 2019 unterwegs in Z\u00fcrich und Winterthur","og_description":"Die n\u00e4chsten Stationen der Nachfolgebus Tour 2019 sind am 1. und 2. Oktober Z\u00fcrich (im Rahmen der Business Innovation Week) und am 3. Oktober Winterthur.","og_url":"https:\/\/www.organisator.ch\/de\/management\/2019-09-26\/die-nachfolgebus-tour-2019-unterwegs-in-zuerich-und-winterthur\/","og_site_name":"Organisator","article_publisher":"https:\/\/www.facebook.com\/OrganisatorFachmagazin","article_published_time":"2019-09-26T06:32:09+00:00","og_image":[{"width":680,"height":383,"url":"https:\/\/www.organisator.ch\/wp-content\/uploads\/2019\/04\/Initiative-Nachfolgebus-2019-Gut-besuchter-Start-in-Zuerich_Organisator.jpg","type":"image\/jpeg"}],"author":"thomas.berner","twitter_card":"summary_large_image","twitter_title":"Die #Nachfolgebus Tour 2019 unterwegs in Z\u00fcrich und Winterthur","twitter_description":"Die n\u00e4chsten Stationen der #Nachfolgebus Tour 2019 sind am 1. und 2. Oktober Z\u00fcrich (im Rahmen der Business Innovation Week) und am 3. Oktober Winterthur.","twitter_image":"https:\/\/www.organisator.ch\/wp-content\/uploads\/2019\/04\/Initiative-Nachfolgebus-2019-Gut-besuchter-Start-in-Zuerich_Organisator.jpg","schema":{"@context":"https:\/\/schema.org","@graph":[{"@type":"Article","@id":"https:\/\/www.organisator.ch\/management\/2019-09-26\/die-nachfolgebus-tour-2019-unterwegs-in-zuerich-und-winterthur\/#article","isPartOf":{"@id":"https:\/\/www.organisator.ch\/management\/2019-09-26\/die-nachfolgebus-tour-2019-unterwegs-in-zuerich-und-winterthur\/"},"author":{"name":"thomas.berner","@id":"https:\/\/www.organisator.ch\/#\/schema\/person\/6f650f90b2842cd4c0cc334b4e36f67e"},"headline":"Die Nachfolgebus Tour 2019 unterwegs in Z\u00fcrich und Winterthur","datePublished":"2019-09-26T06:32:09+00:00","mainEntityOfPage":{"@id":"https:\/\/www.organisator.ch\/management\/2019-09-26\/die-nachfolgebus-tour-2019-unterwegs-in-zuerich-und-winterthur\/"},"wordCount":274,"publisher":{"@id":"https:\/\/www.organisator.ch\/#organization"},"image":{"@id":"https:\/\/www.organisator.ch\/management\/2019-09-26\/die-nachfolgebus-tour-2019-unterwegs-in-zuerich-und-winterthur\/#primaryimage"},"thumbnailUrl":"https:\/\/www.organisator.ch\/wp-content\/uploads\/2019\/04\/Initiative-Nachfolgebus-2019-Gut-besuchter-Start-in-Zuerich_Organisator.jpg","keywords":["Fachkongress\/Fachmesse","Firmennachfolge","Nachfolgeregelung","Unternehmen"],"articleSection":["MANAGEMENT"],"inLanguage":"de"},{"@type":"WebPage","@id":"https:\/\/www.organisator.ch\/management\/2019-09-26\/die-nachfolgebus-tour-2019-unterwegs-in-zuerich-und-winterthur\/","url":"https:\/\/www.organisator.ch\/management\/2019-09-26\/die-nachfolgebus-tour-2019-unterwegs-in-zuerich-und-winterthur\/","name":"Die Nachfolgebus Tour 2019 unterwegs in Z\u00fcrich und Winterthur - Organisator","isPartOf":{"@id":"https:\/\/www.organisator.ch\/#website"},"primaryImageOfPage":{"@id":"https:\/\/www.organisator.ch\/management\/2019-09-26\/die-nachfolgebus-tour-2019-unterwegs-in-zuerich-und-winterthur\/#primaryimage"},"image":{"@id":"https:\/\/www.organisator.ch\/management\/2019-09-26\/die-nachfolgebus-tour-2019-unterwegs-in-zuerich-und-winterthur\/#primaryimage"},"thumbnailUrl":"https:\/\/www.organisator.ch\/wp-content\/uploads\/2019\/04\/Initiative-Nachfolgebus-2019-Gut-besuchter-Start-in-Zuerich_Organisator.jpg","datePublished":"2019-09-26T06:32:09+00:00","description":"Die n\u00e4chsten Stationen der Nachfolgebus Tour 2019 sind am 1. und 2. Oktober Z\u00fcrich (im Rahmen der Business Innovation Week) und am 3. Oktober Winterthur.","breadcrumb":{"@id":"https:\/\/www.organisator.ch\/management\/2019-09-26\/die-nachfolgebus-tour-2019-unterwegs-in-zuerich-und-winterthur\/#breadcrumb"},"inLanguage":"de","potentialAction":[{"@type":"ReadAction","target":["https:\/\/www.organisator.ch\/management\/2019-09-26\/die-nachfolgebus-tour-2019-unterwegs-in-zuerich-und-winterthur\/"]}]},{"@type":"ImageObject","inLanguage":"de","@id":"https:\/\/www.organisator.ch\/management\/2019-09-26\/die-nachfolgebus-tour-2019-unterwegs-in-zuerich-und-winterthur\/#primaryimage","url":"https:\/\/www.organisator.ch\/wp-content\/uploads\/2019\/04\/Initiative-Nachfolgebus-2019-Gut-besuchter-Start-in-Zuerich_Organisator.jpg","contentUrl":"https:\/\/www.organisator.ch\/wp-content\/uploads\/2019\/04\/Initiative-Nachfolgebus-2019-Gut-besuchter-Start-in-Zuerich_Organisator.jpg","width":680,"height":383,"caption":"Carla Kaufmann, Initiatorin des Nachfolgebus, freut sich \u00fcber den gelungenen Auftakt in Z\u00fcrich f\u00fcr die Nachfolgebus Tour 2019. (Bild: Nachfolgebus.ch)"},{"@type":"BreadcrumbList","@id":"https:\/\/www.organisator.ch\/management\/2019-09-26\/die-nachfolgebus-tour-2019-unterwegs-in-zuerich-und-winterthur\/#breadcrumb","itemListElement":[{"@type":"ListItem","position":1,"name":"Home","item":"https:\/\/www.organisator.ch\/"},{"@type":"ListItem","position":2,"name":"Die Nachfolgebus Tour 2019 unterwegs in Z\u00fcrich und Winterthur"}]},{"@type":"WebSite","@id":"https:\/\/www.organisator.ch\/#website","url":"https:\/\/www.organisator.ch\/","name":"Organisator","description":"Kompetent. Praxisnah. Der ORGANISATOR bereitet in 10 Ausgaben pro Jahr die wesentlichen Themen f\u00fcr F\u00fchrungskr\u00e4fte von KMU auf.","publisher":{"@id":"https:\/\/www.organisator.ch\/#organization"},"potentialAction":[{"@type":"SearchAction","target":{"@type":"EntryPoint","urlTemplate":"https:\/\/www.organisator.ch\/?s={search_term_string}"},"query-input":{"@type":"PropertyValueSpecification","valueRequired":true,"valueName":"search_term_string"}}],"inLanguage":"de"},{"@type":"Organization","@id":"https:\/\/www.organisator.ch\/#organization","name":"Organisator","url":"https:\/\/www.organisator.ch\/","logo":{"@type":"ImageObject","inLanguage":"de","@id":"https:\/\/www.organisator.ch\/#\/schema\/logo\/image\/","url":"https:\/\/www.organisator.ch\/wp-content\/uploads\/2022\/01\/Logo_Organisator_Website.png","contentUrl":"https:\/\/www.organisator.ch\/wp-content\/uploads\/2022\/01\/Logo_Organisator_Website.png","width":800,"height":77,"caption":"Organisator"},"image":{"@id":"https:\/\/www.organisator.ch\/#\/schema\/logo\/image\/"},"sameAs":["https:\/\/www.facebook.com\/OrganisatorFachmagazin","https:\/\/www.linkedin.com\/showcase\/organisator-das-magazin-fr-kmu","https:\/\/www.xing.com\/news\/pages\/organisator-ch-695","https:\/\/www.youtube.com\/channel\/UCGP2Sq0iWaZwT3BdIAQFYpw"]},{"@type":"Person","@id":"https:\/\/www.organisator.ch\/#\/schema\/person\/6f650f90b2842cd4c0cc334b4e36f67e","name":"thomas.berner","image":{"@type":"ImageObject","inLanguage":"de","@id":"https:\/\/secure.gravatar.com\/avatar\/ac5001d2a36cb6c6cd3e50789007ffca834b477b74a2144564522e944eabff61?s=96&d=mm&r=g","url":"https:\/\/secure.gravatar.com\/avatar\/ac5001d2a36cb6c6cd3e50789007ffca834b477b74a2144564522e944eabff61?s=96&d=mm&r=g","contentUrl":"https:\/\/secure.gravatar.com\/avatar\/ac5001d2a36cb6c6cd3e50789007ffca834b477b74a2144564522e944eabff61?s=96&d=mm&r=g","caption":"thomas.berner"},"url":"https:\/\/www.organisator.ch\/de\/author\/thomas-berner\/"}]}},"_links":{"self":[{"href":"https:\/\/www.organisator.ch\/de\/wp-json\/wp\/v2\/posts\/5842","targetHints":{"allow":["GET"]}}],"collection":[{"href":"https:\/\/www.organisator.ch\/de\/wp-json\/wp\/v2\/posts"}],"about":[{"href":"https:\/\/www.organisator.ch\/de\/wp-json\/wp\/v2\/types\/post"}],"author":[{"embeddable":true,"href":"https:\/\/www.organisator.ch\/de\/wp-json\/wp\/v2\/users\/4"}],"replies":[{"embeddable":true,"href":"https:\/\/www.organisator.ch\/de\/wp-json\/wp\/v2\/comments?post=5842"}],"version-history":[{"count":0,"href":"https:\/\/www.organisator.ch\/de\/wp-json\/wp\/v2\/posts\/5842\/revisions"}],"wp:featuredmedia":[{"embeddable":true,"href":"https:\/\/www.organisator.ch\/de\/wp-json\/wp\/v2\/media\/5103"}],"wp:attachment":[{"href":"https:\/\/www.organisator.ch\/de\/wp-json\/wp\/v2\/media?parent=5842"}],"wp:term":[{"taxonomy":"category","embeddable":true,"href":"https:\/\/www.organisator.ch\/de\/wp-json\/wp\/v2\/categories?post=5842"},{"taxonomy":"post_tag","embeddable":true,"href":"https:\/\/www.organisator.ch\/de\/wp-json\/wp\/v2\/tags?post=5842"}],"curies":[{"name":"wp","href":"https:\/\/api.w.org\/{rel}","templated":true}]}}