{"id":5856,"date":"2019-10-01T08:52:45","date_gmt":"2019-10-01T06:52:45","guid":{"rendered":"https:\/\/www.organisator.ch\/?p=5856"},"modified":"2019-10-01T08:52:45","modified_gmt":"2019-10-01T06:52:45","slug":"die-schweiz-im-firmengruendungs-hoch","status":"publish","type":"post","link":"https:\/\/www.organisator.ch\/de\/management\/2019-10-01\/die-schweiz-im-firmengruendungs-hoch\/","title":{"rendered":"Die Schweiz im Firmengr\u00fcndungs-Hoch"},"content":{"rendered":"<figure id=\"attachment_5857\" aria-describedby=\"caption-attachment-5857\" style=\"width: 680px\" class=\"wp-caption alignnone\"><img loading=\"lazy\" decoding=\"async\" class=\"size-medium wp-image-5857\" src=\"https:\/\/www.organisator.ch\/wp-content\/uploads\/2019\/10\/Die-Schweiz-im-Firmengruendungs-Hoch-1_Organisator.jpg\" alt=\"\" width=\"680\" height=\"303\" srcset=\"https:\/\/www.organisator.ch\/wp-content\/uploads\/2019\/10\/Die-Schweiz-im-Firmengruendungs-Hoch-1_Organisator.jpg 680w, https:\/\/www.organisator.ch\/wp-content\/uploads\/2019\/10\/Die-Schweiz-im-Firmengruendungs-Hoch-1_Organisator-16x7.jpg 16w, https:\/\/www.organisator.ch\/wp-content\/uploads\/2019\/10\/Die-Schweiz-im-Firmengruendungs-Hoch-1_Organisator-375x167.jpg 375w, https:\/\/www.organisator.ch\/wp-content\/uploads\/2019\/10\/Die-Schweiz-im-Firmengruendungs-Hoch-1_Organisator-300x134.jpg 300w\" sizes=\"auto, (max-width: 680px) 100vw, 680px\" \/><figcaption id=\"caption-attachment-5857\" class=\"wp-caption-text\">Die Schweizer Gr\u00fcnderszene zeigt Muskeln: Es herrscht ein Firmengr\u00fcndungs-Hoch. (Bild: Pixabay.com)<\/figcaption><\/figure>\n<p>Die Schweiz ist im Firmengr\u00fcndungs-Hoch: Seit 136 Jahren &#8211; so lange existiert das Schweizerische Handelsregister &#8211; wurde diese hohe Anzahl Firmengr\u00fcndungen noch nie erreicht. Das aktuelle Jahr 2019 ist auf der Zielgeraden zum Jahr der Gr\u00fcnder\/innen zu werden.<\/p>\n<h2>Das gr\u00fcndungsst\u00e4rkste Quartal der letzten Jahre<\/h2>\n<p>Das Jahr 2019 besticht mit mehr Firmengr\u00fcndungen denn je. Die Analyse der Quartale zeigt, dass Q1 und Q3 \/ 2019 je Rekordwerte verzeichnen. Im dritten Quartal 2019 wurden mit 10&#8217;109 Neugr\u00fcndungen erstmals mehr als 10&#8217;000 neue Firmen im jeweils statistisch schw\u00e4chsten Quartal des Jahres gegr\u00fcndet. Im letzten Quartal des laufen Jahres erwartet das IFJ Institut f\u00fcr Jungunternehmen mehr als 11&#8217;000 neue Gr\u00fcndungen. Somit wird 2019 voraussichtlich als gr\u00fcndungsst\u00e4rkstes Jahr seit Existenz des Schweizerischen Handelsregister enden. Das SHAB wurde erstmals am 06. Januar 1883 publiziert.<\/p>\n<figure id=\"attachment_5858\" aria-describedby=\"caption-attachment-5858\" style=\"width: 680px\" class=\"wp-caption alignnone\"><img loading=\"lazy\" decoding=\"async\" class=\"size-medium wp-image-5858\" src=\"https:\/\/www.organisator.ch\/wp-content\/uploads\/2019\/10\/Die-Schweiz-im-Firmengruendungs-Hoch-2_Organisator.jpg\" alt=\"\" width=\"680\" height=\"354\" srcset=\"https:\/\/www.organisator.ch\/wp-content\/uploads\/2019\/10\/Die-Schweiz-im-Firmengruendungs-Hoch-2_Organisator.jpg 680w, https:\/\/www.organisator.ch\/wp-content\/uploads\/2019\/10\/Die-Schweiz-im-Firmengruendungs-Hoch-2_Organisator-16x8.jpg 16w, https:\/\/www.organisator.ch\/wp-content\/uploads\/2019\/10\/Die-Schweiz-im-Firmengruendungs-Hoch-2_Organisator-336x175.jpg 336w, https:\/\/www.organisator.ch\/wp-content\/uploads\/2019\/10\/Die-Schweiz-im-Firmengruendungs-Hoch-2_Organisator-672x350.jpg 672w, https:\/\/www.organisator.ch\/wp-content\/uploads\/2019\/10\/Die-Schweiz-im-Firmengruendungs-Hoch-2_Organisator-300x156.jpg 300w\" sizes=\"auto, (max-width: 680px) 100vw, 680px\" \/><figcaption id=\"caption-attachment-5858\" class=\"wp-caption-text\">(Quelle: Schweizerisches Handelsamtsblatt SHAB; Analyse: IFJ Institut f\u00fcr Jungunternehmen AG)<\/figcaption><\/figure>\n<h2>Die beliebtesten Rechtsformen<\/h2>\n<p>Mit 12&#8217;670 Gr\u00fcndungen ist die Gesellschaft mit beschr\u00e4nkter Haftung (GmbH) die beliebteste Rechtsform f\u00fcr den Start mit einer neuen Firma. Die GmbH hat sogar 3% mehr Firmengr\u00fcndung zu verzeichnen als in der rekordhohen Vergleichsperiode Jan. bis Sep. 2018. Darauf folgen die Einzelfirma mit 10&#8217;724 Gr\u00fcndungen (+3%), die Aktiengesellschaft (AG) mit 6&#8217;347 Eintragungen (-1%) und die Kollektivgesellschaft (KlG) mit 997 Neueintr\u00e4gen (+3%). Die Analyse des IFJ zeigt, dass 93% aller GmbH-Gr\u00fcndungen mit dem gesetzlichen Minimum von CHF 20&#8217;000 Stammkapital gegr\u00fcndet werden, bei den Aktiengesellschaften sind es deren 85%, welche sich mit dem Minimum von CHF 100&#8217;000 Aktienkapital eintragen lassen. Das h\u00f6chst eingetragene Stammkapital einer GmbH betr\u00e4gt ebenfalls rekordhohe CHF 1,81 Mrd. (Firma Procter &amp; Gamble International S\u00e0rl, Sitz in Petit-Lancy GE). Das h\u00f6chst eingetragene Aktienkapital einer AG betr\u00e4gt CHF 425 Mio. (Firma Central Real Estate Holding AG, Sitz in Z\u00fcrich).<\/p>\n<h2>Kantonale Unterschiede im Firmengr\u00fcndungs-Hoch<\/h2>\n<p>In 15 Kantonen konnte die Anzahl Neugr\u00fcndungen gesteigert werden, 11 Kantone verzeichnen R\u00fcckg\u00e4nge; dies vor allem jedoch in numerisch gr\u00fcndungsschwachen Kantonen. Die meisten Kantone zeigen gegen\u00fcber dem Vorjahr einen leichten bis starken Anstieg der Gr\u00fcndungszahlen auf. Die Kantone mit dem st\u00e4rksten prozentualen Wachstum sind Appenzell Innerrhoden +34%, Glarus +15%, Nidwalden, St. Gallen und Thurgau je +10%, Bern +9%, Fribourg +8%, Waadt +7%, Aargau und Basel-Stadt je +4%, Z\u00fcrich +3%, Solothurn, Graub\u00fcnden und Genf je +2% sowie Schwyz +1%. Die Kantone mit prozentualen Einbussen sind Tessin (-8 Gr\u00fcndungen) und Schaffhausen (-1 Gr\u00fcndung) mit -0%, Basel-Landschaft, Luzern und Wallis -2%, Neuch\u00e2tel -3%, Jura -4%, Zug -10%, Appenzell Ausserrhoden -12%, Obwalden -14% und Uri -19%. Aus Sicht der Grossregionen setzen vor allem die Ostschweiz (+7%), das Espace Mittelland (+6%), Z\u00fcrich und die S\u00fcdwestschweiz (+3%) positive Akzente. Die Zentralschweiz verzeichnet mit -5% eine Abnahme der Gr\u00fcndungen gegen\u00fcber der Vorjahresperiode.<\/p>\n<h2>Neugr\u00fcndungen nach Branchen<\/h2>\n<p>Bei den Firmengr\u00fcndungen gibt es im aktuellen Jahr einige Branchen die regelrecht boomen. Besonders die in absoluten Zahlen gr\u00fcndungsstarken Branchen Handwerk, Beratung, Gastronomie und Beherbergung, IT und ICT, Gesundheitswesen sowie Architektur und Ingenieurwesen setzen stark positive Akzente. Weniger gegr\u00fcndet wird im laufenden Jahr 2019 in den Branchen Handel, Finanzen und Versicherung sowie Immobilienwesen.<\/p>\n<p><em>Quelle: <a href=\"http:\/\/www.ifj.ch\">IFJ Institut f\u00fcr Jungunternehmen AG<\/a><\/em><\/p>\n","protected":false},"excerpt":{"rendered":"<p>Die Schweiz ist im Firmengr\u00fcndungs-Hoch: Seit 136 Jahren &#8211; so lange existiert das Schweizerische Handelsregister &#8211; wurde diese hohe Anzahl Firmengr\u00fcndungen noch nie erreicht. Das aktuelle Jahr 2019 ist auf der Zielgeraden zum Jahr der Gr\u00fcnder\/innen zu werden. Das gr\u00fcndungsst\u00e4rkste Quartal der letzten Jahre Das Jahr 2019 besticht mit mehr Firmengr\u00fcndungen denn je. Die Analyse [&hellip;]<\/p>\n","protected":false},"author":4,"featured_media":5857,"comment_status":"closed","ping_status":"closed","sticky":false,"template":"","format":"standard","meta":{"_acf_changed":false,"_yoast_wpseo_focuskw":"Firmengr\u00fcndungs-Hoch","_yoast_wpseo_metadesc":"In den ersten neun Monaten 2019 wurden 32'785 neue Firmen gegr\u00fcndet. Die Schweiz befindet sich in einem Firmengr\u00fcndungs-Hoch.","articlekey":"","footnotes":""},"categories":[28],"tags":[205,451,452,492],"class_list":["post-5856","post","type-post","status-publish","format-standard","has-post-thumbnail","hentry","category-management","tag-firmengruendungen","tag-startups","tag-statistik","tag-unternehmen"],"acf":[],"yoast_head":"<!-- This site is optimized with the Yoast SEO plugin v27.4 - https:\/\/yoast.com\/product\/yoast-seo-wordpress\/ -->\n<title>Die Schweiz im Firmengr\u00fcndungs-Hoch - Organisator<\/title>\n<meta name=\"description\" content=\"In den ersten neun Monaten 2019 wurden 32&#039;785 neue Firmen gegr\u00fcndet. Die Schweiz befindet sich in einem Firmengr\u00fcndungs-Hoch.\" \/>\n<meta name=\"robots\" content=\"index, follow, max-snippet:-1, max-image-preview:large, max-video-preview:-1\" \/>\n<link rel=\"canonical\" href=\"https:\/\/www.organisator.ch\/de\/management\/2019-10-01\/die-schweiz-im-firmengruendungs-hoch\/\" \/>\n<meta property=\"og:locale\" content=\"de_DE\" \/>\n<meta property=\"og:type\" content=\"article\" \/>\n<meta property=\"og:title\" content=\"Die Schweiz im Firmengr\u00fcndungs-Hoch\" \/>\n<meta property=\"og:description\" content=\"In den ersten neun Monaten 2019 wurden 32&#039;785 neue Firmen gegr\u00fcndet. Die Schweiz befindet sich in einem Firmengr\u00fcndungs-Hoch.\" \/>\n<meta property=\"og:url\" content=\"https:\/\/www.organisator.ch\/de\/management\/2019-10-01\/die-schweiz-im-firmengruendungs-hoch\/\" \/>\n<meta property=\"og:site_name\" content=\"Organisator\" \/>\n<meta property=\"article:publisher\" content=\"https:\/\/www.facebook.com\/OrganisatorFachmagazin\" \/>\n<meta property=\"article:published_time\" content=\"2019-10-01T06:52:45+00:00\" \/>\n<meta property=\"og:image\" content=\"https:\/\/www.organisator.ch\/wp-content\/uploads\/2019\/10\/Die-Schweiz-im-Firmengruendungs-Hoch-1_Organisator.jpg\" \/>\n\t<meta property=\"og:image:width\" content=\"680\" \/>\n\t<meta property=\"og:image:height\" content=\"303\" \/>\n\t<meta property=\"og:image:type\" content=\"image\/jpeg\" \/>\n<meta name=\"author\" content=\"thomas.berner\" \/>\n<meta name=\"twitter:card\" content=\"summary_large_image\" \/>\n<meta name=\"twitter:title\" content=\"Die Schweiz im #Firmengr\u00fcndungs-Hoch\" \/>\n<meta name=\"twitter:description\" content=\"In den ersten neun Monaten 2019 wurden 32&#039;785 neue Firmen gegr\u00fcndet. Die Schweiz befindet sich in einem #Firmengr\u00fcndungs-Hoch.\" \/>\n<meta name=\"twitter:image\" content=\"https:\/\/www.organisator.ch\/wp-content\/uploads\/2019\/10\/Die-Schweiz-im-Firmengruendungs-Hoch-1_Organisator.jpg\" \/>\n<script type=\"application\/ld+json\" class=\"yoast-schema-graph\">{\"@context\":\"https:\\\/\\\/schema.org\",\"@graph\":[{\"@type\":\"Article\",\"@id\":\"https:\\\/\\\/www.organisator.ch\\\/management\\\/2019-10-01\\\/die-schweiz-im-firmengruendungs-hoch\\\/#article\",\"isPartOf\":{\"@id\":\"https:\\\/\\\/www.organisator.ch\\\/management\\\/2019-10-01\\\/die-schweiz-im-firmengruendungs-hoch\\\/\"},\"author\":{\"name\":\"thomas.berner\",\"@id\":\"https:\\\/\\\/www.organisator.ch\\\/#\\\/schema\\\/person\\\/6f650f90b2842cd4c0cc334b4e36f67e\"},\"headline\":\"Die Schweiz im Firmengr\u00fcndungs-Hoch\",\"datePublished\":\"2019-10-01T06:52:45+00:00\",\"mainEntityOfPage\":{\"@id\":\"https:\\\/\\\/www.organisator.ch\\\/management\\\/2019-10-01\\\/die-schweiz-im-firmengruendungs-hoch\\\/\"},\"wordCount\":533,\"publisher\":{\"@id\":\"https:\\\/\\\/www.organisator.ch\\\/#organization\"},\"image\":{\"@id\":\"https:\\\/\\\/www.organisator.ch\\\/management\\\/2019-10-01\\\/die-schweiz-im-firmengruendungs-hoch\\\/#primaryimage\"},\"thumbnailUrl\":\"https:\\\/\\\/www.organisator.ch\\\/wp-content\\\/uploads\\\/2019\\\/10\\\/Die-Schweiz-im-Firmengruendungs-Hoch-1_Organisator.jpg\",\"keywords\":[\"Firmengr\u00fcndungen\",\"Startups\",\"Statistik\",\"Unternehmen\"],\"articleSection\":[\"MANAGEMENT\"],\"inLanguage\":\"de\"},{\"@type\":\"WebPage\",\"@id\":\"https:\\\/\\\/www.organisator.ch\\\/management\\\/2019-10-01\\\/die-schweiz-im-firmengruendungs-hoch\\\/\",\"url\":\"https:\\\/\\\/www.organisator.ch\\\/management\\\/2019-10-01\\\/die-schweiz-im-firmengruendungs-hoch\\\/\",\"name\":\"Die Schweiz im Firmengr\u00fcndungs-Hoch - Organisator\",\"isPartOf\":{\"@id\":\"https:\\\/\\\/www.organisator.ch\\\/#website\"},\"primaryImageOfPage\":{\"@id\":\"https:\\\/\\\/www.organisator.ch\\\/management\\\/2019-10-01\\\/die-schweiz-im-firmengruendungs-hoch\\\/#primaryimage\"},\"image\":{\"@id\":\"https:\\\/\\\/www.organisator.ch\\\/management\\\/2019-10-01\\\/die-schweiz-im-firmengruendungs-hoch\\\/#primaryimage\"},\"thumbnailUrl\":\"https:\\\/\\\/www.organisator.ch\\\/wp-content\\\/uploads\\\/2019\\\/10\\\/Die-Schweiz-im-Firmengruendungs-Hoch-1_Organisator.jpg\",\"datePublished\":\"2019-10-01T06:52:45+00:00\",\"description\":\"In den ersten neun Monaten 2019 wurden 32'785 neue Firmen gegr\u00fcndet. Die Schweiz befindet sich in einem Firmengr\u00fcndungs-Hoch.\",\"breadcrumb\":{\"@id\":\"https:\\\/\\\/www.organisator.ch\\\/management\\\/2019-10-01\\\/die-schweiz-im-firmengruendungs-hoch\\\/#breadcrumb\"},\"inLanguage\":\"de\",\"potentialAction\":[{\"@type\":\"ReadAction\",\"target\":[\"https:\\\/\\\/www.organisator.ch\\\/management\\\/2019-10-01\\\/die-schweiz-im-firmengruendungs-hoch\\\/\"]}]},{\"@type\":\"ImageObject\",\"inLanguage\":\"de\",\"@id\":\"https:\\\/\\\/www.organisator.ch\\\/management\\\/2019-10-01\\\/die-schweiz-im-firmengruendungs-hoch\\\/#primaryimage\",\"url\":\"https:\\\/\\\/www.organisator.ch\\\/wp-content\\\/uploads\\\/2019\\\/10\\\/Die-Schweiz-im-Firmengruendungs-Hoch-1_Organisator.jpg\",\"contentUrl\":\"https:\\\/\\\/www.organisator.ch\\\/wp-content\\\/uploads\\\/2019\\\/10\\\/Die-Schweiz-im-Firmengruendungs-Hoch-1_Organisator.jpg\",\"width\":680,\"height\":303,\"caption\":\"Die Schweizer Gr\u00fcnderszene zeigt Muskeln: Es herrscht ein Firmengr\u00fcndungs-Hoch. (Bild: Pixabay.com)\"},{\"@type\":\"BreadcrumbList\",\"@id\":\"https:\\\/\\\/www.organisator.ch\\\/management\\\/2019-10-01\\\/die-schweiz-im-firmengruendungs-hoch\\\/#breadcrumb\",\"itemListElement\":[{\"@type\":\"ListItem\",\"position\":1,\"name\":\"Home\",\"item\":\"https:\\\/\\\/www.organisator.ch\\\/\"},{\"@type\":\"ListItem\",\"position\":2,\"name\":\"Die Schweiz im Firmengr\u00fcndungs-Hoch\"}]},{\"@type\":\"WebSite\",\"@id\":\"https:\\\/\\\/www.organisator.ch\\\/#website\",\"url\":\"https:\\\/\\\/www.organisator.ch\\\/\",\"name\":\"Organisator\",\"description\":\"Kompetent. Praxisnah. Der ORGANISATOR bereitet in 10 Ausgaben pro Jahr die wesentlichen Themen f\u00fcr F\u00fchrungskr\u00e4fte von KMU auf.\",\"publisher\":{\"@id\":\"https:\\\/\\\/www.organisator.ch\\\/#organization\"},\"potentialAction\":[{\"@type\":\"SearchAction\",\"target\":{\"@type\":\"EntryPoint\",\"urlTemplate\":\"https:\\\/\\\/www.organisator.ch\\\/?s={search_term_string}\"},\"query-input\":{\"@type\":\"PropertyValueSpecification\",\"valueRequired\":true,\"valueName\":\"search_term_string\"}}],\"inLanguage\":\"de\"},{\"@type\":\"Organization\",\"@id\":\"https:\\\/\\\/www.organisator.ch\\\/#organization\",\"name\":\"Organisator\",\"url\":\"https:\\\/\\\/www.organisator.ch\\\/\",\"logo\":{\"@type\":\"ImageObject\",\"inLanguage\":\"de\",\"@id\":\"https:\\\/\\\/www.organisator.ch\\\/#\\\/schema\\\/logo\\\/image\\\/\",\"url\":\"https:\\\/\\\/www.organisator.ch\\\/wp-content\\\/uploads\\\/2022\\\/01\\\/Logo_Organisator_Website.png\",\"contentUrl\":\"https:\\\/\\\/www.organisator.ch\\\/wp-content\\\/uploads\\\/2022\\\/01\\\/Logo_Organisator_Website.png\",\"width\":800,\"height\":77,\"caption\":\"Organisator\"},\"image\":{\"@id\":\"https:\\\/\\\/www.organisator.ch\\\/#\\\/schema\\\/logo\\\/image\\\/\"},\"sameAs\":[\"https:\\\/\\\/www.facebook.com\\\/OrganisatorFachmagazin\",\"https:\\\/\\\/www.linkedin.com\\\/showcase\\\/organisator-das-magazin-fr-kmu\",\"https:\\\/\\\/www.xing.com\\\/news\\\/pages\\\/organisator-ch-695\",\"https:\\\/\\\/www.youtube.com\\\/channel\\\/UCGP2Sq0iWaZwT3BdIAQFYpw\"]},{\"@type\":\"Person\",\"@id\":\"https:\\\/\\\/www.organisator.ch\\\/#\\\/schema\\\/person\\\/6f650f90b2842cd4c0cc334b4e36f67e\",\"name\":\"thomas.berner\",\"image\":{\"@type\":\"ImageObject\",\"inLanguage\":\"de\",\"@id\":\"https:\\\/\\\/secure.gravatar.com\\\/avatar\\\/ac5001d2a36cb6c6cd3e50789007ffca834b477b74a2144564522e944eabff61?s=96&d=mm&r=g\",\"url\":\"https:\\\/\\\/secure.gravatar.com\\\/avatar\\\/ac5001d2a36cb6c6cd3e50789007ffca834b477b74a2144564522e944eabff61?s=96&d=mm&r=g\",\"contentUrl\":\"https:\\\/\\\/secure.gravatar.com\\\/avatar\\\/ac5001d2a36cb6c6cd3e50789007ffca834b477b74a2144564522e944eabff61?s=96&d=mm&r=g\",\"caption\":\"thomas.berner\"},\"url\":\"https:\\\/\\\/www.organisator.ch\\\/de\\\/author\\\/thomas-berner\\\/\"}]}<\/script>\n<!-- \/ Yoast SEO plugin. -->","yoast_head_json":{"title":"Die Schweiz im Firmengr\u00fcndungs-Hoch - Organisator","description":"In den ersten neun Monaten 2019 wurden 32'785 neue Firmen gegr\u00fcndet. Die Schweiz befindet sich in einem Firmengr\u00fcndungs-Hoch.","robots":{"index":"index","follow":"follow","max-snippet":"max-snippet:-1","max-image-preview":"max-image-preview:large","max-video-preview":"max-video-preview:-1"},"canonical":"https:\/\/www.organisator.ch\/de\/management\/2019-10-01\/die-schweiz-im-firmengruendungs-hoch\/","og_locale":"de_DE","og_type":"article","og_title":"Die Schweiz im Firmengr\u00fcndungs-Hoch","og_description":"In den ersten neun Monaten 2019 wurden 32'785 neue Firmen gegr\u00fcndet. Die Schweiz befindet sich in einem Firmengr\u00fcndungs-Hoch.","og_url":"https:\/\/www.organisator.ch\/de\/management\/2019-10-01\/die-schweiz-im-firmengruendungs-hoch\/","og_site_name":"Organisator","article_publisher":"https:\/\/www.facebook.com\/OrganisatorFachmagazin","article_published_time":"2019-10-01T06:52:45+00:00","og_image":[{"width":680,"height":303,"url":"https:\/\/www.organisator.ch\/wp-content\/uploads\/2019\/10\/Die-Schweiz-im-Firmengruendungs-Hoch-1_Organisator.jpg","type":"image\/jpeg"}],"author":"thomas.berner","twitter_card":"summary_large_image","twitter_title":"Die Schweiz im #Firmengr\u00fcndungs-Hoch","twitter_description":"In den ersten neun Monaten 2019 wurden 32'785 neue Firmen gegr\u00fcndet. Die Schweiz befindet sich in einem #Firmengr\u00fcndungs-Hoch.","twitter_image":"https:\/\/www.organisator.ch\/wp-content\/uploads\/2019\/10\/Die-Schweiz-im-Firmengruendungs-Hoch-1_Organisator.jpg","schema":{"@context":"https:\/\/schema.org","@graph":[{"@type":"Article","@id":"https:\/\/www.organisator.ch\/management\/2019-10-01\/die-schweiz-im-firmengruendungs-hoch\/#article","isPartOf":{"@id":"https:\/\/www.organisator.ch\/management\/2019-10-01\/die-schweiz-im-firmengruendungs-hoch\/"},"author":{"name":"thomas.berner","@id":"https:\/\/www.organisator.ch\/#\/schema\/person\/6f650f90b2842cd4c0cc334b4e36f67e"},"headline":"Die Schweiz im Firmengr\u00fcndungs-Hoch","datePublished":"2019-10-01T06:52:45+00:00","mainEntityOfPage":{"@id":"https:\/\/www.organisator.ch\/management\/2019-10-01\/die-schweiz-im-firmengruendungs-hoch\/"},"wordCount":533,"publisher":{"@id":"https:\/\/www.organisator.ch\/#organization"},"image":{"@id":"https:\/\/www.organisator.ch\/management\/2019-10-01\/die-schweiz-im-firmengruendungs-hoch\/#primaryimage"},"thumbnailUrl":"https:\/\/www.organisator.ch\/wp-content\/uploads\/2019\/10\/Die-Schweiz-im-Firmengruendungs-Hoch-1_Organisator.jpg","keywords":["Firmengr\u00fcndungen","Startups","Statistik","Unternehmen"],"articleSection":["MANAGEMENT"],"inLanguage":"de"},{"@type":"WebPage","@id":"https:\/\/www.organisator.ch\/management\/2019-10-01\/die-schweiz-im-firmengruendungs-hoch\/","url":"https:\/\/www.organisator.ch\/management\/2019-10-01\/die-schweiz-im-firmengruendungs-hoch\/","name":"Die Schweiz im Firmengr\u00fcndungs-Hoch - Organisator","isPartOf":{"@id":"https:\/\/www.organisator.ch\/#website"},"primaryImageOfPage":{"@id":"https:\/\/www.organisator.ch\/management\/2019-10-01\/die-schweiz-im-firmengruendungs-hoch\/#primaryimage"},"image":{"@id":"https:\/\/www.organisator.ch\/management\/2019-10-01\/die-schweiz-im-firmengruendungs-hoch\/#primaryimage"},"thumbnailUrl":"https:\/\/www.organisator.ch\/wp-content\/uploads\/2019\/10\/Die-Schweiz-im-Firmengruendungs-Hoch-1_Organisator.jpg","datePublished":"2019-10-01T06:52:45+00:00","description":"In den ersten neun Monaten 2019 wurden 32'785 neue Firmen gegr\u00fcndet. Die Schweiz befindet sich in einem Firmengr\u00fcndungs-Hoch.","breadcrumb":{"@id":"https:\/\/www.organisator.ch\/management\/2019-10-01\/die-schweiz-im-firmengruendungs-hoch\/#breadcrumb"},"inLanguage":"de","potentialAction":[{"@type":"ReadAction","target":["https:\/\/www.organisator.ch\/management\/2019-10-01\/die-schweiz-im-firmengruendungs-hoch\/"]}]},{"@type":"ImageObject","inLanguage":"de","@id":"https:\/\/www.organisator.ch\/management\/2019-10-01\/die-schweiz-im-firmengruendungs-hoch\/#primaryimage","url":"https:\/\/www.organisator.ch\/wp-content\/uploads\/2019\/10\/Die-Schweiz-im-Firmengruendungs-Hoch-1_Organisator.jpg","contentUrl":"https:\/\/www.organisator.ch\/wp-content\/uploads\/2019\/10\/Die-Schweiz-im-Firmengruendungs-Hoch-1_Organisator.jpg","width":680,"height":303,"caption":"Die Schweizer Gr\u00fcnderszene zeigt Muskeln: Es herrscht ein Firmengr\u00fcndungs-Hoch. (Bild: Pixabay.com)"},{"@type":"BreadcrumbList","@id":"https:\/\/www.organisator.ch\/management\/2019-10-01\/die-schweiz-im-firmengruendungs-hoch\/#breadcrumb","itemListElement":[{"@type":"ListItem","position":1,"name":"Home","item":"https:\/\/www.organisator.ch\/"},{"@type":"ListItem","position":2,"name":"Die Schweiz im Firmengr\u00fcndungs-Hoch"}]},{"@type":"WebSite","@id":"https:\/\/www.organisator.ch\/#website","url":"https:\/\/www.organisator.ch\/","name":"Organisator","description":"Kompetent. Praxisnah. Der ORGANISATOR bereitet in 10 Ausgaben pro Jahr die wesentlichen Themen f\u00fcr F\u00fchrungskr\u00e4fte von KMU auf.","publisher":{"@id":"https:\/\/www.organisator.ch\/#organization"},"potentialAction":[{"@type":"SearchAction","target":{"@type":"EntryPoint","urlTemplate":"https:\/\/www.organisator.ch\/?s={search_term_string}"},"query-input":{"@type":"PropertyValueSpecification","valueRequired":true,"valueName":"search_term_string"}}],"inLanguage":"de"},{"@type":"Organization","@id":"https:\/\/www.organisator.ch\/#organization","name":"Organisator","url":"https:\/\/www.organisator.ch\/","logo":{"@type":"ImageObject","inLanguage":"de","@id":"https:\/\/www.organisator.ch\/#\/schema\/logo\/image\/","url":"https:\/\/www.organisator.ch\/wp-content\/uploads\/2022\/01\/Logo_Organisator_Website.png","contentUrl":"https:\/\/www.organisator.ch\/wp-content\/uploads\/2022\/01\/Logo_Organisator_Website.png","width":800,"height":77,"caption":"Organisator"},"image":{"@id":"https:\/\/www.organisator.ch\/#\/schema\/logo\/image\/"},"sameAs":["https:\/\/www.facebook.com\/OrganisatorFachmagazin","https:\/\/www.linkedin.com\/showcase\/organisator-das-magazin-fr-kmu","https:\/\/www.xing.com\/news\/pages\/organisator-ch-695","https:\/\/www.youtube.com\/channel\/UCGP2Sq0iWaZwT3BdIAQFYpw"]},{"@type":"Person","@id":"https:\/\/www.organisator.ch\/#\/schema\/person\/6f650f90b2842cd4c0cc334b4e36f67e","name":"thomas.berner","image":{"@type":"ImageObject","inLanguage":"de","@id":"https:\/\/secure.gravatar.com\/avatar\/ac5001d2a36cb6c6cd3e50789007ffca834b477b74a2144564522e944eabff61?s=96&d=mm&r=g","url":"https:\/\/secure.gravatar.com\/avatar\/ac5001d2a36cb6c6cd3e50789007ffca834b477b74a2144564522e944eabff61?s=96&d=mm&r=g","contentUrl":"https:\/\/secure.gravatar.com\/avatar\/ac5001d2a36cb6c6cd3e50789007ffca834b477b74a2144564522e944eabff61?s=96&d=mm&r=g","caption":"thomas.berner"},"url":"https:\/\/www.organisator.ch\/de\/author\/thomas-berner\/"}]}},"_links":{"self":[{"href":"https:\/\/www.organisator.ch\/de\/wp-json\/wp\/v2\/posts\/5856","targetHints":{"allow":["GET"]}}],"collection":[{"href":"https:\/\/www.organisator.ch\/de\/wp-json\/wp\/v2\/posts"}],"about":[{"href":"https:\/\/www.organisator.ch\/de\/wp-json\/wp\/v2\/types\/post"}],"author":[{"embeddable":true,"href":"https:\/\/www.organisator.ch\/de\/wp-json\/wp\/v2\/users\/4"}],"replies":[{"embeddable":true,"href":"https:\/\/www.organisator.ch\/de\/wp-json\/wp\/v2\/comments?post=5856"}],"version-history":[{"count":0,"href":"https:\/\/www.organisator.ch\/de\/wp-json\/wp\/v2\/posts\/5856\/revisions"}],"wp:featuredmedia":[{"embeddable":true,"href":"https:\/\/www.organisator.ch\/de\/wp-json\/wp\/v2\/media\/5857"}],"wp:attachment":[{"href":"https:\/\/www.organisator.ch\/de\/wp-json\/wp\/v2\/media?parent=5856"}],"wp:term":[{"taxonomy":"category","embeddable":true,"href":"https:\/\/www.organisator.ch\/de\/wp-json\/wp\/v2\/categories?post=5856"},{"taxonomy":"post_tag","embeddable":true,"href":"https:\/\/www.organisator.ch\/de\/wp-json\/wp\/v2\/tags?post=5856"}],"curies":[{"name":"wp","href":"https:\/\/api.w.org\/{rel}","templated":true}]}}