{"id":5882,"date":"2019-10-08T08:05:26","date_gmt":"2019-10-08T06:05:26","guid":{"rendered":"https:\/\/www.organisator.ch\/?p=5882"},"modified":"2019-10-08T08:05:26","modified_gmt":"2019-10-08T06:05:26","slug":"europa-forum-luzern-mit-motto-aufbruch-statt-abbruch","status":"publish","type":"post","link":"https:\/\/www.organisator.ch\/de\/management\/2019-10-08\/europa-forum-luzern-mit-motto-aufbruch-statt-abbruch\/","title":{"rendered":"Europa Forum Luzern mit Motto \u00abAufbruch statt Abbruch\u00bb"},"content":{"rendered":"<figure id=\"attachment_5883\" aria-describedby=\"caption-attachment-5883\" style=\"width: 680px\" class=\"wp-caption alignnone\"><img loading=\"lazy\" decoding=\"async\" class=\"size-medium wp-image-5883\" src=\"https:\/\/www.organisator.ch\/wp-content\/uploads\/2019\/10\/Europa-Forum-Luzern-mit-Motto-Aufbruch-statt-Abbruch_Organisator.jpg\" alt=\"\" width=\"680\" height=\"510\" srcset=\"https:\/\/www.organisator.ch\/wp-content\/uploads\/2019\/10\/Europa-Forum-Luzern-mit-Motto-Aufbruch-statt-Abbruch_Organisator.jpg 680w, https:\/\/www.organisator.ch\/wp-content\/uploads\/2019\/10\/Europa-Forum-Luzern-mit-Motto-Aufbruch-statt-Abbruch_Organisator-16x12.jpg 16w, https:\/\/www.organisator.ch\/wp-content\/uploads\/2019\/10\/Europa-Forum-Luzern-mit-Motto-Aufbruch-statt-Abbruch_Organisator-233x175.jpg 233w, https:\/\/www.organisator.ch\/wp-content\/uploads\/2019\/10\/Europa-Forum-Luzern-mit-Motto-Aufbruch-statt-Abbruch_Organisator-467x350.jpg 467w, https:\/\/www.organisator.ch\/wp-content\/uploads\/2019\/10\/Europa-Forum-Luzern-mit-Motto-Aufbruch-statt-Abbruch_Organisator-300x225.jpg 300w\" sizes=\"auto, (max-width: 680px) 100vw, 680px\" \/><figcaption id=\"caption-attachment-5883\" class=\"wp-caption-text\">Das neu aufgestellte Europa Forum Luzern will als Fixstern einen massgeblichen Beitrag leisten f\u00fcr eine starke Schweiz und ein starkes Europa. (Bild: KKL Luzern)<\/figcaption><\/figure>\n<p>Vor dem Hintergrund, dass die Schweiz derzeit in der Regelung ihrer Beziehung zu Europa an einem Scheideweg steht, lautet das diesj\u00e4hrige Kongressthema fast schon programmatisch \u00abAufbruch statt Abbruch.\u00bb Es stellt sich die Frage: Mehr N\u00e4he oder mehr Abgrenzung zwischen der Schweiz und Europa? Auch Gedanken zur weiteren Entwicklung der Schweiz und Europa ganz generell stehen im Fokus: Wie findet Europa einen Weg aus dieser Enge &#8211; und was k\u00f6nnen m\u00f6gliche Rezepte zum Aufbruch sein? Was sind die Schwerpunkte, die Entscheider aus Wirtschaft, Politik, Wissenschaft setzen m\u00fcssen und was kann jeder einzelne tun? Das Europa Forum will in dieser Diskussion Orientierung stiften, den Dialog f\u00f6rdern und neue Inspirationen und Impulse liefern.<\/p>\n<h2>Europa Forum Luzern: Seit 20 Jahren ein &#8222;Fixstern&#8220;<\/h2>\n<p>Das Europa Forum in Luzern bietet &#8211; seit 20 Jahren &#8211; Orientierung in Zeiten der Un\u00fcbersichtlichkeit. Die diesj\u00e4hrige Veranstaltung findet am 3. und 4. Dezember 2019 im KKL Luzern statt und ist ein Muss f\u00fcr all die Personen, die von der Bedeutung des Themas \u00fcberzeugt sind. Der Anlass sollte aber auch ein Fixpunkt sein f\u00fcr jene, die sich mit hochkar\u00e4tigen Pers\u00f6nlichkeiten vernetzen und austauschen wollen \u2013 auch \u00fcber das Thema Europa hinaus. So wie Sigmar Gabriel, ehemaliger deutscher Aussenminister, es auf den Punkt bringt: &#8222;Europa braucht einen neuen Aufbruch. Denn die vor uns liegenden globalen Aufgaben sind so gross, dass jedes Land alleine einfach zu klein ist, um sie zu l\u00f6sen.&#8220; Die Top-Speaker am diesj\u00e4hrigen Anlass versprechen viel. Unter anderem dabei sind: Ignazio Cassis, Bundesrat; Doris Leuthard, alt-Bundesr\u00e4tin\/Bundespr\u00e4sidentin; Sigmar Gabriel, ehemaliger deutscher Aussenminister; Jan Peter Balkenende, ehemaliger niederl\u00e4ndischer Ministerpr\u00e4sident; Flavia Kleiner, Co-Pr\u00e4sidentin Operation Libero; George Osborne, ehemaliger Schatzkanzler der britischen Regierung; Aude Pugin, CEO APCO Technologies; Peter Spuhler, VR-Pr\u00e4sident Stadler Rail; Carsten Spohr, Vorstandsvorsitzender Lufthansa, und viele mehr.<\/p>\n<h2>Prominent besetztes Steuerungskomitee<\/h2>\n<p>Das Europa Forum Luzern pr\u00e4sentiert sich im KKL zudem mit einem neuen Gesicht und will k\u00fcnftig noch breiter pr\u00e4sent sein. Mit einer neuen Strategie, namhaften Pers\u00f6nlichkeiten im Steering Committee und Executive Committee sowie exklusiven Partnern startet der Countdown f\u00fcr die erste Jahresveranstaltung unter neuer Flagge vielversprechend. Neben der Jahresveranstaltung verfolgt das Europa Forum langfristige Fragestellungen entlang von sechs sogenannten F\u00f6rderinitiativen zu spezifischen Themen wie zum Beispiel Bildung &amp; Forschung, Generation Zukunft, KMU\/Unternehmertum. Mit diesen soll der Diskurs \u00fcber den eigentlichen Kongress hinaus ganzj\u00e4hrig vertieft und gepflegt werden. Das 13-k\u00f6pfige Steering Committee pr\u00e4sidieren die ehemalige Bundesr\u00e4tin Doris Leuthard und der ehemalige deutsche Aussenminister Sigmar Gabriel. Dem Executive Committee mit 17 Mitglieder stehen Marcel Stalder, Pr\u00e4sident (CEO ChainIQ), und Philipp Gm\u00fcr, Vize-Pr\u00e4sident (CEO der Helvetia Gruppe), vor. Die Gesch\u00e4ftsstelle leitet Direktor Christof Wicki mit seinem Team seit 20 Jahren.<\/p>\n<p><a href=\"http:\/\/www.europaforum.ch\"><em>www.europaforum.ch<\/em><\/a><\/p>\n","protected":false},"excerpt":{"rendered":"<p>Vor dem Hintergrund, dass die Schweiz derzeit in der Regelung ihrer Beziehung zu Europa an einem Scheideweg steht, lautet das diesj\u00e4hrige Kongressthema fast schon programmatisch \u00abAufbruch statt Abbruch.\u00bb Es stellt sich die Frage: Mehr N\u00e4he oder mehr Abgrenzung zwischen der Schweiz und Europa? Auch Gedanken zur weiteren Entwicklung der Schweiz und Europa ganz generell stehen [&hellip;]<\/p>\n","protected":false},"author":4,"featured_media":5883,"comment_status":"closed","ping_status":"closed","sticky":false,"template":"","format":"standard","meta":{"_acf_changed":false,"_yoast_wpseo_focuskw":"Europa Forum Luzern","_yoast_wpseo_metadesc":"Top-Speaker wie Doris Leuthard, Sigmar Gabriel, Jan Peter Balkenende und Peter Spuhler diskutieren am 3.\/4. Dezember am Europa Forum Luzern.","articlekey":"","footnotes":""},"categories":[28],"tags":[193,502,508,531],"class_list":["post-5882","post","type-post","status-publish","format-standard","has-post-thumbnail","hentry","category-management","tag-fachkongressfachmesse","tag-veranstaltungen","tag-vermischtes","tag-wirtschaftspolitik"],"acf":[],"yoast_head":"<!-- This site is optimized with the Yoast SEO plugin v27.4 - https:\/\/yoast.com\/product\/yoast-seo-wordpress\/ -->\n<title>Europa Forum Luzern mit Motto \u00abAufbruch statt Abbruch\u00bb - Organisator<\/title>\n<meta name=\"description\" content=\"Top-Speaker wie Doris Leuthard, Sigmar Gabriel, Jan Peter Balkenende und Peter Spuhler diskutieren am 3.\/4. Dezember am Europa Forum Luzern.\" \/>\n<meta name=\"robots\" content=\"index, follow, max-snippet:-1, max-image-preview:large, max-video-preview:-1\" \/>\n<link rel=\"canonical\" href=\"https:\/\/www.organisator.ch\/de\/management\/2019-10-08\/europa-forum-luzern-mit-motto-aufbruch-statt-abbruch\/\" \/>\n<meta property=\"og:locale\" content=\"de_DE\" \/>\n<meta property=\"og:type\" content=\"article\" \/>\n<meta property=\"og:title\" content=\"Europa Forum Luzern mit Motto \u00abAufbruch statt Abbruch\u00bb\" \/>\n<meta property=\"og:description\" content=\"Top-Speaker wie Doris Leuthard, Sigmar Gabriel, Jan Peter Balkenende und Peter Spuhler diskutieren am 3.\/4. Dezember am Europa Forum Luzern.\" \/>\n<meta property=\"og:url\" content=\"https:\/\/www.organisator.ch\/de\/management\/2019-10-08\/europa-forum-luzern-mit-motto-aufbruch-statt-abbruch\/\" \/>\n<meta property=\"og:site_name\" content=\"Organisator\" \/>\n<meta property=\"article:publisher\" content=\"https:\/\/www.facebook.com\/OrganisatorFachmagazin\" \/>\n<meta property=\"article:published_time\" content=\"2019-10-08T06:05:26+00:00\" \/>\n<meta property=\"og:image\" content=\"https:\/\/www.organisator.ch\/wp-content\/uploads\/2019\/10\/Europa-Forum-Luzern-mit-Motto-Aufbruch-statt-Abbruch_Organisator.jpg\" \/>\n\t<meta property=\"og:image:width\" content=\"680\" \/>\n\t<meta property=\"og:image:height\" content=\"510\" \/>\n\t<meta property=\"og:image:type\" content=\"image\/jpeg\" \/>\n<meta name=\"author\" content=\"thomas.berner\" \/>\n<meta name=\"twitter:card\" content=\"summary_large_image\" \/>\n<meta name=\"twitter:title\" content=\"#EuropaForumLuzern mit Motto \u00abAufbruch statt Abbruch\u00bb\" \/>\n<meta name=\"twitter:description\" content=\"#Top-Speaker wie Doris #Leuthard, Sigmar Gabriel, Jan Peter Balkenende und Peter #Spuhler diskutieren am 3.\/4. Dezember am Europa Forum Luzern.\" \/>\n<meta name=\"twitter:image\" content=\"https:\/\/www.organisator.ch\/wp-content\/uploads\/2019\/10\/Europa-Forum-Luzern-mit-Motto-Aufbruch-statt-Abbruch_Organisator.jpg\" \/>\n<script type=\"application\/ld+json\" class=\"yoast-schema-graph\">{\"@context\":\"https:\\\/\\\/schema.org\",\"@graph\":[{\"@type\":\"Article\",\"@id\":\"https:\\\/\\\/www.organisator.ch\\\/management\\\/2019-10-08\\\/europa-forum-luzern-mit-motto-aufbruch-statt-abbruch\\\/#article\",\"isPartOf\":{\"@id\":\"https:\\\/\\\/www.organisator.ch\\\/management\\\/2019-10-08\\\/europa-forum-luzern-mit-motto-aufbruch-statt-abbruch\\\/\"},\"author\":{\"name\":\"thomas.berner\",\"@id\":\"https:\\\/\\\/www.organisator.ch\\\/#\\\/schema\\\/person\\\/6f650f90b2842cd4c0cc334b4e36f67e\"},\"headline\":\"Europa Forum Luzern mit Motto \u00abAufbruch statt Abbruch\u00bb\",\"datePublished\":\"2019-10-08T06:05:26+00:00\",\"mainEntityOfPage\":{\"@id\":\"https:\\\/\\\/www.organisator.ch\\\/management\\\/2019-10-08\\\/europa-forum-luzern-mit-motto-aufbruch-statt-abbruch\\\/\"},\"wordCount\":497,\"publisher\":{\"@id\":\"https:\\\/\\\/www.organisator.ch\\\/#organization\"},\"image\":{\"@id\":\"https:\\\/\\\/www.organisator.ch\\\/management\\\/2019-10-08\\\/europa-forum-luzern-mit-motto-aufbruch-statt-abbruch\\\/#primaryimage\"},\"thumbnailUrl\":\"https:\\\/\\\/www.organisator.ch\\\/wp-content\\\/uploads\\\/2019\\\/10\\\/Europa-Forum-Luzern-mit-Motto-Aufbruch-statt-Abbruch_Organisator.jpg\",\"keywords\":[\"Fachkongress\\\/Fachmesse\",\"Veranstaltungen\",\"Vermischtes\",\"Wirtschaftspolitik\"],\"articleSection\":[\"MANAGEMENT\"],\"inLanguage\":\"de\"},{\"@type\":\"WebPage\",\"@id\":\"https:\\\/\\\/www.organisator.ch\\\/management\\\/2019-10-08\\\/europa-forum-luzern-mit-motto-aufbruch-statt-abbruch\\\/\",\"url\":\"https:\\\/\\\/www.organisator.ch\\\/management\\\/2019-10-08\\\/europa-forum-luzern-mit-motto-aufbruch-statt-abbruch\\\/\",\"name\":\"Europa Forum Luzern mit Motto \u00abAufbruch statt Abbruch\u00bb - Organisator\",\"isPartOf\":{\"@id\":\"https:\\\/\\\/www.organisator.ch\\\/#website\"},\"primaryImageOfPage\":{\"@id\":\"https:\\\/\\\/www.organisator.ch\\\/management\\\/2019-10-08\\\/europa-forum-luzern-mit-motto-aufbruch-statt-abbruch\\\/#primaryimage\"},\"image\":{\"@id\":\"https:\\\/\\\/www.organisator.ch\\\/management\\\/2019-10-08\\\/europa-forum-luzern-mit-motto-aufbruch-statt-abbruch\\\/#primaryimage\"},\"thumbnailUrl\":\"https:\\\/\\\/www.organisator.ch\\\/wp-content\\\/uploads\\\/2019\\\/10\\\/Europa-Forum-Luzern-mit-Motto-Aufbruch-statt-Abbruch_Organisator.jpg\",\"datePublished\":\"2019-10-08T06:05:26+00:00\",\"description\":\"Top-Speaker wie Doris Leuthard, Sigmar Gabriel, Jan Peter Balkenende und Peter Spuhler diskutieren am 3.\\\/4. Dezember am Europa Forum Luzern.\",\"breadcrumb\":{\"@id\":\"https:\\\/\\\/www.organisator.ch\\\/management\\\/2019-10-08\\\/europa-forum-luzern-mit-motto-aufbruch-statt-abbruch\\\/#breadcrumb\"},\"inLanguage\":\"de\",\"potentialAction\":[{\"@type\":\"ReadAction\",\"target\":[\"https:\\\/\\\/www.organisator.ch\\\/management\\\/2019-10-08\\\/europa-forum-luzern-mit-motto-aufbruch-statt-abbruch\\\/\"]}]},{\"@type\":\"ImageObject\",\"inLanguage\":\"de\",\"@id\":\"https:\\\/\\\/www.organisator.ch\\\/management\\\/2019-10-08\\\/europa-forum-luzern-mit-motto-aufbruch-statt-abbruch\\\/#primaryimage\",\"url\":\"https:\\\/\\\/www.organisator.ch\\\/wp-content\\\/uploads\\\/2019\\\/10\\\/Europa-Forum-Luzern-mit-Motto-Aufbruch-statt-Abbruch_Organisator.jpg\",\"contentUrl\":\"https:\\\/\\\/www.organisator.ch\\\/wp-content\\\/uploads\\\/2019\\\/10\\\/Europa-Forum-Luzern-mit-Motto-Aufbruch-statt-Abbruch_Organisator.jpg\",\"width\":680,\"height\":510,\"caption\":\"Das neu aufgestellte Europa Forum Luzern will als Fixstern einen massgeblichen Beitrag leisten f\u00fcr eine starke Schweiz und ein starkes Europa. (Bild: KKL Luzern)\"},{\"@type\":\"BreadcrumbList\",\"@id\":\"https:\\\/\\\/www.organisator.ch\\\/management\\\/2019-10-08\\\/europa-forum-luzern-mit-motto-aufbruch-statt-abbruch\\\/#breadcrumb\",\"itemListElement\":[{\"@type\":\"ListItem\",\"position\":1,\"name\":\"Home\",\"item\":\"https:\\\/\\\/www.organisator.ch\\\/\"},{\"@type\":\"ListItem\",\"position\":2,\"name\":\"Europa Forum Luzern mit Motto \u00abAufbruch statt Abbruch\u00bb\"}]},{\"@type\":\"WebSite\",\"@id\":\"https:\\\/\\\/www.organisator.ch\\\/#website\",\"url\":\"https:\\\/\\\/www.organisator.ch\\\/\",\"name\":\"Organisator\",\"description\":\"Kompetent. Praxisnah. Der ORGANISATOR bereitet in 10 Ausgaben pro Jahr die wesentlichen Themen f\u00fcr F\u00fchrungskr\u00e4fte von KMU auf.\",\"publisher\":{\"@id\":\"https:\\\/\\\/www.organisator.ch\\\/#organization\"},\"potentialAction\":[{\"@type\":\"SearchAction\",\"target\":{\"@type\":\"EntryPoint\",\"urlTemplate\":\"https:\\\/\\\/www.organisator.ch\\\/?s={search_term_string}\"},\"query-input\":{\"@type\":\"PropertyValueSpecification\",\"valueRequired\":true,\"valueName\":\"search_term_string\"}}],\"inLanguage\":\"de\"},{\"@type\":\"Organization\",\"@id\":\"https:\\\/\\\/www.organisator.ch\\\/#organization\",\"name\":\"Organisator\",\"url\":\"https:\\\/\\\/www.organisator.ch\\\/\",\"logo\":{\"@type\":\"ImageObject\",\"inLanguage\":\"de\",\"@id\":\"https:\\\/\\\/www.organisator.ch\\\/#\\\/schema\\\/logo\\\/image\\\/\",\"url\":\"https:\\\/\\\/www.organisator.ch\\\/wp-content\\\/uploads\\\/2022\\\/01\\\/Logo_Organisator_Website.png\",\"contentUrl\":\"https:\\\/\\\/www.organisator.ch\\\/wp-content\\\/uploads\\\/2022\\\/01\\\/Logo_Organisator_Website.png\",\"width\":800,\"height\":77,\"caption\":\"Organisator\"},\"image\":{\"@id\":\"https:\\\/\\\/www.organisator.ch\\\/#\\\/schema\\\/logo\\\/image\\\/\"},\"sameAs\":[\"https:\\\/\\\/www.facebook.com\\\/OrganisatorFachmagazin\",\"https:\\\/\\\/www.linkedin.com\\\/showcase\\\/organisator-das-magazin-fr-kmu\",\"https:\\\/\\\/www.xing.com\\\/news\\\/pages\\\/organisator-ch-695\",\"https:\\\/\\\/www.youtube.com\\\/channel\\\/UCGP2Sq0iWaZwT3BdIAQFYpw\"]},{\"@type\":\"Person\",\"@id\":\"https:\\\/\\\/www.organisator.ch\\\/#\\\/schema\\\/person\\\/6f650f90b2842cd4c0cc334b4e36f67e\",\"name\":\"thomas.berner\",\"image\":{\"@type\":\"ImageObject\",\"inLanguage\":\"de\",\"@id\":\"https:\\\/\\\/secure.gravatar.com\\\/avatar\\\/ac5001d2a36cb6c6cd3e50789007ffca834b477b74a2144564522e944eabff61?s=96&d=mm&r=g\",\"url\":\"https:\\\/\\\/secure.gravatar.com\\\/avatar\\\/ac5001d2a36cb6c6cd3e50789007ffca834b477b74a2144564522e944eabff61?s=96&d=mm&r=g\",\"contentUrl\":\"https:\\\/\\\/secure.gravatar.com\\\/avatar\\\/ac5001d2a36cb6c6cd3e50789007ffca834b477b74a2144564522e944eabff61?s=96&d=mm&r=g\",\"caption\":\"thomas.berner\"},\"url\":\"https:\\\/\\\/www.organisator.ch\\\/de\\\/author\\\/thomas-berner\\\/\"}]}<\/script>\n<!-- \/ Yoast SEO plugin. -->","yoast_head_json":{"title":"Europa Forum Luzern mit Motto \u00abAufbruch statt Abbruch\u00bb - Organisator","description":"Top-Speaker wie Doris Leuthard, Sigmar Gabriel, Jan Peter Balkenende und Peter Spuhler diskutieren am 3.\/4. Dezember am Europa Forum Luzern.","robots":{"index":"index","follow":"follow","max-snippet":"max-snippet:-1","max-image-preview":"max-image-preview:large","max-video-preview":"max-video-preview:-1"},"canonical":"https:\/\/www.organisator.ch\/de\/management\/2019-10-08\/europa-forum-luzern-mit-motto-aufbruch-statt-abbruch\/","og_locale":"de_DE","og_type":"article","og_title":"Europa Forum Luzern mit Motto \u00abAufbruch statt Abbruch\u00bb","og_description":"Top-Speaker wie Doris Leuthard, Sigmar Gabriel, Jan Peter Balkenende und Peter Spuhler diskutieren am 3.\/4. Dezember am Europa Forum Luzern.","og_url":"https:\/\/www.organisator.ch\/de\/management\/2019-10-08\/europa-forum-luzern-mit-motto-aufbruch-statt-abbruch\/","og_site_name":"Organisator","article_publisher":"https:\/\/www.facebook.com\/OrganisatorFachmagazin","article_published_time":"2019-10-08T06:05:26+00:00","og_image":[{"width":680,"height":510,"url":"https:\/\/www.organisator.ch\/wp-content\/uploads\/2019\/10\/Europa-Forum-Luzern-mit-Motto-Aufbruch-statt-Abbruch_Organisator.jpg","type":"image\/jpeg"}],"author":"thomas.berner","twitter_card":"summary_large_image","twitter_title":"#EuropaForumLuzern mit Motto \u00abAufbruch statt Abbruch\u00bb","twitter_description":"#Top-Speaker wie Doris #Leuthard, Sigmar Gabriel, Jan Peter Balkenende und Peter #Spuhler diskutieren am 3.\/4. Dezember am Europa Forum Luzern.","twitter_image":"https:\/\/www.organisator.ch\/wp-content\/uploads\/2019\/10\/Europa-Forum-Luzern-mit-Motto-Aufbruch-statt-Abbruch_Organisator.jpg","schema":{"@context":"https:\/\/schema.org","@graph":[{"@type":"Article","@id":"https:\/\/www.organisator.ch\/management\/2019-10-08\/europa-forum-luzern-mit-motto-aufbruch-statt-abbruch\/#article","isPartOf":{"@id":"https:\/\/www.organisator.ch\/management\/2019-10-08\/europa-forum-luzern-mit-motto-aufbruch-statt-abbruch\/"},"author":{"name":"thomas.berner","@id":"https:\/\/www.organisator.ch\/#\/schema\/person\/6f650f90b2842cd4c0cc334b4e36f67e"},"headline":"Europa Forum Luzern mit Motto \u00abAufbruch statt Abbruch\u00bb","datePublished":"2019-10-08T06:05:26+00:00","mainEntityOfPage":{"@id":"https:\/\/www.organisator.ch\/management\/2019-10-08\/europa-forum-luzern-mit-motto-aufbruch-statt-abbruch\/"},"wordCount":497,"publisher":{"@id":"https:\/\/www.organisator.ch\/#organization"},"image":{"@id":"https:\/\/www.organisator.ch\/management\/2019-10-08\/europa-forum-luzern-mit-motto-aufbruch-statt-abbruch\/#primaryimage"},"thumbnailUrl":"https:\/\/www.organisator.ch\/wp-content\/uploads\/2019\/10\/Europa-Forum-Luzern-mit-Motto-Aufbruch-statt-Abbruch_Organisator.jpg","keywords":["Fachkongress\/Fachmesse","Veranstaltungen","Vermischtes","Wirtschaftspolitik"],"articleSection":["MANAGEMENT"],"inLanguage":"de"},{"@type":"WebPage","@id":"https:\/\/www.organisator.ch\/management\/2019-10-08\/europa-forum-luzern-mit-motto-aufbruch-statt-abbruch\/","url":"https:\/\/www.organisator.ch\/management\/2019-10-08\/europa-forum-luzern-mit-motto-aufbruch-statt-abbruch\/","name":"Europa Forum Luzern mit Motto \u00abAufbruch statt Abbruch\u00bb - Organisator","isPartOf":{"@id":"https:\/\/www.organisator.ch\/#website"},"primaryImageOfPage":{"@id":"https:\/\/www.organisator.ch\/management\/2019-10-08\/europa-forum-luzern-mit-motto-aufbruch-statt-abbruch\/#primaryimage"},"image":{"@id":"https:\/\/www.organisator.ch\/management\/2019-10-08\/europa-forum-luzern-mit-motto-aufbruch-statt-abbruch\/#primaryimage"},"thumbnailUrl":"https:\/\/www.organisator.ch\/wp-content\/uploads\/2019\/10\/Europa-Forum-Luzern-mit-Motto-Aufbruch-statt-Abbruch_Organisator.jpg","datePublished":"2019-10-08T06:05:26+00:00","description":"Top-Speaker wie Doris Leuthard, Sigmar Gabriel, Jan Peter Balkenende und Peter Spuhler diskutieren am 3.\/4. Dezember am Europa Forum Luzern.","breadcrumb":{"@id":"https:\/\/www.organisator.ch\/management\/2019-10-08\/europa-forum-luzern-mit-motto-aufbruch-statt-abbruch\/#breadcrumb"},"inLanguage":"de","potentialAction":[{"@type":"ReadAction","target":["https:\/\/www.organisator.ch\/management\/2019-10-08\/europa-forum-luzern-mit-motto-aufbruch-statt-abbruch\/"]}]},{"@type":"ImageObject","inLanguage":"de","@id":"https:\/\/www.organisator.ch\/management\/2019-10-08\/europa-forum-luzern-mit-motto-aufbruch-statt-abbruch\/#primaryimage","url":"https:\/\/www.organisator.ch\/wp-content\/uploads\/2019\/10\/Europa-Forum-Luzern-mit-Motto-Aufbruch-statt-Abbruch_Organisator.jpg","contentUrl":"https:\/\/www.organisator.ch\/wp-content\/uploads\/2019\/10\/Europa-Forum-Luzern-mit-Motto-Aufbruch-statt-Abbruch_Organisator.jpg","width":680,"height":510,"caption":"Das neu aufgestellte Europa Forum Luzern will als Fixstern einen massgeblichen Beitrag leisten f\u00fcr eine starke Schweiz und ein starkes Europa. (Bild: KKL Luzern)"},{"@type":"BreadcrumbList","@id":"https:\/\/www.organisator.ch\/management\/2019-10-08\/europa-forum-luzern-mit-motto-aufbruch-statt-abbruch\/#breadcrumb","itemListElement":[{"@type":"ListItem","position":1,"name":"Home","item":"https:\/\/www.organisator.ch\/"},{"@type":"ListItem","position":2,"name":"Europa Forum Luzern mit Motto \u00abAufbruch statt Abbruch\u00bb"}]},{"@type":"WebSite","@id":"https:\/\/www.organisator.ch\/#website","url":"https:\/\/www.organisator.ch\/","name":"Organisator","description":"Kompetent. Praxisnah. Der ORGANISATOR bereitet in 10 Ausgaben pro Jahr die wesentlichen Themen f\u00fcr F\u00fchrungskr\u00e4fte von KMU auf.","publisher":{"@id":"https:\/\/www.organisator.ch\/#organization"},"potentialAction":[{"@type":"SearchAction","target":{"@type":"EntryPoint","urlTemplate":"https:\/\/www.organisator.ch\/?s={search_term_string}"},"query-input":{"@type":"PropertyValueSpecification","valueRequired":true,"valueName":"search_term_string"}}],"inLanguage":"de"},{"@type":"Organization","@id":"https:\/\/www.organisator.ch\/#organization","name":"Organisator","url":"https:\/\/www.organisator.ch\/","logo":{"@type":"ImageObject","inLanguage":"de","@id":"https:\/\/www.organisator.ch\/#\/schema\/logo\/image\/","url":"https:\/\/www.organisator.ch\/wp-content\/uploads\/2022\/01\/Logo_Organisator_Website.png","contentUrl":"https:\/\/www.organisator.ch\/wp-content\/uploads\/2022\/01\/Logo_Organisator_Website.png","width":800,"height":77,"caption":"Organisator"},"image":{"@id":"https:\/\/www.organisator.ch\/#\/schema\/logo\/image\/"},"sameAs":["https:\/\/www.facebook.com\/OrganisatorFachmagazin","https:\/\/www.linkedin.com\/showcase\/organisator-das-magazin-fr-kmu","https:\/\/www.xing.com\/news\/pages\/organisator-ch-695","https:\/\/www.youtube.com\/channel\/UCGP2Sq0iWaZwT3BdIAQFYpw"]},{"@type":"Person","@id":"https:\/\/www.organisator.ch\/#\/schema\/person\/6f650f90b2842cd4c0cc334b4e36f67e","name":"thomas.berner","image":{"@type":"ImageObject","inLanguage":"de","@id":"https:\/\/secure.gravatar.com\/avatar\/ac5001d2a36cb6c6cd3e50789007ffca834b477b74a2144564522e944eabff61?s=96&d=mm&r=g","url":"https:\/\/secure.gravatar.com\/avatar\/ac5001d2a36cb6c6cd3e50789007ffca834b477b74a2144564522e944eabff61?s=96&d=mm&r=g","contentUrl":"https:\/\/secure.gravatar.com\/avatar\/ac5001d2a36cb6c6cd3e50789007ffca834b477b74a2144564522e944eabff61?s=96&d=mm&r=g","caption":"thomas.berner"},"url":"https:\/\/www.organisator.ch\/de\/author\/thomas-berner\/"}]}},"_links":{"self":[{"href":"https:\/\/www.organisator.ch\/de\/wp-json\/wp\/v2\/posts\/5882","targetHints":{"allow":["GET"]}}],"collection":[{"href":"https:\/\/www.organisator.ch\/de\/wp-json\/wp\/v2\/posts"}],"about":[{"href":"https:\/\/www.organisator.ch\/de\/wp-json\/wp\/v2\/types\/post"}],"author":[{"embeddable":true,"href":"https:\/\/www.organisator.ch\/de\/wp-json\/wp\/v2\/users\/4"}],"replies":[{"embeddable":true,"href":"https:\/\/www.organisator.ch\/de\/wp-json\/wp\/v2\/comments?post=5882"}],"version-history":[{"count":0,"href":"https:\/\/www.organisator.ch\/de\/wp-json\/wp\/v2\/posts\/5882\/revisions"}],"wp:featuredmedia":[{"embeddable":true,"href":"https:\/\/www.organisator.ch\/de\/wp-json\/wp\/v2\/media\/5883"}],"wp:attachment":[{"href":"https:\/\/www.organisator.ch\/de\/wp-json\/wp\/v2\/media?parent=5882"}],"wp:term":[{"taxonomy":"category","embeddable":true,"href":"https:\/\/www.organisator.ch\/de\/wp-json\/wp\/v2\/categories?post=5882"},{"taxonomy":"post_tag","embeddable":true,"href":"https:\/\/www.organisator.ch\/de\/wp-json\/wp\/v2\/tags?post=5882"}],"curies":[{"name":"wp","href":"https:\/\/api.w.org\/{rel}","templated":true}]}}