{"id":5899,"date":"2019-10-10T09:07:29","date_gmt":"2019-10-10T07:07:29","guid":{"rendered":"https:\/\/www.organisator.ch\/?p=5899"},"modified":"2019-10-10T09:07:29","modified_gmt":"2019-10-10T07:07:29","slug":"swiss-lean-congress-the-power-of-improvement","status":"publish","type":"post","link":"https:\/\/www.organisator.ch\/de\/management\/2019-10-10\/swiss-lean-congress-the-power-of-improvement\/","title":{"rendered":"Swiss Lean Congress: \u00abThe Power Of Improvement\u00bb"},"content":{"rendered":"<header>\n<figure id=\"attachment_5900\" aria-describedby=\"caption-attachment-5900\" style=\"width: 680px\" class=\"wp-caption alignnone\"><img loading=\"lazy\" decoding=\"async\" class=\"size-medium wp-image-5900\" src=\"https:\/\/www.organisator.ch\/wp-content\/uploads\/2019\/10\/The-Power-Of-Improvement_MQ.jpg\" alt=\"\" width=\"680\" height=\"383\" srcset=\"https:\/\/www.organisator.ch\/wp-content\/uploads\/2019\/10\/The-Power-Of-Improvement_MQ.jpg 680w, https:\/\/www.organisator.ch\/wp-content\/uploads\/2019\/10\/The-Power-Of-Improvement_MQ-16x9.jpg 16w, https:\/\/www.organisator.ch\/wp-content\/uploads\/2019\/10\/The-Power-Of-Improvement_MQ-311x175.jpg 311w, https:\/\/www.organisator.ch\/wp-content\/uploads\/2019\/10\/The-Power-Of-Improvement_MQ-621x350.jpg 621w, https:\/\/www.organisator.ch\/wp-content\/uploads\/2019\/10\/The-Power-Of-Improvement_MQ-300x169.jpg 300w\" sizes=\"auto, (max-width: 680px) 100vw, 680px\" \/><figcaption id=\"caption-attachment-5900\" class=\"wp-caption-text\">Wie viel Power steckt in der Verbesserung? Dieser Frage gehen am dritten Swiss Lean Congress 16 Top-Referenten und 5 Keynote Speaker nach. Das Motto: \u201eThe Power of Improvement\u201c (Bild: www.swissleancongress.ch)<\/figcaption><\/figure>\n<p>Leadership, Digitalisierung, Lean und Change Management z\u00e4hlen nicht nur zu den Erfolgsfaktoren der heutigen Zeit, sondern auch zu den Kernthemen am diesj\u00e4hrigen Swiss Lean Congress. Unter dem Motto \u00abThe Power Of Improvement\u00bb richtet sich dieser Manager-Event am 6. November im World Trade Center Z\u00fcrich an die F\u00fchrungskr\u00e4fte aller Branchen. Erfahrene Topmanager, erfolgreiche Gesch\u00e4ftsf\u00fchrer und etablierte Expert\/innen der Prozessexzellenz treten auf die B\u00fchne und faszinieren die Teilnehmenden mit ihrem Know-how. Neben Keynotes von Dr. Bernhard Heusler (Heusler Werthm\u00fcller Heitz AG), Stefan N\u00f6ken (Hilti AG), Mark Graban oder Lars Thomsen warten Workshops oder VIP-Roundtables auf die Besucher. Themen wie Lead Administration, das Aufzeigen von Wegen zu agilen, verschwendungsfreien Prozessen sowie eindr\u00fcckliche Erfolgsgeschichten von Schweizer Industrie-, Gesundheits-, Dienstleistungs- und Bauunternehmen sind Teil des Programms. Die Workshops sind branchenspezifisch ausgerichtet und haben zum Ziel, konkrete L\u00f6sungsans\u00e4tze zu umstrittenen Schl\u00fcsselthemen zu erarbeiten.<\/p>\n<\/header>\n<section class=\"article-content\"><a href=\"https:\/\/www.swissleancongress.ch\/programm\"><em>Anmeldung bis 23. Oktober 2019 auf www.swissleancongress.ch<\/em><\/a><\/p>\n<\/section>\n","protected":false},"excerpt":{"rendered":"<p>Leadership, Digitalisierung, Lean und Change Management z\u00e4hlen nicht nur zu den Erfolgsfaktoren der heutigen Zeit, sondern auch zu den Kernthemen am diesj\u00e4hrigen Swiss Lean Congress. Unter dem Motto \u00abThe Power Of Improvement\u00bb richtet sich dieser Manager-Event am 6. November im World Trade Center Z\u00fcrich an die F\u00fchrungskr\u00e4fte aller Branchen. Erfahrene Topmanager, erfolgreiche Gesch\u00e4ftsf\u00fchrer und etablierte [&hellip;]<\/p>\n","protected":false},"author":4,"featured_media":5900,"comment_status":"closed","ping_status":"closed","sticky":false,"template":"","format":"standard","meta":{"_acf_changed":false,"_yoast_wpseo_focuskw":"Power of Improvement","_yoast_wpseo_metadesc":"Top-Manager, erfolgreiche Gesch\u00e4ftsf\u00fchrer und etablierte Experten\/innen der Prozessexzellenz sprechen am 6. November 2019 \u00fcber \"The Power of Improvement\".","articlekey":"","footnotes":""},"categories":[28],"tags":[193,321,335],"class_list":["post-5899","post","type-post","status-publish","format-standard","has-post-thumbnail","hentry","category-management","tag-fachkongressfachmesse","tag-lean-management","tag-management-und-unternehmensfuehrung"],"acf":[],"yoast_head":"<!-- This site is optimized with the Yoast SEO plugin v27.5 - https:\/\/yoast.com\/product\/yoast-seo-wordpress\/ -->\n<title>Swiss Lean Congress: \u00abThe Power Of Improvement\u00bb - Organisator<\/title>\n<meta name=\"description\" content=\"Top-Manager, erfolgreiche Gesch\u00e4ftsf\u00fchrer und etablierte Experten\/innen der Prozessexzellenz sprechen am 6. November 2019 \u00fcber &quot;The Power of Improvement&quot;.\" \/>\n<meta name=\"robots\" content=\"index, follow, max-snippet:-1, max-image-preview:large, max-video-preview:-1\" \/>\n<link rel=\"canonical\" href=\"https:\/\/www.organisator.ch\/de\/management\/2019-10-10\/swiss-lean-congress-the-power-of-improvement\/\" \/>\n<meta property=\"og:locale\" content=\"de_DE\" \/>\n<meta property=\"og:type\" content=\"article\" \/>\n<meta property=\"og:title\" content=\"Swiss Lean Congress: \u00abThe Power Of Improvement\u00bb\" \/>\n<meta property=\"og:description\" content=\"Top-Manager, erfolgreiche Gesch\u00e4ftsf\u00fchrer und etablierte Experten\/innen der Prozessexzellenz sprechen am 6. November 2019 \u00fcber &quot;The Power of Improvement&quot;.\" \/>\n<meta property=\"og:url\" content=\"https:\/\/www.organisator.ch\/de\/management\/2019-10-10\/swiss-lean-congress-the-power-of-improvement\/\" \/>\n<meta property=\"og:site_name\" content=\"Organisator\" \/>\n<meta property=\"article:publisher\" content=\"https:\/\/www.facebook.com\/OrganisatorFachmagazin\" \/>\n<meta property=\"article:published_time\" content=\"2019-10-10T07:07:29+00:00\" \/>\n<meta property=\"og:image\" content=\"https:\/\/www.organisator.ch\/wp-content\/uploads\/2019\/10\/The-Power-Of-Improvement_MQ.jpg\" \/>\n\t<meta property=\"og:image:width\" content=\"680\" \/>\n\t<meta property=\"og:image:height\" content=\"383\" \/>\n\t<meta property=\"og:image:type\" content=\"image\/jpeg\" \/>\n<meta name=\"author\" content=\"thomas.berner\" \/>\n<meta name=\"twitter:card\" content=\"summary_large_image\" \/>\n<meta name=\"twitter:title\" content=\"#SwissLeanCongress: \u00abThe Power Of Improvement\u00bb\" \/>\n<meta name=\"twitter:description\" content=\"Top-Manager, erfolgreiche Gesch\u00e4ftsf\u00fchrer und etablierte Experten\/innen der #Prozessexzellenz sprechen am 6. November 2019 \u00fcber &quot;The Power of Improvement&quot;.\" \/>\n<meta name=\"twitter:image\" content=\"https:\/\/www.organisator.ch\/wp-content\/uploads\/2019\/10\/The-Power-Of-Improvement_MQ.jpg\" \/>\n<script type=\"application\/ld+json\" class=\"yoast-schema-graph\">{\"@context\":\"https:\\\/\\\/schema.org\",\"@graph\":[{\"@type\":\"Article\",\"@id\":\"https:\\\/\\\/www.organisator.ch\\\/management\\\/2019-10-10\\\/swiss-lean-congress-the-power-of-improvement\\\/#article\",\"isPartOf\":{\"@id\":\"https:\\\/\\\/www.organisator.ch\\\/management\\\/2019-10-10\\\/swiss-lean-congress-the-power-of-improvement\\\/\"},\"author\":{\"name\":\"thomas.berner\",\"@id\":\"https:\\\/\\\/www.organisator.ch\\\/#\\\/schema\\\/person\\\/6f650f90b2842cd4c0cc334b4e36f67e\"},\"headline\":\"Swiss Lean Congress: \u00abThe Power Of Improvement\u00bb\",\"datePublished\":\"2019-10-10T07:07:29+00:00\",\"mainEntityOfPage\":{\"@id\":\"https:\\\/\\\/www.organisator.ch\\\/management\\\/2019-10-10\\\/swiss-lean-congress-the-power-of-improvement\\\/\"},\"wordCount\":202,\"publisher\":{\"@id\":\"https:\\\/\\\/www.organisator.ch\\\/#organization\"},\"image\":{\"@id\":\"https:\\\/\\\/www.organisator.ch\\\/management\\\/2019-10-10\\\/swiss-lean-congress-the-power-of-improvement\\\/#primaryimage\"},\"thumbnailUrl\":\"https:\\\/\\\/www.organisator.ch\\\/wp-content\\\/uploads\\\/2019\\\/10\\\/The-Power-Of-Improvement_MQ.jpg\",\"keywords\":[\"Fachkongress\\\/Fachmesse\",\"Lean Management\",\"Management und Unternehmensf\u00fchrung\"],\"articleSection\":[\"MANAGEMENT\"],\"inLanguage\":\"de\"},{\"@type\":\"WebPage\",\"@id\":\"https:\\\/\\\/www.organisator.ch\\\/management\\\/2019-10-10\\\/swiss-lean-congress-the-power-of-improvement\\\/\",\"url\":\"https:\\\/\\\/www.organisator.ch\\\/management\\\/2019-10-10\\\/swiss-lean-congress-the-power-of-improvement\\\/\",\"name\":\"Swiss Lean Congress: \u00abThe Power Of Improvement\u00bb - Organisator\",\"isPartOf\":{\"@id\":\"https:\\\/\\\/www.organisator.ch\\\/#website\"},\"primaryImageOfPage\":{\"@id\":\"https:\\\/\\\/www.organisator.ch\\\/management\\\/2019-10-10\\\/swiss-lean-congress-the-power-of-improvement\\\/#primaryimage\"},\"image\":{\"@id\":\"https:\\\/\\\/www.organisator.ch\\\/management\\\/2019-10-10\\\/swiss-lean-congress-the-power-of-improvement\\\/#primaryimage\"},\"thumbnailUrl\":\"https:\\\/\\\/www.organisator.ch\\\/wp-content\\\/uploads\\\/2019\\\/10\\\/The-Power-Of-Improvement_MQ.jpg\",\"datePublished\":\"2019-10-10T07:07:29+00:00\",\"description\":\"Top-Manager, erfolgreiche Gesch\u00e4ftsf\u00fchrer und etablierte Experten\\\/innen der Prozessexzellenz sprechen am 6. November 2019 \u00fcber \\\"The Power of Improvement\\\".\",\"breadcrumb\":{\"@id\":\"https:\\\/\\\/www.organisator.ch\\\/management\\\/2019-10-10\\\/swiss-lean-congress-the-power-of-improvement\\\/#breadcrumb\"},\"inLanguage\":\"de\",\"potentialAction\":[{\"@type\":\"ReadAction\",\"target\":[\"https:\\\/\\\/www.organisator.ch\\\/management\\\/2019-10-10\\\/swiss-lean-congress-the-power-of-improvement\\\/\"]}]},{\"@type\":\"ImageObject\",\"inLanguage\":\"de\",\"@id\":\"https:\\\/\\\/www.organisator.ch\\\/management\\\/2019-10-10\\\/swiss-lean-congress-the-power-of-improvement\\\/#primaryimage\",\"url\":\"https:\\\/\\\/www.organisator.ch\\\/wp-content\\\/uploads\\\/2019\\\/10\\\/The-Power-Of-Improvement_MQ.jpg\",\"contentUrl\":\"https:\\\/\\\/www.organisator.ch\\\/wp-content\\\/uploads\\\/2019\\\/10\\\/The-Power-Of-Improvement_MQ.jpg\",\"width\":680,\"height\":383,\"caption\":\"Wie viel Power steckt in der Verbesserung? Dieser Frage gehen am dritten Swiss Lean Congress 16 Top-Referenten und 5 Keynote Speaker nach. Das Motto: \u201eThe Power of Improvement\u201c (Bild: www.swissleancongress.ch)\"},{\"@type\":\"BreadcrumbList\",\"@id\":\"https:\\\/\\\/www.organisator.ch\\\/management\\\/2019-10-10\\\/swiss-lean-congress-the-power-of-improvement\\\/#breadcrumb\",\"itemListElement\":[{\"@type\":\"ListItem\",\"position\":1,\"name\":\"Home\",\"item\":\"https:\\\/\\\/www.organisator.ch\\\/\"},{\"@type\":\"ListItem\",\"position\":2,\"name\":\"Swiss Lean Congress: \u00abThe Power Of Improvement\u00bb\"}]},{\"@type\":\"WebSite\",\"@id\":\"https:\\\/\\\/www.organisator.ch\\\/#website\",\"url\":\"https:\\\/\\\/www.organisator.ch\\\/\",\"name\":\"Organisator\",\"description\":\"Kompetent. Praxisnah. Der ORGANISATOR bereitet in 10 Ausgaben pro Jahr die wesentlichen Themen f\u00fcr F\u00fchrungskr\u00e4fte von KMU auf.\",\"publisher\":{\"@id\":\"https:\\\/\\\/www.organisator.ch\\\/#organization\"},\"potentialAction\":[{\"@type\":\"SearchAction\",\"target\":{\"@type\":\"EntryPoint\",\"urlTemplate\":\"https:\\\/\\\/www.organisator.ch\\\/?s={search_term_string}\"},\"query-input\":{\"@type\":\"PropertyValueSpecification\",\"valueRequired\":true,\"valueName\":\"search_term_string\"}}],\"inLanguage\":\"de\"},{\"@type\":\"Organization\",\"@id\":\"https:\\\/\\\/www.organisator.ch\\\/#organization\",\"name\":\"Organisator\",\"url\":\"https:\\\/\\\/www.organisator.ch\\\/\",\"logo\":{\"@type\":\"ImageObject\",\"inLanguage\":\"de\",\"@id\":\"https:\\\/\\\/www.organisator.ch\\\/#\\\/schema\\\/logo\\\/image\\\/\",\"url\":\"https:\\\/\\\/www.organisator.ch\\\/wp-content\\\/uploads\\\/2022\\\/01\\\/Logo_Organisator_Website.png\",\"contentUrl\":\"https:\\\/\\\/www.organisator.ch\\\/wp-content\\\/uploads\\\/2022\\\/01\\\/Logo_Organisator_Website.png\",\"width\":800,\"height\":77,\"caption\":\"Organisator\"},\"image\":{\"@id\":\"https:\\\/\\\/www.organisator.ch\\\/#\\\/schema\\\/logo\\\/image\\\/\"},\"sameAs\":[\"https:\\\/\\\/www.facebook.com\\\/OrganisatorFachmagazin\",\"https:\\\/\\\/www.linkedin.com\\\/showcase\\\/organisator-das-magazin-fr-kmu\",\"https:\\\/\\\/www.xing.com\\\/news\\\/pages\\\/organisator-ch-695\",\"https:\\\/\\\/www.youtube.com\\\/channel\\\/UCGP2Sq0iWaZwT3BdIAQFYpw\"]},{\"@type\":\"Person\",\"@id\":\"https:\\\/\\\/www.organisator.ch\\\/#\\\/schema\\\/person\\\/6f650f90b2842cd4c0cc334b4e36f67e\",\"name\":\"thomas.berner\",\"image\":{\"@type\":\"ImageObject\",\"inLanguage\":\"de\",\"@id\":\"https:\\\/\\\/secure.gravatar.com\\\/avatar\\\/ac5001d2a36cb6c6cd3e50789007ffca834b477b74a2144564522e944eabff61?s=96&d=mm&r=g\",\"url\":\"https:\\\/\\\/secure.gravatar.com\\\/avatar\\\/ac5001d2a36cb6c6cd3e50789007ffca834b477b74a2144564522e944eabff61?s=96&d=mm&r=g\",\"contentUrl\":\"https:\\\/\\\/secure.gravatar.com\\\/avatar\\\/ac5001d2a36cb6c6cd3e50789007ffca834b477b74a2144564522e944eabff61?s=96&d=mm&r=g\",\"caption\":\"thomas.berner\"},\"url\":\"https:\\\/\\\/www.organisator.ch\\\/de\\\/author\\\/thomas-berner\\\/\"}]}<\/script>\n<!-- \/ Yoast SEO plugin. -->","yoast_head_json":{"title":"Swiss Lean Congress: \u00abThe Power Of Improvement\u00bb - Organisator","description":"Top-Manager, erfolgreiche Gesch\u00e4ftsf\u00fchrer und etablierte Experten\/innen der Prozessexzellenz sprechen am 6. November 2019 \u00fcber \"The Power of Improvement\".","robots":{"index":"index","follow":"follow","max-snippet":"max-snippet:-1","max-image-preview":"max-image-preview:large","max-video-preview":"max-video-preview:-1"},"canonical":"https:\/\/www.organisator.ch\/de\/management\/2019-10-10\/swiss-lean-congress-the-power-of-improvement\/","og_locale":"de_DE","og_type":"article","og_title":"Swiss Lean Congress: \u00abThe Power Of Improvement\u00bb","og_description":"Top-Manager, erfolgreiche Gesch\u00e4ftsf\u00fchrer und etablierte Experten\/innen der Prozessexzellenz sprechen am 6. November 2019 \u00fcber \"The Power of Improvement\".","og_url":"https:\/\/www.organisator.ch\/de\/management\/2019-10-10\/swiss-lean-congress-the-power-of-improvement\/","og_site_name":"Organisator","article_publisher":"https:\/\/www.facebook.com\/OrganisatorFachmagazin","article_published_time":"2019-10-10T07:07:29+00:00","og_image":[{"width":680,"height":383,"url":"https:\/\/www.organisator.ch\/wp-content\/uploads\/2019\/10\/The-Power-Of-Improvement_MQ.jpg","type":"image\/jpeg"}],"author":"thomas.berner","twitter_card":"summary_large_image","twitter_title":"#SwissLeanCongress: \u00abThe Power Of Improvement\u00bb","twitter_description":"Top-Manager, erfolgreiche Gesch\u00e4ftsf\u00fchrer und etablierte Experten\/innen der #Prozessexzellenz sprechen am 6. November 2019 \u00fcber \"The Power of Improvement\".","twitter_image":"https:\/\/www.organisator.ch\/wp-content\/uploads\/2019\/10\/The-Power-Of-Improvement_MQ.jpg","schema":{"@context":"https:\/\/schema.org","@graph":[{"@type":"Article","@id":"https:\/\/www.organisator.ch\/management\/2019-10-10\/swiss-lean-congress-the-power-of-improvement\/#article","isPartOf":{"@id":"https:\/\/www.organisator.ch\/management\/2019-10-10\/swiss-lean-congress-the-power-of-improvement\/"},"author":{"name":"thomas.berner","@id":"https:\/\/www.organisator.ch\/#\/schema\/person\/6f650f90b2842cd4c0cc334b4e36f67e"},"headline":"Swiss Lean Congress: \u00abThe Power Of Improvement\u00bb","datePublished":"2019-10-10T07:07:29+00:00","mainEntityOfPage":{"@id":"https:\/\/www.organisator.ch\/management\/2019-10-10\/swiss-lean-congress-the-power-of-improvement\/"},"wordCount":202,"publisher":{"@id":"https:\/\/www.organisator.ch\/#organization"},"image":{"@id":"https:\/\/www.organisator.ch\/management\/2019-10-10\/swiss-lean-congress-the-power-of-improvement\/#primaryimage"},"thumbnailUrl":"https:\/\/www.organisator.ch\/wp-content\/uploads\/2019\/10\/The-Power-Of-Improvement_MQ.jpg","keywords":["Fachkongress\/Fachmesse","Lean Management","Management und Unternehmensf\u00fchrung"],"articleSection":["MANAGEMENT"],"inLanguage":"de"},{"@type":"WebPage","@id":"https:\/\/www.organisator.ch\/management\/2019-10-10\/swiss-lean-congress-the-power-of-improvement\/","url":"https:\/\/www.organisator.ch\/management\/2019-10-10\/swiss-lean-congress-the-power-of-improvement\/","name":"Swiss Lean Congress: \u00abThe Power Of Improvement\u00bb - Organisator","isPartOf":{"@id":"https:\/\/www.organisator.ch\/#website"},"primaryImageOfPage":{"@id":"https:\/\/www.organisator.ch\/management\/2019-10-10\/swiss-lean-congress-the-power-of-improvement\/#primaryimage"},"image":{"@id":"https:\/\/www.organisator.ch\/management\/2019-10-10\/swiss-lean-congress-the-power-of-improvement\/#primaryimage"},"thumbnailUrl":"https:\/\/www.organisator.ch\/wp-content\/uploads\/2019\/10\/The-Power-Of-Improvement_MQ.jpg","datePublished":"2019-10-10T07:07:29+00:00","description":"Top-Manager, erfolgreiche Gesch\u00e4ftsf\u00fchrer und etablierte Experten\/innen der Prozessexzellenz sprechen am 6. November 2019 \u00fcber \"The Power of Improvement\".","breadcrumb":{"@id":"https:\/\/www.organisator.ch\/management\/2019-10-10\/swiss-lean-congress-the-power-of-improvement\/#breadcrumb"},"inLanguage":"de","potentialAction":[{"@type":"ReadAction","target":["https:\/\/www.organisator.ch\/management\/2019-10-10\/swiss-lean-congress-the-power-of-improvement\/"]}]},{"@type":"ImageObject","inLanguage":"de","@id":"https:\/\/www.organisator.ch\/management\/2019-10-10\/swiss-lean-congress-the-power-of-improvement\/#primaryimage","url":"https:\/\/www.organisator.ch\/wp-content\/uploads\/2019\/10\/The-Power-Of-Improvement_MQ.jpg","contentUrl":"https:\/\/www.organisator.ch\/wp-content\/uploads\/2019\/10\/The-Power-Of-Improvement_MQ.jpg","width":680,"height":383,"caption":"Wie viel Power steckt in der Verbesserung? Dieser Frage gehen am dritten Swiss Lean Congress 16 Top-Referenten und 5 Keynote Speaker nach. Das Motto: \u201eThe Power of Improvement\u201c (Bild: www.swissleancongress.ch)"},{"@type":"BreadcrumbList","@id":"https:\/\/www.organisator.ch\/management\/2019-10-10\/swiss-lean-congress-the-power-of-improvement\/#breadcrumb","itemListElement":[{"@type":"ListItem","position":1,"name":"Home","item":"https:\/\/www.organisator.ch\/"},{"@type":"ListItem","position":2,"name":"Swiss Lean Congress: \u00abThe Power Of Improvement\u00bb"}]},{"@type":"WebSite","@id":"https:\/\/www.organisator.ch\/#website","url":"https:\/\/www.organisator.ch\/","name":"Organisator","description":"Kompetent. Praxisnah. Der ORGANISATOR bereitet in 10 Ausgaben pro Jahr die wesentlichen Themen f\u00fcr F\u00fchrungskr\u00e4fte von KMU auf.","publisher":{"@id":"https:\/\/www.organisator.ch\/#organization"},"potentialAction":[{"@type":"SearchAction","target":{"@type":"EntryPoint","urlTemplate":"https:\/\/www.organisator.ch\/?s={search_term_string}"},"query-input":{"@type":"PropertyValueSpecification","valueRequired":true,"valueName":"search_term_string"}}],"inLanguage":"de"},{"@type":"Organization","@id":"https:\/\/www.organisator.ch\/#organization","name":"Organisator","url":"https:\/\/www.organisator.ch\/","logo":{"@type":"ImageObject","inLanguage":"de","@id":"https:\/\/www.organisator.ch\/#\/schema\/logo\/image\/","url":"https:\/\/www.organisator.ch\/wp-content\/uploads\/2022\/01\/Logo_Organisator_Website.png","contentUrl":"https:\/\/www.organisator.ch\/wp-content\/uploads\/2022\/01\/Logo_Organisator_Website.png","width":800,"height":77,"caption":"Organisator"},"image":{"@id":"https:\/\/www.organisator.ch\/#\/schema\/logo\/image\/"},"sameAs":["https:\/\/www.facebook.com\/OrganisatorFachmagazin","https:\/\/www.linkedin.com\/showcase\/organisator-das-magazin-fr-kmu","https:\/\/www.xing.com\/news\/pages\/organisator-ch-695","https:\/\/www.youtube.com\/channel\/UCGP2Sq0iWaZwT3BdIAQFYpw"]},{"@type":"Person","@id":"https:\/\/www.organisator.ch\/#\/schema\/person\/6f650f90b2842cd4c0cc334b4e36f67e","name":"thomas.berner","image":{"@type":"ImageObject","inLanguage":"de","@id":"https:\/\/secure.gravatar.com\/avatar\/ac5001d2a36cb6c6cd3e50789007ffca834b477b74a2144564522e944eabff61?s=96&d=mm&r=g","url":"https:\/\/secure.gravatar.com\/avatar\/ac5001d2a36cb6c6cd3e50789007ffca834b477b74a2144564522e944eabff61?s=96&d=mm&r=g","contentUrl":"https:\/\/secure.gravatar.com\/avatar\/ac5001d2a36cb6c6cd3e50789007ffca834b477b74a2144564522e944eabff61?s=96&d=mm&r=g","caption":"thomas.berner"},"url":"https:\/\/www.organisator.ch\/de\/author\/thomas-berner\/"}]}},"_links":{"self":[{"href":"https:\/\/www.organisator.ch\/de\/wp-json\/wp\/v2\/posts\/5899","targetHints":{"allow":["GET"]}}],"collection":[{"href":"https:\/\/www.organisator.ch\/de\/wp-json\/wp\/v2\/posts"}],"about":[{"href":"https:\/\/www.organisator.ch\/de\/wp-json\/wp\/v2\/types\/post"}],"author":[{"embeddable":true,"href":"https:\/\/www.organisator.ch\/de\/wp-json\/wp\/v2\/users\/4"}],"replies":[{"embeddable":true,"href":"https:\/\/www.organisator.ch\/de\/wp-json\/wp\/v2\/comments?post=5899"}],"version-history":[{"count":0,"href":"https:\/\/www.organisator.ch\/de\/wp-json\/wp\/v2\/posts\/5899\/revisions"}],"wp:featuredmedia":[{"embeddable":true,"href":"https:\/\/www.organisator.ch\/de\/wp-json\/wp\/v2\/media\/5900"}],"wp:attachment":[{"href":"https:\/\/www.organisator.ch\/de\/wp-json\/wp\/v2\/media?parent=5899"}],"wp:term":[{"taxonomy":"category","embeddable":true,"href":"https:\/\/www.organisator.ch\/de\/wp-json\/wp\/v2\/categories?post=5899"},{"taxonomy":"post_tag","embeddable":true,"href":"https:\/\/www.organisator.ch\/de\/wp-json\/wp\/v2\/tags?post=5899"}],"curies":[{"name":"wp","href":"https:\/\/api.w.org\/{rel}","templated":true}]}}