{"id":5902,"date":"2019-10-10T10:49:09","date_gmt":"2019-10-10T08:49:09","guid":{"rendered":"https:\/\/www.organisator.ch\/?p=5902"},"modified":"2019-10-10T10:49:09","modified_gmt":"2019-10-10T08:49:09","slug":"exportstimmung-schwaecht-sich-im-4-quartal-2019-weiter-ab","status":"publish","type":"post","link":"https:\/\/www.organisator.ch\/de\/management\/finanzen_recht\/2019-10-10\/exportstimmung-schwaecht-sich-im-4-quartal-2019-weiter-ab\/","title":{"rendered":"Exportstimmung schw\u00e4cht sich im 4. Quartal 2019 weiter ab"},"content":{"rendered":"<figure id=\"attachment_5903\" aria-describedby=\"caption-attachment-5903\" style=\"width: 680px\" class=\"wp-caption alignnone\"><img loading=\"lazy\" decoding=\"async\" class=\"size-medium wp-image-5903\" src=\"https:\/\/www.organisator.ch\/wp-content\/uploads\/2019\/10\/Exportstimmung-schwaecht-sich-im-4-Quartal-2019-weiter-ab_Organisator.jpg\" alt=\"\" width=\"680\" height=\"448\" srcset=\"https:\/\/www.organisator.ch\/wp-content\/uploads\/2019\/10\/Exportstimmung-schwaecht-sich-im-4-Quartal-2019-weiter-ab_Organisator.jpg 680w, https:\/\/www.organisator.ch\/wp-content\/uploads\/2019\/10\/Exportstimmung-schwaecht-sich-im-4-Quartal-2019-weiter-ab_Organisator-16x12.jpg 16w, https:\/\/www.organisator.ch\/wp-content\/uploads\/2019\/10\/Exportstimmung-schwaecht-sich-im-4-Quartal-2019-weiter-ab_Organisator-266x175.jpg 266w, https:\/\/www.organisator.ch\/wp-content\/uploads\/2019\/10\/Exportstimmung-schwaecht-sich-im-4-Quartal-2019-weiter-ab_Organisator-531x350.jpg 531w, https:\/\/www.organisator.ch\/wp-content\/uploads\/2019\/10\/Exportstimmung-schwaecht-sich-im-4-Quartal-2019-weiter-ab_Organisator-300x198.jpg 300w\" sizes=\"auto, (max-width: 680px) 100vw, 680px\" \/><figcaption id=\"caption-attachment-5903\" class=\"wp-caption-text\">Die Exportstimmung bei den Schweizer KMU tr\u00fcbt sich weiter ein. (Bild: Pixabay.com)<\/figcaption><\/figure>\n<p>Auf das Jahresende hin scheint das Exportwachstum ins Stocken zu geraten. Die Werte f\u00fcr die Exportstimmung von Switzerland Global Enterprise (S-GE) wie auch das Exportbarometer der Credit Suisse sind Anzeichen daf\u00fcr, dass die Ausfuhren von Waren und Dienstleistungen vorl\u00e4ufig nicht weiter zunehmen d\u00fcrften, wobei nicht mit einem R\u00fcckgang der Exporte zu rechnen ist. Gem\u00e4ss der aktuellen Umfrage von S-GE erwarten zwar 47% aller KMU auch f\u00fcr das 4. Quartal 2019 steigende Exporte, allerdings liegen die Werte auf dem tiefsten Stand seit drei Jahren. Praktisch auf null gefallen ist das Credit Suisse Exportbarometer.<\/p>\n<h2>Verschiedene Unsicherheiten tr\u00fcben die Exportstimmung<\/h2>\n<p>Sowohl die Unsicherheiten rund um den Handelsstreit zwischen den USA und China wie auch der Brexit machen den Industrie-Unternehmen zu schaffen, wie es im Exportbarometer heisst. Der zusammengesetzte Einkaufsmanagerindex (verarbeitendes und nicht-verarbeitendes Gewerbe) der Eurozone ist gem\u00e4ss Credit Suisse auf dem tiefsten Stand seit \u00fcber sechs Jahren. Das l\u00e4sst auf eine weiter nachlassende Nachfrage aus der Eurozone \u2013 dem wichtigsten Handelspartner der Schweiz \u2013 schliessen. Gleichzeitig verst\u00e4rken sich die Bef\u00fcrchtungen, dass der R\u00fcckgang in der Industrie auch auf den Dienstleistungssektor und den Arbeitsmarkt in Europa \u00fcbergreifen k\u00f6nnte. Bislang hatten die Indikatoren f\u00fcr den Dienstleistungssektor und den Arbeitsmarkt \u00d6konomen davon abgehalten, von einer bevorstehenden Rezession zu sprechen.<\/p>\n<h2>Vor allem MEM-Industrie betroffen<\/h2>\n<p>Die anhaltenden, globalen Unsicherheiten treffen vor allem die Schweizer MEM-Industrie. Fast in allen wichtigen M\u00e4rkten sind die MEM-Exporte im Vergleich zum Vorjahr r\u00fcckl\u00e4ufig. Nur die Exporte in die USA nahmen im 3. Quartal 2019 leicht zu. Im Gegensatz zu den Trends in Europa verbesserten sich n\u00e4mlich in den USA die Industrie- und Dienstleistungs-PMIs im September wieder. Diese verharrten allerdings auf einem relativ tiefen Niveau nur wenig \u00fcber der Wachstumsschwelle.<\/p>\n<p><em>Quelle: <a href=\"https:\/\/www.s-ge.com\/de\/article\/aktuell\/exportperspektiven?utm_source=emarsys&amp;utm_content=&amp;utm_medium=email&amp;utm_campaign=Medienmitteilung_KMU-Exportperspektiven_Q4_2019_DE20191010+08\">Switzerland Global Enterprise<\/a><\/em><\/p>\n","protected":false},"excerpt":{"rendered":"<p>Auf das Jahresende hin scheint das Exportwachstum ins Stocken zu geraten. Die Werte f\u00fcr die Exportstimmung von Switzerland Global Enterprise (S-GE) wie auch das Exportbarometer der Credit Suisse sind Anzeichen daf\u00fcr, dass die Ausfuhren von Waren und Dienstleistungen vorl\u00e4ufig nicht weiter zunehmen d\u00fcrften, wobei nicht mit einem R\u00fcckgang der Exporte zu rechnen ist. Gem\u00e4ss der [&hellip;]<\/p>\n","protected":false},"author":4,"featured_media":5903,"comment_status":"closed","ping_status":"closed","sticky":false,"template":"","format":"standard","meta":{"_acf_changed":false,"_yoast_wpseo_focuskw":"Exportstimmung","_yoast_wpseo_metadesc":"Die Exportstimmung der Schweizer KMU hat sich im Vergleich zu den Vormonaten wieder verschlechtert. Dies zeigen neueste Erhebungen.","articlekey":"","footnotes":""},"categories":[24],"tags":[63,310,340,531],"class_list":["post-5902","post","type-post","status-publish","format-standard","has-post-thumbnail","hentry","category-finanzen_recht","tag-aussenwirtschaft","tag-konjunktur","tag-maerkte","tag-wirtschaftspolitik"],"acf":[],"yoast_head":"<!-- This site is optimized with the Yoast SEO plugin v27.4 - https:\/\/yoast.com\/product\/yoast-seo-wordpress\/ -->\n<title>Exportstimmung schw\u00e4cht sich im 4. Quartal 2019 weiter ab - Organisator<\/title>\n<meta name=\"description\" content=\"Die Exportstimmung der Schweizer KMU hat sich im Vergleich zu den Vormonaten wieder verschlechtert. Dies zeigen neueste Erhebungen.\" \/>\n<meta name=\"robots\" content=\"index, follow, max-snippet:-1, max-image-preview:large, max-video-preview:-1\" \/>\n<link rel=\"canonical\" href=\"https:\/\/www.organisator.ch\/de\/management\/finanzen_recht\/2019-10-10\/exportstimmung-schwaecht-sich-im-4-quartal-2019-weiter-ab\/\" \/>\n<meta property=\"og:locale\" content=\"de_DE\" \/>\n<meta property=\"og:type\" content=\"article\" \/>\n<meta property=\"og:title\" content=\"Exportstimmung schw\u00e4cht sich im 4. Quartal 2019 weiter ab\" \/>\n<meta property=\"og:description\" content=\"Die Exportstimmung der Schweizer KMU hat sich im Vergleich zu den Vormonaten wieder verschlechtert. Dies zeigen neueste Erhebungen.\" \/>\n<meta property=\"og:url\" content=\"https:\/\/www.organisator.ch\/de\/management\/finanzen_recht\/2019-10-10\/exportstimmung-schwaecht-sich-im-4-quartal-2019-weiter-ab\/\" \/>\n<meta property=\"og:site_name\" content=\"Organisator\" \/>\n<meta property=\"article:publisher\" content=\"https:\/\/www.facebook.com\/OrganisatorFachmagazin\" \/>\n<meta property=\"article:published_time\" content=\"2019-10-10T08:49:09+00:00\" \/>\n<meta property=\"og:image\" content=\"https:\/\/www.organisator.ch\/wp-content\/uploads\/2019\/10\/Exportstimmung-schwaecht-sich-im-4-Quartal-2019-weiter-ab_Organisator.jpg\" \/>\n\t<meta property=\"og:image:width\" content=\"680\" \/>\n\t<meta property=\"og:image:height\" content=\"448\" \/>\n\t<meta property=\"og:image:type\" content=\"image\/jpeg\" \/>\n<meta name=\"author\" content=\"thomas.berner\" \/>\n<meta name=\"twitter:card\" content=\"summary_large_image\" \/>\n<meta name=\"twitter:title\" content=\"#Exportstimmung schw\u00e4cht sich im 4. Quartal 2019 weiter ab\" \/>\n<meta name=\"twitter:description\" content=\"Die #Exportstimmung der Schweizer #KMU hat sich im Vergleich zu den Vormonaten wieder verschlechtert. Dies zeigen neueste Erhebungen.\" \/>\n<meta name=\"twitter:image\" content=\"https:\/\/www.organisator.ch\/wp-content\/uploads\/2019\/10\/Exportstimmung-schwaecht-sich-im-4-Quartal-2019-weiter-ab_Organisator.jpg\" \/>\n<script type=\"application\/ld+json\" class=\"yoast-schema-graph\">{\"@context\":\"https:\\\/\\\/schema.org\",\"@graph\":[{\"@type\":\"Article\",\"@id\":\"https:\\\/\\\/www.organisator.ch\\\/management\\\/finanzen_recht\\\/2019-10-10\\\/exportstimmung-schwaecht-sich-im-4-quartal-2019-weiter-ab\\\/#article\",\"isPartOf\":{\"@id\":\"https:\\\/\\\/www.organisator.ch\\\/management\\\/finanzen_recht\\\/2019-10-10\\\/exportstimmung-schwaecht-sich-im-4-quartal-2019-weiter-ab\\\/\"},\"author\":{\"name\":\"thomas.berner\",\"@id\":\"https:\\\/\\\/www.organisator.ch\\\/#\\\/schema\\\/person\\\/6f650f90b2842cd4c0cc334b4e36f67e\"},\"headline\":\"Exportstimmung schw\u00e4cht sich im 4. Quartal 2019 weiter ab\",\"datePublished\":\"2019-10-10T08:49:09+00:00\",\"mainEntityOfPage\":{\"@id\":\"https:\\\/\\\/www.organisator.ch\\\/management\\\/finanzen_recht\\\/2019-10-10\\\/exportstimmung-schwaecht-sich-im-4-quartal-2019-weiter-ab\\\/\"},\"wordCount\":321,\"publisher\":{\"@id\":\"https:\\\/\\\/www.organisator.ch\\\/#organization\"},\"image\":{\"@id\":\"https:\\\/\\\/www.organisator.ch\\\/management\\\/finanzen_recht\\\/2019-10-10\\\/exportstimmung-schwaecht-sich-im-4-quartal-2019-weiter-ab\\\/#primaryimage\"},\"thumbnailUrl\":\"https:\\\/\\\/www.organisator.ch\\\/wp-content\\\/uploads\\\/2019\\\/10\\\/Exportstimmung-schwaecht-sich-im-4-Quartal-2019-weiter-ab_Organisator.jpg\",\"keywords\":[\"Aussenwirtschaft\",\"Konjunktur\",\"M\u00e4rkte\",\"Wirtschaftspolitik\"],\"articleSection\":[\"FINANZEN\\\/RECHT\"],\"inLanguage\":\"de\"},{\"@type\":\"WebPage\",\"@id\":\"https:\\\/\\\/www.organisator.ch\\\/management\\\/finanzen_recht\\\/2019-10-10\\\/exportstimmung-schwaecht-sich-im-4-quartal-2019-weiter-ab\\\/\",\"url\":\"https:\\\/\\\/www.organisator.ch\\\/management\\\/finanzen_recht\\\/2019-10-10\\\/exportstimmung-schwaecht-sich-im-4-quartal-2019-weiter-ab\\\/\",\"name\":\"Exportstimmung schw\u00e4cht sich im 4. Quartal 2019 weiter ab - Organisator\",\"isPartOf\":{\"@id\":\"https:\\\/\\\/www.organisator.ch\\\/#website\"},\"primaryImageOfPage\":{\"@id\":\"https:\\\/\\\/www.organisator.ch\\\/management\\\/finanzen_recht\\\/2019-10-10\\\/exportstimmung-schwaecht-sich-im-4-quartal-2019-weiter-ab\\\/#primaryimage\"},\"image\":{\"@id\":\"https:\\\/\\\/www.organisator.ch\\\/management\\\/finanzen_recht\\\/2019-10-10\\\/exportstimmung-schwaecht-sich-im-4-quartal-2019-weiter-ab\\\/#primaryimage\"},\"thumbnailUrl\":\"https:\\\/\\\/www.organisator.ch\\\/wp-content\\\/uploads\\\/2019\\\/10\\\/Exportstimmung-schwaecht-sich-im-4-Quartal-2019-weiter-ab_Organisator.jpg\",\"datePublished\":\"2019-10-10T08:49:09+00:00\",\"description\":\"Die Exportstimmung der Schweizer KMU hat sich im Vergleich zu den Vormonaten wieder verschlechtert. Dies zeigen neueste Erhebungen.\",\"breadcrumb\":{\"@id\":\"https:\\\/\\\/www.organisator.ch\\\/management\\\/finanzen_recht\\\/2019-10-10\\\/exportstimmung-schwaecht-sich-im-4-quartal-2019-weiter-ab\\\/#breadcrumb\"},\"inLanguage\":\"de\",\"potentialAction\":[{\"@type\":\"ReadAction\",\"target\":[\"https:\\\/\\\/www.organisator.ch\\\/management\\\/finanzen_recht\\\/2019-10-10\\\/exportstimmung-schwaecht-sich-im-4-quartal-2019-weiter-ab\\\/\"]}]},{\"@type\":\"ImageObject\",\"inLanguage\":\"de\",\"@id\":\"https:\\\/\\\/www.organisator.ch\\\/management\\\/finanzen_recht\\\/2019-10-10\\\/exportstimmung-schwaecht-sich-im-4-quartal-2019-weiter-ab\\\/#primaryimage\",\"url\":\"https:\\\/\\\/www.organisator.ch\\\/wp-content\\\/uploads\\\/2019\\\/10\\\/Exportstimmung-schwaecht-sich-im-4-Quartal-2019-weiter-ab_Organisator.jpg\",\"contentUrl\":\"https:\\\/\\\/www.organisator.ch\\\/wp-content\\\/uploads\\\/2019\\\/10\\\/Exportstimmung-schwaecht-sich-im-4-Quartal-2019-weiter-ab_Organisator.jpg\",\"width\":680,\"height\":448,\"caption\":\"Die Exportstimmung bei den Schweizer KMU tr\u00fcbt sich weiter ein. (Bild: Pixabay.com)\"},{\"@type\":\"BreadcrumbList\",\"@id\":\"https:\\\/\\\/www.organisator.ch\\\/management\\\/finanzen_recht\\\/2019-10-10\\\/exportstimmung-schwaecht-sich-im-4-quartal-2019-weiter-ab\\\/#breadcrumb\",\"itemListElement\":[{\"@type\":\"ListItem\",\"position\":1,\"name\":\"Home\",\"item\":\"https:\\\/\\\/www.organisator.ch\\\/\"},{\"@type\":\"ListItem\",\"position\":2,\"name\":\"Exportstimmung schw\u00e4cht sich im 4. Quartal 2019 weiter ab\"}]},{\"@type\":\"WebSite\",\"@id\":\"https:\\\/\\\/www.organisator.ch\\\/#website\",\"url\":\"https:\\\/\\\/www.organisator.ch\\\/\",\"name\":\"Organisator\",\"description\":\"Kompetent. Praxisnah. Der ORGANISATOR bereitet in 10 Ausgaben pro Jahr die wesentlichen Themen f\u00fcr F\u00fchrungskr\u00e4fte von KMU auf.\",\"publisher\":{\"@id\":\"https:\\\/\\\/www.organisator.ch\\\/#organization\"},\"potentialAction\":[{\"@type\":\"SearchAction\",\"target\":{\"@type\":\"EntryPoint\",\"urlTemplate\":\"https:\\\/\\\/www.organisator.ch\\\/?s={search_term_string}\"},\"query-input\":{\"@type\":\"PropertyValueSpecification\",\"valueRequired\":true,\"valueName\":\"search_term_string\"}}],\"inLanguage\":\"de\"},{\"@type\":\"Organization\",\"@id\":\"https:\\\/\\\/www.organisator.ch\\\/#organization\",\"name\":\"Organisator\",\"url\":\"https:\\\/\\\/www.organisator.ch\\\/\",\"logo\":{\"@type\":\"ImageObject\",\"inLanguage\":\"de\",\"@id\":\"https:\\\/\\\/www.organisator.ch\\\/#\\\/schema\\\/logo\\\/image\\\/\",\"url\":\"https:\\\/\\\/www.organisator.ch\\\/wp-content\\\/uploads\\\/2022\\\/01\\\/Logo_Organisator_Website.png\",\"contentUrl\":\"https:\\\/\\\/www.organisator.ch\\\/wp-content\\\/uploads\\\/2022\\\/01\\\/Logo_Organisator_Website.png\",\"width\":800,\"height\":77,\"caption\":\"Organisator\"},\"image\":{\"@id\":\"https:\\\/\\\/www.organisator.ch\\\/#\\\/schema\\\/logo\\\/image\\\/\"},\"sameAs\":[\"https:\\\/\\\/www.facebook.com\\\/OrganisatorFachmagazin\",\"https:\\\/\\\/www.linkedin.com\\\/showcase\\\/organisator-das-magazin-fr-kmu\",\"https:\\\/\\\/www.xing.com\\\/news\\\/pages\\\/organisator-ch-695\",\"https:\\\/\\\/www.youtube.com\\\/channel\\\/UCGP2Sq0iWaZwT3BdIAQFYpw\"]},{\"@type\":\"Person\",\"@id\":\"https:\\\/\\\/www.organisator.ch\\\/#\\\/schema\\\/person\\\/6f650f90b2842cd4c0cc334b4e36f67e\",\"name\":\"thomas.berner\",\"image\":{\"@type\":\"ImageObject\",\"inLanguage\":\"de\",\"@id\":\"https:\\\/\\\/secure.gravatar.com\\\/avatar\\\/ac5001d2a36cb6c6cd3e50789007ffca834b477b74a2144564522e944eabff61?s=96&d=mm&r=g\",\"url\":\"https:\\\/\\\/secure.gravatar.com\\\/avatar\\\/ac5001d2a36cb6c6cd3e50789007ffca834b477b74a2144564522e944eabff61?s=96&d=mm&r=g\",\"contentUrl\":\"https:\\\/\\\/secure.gravatar.com\\\/avatar\\\/ac5001d2a36cb6c6cd3e50789007ffca834b477b74a2144564522e944eabff61?s=96&d=mm&r=g\",\"caption\":\"thomas.berner\"},\"url\":\"https:\\\/\\\/www.organisator.ch\\\/de\\\/author\\\/thomas-berner\\\/\"}]}<\/script>\n<!-- \/ Yoast SEO plugin. -->","yoast_head_json":{"title":"Exportstimmung schw\u00e4cht sich im 4. Quartal 2019 weiter ab - Organisator","description":"Die Exportstimmung der Schweizer KMU hat sich im Vergleich zu den Vormonaten wieder verschlechtert. Dies zeigen neueste Erhebungen.","robots":{"index":"index","follow":"follow","max-snippet":"max-snippet:-1","max-image-preview":"max-image-preview:large","max-video-preview":"max-video-preview:-1"},"canonical":"https:\/\/www.organisator.ch\/de\/management\/finanzen_recht\/2019-10-10\/exportstimmung-schwaecht-sich-im-4-quartal-2019-weiter-ab\/","og_locale":"de_DE","og_type":"article","og_title":"Exportstimmung schw\u00e4cht sich im 4. Quartal 2019 weiter ab","og_description":"Die Exportstimmung der Schweizer KMU hat sich im Vergleich zu den Vormonaten wieder verschlechtert. Dies zeigen neueste Erhebungen.","og_url":"https:\/\/www.organisator.ch\/de\/management\/finanzen_recht\/2019-10-10\/exportstimmung-schwaecht-sich-im-4-quartal-2019-weiter-ab\/","og_site_name":"Organisator","article_publisher":"https:\/\/www.facebook.com\/OrganisatorFachmagazin","article_published_time":"2019-10-10T08:49:09+00:00","og_image":[{"width":680,"height":448,"url":"https:\/\/www.organisator.ch\/wp-content\/uploads\/2019\/10\/Exportstimmung-schwaecht-sich-im-4-Quartal-2019-weiter-ab_Organisator.jpg","type":"image\/jpeg"}],"author":"thomas.berner","twitter_card":"summary_large_image","twitter_title":"#Exportstimmung schw\u00e4cht sich im 4. Quartal 2019 weiter ab","twitter_description":"Die #Exportstimmung der Schweizer #KMU hat sich im Vergleich zu den Vormonaten wieder verschlechtert. Dies zeigen neueste Erhebungen.","twitter_image":"https:\/\/www.organisator.ch\/wp-content\/uploads\/2019\/10\/Exportstimmung-schwaecht-sich-im-4-Quartal-2019-weiter-ab_Organisator.jpg","schema":{"@context":"https:\/\/schema.org","@graph":[{"@type":"Article","@id":"https:\/\/www.organisator.ch\/management\/finanzen_recht\/2019-10-10\/exportstimmung-schwaecht-sich-im-4-quartal-2019-weiter-ab\/#article","isPartOf":{"@id":"https:\/\/www.organisator.ch\/management\/finanzen_recht\/2019-10-10\/exportstimmung-schwaecht-sich-im-4-quartal-2019-weiter-ab\/"},"author":{"name":"thomas.berner","@id":"https:\/\/www.organisator.ch\/#\/schema\/person\/6f650f90b2842cd4c0cc334b4e36f67e"},"headline":"Exportstimmung schw\u00e4cht sich im 4. Quartal 2019 weiter ab","datePublished":"2019-10-10T08:49:09+00:00","mainEntityOfPage":{"@id":"https:\/\/www.organisator.ch\/management\/finanzen_recht\/2019-10-10\/exportstimmung-schwaecht-sich-im-4-quartal-2019-weiter-ab\/"},"wordCount":321,"publisher":{"@id":"https:\/\/www.organisator.ch\/#organization"},"image":{"@id":"https:\/\/www.organisator.ch\/management\/finanzen_recht\/2019-10-10\/exportstimmung-schwaecht-sich-im-4-quartal-2019-weiter-ab\/#primaryimage"},"thumbnailUrl":"https:\/\/www.organisator.ch\/wp-content\/uploads\/2019\/10\/Exportstimmung-schwaecht-sich-im-4-Quartal-2019-weiter-ab_Organisator.jpg","keywords":["Aussenwirtschaft","Konjunktur","M\u00e4rkte","Wirtschaftspolitik"],"articleSection":["FINANZEN\/RECHT"],"inLanguage":"de"},{"@type":"WebPage","@id":"https:\/\/www.organisator.ch\/management\/finanzen_recht\/2019-10-10\/exportstimmung-schwaecht-sich-im-4-quartal-2019-weiter-ab\/","url":"https:\/\/www.organisator.ch\/management\/finanzen_recht\/2019-10-10\/exportstimmung-schwaecht-sich-im-4-quartal-2019-weiter-ab\/","name":"Exportstimmung schw\u00e4cht sich im 4. Quartal 2019 weiter ab - Organisator","isPartOf":{"@id":"https:\/\/www.organisator.ch\/#website"},"primaryImageOfPage":{"@id":"https:\/\/www.organisator.ch\/management\/finanzen_recht\/2019-10-10\/exportstimmung-schwaecht-sich-im-4-quartal-2019-weiter-ab\/#primaryimage"},"image":{"@id":"https:\/\/www.organisator.ch\/management\/finanzen_recht\/2019-10-10\/exportstimmung-schwaecht-sich-im-4-quartal-2019-weiter-ab\/#primaryimage"},"thumbnailUrl":"https:\/\/www.organisator.ch\/wp-content\/uploads\/2019\/10\/Exportstimmung-schwaecht-sich-im-4-Quartal-2019-weiter-ab_Organisator.jpg","datePublished":"2019-10-10T08:49:09+00:00","description":"Die Exportstimmung der Schweizer KMU hat sich im Vergleich zu den Vormonaten wieder verschlechtert. Dies zeigen neueste Erhebungen.","breadcrumb":{"@id":"https:\/\/www.organisator.ch\/management\/finanzen_recht\/2019-10-10\/exportstimmung-schwaecht-sich-im-4-quartal-2019-weiter-ab\/#breadcrumb"},"inLanguage":"de","potentialAction":[{"@type":"ReadAction","target":["https:\/\/www.organisator.ch\/management\/finanzen_recht\/2019-10-10\/exportstimmung-schwaecht-sich-im-4-quartal-2019-weiter-ab\/"]}]},{"@type":"ImageObject","inLanguage":"de","@id":"https:\/\/www.organisator.ch\/management\/finanzen_recht\/2019-10-10\/exportstimmung-schwaecht-sich-im-4-quartal-2019-weiter-ab\/#primaryimage","url":"https:\/\/www.organisator.ch\/wp-content\/uploads\/2019\/10\/Exportstimmung-schwaecht-sich-im-4-Quartal-2019-weiter-ab_Organisator.jpg","contentUrl":"https:\/\/www.organisator.ch\/wp-content\/uploads\/2019\/10\/Exportstimmung-schwaecht-sich-im-4-Quartal-2019-weiter-ab_Organisator.jpg","width":680,"height":448,"caption":"Die Exportstimmung bei den Schweizer KMU tr\u00fcbt sich weiter ein. (Bild: Pixabay.com)"},{"@type":"BreadcrumbList","@id":"https:\/\/www.organisator.ch\/management\/finanzen_recht\/2019-10-10\/exportstimmung-schwaecht-sich-im-4-quartal-2019-weiter-ab\/#breadcrumb","itemListElement":[{"@type":"ListItem","position":1,"name":"Home","item":"https:\/\/www.organisator.ch\/"},{"@type":"ListItem","position":2,"name":"Exportstimmung schw\u00e4cht sich im 4. Quartal 2019 weiter ab"}]},{"@type":"WebSite","@id":"https:\/\/www.organisator.ch\/#website","url":"https:\/\/www.organisator.ch\/","name":"Organisator","description":"Kompetent. Praxisnah. Der ORGANISATOR bereitet in 10 Ausgaben pro Jahr die wesentlichen Themen f\u00fcr F\u00fchrungskr\u00e4fte von KMU auf.","publisher":{"@id":"https:\/\/www.organisator.ch\/#organization"},"potentialAction":[{"@type":"SearchAction","target":{"@type":"EntryPoint","urlTemplate":"https:\/\/www.organisator.ch\/?s={search_term_string}"},"query-input":{"@type":"PropertyValueSpecification","valueRequired":true,"valueName":"search_term_string"}}],"inLanguage":"de"},{"@type":"Organization","@id":"https:\/\/www.organisator.ch\/#organization","name":"Organisator","url":"https:\/\/www.organisator.ch\/","logo":{"@type":"ImageObject","inLanguage":"de","@id":"https:\/\/www.organisator.ch\/#\/schema\/logo\/image\/","url":"https:\/\/www.organisator.ch\/wp-content\/uploads\/2022\/01\/Logo_Organisator_Website.png","contentUrl":"https:\/\/www.organisator.ch\/wp-content\/uploads\/2022\/01\/Logo_Organisator_Website.png","width":800,"height":77,"caption":"Organisator"},"image":{"@id":"https:\/\/www.organisator.ch\/#\/schema\/logo\/image\/"},"sameAs":["https:\/\/www.facebook.com\/OrganisatorFachmagazin","https:\/\/www.linkedin.com\/showcase\/organisator-das-magazin-fr-kmu","https:\/\/www.xing.com\/news\/pages\/organisator-ch-695","https:\/\/www.youtube.com\/channel\/UCGP2Sq0iWaZwT3BdIAQFYpw"]},{"@type":"Person","@id":"https:\/\/www.organisator.ch\/#\/schema\/person\/6f650f90b2842cd4c0cc334b4e36f67e","name":"thomas.berner","image":{"@type":"ImageObject","inLanguage":"de","@id":"https:\/\/secure.gravatar.com\/avatar\/ac5001d2a36cb6c6cd3e50789007ffca834b477b74a2144564522e944eabff61?s=96&d=mm&r=g","url":"https:\/\/secure.gravatar.com\/avatar\/ac5001d2a36cb6c6cd3e50789007ffca834b477b74a2144564522e944eabff61?s=96&d=mm&r=g","contentUrl":"https:\/\/secure.gravatar.com\/avatar\/ac5001d2a36cb6c6cd3e50789007ffca834b477b74a2144564522e944eabff61?s=96&d=mm&r=g","caption":"thomas.berner"},"url":"https:\/\/www.organisator.ch\/de\/author\/thomas-berner\/"}]}},"_links":{"self":[{"href":"https:\/\/www.organisator.ch\/de\/wp-json\/wp\/v2\/posts\/5902","targetHints":{"allow":["GET"]}}],"collection":[{"href":"https:\/\/www.organisator.ch\/de\/wp-json\/wp\/v2\/posts"}],"about":[{"href":"https:\/\/www.organisator.ch\/de\/wp-json\/wp\/v2\/types\/post"}],"author":[{"embeddable":true,"href":"https:\/\/www.organisator.ch\/de\/wp-json\/wp\/v2\/users\/4"}],"replies":[{"embeddable":true,"href":"https:\/\/www.organisator.ch\/de\/wp-json\/wp\/v2\/comments?post=5902"}],"version-history":[{"count":0,"href":"https:\/\/www.organisator.ch\/de\/wp-json\/wp\/v2\/posts\/5902\/revisions"}],"wp:featuredmedia":[{"embeddable":true,"href":"https:\/\/www.organisator.ch\/de\/wp-json\/wp\/v2\/media\/5903"}],"wp:attachment":[{"href":"https:\/\/www.organisator.ch\/de\/wp-json\/wp\/v2\/media?parent=5902"}],"wp:term":[{"taxonomy":"category","embeddable":true,"href":"https:\/\/www.organisator.ch\/de\/wp-json\/wp\/v2\/categories?post=5902"},{"taxonomy":"post_tag","embeddable":true,"href":"https:\/\/www.organisator.ch\/de\/wp-json\/wp\/v2\/tags?post=5902"}],"curies":[{"name":"wp","href":"https:\/\/api.w.org\/{rel}","templated":true}]}}